{"id":9243,"date":"2025-01-27T12:29:45","date_gmt":"2025-01-27T17:29:45","guid":{"rendered":"https:\/\/foreverfutbol.com.ec\/radio\/?p=9243"},"modified":"2025-01-27T12:29:46","modified_gmt":"2025-01-27T17:29:46","slug":"daniel-noboa-lidera-la-intencion-de-votos-con-un-471-en-voto-valido-segun-encuestadora","status":"publish","type":"post","link":"https:\/\/foreverfutbol.com.ec\/radio\/politica\/daniel-noboa-lidera-la-intencion-de-votos-con-un-471-en-voto-valido-segun-encuestadora\/","title":{"rendered":"Daniel Noboa lidera la intenci\u00f3n de votos con un 47,1% en voto v\u00e1lido, seg\u00fan encuestadora"},"content":{"rendered":"\n<p class=\"wp-block-paragraph\">Este lunes, 27 de enero de 2025,  la encuestadora Comunicaliza hizo p\u00fablicos sus datos al cierre de hoy. Seg\u00fan las cifras, Noboa tendr\u00eda el 47,1% de votos v\u00e1lidos, seguido de la corre\u00edsta Luisa Gonz\u00e1lez con el 39,5% y Andrea Gonz\u00e1lez despunta al tercer puesto con el 5,3%.<\/p>\n\n\n\n<p class=\"wp-block-paragraph\">El C\u00f3digo de la Democracia, en su art\u00edculo 161, define que un binomio puede ganar en una sola vuelta cuando obtiene al menos la mayor\u00eda absoluta de votos v\u00e1lidos emitidos o si consigue al menos el 40% de los votos y una diferencia mayor a diez puntos porcentuales con el segundo lugar.<\/p>\n\n\n\n<p class=\"wp-block-paragraph\">Comunicaliza tambi\u00e9n destaca una ligera ca\u00edda de Luisa Gonz\u00e1lez de 1,4% mientras ADN sube un 0,3%. El 80% de encuestados prefieren una sola vuelta electoral mientras un 12% prefiere dos. La raz\u00f3n principal es el ahorro de recursos seg\u00fan los encuestados.<\/p>\n\n\n\n<p class=\"wp-block-paragraph\">As\u00ed mismo la encuesta revela que Noboa tiene el 52,2% de aprobaci\u00f3n en su gesti\u00f3n.<\/p>\n\n\n\n<p class=\"wp-block-paragraph\">#DanielNoboa #encuestas #comunicaliza #ADN #Ecuador <\/p>\n","protected":false},"excerpt":{"rendered":"<p>Este lunes, 27 de enero de 2025, la encuestadora Comunicaliza hizo p\u00fablicos sus datos al cierre de hoy. Seg\u00fan las cifras, Noboa tendr\u00eda el 47,1% de votos v\u00e1lidos, seguido de la corre\u00edsta Luisa Gonz\u00e1lez con el 39,5% y Andrea Gonz\u00e1lez despunta al tercer puesto con el 5,3%. El C\u00f3digo de la Democracia, en su art\u00edculo [&hellip;]<\/p>\n","protected":false},"author":1,"featured_media":9248,"comment_status":"open","ping_status":"open","sticky":false,"template":"","format":"standard","meta":{"footnotes":""},"categories":[52],"tags":[],"class_list":["post-9243","post","type-post","status-publish","format-standard","has-post-thumbnail","hentry","category-politica"],"yoast_head":"<!-- This site is optimized with the Yoast SEO plugin v28.3 - https:\/\/yoast.com\/product\/yoast-seo-wordpress\/ -->\n<title>Noboa lidera la intenci\u00f3n de votos con un 47,1% en voto v\u00e1lido<\/title>\n<meta name=\"description\" content=\"Seg\u00fan las cifras, Noboa tendr\u00eda el 47,1% de votos v\u00e1lidos, seguido de la corre\u00edsta Luisa Gonz\u00e1lez con el 39,5%...\" \/>\n<meta name=\"robots\" content=\"index, follow, max-snippet:-1, max-image-preview:large, max-video-preview:-1\" \/>\n<link rel=\"canonical\" href=\"https:\/\/foreverfutbol.com.ec\/radio\/politica\/daniel-noboa-lidera-la-intencion-de-votos-con-un-471-en-voto-valido-segun-encuestadora\/\" \/>\n<meta property=\"og:locale\" content=\"es_ES\" \/>\n<meta property=\"og:type\" content=\"article\" \/>\n<meta property=\"og:title\" content=\"Noboa lidera la intenci\u00f3n de votos con un 47,1% en voto v\u00e1lido\" \/>\n<meta property=\"og:description\" content=\"Seg\u00fan las cifras, Noboa tendr\u00eda el 47,1% de votos v\u00e1lidos, seguido de la corre\u00edsta Luisa Gonz\u00e1lez con el 39,5%...\" \/>\n<meta property=\"og:url\" content=\"https:\/\/foreverfutbol.com.ec\/radio\/politica\/daniel-noboa-lidera-la-intencion-de-votos-con-un-471-en-voto-valido-segun-encuestadora\/\" \/>\n<meta property=\"og:site_name\" content=\"92.5 FOREVER Radio\" \/>\n<meta property=\"article:publisher\" content=\"https:\/\/www.facebook.com\/profile.php?id=100063550693491\" \/>\n<meta property=\"article:published_time\" content=\"2025-01-27T17:29:45+00:00\" \/>\n<meta property=\"article:modified_time\" content=\"2025-01-27T17:29:46+00:00\" \/>\n<meta property=\"og:image\" content=\"https:\/\/foreverfutbol.com.ec\/radio\/wp-content\/uploads\/2025\/01\/DanielNoboa-encuestas-comunicaliza-ADN-Ecuador-radioforever-.png\" \/>\n\t<meta property=\"og:image:width\" content=\"1280\" \/>\n\t<meta property=\"og:image:height\" content=\"865\" \/>\n\t<meta property=\"og:image:type\" content=\"image\/png\" \/>\n<meta name=\"author\" content=\"Ricardo Rodriguez\" \/>\n<meta name=\"twitter:card\" content=\"summary_large_image\" \/>\n<meta name=\"twitter:creator\" content=\"@925forever\" \/>\n<meta name=\"twitter:site\" content=\"@925forever\" \/>\n<meta name=\"twitter:label1\" content=\"Escrito por\" \/>\n\t<meta name=\"twitter:data1\" content=\"Ricardo Rodriguez\" \/>\n\t<meta name=\"twitter:label2\" content=\"Tiempo de lectura\" \/>\n\t<meta name=\"twitter:data2\" content=\"1 minuto\" \/>\n<script type=\"application\/ld+json\" class=\"yoast-schema-graph\">{\"@context\":\"https:\\\/\\\/schema.org\",\"@graph\":[{\"@type\":\"Article\",\"@id\":\"https:\\\/\\\/foreverfutbol.com.ec\\\/radio\\\/politica\\\/daniel-noboa-lidera-la-intencion-de-votos-con-un-471-en-voto-valido-segun-encuestadora\\\/#article\",\"isPartOf\":{\"@id\":\"https:\\\/\\\/foreverfutbol.com.ec\\\/radio\\\/politica\\\/daniel-noboa-lidera-la-intencion-de-votos-con-un-471-en-voto-valido-segun-encuestadora\\\/\"},\"author\":{\"name\":\"Ricardo Rodriguez\",\"@id\":\"https:\\\/\\\/foreverfutbol.com.ec\\\/radio\\\/#\\\/schema\\\/person\\\/2f679dd16f889ac00df6e7b648062a01\"},\"headline\":\"Daniel Noboa lidera la intenci\u00f3n de votos con un 47,1% en voto v\u00e1lido, seg\u00fan encuestadora\",\"datePublished\":\"2025-01-27T17:29:45+00:00\",\"dateModified\":\"2025-01-27T17:29:46+00:00\",\"mainEntityOfPage\":{\"@id\":\"https:\\\/\\\/foreverfutbol.com.ec\\\/radio\\\/politica\\\/daniel-noboa-lidera-la-intencion-de-votos-con-un-471-en-voto-valido-segun-encuestadora\\\/\"},\"wordCount\":183,\"commentCount\":0,\"publisher\":{\"@id\":\"https:\\\/\\\/foreverfutbol.com.ec\\\/radio\\\/#organization\"},\"image\":{\"@id\":\"https:\\\/\\\/foreverfutbol.com.ec\\\/radio\\\/politica\\\/daniel-noboa-lidera-la-intencion-de-votos-con-un-471-en-voto-valido-segun-encuestadora\\\/#primaryimage\"},\"thumbnailUrl\":\"https:\\\/\\\/foreverfutbol.com.ec\\\/radio\\\/wp-content\\\/uploads\\\/2025\\\/01\\\/DanielNoboa-encuestas-comunicaliza-ADN-Ecuador-radioforever-.png\",\"articleSection\":[\"Pol\u00edtica\"],\"inLanguage\":\"es\",\"potentialAction\":[{\"@type\":\"CommentAction\",\"name\":\"Comment\",\"target\":[\"https:\\\/\\\/foreverfutbol.com.ec\\\/radio\\\/politica\\\/daniel-noboa-lidera-la-intencion-de-votos-con-un-471-en-voto-valido-segun-encuestadora\\\/#respond\"]}]},{\"@type\":\"WebPage\",\"@id\":\"https:\\\/\\\/foreverfutbol.com.ec\\\/radio\\\/politica\\\/daniel-noboa-lidera-la-intencion-de-votos-con-un-471-en-voto-valido-segun-encuestadora\\\/\",\"url\":\"https:\\\/\\\/foreverfutbol.com.ec\\\/radio\\\/politica\\\/daniel-noboa-lidera-la-intencion-de-votos-con-un-471-en-voto-valido-segun-encuestadora\\\/\",\"name\":\"Noboa lidera la intenci\u00f3n de votos con un 47,1% en voto v\u00e1lido\",\"isPartOf\":{\"@id\":\"https:\\\/\\\/foreverfutbol.com.ec\\\/radio\\\/#website\"},\"primaryImageOfPage\":{\"@id\":\"https:\\\/\\\/foreverfutbol.com.ec\\\/radio\\\/politica\\\/daniel-noboa-lidera-la-intencion-de-votos-con-un-471-en-voto-valido-segun-encuestadora\\\/#primaryimage\"},\"image\":{\"@id\":\"https:\\\/\\\/foreverfutbol.com.ec\\\/radio\\\/politica\\\/daniel-noboa-lidera-la-intencion-de-votos-con-un-471-en-voto-valido-segun-encuestadora\\\/#primaryimage\"},\"thumbnailUrl\":\"https:\\\/\\\/foreverfutbol.com.ec\\\/radio\\\/wp-content\\\/uploads\\\/2025\\\/01\\\/DanielNoboa-encuestas-comunicaliza-ADN-Ecuador-radioforever-.png\",\"datePublished\":\"2025-01-27T17:29:45+00:00\",\"dateModified\":\"2025-01-27T17:29:46+00:00\",\"description\":\"Seg\u00fan las cifras, Noboa tendr\u00eda el 47,1% de votos v\u00e1lidos, seguido de la corre\u00edsta Luisa Gonz\u00e1lez con el 39,5%...\",\"breadcrumb\":{\"@id\":\"https:\\\/\\\/foreverfutbol.com.ec\\\/radio\\\/politica\\\/daniel-noboa-lidera-la-intencion-de-votos-con-un-471-en-voto-valido-segun-encuestadora\\\/#breadcrumb\"},\"inLanguage\":\"es\",\"potentialAction\":[{\"@type\":\"ReadAction\",\"target\":[\"https:\\\/\\\/foreverfutbol.com.ec\\\/radio\\\/politica\\\/daniel-noboa-lidera-la-intencion-de-votos-con-un-471-en-voto-valido-segun-encuestadora\\\/\"]}]},{\"@type\":\"ImageObject\",\"inLanguage\":\"es\",\"@id\":\"https:\\\/\\\/foreverfutbol.com.ec\\\/radio\\\/politica\\\/daniel-noboa-lidera-la-intencion-de-votos-con-un-471-en-voto-valido-segun-encuestadora\\\/#primaryimage\",\"url\":\"https:\\\/\\\/foreverfutbol.com.ec\\\/radio\\\/wp-content\\\/uploads\\\/2025\\\/01\\\/DanielNoboa-encuestas-comunicaliza-ADN-Ecuador-radioforever-.png\",\"contentUrl\":\"https:\\\/\\\/foreverfutbol.com.ec\\\/radio\\\/wp-content\\\/uploads\\\/2025\\\/01\\\/DanielNoboa-encuestas-comunicaliza-ADN-Ecuador-radioforever-.png\",\"width\":1280,\"height\":865},{\"@type\":\"BreadcrumbList\",\"@id\":\"https:\\\/\\\/foreverfutbol.com.ec\\\/radio\\\/politica\\\/daniel-noboa-lidera-la-intencion-de-votos-con-un-471-en-voto-valido-segun-encuestadora\\\/#breadcrumb\",\"itemListElement\":[{\"@type\":\"ListItem\",\"position\":1,\"name\":\"Portada\",\"item\":\"https:\\\/\\\/foreverfutbol.com.ec\\\/radio\\\/\"},{\"@type\":\"ListItem\",\"position\":2,\"name\":\"Daniel Noboa lidera la intenci\u00f3n de votos con un 47,1% en voto v\u00e1lido, seg\u00fan encuestadora\"}]},{\"@type\":\"WebSite\",\"@id\":\"https:\\\/\\\/foreverfutbol.com.ec\\\/radio\\\/#website\",\"url\":\"https:\\\/\\\/foreverfutbol.com.ec\\\/radio\\\/\",\"name\":\"92.5 FOREVER Radio\",\"description\":\"\",\"publisher\":{\"@id\":\"https:\\\/\\\/foreverfutbol.com.ec\\\/radio\\\/#organization\"},\"potentialAction\":[{\"@type\":\"SearchAction\",\"target\":{\"@type\":\"EntryPoint\",\"urlTemplate\":\"https:\\\/\\\/foreverfutbol.com.ec\\\/radio\\\/?s={search_term_string}\"},\"query-input\":{\"@type\":\"PropertyValueSpecification\",\"valueRequired\":true,\"valueName\":\"search_term_string\"}}],\"inLanguage\":\"es\"},{\"@type\":\"Organization\",\"@id\":\"https:\\\/\\\/foreverfutbol.com.ec\\\/radio\\\/#organization\",\"name\":\"92.5 FOREVER Radio\",\"url\":\"https:\\\/\\\/foreverfutbol.com.ec\\\/radio\\\/\",\"logo\":{\"@type\":\"ImageObject\",\"inLanguage\":\"es\",\"@id\":\"https:\\\/\\\/foreverfutbol.com.ec\\\/radio\\\/#\\\/schema\\\/logo\\\/image\\\/\",\"url\":\"https:\\\/\\\/foreverfutbol.com.ec\\\/radio\\\/wp-content\\\/uploads\\\/2024\\\/01\\\/cropped-logo-forever.png\",\"contentUrl\":\"https:\\\/\\\/foreverfutbol.com.ec\\\/radio\\\/wp-content\\\/uploads\\\/2024\\\/01\\\/cropped-logo-forever.png\",\"width\":180,\"height\":154,\"caption\":\"92.5 FOREVER Radio\"},\"image\":{\"@id\":\"https:\\\/\\\/foreverfutbol.com.ec\\\/radio\\\/#\\\/schema\\\/logo\\\/image\\\/\"},\"sameAs\":[\"https:\\\/\\\/www.facebook.com\\\/profile.php?id=100063550693491\",\"https:\\\/\\\/x.com\\\/925forever\",\"https:\\\/\\\/www.instagram.com\\\/radioforever925\\\/\"]},{\"@type\":\"Person\",\"@id\":\"https:\\\/\\\/foreverfutbol.com.ec\\\/radio\\\/#\\\/schema\\\/person\\\/2f679dd16f889ac00df6e7b648062a01\",\"name\":\"Ricardo Rodriguez\",\"image\":{\"@type\":\"ImageObject\",\"inLanguage\":\"es\",\"@id\":\"https:\\\/\\\/secure.gravatar.com\\\/avatar\\\/5d9dfb95700bd0c503ed088d29de94822b5cc66a74cb0362774e6fc534823d07?s=96&d=mm&r=g\",\"url\":\"https:\\\/\\\/secure.gravatar.com\\\/avatar\\\/5d9dfb95700bd0c503ed088d29de94822b5cc66a74cb0362774e6fc534823d07?s=96&d=mm&r=g\",\"contentUrl\":\"https:\\\/\\\/secure.gravatar.com\\\/avatar\\\/5d9dfb95700bd0c503ed088d29de94822b5cc66a74cb0362774e6fc534823d07?s=96&d=mm&r=g\",\"caption\":\"Ricardo Rodriguez\"},\"sameAs\":[\"https:\\\/\\\/foreverfutbol.com.ec\\\/radio\"],\"url\":\"https:\\\/\\\/foreverfutbol.com.ec\\\/radio\\\/author\\\/superdmin\\\/\"}]}<\/script>\n<!-- \/ Yoast SEO plugin. -->","yoast_head_json":{"title":"Noboa lidera la intenci\u00f3n de votos con un 47,1% en voto v\u00e1lido","description":"Seg\u00fan las cifras, Noboa tendr\u00eda el 47,1% de votos v\u00e1lidos, seguido de la corre\u00edsta Luisa Gonz\u00e1lez con el 39,5%...","robots":{"index":"index","follow":"follow","max-snippet":"max-snippet:-1","max-image-preview":"max-image-preview:large","max-video-preview":"max-video-preview:-1"},"canonical":"https:\/\/foreverfutbol.com.ec\/radio\/politica\/daniel-noboa-lidera-la-intencion-de-votos-con-un-471-en-voto-valido-segun-encuestadora\/","og_locale":"es_ES","og_type":"article","og_title":"Noboa lidera la intenci\u00f3n de votos con un 47,1% en voto v\u00e1lido","og_description":"Seg\u00fan las cifras, Noboa tendr\u00eda el 47,1% de votos v\u00e1lidos, seguido de la corre\u00edsta Luisa Gonz\u00e1lez con el 39,5%...","og_url":"https:\/\/foreverfutbol.com.ec\/radio\/politica\/daniel-noboa-lidera-la-intencion-de-votos-con-un-471-en-voto-valido-segun-encuestadora\/","og_site_name":"92.5 FOREVER Radio","article_publisher":"https:\/\/www.facebook.com\/profile.php?id=100063550693491","article_published_time":"2025-01-27T17:29:45+00:00","article_modified_time":"2025-01-27T17:29:46+00:00","og_image":[{"width":1280,"height":865,"url":"https:\/\/foreverfutbol.com.ec\/radio\/wp-content\/uploads\/2025\/01\/DanielNoboa-encuestas-comunicaliza-ADN-Ecuador-radioforever-.png","type":"image\/png"}],"author":"Ricardo Rodriguez","twitter_card":"summary_large_image","twitter_creator":"@925forever","twitter_site":"@925forever","twitter_misc":{"Escrito por":"Ricardo Rodriguez","Tiempo de lectura":"1 minuto"},"schema":{"@context":"https:\/\/schema.org","@graph":[{"@type":"Article","@id":"https:\/\/foreverfutbol.com.ec\/radio\/politica\/daniel-noboa-lidera-la-intencion-de-votos-con-un-471-en-voto-valido-segun-encuestadora\/#article","isPartOf":{"@id":"https:\/\/foreverfutbol.com.ec\/radio\/politica\/daniel-noboa-lidera-la-intencion-de-votos-con-un-471-en-voto-valido-segun-encuestadora\/"},"author":{"name":"Ricardo Rodriguez","@id":"https:\/\/foreverfutbol.com.ec\/radio\/#\/schema\/person\/2f679dd16f889ac00df6e7b648062a01"},"headline":"Daniel Noboa lidera la intenci\u00f3n de votos con un 47,1% en voto v\u00e1lido, seg\u00fan encuestadora","datePublished":"2025-01-27T17:29:45+00:00","dateModified":"2025-01-27T17:29:46+00:00","mainEntityOfPage":{"@id":"https:\/\/foreverfutbol.com.ec\/radio\/politica\/daniel-noboa-lidera-la-intencion-de-votos-con-un-471-en-voto-valido-segun-encuestadora\/"},"wordCount":183,"commentCount":0,"publisher":{"@id":"https:\/\/foreverfutbol.com.ec\/radio\/#organization"},"image":{"@id":"https:\/\/foreverfutbol.com.ec\/radio\/politica\/daniel-noboa-lidera-la-intencion-de-votos-con-un-471-en-voto-valido-segun-encuestadora\/#primaryimage"},"thumbnailUrl":"https:\/\/foreverfutbol.com.ec\/radio\/wp-content\/uploads\/2025\/01\/DanielNoboa-encuestas-comunicaliza-ADN-Ecuador-radioforever-.png","articleSection":["Pol\u00edtica"],"inLanguage":"es","potentialAction":[{"@type":"CommentAction","name":"Comment","target":["https:\/\/foreverfutbol.com.ec\/radio\/politica\/daniel-noboa-lidera-la-intencion-de-votos-con-un-471-en-voto-valido-segun-encuestadora\/#respond"]}]},{"@type":"WebPage","@id":"https:\/\/foreverfutbol.com.ec\/radio\/politica\/daniel-noboa-lidera-la-intencion-de-votos-con-un-471-en-voto-valido-segun-encuestadora\/","url":"https:\/\/foreverfutbol.com.ec\/radio\/politica\/daniel-noboa-lidera-la-intencion-de-votos-con-un-471-en-voto-valido-segun-encuestadora\/","name":"Noboa lidera la intenci\u00f3n de votos con un 47,1% en voto v\u00e1lido","isPartOf":{"@id":"https:\/\/foreverfutbol.com.ec\/radio\/#website"},"primaryImageOfPage":{"@id":"https:\/\/foreverfutbol.com.ec\/radio\/politica\/daniel-noboa-lidera-la-intencion-de-votos-con-un-471-en-voto-valido-segun-encuestadora\/#primaryimage"},"image":{"@id":"https:\/\/foreverfutbol.com.ec\/radio\/politica\/daniel-noboa-lidera-la-intencion-de-votos-con-un-471-en-voto-valido-segun-encuestadora\/#primaryimage"},"thumbnailUrl":"https:\/\/foreverfutbol.com.ec\/radio\/wp-content\/uploads\/2025\/01\/DanielNoboa-encuestas-comunicaliza-ADN-Ecuador-radioforever-.png","datePublished":"2025-01-27T17:29:45+00:00","dateModified":"2025-01-27T17:29:46+00:00","description":"Seg\u00fan las cifras, Noboa tendr\u00eda el 47,1% de votos v\u00e1lidos, seguido de la corre\u00edsta Luisa Gonz\u00e1lez con el 39,5%...","breadcrumb":{"@id":"https:\/\/foreverfutbol.com.ec\/radio\/politica\/daniel-noboa-lidera-la-intencion-de-votos-con-un-471-en-voto-valido-segun-encuestadora\/#breadcrumb"},"inLanguage":"es","potentialAction":[{"@type":"ReadAction","target":["https:\/\/foreverfutbol.com.ec\/radio\/politica\/daniel-noboa-lidera-la-intencion-de-votos-con-un-471-en-voto-valido-segun-encuestadora\/"]}]},{"@type":"ImageObject","inLanguage":"es","@id":"https:\/\/foreverfutbol.com.ec\/radio\/politica\/daniel-noboa-lidera-la-intencion-de-votos-con-un-471-en-voto-valido-segun-encuestadora\/#primaryimage","url":"https:\/\/foreverfutbol.com.ec\/radio\/wp-content\/uploads\/2025\/01\/DanielNoboa-encuestas-comunicaliza-ADN-Ecuador-radioforever-.png","contentUrl":"https:\/\/foreverfutbol.com.ec\/radio\/wp-content\/uploads\/2025\/01\/DanielNoboa-encuestas-comunicaliza-ADN-Ecuador-radioforever-.png","width":1280,"height":865},{"@type":"BreadcrumbList","@id":"https:\/\/foreverfutbol.com.ec\/radio\/politica\/daniel-noboa-lidera-la-intencion-de-votos-con-un-471-en-voto-valido-segun-encuestadora\/#breadcrumb","itemListElement":[{"@type":"ListItem","position":1,"name":"Portada","item":"https:\/\/foreverfutbol.com.ec\/radio\/"},{"@type":"ListItem","position":2,"name":"Daniel Noboa lidera la intenci\u00f3n de votos con un 47,1% en voto v\u00e1lido, seg\u00fan encuestadora"}]},{"@type":"WebSite","@id":"https:\/\/foreverfutbol.com.ec\/radio\/#website","url":"https:\/\/foreverfutbol.com.ec\/radio\/","name":"92.5 FOREVER Radio","description":"","publisher":{"@id":"https:\/\/foreverfutbol.com.ec\/radio\/#organization"},"potentialAction":[{"@type":"SearchAction","target":{"@type":"EntryPoint","urlTemplate":"https:\/\/foreverfutbol.com.ec\/radio\/?s={search_term_string}"},"query-input":{"@type":"PropertyValueSpecification","valueRequired":true,"valueName":"search_term_string"}}],"inLanguage":"es"},{"@type":"Organization","@id":"https:\/\/foreverfutbol.com.ec\/radio\/#organization","name":"92.5 FOREVER Radio","url":"https:\/\/foreverfutbol.com.ec\/radio\/","logo":{"@type":"ImageObject","inLanguage":"es","@id":"https:\/\/foreverfutbol.com.ec\/radio\/#\/schema\/logo\/image\/","url":"https:\/\/foreverfutbol.com.ec\/radio\/wp-content\/uploads\/2024\/01\/cropped-logo-forever.png","contentUrl":"https:\/\/foreverfutbol.com.ec\/radio\/wp-content\/uploads\/2024\/01\/cropped-logo-forever.png","width":180,"height":154,"caption":"92.5 FOREVER Radio"},"image":{"@id":"https:\/\/foreverfutbol.com.ec\/radio\/#\/schema\/logo\/image\/"},"sameAs":["https:\/\/www.facebook.com\/profile.php?id=100063550693491","https:\/\/x.com\/925forever","https:\/\/www.instagram.com\/radioforever925\/"]},{"@type":"Person","@id":"https:\/\/foreverfutbol.com.ec\/radio\/#\/schema\/person\/2f679dd16f889ac00df6e7b648062a01","name":"Ricardo Rodriguez","image":{"@type":"ImageObject","inLanguage":"es","@id":"https:\/\/secure.gravatar.com\/avatar\/5d9dfb95700bd0c503ed088d29de94822b5cc66a74cb0362774e6fc534823d07?s=96&d=mm&r=g","url":"https:\/\/secure.gravatar.com\/avatar\/5d9dfb95700bd0c503ed088d29de94822b5cc66a74cb0362774e6fc534823d07?s=96&d=mm&r=g","contentUrl":"https:\/\/secure.gravatar.com\/avatar\/5d9dfb95700bd0c503ed088d29de94822b5cc66a74cb0362774e6fc534823d07?s=96&d=mm&r=g","caption":"Ricardo Rodriguez"},"sameAs":["https:\/\/foreverfutbol.com.ec\/radio"],"url":"https:\/\/foreverfutbol.com.ec\/radio\/author\/superdmin\/"}]}},"_links":{"self":[{"href":"https:\/\/foreverfutbol.com.ec\/radio\/wp-json\/wp\/v2\/posts\/9243","targetHints":{"allow":["GET"]}}],"collection":[{"href":"https:\/\/foreverfutbol.com.ec\/radio\/wp-json\/wp\/v2\/posts"}],"about":[{"href":"https:\/\/foreverfutbol.com.ec\/radio\/wp-json\/wp\/v2\/types\/post"}],"author":[{"embeddable":true,"href":"https:\/\/foreverfutbol.com.ec\/radio\/wp-json\/wp\/v2\/users\/1"}],"replies":[{"embeddable":true,"href":"https:\/\/foreverfutbol.com.ec\/radio\/wp-json\/wp\/v2\/comments?post=9243"}],"version-history":[{"count":2,"href":"https:\/\/foreverfutbol.com.ec\/radio\/wp-json\/wp\/v2\/posts\/9243\/revisions"}],"predecessor-version":[{"id":9255,"href":"https:\/\/foreverfutbol.com.ec\/radio\/wp-json\/wp\/v2\/posts\/9243\/revisions\/9255"}],"wp:featuredmedia":[{"embeddable":true,"href":"https:\/\/foreverfutbol.com.ec\/radio\/wp-json\/wp\/v2\/media\/9248"}],"wp:attachment":[{"href":"https:\/\/foreverfutbol.com.ec\/radio\/wp-json\/wp\/v2\/media?parent=9243"}],"wp:term":[{"taxonomy":"category","embeddable":true,"href":"https:\/\/foreverfutbol.com.ec\/radio\/wp-json\/wp\/v2\/categories?post=9243"},{"taxonomy":"post_tag","embeddable":true,"href":"https:\/\/foreverfutbol.com.ec\/radio\/wp-json\/wp\/v2\/tags?post=9243"}],"curies":[{"name":"wp","href":"https:\/\/api.w.org\/{rel}","templated":true}]}}