{"id":9186,"date":"2025-01-23T11:54:20","date_gmt":"2025-01-23T16:54:20","guid":{"rendered":"https:\/\/foreverfutbol.com.ec\/radio\/?p=9186"},"modified":"2025-01-23T11:54:21","modified_gmt":"2025-01-23T16:54:21","slug":"daniel-noboa-mantiene-la-designacion-de-cynthia-gellibert-como-vicepresidenta-de-ecuador","status":"publish","type":"post","link":"https:\/\/foreverfutbol.com.ec\/radio\/politica\/daniel-noboa-mantiene-la-designacion-de-cynthia-gellibert-como-vicepresidenta-de-ecuador\/","title":{"rendered":"Daniel Noboa mantiene la designaci\u00f3n de Cynthia Gellibert como vicepresidenta de Ecuador"},"content":{"rendered":"\n<p class=\"wp-block-paragraph\">Mediante la susripci\u00f3n del Decreto Ejecutivo n\u00famero 512, de este jueves, 23 de enero de 2025, el presidente Daniel Noboa dispuso que se mantenga la designaci\u00f3n como vicepresidenta de la Rep\u00fablica a la economista Cynthia Gellibert, secretaria general de la Administraci\u00f3n P\u00fablica y Gabinete de la Presidencia.<\/p>\n\n\n\n<p class=\"wp-block-paragraph\">La medida rige hasta que hasta que Ver\u00f3nica Abad se presente y tome posesi\u00f3n de las funciones asignadas mediante Decreto Ejecutivo n\u00famero 490 de 23 de diciembre de 2024, en la Embajada del Ecuador en la Rep\u00fablica de Turqu\u00eda. <\/p>\n\n\n\n<p class=\"wp-block-paragraph\">Durante la vigencia del Decreto, la seguridad de Abad y Gellibert, as\u00ed como de sus c\u00f3nyuges y familiares, se mantendr\u00e1 y continuar\u00e1 a cargo de Casa Militar Presidencial, conforme a la normativa aplicable.<\/p>\n\n\n\n<p class=\"wp-block-paragraph\">El Decreto Ejecutivo 512 entrar\u00e1 en vigencia a partir de su suscripci\u00f3n, sin perjuicio de su publicaci\u00f3n en el Registro Oficial.<\/p>\n\n\n\n<p class=\"wp-block-paragraph\">#CynthiaGellibert #DanielNoboa #Ecuador #Vicepresidenta #Ver\u00f3nicaAbad <\/p>\n","protected":false},"excerpt":{"rendered":"<p>Mediante la susripci\u00f3n del Decreto Ejecutivo n\u00famero 512, de este jueves, 23 de enero de 2025, el presidente Daniel Noboa dispuso que se mantenga la designaci\u00f3n como vicepresidenta de la Rep\u00fablica a la economista Cynthia Gellibert, secretaria general de la Administraci\u00f3n P\u00fablica y Gabinete de la Presidencia. La medida rige hasta que hasta que Ver\u00f3nica [&hellip;]<\/p>\n","protected":false},"author":1,"featured_media":9187,"comment_status":"open","ping_status":"open","sticky":false,"template":"","format":"standard","meta":{"footnotes":""},"categories":[52],"tags":[],"class_list":["post-9186","post","type-post","status-publish","format-standard","has-post-thumbnail","hentry","category-politica"],"yoast_head":"<!-- This site is optimized with the Yoast SEO plugin v28.3 - https:\/\/yoast.com\/product\/yoast-seo-wordpress\/ -->\n<title>Daniel Noboa mantiene la designaci\u00f3n de Cynthia Gellibert como vicepresidenta de Ecuador - 92.5 FOREVER Radio<\/title>\n<meta name=\"description\" content=\"Gobierno de Daniel Noboa mantiene la designaci\u00f3n de Cynthia Gellibert como vicepresidenta de Ecuador\" \/>\n<meta name=\"robots\" content=\"index, follow, max-snippet:-1, max-image-preview:large, max-video-preview:-1\" \/>\n<link rel=\"canonical\" href=\"https:\/\/foreverfutbol.com.ec\/radio\/politica\/daniel-noboa-mantiene-la-designacion-de-cynthia-gellibert-como-vicepresidenta-de-ecuador\/\" \/>\n<meta property=\"og:locale\" content=\"es_ES\" \/>\n<meta property=\"og:type\" content=\"article\" \/>\n<meta property=\"og:title\" content=\"Daniel Noboa mantiene la designaci\u00f3n de Cynthia Gellibert como vicepresidenta de Ecuador - 92.5 FOREVER Radio\" \/>\n<meta property=\"og:description\" content=\"Gobierno de Daniel Noboa mantiene la designaci\u00f3n de Cynthia Gellibert como vicepresidenta de Ecuador\" \/>\n<meta property=\"og:url\" content=\"https:\/\/foreverfutbol.com.ec\/radio\/politica\/daniel-noboa-mantiene-la-designacion-de-cynthia-gellibert-como-vicepresidenta-de-ecuador\/\" \/>\n<meta property=\"og:site_name\" content=\"92.5 FOREVER Radio\" \/>\n<meta property=\"article:publisher\" content=\"https:\/\/www.facebook.com\/profile.php?id=100063550693491\" \/>\n<meta property=\"article:published_time\" content=\"2025-01-23T16:54:20+00:00\" \/>\n<meta property=\"article:modified_time\" content=\"2025-01-23T16:54:21+00:00\" \/>\n<meta property=\"og:image\" content=\"https:\/\/foreverfutbol.com.ec\/radio\/wp-content\/uploads\/2025\/01\/CynthiaGellibert-DanielNoboa-Ecuador-Vicepresidenta-VeronicaAbad-radioforever-.png\" \/>\n\t<meta property=\"og:image:width\" content=\"1280\" \/>\n\t<meta property=\"og:image:height\" content=\"865\" \/>\n\t<meta property=\"og:image:type\" content=\"image\/png\" \/>\n<meta name=\"author\" content=\"Ricardo Rodriguez\" \/>\n<meta name=\"twitter:card\" content=\"summary_large_image\" \/>\n<meta name=\"twitter:creator\" content=\"@925forever\" \/>\n<meta name=\"twitter:site\" content=\"@925forever\" \/>\n<meta name=\"twitter:label1\" content=\"Escrito por\" \/>\n\t<meta name=\"twitter:data1\" content=\"Ricardo Rodriguez\" \/>\n\t<meta name=\"twitter:label2\" content=\"Tiempo de lectura\" \/>\n\t<meta name=\"twitter:data2\" content=\"1 minuto\" \/>\n<script type=\"application\/ld+json\" class=\"yoast-schema-graph\">{\"@context\":\"https:\\\/\\\/schema.org\",\"@graph\":[{\"@type\":\"Article\",\"@id\":\"https:\\\/\\\/foreverfutbol.com.ec\\\/radio\\\/politica\\\/daniel-noboa-mantiene-la-designacion-de-cynthia-gellibert-como-vicepresidenta-de-ecuador\\\/#article\",\"isPartOf\":{\"@id\":\"https:\\\/\\\/foreverfutbol.com.ec\\\/radio\\\/politica\\\/daniel-noboa-mantiene-la-designacion-de-cynthia-gellibert-como-vicepresidenta-de-ecuador\\\/\"},\"author\":{\"name\":\"Ricardo Rodriguez\",\"@id\":\"https:\\\/\\\/foreverfutbol.com.ec\\\/radio\\\/#\\\/schema\\\/person\\\/2f679dd16f889ac00df6e7b648062a01\"},\"headline\":\"Daniel Noboa mantiene la designaci\u00f3n de Cynthia Gellibert como vicepresidenta de Ecuador\",\"datePublished\":\"2025-01-23T16:54:20+00:00\",\"dateModified\":\"2025-01-23T16:54:21+00:00\",\"mainEntityOfPage\":{\"@id\":\"https:\\\/\\\/foreverfutbol.com.ec\\\/radio\\\/politica\\\/daniel-noboa-mantiene-la-designacion-de-cynthia-gellibert-como-vicepresidenta-de-ecuador\\\/\"},\"wordCount\":166,\"commentCount\":0,\"publisher\":{\"@id\":\"https:\\\/\\\/foreverfutbol.com.ec\\\/radio\\\/#organization\"},\"image\":{\"@id\":\"https:\\\/\\\/foreverfutbol.com.ec\\\/radio\\\/politica\\\/daniel-noboa-mantiene-la-designacion-de-cynthia-gellibert-como-vicepresidenta-de-ecuador\\\/#primaryimage\"},\"thumbnailUrl\":\"https:\\\/\\\/foreverfutbol.com.ec\\\/radio\\\/wp-content\\\/uploads\\\/2025\\\/01\\\/CynthiaGellibert-DanielNoboa-Ecuador-Vicepresidenta-VeronicaAbad-radioforever-.png\",\"articleSection\":[\"Pol\u00edtica\"],\"inLanguage\":\"es\",\"potentialAction\":[{\"@type\":\"CommentAction\",\"name\":\"Comment\",\"target\":[\"https:\\\/\\\/foreverfutbol.com.ec\\\/radio\\\/politica\\\/daniel-noboa-mantiene-la-designacion-de-cynthia-gellibert-como-vicepresidenta-de-ecuador\\\/#respond\"]}]},{\"@type\":\"WebPage\",\"@id\":\"https:\\\/\\\/foreverfutbol.com.ec\\\/radio\\\/politica\\\/daniel-noboa-mantiene-la-designacion-de-cynthia-gellibert-como-vicepresidenta-de-ecuador\\\/\",\"url\":\"https:\\\/\\\/foreverfutbol.com.ec\\\/radio\\\/politica\\\/daniel-noboa-mantiene-la-designacion-de-cynthia-gellibert-como-vicepresidenta-de-ecuador\\\/\",\"name\":\"Daniel Noboa mantiene la designaci\u00f3n de Cynthia Gellibert como vicepresidenta de Ecuador - 92.5 FOREVER Radio\",\"isPartOf\":{\"@id\":\"https:\\\/\\\/foreverfutbol.com.ec\\\/radio\\\/#website\"},\"primaryImageOfPage\":{\"@id\":\"https:\\\/\\\/foreverfutbol.com.ec\\\/radio\\\/politica\\\/daniel-noboa-mantiene-la-designacion-de-cynthia-gellibert-como-vicepresidenta-de-ecuador\\\/#primaryimage\"},\"image\":{\"@id\":\"https:\\\/\\\/foreverfutbol.com.ec\\\/radio\\\/politica\\\/daniel-noboa-mantiene-la-designacion-de-cynthia-gellibert-como-vicepresidenta-de-ecuador\\\/#primaryimage\"},\"thumbnailUrl\":\"https:\\\/\\\/foreverfutbol.com.ec\\\/radio\\\/wp-content\\\/uploads\\\/2025\\\/01\\\/CynthiaGellibert-DanielNoboa-Ecuador-Vicepresidenta-VeronicaAbad-radioforever-.png\",\"datePublished\":\"2025-01-23T16:54:20+00:00\",\"dateModified\":\"2025-01-23T16:54:21+00:00\",\"description\":\"Gobierno de Daniel Noboa mantiene la designaci\u00f3n de Cynthia Gellibert como vicepresidenta de Ecuador\",\"breadcrumb\":{\"@id\":\"https:\\\/\\\/foreverfutbol.com.ec\\\/radio\\\/politica\\\/daniel-noboa-mantiene-la-designacion-de-cynthia-gellibert-como-vicepresidenta-de-ecuador\\\/#breadcrumb\"},\"inLanguage\":\"es\",\"potentialAction\":[{\"@type\":\"ReadAction\",\"target\":[\"https:\\\/\\\/foreverfutbol.com.ec\\\/radio\\\/politica\\\/daniel-noboa-mantiene-la-designacion-de-cynthia-gellibert-como-vicepresidenta-de-ecuador\\\/\"]}]},{\"@type\":\"ImageObject\",\"inLanguage\":\"es\",\"@id\":\"https:\\\/\\\/foreverfutbol.com.ec\\\/radio\\\/politica\\\/daniel-noboa-mantiene-la-designacion-de-cynthia-gellibert-como-vicepresidenta-de-ecuador\\\/#primaryimage\",\"url\":\"https:\\\/\\\/foreverfutbol.com.ec\\\/radio\\\/wp-content\\\/uploads\\\/2025\\\/01\\\/CynthiaGellibert-DanielNoboa-Ecuador-Vicepresidenta-VeronicaAbad-radioforever-.png\",\"contentUrl\":\"https:\\\/\\\/foreverfutbol.com.ec\\\/radio\\\/wp-content\\\/uploads\\\/2025\\\/01\\\/CynthiaGellibert-DanielNoboa-Ecuador-Vicepresidenta-VeronicaAbad-radioforever-.png\",\"width\":1280,\"height\":865},{\"@type\":\"BreadcrumbList\",\"@id\":\"https:\\\/\\\/foreverfutbol.com.ec\\\/radio\\\/politica\\\/daniel-noboa-mantiene-la-designacion-de-cynthia-gellibert-como-vicepresidenta-de-ecuador\\\/#breadcrumb\",\"itemListElement\":[{\"@type\":\"ListItem\",\"position\":1,\"name\":\"Portada\",\"item\":\"https:\\\/\\\/foreverfutbol.com.ec\\\/radio\\\/\"},{\"@type\":\"ListItem\",\"position\":2,\"name\":\"Daniel Noboa mantiene la designaci\u00f3n de Cynthia Gellibert como vicepresidenta de Ecuador\"}]},{\"@type\":\"WebSite\",\"@id\":\"https:\\\/\\\/foreverfutbol.com.ec\\\/radio\\\/#website\",\"url\":\"https:\\\/\\\/foreverfutbol.com.ec\\\/radio\\\/\",\"name\":\"92.5 FOREVER Radio\",\"description\":\"\",\"publisher\":{\"@id\":\"https:\\\/\\\/foreverfutbol.com.ec\\\/radio\\\/#organization\"},\"potentialAction\":[{\"@type\":\"SearchAction\",\"target\":{\"@type\":\"EntryPoint\",\"urlTemplate\":\"https:\\\/\\\/foreverfutbol.com.ec\\\/radio\\\/?s={search_term_string}\"},\"query-input\":{\"@type\":\"PropertyValueSpecification\",\"valueRequired\":true,\"valueName\":\"search_term_string\"}}],\"inLanguage\":\"es\"},{\"@type\":\"Organization\",\"@id\":\"https:\\\/\\\/foreverfutbol.com.ec\\\/radio\\\/#organization\",\"name\":\"92.5 FOREVER Radio\",\"url\":\"https:\\\/\\\/foreverfutbol.com.ec\\\/radio\\\/\",\"logo\":{\"@type\":\"ImageObject\",\"inLanguage\":\"es\",\"@id\":\"https:\\\/\\\/foreverfutbol.com.ec\\\/radio\\\/#\\\/schema\\\/logo\\\/image\\\/\",\"url\":\"https:\\\/\\\/foreverfutbol.com.ec\\\/radio\\\/wp-content\\\/uploads\\\/2024\\\/01\\\/cropped-logo-forever.png\",\"contentUrl\":\"https:\\\/\\\/foreverfutbol.com.ec\\\/radio\\\/wp-content\\\/uploads\\\/2024\\\/01\\\/cropped-logo-forever.png\",\"width\":180,\"height\":154,\"caption\":\"92.5 FOREVER Radio\"},\"image\":{\"@id\":\"https:\\\/\\\/foreverfutbol.com.ec\\\/radio\\\/#\\\/schema\\\/logo\\\/image\\\/\"},\"sameAs\":[\"https:\\\/\\\/www.facebook.com\\\/profile.php?id=100063550693491\",\"https:\\\/\\\/x.com\\\/925forever\",\"https:\\\/\\\/www.instagram.com\\\/radioforever925\\\/\"]},{\"@type\":\"Person\",\"@id\":\"https:\\\/\\\/foreverfutbol.com.ec\\\/radio\\\/#\\\/schema\\\/person\\\/2f679dd16f889ac00df6e7b648062a01\",\"name\":\"Ricardo Rodriguez\",\"image\":{\"@type\":\"ImageObject\",\"inLanguage\":\"es\",\"@id\":\"https:\\\/\\\/secure.gravatar.com\\\/avatar\\\/5d9dfb95700bd0c503ed088d29de94822b5cc66a74cb0362774e6fc534823d07?s=96&d=mm&r=g\",\"url\":\"https:\\\/\\\/secure.gravatar.com\\\/avatar\\\/5d9dfb95700bd0c503ed088d29de94822b5cc66a74cb0362774e6fc534823d07?s=96&d=mm&r=g\",\"contentUrl\":\"https:\\\/\\\/secure.gravatar.com\\\/avatar\\\/5d9dfb95700bd0c503ed088d29de94822b5cc66a74cb0362774e6fc534823d07?s=96&d=mm&r=g\",\"caption\":\"Ricardo Rodriguez\"},\"sameAs\":[\"https:\\\/\\\/foreverfutbol.com.ec\\\/radio\"],\"url\":\"https:\\\/\\\/foreverfutbol.com.ec\\\/radio\\\/author\\\/superdmin\\\/\"}]}<\/script>\n<!-- \/ Yoast SEO plugin. -->","yoast_head_json":{"title":"Daniel Noboa mantiene la designaci\u00f3n de Cynthia Gellibert como vicepresidenta de Ecuador - 92.5 FOREVER Radio","description":"Gobierno de Daniel Noboa mantiene la designaci\u00f3n de Cynthia Gellibert como vicepresidenta de Ecuador","robots":{"index":"index","follow":"follow","max-snippet":"max-snippet:-1","max-image-preview":"max-image-preview:large","max-video-preview":"max-video-preview:-1"},"canonical":"https:\/\/foreverfutbol.com.ec\/radio\/politica\/daniel-noboa-mantiene-la-designacion-de-cynthia-gellibert-como-vicepresidenta-de-ecuador\/","og_locale":"es_ES","og_type":"article","og_title":"Daniel Noboa mantiene la designaci\u00f3n de Cynthia Gellibert como vicepresidenta de Ecuador - 92.5 FOREVER Radio","og_description":"Gobierno de Daniel Noboa mantiene la designaci\u00f3n de Cynthia Gellibert como vicepresidenta de Ecuador","og_url":"https:\/\/foreverfutbol.com.ec\/radio\/politica\/daniel-noboa-mantiene-la-designacion-de-cynthia-gellibert-como-vicepresidenta-de-ecuador\/","og_site_name":"92.5 FOREVER Radio","article_publisher":"https:\/\/www.facebook.com\/profile.php?id=100063550693491","article_published_time":"2025-01-23T16:54:20+00:00","article_modified_time":"2025-01-23T16:54:21+00:00","og_image":[{"width":1280,"height":865,"url":"https:\/\/foreverfutbol.com.ec\/radio\/wp-content\/uploads\/2025\/01\/CynthiaGellibert-DanielNoboa-Ecuador-Vicepresidenta-VeronicaAbad-radioforever-.png","type":"image\/png"}],"author":"Ricardo Rodriguez","twitter_card":"summary_large_image","twitter_creator":"@925forever","twitter_site":"@925forever","twitter_misc":{"Escrito por":"Ricardo Rodriguez","Tiempo de lectura":"1 minuto"},"schema":{"@context":"https:\/\/schema.org","@graph":[{"@type":"Article","@id":"https:\/\/foreverfutbol.com.ec\/radio\/politica\/daniel-noboa-mantiene-la-designacion-de-cynthia-gellibert-como-vicepresidenta-de-ecuador\/#article","isPartOf":{"@id":"https:\/\/foreverfutbol.com.ec\/radio\/politica\/daniel-noboa-mantiene-la-designacion-de-cynthia-gellibert-como-vicepresidenta-de-ecuador\/"},"author":{"name":"Ricardo Rodriguez","@id":"https:\/\/foreverfutbol.com.ec\/radio\/#\/schema\/person\/2f679dd16f889ac00df6e7b648062a01"},"headline":"Daniel Noboa mantiene la designaci\u00f3n de Cynthia Gellibert como vicepresidenta de Ecuador","datePublished":"2025-01-23T16:54:20+00:00","dateModified":"2025-01-23T16:54:21+00:00","mainEntityOfPage":{"@id":"https:\/\/foreverfutbol.com.ec\/radio\/politica\/daniel-noboa-mantiene-la-designacion-de-cynthia-gellibert-como-vicepresidenta-de-ecuador\/"},"wordCount":166,"commentCount":0,"publisher":{"@id":"https:\/\/foreverfutbol.com.ec\/radio\/#organization"},"image":{"@id":"https:\/\/foreverfutbol.com.ec\/radio\/politica\/daniel-noboa-mantiene-la-designacion-de-cynthia-gellibert-como-vicepresidenta-de-ecuador\/#primaryimage"},"thumbnailUrl":"https:\/\/foreverfutbol.com.ec\/radio\/wp-content\/uploads\/2025\/01\/CynthiaGellibert-DanielNoboa-Ecuador-Vicepresidenta-VeronicaAbad-radioforever-.png","articleSection":["Pol\u00edtica"],"inLanguage":"es","potentialAction":[{"@type":"CommentAction","name":"Comment","target":["https:\/\/foreverfutbol.com.ec\/radio\/politica\/daniel-noboa-mantiene-la-designacion-de-cynthia-gellibert-como-vicepresidenta-de-ecuador\/#respond"]}]},{"@type":"WebPage","@id":"https:\/\/foreverfutbol.com.ec\/radio\/politica\/daniel-noboa-mantiene-la-designacion-de-cynthia-gellibert-como-vicepresidenta-de-ecuador\/","url":"https:\/\/foreverfutbol.com.ec\/radio\/politica\/daniel-noboa-mantiene-la-designacion-de-cynthia-gellibert-como-vicepresidenta-de-ecuador\/","name":"Daniel Noboa mantiene la designaci\u00f3n de Cynthia Gellibert como vicepresidenta de Ecuador - 92.5 FOREVER Radio","isPartOf":{"@id":"https:\/\/foreverfutbol.com.ec\/radio\/#website"},"primaryImageOfPage":{"@id":"https:\/\/foreverfutbol.com.ec\/radio\/politica\/daniel-noboa-mantiene-la-designacion-de-cynthia-gellibert-como-vicepresidenta-de-ecuador\/#primaryimage"},"image":{"@id":"https:\/\/foreverfutbol.com.ec\/radio\/politica\/daniel-noboa-mantiene-la-designacion-de-cynthia-gellibert-como-vicepresidenta-de-ecuador\/#primaryimage"},"thumbnailUrl":"https:\/\/foreverfutbol.com.ec\/radio\/wp-content\/uploads\/2025\/01\/CynthiaGellibert-DanielNoboa-Ecuador-Vicepresidenta-VeronicaAbad-radioforever-.png","datePublished":"2025-01-23T16:54:20+00:00","dateModified":"2025-01-23T16:54:21+00:00","description":"Gobierno de Daniel Noboa mantiene la designaci\u00f3n de Cynthia Gellibert como vicepresidenta de Ecuador","breadcrumb":{"@id":"https:\/\/foreverfutbol.com.ec\/radio\/politica\/daniel-noboa-mantiene-la-designacion-de-cynthia-gellibert-como-vicepresidenta-de-ecuador\/#breadcrumb"},"inLanguage":"es","potentialAction":[{"@type":"ReadAction","target":["https:\/\/foreverfutbol.com.ec\/radio\/politica\/daniel-noboa-mantiene-la-designacion-de-cynthia-gellibert-como-vicepresidenta-de-ecuador\/"]}]},{"@type":"ImageObject","inLanguage":"es","@id":"https:\/\/foreverfutbol.com.ec\/radio\/politica\/daniel-noboa-mantiene-la-designacion-de-cynthia-gellibert-como-vicepresidenta-de-ecuador\/#primaryimage","url":"https:\/\/foreverfutbol.com.ec\/radio\/wp-content\/uploads\/2025\/01\/CynthiaGellibert-DanielNoboa-Ecuador-Vicepresidenta-VeronicaAbad-radioforever-.png","contentUrl":"https:\/\/foreverfutbol.com.ec\/radio\/wp-content\/uploads\/2025\/01\/CynthiaGellibert-DanielNoboa-Ecuador-Vicepresidenta-VeronicaAbad-radioforever-.png","width":1280,"height":865},{"@type":"BreadcrumbList","@id":"https:\/\/foreverfutbol.com.ec\/radio\/politica\/daniel-noboa-mantiene-la-designacion-de-cynthia-gellibert-como-vicepresidenta-de-ecuador\/#breadcrumb","itemListElement":[{"@type":"ListItem","position":1,"name":"Portada","item":"https:\/\/foreverfutbol.com.ec\/radio\/"},{"@type":"ListItem","position":2,"name":"Daniel Noboa mantiene la designaci\u00f3n de Cynthia Gellibert como vicepresidenta de Ecuador"}]},{"@type":"WebSite","@id":"https:\/\/foreverfutbol.com.ec\/radio\/#website","url":"https:\/\/foreverfutbol.com.ec\/radio\/","name":"92.5 FOREVER Radio","description":"","publisher":{"@id":"https:\/\/foreverfutbol.com.ec\/radio\/#organization"},"potentialAction":[{"@type":"SearchAction","target":{"@type":"EntryPoint","urlTemplate":"https:\/\/foreverfutbol.com.ec\/radio\/?s={search_term_string}"},"query-input":{"@type":"PropertyValueSpecification","valueRequired":true,"valueName":"search_term_string"}}],"inLanguage":"es"},{"@type":"Organization","@id":"https:\/\/foreverfutbol.com.ec\/radio\/#organization","name":"92.5 FOREVER Radio","url":"https:\/\/foreverfutbol.com.ec\/radio\/","logo":{"@type":"ImageObject","inLanguage":"es","@id":"https:\/\/foreverfutbol.com.ec\/radio\/#\/schema\/logo\/image\/","url":"https:\/\/foreverfutbol.com.ec\/radio\/wp-content\/uploads\/2024\/01\/cropped-logo-forever.png","contentUrl":"https:\/\/foreverfutbol.com.ec\/radio\/wp-content\/uploads\/2024\/01\/cropped-logo-forever.png","width":180,"height":154,"caption":"92.5 FOREVER Radio"},"image":{"@id":"https:\/\/foreverfutbol.com.ec\/radio\/#\/schema\/logo\/image\/"},"sameAs":["https:\/\/www.facebook.com\/profile.php?id=100063550693491","https:\/\/x.com\/925forever","https:\/\/www.instagram.com\/radioforever925\/"]},{"@type":"Person","@id":"https:\/\/foreverfutbol.com.ec\/radio\/#\/schema\/person\/2f679dd16f889ac00df6e7b648062a01","name":"Ricardo Rodriguez","image":{"@type":"ImageObject","inLanguage":"es","@id":"https:\/\/secure.gravatar.com\/avatar\/5d9dfb95700bd0c503ed088d29de94822b5cc66a74cb0362774e6fc534823d07?s=96&d=mm&r=g","url":"https:\/\/secure.gravatar.com\/avatar\/5d9dfb95700bd0c503ed088d29de94822b5cc66a74cb0362774e6fc534823d07?s=96&d=mm&r=g","contentUrl":"https:\/\/secure.gravatar.com\/avatar\/5d9dfb95700bd0c503ed088d29de94822b5cc66a74cb0362774e6fc534823d07?s=96&d=mm&r=g","caption":"Ricardo Rodriguez"},"sameAs":["https:\/\/foreverfutbol.com.ec\/radio"],"url":"https:\/\/foreverfutbol.com.ec\/radio\/author\/superdmin\/"}]}},"_links":{"self":[{"href":"https:\/\/foreverfutbol.com.ec\/radio\/wp-json\/wp\/v2\/posts\/9186","targetHints":{"allow":["GET"]}}],"collection":[{"href":"https:\/\/foreverfutbol.com.ec\/radio\/wp-json\/wp\/v2\/posts"}],"about":[{"href":"https:\/\/foreverfutbol.com.ec\/radio\/wp-json\/wp\/v2\/types\/post"}],"author":[{"embeddable":true,"href":"https:\/\/foreverfutbol.com.ec\/radio\/wp-json\/wp\/v2\/users\/1"}],"replies":[{"embeddable":true,"href":"https:\/\/foreverfutbol.com.ec\/radio\/wp-json\/wp\/v2\/comments?post=9186"}],"version-history":[{"count":1,"href":"https:\/\/foreverfutbol.com.ec\/radio\/wp-json\/wp\/v2\/posts\/9186\/revisions"}],"predecessor-version":[{"id":9188,"href":"https:\/\/foreverfutbol.com.ec\/radio\/wp-json\/wp\/v2\/posts\/9186\/revisions\/9188"}],"wp:featuredmedia":[{"embeddable":true,"href":"https:\/\/foreverfutbol.com.ec\/radio\/wp-json\/wp\/v2\/media\/9187"}],"wp:attachment":[{"href":"https:\/\/foreverfutbol.com.ec\/radio\/wp-json\/wp\/v2\/media?parent=9186"}],"wp:term":[{"taxonomy":"category","embeddable":true,"href":"https:\/\/foreverfutbol.com.ec\/radio\/wp-json\/wp\/v2\/categories?post=9186"},{"taxonomy":"post_tag","embeddable":true,"href":"https:\/\/foreverfutbol.com.ec\/radio\/wp-json\/wp\/v2\/tags?post=9186"}],"curies":[{"name":"wp","href":"https:\/\/api.w.org\/{rel}","templated":true}]}}