{"id":8585,"date":"2024-12-26T11:52:44","date_gmt":"2024-12-26T16:52:44","guid":{"rendered":"https:\/\/foreverfutbol.com.ec\/radio\/?p=8585"},"modified":"2024-12-26T11:52:45","modified_gmt":"2024-12-26T16:52:45","slug":"generalmente-se-aspira-a-que-todos-los-temas-del-dia-despues-de-navidad-sean-agradables","status":"publish","type":"post","link":"https:\/\/foreverfutbol.com.ec\/radio\/social\/generalmente-se-aspira-a-que-todos-los-temas-del-dia-despues-de-navidad-sean-agradables\/","title":{"rendered":"Generalmente se aspira a que todos los temas del d\u00eda despu\u00e9s de Navidad sean agradables"},"content":{"rendered":"\n<p class=\"wp-block-paragraph\">Generalmente se aspira a que todos los temas del d\u00eda despu\u00e9s de Navidad sean agradables.<br>Pero los asuntos de violencia, econ\u00f3micos y sociales no permiten que nuestro pa\u00eds disfrute de momentos de paz y amor. <\/p>\n\n\n\n<p class=\"wp-block-paragraph\">Temas que deben ser tratados con toda la seriedad del caso. Sobre todo en el tema de la desaparici\u00f3n de los cuatro adolescentes que ha concitado inter\u00e9s nacional. En el que al momento por lo menos existen tantas versiones como posiciones. <\/p>\n\n\n\n<p class=\"wp-block-paragraph\">Para superar estos temas debemos partir con mucha sapiencia, fortaleza y prudencia para llegar a la verdad que nos permita las virtudes individuales de respeto a la vida, libertad y propiedad y en lo comunitario a la unidad, el orden y la paz.<\/p>\n\n\n\n<ol class=\"wp-block-list\">\n<li>Seg\u00fan el ministerio de Defensa y los abogados de los miIitares manifiestan que capturaron a tres de los adolescentes al momento de un supuesto robo a una ciudadana en la vereda cercana a un centro comercial y a un cuarto de manos de la ciudadan\u00eda. A quienes condujeron a un lugar cercano a la base de Taura donde los liberaron.<br>Eduardo Noro\u00f1a, defensor del Comando Conjunto de las Fuerzas Armadas, expuso que no se configura el delito de desaparici\u00f3n forzada. Jes\u00fas L\u00f3pez, abogado de los militares, expuso que cuando los uniformados se trasladaban en dos camionetas decidieron dirigirse hacia la unidad de Polic\u00eda de Virgen de F\u00e1tima (km 26), cercana a la base de Taura, con la intenci\u00f3n de entregar all\u00e1 a los detenidos, pues los militares se dirig\u00edan a dicho reparto de la Fuerza A\u00e9rea Ecuatoriana (FAE).<br>Seg\u00fan su versi\u00f3n cerca de las 23:00 del 8 de diciembre los cuatro chicos se habr\u00edan contactado con un residente local, quien les facilit\u00f3 un celular para comunicarse con uno de sus progenitores, incluso enviando su ubicaci\u00f3n v\u00eda WhatsApp.<br>Se\u00f1al\u00f3 que casi una hora despu\u00e9s, ante la llegada de una patrulla policial, el ciudadano que prest\u00f3 el tel\u00e9fono se refugi\u00f3 en su vivienda, alegando la presencia de motociclistas encapuchados que presuntamente pertenec\u00edan a \u201cla mafia\u201d.<br>El coronel en servicio pasivo Mario Pazmi\u00f1o, exdirector de Inteligencia del Ej\u00e9rcito, seg\u00fan el diario El Universo ha dise\u00f1ado una l\u00ednea de tiempo que a su juicio revela que este asunto no se trata de una desaparici\u00f3n forzada, figura penal que alegan las familias de los menores, apoyadas por el Comit\u00e9 Permanente por la Defensa de los Derechos Humanos (CDH). Se\u00f1al\u00f3 que los militares liberaron a los menores a las 22:00 en la v\u00eda que conduce desde la carretera principal hacia la parroquia Taura. Por tanto, dijo, no hubo ingreso al recinto de la FAE. \u201cAl abandonarles se produce un sinn\u00famero de acontecimientos y hechos que descartan por completo la desaparici\u00f3n forzada que algunos miembros de derechos humanos tratan de hacer ver ante la opini\u00f3n p\u00fablica nacional\u201d.<br>Pazmi\u00f1o mencion\u00f3 que, a las 23:40, personal de la Polic\u00eda lleg\u00f3 al sector de donde aparentemente se hizo la llamada de uno de los chicos desaparecidos, pero que ya no encontraron a nadie.<br>\u201cPero la persona o este morador de Taura que les facilit\u00f3 (el celular) les ayud\u00f3, se vuelve a comunicar nuevamente con el padre (de uno de los chicos), porque el padre le hace una llamada para que indiquen d\u00f3nde est\u00e1n, y ah\u00ed le insulta (el morador), le dice que para qu\u00e9 ha hablado con la Polic\u00eda, que hay gente en el sector en motos, encapuchados y que son de la mafia. Y que la mafia se los llev\u00f3 (a los menores)\u201d, refiri\u00f3 el exdirector de Inteligencia del Ej\u00e9rcito.<\/li>\n\n\n\n<li>El padre de dos de los cuatro adolescentes, manifiesta, seg\u00fan un video publicado en redes sociales, que recibi\u00f3 una llamada telef\u00f3nica de uno de sus hijos desde un celular que le hab\u00eda prestado un ciudadano cerca de Taura, en la que le inform\u00f3 que los hab\u00edan liberado y le dijo d\u00f3nde se encontraba. El padre agrega que le pas\u00f3 esta informaci\u00f3n a la Polic\u00eda, quienes se movilizaron, pero no los encontraron en la coordenadas que les facilit\u00f3. Por lo que llam\u00f3 al n\u00famero del celular y habl\u00f3 con el ciudadano, quien le inform\u00f3 que se los hab\u00edan llevado la mafia.<\/li>\n\n\n\n<li>El fiscal Christian F\u00e1rez se\u00f1al\u00f3 que no hay evidencia que sustente la teor\u00eda del ministro de Defensa, Gian Carlo Loffredo, de que los menores estuvieron involucrados en un robo y pidi\u00f3 fijar fecha para audiencia de formulaci\u00f3n de cargo por desaparici\u00f3n de los menores.<\/li>\n\n\n\n<li>La jueza la jueza Tanya Loor Zambrano acept\u00f3 la demanda de \u2018habeas corpus\u2019 presentada por familiares de los ni\u00f1os desaparecidos en Las Malvinas. Entre lo principal de su dictamen resalt\u00f3 los derechos vulnerados; dispuso que el Estado a trav\u00e9s de sus instituciones realice los actos de investigaci\u00f3n, la b\u00fasqueda de los menores, que el Ministerio de Salud provea atenci\u00f3n m\u00e9dica y psicol\u00f3gica a los progenitores de las v\u00edctimas y atenci\u00f3n a los menores en el momento de su localizaci\u00f3n.<\/li>\n\n\n\n<li>Fernando Bastias y Billy Navarrete en representaci\u00f3n de los defensores de los Derechos Humanos tambi\u00e9n han ratificado lo dicho por el fiscal, en el sentido de que no existen pruebas sobre lo expresado por los militares. Fernando Bastias, miembro del CDH, considera que el caso s\u00ed se trata de una desaparici\u00f3n forzada. \u00c9l sostuvo que en el caso de menores de edad que cometen delitos y son aprehendidos se debe seguir el procedimiento de ponerlos a disposici\u00f3n de la Dinapen, de la Polic\u00eda o de sus padres. \u201cCualquier caracter\u00edstica, cualquier justificaci\u00f3n, ahora es una desaparici\u00f3n forzada\u201d.<\/li>\n\n\n\n<li>El Comit\u00e9 de Desapariciones Forzadas de la ONU dict\u00f3 medidas cautelares en favor de los familiares de menores desaparecidos y de las pruebas en la investigaci\u00f3n previa a la desaparici\u00f3n forzada. N\u00f3tese que no ha emitido ya la declaraci\u00f3n de desaparici\u00f3n forzada, sino medidas cautelares a favor de la familia y las pruebas.<\/li>\n\n\n\n<li>Finalmente, la Conferencia Episcopal Ecuatoriana (CEE) sobre este caso se\u00f1ala que \u00abEcuador necesita la verdad\u2019, con lo que coincidimos plenamente la mayor\u00eda de ecuatorianos, por no decir todos.<\/li>\n<\/ol>\n\n\n\n<p class=\"wp-block-paragraph\">En conclusi\u00f3n y como referencia en este caso, quisiera anotar lo que se manifiesta sobre el concepto de \u00abdesaparici\u00f3n forzada\u00bb tanto en el C\u00f3digo Org\u00e1nico Integral Penal (COIP) de Ecuador, como el concepto emitido en resoluci\u00f3n de la ONU y replicado por Amnist\u00eda Internacional (AI), que deben guiar cualquier an\u00e1lisis y resoluci\u00f3n sobre este caso. <\/p>\n\n\n\n<p class=\"wp-block-paragraph\">Anticipando que el COIP no es tan amplio como la ONU y AI. As\u00ed como la confusi\u00f3n aparente que se nota al considerar \u00abdesaparici\u00f3n forzada\u00bb como un delito alternativo o de similar condici\u00f3n que la \u00abejecuci\u00f3n extrajudicial\u00bb cuando en realidad \u00e9sta es parte de la primera, por lo que el t\u00e9rmino \u00abdesaparici\u00f3n forzada\u00bb es un delito de alt\u00edsimo nivel condenado por todos los organismos internacionales que debe ser tratado en nuestro pa\u00eds con mucha responsabilidad. <\/p>\n\n\n\n<p class=\"wp-block-paragraph\">\u00bfQu\u00e9 derechos viola el delito de desaparici\u00f3n forzada? Dice Amnist\u00eda Internacional que: La desaparici\u00f3n forzada constituye una violaci\u00f3n acumulativa de derechos humanos. Ello se debe a que puede infligir una amplia diversidad de violaciones de derechos humanos, incluida la violaci\u00f3n de:<\/p>\n\n\n\n<ul class=\"wp-block-list\">\n<li>El derecho a la vida: porque la persona puede ser asesinada o su suerte desconocerse;<\/li>\n\n\n\n<li>El derecho a la seguridad y la dignidad de la persona;<\/li>\n\n\n\n<li>El derecho a no sufrir detenci\u00f3n arbitraria;<\/li>\n\n\n\n<li>El derecho a no ser sometido a torturas ni a otros tratos o penas crueles, inhumanos o degradantes;<\/li>\n\n\n\n<li>El derecho a unas condiciones humanas de reclusi\u00f3n;<\/li>\n\n\n\n<li>El derecho a la personalidad jur\u00eddica;<\/li>\n\n\n\n<li>El derecho a un juicio justo;<\/li>\n\n\n\n<li>El derecho a la vida familiar. <\/li>\n<\/ul>\n\n\n\n<p class=\"wp-block-paragraph\">La desaparici\u00f3n forzada constituye un abuso especialmente cruel contra los derechos humanos, ya que da lugar a una violaci\u00f3n continuada en tanto que la suerte o el paradero de la v\u00edctima no se han determinado. Adem\u00e1s, constituye tambi\u00e9n una violaci\u00f3n de los derechos de las familias y los seres queridos de la v\u00edctima, que a menudo tienen que esperar a\u00f1os para averiguar la verdad sobre la suerte corrida por la persona desaparecida. <\/p>\n\n\n\n<p class=\"wp-block-paragraph\">EDITORIAL DE 92.5 FOREVER RADIO, JUEVES 26 DE OCTUBRE DE 2024.<\/p>\n\n\n\n<p class=\"wp-block-paragraph\">Por: Washington Delgado L.<\/p>\n\n\n\n<p class=\"wp-block-paragraph\">#Navidad #paz #amor #FAE #CIDH #LasMalvinas #Taura <\/p>\n","protected":false},"excerpt":{"rendered":"<p>Generalmente se aspira a que todos los temas del d\u00eda despu\u00e9s de Navidad sean agradables.Pero los asuntos de violencia, econ\u00f3micos y sociales no permiten que nuestro pa\u00eds disfrute de momentos de paz y amor. Temas que deben ser tratados con toda la seriedad del caso. Sobre todo en el tema de la desaparici\u00f3n de los [&hellip;]<\/p>\n","protected":false},"author":1,"featured_media":7261,"comment_status":"open","ping_status":"open","sticky":false,"template":"","format":"standard","meta":{"footnotes":""},"categories":[55],"tags":[],"class_list":["post-8585","post","type-post","status-publish","format-standard","has-post-thumbnail","hentry","category-social"],"yoast_head":"<!-- This site is optimized with the Yoast SEO plugin v28.3 - https:\/\/yoast.com\/product\/yoast-seo-wordpress\/ -->\n<title>Generalmente se aspira a que todos los temas del d\u00eda despu\u00e9s de Navidad sean agradables - 92.5 FOREVER Radio<\/title>\n<meta name=\"description\" content=\"Pero los asuntos de violencia, econ\u00f3micos y sociales no permiten que nuestro pa\u00eds disfrute de momentos de paz y amor.\" \/>\n<meta name=\"robots\" content=\"index, follow, max-snippet:-1, max-image-preview:large, max-video-preview:-1\" \/>\n<link rel=\"canonical\" href=\"https:\/\/foreverfutbol.com.ec\/radio\/social\/generalmente-se-aspira-a-que-todos-los-temas-del-dia-despues-de-navidad-sean-agradables\/\" \/>\n<meta property=\"og:locale\" content=\"es_ES\" \/>\n<meta property=\"og:type\" content=\"article\" \/>\n<meta property=\"og:title\" content=\"Generalmente se aspira a que todos los temas del d\u00eda despu\u00e9s de Navidad sean agradables - 92.5 FOREVER Radio\" \/>\n<meta property=\"og:description\" content=\"Pero los asuntos de violencia, econ\u00f3micos y sociales no permiten que nuestro pa\u00eds disfrute de momentos de paz y amor.\" \/>\n<meta property=\"og:url\" content=\"https:\/\/foreverfutbol.com.ec\/radio\/social\/generalmente-se-aspira-a-que-todos-los-temas-del-dia-despues-de-navidad-sean-agradables\/\" \/>\n<meta property=\"og:site_name\" content=\"92.5 FOREVER Radio\" \/>\n<meta property=\"article:publisher\" content=\"https:\/\/www.facebook.com\/profile.php?id=100063550693491\" \/>\n<meta property=\"article:published_time\" content=\"2024-12-26T16:52:44+00:00\" \/>\n<meta property=\"article:modified_time\" content=\"2024-12-26T16:52:45+00:00\" \/>\n<meta property=\"og:image\" content=\"https:\/\/foreverfutbol.com.ec\/radio\/wp-content\/uploads\/2024\/10\/Ecuador-DanielNoboa-NayibBukele-JavierMilei-GustavoPetro-TheNewYorker-EditorialForever-2.png\" \/>\n\t<meta property=\"og:image:width\" content=\"1280\" \/>\n\t<meta property=\"og:image:height\" content=\"865\" \/>\n\t<meta property=\"og:image:type\" content=\"image\/png\" \/>\n<meta name=\"author\" content=\"Ricardo Rodriguez\" \/>\n<meta name=\"twitter:card\" content=\"summary_large_image\" \/>\n<meta name=\"twitter:creator\" content=\"@925forever\" \/>\n<meta name=\"twitter:site\" content=\"@925forever\" \/>\n<meta name=\"twitter:label1\" content=\"Escrito por\" \/>\n\t<meta name=\"twitter:data1\" content=\"Ricardo Rodriguez\" \/>\n\t<meta name=\"twitter:label2\" content=\"Tiempo de lectura\" \/>\n\t<meta name=\"twitter:data2\" content=\"7 minutos\" \/>\n<script type=\"application\/ld+json\" class=\"yoast-schema-graph\">{\"@context\":\"https:\\\/\\\/schema.org\",\"@graph\":[{\"@type\":\"Article\",\"@id\":\"https:\\\/\\\/foreverfutbol.com.ec\\\/radio\\\/social\\\/generalmente-se-aspira-a-que-todos-los-temas-del-dia-despues-de-navidad-sean-agradables\\\/#article\",\"isPartOf\":{\"@id\":\"https:\\\/\\\/foreverfutbol.com.ec\\\/radio\\\/social\\\/generalmente-se-aspira-a-que-todos-los-temas-del-dia-despues-de-navidad-sean-agradables\\\/\"},\"author\":{\"name\":\"Ricardo Rodriguez\",\"@id\":\"https:\\\/\\\/foreverfutbol.com.ec\\\/radio\\\/#\\\/schema\\\/person\\\/2f679dd16f889ac00df6e7b648062a01\"},\"headline\":\"Generalmente se aspira a que todos los temas del d\u00eda despu\u00e9s de Navidad sean agradables\",\"datePublished\":\"2024-12-26T16:52:44+00:00\",\"dateModified\":\"2024-12-26T16:52:45+00:00\",\"mainEntityOfPage\":{\"@id\":\"https:\\\/\\\/foreverfutbol.com.ec\\\/radio\\\/social\\\/generalmente-se-aspira-a-que-todos-los-temas-del-dia-despues-de-navidad-sean-agradables\\\/\"},\"wordCount\":1446,\"commentCount\":0,\"publisher\":{\"@id\":\"https:\\\/\\\/foreverfutbol.com.ec\\\/radio\\\/#organization\"},\"image\":{\"@id\":\"https:\\\/\\\/foreverfutbol.com.ec\\\/radio\\\/social\\\/generalmente-se-aspira-a-que-todos-los-temas-del-dia-despues-de-navidad-sean-agradables\\\/#primaryimage\"},\"thumbnailUrl\":\"https:\\\/\\\/foreverfutbol.com.ec\\\/radio\\\/wp-content\\\/uploads\\\/2024\\\/10\\\/Ecuador-DanielNoboa-NayibBukele-JavierMilei-GustavoPetro-TheNewYorker-EditorialForever-2.png\",\"articleSection\":[\"Social\"],\"inLanguage\":\"es\",\"potentialAction\":[{\"@type\":\"CommentAction\",\"name\":\"Comment\",\"target\":[\"https:\\\/\\\/foreverfutbol.com.ec\\\/radio\\\/social\\\/generalmente-se-aspira-a-que-todos-los-temas-del-dia-despues-de-navidad-sean-agradables\\\/#respond\"]}]},{\"@type\":\"WebPage\",\"@id\":\"https:\\\/\\\/foreverfutbol.com.ec\\\/radio\\\/social\\\/generalmente-se-aspira-a-que-todos-los-temas-del-dia-despues-de-navidad-sean-agradables\\\/\",\"url\":\"https:\\\/\\\/foreverfutbol.com.ec\\\/radio\\\/social\\\/generalmente-se-aspira-a-que-todos-los-temas-del-dia-despues-de-navidad-sean-agradables\\\/\",\"name\":\"Generalmente se aspira a que todos los temas del d\u00eda despu\u00e9s de Navidad sean agradables - 92.5 FOREVER Radio\",\"isPartOf\":{\"@id\":\"https:\\\/\\\/foreverfutbol.com.ec\\\/radio\\\/#website\"},\"primaryImageOfPage\":{\"@id\":\"https:\\\/\\\/foreverfutbol.com.ec\\\/radio\\\/social\\\/generalmente-se-aspira-a-que-todos-los-temas-del-dia-despues-de-navidad-sean-agradables\\\/#primaryimage\"},\"image\":{\"@id\":\"https:\\\/\\\/foreverfutbol.com.ec\\\/radio\\\/social\\\/generalmente-se-aspira-a-que-todos-los-temas-del-dia-despues-de-navidad-sean-agradables\\\/#primaryimage\"},\"thumbnailUrl\":\"https:\\\/\\\/foreverfutbol.com.ec\\\/radio\\\/wp-content\\\/uploads\\\/2024\\\/10\\\/Ecuador-DanielNoboa-NayibBukele-JavierMilei-GustavoPetro-TheNewYorker-EditorialForever-2.png\",\"datePublished\":\"2024-12-26T16:52:44+00:00\",\"dateModified\":\"2024-12-26T16:52:45+00:00\",\"description\":\"Pero los asuntos de violencia, econ\u00f3micos y sociales no permiten que nuestro pa\u00eds disfrute de momentos de paz y amor.\",\"breadcrumb\":{\"@id\":\"https:\\\/\\\/foreverfutbol.com.ec\\\/radio\\\/social\\\/generalmente-se-aspira-a-que-todos-los-temas-del-dia-despues-de-navidad-sean-agradables\\\/#breadcrumb\"},\"inLanguage\":\"es\",\"potentialAction\":[{\"@type\":\"ReadAction\",\"target\":[\"https:\\\/\\\/foreverfutbol.com.ec\\\/radio\\\/social\\\/generalmente-se-aspira-a-que-todos-los-temas-del-dia-despues-de-navidad-sean-agradables\\\/\"]}]},{\"@type\":\"ImageObject\",\"inLanguage\":\"es\",\"@id\":\"https:\\\/\\\/foreverfutbol.com.ec\\\/radio\\\/social\\\/generalmente-se-aspira-a-que-todos-los-temas-del-dia-despues-de-navidad-sean-agradables\\\/#primaryimage\",\"url\":\"https:\\\/\\\/foreverfutbol.com.ec\\\/radio\\\/wp-content\\\/uploads\\\/2024\\\/10\\\/Ecuador-DanielNoboa-NayibBukele-JavierMilei-GustavoPetro-TheNewYorker-EditorialForever-2.png\",\"contentUrl\":\"https:\\\/\\\/foreverfutbol.com.ec\\\/radio\\\/wp-content\\\/uploads\\\/2024\\\/10\\\/Ecuador-DanielNoboa-NayibBukele-JavierMilei-GustavoPetro-TheNewYorker-EditorialForever-2.png\",\"width\":1280,\"height\":865},{\"@type\":\"BreadcrumbList\",\"@id\":\"https:\\\/\\\/foreverfutbol.com.ec\\\/radio\\\/social\\\/generalmente-se-aspira-a-que-todos-los-temas-del-dia-despues-de-navidad-sean-agradables\\\/#breadcrumb\",\"itemListElement\":[{\"@type\":\"ListItem\",\"position\":1,\"name\":\"Portada\",\"item\":\"https:\\\/\\\/foreverfutbol.com.ec\\\/radio\\\/\"},{\"@type\":\"ListItem\",\"position\":2,\"name\":\"Generalmente se aspira a que todos los temas del d\u00eda despu\u00e9s de Navidad sean agradables\"}]},{\"@type\":\"WebSite\",\"@id\":\"https:\\\/\\\/foreverfutbol.com.ec\\\/radio\\\/#website\",\"url\":\"https:\\\/\\\/foreverfutbol.com.ec\\\/radio\\\/\",\"name\":\"92.5 FOREVER Radio\",\"description\":\"\",\"publisher\":{\"@id\":\"https:\\\/\\\/foreverfutbol.com.ec\\\/radio\\\/#organization\"},\"potentialAction\":[{\"@type\":\"SearchAction\",\"target\":{\"@type\":\"EntryPoint\",\"urlTemplate\":\"https:\\\/\\\/foreverfutbol.com.ec\\\/radio\\\/?s={search_term_string}\"},\"query-input\":{\"@type\":\"PropertyValueSpecification\",\"valueRequired\":true,\"valueName\":\"search_term_string\"}}],\"inLanguage\":\"es\"},{\"@type\":\"Organization\",\"@id\":\"https:\\\/\\\/foreverfutbol.com.ec\\\/radio\\\/#organization\",\"name\":\"92.5 FOREVER Radio\",\"url\":\"https:\\\/\\\/foreverfutbol.com.ec\\\/radio\\\/\",\"logo\":{\"@type\":\"ImageObject\",\"inLanguage\":\"es\",\"@id\":\"https:\\\/\\\/foreverfutbol.com.ec\\\/radio\\\/#\\\/schema\\\/logo\\\/image\\\/\",\"url\":\"https:\\\/\\\/foreverfutbol.com.ec\\\/radio\\\/wp-content\\\/uploads\\\/2024\\\/01\\\/cropped-logo-forever.png\",\"contentUrl\":\"https:\\\/\\\/foreverfutbol.com.ec\\\/radio\\\/wp-content\\\/uploads\\\/2024\\\/01\\\/cropped-logo-forever.png\",\"width\":180,\"height\":154,\"caption\":\"92.5 FOREVER Radio\"},\"image\":{\"@id\":\"https:\\\/\\\/foreverfutbol.com.ec\\\/radio\\\/#\\\/schema\\\/logo\\\/image\\\/\"},\"sameAs\":[\"https:\\\/\\\/www.facebook.com\\\/profile.php?id=100063550693491\",\"https:\\\/\\\/x.com\\\/925forever\",\"https:\\\/\\\/www.instagram.com\\\/radioforever925\\\/\"]},{\"@type\":\"Person\",\"@id\":\"https:\\\/\\\/foreverfutbol.com.ec\\\/radio\\\/#\\\/schema\\\/person\\\/2f679dd16f889ac00df6e7b648062a01\",\"name\":\"Ricardo Rodriguez\",\"image\":{\"@type\":\"ImageObject\",\"inLanguage\":\"es\",\"@id\":\"https:\\\/\\\/secure.gravatar.com\\\/avatar\\\/5d9dfb95700bd0c503ed088d29de94822b5cc66a74cb0362774e6fc534823d07?s=96&d=mm&r=g\",\"url\":\"https:\\\/\\\/secure.gravatar.com\\\/avatar\\\/5d9dfb95700bd0c503ed088d29de94822b5cc66a74cb0362774e6fc534823d07?s=96&d=mm&r=g\",\"contentUrl\":\"https:\\\/\\\/secure.gravatar.com\\\/avatar\\\/5d9dfb95700bd0c503ed088d29de94822b5cc66a74cb0362774e6fc534823d07?s=96&d=mm&r=g\",\"caption\":\"Ricardo Rodriguez\"},\"sameAs\":[\"https:\\\/\\\/foreverfutbol.com.ec\\\/radio\"],\"url\":\"https:\\\/\\\/foreverfutbol.com.ec\\\/radio\\\/author\\\/superdmin\\\/\"}]}<\/script>\n<!-- \/ Yoast SEO plugin. -->","yoast_head_json":{"title":"Generalmente se aspira a que todos los temas del d\u00eda despu\u00e9s de Navidad sean agradables - 92.5 FOREVER Radio","description":"Pero los asuntos de violencia, econ\u00f3micos y sociales no permiten que nuestro pa\u00eds disfrute de momentos de paz y amor.","robots":{"index":"index","follow":"follow","max-snippet":"max-snippet:-1","max-image-preview":"max-image-preview:large","max-video-preview":"max-video-preview:-1"},"canonical":"https:\/\/foreverfutbol.com.ec\/radio\/social\/generalmente-se-aspira-a-que-todos-los-temas-del-dia-despues-de-navidad-sean-agradables\/","og_locale":"es_ES","og_type":"article","og_title":"Generalmente se aspira a que todos los temas del d\u00eda despu\u00e9s de Navidad sean agradables - 92.5 FOREVER Radio","og_description":"Pero los asuntos de violencia, econ\u00f3micos y sociales no permiten que nuestro pa\u00eds disfrute de momentos de paz y amor.","og_url":"https:\/\/foreverfutbol.com.ec\/radio\/social\/generalmente-se-aspira-a-que-todos-los-temas-del-dia-despues-de-navidad-sean-agradables\/","og_site_name":"92.5 FOREVER Radio","article_publisher":"https:\/\/www.facebook.com\/profile.php?id=100063550693491","article_published_time":"2024-12-26T16:52:44+00:00","article_modified_time":"2024-12-26T16:52:45+00:00","og_image":[{"width":1280,"height":865,"url":"https:\/\/foreverfutbol.com.ec\/radio\/wp-content\/uploads\/2024\/10\/Ecuador-DanielNoboa-NayibBukele-JavierMilei-GustavoPetro-TheNewYorker-EditorialForever-2.png","type":"image\/png"}],"author":"Ricardo Rodriguez","twitter_card":"summary_large_image","twitter_creator":"@925forever","twitter_site":"@925forever","twitter_misc":{"Escrito por":"Ricardo Rodriguez","Tiempo de lectura":"7 minutos"},"schema":{"@context":"https:\/\/schema.org","@graph":[{"@type":"Article","@id":"https:\/\/foreverfutbol.com.ec\/radio\/social\/generalmente-se-aspira-a-que-todos-los-temas-del-dia-despues-de-navidad-sean-agradables\/#article","isPartOf":{"@id":"https:\/\/foreverfutbol.com.ec\/radio\/social\/generalmente-se-aspira-a-que-todos-los-temas-del-dia-despues-de-navidad-sean-agradables\/"},"author":{"name":"Ricardo Rodriguez","@id":"https:\/\/foreverfutbol.com.ec\/radio\/#\/schema\/person\/2f679dd16f889ac00df6e7b648062a01"},"headline":"Generalmente se aspira a que todos los temas del d\u00eda despu\u00e9s de Navidad sean agradables","datePublished":"2024-12-26T16:52:44+00:00","dateModified":"2024-12-26T16:52:45+00:00","mainEntityOfPage":{"@id":"https:\/\/foreverfutbol.com.ec\/radio\/social\/generalmente-se-aspira-a-que-todos-los-temas-del-dia-despues-de-navidad-sean-agradables\/"},"wordCount":1446,"commentCount":0,"publisher":{"@id":"https:\/\/foreverfutbol.com.ec\/radio\/#organization"},"image":{"@id":"https:\/\/foreverfutbol.com.ec\/radio\/social\/generalmente-se-aspira-a-que-todos-los-temas-del-dia-despues-de-navidad-sean-agradables\/#primaryimage"},"thumbnailUrl":"https:\/\/foreverfutbol.com.ec\/radio\/wp-content\/uploads\/2024\/10\/Ecuador-DanielNoboa-NayibBukele-JavierMilei-GustavoPetro-TheNewYorker-EditorialForever-2.png","articleSection":["Social"],"inLanguage":"es","potentialAction":[{"@type":"CommentAction","name":"Comment","target":["https:\/\/foreverfutbol.com.ec\/radio\/social\/generalmente-se-aspira-a-que-todos-los-temas-del-dia-despues-de-navidad-sean-agradables\/#respond"]}]},{"@type":"WebPage","@id":"https:\/\/foreverfutbol.com.ec\/radio\/social\/generalmente-se-aspira-a-que-todos-los-temas-del-dia-despues-de-navidad-sean-agradables\/","url":"https:\/\/foreverfutbol.com.ec\/radio\/social\/generalmente-se-aspira-a-que-todos-los-temas-del-dia-despues-de-navidad-sean-agradables\/","name":"Generalmente se aspira a que todos los temas del d\u00eda despu\u00e9s de Navidad sean agradables - 92.5 FOREVER Radio","isPartOf":{"@id":"https:\/\/foreverfutbol.com.ec\/radio\/#website"},"primaryImageOfPage":{"@id":"https:\/\/foreverfutbol.com.ec\/radio\/social\/generalmente-se-aspira-a-que-todos-los-temas-del-dia-despues-de-navidad-sean-agradables\/#primaryimage"},"image":{"@id":"https:\/\/foreverfutbol.com.ec\/radio\/social\/generalmente-se-aspira-a-que-todos-los-temas-del-dia-despues-de-navidad-sean-agradables\/#primaryimage"},"thumbnailUrl":"https:\/\/foreverfutbol.com.ec\/radio\/wp-content\/uploads\/2024\/10\/Ecuador-DanielNoboa-NayibBukele-JavierMilei-GustavoPetro-TheNewYorker-EditorialForever-2.png","datePublished":"2024-12-26T16:52:44+00:00","dateModified":"2024-12-26T16:52:45+00:00","description":"Pero los asuntos de violencia, econ\u00f3micos y sociales no permiten que nuestro pa\u00eds disfrute de momentos de paz y amor.","breadcrumb":{"@id":"https:\/\/foreverfutbol.com.ec\/radio\/social\/generalmente-se-aspira-a-que-todos-los-temas-del-dia-despues-de-navidad-sean-agradables\/#breadcrumb"},"inLanguage":"es","potentialAction":[{"@type":"ReadAction","target":["https:\/\/foreverfutbol.com.ec\/radio\/social\/generalmente-se-aspira-a-que-todos-los-temas-del-dia-despues-de-navidad-sean-agradables\/"]}]},{"@type":"ImageObject","inLanguage":"es","@id":"https:\/\/foreverfutbol.com.ec\/radio\/social\/generalmente-se-aspira-a-que-todos-los-temas-del-dia-despues-de-navidad-sean-agradables\/#primaryimage","url":"https:\/\/foreverfutbol.com.ec\/radio\/wp-content\/uploads\/2024\/10\/Ecuador-DanielNoboa-NayibBukele-JavierMilei-GustavoPetro-TheNewYorker-EditorialForever-2.png","contentUrl":"https:\/\/foreverfutbol.com.ec\/radio\/wp-content\/uploads\/2024\/10\/Ecuador-DanielNoboa-NayibBukele-JavierMilei-GustavoPetro-TheNewYorker-EditorialForever-2.png","width":1280,"height":865},{"@type":"BreadcrumbList","@id":"https:\/\/foreverfutbol.com.ec\/radio\/social\/generalmente-se-aspira-a-que-todos-los-temas-del-dia-despues-de-navidad-sean-agradables\/#breadcrumb","itemListElement":[{"@type":"ListItem","position":1,"name":"Portada","item":"https:\/\/foreverfutbol.com.ec\/radio\/"},{"@type":"ListItem","position":2,"name":"Generalmente se aspira a que todos los temas del d\u00eda despu\u00e9s de Navidad sean agradables"}]},{"@type":"WebSite","@id":"https:\/\/foreverfutbol.com.ec\/radio\/#website","url":"https:\/\/foreverfutbol.com.ec\/radio\/","name":"92.5 FOREVER Radio","description":"","publisher":{"@id":"https:\/\/foreverfutbol.com.ec\/radio\/#organization"},"potentialAction":[{"@type":"SearchAction","target":{"@type":"EntryPoint","urlTemplate":"https:\/\/foreverfutbol.com.ec\/radio\/?s={search_term_string}"},"query-input":{"@type":"PropertyValueSpecification","valueRequired":true,"valueName":"search_term_string"}}],"inLanguage":"es"},{"@type":"Organization","@id":"https:\/\/foreverfutbol.com.ec\/radio\/#organization","name":"92.5 FOREVER Radio","url":"https:\/\/foreverfutbol.com.ec\/radio\/","logo":{"@type":"ImageObject","inLanguage":"es","@id":"https:\/\/foreverfutbol.com.ec\/radio\/#\/schema\/logo\/image\/","url":"https:\/\/foreverfutbol.com.ec\/radio\/wp-content\/uploads\/2024\/01\/cropped-logo-forever.png","contentUrl":"https:\/\/foreverfutbol.com.ec\/radio\/wp-content\/uploads\/2024\/01\/cropped-logo-forever.png","width":180,"height":154,"caption":"92.5 FOREVER Radio"},"image":{"@id":"https:\/\/foreverfutbol.com.ec\/radio\/#\/schema\/logo\/image\/"},"sameAs":["https:\/\/www.facebook.com\/profile.php?id=100063550693491","https:\/\/x.com\/925forever","https:\/\/www.instagram.com\/radioforever925\/"]},{"@type":"Person","@id":"https:\/\/foreverfutbol.com.ec\/radio\/#\/schema\/person\/2f679dd16f889ac00df6e7b648062a01","name":"Ricardo Rodriguez","image":{"@type":"ImageObject","inLanguage":"es","@id":"https:\/\/secure.gravatar.com\/avatar\/5d9dfb95700bd0c503ed088d29de94822b5cc66a74cb0362774e6fc534823d07?s=96&d=mm&r=g","url":"https:\/\/secure.gravatar.com\/avatar\/5d9dfb95700bd0c503ed088d29de94822b5cc66a74cb0362774e6fc534823d07?s=96&d=mm&r=g","contentUrl":"https:\/\/secure.gravatar.com\/avatar\/5d9dfb95700bd0c503ed088d29de94822b5cc66a74cb0362774e6fc534823d07?s=96&d=mm&r=g","caption":"Ricardo Rodriguez"},"sameAs":["https:\/\/foreverfutbol.com.ec\/radio"],"url":"https:\/\/foreverfutbol.com.ec\/radio\/author\/superdmin\/"}]}},"_links":{"self":[{"href":"https:\/\/foreverfutbol.com.ec\/radio\/wp-json\/wp\/v2\/posts\/8585","targetHints":{"allow":["GET"]}}],"collection":[{"href":"https:\/\/foreverfutbol.com.ec\/radio\/wp-json\/wp\/v2\/posts"}],"about":[{"href":"https:\/\/foreverfutbol.com.ec\/radio\/wp-json\/wp\/v2\/types\/post"}],"author":[{"embeddable":true,"href":"https:\/\/foreverfutbol.com.ec\/radio\/wp-json\/wp\/v2\/users\/1"}],"replies":[{"embeddable":true,"href":"https:\/\/foreverfutbol.com.ec\/radio\/wp-json\/wp\/v2\/comments?post=8585"}],"version-history":[{"count":1,"href":"https:\/\/foreverfutbol.com.ec\/radio\/wp-json\/wp\/v2\/posts\/8585\/revisions"}],"predecessor-version":[{"id":8586,"href":"https:\/\/foreverfutbol.com.ec\/radio\/wp-json\/wp\/v2\/posts\/8585\/revisions\/8586"}],"wp:featuredmedia":[{"embeddable":true,"href":"https:\/\/foreverfutbol.com.ec\/radio\/wp-json\/wp\/v2\/media\/7261"}],"wp:attachment":[{"href":"https:\/\/foreverfutbol.com.ec\/radio\/wp-json\/wp\/v2\/media?parent=8585"}],"wp:term":[{"taxonomy":"category","embeddable":true,"href":"https:\/\/foreverfutbol.com.ec\/radio\/wp-json\/wp\/v2\/categories?post=8585"},{"taxonomy":"post_tag","embeddable":true,"href":"https:\/\/foreverfutbol.com.ec\/radio\/wp-json\/wp\/v2\/tags?post=8585"}],"curies":[{"name":"wp","href":"https:\/\/api.w.org\/{rel}","templated":true}]}}