{"id":8134,"date":"2024-12-03T12:45:23","date_gmt":"2024-12-03T17:45:23","guid":{"rendered":"https:\/\/foreverfutbol.com.ec\/radio\/?p=8134"},"modified":"2024-12-03T12:45:24","modified_gmt":"2024-12-03T17:45:24","slug":"presidente-surcoreano-declaro-una-ley-marcial-de-emergencia-acusando-a-la-oposicion-de-paralizar-a-su-gobierno","status":"publish","type":"post","link":"https:\/\/foreverfutbol.com.ec\/radio\/internacional\/presidente-surcoreano-declaro-una-ley-marcial-de-emergencia-acusando-a-la-oposicion-de-paralizar-a-su-gobierno\/","title":{"rendered":"Presidente surcoreano declar\u00f3 una \u00abley marcial de emergencia\u00bb, acusando a la oposici\u00f3n de paralizar a su Gobierno"},"content":{"rendered":"\n<p class=\"wp-block-paragraph\">El mandatario surcoreano, Yoon Suk Yeol, declar\u00f3 el martes una \u00abley marcial de emergencia\u00bb, acusando a la oposici\u00f3n de simpatizar con Corea del Norte y de paralizar a su Gobierno. Acto seguido, decret\u00f3 el cierre del Parlamento y de los medios y la prohibici\u00f3n de actividades pol\u00edticas. Sin embargo, el Parlament\u00f3 vot\u00f3 por revocar la medida.<\/p>\n\n\n\n<p class=\"wp-block-paragraph\"><strong>Lo esencial:<\/strong><br>El presidente Yoon Suk Yeol declar\u00f3 este martes 3 de diciembre la \u00abley marcial de emergencia\u00bb. <\/p>\n\n\n\n<p class=\"wp-block-paragraph\">Tras el anuncio, el presidente decret\u00f3 el cierre del Parlamento, el control de los medios y prohibi\u00f3 las actividades pol\u00edticas. <\/p>\n\n\n\n<p class=\"wp-block-paragraph\">El Parlamento surcoreano vot\u00f3 a favor de bloquear la declaraci\u00f3n de ley marcial del presidente.<\/p>\n\n\n\n<p class=\"wp-block-paragraph\">El mandatario acus\u00f3 a la oposici\u00f3n de \u00absimpatizar con \u00abCorea del Norte\u00bb y aludi\u00f3 una amenaza de \u00abfuerzas pro-norcoreanas\u00bb. <\/p>\n\n\n\n<p class=\"wp-block-paragraph\">Yoon tambi\u00e9n acus\u00f3 a la oposici\u00f3n de bloquear su Gobierno y de perseguir a fiscales por causas contra el jefe del principal partido opositor. <\/p>\n\n\n\n<p class=\"wp-block-paragraph\">El presidente se encuentra en un momento de baja popularidad y entre pedidos de investigar a su esposa por presunta corrupci\u00f3n. <\/p>\n\n\n\n<p class=\"wp-block-paragraph\"><strong>Legisladores bloquean decreto; tropas empiezan a retirarse del edificio del parlamento <\/strong><\/p>\n\n\n\n<p class=\"wp-block-paragraph\">Despu\u00e9s de que los legisladores votaron para bloquear el decreto de ley marcial del presidente, las tropas que hab\u00edan ingresado al edificio principal del parlamento en Se\u00fal empezaron a retirarse alrededor de la 1 a.m., hora local en Se\u00fal, tal como lo inform\u00f3 el peri\u00f3dico coreano Chosun Ilbo. Adem\u00e1s, la televisi\u00f3n local est\u00e1 mostrando im\u00e1genes de las tropas saliendo del edificio, reporte que tambi\u00e9n recoge el peri\u00f3dico Chosun Ilbo.<\/p>\n\n\n\n<p class=\"wp-block-paragraph\"><strong>Los antecedentes de la declaratoria de la ley marcial por parte del presidente<br><\/strong>El partido de Yoon ha estado atrapado en un impasse con la oposici\u00f3n liberal sobre el proyecto de ley de presupuesto del pr\u00f3ximo a\u00f1o.<\/p>\n\n\n\n<p class=\"wp-block-paragraph\">La oposici\u00f3n tambi\u00e9n ha intentado aprobar mociones para destituir a tres fiscales de alto rango, incluido el jefe de la Fiscal\u00eda del Distrito Central de Se\u00fal, en lo que los conservadores han llamado una vendetta a las investigaciones criminales contra el l\u00edder de la oposici\u00f3n, Lee Jae-myung, quien ha sido visto como el favorito para las pr\u00f3ximas elecciones presidenciales en 2027 en las encuestas de opini\u00f3n.<\/p>\n\n\n\n<p class=\"wp-block-paragraph\">Lee perdi\u00f3 por poco ante Yoon en las elecciones presidenciales de 2022.<\/p>\n\n\n\n<p class=\"wp-block-paragraph\">El presidente surcoreano tambi\u00e9n ha rechazado los pedidos de investigaciones independientes sobre los esc\u00e1ndalos que involucran a su esposa y altos funcionarios, lo que provoc\u00f3 r\u00e1pidas y fuertes reprimendas de sus rivales pol\u00edticos. Seg\u00fan se informa, el Partido Dem\u00f3crata convoc\u00f3 una reuni\u00f3n de emergencia de sus legisladores despu\u00e9s del anuncio de Yoon.<\/p>\n\n\n\n<p class=\"wp-block-paragraph\">La medida de Yoon es la primera declaraci\u00f3n de ley marcial desde la democratizaci\u00f3n del pa\u00eds en 1987.<\/p>\n\n\n\n<p class=\"wp-block-paragraph\">#CoreadelSur #leymarcial #YoonSukYeol #Se\u00fal #Parlamento <\/p>\n","protected":false},"excerpt":{"rendered":"<p>El mandatario surcoreano, Yoon Suk Yeol, declar\u00f3 el martes una \u00abley marcial de emergencia\u00bb, acusando a la oposici\u00f3n de simpatizar con Corea del Norte y de paralizar a su Gobierno. Acto seguido, decret\u00f3 el cierre del Parlamento y de los medios y la prohibici\u00f3n de actividades pol\u00edticas. Sin embargo, el Parlament\u00f3 vot\u00f3 por revocar la [&hellip;]<\/p>\n","protected":false},"author":1,"featured_media":8135,"comment_status":"open","ping_status":"open","sticky":false,"template":"","format":"standard","meta":{"footnotes":""},"categories":[54],"tags":[],"class_list":["post-8134","post","type-post","status-publish","format-standard","has-post-thumbnail","hentry","category-internacional"],"yoast_head":"<!-- This site is optimized with the Yoast SEO plugin v28.3 - https:\/\/yoast.com\/product\/yoast-seo-wordpress\/ -->\n<title>Presidente surcoreano declar\u00f3 una &quot;ley marcial de emergencia&quot;, acusando a la oposici\u00f3n de paralizar a su Gobierno - 92.5 FOREVER Radio<\/title>\n<meta name=\"description\" content=\"Acto seguido, decret\u00f3 el cierre del Parlamento de corea del Sur y de los medios y la prohibici\u00f3n de actividades pol\u00edticas...\" \/>\n<meta name=\"robots\" content=\"index, follow, max-snippet:-1, max-image-preview:large, max-video-preview:-1\" \/>\n<link rel=\"canonical\" href=\"https:\/\/foreverfutbol.com.ec\/radio\/internacional\/presidente-surcoreano-declaro-una-ley-marcial-de-emergencia-acusando-a-la-oposicion-de-paralizar-a-su-gobierno\/\" \/>\n<meta property=\"og:locale\" content=\"es_ES\" \/>\n<meta property=\"og:type\" content=\"article\" \/>\n<meta property=\"og:title\" content=\"Presidente surcoreano declar\u00f3 una &quot;ley marcial de emergencia&quot;, acusando a la oposici\u00f3n de paralizar a su Gobierno - 92.5 FOREVER Radio\" \/>\n<meta property=\"og:description\" content=\"Acto seguido, decret\u00f3 el cierre del Parlamento de corea del Sur y de los medios y la prohibici\u00f3n de actividades pol\u00edticas...\" \/>\n<meta property=\"og:url\" content=\"https:\/\/foreverfutbol.com.ec\/radio\/internacional\/presidente-surcoreano-declaro-una-ley-marcial-de-emergencia-acusando-a-la-oposicion-de-paralizar-a-su-gobierno\/\" \/>\n<meta property=\"og:site_name\" content=\"92.5 FOREVER Radio\" \/>\n<meta property=\"article:publisher\" content=\"https:\/\/www.facebook.com\/profile.php?id=100063550693491\" \/>\n<meta property=\"article:published_time\" content=\"2024-12-03T17:45:23+00:00\" \/>\n<meta property=\"article:modified_time\" content=\"2024-12-03T17:45:24+00:00\" \/>\n<meta property=\"og:image\" content=\"https:\/\/foreverfutbol.com.ec\/radio\/wp-content\/uploads\/2024\/12\/CoreadelSur-leymarcial-YoonSukYeol-Seul-Parlamento-Foreverinforma.png\" \/>\n\t<meta property=\"og:image:width\" content=\"1280\" \/>\n\t<meta property=\"og:image:height\" content=\"865\" \/>\n\t<meta property=\"og:image:type\" content=\"image\/png\" \/>\n<meta name=\"author\" content=\"Ricardo Rodriguez\" \/>\n<meta name=\"twitter:card\" content=\"summary_large_image\" \/>\n<meta name=\"twitter:creator\" content=\"@925forever\" \/>\n<meta name=\"twitter:site\" content=\"@925forever\" \/>\n<meta name=\"twitter:label1\" content=\"Escrito por\" \/>\n\t<meta name=\"twitter:data1\" content=\"Ricardo Rodriguez\" \/>\n\t<meta name=\"twitter:label2\" content=\"Tiempo de lectura\" \/>\n\t<meta name=\"twitter:data2\" content=\"3 minutos\" \/>\n<script type=\"application\/ld+json\" class=\"yoast-schema-graph\">{\"@context\":\"https:\\\/\\\/schema.org\",\"@graph\":[{\"@type\":\"Article\",\"@id\":\"https:\\\/\\\/foreverfutbol.com.ec\\\/radio\\\/internacional\\\/presidente-surcoreano-declaro-una-ley-marcial-de-emergencia-acusando-a-la-oposicion-de-paralizar-a-su-gobierno\\\/#article\",\"isPartOf\":{\"@id\":\"https:\\\/\\\/foreverfutbol.com.ec\\\/radio\\\/internacional\\\/presidente-surcoreano-declaro-una-ley-marcial-de-emergencia-acusando-a-la-oposicion-de-paralizar-a-su-gobierno\\\/\"},\"author\":{\"name\":\"Ricardo Rodriguez\",\"@id\":\"https:\\\/\\\/foreverfutbol.com.ec\\\/radio\\\/#\\\/schema\\\/person\\\/2f679dd16f889ac00df6e7b648062a01\"},\"headline\":\"Presidente surcoreano declar\u00f3 una \u00abley marcial de emergencia\u00bb, acusando a la oposici\u00f3n de paralizar a su Gobierno\",\"datePublished\":\"2024-12-03T17:45:23+00:00\",\"dateModified\":\"2024-12-03T17:45:24+00:00\",\"mainEntityOfPage\":{\"@id\":\"https:\\\/\\\/foreverfutbol.com.ec\\\/radio\\\/internacional\\\/presidente-surcoreano-declaro-una-ley-marcial-de-emergencia-acusando-a-la-oposicion-de-paralizar-a-su-gobierno\\\/\"},\"wordCount\":499,\"commentCount\":0,\"publisher\":{\"@id\":\"https:\\\/\\\/foreverfutbol.com.ec\\\/radio\\\/#organization\"},\"image\":{\"@id\":\"https:\\\/\\\/foreverfutbol.com.ec\\\/radio\\\/internacional\\\/presidente-surcoreano-declaro-una-ley-marcial-de-emergencia-acusando-a-la-oposicion-de-paralizar-a-su-gobierno\\\/#primaryimage\"},\"thumbnailUrl\":\"https:\\\/\\\/foreverfutbol.com.ec\\\/radio\\\/wp-content\\\/uploads\\\/2024\\\/12\\\/CoreadelSur-leymarcial-YoonSukYeol-Seul-Parlamento-Foreverinforma.png\",\"articleSection\":[\"Internacional\"],\"inLanguage\":\"es\",\"potentialAction\":[{\"@type\":\"CommentAction\",\"name\":\"Comment\",\"target\":[\"https:\\\/\\\/foreverfutbol.com.ec\\\/radio\\\/internacional\\\/presidente-surcoreano-declaro-una-ley-marcial-de-emergencia-acusando-a-la-oposicion-de-paralizar-a-su-gobierno\\\/#respond\"]}]},{\"@type\":\"WebPage\",\"@id\":\"https:\\\/\\\/foreverfutbol.com.ec\\\/radio\\\/internacional\\\/presidente-surcoreano-declaro-una-ley-marcial-de-emergencia-acusando-a-la-oposicion-de-paralizar-a-su-gobierno\\\/\",\"url\":\"https:\\\/\\\/foreverfutbol.com.ec\\\/radio\\\/internacional\\\/presidente-surcoreano-declaro-una-ley-marcial-de-emergencia-acusando-a-la-oposicion-de-paralizar-a-su-gobierno\\\/\",\"name\":\"Presidente surcoreano declar\u00f3 una \\\"ley marcial de emergencia\\\", acusando a la oposici\u00f3n de paralizar a su Gobierno - 92.5 FOREVER Radio\",\"isPartOf\":{\"@id\":\"https:\\\/\\\/foreverfutbol.com.ec\\\/radio\\\/#website\"},\"primaryImageOfPage\":{\"@id\":\"https:\\\/\\\/foreverfutbol.com.ec\\\/radio\\\/internacional\\\/presidente-surcoreano-declaro-una-ley-marcial-de-emergencia-acusando-a-la-oposicion-de-paralizar-a-su-gobierno\\\/#primaryimage\"},\"image\":{\"@id\":\"https:\\\/\\\/foreverfutbol.com.ec\\\/radio\\\/internacional\\\/presidente-surcoreano-declaro-una-ley-marcial-de-emergencia-acusando-a-la-oposicion-de-paralizar-a-su-gobierno\\\/#primaryimage\"},\"thumbnailUrl\":\"https:\\\/\\\/foreverfutbol.com.ec\\\/radio\\\/wp-content\\\/uploads\\\/2024\\\/12\\\/CoreadelSur-leymarcial-YoonSukYeol-Seul-Parlamento-Foreverinforma.png\",\"datePublished\":\"2024-12-03T17:45:23+00:00\",\"dateModified\":\"2024-12-03T17:45:24+00:00\",\"description\":\"Acto seguido, decret\u00f3 el cierre del Parlamento de corea del Sur y de los medios y la prohibici\u00f3n de actividades pol\u00edticas...\",\"breadcrumb\":{\"@id\":\"https:\\\/\\\/foreverfutbol.com.ec\\\/radio\\\/internacional\\\/presidente-surcoreano-declaro-una-ley-marcial-de-emergencia-acusando-a-la-oposicion-de-paralizar-a-su-gobierno\\\/#breadcrumb\"},\"inLanguage\":\"es\",\"potentialAction\":[{\"@type\":\"ReadAction\",\"target\":[\"https:\\\/\\\/foreverfutbol.com.ec\\\/radio\\\/internacional\\\/presidente-surcoreano-declaro-una-ley-marcial-de-emergencia-acusando-a-la-oposicion-de-paralizar-a-su-gobierno\\\/\"]}]},{\"@type\":\"ImageObject\",\"inLanguage\":\"es\",\"@id\":\"https:\\\/\\\/foreverfutbol.com.ec\\\/radio\\\/internacional\\\/presidente-surcoreano-declaro-una-ley-marcial-de-emergencia-acusando-a-la-oposicion-de-paralizar-a-su-gobierno\\\/#primaryimage\",\"url\":\"https:\\\/\\\/foreverfutbol.com.ec\\\/radio\\\/wp-content\\\/uploads\\\/2024\\\/12\\\/CoreadelSur-leymarcial-YoonSukYeol-Seul-Parlamento-Foreverinforma.png\",\"contentUrl\":\"https:\\\/\\\/foreverfutbol.com.ec\\\/radio\\\/wp-content\\\/uploads\\\/2024\\\/12\\\/CoreadelSur-leymarcial-YoonSukYeol-Seul-Parlamento-Foreverinforma.png\",\"width\":1280,\"height\":865},{\"@type\":\"BreadcrumbList\",\"@id\":\"https:\\\/\\\/foreverfutbol.com.ec\\\/radio\\\/internacional\\\/presidente-surcoreano-declaro-una-ley-marcial-de-emergencia-acusando-a-la-oposicion-de-paralizar-a-su-gobierno\\\/#breadcrumb\",\"itemListElement\":[{\"@type\":\"ListItem\",\"position\":1,\"name\":\"Portada\",\"item\":\"https:\\\/\\\/foreverfutbol.com.ec\\\/radio\\\/\"},{\"@type\":\"ListItem\",\"position\":2,\"name\":\"Presidente surcoreano declar\u00f3 una \u00abley marcial de emergencia\u00bb, acusando a la oposici\u00f3n de paralizar a su Gobierno\"}]},{\"@type\":\"WebSite\",\"@id\":\"https:\\\/\\\/foreverfutbol.com.ec\\\/radio\\\/#website\",\"url\":\"https:\\\/\\\/foreverfutbol.com.ec\\\/radio\\\/\",\"name\":\"92.5 FOREVER Radio\",\"description\":\"\",\"publisher\":{\"@id\":\"https:\\\/\\\/foreverfutbol.com.ec\\\/radio\\\/#organization\"},\"potentialAction\":[{\"@type\":\"SearchAction\",\"target\":{\"@type\":\"EntryPoint\",\"urlTemplate\":\"https:\\\/\\\/foreverfutbol.com.ec\\\/radio\\\/?s={search_term_string}\"},\"query-input\":{\"@type\":\"PropertyValueSpecification\",\"valueRequired\":true,\"valueName\":\"search_term_string\"}}],\"inLanguage\":\"es\"},{\"@type\":\"Organization\",\"@id\":\"https:\\\/\\\/foreverfutbol.com.ec\\\/radio\\\/#organization\",\"name\":\"92.5 FOREVER Radio\",\"url\":\"https:\\\/\\\/foreverfutbol.com.ec\\\/radio\\\/\",\"logo\":{\"@type\":\"ImageObject\",\"inLanguage\":\"es\",\"@id\":\"https:\\\/\\\/foreverfutbol.com.ec\\\/radio\\\/#\\\/schema\\\/logo\\\/image\\\/\",\"url\":\"https:\\\/\\\/foreverfutbol.com.ec\\\/radio\\\/wp-content\\\/uploads\\\/2024\\\/01\\\/cropped-logo-forever.png\",\"contentUrl\":\"https:\\\/\\\/foreverfutbol.com.ec\\\/radio\\\/wp-content\\\/uploads\\\/2024\\\/01\\\/cropped-logo-forever.png\",\"width\":180,\"height\":154,\"caption\":\"92.5 FOREVER Radio\"},\"image\":{\"@id\":\"https:\\\/\\\/foreverfutbol.com.ec\\\/radio\\\/#\\\/schema\\\/logo\\\/image\\\/\"},\"sameAs\":[\"https:\\\/\\\/www.facebook.com\\\/profile.php?id=100063550693491\",\"https:\\\/\\\/x.com\\\/925forever\",\"https:\\\/\\\/www.instagram.com\\\/radioforever925\\\/\"]},{\"@type\":\"Person\",\"@id\":\"https:\\\/\\\/foreverfutbol.com.ec\\\/radio\\\/#\\\/schema\\\/person\\\/2f679dd16f889ac00df6e7b648062a01\",\"name\":\"Ricardo Rodriguez\",\"image\":{\"@type\":\"ImageObject\",\"inLanguage\":\"es\",\"@id\":\"https:\\\/\\\/secure.gravatar.com\\\/avatar\\\/5d9dfb95700bd0c503ed088d29de94822b5cc66a74cb0362774e6fc534823d07?s=96&d=mm&r=g\",\"url\":\"https:\\\/\\\/secure.gravatar.com\\\/avatar\\\/5d9dfb95700bd0c503ed088d29de94822b5cc66a74cb0362774e6fc534823d07?s=96&d=mm&r=g\",\"contentUrl\":\"https:\\\/\\\/secure.gravatar.com\\\/avatar\\\/5d9dfb95700bd0c503ed088d29de94822b5cc66a74cb0362774e6fc534823d07?s=96&d=mm&r=g\",\"caption\":\"Ricardo Rodriguez\"},\"sameAs\":[\"https:\\\/\\\/foreverfutbol.com.ec\\\/radio\"],\"url\":\"https:\\\/\\\/foreverfutbol.com.ec\\\/radio\\\/author\\\/superdmin\\\/\"}]}<\/script>\n<!-- \/ Yoast SEO plugin. -->","yoast_head_json":{"title":"Presidente surcoreano declar\u00f3 una \"ley marcial de emergencia\", acusando a la oposici\u00f3n de paralizar a su Gobierno - 92.5 FOREVER Radio","description":"Acto seguido, decret\u00f3 el cierre del Parlamento de corea del Sur y de los medios y la prohibici\u00f3n de actividades pol\u00edticas...","robots":{"index":"index","follow":"follow","max-snippet":"max-snippet:-1","max-image-preview":"max-image-preview:large","max-video-preview":"max-video-preview:-1"},"canonical":"https:\/\/foreverfutbol.com.ec\/radio\/internacional\/presidente-surcoreano-declaro-una-ley-marcial-de-emergencia-acusando-a-la-oposicion-de-paralizar-a-su-gobierno\/","og_locale":"es_ES","og_type":"article","og_title":"Presidente surcoreano declar\u00f3 una \"ley marcial de emergencia\", acusando a la oposici\u00f3n de paralizar a su Gobierno - 92.5 FOREVER Radio","og_description":"Acto seguido, decret\u00f3 el cierre del Parlamento de corea del Sur y de los medios y la prohibici\u00f3n de actividades pol\u00edticas...","og_url":"https:\/\/foreverfutbol.com.ec\/radio\/internacional\/presidente-surcoreano-declaro-una-ley-marcial-de-emergencia-acusando-a-la-oposicion-de-paralizar-a-su-gobierno\/","og_site_name":"92.5 FOREVER Radio","article_publisher":"https:\/\/www.facebook.com\/profile.php?id=100063550693491","article_published_time":"2024-12-03T17:45:23+00:00","article_modified_time":"2024-12-03T17:45:24+00:00","og_image":[{"width":1280,"height":865,"url":"https:\/\/foreverfutbol.com.ec\/radio\/wp-content\/uploads\/2024\/12\/CoreadelSur-leymarcial-YoonSukYeol-Seul-Parlamento-Foreverinforma.png","type":"image\/png"}],"author":"Ricardo Rodriguez","twitter_card":"summary_large_image","twitter_creator":"@925forever","twitter_site":"@925forever","twitter_misc":{"Escrito por":"Ricardo Rodriguez","Tiempo de lectura":"3 minutos"},"schema":{"@context":"https:\/\/schema.org","@graph":[{"@type":"Article","@id":"https:\/\/foreverfutbol.com.ec\/radio\/internacional\/presidente-surcoreano-declaro-una-ley-marcial-de-emergencia-acusando-a-la-oposicion-de-paralizar-a-su-gobierno\/#article","isPartOf":{"@id":"https:\/\/foreverfutbol.com.ec\/radio\/internacional\/presidente-surcoreano-declaro-una-ley-marcial-de-emergencia-acusando-a-la-oposicion-de-paralizar-a-su-gobierno\/"},"author":{"name":"Ricardo Rodriguez","@id":"https:\/\/foreverfutbol.com.ec\/radio\/#\/schema\/person\/2f679dd16f889ac00df6e7b648062a01"},"headline":"Presidente surcoreano declar\u00f3 una \u00abley marcial de emergencia\u00bb, acusando a la oposici\u00f3n de paralizar a su Gobierno","datePublished":"2024-12-03T17:45:23+00:00","dateModified":"2024-12-03T17:45:24+00:00","mainEntityOfPage":{"@id":"https:\/\/foreverfutbol.com.ec\/radio\/internacional\/presidente-surcoreano-declaro-una-ley-marcial-de-emergencia-acusando-a-la-oposicion-de-paralizar-a-su-gobierno\/"},"wordCount":499,"commentCount":0,"publisher":{"@id":"https:\/\/foreverfutbol.com.ec\/radio\/#organization"},"image":{"@id":"https:\/\/foreverfutbol.com.ec\/radio\/internacional\/presidente-surcoreano-declaro-una-ley-marcial-de-emergencia-acusando-a-la-oposicion-de-paralizar-a-su-gobierno\/#primaryimage"},"thumbnailUrl":"https:\/\/foreverfutbol.com.ec\/radio\/wp-content\/uploads\/2024\/12\/CoreadelSur-leymarcial-YoonSukYeol-Seul-Parlamento-Foreverinforma.png","articleSection":["Internacional"],"inLanguage":"es","potentialAction":[{"@type":"CommentAction","name":"Comment","target":["https:\/\/foreverfutbol.com.ec\/radio\/internacional\/presidente-surcoreano-declaro-una-ley-marcial-de-emergencia-acusando-a-la-oposicion-de-paralizar-a-su-gobierno\/#respond"]}]},{"@type":"WebPage","@id":"https:\/\/foreverfutbol.com.ec\/radio\/internacional\/presidente-surcoreano-declaro-una-ley-marcial-de-emergencia-acusando-a-la-oposicion-de-paralizar-a-su-gobierno\/","url":"https:\/\/foreverfutbol.com.ec\/radio\/internacional\/presidente-surcoreano-declaro-una-ley-marcial-de-emergencia-acusando-a-la-oposicion-de-paralizar-a-su-gobierno\/","name":"Presidente surcoreano declar\u00f3 una \"ley marcial de emergencia\", acusando a la oposici\u00f3n de paralizar a su Gobierno - 92.5 FOREVER Radio","isPartOf":{"@id":"https:\/\/foreverfutbol.com.ec\/radio\/#website"},"primaryImageOfPage":{"@id":"https:\/\/foreverfutbol.com.ec\/radio\/internacional\/presidente-surcoreano-declaro-una-ley-marcial-de-emergencia-acusando-a-la-oposicion-de-paralizar-a-su-gobierno\/#primaryimage"},"image":{"@id":"https:\/\/foreverfutbol.com.ec\/radio\/internacional\/presidente-surcoreano-declaro-una-ley-marcial-de-emergencia-acusando-a-la-oposicion-de-paralizar-a-su-gobierno\/#primaryimage"},"thumbnailUrl":"https:\/\/foreverfutbol.com.ec\/radio\/wp-content\/uploads\/2024\/12\/CoreadelSur-leymarcial-YoonSukYeol-Seul-Parlamento-Foreverinforma.png","datePublished":"2024-12-03T17:45:23+00:00","dateModified":"2024-12-03T17:45:24+00:00","description":"Acto seguido, decret\u00f3 el cierre del Parlamento de corea del Sur y de los medios y la prohibici\u00f3n de actividades pol\u00edticas...","breadcrumb":{"@id":"https:\/\/foreverfutbol.com.ec\/radio\/internacional\/presidente-surcoreano-declaro-una-ley-marcial-de-emergencia-acusando-a-la-oposicion-de-paralizar-a-su-gobierno\/#breadcrumb"},"inLanguage":"es","potentialAction":[{"@type":"ReadAction","target":["https:\/\/foreverfutbol.com.ec\/radio\/internacional\/presidente-surcoreano-declaro-una-ley-marcial-de-emergencia-acusando-a-la-oposicion-de-paralizar-a-su-gobierno\/"]}]},{"@type":"ImageObject","inLanguage":"es","@id":"https:\/\/foreverfutbol.com.ec\/radio\/internacional\/presidente-surcoreano-declaro-una-ley-marcial-de-emergencia-acusando-a-la-oposicion-de-paralizar-a-su-gobierno\/#primaryimage","url":"https:\/\/foreverfutbol.com.ec\/radio\/wp-content\/uploads\/2024\/12\/CoreadelSur-leymarcial-YoonSukYeol-Seul-Parlamento-Foreverinforma.png","contentUrl":"https:\/\/foreverfutbol.com.ec\/radio\/wp-content\/uploads\/2024\/12\/CoreadelSur-leymarcial-YoonSukYeol-Seul-Parlamento-Foreverinforma.png","width":1280,"height":865},{"@type":"BreadcrumbList","@id":"https:\/\/foreverfutbol.com.ec\/radio\/internacional\/presidente-surcoreano-declaro-una-ley-marcial-de-emergencia-acusando-a-la-oposicion-de-paralizar-a-su-gobierno\/#breadcrumb","itemListElement":[{"@type":"ListItem","position":1,"name":"Portada","item":"https:\/\/foreverfutbol.com.ec\/radio\/"},{"@type":"ListItem","position":2,"name":"Presidente surcoreano declar\u00f3 una \u00abley marcial de emergencia\u00bb, acusando a la oposici\u00f3n de paralizar a su Gobierno"}]},{"@type":"WebSite","@id":"https:\/\/foreverfutbol.com.ec\/radio\/#website","url":"https:\/\/foreverfutbol.com.ec\/radio\/","name":"92.5 FOREVER Radio","description":"","publisher":{"@id":"https:\/\/foreverfutbol.com.ec\/radio\/#organization"},"potentialAction":[{"@type":"SearchAction","target":{"@type":"EntryPoint","urlTemplate":"https:\/\/foreverfutbol.com.ec\/radio\/?s={search_term_string}"},"query-input":{"@type":"PropertyValueSpecification","valueRequired":true,"valueName":"search_term_string"}}],"inLanguage":"es"},{"@type":"Organization","@id":"https:\/\/foreverfutbol.com.ec\/radio\/#organization","name":"92.5 FOREVER Radio","url":"https:\/\/foreverfutbol.com.ec\/radio\/","logo":{"@type":"ImageObject","inLanguage":"es","@id":"https:\/\/foreverfutbol.com.ec\/radio\/#\/schema\/logo\/image\/","url":"https:\/\/foreverfutbol.com.ec\/radio\/wp-content\/uploads\/2024\/01\/cropped-logo-forever.png","contentUrl":"https:\/\/foreverfutbol.com.ec\/radio\/wp-content\/uploads\/2024\/01\/cropped-logo-forever.png","width":180,"height":154,"caption":"92.5 FOREVER Radio"},"image":{"@id":"https:\/\/foreverfutbol.com.ec\/radio\/#\/schema\/logo\/image\/"},"sameAs":["https:\/\/www.facebook.com\/profile.php?id=100063550693491","https:\/\/x.com\/925forever","https:\/\/www.instagram.com\/radioforever925\/"]},{"@type":"Person","@id":"https:\/\/foreverfutbol.com.ec\/radio\/#\/schema\/person\/2f679dd16f889ac00df6e7b648062a01","name":"Ricardo Rodriguez","image":{"@type":"ImageObject","inLanguage":"es","@id":"https:\/\/secure.gravatar.com\/avatar\/5d9dfb95700bd0c503ed088d29de94822b5cc66a74cb0362774e6fc534823d07?s=96&d=mm&r=g","url":"https:\/\/secure.gravatar.com\/avatar\/5d9dfb95700bd0c503ed088d29de94822b5cc66a74cb0362774e6fc534823d07?s=96&d=mm&r=g","contentUrl":"https:\/\/secure.gravatar.com\/avatar\/5d9dfb95700bd0c503ed088d29de94822b5cc66a74cb0362774e6fc534823d07?s=96&d=mm&r=g","caption":"Ricardo Rodriguez"},"sameAs":["https:\/\/foreverfutbol.com.ec\/radio"],"url":"https:\/\/foreverfutbol.com.ec\/radio\/author\/superdmin\/"}]}},"_links":{"self":[{"href":"https:\/\/foreverfutbol.com.ec\/radio\/wp-json\/wp\/v2\/posts\/8134","targetHints":{"allow":["GET"]}}],"collection":[{"href":"https:\/\/foreverfutbol.com.ec\/radio\/wp-json\/wp\/v2\/posts"}],"about":[{"href":"https:\/\/foreverfutbol.com.ec\/radio\/wp-json\/wp\/v2\/types\/post"}],"author":[{"embeddable":true,"href":"https:\/\/foreverfutbol.com.ec\/radio\/wp-json\/wp\/v2\/users\/1"}],"replies":[{"embeddable":true,"href":"https:\/\/foreverfutbol.com.ec\/radio\/wp-json\/wp\/v2\/comments?post=8134"}],"version-history":[{"count":1,"href":"https:\/\/foreverfutbol.com.ec\/radio\/wp-json\/wp\/v2\/posts\/8134\/revisions"}],"predecessor-version":[{"id":8136,"href":"https:\/\/foreverfutbol.com.ec\/radio\/wp-json\/wp\/v2\/posts\/8134\/revisions\/8136"}],"wp:featuredmedia":[{"embeddable":true,"href":"https:\/\/foreverfutbol.com.ec\/radio\/wp-json\/wp\/v2\/media\/8135"}],"wp:attachment":[{"href":"https:\/\/foreverfutbol.com.ec\/radio\/wp-json\/wp\/v2\/media?parent=8134"}],"wp:term":[{"taxonomy":"category","embeddable":true,"href":"https:\/\/foreverfutbol.com.ec\/radio\/wp-json\/wp\/v2\/categories?post=8134"},{"taxonomy":"post_tag","embeddable":true,"href":"https:\/\/foreverfutbol.com.ec\/radio\/wp-json\/wp\/v2\/tags?post=8134"}],"curies":[{"name":"wp","href":"https:\/\/api.w.org\/{rel}","templated":true}]}}