{"id":8010,"date":"2024-11-28T11:27:45","date_gmt":"2024-11-28T16:27:45","guid":{"rendered":"https:\/\/foreverfutbol.com.ec\/radio\/?p=8010"},"modified":"2024-11-28T11:27:45","modified_gmt":"2024-11-28T16:27:45","slug":"el-texto-de-las-leyes-y-de-sus-reformas-debe-ser-preciso-claro-y-conciso-para-evitar-vacios-y-ambiguedades","status":"publish","type":"post","link":"https:\/\/foreverfutbol.com.ec\/radio\/social\/el-texto-de-las-leyes-y-de-sus-reformas-debe-ser-preciso-claro-y-conciso-para-evitar-vacios-y-ambiguedades\/","title":{"rendered":"El texto de las leyes y de sus reformas debe ser preciso, claro y conciso, para evitar vac\u00edos y ambig\u00fcedades"},"content":{"rendered":"\n<p class=\"wp-block-paragraph\">El texto de las leyes y de sus reformas debe ser preciso, claro y conciso, para evitar vac\u00edos y ambig\u00fcedades y as\u00ed evitar su aplicaci\u00f3n al antojo de los intereses personales. <\/p>\n\n\n\n<p class=\"wp-block-paragraph\">En esta semana hemos dado cuenta del aplazamiento del tr\u00e1mite del C\u00f3digo Org\u00e1nico de Protecci\u00f3n Integral a Ni\u00f1as, Ni\u00f1os y Adolescentes, luego de que la Comisi\u00f3n Especializada Permanente de Protecci\u00f3n Integral a Ni\u00f1as, Ni\u00f1os y Adolescentes aprob\u00f3 el informe para el segundo debate. <\/p>\n\n\n\n<p class=\"wp-block-paragraph\">En gran medida por abarcar temas de alta importancia insertados entre 761 art\u00edculos sin que se noten como corresponde para un debate superior. <\/p>\n\n\n\n<p class=\"wp-block-paragraph\">Seg\u00fan la presidenta de esa comisi\u00f3n legislativa, Pierina Correa, llam\u00f3 la atenci\u00f3n a sus colegas por, seg\u00fan ella, no haber le\u00eddo el proyecto y \u201cse dejan influenciar por una campa\u00f1a medi\u00e1tica y en redes de desconocimiento, desinformaci\u00f3n y de inventar cosas que no son reales, como por ejemplo el se\u00f1alar que en el Copinna est\u00e1 la adopci\u00f3n por parte de personas del mismo sexo\u201d. <\/p>\n\n\n\n<p class=\"wp-block-paragraph\">Respecto del aborto, argument\u00f3 que ella siendo provida y no siendo candidata a reelecci\u00f3n que ha trabajado sobre lo que sentenci\u00f3 la Corte Constitucional. Estos argumentos no dejan de preocupar, porque se trata de una asamble\u00edsta que crea, reforma y anula leyes. <\/p>\n\n\n\n<p class=\"wp-block-paragraph\">En general los ciudadanos debemos tener en claro que en materia legislativa una reforma es razonar los procedimientos legales con el prop\u00f3sito de mejorar y actualizar el marco normativo que rige al Estado en cuanto a su constituci\u00f3n y de sus leyes. <\/p>\n\n\n\n<p class=\"wp-block-paragraph\">Para que se d\u00e9 la racionalizaci\u00f3n de la reforma, el nuevo texto no debe crear vac\u00edos y ambig\u00fcedades al texto original, de tal manera que deje a la interpretaci\u00f3n interesada de quien en lo posterior lo aplique.<br>Los legisladores deben dominar que todo texto normativo tiene que ser preciso, claro y conciso. <\/p>\n\n\n\n<p class=\"wp-block-paragraph\">Preciso, porque sugiere que el texto normativo debe estar en condiciones de transmitir un mensaje indudable. Claro, porque el texto normativo debe ser f\u00e1cil de comprender, de suerte que al leerlo, no se abriguen dudas de su intenci\u00f3n. <\/p>\n\n\n\n<p class=\"wp-block-paragraph\">En base a estas premisas, revisemos los dos ejemplos que deben ser discutidos antes de la aprobaci\u00f3n del texto: <\/p>\n\n\n\n<p class=\"wp-block-paragraph\">Sobre el aborto: Respecto a la protecci\u00f3n que el Estado debe brindar a los sujetos protegidos \u00bfPor qu\u00e9 se elimina del art\u00edculo 2 del actual C\u00f3digo de la Ni\u00f1ez, la frase \u00abLas normas del presente C\u00f3digo son aplicables a todo ser humano, desde su concepci\u00f3n hasta que cumpla dieciocho a\u00f1os de edad\u00bb? <\/p>\n\n\n\n<p class=\"wp-block-paragraph\">Pues es obvio que si se elimina esta frase y en su lugar se incluye que s\u00f3lo ser\u00e1n sujetos de protecci\u00f3n por parte del Estado \u00abni\u00f1os, ni\u00f1as y adolescentes\u00bb ya sea que se encuentre en el territorio nacional o en extranjero. \u00bfQu\u00e9 se busca con quitar la protecci\u00f3n a los ni\u00f1os y ni\u00f1as por nacer? <\/p>\n\n\n\n<p class=\"wp-block-paragraph\">Y si la asamble\u00edsta dice que ha seguido la sentencia de la Corte Constitucional, le recuerdo que ese organismos respondi\u00f3 a la solicitud expresa: \u00abGarant\u00eda de la Interrupci\u00f3n Voluntaria del Embarazo de ni\u00f1as, adolescentes y mujeres en caso de violaci\u00f3n\u00bb y no de manera general. <\/p>\n\n\n\n<p class=\"wp-block-paragraph\">Y de paso debemos anotar que una de las candidatas a ser vocal de la Corte Constitucional es Ang\u00e9lica Porras Velasco, precisamente fue una de las patrocinadoras legales de esa solicitud. <\/p>\n\n\n\n<p class=\"wp-block-paragraph\">Respecto a la adopci\u00f3n por parte de personas del mismo sexo, \u00bfpor qu\u00e9 se elimina la palabra heterosexuales como prioridad de adopci\u00f3n sobre las personas solas? <\/p>\n\n\n\n<p class=\"wp-block-paragraph\">El actual C\u00f3digo dice de manera precisa, clara, concisa en su art\u00edculo 153.3: \u00abSe priorizar\u00e1 la adopci\u00f3n por parte de las parejas heterosexuales constituidas legalmente, sobre la adopci\u00f3n de parejas solas\u00bb. <\/p>\n\n\n\n<p class=\"wp-block-paragraph\">Y para abundar en claridad, en el art\u00edculo 159,6 dice: \u00abEn los casos de pareja de adoptantes, \u00e9sta debe ser heterosexuales y estar unida por m\u00e1s de tres a\u00f1os, en matrimonio o uni\u00f3n de hecho que cumpla los requisitos legales\u00bb. \u00bfQu\u00e9 intenci\u00f3n tiene eliminar este texto? <\/p>\n\n\n\n<p class=\"wp-block-paragraph\">Y Simplemente decir en el art\u00edculo 222,4: \u00abLas parejas constituidas por matrimonio o uni\u00f3n de hecho legalmente reconocida ante la o el juez, la o el notario, as\u00ed como las personas solas, tienen igualdad de derechos y obligaciones sobre la adopci\u00f3n. <\/p>\n\n\n\n<p class=\"wp-block-paragraph\">Y ya que estamos revisando estos art\u00edculos, debo agregar el tema de la \u00aborientaci\u00f3n sexual e identidad de g\u00e9nero\u00bb que seg\u00fan el art\u00edculo 56 del texto propuesto tendr\u00edan las ni\u00f1as, ni\u00f1os y adolescentes como derecho a tener y preservar en su identidad. <\/p>\n\n\n\n<p class=\"wp-block-paragraph\">Y por si hay duda sobre que las ni\u00f1as, ni\u00f1os y adolescentes puedan cambiar su sexo, basta revisar el art\u00edculo 59 del nuevo texto: <\/p>\n\n\n\n<p class=\"wp-block-paragraph\">\u00abLos nombres y datos civiles de las ni\u00f1as, ni\u00f1os y adolescentes se modificar\u00e1n atendiendo a su identidad de g\u00e9nero auto percibida, de acuerdo con el procedimiento establecido en este C\u00f3digo. El Registro Civil, Identificaci\u00f3n y Cedulaci\u00f3n tiene la obligaci\u00f3n de inscribir o efectuar estas modificaciones sin ning\u00fan tipo de limitaci\u00f3n u objeci\u00f3n\u00bb. <\/p>\n\n\n\n<p class=\"wp-block-paragraph\">Si la asamble\u00edsta mencionada es provida, \u00bfser\u00e1 que no ley\u00f3 el texto que aprob\u00f3 en la Comisi\u00f3n y que pretende que se apruebe en al pleno? <\/p>\n\n\n\n<p class=\"wp-block-paragraph\">EDITORIAL DE 92.5 FOREVER RADIO, JUEVES 28 DE NOVIEMBRE DE 2024.<\/p>\n\n\n\n<p class=\"wp-block-paragraph\">Por: Washington Delgado L.<\/p>\n\n\n\n<p class=\"wp-block-paragraph\">#C\u00f3digodeNi\u00f1os #leyes #CorteConstitucional #C\u00f3digodeNi\u00f1ez #AsambleaNacional #PierinaCorrea <\/p>\n","protected":false},"excerpt":{"rendered":"<p>El texto de las leyes y de sus reformas debe ser preciso, claro y conciso, para evitar vac\u00edos y ambig\u00fcedades y as\u00ed evitar su aplicaci\u00f3n al antojo de los intereses personales. En esta semana hemos dado cuenta del aplazamiento del tr\u00e1mite del C\u00f3digo Org\u00e1nico de Protecci\u00f3n Integral a Ni\u00f1as, Ni\u00f1os y Adolescentes, luego de que [&hellip;]<\/p>\n","protected":false},"author":1,"featured_media":7261,"comment_status":"open","ping_status":"open","sticky":false,"template":"","format":"standard","meta":{"footnotes":""},"categories":[55],"tags":[],"class_list":["post-8010","post","type-post","status-publish","format-standard","has-post-thumbnail","hentry","category-social"],"yoast_head":"<!-- This site is optimized with the Yoast SEO plugin v28.3 - https:\/\/yoast.com\/product\/yoast-seo-wordpress\/ -->\n<title>El texto de las leyes y de sus reformas debe ser preciso, claro y conciso, para evitar vac\u00edos y ambig\u00fcedades - 92.5 FOREVER Radio<\/title>\n<meta name=\"description\" content=\"El texto de las leyes y de sus reformas debe ser preciso, claro y conciso, para evitar vac\u00edos y ambig\u00fcedades\" \/>\n<meta name=\"robots\" content=\"index, follow, max-snippet:-1, max-image-preview:large, max-video-preview:-1\" \/>\n<link rel=\"canonical\" href=\"https:\/\/foreverfutbol.com.ec\/radio\/social\/el-texto-de-las-leyes-y-de-sus-reformas-debe-ser-preciso-claro-y-conciso-para-evitar-vacios-y-ambiguedades\/\" \/>\n<meta property=\"og:locale\" content=\"es_ES\" \/>\n<meta property=\"og:type\" content=\"article\" \/>\n<meta property=\"og:title\" content=\"El texto de las leyes y de sus reformas debe ser preciso, claro y conciso, para evitar vac\u00edos y ambig\u00fcedades - 92.5 FOREVER Radio\" \/>\n<meta property=\"og:description\" content=\"El texto de las leyes y de sus reformas debe ser preciso, claro y conciso, para evitar vac\u00edos y ambig\u00fcedades\" \/>\n<meta property=\"og:url\" content=\"https:\/\/foreverfutbol.com.ec\/radio\/social\/el-texto-de-las-leyes-y-de-sus-reformas-debe-ser-preciso-claro-y-conciso-para-evitar-vacios-y-ambiguedades\/\" \/>\n<meta property=\"og:site_name\" content=\"92.5 FOREVER Radio\" \/>\n<meta property=\"article:publisher\" content=\"https:\/\/www.facebook.com\/profile.php?id=100063550693491\" \/>\n<meta property=\"article:published_time\" content=\"2024-11-28T16:27:45+00:00\" \/>\n<meta property=\"og:image\" content=\"https:\/\/foreverfutbol.com.ec\/radio\/wp-content\/uploads\/2024\/10\/Ecuador-DanielNoboa-NayibBukele-JavierMilei-GustavoPetro-TheNewYorker-EditorialForever-2.png\" \/>\n\t<meta property=\"og:image:width\" content=\"1280\" \/>\n\t<meta property=\"og:image:height\" content=\"865\" \/>\n\t<meta property=\"og:image:type\" content=\"image\/png\" \/>\n<meta name=\"author\" content=\"Ricardo Rodriguez\" \/>\n<meta name=\"twitter:card\" content=\"summary_large_image\" \/>\n<meta name=\"twitter:creator\" content=\"@925forever\" \/>\n<meta name=\"twitter:site\" content=\"@925forever\" \/>\n<meta name=\"twitter:label1\" content=\"Escrito por\" \/>\n\t<meta name=\"twitter:data1\" content=\"Ricardo Rodriguez\" \/>\n\t<meta name=\"twitter:label2\" content=\"Tiempo de lectura\" \/>\n\t<meta name=\"twitter:data2\" content=\"5 minutos\" \/>\n<script type=\"application\/ld+json\" class=\"yoast-schema-graph\">{\"@context\":\"https:\\\/\\\/schema.org\",\"@graph\":[{\"@type\":\"Article\",\"@id\":\"https:\\\/\\\/foreverfutbol.com.ec\\\/radio\\\/social\\\/el-texto-de-las-leyes-y-de-sus-reformas-debe-ser-preciso-claro-y-conciso-para-evitar-vacios-y-ambiguedades\\\/#article\",\"isPartOf\":{\"@id\":\"https:\\\/\\\/foreverfutbol.com.ec\\\/radio\\\/social\\\/el-texto-de-las-leyes-y-de-sus-reformas-debe-ser-preciso-claro-y-conciso-para-evitar-vacios-y-ambiguedades\\\/\"},\"author\":{\"name\":\"Ricardo Rodriguez\",\"@id\":\"https:\\\/\\\/foreverfutbol.com.ec\\\/radio\\\/#\\\/schema\\\/person\\\/2f679dd16f889ac00df6e7b648062a01\"},\"headline\":\"El texto de las leyes y de sus reformas debe ser preciso, claro y conciso, para evitar vac\u00edos y ambig\u00fcedades\",\"datePublished\":\"2024-11-28T16:27:45+00:00\",\"mainEntityOfPage\":{\"@id\":\"https:\\\/\\\/foreverfutbol.com.ec\\\/radio\\\/social\\\/el-texto-de-las-leyes-y-de-sus-reformas-debe-ser-preciso-claro-y-conciso-para-evitar-vacios-y-ambiguedades\\\/\"},\"wordCount\":956,\"commentCount\":0,\"publisher\":{\"@id\":\"https:\\\/\\\/foreverfutbol.com.ec\\\/radio\\\/#organization\"},\"image\":{\"@id\":\"https:\\\/\\\/foreverfutbol.com.ec\\\/radio\\\/social\\\/el-texto-de-las-leyes-y-de-sus-reformas-debe-ser-preciso-claro-y-conciso-para-evitar-vacios-y-ambiguedades\\\/#primaryimage\"},\"thumbnailUrl\":\"https:\\\/\\\/foreverfutbol.com.ec\\\/radio\\\/wp-content\\\/uploads\\\/2024\\\/10\\\/Ecuador-DanielNoboa-NayibBukele-JavierMilei-GustavoPetro-TheNewYorker-EditorialForever-2.png\",\"articleSection\":[\"Social\"],\"inLanguage\":\"es\",\"potentialAction\":[{\"@type\":\"CommentAction\",\"name\":\"Comment\",\"target\":[\"https:\\\/\\\/foreverfutbol.com.ec\\\/radio\\\/social\\\/el-texto-de-las-leyes-y-de-sus-reformas-debe-ser-preciso-claro-y-conciso-para-evitar-vacios-y-ambiguedades\\\/#respond\"]}]},{\"@type\":\"WebPage\",\"@id\":\"https:\\\/\\\/foreverfutbol.com.ec\\\/radio\\\/social\\\/el-texto-de-las-leyes-y-de-sus-reformas-debe-ser-preciso-claro-y-conciso-para-evitar-vacios-y-ambiguedades\\\/\",\"url\":\"https:\\\/\\\/foreverfutbol.com.ec\\\/radio\\\/social\\\/el-texto-de-las-leyes-y-de-sus-reformas-debe-ser-preciso-claro-y-conciso-para-evitar-vacios-y-ambiguedades\\\/\",\"name\":\"El texto de las leyes y de sus reformas debe ser preciso, claro y conciso, para evitar vac\u00edos y ambig\u00fcedades - 92.5 FOREVER Radio\",\"isPartOf\":{\"@id\":\"https:\\\/\\\/foreverfutbol.com.ec\\\/radio\\\/#website\"},\"primaryImageOfPage\":{\"@id\":\"https:\\\/\\\/foreverfutbol.com.ec\\\/radio\\\/social\\\/el-texto-de-las-leyes-y-de-sus-reformas-debe-ser-preciso-claro-y-conciso-para-evitar-vacios-y-ambiguedades\\\/#primaryimage\"},\"image\":{\"@id\":\"https:\\\/\\\/foreverfutbol.com.ec\\\/radio\\\/social\\\/el-texto-de-las-leyes-y-de-sus-reformas-debe-ser-preciso-claro-y-conciso-para-evitar-vacios-y-ambiguedades\\\/#primaryimage\"},\"thumbnailUrl\":\"https:\\\/\\\/foreverfutbol.com.ec\\\/radio\\\/wp-content\\\/uploads\\\/2024\\\/10\\\/Ecuador-DanielNoboa-NayibBukele-JavierMilei-GustavoPetro-TheNewYorker-EditorialForever-2.png\",\"datePublished\":\"2024-11-28T16:27:45+00:00\",\"description\":\"El texto de las leyes y de sus reformas debe ser preciso, claro y conciso, para evitar vac\u00edos y ambig\u00fcedades\",\"breadcrumb\":{\"@id\":\"https:\\\/\\\/foreverfutbol.com.ec\\\/radio\\\/social\\\/el-texto-de-las-leyes-y-de-sus-reformas-debe-ser-preciso-claro-y-conciso-para-evitar-vacios-y-ambiguedades\\\/#breadcrumb\"},\"inLanguage\":\"es\",\"potentialAction\":[{\"@type\":\"ReadAction\",\"target\":[\"https:\\\/\\\/foreverfutbol.com.ec\\\/radio\\\/social\\\/el-texto-de-las-leyes-y-de-sus-reformas-debe-ser-preciso-claro-y-conciso-para-evitar-vacios-y-ambiguedades\\\/\"]}]},{\"@type\":\"ImageObject\",\"inLanguage\":\"es\",\"@id\":\"https:\\\/\\\/foreverfutbol.com.ec\\\/radio\\\/social\\\/el-texto-de-las-leyes-y-de-sus-reformas-debe-ser-preciso-claro-y-conciso-para-evitar-vacios-y-ambiguedades\\\/#primaryimage\",\"url\":\"https:\\\/\\\/foreverfutbol.com.ec\\\/radio\\\/wp-content\\\/uploads\\\/2024\\\/10\\\/Ecuador-DanielNoboa-NayibBukele-JavierMilei-GustavoPetro-TheNewYorker-EditorialForever-2.png\",\"contentUrl\":\"https:\\\/\\\/foreverfutbol.com.ec\\\/radio\\\/wp-content\\\/uploads\\\/2024\\\/10\\\/Ecuador-DanielNoboa-NayibBukele-JavierMilei-GustavoPetro-TheNewYorker-EditorialForever-2.png\",\"width\":1280,\"height\":865},{\"@type\":\"BreadcrumbList\",\"@id\":\"https:\\\/\\\/foreverfutbol.com.ec\\\/radio\\\/social\\\/el-texto-de-las-leyes-y-de-sus-reformas-debe-ser-preciso-claro-y-conciso-para-evitar-vacios-y-ambiguedades\\\/#breadcrumb\",\"itemListElement\":[{\"@type\":\"ListItem\",\"position\":1,\"name\":\"Portada\",\"item\":\"https:\\\/\\\/foreverfutbol.com.ec\\\/radio\\\/\"},{\"@type\":\"ListItem\",\"position\":2,\"name\":\"El texto de las leyes y de sus reformas debe ser preciso, claro y conciso, para evitar vac\u00edos y ambig\u00fcedades\"}]},{\"@type\":\"WebSite\",\"@id\":\"https:\\\/\\\/foreverfutbol.com.ec\\\/radio\\\/#website\",\"url\":\"https:\\\/\\\/foreverfutbol.com.ec\\\/radio\\\/\",\"name\":\"92.5 FOREVER Radio\",\"description\":\"\",\"publisher\":{\"@id\":\"https:\\\/\\\/foreverfutbol.com.ec\\\/radio\\\/#organization\"},\"potentialAction\":[{\"@type\":\"SearchAction\",\"target\":{\"@type\":\"EntryPoint\",\"urlTemplate\":\"https:\\\/\\\/foreverfutbol.com.ec\\\/radio\\\/?s={search_term_string}\"},\"query-input\":{\"@type\":\"PropertyValueSpecification\",\"valueRequired\":true,\"valueName\":\"search_term_string\"}}],\"inLanguage\":\"es\"},{\"@type\":\"Organization\",\"@id\":\"https:\\\/\\\/foreverfutbol.com.ec\\\/radio\\\/#organization\",\"name\":\"92.5 FOREVER Radio\",\"url\":\"https:\\\/\\\/foreverfutbol.com.ec\\\/radio\\\/\",\"logo\":{\"@type\":\"ImageObject\",\"inLanguage\":\"es\",\"@id\":\"https:\\\/\\\/foreverfutbol.com.ec\\\/radio\\\/#\\\/schema\\\/logo\\\/image\\\/\",\"url\":\"https:\\\/\\\/foreverfutbol.com.ec\\\/radio\\\/wp-content\\\/uploads\\\/2024\\\/01\\\/cropped-logo-forever.png\",\"contentUrl\":\"https:\\\/\\\/foreverfutbol.com.ec\\\/radio\\\/wp-content\\\/uploads\\\/2024\\\/01\\\/cropped-logo-forever.png\",\"width\":180,\"height\":154,\"caption\":\"92.5 FOREVER Radio\"},\"image\":{\"@id\":\"https:\\\/\\\/foreverfutbol.com.ec\\\/radio\\\/#\\\/schema\\\/logo\\\/image\\\/\"},\"sameAs\":[\"https:\\\/\\\/www.facebook.com\\\/profile.php?id=100063550693491\",\"https:\\\/\\\/x.com\\\/925forever\",\"https:\\\/\\\/www.instagram.com\\\/radioforever925\\\/\"]},{\"@type\":\"Person\",\"@id\":\"https:\\\/\\\/foreverfutbol.com.ec\\\/radio\\\/#\\\/schema\\\/person\\\/2f679dd16f889ac00df6e7b648062a01\",\"name\":\"Ricardo Rodriguez\",\"image\":{\"@type\":\"ImageObject\",\"inLanguage\":\"es\",\"@id\":\"https:\\\/\\\/secure.gravatar.com\\\/avatar\\\/5d9dfb95700bd0c503ed088d29de94822b5cc66a74cb0362774e6fc534823d07?s=96&d=mm&r=g\",\"url\":\"https:\\\/\\\/secure.gravatar.com\\\/avatar\\\/5d9dfb95700bd0c503ed088d29de94822b5cc66a74cb0362774e6fc534823d07?s=96&d=mm&r=g\",\"contentUrl\":\"https:\\\/\\\/secure.gravatar.com\\\/avatar\\\/5d9dfb95700bd0c503ed088d29de94822b5cc66a74cb0362774e6fc534823d07?s=96&d=mm&r=g\",\"caption\":\"Ricardo Rodriguez\"},\"sameAs\":[\"https:\\\/\\\/foreverfutbol.com.ec\\\/radio\"],\"url\":\"https:\\\/\\\/foreverfutbol.com.ec\\\/radio\\\/author\\\/superdmin\\\/\"}]}<\/script>\n<!-- \/ Yoast SEO plugin. -->","yoast_head_json":{"title":"El texto de las leyes y de sus reformas debe ser preciso, claro y conciso, para evitar vac\u00edos y ambig\u00fcedades - 92.5 FOREVER Radio","description":"El texto de las leyes y de sus reformas debe ser preciso, claro y conciso, para evitar vac\u00edos y ambig\u00fcedades","robots":{"index":"index","follow":"follow","max-snippet":"max-snippet:-1","max-image-preview":"max-image-preview:large","max-video-preview":"max-video-preview:-1"},"canonical":"https:\/\/foreverfutbol.com.ec\/radio\/social\/el-texto-de-las-leyes-y-de-sus-reformas-debe-ser-preciso-claro-y-conciso-para-evitar-vacios-y-ambiguedades\/","og_locale":"es_ES","og_type":"article","og_title":"El texto de las leyes y de sus reformas debe ser preciso, claro y conciso, para evitar vac\u00edos y ambig\u00fcedades - 92.5 FOREVER Radio","og_description":"El texto de las leyes y de sus reformas debe ser preciso, claro y conciso, para evitar vac\u00edos y ambig\u00fcedades","og_url":"https:\/\/foreverfutbol.com.ec\/radio\/social\/el-texto-de-las-leyes-y-de-sus-reformas-debe-ser-preciso-claro-y-conciso-para-evitar-vacios-y-ambiguedades\/","og_site_name":"92.5 FOREVER Radio","article_publisher":"https:\/\/www.facebook.com\/profile.php?id=100063550693491","article_published_time":"2024-11-28T16:27:45+00:00","og_image":[{"width":1280,"height":865,"url":"https:\/\/foreverfutbol.com.ec\/radio\/wp-content\/uploads\/2024\/10\/Ecuador-DanielNoboa-NayibBukele-JavierMilei-GustavoPetro-TheNewYorker-EditorialForever-2.png","type":"image\/png"}],"author":"Ricardo Rodriguez","twitter_card":"summary_large_image","twitter_creator":"@925forever","twitter_site":"@925forever","twitter_misc":{"Escrito por":"Ricardo Rodriguez","Tiempo de lectura":"5 minutos"},"schema":{"@context":"https:\/\/schema.org","@graph":[{"@type":"Article","@id":"https:\/\/foreverfutbol.com.ec\/radio\/social\/el-texto-de-las-leyes-y-de-sus-reformas-debe-ser-preciso-claro-y-conciso-para-evitar-vacios-y-ambiguedades\/#article","isPartOf":{"@id":"https:\/\/foreverfutbol.com.ec\/radio\/social\/el-texto-de-las-leyes-y-de-sus-reformas-debe-ser-preciso-claro-y-conciso-para-evitar-vacios-y-ambiguedades\/"},"author":{"name":"Ricardo Rodriguez","@id":"https:\/\/foreverfutbol.com.ec\/radio\/#\/schema\/person\/2f679dd16f889ac00df6e7b648062a01"},"headline":"El texto de las leyes y de sus reformas debe ser preciso, claro y conciso, para evitar vac\u00edos y ambig\u00fcedades","datePublished":"2024-11-28T16:27:45+00:00","mainEntityOfPage":{"@id":"https:\/\/foreverfutbol.com.ec\/radio\/social\/el-texto-de-las-leyes-y-de-sus-reformas-debe-ser-preciso-claro-y-conciso-para-evitar-vacios-y-ambiguedades\/"},"wordCount":956,"commentCount":0,"publisher":{"@id":"https:\/\/foreverfutbol.com.ec\/radio\/#organization"},"image":{"@id":"https:\/\/foreverfutbol.com.ec\/radio\/social\/el-texto-de-las-leyes-y-de-sus-reformas-debe-ser-preciso-claro-y-conciso-para-evitar-vacios-y-ambiguedades\/#primaryimage"},"thumbnailUrl":"https:\/\/foreverfutbol.com.ec\/radio\/wp-content\/uploads\/2024\/10\/Ecuador-DanielNoboa-NayibBukele-JavierMilei-GustavoPetro-TheNewYorker-EditorialForever-2.png","articleSection":["Social"],"inLanguage":"es","potentialAction":[{"@type":"CommentAction","name":"Comment","target":["https:\/\/foreverfutbol.com.ec\/radio\/social\/el-texto-de-las-leyes-y-de-sus-reformas-debe-ser-preciso-claro-y-conciso-para-evitar-vacios-y-ambiguedades\/#respond"]}]},{"@type":"WebPage","@id":"https:\/\/foreverfutbol.com.ec\/radio\/social\/el-texto-de-las-leyes-y-de-sus-reformas-debe-ser-preciso-claro-y-conciso-para-evitar-vacios-y-ambiguedades\/","url":"https:\/\/foreverfutbol.com.ec\/radio\/social\/el-texto-de-las-leyes-y-de-sus-reformas-debe-ser-preciso-claro-y-conciso-para-evitar-vacios-y-ambiguedades\/","name":"El texto de las leyes y de sus reformas debe ser preciso, claro y conciso, para evitar vac\u00edos y ambig\u00fcedades - 92.5 FOREVER Radio","isPartOf":{"@id":"https:\/\/foreverfutbol.com.ec\/radio\/#website"},"primaryImageOfPage":{"@id":"https:\/\/foreverfutbol.com.ec\/radio\/social\/el-texto-de-las-leyes-y-de-sus-reformas-debe-ser-preciso-claro-y-conciso-para-evitar-vacios-y-ambiguedades\/#primaryimage"},"image":{"@id":"https:\/\/foreverfutbol.com.ec\/radio\/social\/el-texto-de-las-leyes-y-de-sus-reformas-debe-ser-preciso-claro-y-conciso-para-evitar-vacios-y-ambiguedades\/#primaryimage"},"thumbnailUrl":"https:\/\/foreverfutbol.com.ec\/radio\/wp-content\/uploads\/2024\/10\/Ecuador-DanielNoboa-NayibBukele-JavierMilei-GustavoPetro-TheNewYorker-EditorialForever-2.png","datePublished":"2024-11-28T16:27:45+00:00","description":"El texto de las leyes y de sus reformas debe ser preciso, claro y conciso, para evitar vac\u00edos y ambig\u00fcedades","breadcrumb":{"@id":"https:\/\/foreverfutbol.com.ec\/radio\/social\/el-texto-de-las-leyes-y-de-sus-reformas-debe-ser-preciso-claro-y-conciso-para-evitar-vacios-y-ambiguedades\/#breadcrumb"},"inLanguage":"es","potentialAction":[{"@type":"ReadAction","target":["https:\/\/foreverfutbol.com.ec\/radio\/social\/el-texto-de-las-leyes-y-de-sus-reformas-debe-ser-preciso-claro-y-conciso-para-evitar-vacios-y-ambiguedades\/"]}]},{"@type":"ImageObject","inLanguage":"es","@id":"https:\/\/foreverfutbol.com.ec\/radio\/social\/el-texto-de-las-leyes-y-de-sus-reformas-debe-ser-preciso-claro-y-conciso-para-evitar-vacios-y-ambiguedades\/#primaryimage","url":"https:\/\/foreverfutbol.com.ec\/radio\/wp-content\/uploads\/2024\/10\/Ecuador-DanielNoboa-NayibBukele-JavierMilei-GustavoPetro-TheNewYorker-EditorialForever-2.png","contentUrl":"https:\/\/foreverfutbol.com.ec\/radio\/wp-content\/uploads\/2024\/10\/Ecuador-DanielNoboa-NayibBukele-JavierMilei-GustavoPetro-TheNewYorker-EditorialForever-2.png","width":1280,"height":865},{"@type":"BreadcrumbList","@id":"https:\/\/foreverfutbol.com.ec\/radio\/social\/el-texto-de-las-leyes-y-de-sus-reformas-debe-ser-preciso-claro-y-conciso-para-evitar-vacios-y-ambiguedades\/#breadcrumb","itemListElement":[{"@type":"ListItem","position":1,"name":"Portada","item":"https:\/\/foreverfutbol.com.ec\/radio\/"},{"@type":"ListItem","position":2,"name":"El texto de las leyes y de sus reformas debe ser preciso, claro y conciso, para evitar vac\u00edos y ambig\u00fcedades"}]},{"@type":"WebSite","@id":"https:\/\/foreverfutbol.com.ec\/radio\/#website","url":"https:\/\/foreverfutbol.com.ec\/radio\/","name":"92.5 FOREVER Radio","description":"","publisher":{"@id":"https:\/\/foreverfutbol.com.ec\/radio\/#organization"},"potentialAction":[{"@type":"SearchAction","target":{"@type":"EntryPoint","urlTemplate":"https:\/\/foreverfutbol.com.ec\/radio\/?s={search_term_string}"},"query-input":{"@type":"PropertyValueSpecification","valueRequired":true,"valueName":"search_term_string"}}],"inLanguage":"es"},{"@type":"Organization","@id":"https:\/\/foreverfutbol.com.ec\/radio\/#organization","name":"92.5 FOREVER Radio","url":"https:\/\/foreverfutbol.com.ec\/radio\/","logo":{"@type":"ImageObject","inLanguage":"es","@id":"https:\/\/foreverfutbol.com.ec\/radio\/#\/schema\/logo\/image\/","url":"https:\/\/foreverfutbol.com.ec\/radio\/wp-content\/uploads\/2024\/01\/cropped-logo-forever.png","contentUrl":"https:\/\/foreverfutbol.com.ec\/radio\/wp-content\/uploads\/2024\/01\/cropped-logo-forever.png","width":180,"height":154,"caption":"92.5 FOREVER Radio"},"image":{"@id":"https:\/\/foreverfutbol.com.ec\/radio\/#\/schema\/logo\/image\/"},"sameAs":["https:\/\/www.facebook.com\/profile.php?id=100063550693491","https:\/\/x.com\/925forever","https:\/\/www.instagram.com\/radioforever925\/"]},{"@type":"Person","@id":"https:\/\/foreverfutbol.com.ec\/radio\/#\/schema\/person\/2f679dd16f889ac00df6e7b648062a01","name":"Ricardo Rodriguez","image":{"@type":"ImageObject","inLanguage":"es","@id":"https:\/\/secure.gravatar.com\/avatar\/5d9dfb95700bd0c503ed088d29de94822b5cc66a74cb0362774e6fc534823d07?s=96&d=mm&r=g","url":"https:\/\/secure.gravatar.com\/avatar\/5d9dfb95700bd0c503ed088d29de94822b5cc66a74cb0362774e6fc534823d07?s=96&d=mm&r=g","contentUrl":"https:\/\/secure.gravatar.com\/avatar\/5d9dfb95700bd0c503ed088d29de94822b5cc66a74cb0362774e6fc534823d07?s=96&d=mm&r=g","caption":"Ricardo Rodriguez"},"sameAs":["https:\/\/foreverfutbol.com.ec\/radio"],"url":"https:\/\/foreverfutbol.com.ec\/radio\/author\/superdmin\/"}]}},"_links":{"self":[{"href":"https:\/\/foreverfutbol.com.ec\/radio\/wp-json\/wp\/v2\/posts\/8010","targetHints":{"allow":["GET"]}}],"collection":[{"href":"https:\/\/foreverfutbol.com.ec\/radio\/wp-json\/wp\/v2\/posts"}],"about":[{"href":"https:\/\/foreverfutbol.com.ec\/radio\/wp-json\/wp\/v2\/types\/post"}],"author":[{"embeddable":true,"href":"https:\/\/foreverfutbol.com.ec\/radio\/wp-json\/wp\/v2\/users\/1"}],"replies":[{"embeddable":true,"href":"https:\/\/foreverfutbol.com.ec\/radio\/wp-json\/wp\/v2\/comments?post=8010"}],"version-history":[{"count":1,"href":"https:\/\/foreverfutbol.com.ec\/radio\/wp-json\/wp\/v2\/posts\/8010\/revisions"}],"predecessor-version":[{"id":8011,"href":"https:\/\/foreverfutbol.com.ec\/radio\/wp-json\/wp\/v2\/posts\/8010\/revisions\/8011"}],"wp:featuredmedia":[{"embeddable":true,"href":"https:\/\/foreverfutbol.com.ec\/radio\/wp-json\/wp\/v2\/media\/7261"}],"wp:attachment":[{"href":"https:\/\/foreverfutbol.com.ec\/radio\/wp-json\/wp\/v2\/media?parent=8010"}],"wp:term":[{"taxonomy":"category","embeddable":true,"href":"https:\/\/foreverfutbol.com.ec\/radio\/wp-json\/wp\/v2\/categories?post=8010"},{"taxonomy":"post_tag","embeddable":true,"href":"https:\/\/foreverfutbol.com.ec\/radio\/wp-json\/wp\/v2\/tags?post=8010"}],"curies":[{"name":"wp","href":"https:\/\/api.w.org\/{rel}","templated":true}]}}