{"id":7704,"date":"2024-11-11T14:30:31","date_gmt":"2024-11-11T19:30:31","guid":{"rendered":"https:\/\/foreverfutbol.com.ec\/radio\/?p=7704"},"modified":"2024-11-11T15:00:08","modified_gmt":"2024-11-11T20:00:08","slug":"el-presidente-daniel-noboa-designo-a-sariha-moya-como-nueva-vicepresidenta-de-ecuador-encargada","status":"publish","type":"post","link":"https:\/\/foreverfutbol.com.ec\/radio\/politica\/el-presidente-daniel-noboa-designo-a-sariha-moya-como-nueva-vicepresidenta-de-ecuador-encargada\/","title":{"rendered":"El presidente Daniel Noboa design\u00f3 a Sariha Moya como nueva vicepresidenta de Ecuador encargada"},"content":{"rendered":"\n<p class=\"wp-block-paragraph\">Sariha Moya fue designada por Daniel Noboa como vicepresidenta encargada. El nombramiento ocurri\u00f3 este lunes 11 de noviembre de 2024, luego de que Ver\u00f3nica Abad fuera suspendida de su cargo a trav\u00e9s de un sumario administrativo.<\/p>\n\n\n\n<p class=\"wp-block-paragraph\">Sariha Bel\u00e9n Moya Angulo es economista por la Pontificia Universidad Cat\u00f3lica del Ecuador y m\u00e1ster en Econom\u00eda por la Universidad Carlos III de Madrid. Inicialmente, se anunci\u00f3 que ser\u00eda Ministra de Econom\u00eda y Finanzas para el inicio del mandato de Noboa, pero luego fue nombrada como Secretaria Nacional de Planificaci\u00f3n.<\/p>\n\n\n\n<p class=\"wp-block-paragraph\">Luego, entre enero de 2016 y junio de 2017, fue Especialista de Seguimiento y Evaluaci\u00f3n, y Directora de Seguimiento y Evaluaci\u00f3n al Plan Nacional de Desarrollo (PND).<\/p>\n\n\n\n<p class=\"wp-block-paragraph\">Moya tambi\u00e9n trabaj\u00f3 para la Secretar\u00eda Nacional de Planificaci\u00f3n (Senplades) en dos ocasiones. Primero, entre octubre de 2012 y agosto de 2013, como analista de Planificaci\u00f3n y Presupuesto. <\/p>\n\n\n\n<p class=\"wp-block-paragraph\">Moya fue parte de la delegaci\u00f3n que acompa\u00f1\u00f3 a Noboa a una reuni\u00f3n con el Fondo Monetario Internacional (FMI), en noviembre de 2023, antes de la posesi\u00f3n presidencial.<\/p>\n\n\n\n<p class=\"wp-block-paragraph\">#Ecuador #DanielNoboa #SarihaBel\u00e9nMoya #Ver\u00f3nicaAbad <\/p>\n","protected":false},"excerpt":{"rendered":"<p>Sariha Moya fue designada por Daniel Noboa como vicepresidenta encargada. El nombramiento ocurri\u00f3 este lunes 11 de noviembre de 2024, luego de que Ver\u00f3nica Abad fuera suspendida de su cargo a trav\u00e9s de un sumario administrativo. Sariha Bel\u00e9n Moya Angulo es economista por la Pontificia Universidad Cat\u00f3lica del Ecuador y m\u00e1ster en Econom\u00eda por la [&hellip;]<\/p>\n","protected":false},"author":1,"featured_media":7705,"comment_status":"open","ping_status":"open","sticky":false,"template":"","format":"standard","meta":{"footnotes":""},"categories":[52],"tags":[],"class_list":["post-7704","post","type-post","status-publish","format-standard","has-post-thumbnail","hentry","category-politica"],"yoast_head":"<!-- This site is optimized with the Yoast SEO plugin v28.3 - https:\/\/yoast.com\/product\/yoast-seo-wordpress\/ -->\n<title>Noboa designa a Sariha Moya como nueva vicepresidenta<\/title>\n<meta name=\"description\" content=\"Sariha Moya fue designada por Daniel Noboa como vicepresidenta encargada. El nombramiento ocurri\u00f3 este lunes 11 de noviembre.\" \/>\n<meta name=\"robots\" content=\"index, follow, max-snippet:-1, max-image-preview:large, max-video-preview:-1\" \/>\n<link rel=\"canonical\" href=\"https:\/\/foreverfutbol.com.ec\/radio\/politica\/el-presidente-daniel-noboa-designo-a-sariha-moya-como-nueva-vicepresidenta-de-ecuador-encargada\/\" \/>\n<meta property=\"og:locale\" content=\"es_ES\" \/>\n<meta property=\"og:type\" content=\"article\" \/>\n<meta property=\"og:title\" content=\"Noboa designa a Sariha Moya como nueva vicepresidenta\" \/>\n<meta property=\"og:description\" content=\"Sariha Moya fue designada por Daniel Noboa como vicepresidenta encargada. El nombramiento ocurri\u00f3 este lunes 11 de noviembre.\" \/>\n<meta property=\"og:url\" content=\"https:\/\/foreverfutbol.com.ec\/radio\/politica\/el-presidente-daniel-noboa-designo-a-sariha-moya-como-nueva-vicepresidenta-de-ecuador-encargada\/\" \/>\n<meta property=\"og:site_name\" content=\"92.5 FOREVER Radio\" \/>\n<meta property=\"article:publisher\" content=\"https:\/\/www.facebook.com\/profile.php?id=100063550693491\" \/>\n<meta property=\"article:published_time\" content=\"2024-11-11T19:30:31+00:00\" \/>\n<meta property=\"article:modified_time\" content=\"2024-11-11T20:00:08+00:00\" \/>\n<meta property=\"og:image\" content=\"https:\/\/foreverfutbol.com.ec\/radio\/wp-content\/uploads\/2024\/11\/Diseno-sin-titulo-21-1-1024x683-1.jpg\" \/>\n\t<meta property=\"og:image:width\" content=\"1024\" \/>\n\t<meta property=\"og:image:height\" content=\"683\" \/>\n\t<meta property=\"og:image:type\" content=\"image\/jpeg\" \/>\n<meta name=\"author\" content=\"Ricardo Rodriguez\" \/>\n<meta name=\"twitter:card\" content=\"summary_large_image\" \/>\n<meta name=\"twitter:creator\" content=\"@925forever\" \/>\n<meta name=\"twitter:site\" content=\"@925forever\" \/>\n<meta name=\"twitter:label1\" content=\"Escrito por\" \/>\n\t<meta name=\"twitter:data1\" content=\"Ricardo Rodriguez\" \/>\n\t<meta name=\"twitter:label2\" content=\"Tiempo de lectura\" \/>\n\t<meta name=\"twitter:data2\" content=\"1 minuto\" \/>\n<script type=\"application\/ld+json\" class=\"yoast-schema-graph\">{\"@context\":\"https:\\\/\\\/schema.org\",\"@graph\":[{\"@type\":\"Article\",\"@id\":\"https:\\\/\\\/foreverfutbol.com.ec\\\/radio\\\/politica\\\/el-presidente-daniel-noboa-designo-a-sariha-moya-como-nueva-vicepresidenta-de-ecuador-encargada\\\/#article\",\"isPartOf\":{\"@id\":\"https:\\\/\\\/foreverfutbol.com.ec\\\/radio\\\/politica\\\/el-presidente-daniel-noboa-designo-a-sariha-moya-como-nueva-vicepresidenta-de-ecuador-encargada\\\/\"},\"author\":{\"name\":\"Ricardo Rodriguez\",\"@id\":\"https:\\\/\\\/foreverfutbol.com.ec\\\/radio\\\/#\\\/schema\\\/person\\\/2f679dd16f889ac00df6e7b648062a01\"},\"headline\":\"El presidente Daniel Noboa design\u00f3 a Sariha Moya como nueva vicepresidenta de Ecuador encargada\",\"datePublished\":\"2024-11-11T19:30:31+00:00\",\"dateModified\":\"2024-11-11T20:00:08+00:00\",\"mainEntityOfPage\":{\"@id\":\"https:\\\/\\\/foreverfutbol.com.ec\\\/radio\\\/politica\\\/el-presidente-daniel-noboa-designo-a-sariha-moya-como-nueva-vicepresidenta-de-ecuador-encargada\\\/\"},\"wordCount\":200,\"commentCount\":0,\"publisher\":{\"@id\":\"https:\\\/\\\/foreverfutbol.com.ec\\\/radio\\\/#organization\"},\"image\":{\"@id\":\"https:\\\/\\\/foreverfutbol.com.ec\\\/radio\\\/politica\\\/el-presidente-daniel-noboa-designo-a-sariha-moya-como-nueva-vicepresidenta-de-ecuador-encargada\\\/#primaryimage\"},\"thumbnailUrl\":\"https:\\\/\\\/foreverfutbol.com.ec\\\/radio\\\/wp-content\\\/uploads\\\/2024\\\/11\\\/Diseno-sin-titulo-21-1-1024x683-1.jpg\",\"articleSection\":[\"Pol\u00edtica\"],\"inLanguage\":\"es\",\"potentialAction\":[{\"@type\":\"CommentAction\",\"name\":\"Comment\",\"target\":[\"https:\\\/\\\/foreverfutbol.com.ec\\\/radio\\\/politica\\\/el-presidente-daniel-noboa-designo-a-sariha-moya-como-nueva-vicepresidenta-de-ecuador-encargada\\\/#respond\"]}]},{\"@type\":\"WebPage\",\"@id\":\"https:\\\/\\\/foreverfutbol.com.ec\\\/radio\\\/politica\\\/el-presidente-daniel-noboa-designo-a-sariha-moya-como-nueva-vicepresidenta-de-ecuador-encargada\\\/\",\"url\":\"https:\\\/\\\/foreverfutbol.com.ec\\\/radio\\\/politica\\\/el-presidente-daniel-noboa-designo-a-sariha-moya-como-nueva-vicepresidenta-de-ecuador-encargada\\\/\",\"name\":\"Noboa designa a Sariha Moya como nueva vicepresidenta\",\"isPartOf\":{\"@id\":\"https:\\\/\\\/foreverfutbol.com.ec\\\/radio\\\/#website\"},\"primaryImageOfPage\":{\"@id\":\"https:\\\/\\\/foreverfutbol.com.ec\\\/radio\\\/politica\\\/el-presidente-daniel-noboa-designo-a-sariha-moya-como-nueva-vicepresidenta-de-ecuador-encargada\\\/#primaryimage\"},\"image\":{\"@id\":\"https:\\\/\\\/foreverfutbol.com.ec\\\/radio\\\/politica\\\/el-presidente-daniel-noboa-designo-a-sariha-moya-como-nueva-vicepresidenta-de-ecuador-encargada\\\/#primaryimage\"},\"thumbnailUrl\":\"https:\\\/\\\/foreverfutbol.com.ec\\\/radio\\\/wp-content\\\/uploads\\\/2024\\\/11\\\/Diseno-sin-titulo-21-1-1024x683-1.jpg\",\"datePublished\":\"2024-11-11T19:30:31+00:00\",\"dateModified\":\"2024-11-11T20:00:08+00:00\",\"description\":\"Sariha Moya fue designada por Daniel Noboa como vicepresidenta encargada. El nombramiento ocurri\u00f3 este lunes 11 de noviembre.\",\"breadcrumb\":{\"@id\":\"https:\\\/\\\/foreverfutbol.com.ec\\\/radio\\\/politica\\\/el-presidente-daniel-noboa-designo-a-sariha-moya-como-nueva-vicepresidenta-de-ecuador-encargada\\\/#breadcrumb\"},\"inLanguage\":\"es\",\"potentialAction\":[{\"@type\":\"ReadAction\",\"target\":[\"https:\\\/\\\/foreverfutbol.com.ec\\\/radio\\\/politica\\\/el-presidente-daniel-noboa-designo-a-sariha-moya-como-nueva-vicepresidenta-de-ecuador-encargada\\\/\"]}]},{\"@type\":\"ImageObject\",\"inLanguage\":\"es\",\"@id\":\"https:\\\/\\\/foreverfutbol.com.ec\\\/radio\\\/politica\\\/el-presidente-daniel-noboa-designo-a-sariha-moya-como-nueva-vicepresidenta-de-ecuador-encargada\\\/#primaryimage\",\"url\":\"https:\\\/\\\/foreverfutbol.com.ec\\\/radio\\\/wp-content\\\/uploads\\\/2024\\\/11\\\/Diseno-sin-titulo-21-1-1024x683-1.jpg\",\"contentUrl\":\"https:\\\/\\\/foreverfutbol.com.ec\\\/radio\\\/wp-content\\\/uploads\\\/2024\\\/11\\\/Diseno-sin-titulo-21-1-1024x683-1.jpg\",\"width\":1024,\"height\":683},{\"@type\":\"BreadcrumbList\",\"@id\":\"https:\\\/\\\/foreverfutbol.com.ec\\\/radio\\\/politica\\\/el-presidente-daniel-noboa-designo-a-sariha-moya-como-nueva-vicepresidenta-de-ecuador-encargada\\\/#breadcrumb\",\"itemListElement\":[{\"@type\":\"ListItem\",\"position\":1,\"name\":\"Portada\",\"item\":\"https:\\\/\\\/foreverfutbol.com.ec\\\/radio\\\/\"},{\"@type\":\"ListItem\",\"position\":2,\"name\":\"El presidente Daniel Noboa design\u00f3 a Sariha Moya como nueva vicepresidenta de Ecuador encargada\"}]},{\"@type\":\"WebSite\",\"@id\":\"https:\\\/\\\/foreverfutbol.com.ec\\\/radio\\\/#website\",\"url\":\"https:\\\/\\\/foreverfutbol.com.ec\\\/radio\\\/\",\"name\":\"92.5 FOREVER Radio\",\"description\":\"\",\"publisher\":{\"@id\":\"https:\\\/\\\/foreverfutbol.com.ec\\\/radio\\\/#organization\"},\"potentialAction\":[{\"@type\":\"SearchAction\",\"target\":{\"@type\":\"EntryPoint\",\"urlTemplate\":\"https:\\\/\\\/foreverfutbol.com.ec\\\/radio\\\/?s={search_term_string}\"},\"query-input\":{\"@type\":\"PropertyValueSpecification\",\"valueRequired\":true,\"valueName\":\"search_term_string\"}}],\"inLanguage\":\"es\"},{\"@type\":\"Organization\",\"@id\":\"https:\\\/\\\/foreverfutbol.com.ec\\\/radio\\\/#organization\",\"name\":\"92.5 FOREVER Radio\",\"url\":\"https:\\\/\\\/foreverfutbol.com.ec\\\/radio\\\/\",\"logo\":{\"@type\":\"ImageObject\",\"inLanguage\":\"es\",\"@id\":\"https:\\\/\\\/foreverfutbol.com.ec\\\/radio\\\/#\\\/schema\\\/logo\\\/image\\\/\",\"url\":\"https:\\\/\\\/foreverfutbol.com.ec\\\/radio\\\/wp-content\\\/uploads\\\/2024\\\/01\\\/cropped-logo-forever.png\",\"contentUrl\":\"https:\\\/\\\/foreverfutbol.com.ec\\\/radio\\\/wp-content\\\/uploads\\\/2024\\\/01\\\/cropped-logo-forever.png\",\"width\":180,\"height\":154,\"caption\":\"92.5 FOREVER Radio\"},\"image\":{\"@id\":\"https:\\\/\\\/foreverfutbol.com.ec\\\/radio\\\/#\\\/schema\\\/logo\\\/image\\\/\"},\"sameAs\":[\"https:\\\/\\\/www.facebook.com\\\/profile.php?id=100063550693491\",\"https:\\\/\\\/x.com\\\/925forever\",\"https:\\\/\\\/www.instagram.com\\\/radioforever925\\\/\"]},{\"@type\":\"Person\",\"@id\":\"https:\\\/\\\/foreverfutbol.com.ec\\\/radio\\\/#\\\/schema\\\/person\\\/2f679dd16f889ac00df6e7b648062a01\",\"name\":\"Ricardo Rodriguez\",\"image\":{\"@type\":\"ImageObject\",\"inLanguage\":\"es\",\"@id\":\"https:\\\/\\\/secure.gravatar.com\\\/avatar\\\/5d9dfb95700bd0c503ed088d29de94822b5cc66a74cb0362774e6fc534823d07?s=96&d=mm&r=g\",\"url\":\"https:\\\/\\\/secure.gravatar.com\\\/avatar\\\/5d9dfb95700bd0c503ed088d29de94822b5cc66a74cb0362774e6fc534823d07?s=96&d=mm&r=g\",\"contentUrl\":\"https:\\\/\\\/secure.gravatar.com\\\/avatar\\\/5d9dfb95700bd0c503ed088d29de94822b5cc66a74cb0362774e6fc534823d07?s=96&d=mm&r=g\",\"caption\":\"Ricardo Rodriguez\"},\"sameAs\":[\"https:\\\/\\\/foreverfutbol.com.ec\\\/radio\"],\"url\":\"https:\\\/\\\/foreverfutbol.com.ec\\\/radio\\\/author\\\/superdmin\\\/\"}]}<\/script>\n<!-- \/ Yoast SEO plugin. -->","yoast_head_json":{"title":"Noboa designa a Sariha Moya como nueva vicepresidenta","description":"Sariha Moya fue designada por Daniel Noboa como vicepresidenta encargada. El nombramiento ocurri\u00f3 este lunes 11 de noviembre.","robots":{"index":"index","follow":"follow","max-snippet":"max-snippet:-1","max-image-preview":"max-image-preview:large","max-video-preview":"max-video-preview:-1"},"canonical":"https:\/\/foreverfutbol.com.ec\/radio\/politica\/el-presidente-daniel-noboa-designo-a-sariha-moya-como-nueva-vicepresidenta-de-ecuador-encargada\/","og_locale":"es_ES","og_type":"article","og_title":"Noboa designa a Sariha Moya como nueva vicepresidenta","og_description":"Sariha Moya fue designada por Daniel Noboa como vicepresidenta encargada. El nombramiento ocurri\u00f3 este lunes 11 de noviembre.","og_url":"https:\/\/foreverfutbol.com.ec\/radio\/politica\/el-presidente-daniel-noboa-designo-a-sariha-moya-como-nueva-vicepresidenta-de-ecuador-encargada\/","og_site_name":"92.5 FOREVER Radio","article_publisher":"https:\/\/www.facebook.com\/profile.php?id=100063550693491","article_published_time":"2024-11-11T19:30:31+00:00","article_modified_time":"2024-11-11T20:00:08+00:00","og_image":[{"width":1024,"height":683,"url":"https:\/\/foreverfutbol.com.ec\/radio\/wp-content\/uploads\/2024\/11\/Diseno-sin-titulo-21-1-1024x683-1.jpg","type":"image\/jpeg"}],"author":"Ricardo Rodriguez","twitter_card":"summary_large_image","twitter_creator":"@925forever","twitter_site":"@925forever","twitter_misc":{"Escrito por":"Ricardo Rodriguez","Tiempo de lectura":"1 minuto"},"schema":{"@context":"https:\/\/schema.org","@graph":[{"@type":"Article","@id":"https:\/\/foreverfutbol.com.ec\/radio\/politica\/el-presidente-daniel-noboa-designo-a-sariha-moya-como-nueva-vicepresidenta-de-ecuador-encargada\/#article","isPartOf":{"@id":"https:\/\/foreverfutbol.com.ec\/radio\/politica\/el-presidente-daniel-noboa-designo-a-sariha-moya-como-nueva-vicepresidenta-de-ecuador-encargada\/"},"author":{"name":"Ricardo Rodriguez","@id":"https:\/\/foreverfutbol.com.ec\/radio\/#\/schema\/person\/2f679dd16f889ac00df6e7b648062a01"},"headline":"El presidente Daniel Noboa design\u00f3 a Sariha Moya como nueva vicepresidenta de Ecuador encargada","datePublished":"2024-11-11T19:30:31+00:00","dateModified":"2024-11-11T20:00:08+00:00","mainEntityOfPage":{"@id":"https:\/\/foreverfutbol.com.ec\/radio\/politica\/el-presidente-daniel-noboa-designo-a-sariha-moya-como-nueva-vicepresidenta-de-ecuador-encargada\/"},"wordCount":200,"commentCount":0,"publisher":{"@id":"https:\/\/foreverfutbol.com.ec\/radio\/#organization"},"image":{"@id":"https:\/\/foreverfutbol.com.ec\/radio\/politica\/el-presidente-daniel-noboa-designo-a-sariha-moya-como-nueva-vicepresidenta-de-ecuador-encargada\/#primaryimage"},"thumbnailUrl":"https:\/\/foreverfutbol.com.ec\/radio\/wp-content\/uploads\/2024\/11\/Diseno-sin-titulo-21-1-1024x683-1.jpg","articleSection":["Pol\u00edtica"],"inLanguage":"es","potentialAction":[{"@type":"CommentAction","name":"Comment","target":["https:\/\/foreverfutbol.com.ec\/radio\/politica\/el-presidente-daniel-noboa-designo-a-sariha-moya-como-nueva-vicepresidenta-de-ecuador-encargada\/#respond"]}]},{"@type":"WebPage","@id":"https:\/\/foreverfutbol.com.ec\/radio\/politica\/el-presidente-daniel-noboa-designo-a-sariha-moya-como-nueva-vicepresidenta-de-ecuador-encargada\/","url":"https:\/\/foreverfutbol.com.ec\/radio\/politica\/el-presidente-daniel-noboa-designo-a-sariha-moya-como-nueva-vicepresidenta-de-ecuador-encargada\/","name":"Noboa designa a Sariha Moya como nueva vicepresidenta","isPartOf":{"@id":"https:\/\/foreverfutbol.com.ec\/radio\/#website"},"primaryImageOfPage":{"@id":"https:\/\/foreverfutbol.com.ec\/radio\/politica\/el-presidente-daniel-noboa-designo-a-sariha-moya-como-nueva-vicepresidenta-de-ecuador-encargada\/#primaryimage"},"image":{"@id":"https:\/\/foreverfutbol.com.ec\/radio\/politica\/el-presidente-daniel-noboa-designo-a-sariha-moya-como-nueva-vicepresidenta-de-ecuador-encargada\/#primaryimage"},"thumbnailUrl":"https:\/\/foreverfutbol.com.ec\/radio\/wp-content\/uploads\/2024\/11\/Diseno-sin-titulo-21-1-1024x683-1.jpg","datePublished":"2024-11-11T19:30:31+00:00","dateModified":"2024-11-11T20:00:08+00:00","description":"Sariha Moya fue designada por Daniel Noboa como vicepresidenta encargada. El nombramiento ocurri\u00f3 este lunes 11 de noviembre.","breadcrumb":{"@id":"https:\/\/foreverfutbol.com.ec\/radio\/politica\/el-presidente-daniel-noboa-designo-a-sariha-moya-como-nueva-vicepresidenta-de-ecuador-encargada\/#breadcrumb"},"inLanguage":"es","potentialAction":[{"@type":"ReadAction","target":["https:\/\/foreverfutbol.com.ec\/radio\/politica\/el-presidente-daniel-noboa-designo-a-sariha-moya-como-nueva-vicepresidenta-de-ecuador-encargada\/"]}]},{"@type":"ImageObject","inLanguage":"es","@id":"https:\/\/foreverfutbol.com.ec\/radio\/politica\/el-presidente-daniel-noboa-designo-a-sariha-moya-como-nueva-vicepresidenta-de-ecuador-encargada\/#primaryimage","url":"https:\/\/foreverfutbol.com.ec\/radio\/wp-content\/uploads\/2024\/11\/Diseno-sin-titulo-21-1-1024x683-1.jpg","contentUrl":"https:\/\/foreverfutbol.com.ec\/radio\/wp-content\/uploads\/2024\/11\/Diseno-sin-titulo-21-1-1024x683-1.jpg","width":1024,"height":683},{"@type":"BreadcrumbList","@id":"https:\/\/foreverfutbol.com.ec\/radio\/politica\/el-presidente-daniel-noboa-designo-a-sariha-moya-como-nueva-vicepresidenta-de-ecuador-encargada\/#breadcrumb","itemListElement":[{"@type":"ListItem","position":1,"name":"Portada","item":"https:\/\/foreverfutbol.com.ec\/radio\/"},{"@type":"ListItem","position":2,"name":"El presidente Daniel Noboa design\u00f3 a Sariha Moya como nueva vicepresidenta de Ecuador encargada"}]},{"@type":"WebSite","@id":"https:\/\/foreverfutbol.com.ec\/radio\/#website","url":"https:\/\/foreverfutbol.com.ec\/radio\/","name":"92.5 FOREVER Radio","description":"","publisher":{"@id":"https:\/\/foreverfutbol.com.ec\/radio\/#organization"},"potentialAction":[{"@type":"SearchAction","target":{"@type":"EntryPoint","urlTemplate":"https:\/\/foreverfutbol.com.ec\/radio\/?s={search_term_string}"},"query-input":{"@type":"PropertyValueSpecification","valueRequired":true,"valueName":"search_term_string"}}],"inLanguage":"es"},{"@type":"Organization","@id":"https:\/\/foreverfutbol.com.ec\/radio\/#organization","name":"92.5 FOREVER Radio","url":"https:\/\/foreverfutbol.com.ec\/radio\/","logo":{"@type":"ImageObject","inLanguage":"es","@id":"https:\/\/foreverfutbol.com.ec\/radio\/#\/schema\/logo\/image\/","url":"https:\/\/foreverfutbol.com.ec\/radio\/wp-content\/uploads\/2024\/01\/cropped-logo-forever.png","contentUrl":"https:\/\/foreverfutbol.com.ec\/radio\/wp-content\/uploads\/2024\/01\/cropped-logo-forever.png","width":180,"height":154,"caption":"92.5 FOREVER Radio"},"image":{"@id":"https:\/\/foreverfutbol.com.ec\/radio\/#\/schema\/logo\/image\/"},"sameAs":["https:\/\/www.facebook.com\/profile.php?id=100063550693491","https:\/\/x.com\/925forever","https:\/\/www.instagram.com\/radioforever925\/"]},{"@type":"Person","@id":"https:\/\/foreverfutbol.com.ec\/radio\/#\/schema\/person\/2f679dd16f889ac00df6e7b648062a01","name":"Ricardo Rodriguez","image":{"@type":"ImageObject","inLanguage":"es","@id":"https:\/\/secure.gravatar.com\/avatar\/5d9dfb95700bd0c503ed088d29de94822b5cc66a74cb0362774e6fc534823d07?s=96&d=mm&r=g","url":"https:\/\/secure.gravatar.com\/avatar\/5d9dfb95700bd0c503ed088d29de94822b5cc66a74cb0362774e6fc534823d07?s=96&d=mm&r=g","contentUrl":"https:\/\/secure.gravatar.com\/avatar\/5d9dfb95700bd0c503ed088d29de94822b5cc66a74cb0362774e6fc534823d07?s=96&d=mm&r=g","caption":"Ricardo Rodriguez"},"sameAs":["https:\/\/foreverfutbol.com.ec\/radio"],"url":"https:\/\/foreverfutbol.com.ec\/radio\/author\/superdmin\/"}]}},"_links":{"self":[{"href":"https:\/\/foreverfutbol.com.ec\/radio\/wp-json\/wp\/v2\/posts\/7704","targetHints":{"allow":["GET"]}}],"collection":[{"href":"https:\/\/foreverfutbol.com.ec\/radio\/wp-json\/wp\/v2\/posts"}],"about":[{"href":"https:\/\/foreverfutbol.com.ec\/radio\/wp-json\/wp\/v2\/types\/post"}],"author":[{"embeddable":true,"href":"https:\/\/foreverfutbol.com.ec\/radio\/wp-json\/wp\/v2\/users\/1"}],"replies":[{"embeddable":true,"href":"https:\/\/foreverfutbol.com.ec\/radio\/wp-json\/wp\/v2\/comments?post=7704"}],"version-history":[{"count":1,"href":"https:\/\/foreverfutbol.com.ec\/radio\/wp-json\/wp\/v2\/posts\/7704\/revisions"}],"predecessor-version":[{"id":7706,"href":"https:\/\/foreverfutbol.com.ec\/radio\/wp-json\/wp\/v2\/posts\/7704\/revisions\/7706"}],"wp:featuredmedia":[{"embeddable":true,"href":"https:\/\/foreverfutbol.com.ec\/radio\/wp-json\/wp\/v2\/media\/7705"}],"wp:attachment":[{"href":"https:\/\/foreverfutbol.com.ec\/radio\/wp-json\/wp\/v2\/media?parent=7704"}],"wp:term":[{"taxonomy":"category","embeddable":true,"href":"https:\/\/foreverfutbol.com.ec\/radio\/wp-json\/wp\/v2\/categories?post=7704"},{"taxonomy":"post_tag","embeddable":true,"href":"https:\/\/foreverfutbol.com.ec\/radio\/wp-json\/wp\/v2\/tags?post=7704"}],"curies":[{"name":"wp","href":"https:\/\/api.w.org\/{rel}","templated":true}]}}