{"id":7559,"date":"2024-10-29T15:45:46","date_gmt":"2024-10-29T20:45:46","guid":{"rendered":"https:\/\/foreverfutbol.com.ec\/radio\/?p=7559"},"modified":"2024-10-29T15:45:47","modified_gmt":"2024-10-29T20:45:47","slug":"simpatizantes-del-presidenciable-jan-topic-se-concentran-en-los-exteriores-del-tce-por-impugnacion","status":"publish","type":"post","link":"https:\/\/foreverfutbol.com.ec\/radio\/politica\/simpatizantes-del-presidenciable-jan-topic-se-concentran-en-los-exteriores-del-tce-por-impugnacion\/","title":{"rendered":"Simpatizantes del presidenciable Jan Topic se concentran en los exteriores del TCE por impugnaci\u00f3n"},"content":{"rendered":"\n<p class=\"wp-block-paragraph\">Simpatizantes del candidato presidencial de SUMA, Jan Topic, se concentran este 29 de octubre de 2024 en los exteriores del Tribunal Contencioso Electoral (TCE), en Quito. Esto sucede a v\u00edsperas de que la entidad resuelva la impugnaci\u00f3n contra la candidatura de Topic.<\/p>\n\n\n\n<p class=\"wp-block-paragraph\">De acuerdo con el candidato a asamble\u00edsta nacional y presidente de SUMA, Guillermo Celi, la \u00abvigilia\u00bb que ha decidido hacer la ciudadan\u00eda tiene como objetivo respaldar la candidatura de Topic.<\/p>\n\n\n\n<p class=\"wp-block-paragraph\">\u00abLos ecuatorianos de la Sierra, la Costa, la Amazon\u00eda y la regi\u00f3n Insular nos hemos hecho presentes porque la democracia es fundamental y no vamos a permitir que le metan la mano al proceso electoral y pretender dejar fuera a Jan Topic\u00bb, declar\u00f3 Celi.<\/p>\n\n\n\n<p class=\"wp-block-paragraph\">Adem\u00e1s, Celi record\u00f3 que el Pleno del Consejo Nacional Electoral (CNE) ya descart\u00f3 las objeciones a la candidatura de Topic y que, por lo tanto, ya se demostr\u00f3 que \u00e9l no es contratista del Estado, como es la acusaci\u00f3n de Pachakutik y Sociedad Patri\u00f3tica.<\/p>\n\n\n\n<p class=\"wp-block-paragraph\">Durante la concentraci\u00f3n en el TCE, el delegado de SUMA por la provincia de Tungurahua, Jos\u00e9 Luis L\u00f3pez, sostuvo que lo \u00fanico que piden a los jueces electorales es que \u00absepan analizar y permitan que este candidato participe en las elecciones de 2025\u00bb.<\/p>\n\n\n\n<p class=\"wp-block-paragraph\">Asimismo, solicit\u00f3 que el Contencioso Electoral resuelva lo antes posible la situaci\u00f3n de Topic y que se valoren las pruebas ya procesadas por el CNE y que sirvieron para negar la objeci\u00f3n en contra de su candidatura.<\/p>\n\n\n\n<p class=\"wp-block-paragraph\">Seg\u00fan el calendario de audiencias del TCE, el Pleno no tiene previsto tratar la impugnaci\u00f3n contra la candidatura de Jan Topic hasta lo que resta de octubre. El Contencioso Electoral debe pronunciarse hasta el 8 de noviembre de 2024.<\/p>\n\n\n\n<p class=\"wp-block-paragraph\">#JanTiopic #TCE #CNE #TribunalContenciosoElectoral #SUMA #GuillermoCeli <\/p>\n","protected":false},"excerpt":{"rendered":"<p>Simpatizantes del candidato presidencial de SUMA, Jan Topic, se concentran este 29 de octubre de 2024 en los exteriores del Tribunal Contencioso Electoral (TCE), en Quito. Esto sucede a v\u00edsperas de que la entidad resuelva la impugnaci\u00f3n contra la candidatura de Topic. De acuerdo con el candidato a asamble\u00edsta nacional y presidente de SUMA, Guillermo [&hellip;]<\/p>\n","protected":false},"author":1,"featured_media":7560,"comment_status":"open","ping_status":"open","sticky":false,"template":"","format":"standard","meta":{"footnotes":""},"categories":[52],"tags":[],"class_list":["post-7559","post","type-post","status-publish","format-standard","has-post-thumbnail","hentry","category-politica"],"yoast_head":"<!-- This site is optimized with the Yoast SEO plugin v28.3 - https:\/\/yoast.com\/product\/yoast-seo-wordpress\/ -->\n<title>Simpatizantes del presidenciable Jan Topic se concentran en los exteriores del TCE por impugnaci\u00f3n - 92.5 FOREVER Radio<\/title>\n<meta name=\"description\" content=\"Simpatizantes del presidenciable Jan Topic se concentran en los exteriores del Tribunal Contencioso Electoral (TCE).\" \/>\n<meta name=\"robots\" content=\"index, follow, max-snippet:-1, max-image-preview:large, max-video-preview:-1\" \/>\n<link rel=\"canonical\" href=\"https:\/\/foreverfutbol.com.ec\/radio\/politica\/simpatizantes-del-presidenciable-jan-topic-se-concentran-en-los-exteriores-del-tce-por-impugnacion\/\" \/>\n<meta property=\"og:locale\" content=\"es_ES\" \/>\n<meta property=\"og:type\" content=\"article\" \/>\n<meta property=\"og:title\" content=\"Simpatizantes del presidenciable Jan Topic se concentran en los exteriores del TCE por impugnaci\u00f3n - 92.5 FOREVER Radio\" \/>\n<meta property=\"og:description\" content=\"Simpatizantes del presidenciable Jan Topic se concentran en los exteriores del Tribunal Contencioso Electoral (TCE).\" \/>\n<meta property=\"og:url\" content=\"https:\/\/foreverfutbol.com.ec\/radio\/politica\/simpatizantes-del-presidenciable-jan-topic-se-concentran-en-los-exteriores-del-tce-por-impugnacion\/\" \/>\n<meta property=\"og:site_name\" content=\"92.5 FOREVER Radio\" \/>\n<meta property=\"article:publisher\" content=\"https:\/\/www.facebook.com\/profile.php?id=100063550693491\" \/>\n<meta property=\"article:published_time\" content=\"2024-10-29T20:45:46+00:00\" \/>\n<meta property=\"article:modified_time\" content=\"2024-10-29T20:45:47+00:00\" \/>\n<meta property=\"og:image\" content=\"https:\/\/foreverfutbol.com.ec\/radio\/wp-content\/uploads\/2024\/10\/JanTiopic-TCE-CNE-TribunalContenciosoElectoral-SUMA-GuillermoCeli-ForeverInforma-.png\" \/>\n\t<meta property=\"og:image:width\" content=\"1280\" \/>\n\t<meta property=\"og:image:height\" content=\"865\" \/>\n\t<meta property=\"og:image:type\" content=\"image\/png\" \/>\n<meta name=\"author\" content=\"Ricardo Rodriguez\" \/>\n<meta name=\"twitter:card\" content=\"summary_large_image\" \/>\n<meta name=\"twitter:creator\" content=\"@925forever\" \/>\n<meta name=\"twitter:site\" content=\"@925forever\" \/>\n<meta name=\"twitter:label1\" content=\"Escrito por\" \/>\n\t<meta name=\"twitter:data1\" content=\"Ricardo Rodriguez\" \/>\n\t<meta name=\"twitter:label2\" content=\"Tiempo de lectura\" \/>\n\t<meta name=\"twitter:data2\" content=\"2 minutos\" \/>\n<script type=\"application\/ld+json\" class=\"yoast-schema-graph\">{\"@context\":\"https:\\\/\\\/schema.org\",\"@graph\":[{\"@type\":\"Article\",\"@id\":\"https:\\\/\\\/foreverfutbol.com.ec\\\/radio\\\/politica\\\/simpatizantes-del-presidenciable-jan-topic-se-concentran-en-los-exteriores-del-tce-por-impugnacion\\\/#article\",\"isPartOf\":{\"@id\":\"https:\\\/\\\/foreverfutbol.com.ec\\\/radio\\\/politica\\\/simpatizantes-del-presidenciable-jan-topic-se-concentran-en-los-exteriores-del-tce-por-impugnacion\\\/\"},\"author\":{\"name\":\"Ricardo Rodriguez\",\"@id\":\"https:\\\/\\\/foreverfutbol.com.ec\\\/radio\\\/#\\\/schema\\\/person\\\/2f679dd16f889ac00df6e7b648062a01\"},\"headline\":\"Simpatizantes del presidenciable Jan Topic se concentran en los exteriores del TCE por impugnaci\u00f3n\",\"datePublished\":\"2024-10-29T20:45:46+00:00\",\"dateModified\":\"2024-10-29T20:45:47+00:00\",\"mainEntityOfPage\":{\"@id\":\"https:\\\/\\\/foreverfutbol.com.ec\\\/radio\\\/politica\\\/simpatizantes-del-presidenciable-jan-topic-se-concentran-en-los-exteriores-del-tce-por-impugnacion\\\/\"},\"wordCount\":310,\"commentCount\":0,\"publisher\":{\"@id\":\"https:\\\/\\\/foreverfutbol.com.ec\\\/radio\\\/#organization\"},\"image\":{\"@id\":\"https:\\\/\\\/foreverfutbol.com.ec\\\/radio\\\/politica\\\/simpatizantes-del-presidenciable-jan-topic-se-concentran-en-los-exteriores-del-tce-por-impugnacion\\\/#primaryimage\"},\"thumbnailUrl\":\"https:\\\/\\\/foreverfutbol.com.ec\\\/radio\\\/wp-content\\\/uploads\\\/2024\\\/10\\\/JanTiopic-TCE-CNE-TribunalContenciosoElectoral-SUMA-GuillermoCeli-ForeverInforma-.png\",\"articleSection\":[\"Pol\u00edtica\"],\"inLanguage\":\"es\",\"potentialAction\":[{\"@type\":\"CommentAction\",\"name\":\"Comment\",\"target\":[\"https:\\\/\\\/foreverfutbol.com.ec\\\/radio\\\/politica\\\/simpatizantes-del-presidenciable-jan-topic-se-concentran-en-los-exteriores-del-tce-por-impugnacion\\\/#respond\"]}]},{\"@type\":\"WebPage\",\"@id\":\"https:\\\/\\\/foreverfutbol.com.ec\\\/radio\\\/politica\\\/simpatizantes-del-presidenciable-jan-topic-se-concentran-en-los-exteriores-del-tce-por-impugnacion\\\/\",\"url\":\"https:\\\/\\\/foreverfutbol.com.ec\\\/radio\\\/politica\\\/simpatizantes-del-presidenciable-jan-topic-se-concentran-en-los-exteriores-del-tce-por-impugnacion\\\/\",\"name\":\"Simpatizantes del presidenciable Jan Topic se concentran en los exteriores del TCE por impugnaci\u00f3n - 92.5 FOREVER Radio\",\"isPartOf\":{\"@id\":\"https:\\\/\\\/foreverfutbol.com.ec\\\/radio\\\/#website\"},\"primaryImageOfPage\":{\"@id\":\"https:\\\/\\\/foreverfutbol.com.ec\\\/radio\\\/politica\\\/simpatizantes-del-presidenciable-jan-topic-se-concentran-en-los-exteriores-del-tce-por-impugnacion\\\/#primaryimage\"},\"image\":{\"@id\":\"https:\\\/\\\/foreverfutbol.com.ec\\\/radio\\\/politica\\\/simpatizantes-del-presidenciable-jan-topic-se-concentran-en-los-exteriores-del-tce-por-impugnacion\\\/#primaryimage\"},\"thumbnailUrl\":\"https:\\\/\\\/foreverfutbol.com.ec\\\/radio\\\/wp-content\\\/uploads\\\/2024\\\/10\\\/JanTiopic-TCE-CNE-TribunalContenciosoElectoral-SUMA-GuillermoCeli-ForeverInforma-.png\",\"datePublished\":\"2024-10-29T20:45:46+00:00\",\"dateModified\":\"2024-10-29T20:45:47+00:00\",\"description\":\"Simpatizantes del presidenciable Jan Topic se concentran en los exteriores del Tribunal Contencioso Electoral (TCE).\",\"breadcrumb\":{\"@id\":\"https:\\\/\\\/foreverfutbol.com.ec\\\/radio\\\/politica\\\/simpatizantes-del-presidenciable-jan-topic-se-concentran-en-los-exteriores-del-tce-por-impugnacion\\\/#breadcrumb\"},\"inLanguage\":\"es\",\"potentialAction\":[{\"@type\":\"ReadAction\",\"target\":[\"https:\\\/\\\/foreverfutbol.com.ec\\\/radio\\\/politica\\\/simpatizantes-del-presidenciable-jan-topic-se-concentran-en-los-exteriores-del-tce-por-impugnacion\\\/\"]}]},{\"@type\":\"ImageObject\",\"inLanguage\":\"es\",\"@id\":\"https:\\\/\\\/foreverfutbol.com.ec\\\/radio\\\/politica\\\/simpatizantes-del-presidenciable-jan-topic-se-concentran-en-los-exteriores-del-tce-por-impugnacion\\\/#primaryimage\",\"url\":\"https:\\\/\\\/foreverfutbol.com.ec\\\/radio\\\/wp-content\\\/uploads\\\/2024\\\/10\\\/JanTiopic-TCE-CNE-TribunalContenciosoElectoral-SUMA-GuillermoCeli-ForeverInforma-.png\",\"contentUrl\":\"https:\\\/\\\/foreverfutbol.com.ec\\\/radio\\\/wp-content\\\/uploads\\\/2024\\\/10\\\/JanTiopic-TCE-CNE-TribunalContenciosoElectoral-SUMA-GuillermoCeli-ForeverInforma-.png\",\"width\":1280,\"height\":865},{\"@type\":\"BreadcrumbList\",\"@id\":\"https:\\\/\\\/foreverfutbol.com.ec\\\/radio\\\/politica\\\/simpatizantes-del-presidenciable-jan-topic-se-concentran-en-los-exteriores-del-tce-por-impugnacion\\\/#breadcrumb\",\"itemListElement\":[{\"@type\":\"ListItem\",\"position\":1,\"name\":\"Portada\",\"item\":\"https:\\\/\\\/foreverfutbol.com.ec\\\/radio\\\/\"},{\"@type\":\"ListItem\",\"position\":2,\"name\":\"Simpatizantes del presidenciable Jan Topic se concentran en los exteriores del TCE por impugnaci\u00f3n\"}]},{\"@type\":\"WebSite\",\"@id\":\"https:\\\/\\\/foreverfutbol.com.ec\\\/radio\\\/#website\",\"url\":\"https:\\\/\\\/foreverfutbol.com.ec\\\/radio\\\/\",\"name\":\"92.5 FOREVER Radio\",\"description\":\"\",\"publisher\":{\"@id\":\"https:\\\/\\\/foreverfutbol.com.ec\\\/radio\\\/#organization\"},\"potentialAction\":[{\"@type\":\"SearchAction\",\"target\":{\"@type\":\"EntryPoint\",\"urlTemplate\":\"https:\\\/\\\/foreverfutbol.com.ec\\\/radio\\\/?s={search_term_string}\"},\"query-input\":{\"@type\":\"PropertyValueSpecification\",\"valueRequired\":true,\"valueName\":\"search_term_string\"}}],\"inLanguage\":\"es\"},{\"@type\":\"Organization\",\"@id\":\"https:\\\/\\\/foreverfutbol.com.ec\\\/radio\\\/#organization\",\"name\":\"92.5 FOREVER Radio\",\"url\":\"https:\\\/\\\/foreverfutbol.com.ec\\\/radio\\\/\",\"logo\":{\"@type\":\"ImageObject\",\"inLanguage\":\"es\",\"@id\":\"https:\\\/\\\/foreverfutbol.com.ec\\\/radio\\\/#\\\/schema\\\/logo\\\/image\\\/\",\"url\":\"https:\\\/\\\/foreverfutbol.com.ec\\\/radio\\\/wp-content\\\/uploads\\\/2024\\\/01\\\/cropped-logo-forever.png\",\"contentUrl\":\"https:\\\/\\\/foreverfutbol.com.ec\\\/radio\\\/wp-content\\\/uploads\\\/2024\\\/01\\\/cropped-logo-forever.png\",\"width\":180,\"height\":154,\"caption\":\"92.5 FOREVER Radio\"},\"image\":{\"@id\":\"https:\\\/\\\/foreverfutbol.com.ec\\\/radio\\\/#\\\/schema\\\/logo\\\/image\\\/\"},\"sameAs\":[\"https:\\\/\\\/www.facebook.com\\\/profile.php?id=100063550693491\",\"https:\\\/\\\/x.com\\\/925forever\",\"https:\\\/\\\/www.instagram.com\\\/radioforever925\\\/\"]},{\"@type\":\"Person\",\"@id\":\"https:\\\/\\\/foreverfutbol.com.ec\\\/radio\\\/#\\\/schema\\\/person\\\/2f679dd16f889ac00df6e7b648062a01\",\"name\":\"Ricardo Rodriguez\",\"image\":{\"@type\":\"ImageObject\",\"inLanguage\":\"es\",\"@id\":\"https:\\\/\\\/secure.gravatar.com\\\/avatar\\\/5d9dfb95700bd0c503ed088d29de94822b5cc66a74cb0362774e6fc534823d07?s=96&d=mm&r=g\",\"url\":\"https:\\\/\\\/secure.gravatar.com\\\/avatar\\\/5d9dfb95700bd0c503ed088d29de94822b5cc66a74cb0362774e6fc534823d07?s=96&d=mm&r=g\",\"contentUrl\":\"https:\\\/\\\/secure.gravatar.com\\\/avatar\\\/5d9dfb95700bd0c503ed088d29de94822b5cc66a74cb0362774e6fc534823d07?s=96&d=mm&r=g\",\"caption\":\"Ricardo Rodriguez\"},\"sameAs\":[\"https:\\\/\\\/foreverfutbol.com.ec\\\/radio\"],\"url\":\"https:\\\/\\\/foreverfutbol.com.ec\\\/radio\\\/author\\\/superdmin\\\/\"}]}<\/script>\n<!-- \/ Yoast SEO plugin. -->","yoast_head_json":{"title":"Simpatizantes del presidenciable Jan Topic se concentran en los exteriores del TCE por impugnaci\u00f3n - 92.5 FOREVER Radio","description":"Simpatizantes del presidenciable Jan Topic se concentran en los exteriores del Tribunal Contencioso Electoral (TCE).","robots":{"index":"index","follow":"follow","max-snippet":"max-snippet:-1","max-image-preview":"max-image-preview:large","max-video-preview":"max-video-preview:-1"},"canonical":"https:\/\/foreverfutbol.com.ec\/radio\/politica\/simpatizantes-del-presidenciable-jan-topic-se-concentran-en-los-exteriores-del-tce-por-impugnacion\/","og_locale":"es_ES","og_type":"article","og_title":"Simpatizantes del presidenciable Jan Topic se concentran en los exteriores del TCE por impugnaci\u00f3n - 92.5 FOREVER Radio","og_description":"Simpatizantes del presidenciable Jan Topic se concentran en los exteriores del Tribunal Contencioso Electoral (TCE).","og_url":"https:\/\/foreverfutbol.com.ec\/radio\/politica\/simpatizantes-del-presidenciable-jan-topic-se-concentran-en-los-exteriores-del-tce-por-impugnacion\/","og_site_name":"92.5 FOREVER Radio","article_publisher":"https:\/\/www.facebook.com\/profile.php?id=100063550693491","article_published_time":"2024-10-29T20:45:46+00:00","article_modified_time":"2024-10-29T20:45:47+00:00","og_image":[{"width":1280,"height":865,"url":"https:\/\/foreverfutbol.com.ec\/radio\/wp-content\/uploads\/2024\/10\/JanTiopic-TCE-CNE-TribunalContenciosoElectoral-SUMA-GuillermoCeli-ForeverInforma-.png","type":"image\/png"}],"author":"Ricardo Rodriguez","twitter_card":"summary_large_image","twitter_creator":"@925forever","twitter_site":"@925forever","twitter_misc":{"Escrito por":"Ricardo Rodriguez","Tiempo de lectura":"2 minutos"},"schema":{"@context":"https:\/\/schema.org","@graph":[{"@type":"Article","@id":"https:\/\/foreverfutbol.com.ec\/radio\/politica\/simpatizantes-del-presidenciable-jan-topic-se-concentran-en-los-exteriores-del-tce-por-impugnacion\/#article","isPartOf":{"@id":"https:\/\/foreverfutbol.com.ec\/radio\/politica\/simpatizantes-del-presidenciable-jan-topic-se-concentran-en-los-exteriores-del-tce-por-impugnacion\/"},"author":{"name":"Ricardo Rodriguez","@id":"https:\/\/foreverfutbol.com.ec\/radio\/#\/schema\/person\/2f679dd16f889ac00df6e7b648062a01"},"headline":"Simpatizantes del presidenciable Jan Topic se concentran en los exteriores del TCE por impugnaci\u00f3n","datePublished":"2024-10-29T20:45:46+00:00","dateModified":"2024-10-29T20:45:47+00:00","mainEntityOfPage":{"@id":"https:\/\/foreverfutbol.com.ec\/radio\/politica\/simpatizantes-del-presidenciable-jan-topic-se-concentran-en-los-exteriores-del-tce-por-impugnacion\/"},"wordCount":310,"commentCount":0,"publisher":{"@id":"https:\/\/foreverfutbol.com.ec\/radio\/#organization"},"image":{"@id":"https:\/\/foreverfutbol.com.ec\/radio\/politica\/simpatizantes-del-presidenciable-jan-topic-se-concentran-en-los-exteriores-del-tce-por-impugnacion\/#primaryimage"},"thumbnailUrl":"https:\/\/foreverfutbol.com.ec\/radio\/wp-content\/uploads\/2024\/10\/JanTiopic-TCE-CNE-TribunalContenciosoElectoral-SUMA-GuillermoCeli-ForeverInforma-.png","articleSection":["Pol\u00edtica"],"inLanguage":"es","potentialAction":[{"@type":"CommentAction","name":"Comment","target":["https:\/\/foreverfutbol.com.ec\/radio\/politica\/simpatizantes-del-presidenciable-jan-topic-se-concentran-en-los-exteriores-del-tce-por-impugnacion\/#respond"]}]},{"@type":"WebPage","@id":"https:\/\/foreverfutbol.com.ec\/radio\/politica\/simpatizantes-del-presidenciable-jan-topic-se-concentran-en-los-exteriores-del-tce-por-impugnacion\/","url":"https:\/\/foreverfutbol.com.ec\/radio\/politica\/simpatizantes-del-presidenciable-jan-topic-se-concentran-en-los-exteriores-del-tce-por-impugnacion\/","name":"Simpatizantes del presidenciable Jan Topic se concentran en los exteriores del TCE por impugnaci\u00f3n - 92.5 FOREVER Radio","isPartOf":{"@id":"https:\/\/foreverfutbol.com.ec\/radio\/#website"},"primaryImageOfPage":{"@id":"https:\/\/foreverfutbol.com.ec\/radio\/politica\/simpatizantes-del-presidenciable-jan-topic-se-concentran-en-los-exteriores-del-tce-por-impugnacion\/#primaryimage"},"image":{"@id":"https:\/\/foreverfutbol.com.ec\/radio\/politica\/simpatizantes-del-presidenciable-jan-topic-se-concentran-en-los-exteriores-del-tce-por-impugnacion\/#primaryimage"},"thumbnailUrl":"https:\/\/foreverfutbol.com.ec\/radio\/wp-content\/uploads\/2024\/10\/JanTiopic-TCE-CNE-TribunalContenciosoElectoral-SUMA-GuillermoCeli-ForeverInforma-.png","datePublished":"2024-10-29T20:45:46+00:00","dateModified":"2024-10-29T20:45:47+00:00","description":"Simpatizantes del presidenciable Jan Topic se concentran en los exteriores del Tribunal Contencioso Electoral (TCE).","breadcrumb":{"@id":"https:\/\/foreverfutbol.com.ec\/radio\/politica\/simpatizantes-del-presidenciable-jan-topic-se-concentran-en-los-exteriores-del-tce-por-impugnacion\/#breadcrumb"},"inLanguage":"es","potentialAction":[{"@type":"ReadAction","target":["https:\/\/foreverfutbol.com.ec\/radio\/politica\/simpatizantes-del-presidenciable-jan-topic-se-concentran-en-los-exteriores-del-tce-por-impugnacion\/"]}]},{"@type":"ImageObject","inLanguage":"es","@id":"https:\/\/foreverfutbol.com.ec\/radio\/politica\/simpatizantes-del-presidenciable-jan-topic-se-concentran-en-los-exteriores-del-tce-por-impugnacion\/#primaryimage","url":"https:\/\/foreverfutbol.com.ec\/radio\/wp-content\/uploads\/2024\/10\/JanTiopic-TCE-CNE-TribunalContenciosoElectoral-SUMA-GuillermoCeli-ForeverInforma-.png","contentUrl":"https:\/\/foreverfutbol.com.ec\/radio\/wp-content\/uploads\/2024\/10\/JanTiopic-TCE-CNE-TribunalContenciosoElectoral-SUMA-GuillermoCeli-ForeverInforma-.png","width":1280,"height":865},{"@type":"BreadcrumbList","@id":"https:\/\/foreverfutbol.com.ec\/radio\/politica\/simpatizantes-del-presidenciable-jan-topic-se-concentran-en-los-exteriores-del-tce-por-impugnacion\/#breadcrumb","itemListElement":[{"@type":"ListItem","position":1,"name":"Portada","item":"https:\/\/foreverfutbol.com.ec\/radio\/"},{"@type":"ListItem","position":2,"name":"Simpatizantes del presidenciable Jan Topic se concentran en los exteriores del TCE por impugnaci\u00f3n"}]},{"@type":"WebSite","@id":"https:\/\/foreverfutbol.com.ec\/radio\/#website","url":"https:\/\/foreverfutbol.com.ec\/radio\/","name":"92.5 FOREVER Radio","description":"","publisher":{"@id":"https:\/\/foreverfutbol.com.ec\/radio\/#organization"},"potentialAction":[{"@type":"SearchAction","target":{"@type":"EntryPoint","urlTemplate":"https:\/\/foreverfutbol.com.ec\/radio\/?s={search_term_string}"},"query-input":{"@type":"PropertyValueSpecification","valueRequired":true,"valueName":"search_term_string"}}],"inLanguage":"es"},{"@type":"Organization","@id":"https:\/\/foreverfutbol.com.ec\/radio\/#organization","name":"92.5 FOREVER Radio","url":"https:\/\/foreverfutbol.com.ec\/radio\/","logo":{"@type":"ImageObject","inLanguage":"es","@id":"https:\/\/foreverfutbol.com.ec\/radio\/#\/schema\/logo\/image\/","url":"https:\/\/foreverfutbol.com.ec\/radio\/wp-content\/uploads\/2024\/01\/cropped-logo-forever.png","contentUrl":"https:\/\/foreverfutbol.com.ec\/radio\/wp-content\/uploads\/2024\/01\/cropped-logo-forever.png","width":180,"height":154,"caption":"92.5 FOREVER Radio"},"image":{"@id":"https:\/\/foreverfutbol.com.ec\/radio\/#\/schema\/logo\/image\/"},"sameAs":["https:\/\/www.facebook.com\/profile.php?id=100063550693491","https:\/\/x.com\/925forever","https:\/\/www.instagram.com\/radioforever925\/"]},{"@type":"Person","@id":"https:\/\/foreverfutbol.com.ec\/radio\/#\/schema\/person\/2f679dd16f889ac00df6e7b648062a01","name":"Ricardo Rodriguez","image":{"@type":"ImageObject","inLanguage":"es","@id":"https:\/\/secure.gravatar.com\/avatar\/5d9dfb95700bd0c503ed088d29de94822b5cc66a74cb0362774e6fc534823d07?s=96&d=mm&r=g","url":"https:\/\/secure.gravatar.com\/avatar\/5d9dfb95700bd0c503ed088d29de94822b5cc66a74cb0362774e6fc534823d07?s=96&d=mm&r=g","contentUrl":"https:\/\/secure.gravatar.com\/avatar\/5d9dfb95700bd0c503ed088d29de94822b5cc66a74cb0362774e6fc534823d07?s=96&d=mm&r=g","caption":"Ricardo Rodriguez"},"sameAs":["https:\/\/foreverfutbol.com.ec\/radio"],"url":"https:\/\/foreverfutbol.com.ec\/radio\/author\/superdmin\/"}]}},"_links":{"self":[{"href":"https:\/\/foreverfutbol.com.ec\/radio\/wp-json\/wp\/v2\/posts\/7559","targetHints":{"allow":["GET"]}}],"collection":[{"href":"https:\/\/foreverfutbol.com.ec\/radio\/wp-json\/wp\/v2\/posts"}],"about":[{"href":"https:\/\/foreverfutbol.com.ec\/radio\/wp-json\/wp\/v2\/types\/post"}],"author":[{"embeddable":true,"href":"https:\/\/foreverfutbol.com.ec\/radio\/wp-json\/wp\/v2\/users\/1"}],"replies":[{"embeddable":true,"href":"https:\/\/foreverfutbol.com.ec\/radio\/wp-json\/wp\/v2\/comments?post=7559"}],"version-history":[{"count":1,"href":"https:\/\/foreverfutbol.com.ec\/radio\/wp-json\/wp\/v2\/posts\/7559\/revisions"}],"predecessor-version":[{"id":7561,"href":"https:\/\/foreverfutbol.com.ec\/radio\/wp-json\/wp\/v2\/posts\/7559\/revisions\/7561"}],"wp:featuredmedia":[{"embeddable":true,"href":"https:\/\/foreverfutbol.com.ec\/radio\/wp-json\/wp\/v2\/media\/7560"}],"wp:attachment":[{"href":"https:\/\/foreverfutbol.com.ec\/radio\/wp-json\/wp\/v2\/media?parent=7559"}],"wp:term":[{"taxonomy":"category","embeddable":true,"href":"https:\/\/foreverfutbol.com.ec\/radio\/wp-json\/wp\/v2\/categories?post=7559"},{"taxonomy":"post_tag","embeddable":true,"href":"https:\/\/foreverfutbol.com.ec\/radio\/wp-json\/wp\/v2\/tags?post=7559"}],"curies":[{"name":"wp","href":"https:\/\/api.w.org\/{rel}","templated":true}]}}