{"id":7310,"date":"2024-10-10T18:10:17","date_gmt":"2024-10-10T23:10:17","guid":{"rendered":"https:\/\/foreverfutbol.com.ec\/radio\/?p=7310"},"modified":"2024-10-10T18:10:18","modified_gmt":"2024-10-10T23:10:18","slug":"amargo-empate-0-0-de-ecuador-ante-paraguay","status":"publish","type":"post","link":"https:\/\/foreverfutbol.com.ec\/radio\/deportes\/amargo-empate-0-0-de-ecuador-ante-paraguay\/","title":{"rendered":"Amargo empate 0-0 de Ecuador ante Paraguay"},"content":{"rendered":"\n<p class=\"wp-block-paragraph\">Ecuador empata con Paraguay y decepciona en el estadio Rodrigo Paz . El 0-0 fue un castigo a un equipo poco expresivo, sin sorpresa y que no supo como superar el cerco defensivo de Gustavo Alfaro. El extimonel de la Selecci\u00f3n puso ocho y hasta nueve futbolistas en labores defensivas.<\/p>\n\n\n\n<p class=\"wp-block-paragraph\">La dirigencia de la Ecuaf\u00fatbol est\u00e1 empe\u00f1ada en acercar la Selecci\u00f3n a los hinchas. Pero el juego de la Selecci\u00f3n no motiva. No hay peque\u00f1as sociedades entre jugadores, ni un funcionamiento o idea plasmada. Es cierto, Sebasti\u00e1n Beccacece tiene poco tiempo para trabajar, pero la Tricolor sigue mostrando el mismo juego ap\u00e1tico que con F\u00e9lix S\u00e1nchez Bas.<\/p>\n\n\n\n<p class=\"wp-block-paragraph\">Hay situaciones que no terminan de quedar claras. \u00bfPor qu\u00e9 juega Kendry P\u00e1ez, suplente en Independiente del Valle? El futbolista adolescente no gravit\u00f3 en el primer tiempo: toc\u00f3 la pelota de forma lateral o hacia atr\u00e1s. Sin encarar, sin ubicarse entre l\u00edneas para buscar ventajas.<\/p>\n\n\n\n<p class=\"wp-block-paragraph\">#Ecuador #Tri #LatRI #Mois\u00e9sCaicedo #Paraguay #KendryP\u00e1ez<\/p>\n","protected":false},"excerpt":{"rendered":"<p>Ecuador empata con Paraguay y decepciona en el estadio Rodrigo Paz . El 0-0 fue un castigo a un equipo poco expresivo, sin sorpresa y que no supo como superar el cerco defensivo de Gustavo Alfaro. El extimonel de la Selecci\u00f3n puso ocho y hasta nueve futbolistas en labores defensivas. La dirigencia de la Ecuaf\u00fatbol [&hellip;]<\/p>\n","protected":false},"author":1,"featured_media":7311,"comment_status":"open","ping_status":"open","sticky":false,"template":"","format":"standard","meta":{"footnotes":""},"categories":[62],"tags":[],"class_list":["post-7310","post","type-post","status-publish","format-standard","has-post-thumbnail","hentry","category-deportes"],"yoast_head":"<!-- This site is optimized with the Yoast SEO plugin v28.3 - https:\/\/yoast.com\/product\/yoast-seo-wordpress\/ -->\n<title>Amargo empate 0-0 de Ecuador ante Paraguay - 92.5 FOREVER Radio<\/title>\n<meta name=\"robots\" content=\"index, follow, max-snippet:-1, max-image-preview:large, max-video-preview:-1\" \/>\n<link rel=\"canonical\" href=\"https:\/\/foreverfutbol.com.ec\/radio\/deportes\/amargo-empate-0-0-de-ecuador-ante-paraguay\/\" \/>\n<meta property=\"og:locale\" content=\"es_ES\" \/>\n<meta property=\"og:type\" content=\"article\" \/>\n<meta property=\"og:title\" content=\"Amargo empate 0-0 de Ecuador ante Paraguay - 92.5 FOREVER Radio\" \/>\n<meta property=\"og:description\" content=\"Ecuador empata con Paraguay y decepciona en el estadio Rodrigo Paz . El 0-0 fue un castigo a un equipo poco expresivo, sin sorpresa y que no supo como superar el cerco defensivo de Gustavo Alfaro. El extimonel de la Selecci\u00f3n puso ocho y hasta nueve futbolistas en labores defensivas. La dirigencia de la Ecuaf\u00fatbol [&hellip;]\" \/>\n<meta property=\"og:url\" content=\"https:\/\/foreverfutbol.com.ec\/radio\/deportes\/amargo-empate-0-0-de-ecuador-ante-paraguay\/\" \/>\n<meta property=\"og:site_name\" content=\"92.5 FOREVER Radio\" \/>\n<meta property=\"article:publisher\" content=\"https:\/\/www.facebook.com\/profile.php?id=100063550693491\" \/>\n<meta property=\"article:published_time\" content=\"2024-10-10T23:10:17+00:00\" \/>\n<meta property=\"article:modified_time\" content=\"2024-10-10T23:10:18+00:00\" \/>\n<meta property=\"og:image\" content=\"https:\/\/foreverfutbol.com.ec\/radio\/wp-content\/uploads\/2024\/10\/Ecuador-Tri-LatRI-MoisesCaicedo-Paraguay-KendryPaez-ForeverInforma-.png\" \/>\n\t<meta property=\"og:image:width\" content=\"1280\" \/>\n\t<meta property=\"og:image:height\" content=\"865\" \/>\n\t<meta property=\"og:image:type\" content=\"image\/png\" \/>\n<meta name=\"author\" content=\"Ricardo Rodriguez\" \/>\n<meta name=\"twitter:card\" content=\"summary_large_image\" \/>\n<meta name=\"twitter:creator\" content=\"@925forever\" \/>\n<meta name=\"twitter:site\" content=\"@925forever\" \/>\n<meta name=\"twitter:label1\" content=\"Escrito por\" \/>\n\t<meta name=\"twitter:data1\" content=\"Ricardo Rodriguez\" \/>\n\t<meta name=\"twitter:label2\" content=\"Tiempo de lectura\" \/>\n\t<meta name=\"twitter:data2\" content=\"1 minuto\" \/>\n<script type=\"application\/ld+json\" class=\"yoast-schema-graph\">{\"@context\":\"https:\\\/\\\/schema.org\",\"@graph\":[{\"@type\":\"Article\",\"@id\":\"https:\\\/\\\/foreverfutbol.com.ec\\\/radio\\\/deportes\\\/amargo-empate-0-0-de-ecuador-ante-paraguay\\\/#article\",\"isPartOf\":{\"@id\":\"https:\\\/\\\/foreverfutbol.com.ec\\\/radio\\\/deportes\\\/amargo-empate-0-0-de-ecuador-ante-paraguay\\\/\"},\"author\":{\"name\":\"Ricardo Rodriguez\",\"@id\":\"https:\\\/\\\/foreverfutbol.com.ec\\\/radio\\\/#\\\/schema\\\/person\\\/2f679dd16f889ac00df6e7b648062a01\"},\"headline\":\"Amargo empate 0-0 de Ecuador ante Paraguay\",\"datePublished\":\"2024-10-10T23:10:17+00:00\",\"dateModified\":\"2024-10-10T23:10:18+00:00\",\"mainEntityOfPage\":{\"@id\":\"https:\\\/\\\/foreverfutbol.com.ec\\\/radio\\\/deportes\\\/amargo-empate-0-0-de-ecuador-ante-paraguay\\\/\"},\"wordCount\":179,\"commentCount\":0,\"publisher\":{\"@id\":\"https:\\\/\\\/foreverfutbol.com.ec\\\/radio\\\/#organization\"},\"image\":{\"@id\":\"https:\\\/\\\/foreverfutbol.com.ec\\\/radio\\\/deportes\\\/amargo-empate-0-0-de-ecuador-ante-paraguay\\\/#primaryimage\"},\"thumbnailUrl\":\"https:\\\/\\\/foreverfutbol.com.ec\\\/radio\\\/wp-content\\\/uploads\\\/2024\\\/10\\\/Ecuador-Tri-LatRI-MoisesCaicedo-Paraguay-KendryPaez-ForeverInforma-.png\",\"articleSection\":[\"Deportes\"],\"inLanguage\":\"es\",\"potentialAction\":[{\"@type\":\"CommentAction\",\"name\":\"Comment\",\"target\":[\"https:\\\/\\\/foreverfutbol.com.ec\\\/radio\\\/deportes\\\/amargo-empate-0-0-de-ecuador-ante-paraguay\\\/#respond\"]}]},{\"@type\":\"WebPage\",\"@id\":\"https:\\\/\\\/foreverfutbol.com.ec\\\/radio\\\/deportes\\\/amargo-empate-0-0-de-ecuador-ante-paraguay\\\/\",\"url\":\"https:\\\/\\\/foreverfutbol.com.ec\\\/radio\\\/deportes\\\/amargo-empate-0-0-de-ecuador-ante-paraguay\\\/\",\"name\":\"Amargo empate 0-0 de Ecuador ante Paraguay - 92.5 FOREVER Radio\",\"isPartOf\":{\"@id\":\"https:\\\/\\\/foreverfutbol.com.ec\\\/radio\\\/#website\"},\"primaryImageOfPage\":{\"@id\":\"https:\\\/\\\/foreverfutbol.com.ec\\\/radio\\\/deportes\\\/amargo-empate-0-0-de-ecuador-ante-paraguay\\\/#primaryimage\"},\"image\":{\"@id\":\"https:\\\/\\\/foreverfutbol.com.ec\\\/radio\\\/deportes\\\/amargo-empate-0-0-de-ecuador-ante-paraguay\\\/#primaryimage\"},\"thumbnailUrl\":\"https:\\\/\\\/foreverfutbol.com.ec\\\/radio\\\/wp-content\\\/uploads\\\/2024\\\/10\\\/Ecuador-Tri-LatRI-MoisesCaicedo-Paraguay-KendryPaez-ForeverInforma-.png\",\"datePublished\":\"2024-10-10T23:10:17+00:00\",\"dateModified\":\"2024-10-10T23:10:18+00:00\",\"breadcrumb\":{\"@id\":\"https:\\\/\\\/foreverfutbol.com.ec\\\/radio\\\/deportes\\\/amargo-empate-0-0-de-ecuador-ante-paraguay\\\/#breadcrumb\"},\"inLanguage\":\"es\",\"potentialAction\":[{\"@type\":\"ReadAction\",\"target\":[\"https:\\\/\\\/foreverfutbol.com.ec\\\/radio\\\/deportes\\\/amargo-empate-0-0-de-ecuador-ante-paraguay\\\/\"]}]},{\"@type\":\"ImageObject\",\"inLanguage\":\"es\",\"@id\":\"https:\\\/\\\/foreverfutbol.com.ec\\\/radio\\\/deportes\\\/amargo-empate-0-0-de-ecuador-ante-paraguay\\\/#primaryimage\",\"url\":\"https:\\\/\\\/foreverfutbol.com.ec\\\/radio\\\/wp-content\\\/uploads\\\/2024\\\/10\\\/Ecuador-Tri-LatRI-MoisesCaicedo-Paraguay-KendryPaez-ForeverInforma-.png\",\"contentUrl\":\"https:\\\/\\\/foreverfutbol.com.ec\\\/radio\\\/wp-content\\\/uploads\\\/2024\\\/10\\\/Ecuador-Tri-LatRI-MoisesCaicedo-Paraguay-KendryPaez-ForeverInforma-.png\",\"width\":1280,\"height\":865},{\"@type\":\"BreadcrumbList\",\"@id\":\"https:\\\/\\\/foreverfutbol.com.ec\\\/radio\\\/deportes\\\/amargo-empate-0-0-de-ecuador-ante-paraguay\\\/#breadcrumb\",\"itemListElement\":[{\"@type\":\"ListItem\",\"position\":1,\"name\":\"Portada\",\"item\":\"https:\\\/\\\/foreverfutbol.com.ec\\\/radio\\\/\"},{\"@type\":\"ListItem\",\"position\":2,\"name\":\"Amargo empate 0-0 de Ecuador ante Paraguay\"}]},{\"@type\":\"WebSite\",\"@id\":\"https:\\\/\\\/foreverfutbol.com.ec\\\/radio\\\/#website\",\"url\":\"https:\\\/\\\/foreverfutbol.com.ec\\\/radio\\\/\",\"name\":\"92.5 FOREVER Radio\",\"description\":\"\",\"publisher\":{\"@id\":\"https:\\\/\\\/foreverfutbol.com.ec\\\/radio\\\/#organization\"},\"potentialAction\":[{\"@type\":\"SearchAction\",\"target\":{\"@type\":\"EntryPoint\",\"urlTemplate\":\"https:\\\/\\\/foreverfutbol.com.ec\\\/radio\\\/?s={search_term_string}\"},\"query-input\":{\"@type\":\"PropertyValueSpecification\",\"valueRequired\":true,\"valueName\":\"search_term_string\"}}],\"inLanguage\":\"es\"},{\"@type\":\"Organization\",\"@id\":\"https:\\\/\\\/foreverfutbol.com.ec\\\/radio\\\/#organization\",\"name\":\"92.5 FOREVER Radio\",\"url\":\"https:\\\/\\\/foreverfutbol.com.ec\\\/radio\\\/\",\"logo\":{\"@type\":\"ImageObject\",\"inLanguage\":\"es\",\"@id\":\"https:\\\/\\\/foreverfutbol.com.ec\\\/radio\\\/#\\\/schema\\\/logo\\\/image\\\/\",\"url\":\"https:\\\/\\\/foreverfutbol.com.ec\\\/radio\\\/wp-content\\\/uploads\\\/2024\\\/01\\\/cropped-logo-forever.png\",\"contentUrl\":\"https:\\\/\\\/foreverfutbol.com.ec\\\/radio\\\/wp-content\\\/uploads\\\/2024\\\/01\\\/cropped-logo-forever.png\",\"width\":180,\"height\":154,\"caption\":\"92.5 FOREVER Radio\"},\"image\":{\"@id\":\"https:\\\/\\\/foreverfutbol.com.ec\\\/radio\\\/#\\\/schema\\\/logo\\\/image\\\/\"},\"sameAs\":[\"https:\\\/\\\/www.facebook.com\\\/profile.php?id=100063550693491\",\"https:\\\/\\\/x.com\\\/925forever\",\"https:\\\/\\\/www.instagram.com\\\/radioforever925\\\/\"]},{\"@type\":\"Person\",\"@id\":\"https:\\\/\\\/foreverfutbol.com.ec\\\/radio\\\/#\\\/schema\\\/person\\\/2f679dd16f889ac00df6e7b648062a01\",\"name\":\"Ricardo Rodriguez\",\"image\":{\"@type\":\"ImageObject\",\"inLanguage\":\"es\",\"@id\":\"https:\\\/\\\/secure.gravatar.com\\\/avatar\\\/5d9dfb95700bd0c503ed088d29de94822b5cc66a74cb0362774e6fc534823d07?s=96&d=mm&r=g\",\"url\":\"https:\\\/\\\/secure.gravatar.com\\\/avatar\\\/5d9dfb95700bd0c503ed088d29de94822b5cc66a74cb0362774e6fc534823d07?s=96&d=mm&r=g\",\"contentUrl\":\"https:\\\/\\\/secure.gravatar.com\\\/avatar\\\/5d9dfb95700bd0c503ed088d29de94822b5cc66a74cb0362774e6fc534823d07?s=96&d=mm&r=g\",\"caption\":\"Ricardo Rodriguez\"},\"sameAs\":[\"https:\\\/\\\/foreverfutbol.com.ec\\\/radio\"],\"url\":\"https:\\\/\\\/foreverfutbol.com.ec\\\/radio\\\/author\\\/superdmin\\\/\"}]}<\/script>\n<!-- \/ Yoast SEO plugin. -->","yoast_head_json":{"title":"Amargo empate 0-0 de Ecuador ante Paraguay - 92.5 FOREVER Radio","robots":{"index":"index","follow":"follow","max-snippet":"max-snippet:-1","max-image-preview":"max-image-preview:large","max-video-preview":"max-video-preview:-1"},"canonical":"https:\/\/foreverfutbol.com.ec\/radio\/deportes\/amargo-empate-0-0-de-ecuador-ante-paraguay\/","og_locale":"es_ES","og_type":"article","og_title":"Amargo empate 0-0 de Ecuador ante Paraguay - 92.5 FOREVER Radio","og_description":"Ecuador empata con Paraguay y decepciona en el estadio Rodrigo Paz . El 0-0 fue un castigo a un equipo poco expresivo, sin sorpresa y que no supo como superar el cerco defensivo de Gustavo Alfaro. El extimonel de la Selecci\u00f3n puso ocho y hasta nueve futbolistas en labores defensivas. La dirigencia de la Ecuaf\u00fatbol [&hellip;]","og_url":"https:\/\/foreverfutbol.com.ec\/radio\/deportes\/amargo-empate-0-0-de-ecuador-ante-paraguay\/","og_site_name":"92.5 FOREVER Radio","article_publisher":"https:\/\/www.facebook.com\/profile.php?id=100063550693491","article_published_time":"2024-10-10T23:10:17+00:00","article_modified_time":"2024-10-10T23:10:18+00:00","og_image":[{"width":1280,"height":865,"url":"https:\/\/foreverfutbol.com.ec\/radio\/wp-content\/uploads\/2024\/10\/Ecuador-Tri-LatRI-MoisesCaicedo-Paraguay-KendryPaez-ForeverInforma-.png","type":"image\/png"}],"author":"Ricardo Rodriguez","twitter_card":"summary_large_image","twitter_creator":"@925forever","twitter_site":"@925forever","twitter_misc":{"Escrito por":"Ricardo Rodriguez","Tiempo de lectura":"1 minuto"},"schema":{"@context":"https:\/\/schema.org","@graph":[{"@type":"Article","@id":"https:\/\/foreverfutbol.com.ec\/radio\/deportes\/amargo-empate-0-0-de-ecuador-ante-paraguay\/#article","isPartOf":{"@id":"https:\/\/foreverfutbol.com.ec\/radio\/deportes\/amargo-empate-0-0-de-ecuador-ante-paraguay\/"},"author":{"name":"Ricardo Rodriguez","@id":"https:\/\/foreverfutbol.com.ec\/radio\/#\/schema\/person\/2f679dd16f889ac00df6e7b648062a01"},"headline":"Amargo empate 0-0 de Ecuador ante Paraguay","datePublished":"2024-10-10T23:10:17+00:00","dateModified":"2024-10-10T23:10:18+00:00","mainEntityOfPage":{"@id":"https:\/\/foreverfutbol.com.ec\/radio\/deportes\/amargo-empate-0-0-de-ecuador-ante-paraguay\/"},"wordCount":179,"commentCount":0,"publisher":{"@id":"https:\/\/foreverfutbol.com.ec\/radio\/#organization"},"image":{"@id":"https:\/\/foreverfutbol.com.ec\/radio\/deportes\/amargo-empate-0-0-de-ecuador-ante-paraguay\/#primaryimage"},"thumbnailUrl":"https:\/\/foreverfutbol.com.ec\/radio\/wp-content\/uploads\/2024\/10\/Ecuador-Tri-LatRI-MoisesCaicedo-Paraguay-KendryPaez-ForeverInforma-.png","articleSection":["Deportes"],"inLanguage":"es","potentialAction":[{"@type":"CommentAction","name":"Comment","target":["https:\/\/foreverfutbol.com.ec\/radio\/deportes\/amargo-empate-0-0-de-ecuador-ante-paraguay\/#respond"]}]},{"@type":"WebPage","@id":"https:\/\/foreverfutbol.com.ec\/radio\/deportes\/amargo-empate-0-0-de-ecuador-ante-paraguay\/","url":"https:\/\/foreverfutbol.com.ec\/radio\/deportes\/amargo-empate-0-0-de-ecuador-ante-paraguay\/","name":"Amargo empate 0-0 de Ecuador ante Paraguay - 92.5 FOREVER Radio","isPartOf":{"@id":"https:\/\/foreverfutbol.com.ec\/radio\/#website"},"primaryImageOfPage":{"@id":"https:\/\/foreverfutbol.com.ec\/radio\/deportes\/amargo-empate-0-0-de-ecuador-ante-paraguay\/#primaryimage"},"image":{"@id":"https:\/\/foreverfutbol.com.ec\/radio\/deportes\/amargo-empate-0-0-de-ecuador-ante-paraguay\/#primaryimage"},"thumbnailUrl":"https:\/\/foreverfutbol.com.ec\/radio\/wp-content\/uploads\/2024\/10\/Ecuador-Tri-LatRI-MoisesCaicedo-Paraguay-KendryPaez-ForeverInforma-.png","datePublished":"2024-10-10T23:10:17+00:00","dateModified":"2024-10-10T23:10:18+00:00","breadcrumb":{"@id":"https:\/\/foreverfutbol.com.ec\/radio\/deportes\/amargo-empate-0-0-de-ecuador-ante-paraguay\/#breadcrumb"},"inLanguage":"es","potentialAction":[{"@type":"ReadAction","target":["https:\/\/foreverfutbol.com.ec\/radio\/deportes\/amargo-empate-0-0-de-ecuador-ante-paraguay\/"]}]},{"@type":"ImageObject","inLanguage":"es","@id":"https:\/\/foreverfutbol.com.ec\/radio\/deportes\/amargo-empate-0-0-de-ecuador-ante-paraguay\/#primaryimage","url":"https:\/\/foreverfutbol.com.ec\/radio\/wp-content\/uploads\/2024\/10\/Ecuador-Tri-LatRI-MoisesCaicedo-Paraguay-KendryPaez-ForeverInforma-.png","contentUrl":"https:\/\/foreverfutbol.com.ec\/radio\/wp-content\/uploads\/2024\/10\/Ecuador-Tri-LatRI-MoisesCaicedo-Paraguay-KendryPaez-ForeverInforma-.png","width":1280,"height":865},{"@type":"BreadcrumbList","@id":"https:\/\/foreverfutbol.com.ec\/radio\/deportes\/amargo-empate-0-0-de-ecuador-ante-paraguay\/#breadcrumb","itemListElement":[{"@type":"ListItem","position":1,"name":"Portada","item":"https:\/\/foreverfutbol.com.ec\/radio\/"},{"@type":"ListItem","position":2,"name":"Amargo empate 0-0 de Ecuador ante Paraguay"}]},{"@type":"WebSite","@id":"https:\/\/foreverfutbol.com.ec\/radio\/#website","url":"https:\/\/foreverfutbol.com.ec\/radio\/","name":"92.5 FOREVER Radio","description":"","publisher":{"@id":"https:\/\/foreverfutbol.com.ec\/radio\/#organization"},"potentialAction":[{"@type":"SearchAction","target":{"@type":"EntryPoint","urlTemplate":"https:\/\/foreverfutbol.com.ec\/radio\/?s={search_term_string}"},"query-input":{"@type":"PropertyValueSpecification","valueRequired":true,"valueName":"search_term_string"}}],"inLanguage":"es"},{"@type":"Organization","@id":"https:\/\/foreverfutbol.com.ec\/radio\/#organization","name":"92.5 FOREVER Radio","url":"https:\/\/foreverfutbol.com.ec\/radio\/","logo":{"@type":"ImageObject","inLanguage":"es","@id":"https:\/\/foreverfutbol.com.ec\/radio\/#\/schema\/logo\/image\/","url":"https:\/\/foreverfutbol.com.ec\/radio\/wp-content\/uploads\/2024\/01\/cropped-logo-forever.png","contentUrl":"https:\/\/foreverfutbol.com.ec\/radio\/wp-content\/uploads\/2024\/01\/cropped-logo-forever.png","width":180,"height":154,"caption":"92.5 FOREVER Radio"},"image":{"@id":"https:\/\/foreverfutbol.com.ec\/radio\/#\/schema\/logo\/image\/"},"sameAs":["https:\/\/www.facebook.com\/profile.php?id=100063550693491","https:\/\/x.com\/925forever","https:\/\/www.instagram.com\/radioforever925\/"]},{"@type":"Person","@id":"https:\/\/foreverfutbol.com.ec\/radio\/#\/schema\/person\/2f679dd16f889ac00df6e7b648062a01","name":"Ricardo Rodriguez","image":{"@type":"ImageObject","inLanguage":"es","@id":"https:\/\/secure.gravatar.com\/avatar\/5d9dfb95700bd0c503ed088d29de94822b5cc66a74cb0362774e6fc534823d07?s=96&d=mm&r=g","url":"https:\/\/secure.gravatar.com\/avatar\/5d9dfb95700bd0c503ed088d29de94822b5cc66a74cb0362774e6fc534823d07?s=96&d=mm&r=g","contentUrl":"https:\/\/secure.gravatar.com\/avatar\/5d9dfb95700bd0c503ed088d29de94822b5cc66a74cb0362774e6fc534823d07?s=96&d=mm&r=g","caption":"Ricardo Rodriguez"},"sameAs":["https:\/\/foreverfutbol.com.ec\/radio"],"url":"https:\/\/foreverfutbol.com.ec\/radio\/author\/superdmin\/"}]}},"_links":{"self":[{"href":"https:\/\/foreverfutbol.com.ec\/radio\/wp-json\/wp\/v2\/posts\/7310","targetHints":{"allow":["GET"]}}],"collection":[{"href":"https:\/\/foreverfutbol.com.ec\/radio\/wp-json\/wp\/v2\/posts"}],"about":[{"href":"https:\/\/foreverfutbol.com.ec\/radio\/wp-json\/wp\/v2\/types\/post"}],"author":[{"embeddable":true,"href":"https:\/\/foreverfutbol.com.ec\/radio\/wp-json\/wp\/v2\/users\/1"}],"replies":[{"embeddable":true,"href":"https:\/\/foreverfutbol.com.ec\/radio\/wp-json\/wp\/v2\/comments?post=7310"}],"version-history":[{"count":1,"href":"https:\/\/foreverfutbol.com.ec\/radio\/wp-json\/wp\/v2\/posts\/7310\/revisions"}],"predecessor-version":[{"id":7312,"href":"https:\/\/foreverfutbol.com.ec\/radio\/wp-json\/wp\/v2\/posts\/7310\/revisions\/7312"}],"wp:featuredmedia":[{"embeddable":true,"href":"https:\/\/foreverfutbol.com.ec\/radio\/wp-json\/wp\/v2\/media\/7311"}],"wp:attachment":[{"href":"https:\/\/foreverfutbol.com.ec\/radio\/wp-json\/wp\/v2\/media?parent=7310"}],"wp:term":[{"taxonomy":"category","embeddable":true,"href":"https:\/\/foreverfutbol.com.ec\/radio\/wp-json\/wp\/v2\/categories?post=7310"},{"taxonomy":"post_tag","embeddable":true,"href":"https:\/\/foreverfutbol.com.ec\/radio\/wp-json\/wp\/v2\/tags?post=7310"}],"curies":[{"name":"wp","href":"https:\/\/api.w.org\/{rel}","templated":true}]}}