{"id":7288,"date":"2024-10-10T11:40:31","date_gmt":"2024-10-10T16:40:31","guid":{"rendered":"https:\/\/foreverfutbol.com.ec\/radio\/?p=7288"},"modified":"2024-10-10T13:43:20","modified_gmt":"2024-10-10T18:43:20","slug":"alvaro-noboa-fue-condecorado-por-el-presidente-de-ecuador-en-sesion-solemne-por-independencia-de-guayaquil","status":"publish","type":"post","link":"https:\/\/foreverfutbol.com.ec\/radio\/politica\/alvaro-noboa-fue-condecorado-por-el-presidente-de-ecuador-en-sesion-solemne-por-independencia-de-guayaquil\/","title":{"rendered":"\u00c1lvaro Noboa fue condecorado por el presidente de Ecuador en sesi\u00f3n solemne por Independencia de Guayaquil"},"content":{"rendered":"\n<p class=\"wp-block-paragraph\">El empresario \u00c1lvaro Noboa fue condecorado por el presidente de Ecuador, Daniel Noboa, en la sesi\u00f3n solemne por los 204 a\u00f1os de Independencia de Guayaquil, la tarde de este mi\u00e9rcoles 9 de octubre de 2024.<\/p>\n\n\n\n<p class=\"wp-block-paragraph\">El Mandatario protagoniz\u00f3 su propio evento luego de que el alcalde porte\u00f1o, Aquiles \u00c1lvarez, no lo invitara a la sesi\u00f3n organizada por la Alcald\u00eda. Tampoco fue invitado al acto conmemorativo que realiza la Asamblea Nacional.<\/p>\n\n\n\n<p class=\"wp-block-paragraph\">Noboa condecor\u00f3 a su padre con la Orden Nacional al m\u00e9rito, en el grado de Gran Cruz. Sobre su padre, dijo que \u00abes un hombre trabajador, que no s\u00f3lo dej\u00f3 huella como empresario, fil\u00e1ntropo y pol\u00edtico, sino que tambi\u00e9n fue un padre entregado. Su legado es el de un compromiso con el servicio a nuestro pa\u00eds, un legado que siempre llevo conmigo\u00bb.<\/p>\n\n\n\n<p class=\"wp-block-paragraph\">\u00c1lvaro Noboa se rob\u00f3 los aplausos y la atenci\u00f3n de los asistentes a la sesi\u00f3n. Con el pu\u00f1o en alto esboz\u00f3 sonrisas que recordaron sus campa\u00f1as en las seis carreras que corri\u00f3 para alcanzar la Presidencia que, siempre le fue esquiva.<\/p>\n\n\n\n<p class=\"wp-block-paragraph\">\u00abVi elecciones que gan\u00f3 (\u00c1lvaro Noboa) y se las robaron, tambi\u00e9n vi campa\u00f1as en las que pudo haber hecho algo diferente. Tuve esa ventaja, esa carrera\u00bb, dijo en un discurso en el que su padre se puso de pie ovacionado por el p\u00fablico.<\/p>\n\n\n\n<p class=\"wp-block-paragraph\">El Primer Mandatario tambi\u00e9n a\u00f1adi\u00f3 que \u00abenfrentamos una de las crisis clim\u00e1tica m\u00e1s severas de los \u00faltimos tiempos, donde por malas decisiones del pasado, dependemos en materia energ\u00e9tica unicamente del clima. Hoy toca hacer esto, arrimar el hombro como lo est\u00e1n haciendo todos los ecuatorianos\u00bb.<\/p>\n\n\n\n<p class=\"wp-block-paragraph\">El evento se llev\u00f3 a cabo en la Gobernaci\u00f3n del Guayas y asistieron miembros del Gabinete y c\u00fapula Militar. <\/p>\n\n\n\n<p class=\"wp-block-paragraph\">#\u00c1lvaroNoboa #DanielNoboa #Ecuador #Guayaquil <\/p>\n","protected":false},"excerpt":{"rendered":"<p>El empresario \u00c1lvaro Noboa fue condecorado por el presidente de Ecuador, Daniel Noboa, en la sesi\u00f3n solemne por los 204 a\u00f1os de Independencia de Guayaquil, la tarde de este mi\u00e9rcoles 9 de octubre de 2024. El Mandatario protagoniz\u00f3 su propio evento luego de que el alcalde porte\u00f1o, Aquiles \u00c1lvarez, no lo invitara a la sesi\u00f3n [&hellip;]<\/p>\n","protected":false},"author":1,"featured_media":7297,"comment_status":"open","ping_status":"open","sticky":false,"template":"","format":"standard","meta":{"footnotes":""},"categories":[52],"tags":[],"class_list":["post-7288","post","type-post","status-publish","format-standard","has-post-thumbnail","hentry","category-politica"],"yoast_head":"<!-- This site is optimized with the Yoast SEO plugin v28.3 - https:\/\/yoast.com\/product\/yoast-seo-wordpress\/ -->\n<title>\u00c1lvaro Noboa fue condecorado por el presidente de Ecuador<\/title>\n<meta name=\"description\" content=\"El empresario \u00c1lvaro Noboa fue condecorado por el presidente de Ecuador, Daniel Noboa, en la sesi\u00f3n solemne por los 204 a\u00f1os...\" \/>\n<meta name=\"robots\" content=\"index, follow, max-snippet:-1, max-image-preview:large, max-video-preview:-1\" \/>\n<link rel=\"canonical\" href=\"https:\/\/foreverfutbol.com.ec\/radio\/politica\/alvaro-noboa-fue-condecorado-por-el-presidente-de-ecuador-en-sesion-solemne-por-independencia-de-guayaquil\/\" \/>\n<meta property=\"og:locale\" content=\"es_ES\" \/>\n<meta property=\"og:type\" content=\"article\" \/>\n<meta property=\"og:title\" content=\"\u00c1lvaro Noboa fue condecorado por el presidente de Ecuador\" \/>\n<meta property=\"og:description\" content=\"El empresario \u00c1lvaro Noboa fue condecorado por el presidente de Ecuador, Daniel Noboa, en la sesi\u00f3n solemne por los 204 a\u00f1os...\" \/>\n<meta property=\"og:url\" content=\"https:\/\/foreverfutbol.com.ec\/radio\/politica\/alvaro-noboa-fue-condecorado-por-el-presidente-de-ecuador-en-sesion-solemne-por-independencia-de-guayaquil\/\" \/>\n<meta property=\"og:site_name\" content=\"92.5 FOREVER Radio\" \/>\n<meta property=\"article:publisher\" content=\"https:\/\/www.facebook.com\/profile.php?id=100063550693491\" \/>\n<meta property=\"article:published_time\" content=\"2024-10-10T16:40:31+00:00\" \/>\n<meta property=\"article:modified_time\" content=\"2024-10-10T18:43:20+00:00\" \/>\n<meta property=\"og:image\" content=\"https:\/\/foreverfutbol.com.ec\/radio\/wp-content\/uploads\/2024\/10\/AlvaroNoboa-DanielNoboa-Ecuador-Guayaquil-ForeverInforma-.png\" \/>\n\t<meta property=\"og:image:width\" content=\"1280\" \/>\n\t<meta property=\"og:image:height\" content=\"865\" \/>\n\t<meta property=\"og:image:type\" content=\"image\/png\" \/>\n<meta name=\"author\" content=\"Ricardo Rodriguez\" \/>\n<meta name=\"twitter:card\" content=\"summary_large_image\" \/>\n<meta name=\"twitter:creator\" content=\"@925forever\" \/>\n<meta name=\"twitter:site\" content=\"@925forever\" \/>\n<meta name=\"twitter:label1\" content=\"Escrito por\" \/>\n\t<meta name=\"twitter:data1\" content=\"Ricardo Rodriguez\" \/>\n\t<meta name=\"twitter:label2\" content=\"Tiempo de lectura\" \/>\n\t<meta name=\"twitter:data2\" content=\"2 minutos\" \/>\n<script type=\"application\/ld+json\" class=\"yoast-schema-graph\">{\"@context\":\"https:\\\/\\\/schema.org\",\"@graph\":[{\"@type\":\"Article\",\"@id\":\"https:\\\/\\\/foreverfutbol.com.ec\\\/radio\\\/politica\\\/alvaro-noboa-fue-condecorado-por-el-presidente-de-ecuador-en-sesion-solemne-por-independencia-de-guayaquil\\\/#article\",\"isPartOf\":{\"@id\":\"https:\\\/\\\/foreverfutbol.com.ec\\\/radio\\\/politica\\\/alvaro-noboa-fue-condecorado-por-el-presidente-de-ecuador-en-sesion-solemne-por-independencia-de-guayaquil\\\/\"},\"author\":{\"name\":\"Ricardo Rodriguez\",\"@id\":\"https:\\\/\\\/foreverfutbol.com.ec\\\/radio\\\/#\\\/schema\\\/person\\\/2f679dd16f889ac00df6e7b648062a01\"},\"headline\":\"\u00c1lvaro Noboa fue condecorado por el presidente de Ecuador en sesi\u00f3n solemne por Independencia de Guayaquil\",\"datePublished\":\"2024-10-10T16:40:31+00:00\",\"dateModified\":\"2024-10-10T18:43:20+00:00\",\"mainEntityOfPage\":{\"@id\":\"https:\\\/\\\/foreverfutbol.com.ec\\\/radio\\\/politica\\\/alvaro-noboa-fue-condecorado-por-el-presidente-de-ecuador-en-sesion-solemne-por-independencia-de-guayaquil\\\/\"},\"wordCount\":325,\"commentCount\":0,\"publisher\":{\"@id\":\"https:\\\/\\\/foreverfutbol.com.ec\\\/radio\\\/#organization\"},\"image\":{\"@id\":\"https:\\\/\\\/foreverfutbol.com.ec\\\/radio\\\/politica\\\/alvaro-noboa-fue-condecorado-por-el-presidente-de-ecuador-en-sesion-solemne-por-independencia-de-guayaquil\\\/#primaryimage\"},\"thumbnailUrl\":\"https:\\\/\\\/foreverfutbol.com.ec\\\/radio\\\/wp-content\\\/uploads\\\/2024\\\/10\\\/AlvaroNoboa-DanielNoboa-Ecuador-Guayaquil-ForeverInforma-.png\",\"articleSection\":[\"Pol\u00edtica\"],\"inLanguage\":\"es\",\"potentialAction\":[{\"@type\":\"CommentAction\",\"name\":\"Comment\",\"target\":[\"https:\\\/\\\/foreverfutbol.com.ec\\\/radio\\\/politica\\\/alvaro-noboa-fue-condecorado-por-el-presidente-de-ecuador-en-sesion-solemne-por-independencia-de-guayaquil\\\/#respond\"]}]},{\"@type\":\"WebPage\",\"@id\":\"https:\\\/\\\/foreverfutbol.com.ec\\\/radio\\\/politica\\\/alvaro-noboa-fue-condecorado-por-el-presidente-de-ecuador-en-sesion-solemne-por-independencia-de-guayaquil\\\/\",\"url\":\"https:\\\/\\\/foreverfutbol.com.ec\\\/radio\\\/politica\\\/alvaro-noboa-fue-condecorado-por-el-presidente-de-ecuador-en-sesion-solemne-por-independencia-de-guayaquil\\\/\",\"name\":\"\u00c1lvaro Noboa fue condecorado por el presidente de Ecuador\",\"isPartOf\":{\"@id\":\"https:\\\/\\\/foreverfutbol.com.ec\\\/radio\\\/#website\"},\"primaryImageOfPage\":{\"@id\":\"https:\\\/\\\/foreverfutbol.com.ec\\\/radio\\\/politica\\\/alvaro-noboa-fue-condecorado-por-el-presidente-de-ecuador-en-sesion-solemne-por-independencia-de-guayaquil\\\/#primaryimage\"},\"image\":{\"@id\":\"https:\\\/\\\/foreverfutbol.com.ec\\\/radio\\\/politica\\\/alvaro-noboa-fue-condecorado-por-el-presidente-de-ecuador-en-sesion-solemne-por-independencia-de-guayaquil\\\/#primaryimage\"},\"thumbnailUrl\":\"https:\\\/\\\/foreverfutbol.com.ec\\\/radio\\\/wp-content\\\/uploads\\\/2024\\\/10\\\/AlvaroNoboa-DanielNoboa-Ecuador-Guayaquil-ForeverInforma-.png\",\"datePublished\":\"2024-10-10T16:40:31+00:00\",\"dateModified\":\"2024-10-10T18:43:20+00:00\",\"description\":\"El empresario \u00c1lvaro Noboa fue condecorado por el presidente de Ecuador, Daniel Noboa, en la sesi\u00f3n solemne por los 204 a\u00f1os...\",\"breadcrumb\":{\"@id\":\"https:\\\/\\\/foreverfutbol.com.ec\\\/radio\\\/politica\\\/alvaro-noboa-fue-condecorado-por-el-presidente-de-ecuador-en-sesion-solemne-por-independencia-de-guayaquil\\\/#breadcrumb\"},\"inLanguage\":\"es\",\"potentialAction\":[{\"@type\":\"ReadAction\",\"target\":[\"https:\\\/\\\/foreverfutbol.com.ec\\\/radio\\\/politica\\\/alvaro-noboa-fue-condecorado-por-el-presidente-de-ecuador-en-sesion-solemne-por-independencia-de-guayaquil\\\/\"]}]},{\"@type\":\"ImageObject\",\"inLanguage\":\"es\",\"@id\":\"https:\\\/\\\/foreverfutbol.com.ec\\\/radio\\\/politica\\\/alvaro-noboa-fue-condecorado-por-el-presidente-de-ecuador-en-sesion-solemne-por-independencia-de-guayaquil\\\/#primaryimage\",\"url\":\"https:\\\/\\\/foreverfutbol.com.ec\\\/radio\\\/wp-content\\\/uploads\\\/2024\\\/10\\\/AlvaroNoboa-DanielNoboa-Ecuador-Guayaquil-ForeverInforma-.png\",\"contentUrl\":\"https:\\\/\\\/foreverfutbol.com.ec\\\/radio\\\/wp-content\\\/uploads\\\/2024\\\/10\\\/AlvaroNoboa-DanielNoboa-Ecuador-Guayaquil-ForeverInforma-.png\",\"width\":1280,\"height\":865},{\"@type\":\"BreadcrumbList\",\"@id\":\"https:\\\/\\\/foreverfutbol.com.ec\\\/radio\\\/politica\\\/alvaro-noboa-fue-condecorado-por-el-presidente-de-ecuador-en-sesion-solemne-por-independencia-de-guayaquil\\\/#breadcrumb\",\"itemListElement\":[{\"@type\":\"ListItem\",\"position\":1,\"name\":\"Portada\",\"item\":\"https:\\\/\\\/foreverfutbol.com.ec\\\/radio\\\/\"},{\"@type\":\"ListItem\",\"position\":2,\"name\":\"\u00c1lvaro Noboa fue condecorado por el presidente de Ecuador en sesi\u00f3n solemne por Independencia de Guayaquil\"}]},{\"@type\":\"WebSite\",\"@id\":\"https:\\\/\\\/foreverfutbol.com.ec\\\/radio\\\/#website\",\"url\":\"https:\\\/\\\/foreverfutbol.com.ec\\\/radio\\\/\",\"name\":\"92.5 FOREVER Radio\",\"description\":\"\",\"publisher\":{\"@id\":\"https:\\\/\\\/foreverfutbol.com.ec\\\/radio\\\/#organization\"},\"potentialAction\":[{\"@type\":\"SearchAction\",\"target\":{\"@type\":\"EntryPoint\",\"urlTemplate\":\"https:\\\/\\\/foreverfutbol.com.ec\\\/radio\\\/?s={search_term_string}\"},\"query-input\":{\"@type\":\"PropertyValueSpecification\",\"valueRequired\":true,\"valueName\":\"search_term_string\"}}],\"inLanguage\":\"es\"},{\"@type\":\"Organization\",\"@id\":\"https:\\\/\\\/foreverfutbol.com.ec\\\/radio\\\/#organization\",\"name\":\"92.5 FOREVER Radio\",\"url\":\"https:\\\/\\\/foreverfutbol.com.ec\\\/radio\\\/\",\"logo\":{\"@type\":\"ImageObject\",\"inLanguage\":\"es\",\"@id\":\"https:\\\/\\\/foreverfutbol.com.ec\\\/radio\\\/#\\\/schema\\\/logo\\\/image\\\/\",\"url\":\"https:\\\/\\\/foreverfutbol.com.ec\\\/radio\\\/wp-content\\\/uploads\\\/2024\\\/01\\\/cropped-logo-forever.png\",\"contentUrl\":\"https:\\\/\\\/foreverfutbol.com.ec\\\/radio\\\/wp-content\\\/uploads\\\/2024\\\/01\\\/cropped-logo-forever.png\",\"width\":180,\"height\":154,\"caption\":\"92.5 FOREVER Radio\"},\"image\":{\"@id\":\"https:\\\/\\\/foreverfutbol.com.ec\\\/radio\\\/#\\\/schema\\\/logo\\\/image\\\/\"},\"sameAs\":[\"https:\\\/\\\/www.facebook.com\\\/profile.php?id=100063550693491\",\"https:\\\/\\\/x.com\\\/925forever\",\"https:\\\/\\\/www.instagram.com\\\/radioforever925\\\/\"]},{\"@type\":\"Person\",\"@id\":\"https:\\\/\\\/foreverfutbol.com.ec\\\/radio\\\/#\\\/schema\\\/person\\\/2f679dd16f889ac00df6e7b648062a01\",\"name\":\"Ricardo Rodriguez\",\"image\":{\"@type\":\"ImageObject\",\"inLanguage\":\"es\",\"@id\":\"https:\\\/\\\/secure.gravatar.com\\\/avatar\\\/5d9dfb95700bd0c503ed088d29de94822b5cc66a74cb0362774e6fc534823d07?s=96&d=mm&r=g\",\"url\":\"https:\\\/\\\/secure.gravatar.com\\\/avatar\\\/5d9dfb95700bd0c503ed088d29de94822b5cc66a74cb0362774e6fc534823d07?s=96&d=mm&r=g\",\"contentUrl\":\"https:\\\/\\\/secure.gravatar.com\\\/avatar\\\/5d9dfb95700bd0c503ed088d29de94822b5cc66a74cb0362774e6fc534823d07?s=96&d=mm&r=g\",\"caption\":\"Ricardo Rodriguez\"},\"sameAs\":[\"https:\\\/\\\/foreverfutbol.com.ec\\\/radio\"],\"url\":\"https:\\\/\\\/foreverfutbol.com.ec\\\/radio\\\/author\\\/superdmin\\\/\"}]}<\/script>\n<!-- \/ Yoast SEO plugin. -->","yoast_head_json":{"title":"\u00c1lvaro Noboa fue condecorado por el presidente de Ecuador","description":"El empresario \u00c1lvaro Noboa fue condecorado por el presidente de Ecuador, Daniel Noboa, en la sesi\u00f3n solemne por los 204 a\u00f1os...","robots":{"index":"index","follow":"follow","max-snippet":"max-snippet:-1","max-image-preview":"max-image-preview:large","max-video-preview":"max-video-preview:-1"},"canonical":"https:\/\/foreverfutbol.com.ec\/radio\/politica\/alvaro-noboa-fue-condecorado-por-el-presidente-de-ecuador-en-sesion-solemne-por-independencia-de-guayaquil\/","og_locale":"es_ES","og_type":"article","og_title":"\u00c1lvaro Noboa fue condecorado por el presidente de Ecuador","og_description":"El empresario \u00c1lvaro Noboa fue condecorado por el presidente de Ecuador, Daniel Noboa, en la sesi\u00f3n solemne por los 204 a\u00f1os...","og_url":"https:\/\/foreverfutbol.com.ec\/radio\/politica\/alvaro-noboa-fue-condecorado-por-el-presidente-de-ecuador-en-sesion-solemne-por-independencia-de-guayaquil\/","og_site_name":"92.5 FOREVER Radio","article_publisher":"https:\/\/www.facebook.com\/profile.php?id=100063550693491","article_published_time":"2024-10-10T16:40:31+00:00","article_modified_time":"2024-10-10T18:43:20+00:00","og_image":[{"width":1280,"height":865,"url":"https:\/\/foreverfutbol.com.ec\/radio\/wp-content\/uploads\/2024\/10\/AlvaroNoboa-DanielNoboa-Ecuador-Guayaquil-ForeverInforma-.png","type":"image\/png"}],"author":"Ricardo Rodriguez","twitter_card":"summary_large_image","twitter_creator":"@925forever","twitter_site":"@925forever","twitter_misc":{"Escrito por":"Ricardo Rodriguez","Tiempo de lectura":"2 minutos"},"schema":{"@context":"https:\/\/schema.org","@graph":[{"@type":"Article","@id":"https:\/\/foreverfutbol.com.ec\/radio\/politica\/alvaro-noboa-fue-condecorado-por-el-presidente-de-ecuador-en-sesion-solemne-por-independencia-de-guayaquil\/#article","isPartOf":{"@id":"https:\/\/foreverfutbol.com.ec\/radio\/politica\/alvaro-noboa-fue-condecorado-por-el-presidente-de-ecuador-en-sesion-solemne-por-independencia-de-guayaquil\/"},"author":{"name":"Ricardo Rodriguez","@id":"https:\/\/foreverfutbol.com.ec\/radio\/#\/schema\/person\/2f679dd16f889ac00df6e7b648062a01"},"headline":"\u00c1lvaro Noboa fue condecorado por el presidente de Ecuador en sesi\u00f3n solemne por Independencia de Guayaquil","datePublished":"2024-10-10T16:40:31+00:00","dateModified":"2024-10-10T18:43:20+00:00","mainEntityOfPage":{"@id":"https:\/\/foreverfutbol.com.ec\/radio\/politica\/alvaro-noboa-fue-condecorado-por-el-presidente-de-ecuador-en-sesion-solemne-por-independencia-de-guayaquil\/"},"wordCount":325,"commentCount":0,"publisher":{"@id":"https:\/\/foreverfutbol.com.ec\/radio\/#organization"},"image":{"@id":"https:\/\/foreverfutbol.com.ec\/radio\/politica\/alvaro-noboa-fue-condecorado-por-el-presidente-de-ecuador-en-sesion-solemne-por-independencia-de-guayaquil\/#primaryimage"},"thumbnailUrl":"https:\/\/foreverfutbol.com.ec\/radio\/wp-content\/uploads\/2024\/10\/AlvaroNoboa-DanielNoboa-Ecuador-Guayaquil-ForeverInforma-.png","articleSection":["Pol\u00edtica"],"inLanguage":"es","potentialAction":[{"@type":"CommentAction","name":"Comment","target":["https:\/\/foreverfutbol.com.ec\/radio\/politica\/alvaro-noboa-fue-condecorado-por-el-presidente-de-ecuador-en-sesion-solemne-por-independencia-de-guayaquil\/#respond"]}]},{"@type":"WebPage","@id":"https:\/\/foreverfutbol.com.ec\/radio\/politica\/alvaro-noboa-fue-condecorado-por-el-presidente-de-ecuador-en-sesion-solemne-por-independencia-de-guayaquil\/","url":"https:\/\/foreverfutbol.com.ec\/radio\/politica\/alvaro-noboa-fue-condecorado-por-el-presidente-de-ecuador-en-sesion-solemne-por-independencia-de-guayaquil\/","name":"\u00c1lvaro Noboa fue condecorado por el presidente de Ecuador","isPartOf":{"@id":"https:\/\/foreverfutbol.com.ec\/radio\/#website"},"primaryImageOfPage":{"@id":"https:\/\/foreverfutbol.com.ec\/radio\/politica\/alvaro-noboa-fue-condecorado-por-el-presidente-de-ecuador-en-sesion-solemne-por-independencia-de-guayaquil\/#primaryimage"},"image":{"@id":"https:\/\/foreverfutbol.com.ec\/radio\/politica\/alvaro-noboa-fue-condecorado-por-el-presidente-de-ecuador-en-sesion-solemne-por-independencia-de-guayaquil\/#primaryimage"},"thumbnailUrl":"https:\/\/foreverfutbol.com.ec\/radio\/wp-content\/uploads\/2024\/10\/AlvaroNoboa-DanielNoboa-Ecuador-Guayaquil-ForeverInforma-.png","datePublished":"2024-10-10T16:40:31+00:00","dateModified":"2024-10-10T18:43:20+00:00","description":"El empresario \u00c1lvaro Noboa fue condecorado por el presidente de Ecuador, Daniel Noboa, en la sesi\u00f3n solemne por los 204 a\u00f1os...","breadcrumb":{"@id":"https:\/\/foreverfutbol.com.ec\/radio\/politica\/alvaro-noboa-fue-condecorado-por-el-presidente-de-ecuador-en-sesion-solemne-por-independencia-de-guayaquil\/#breadcrumb"},"inLanguage":"es","potentialAction":[{"@type":"ReadAction","target":["https:\/\/foreverfutbol.com.ec\/radio\/politica\/alvaro-noboa-fue-condecorado-por-el-presidente-de-ecuador-en-sesion-solemne-por-independencia-de-guayaquil\/"]}]},{"@type":"ImageObject","inLanguage":"es","@id":"https:\/\/foreverfutbol.com.ec\/radio\/politica\/alvaro-noboa-fue-condecorado-por-el-presidente-de-ecuador-en-sesion-solemne-por-independencia-de-guayaquil\/#primaryimage","url":"https:\/\/foreverfutbol.com.ec\/radio\/wp-content\/uploads\/2024\/10\/AlvaroNoboa-DanielNoboa-Ecuador-Guayaquil-ForeverInforma-.png","contentUrl":"https:\/\/foreverfutbol.com.ec\/radio\/wp-content\/uploads\/2024\/10\/AlvaroNoboa-DanielNoboa-Ecuador-Guayaquil-ForeverInforma-.png","width":1280,"height":865},{"@type":"BreadcrumbList","@id":"https:\/\/foreverfutbol.com.ec\/radio\/politica\/alvaro-noboa-fue-condecorado-por-el-presidente-de-ecuador-en-sesion-solemne-por-independencia-de-guayaquil\/#breadcrumb","itemListElement":[{"@type":"ListItem","position":1,"name":"Portada","item":"https:\/\/foreverfutbol.com.ec\/radio\/"},{"@type":"ListItem","position":2,"name":"\u00c1lvaro Noboa fue condecorado por el presidente de Ecuador en sesi\u00f3n solemne por Independencia de Guayaquil"}]},{"@type":"WebSite","@id":"https:\/\/foreverfutbol.com.ec\/radio\/#website","url":"https:\/\/foreverfutbol.com.ec\/radio\/","name":"92.5 FOREVER Radio","description":"","publisher":{"@id":"https:\/\/foreverfutbol.com.ec\/radio\/#organization"},"potentialAction":[{"@type":"SearchAction","target":{"@type":"EntryPoint","urlTemplate":"https:\/\/foreverfutbol.com.ec\/radio\/?s={search_term_string}"},"query-input":{"@type":"PropertyValueSpecification","valueRequired":true,"valueName":"search_term_string"}}],"inLanguage":"es"},{"@type":"Organization","@id":"https:\/\/foreverfutbol.com.ec\/radio\/#organization","name":"92.5 FOREVER Radio","url":"https:\/\/foreverfutbol.com.ec\/radio\/","logo":{"@type":"ImageObject","inLanguage":"es","@id":"https:\/\/foreverfutbol.com.ec\/radio\/#\/schema\/logo\/image\/","url":"https:\/\/foreverfutbol.com.ec\/radio\/wp-content\/uploads\/2024\/01\/cropped-logo-forever.png","contentUrl":"https:\/\/foreverfutbol.com.ec\/radio\/wp-content\/uploads\/2024\/01\/cropped-logo-forever.png","width":180,"height":154,"caption":"92.5 FOREVER Radio"},"image":{"@id":"https:\/\/foreverfutbol.com.ec\/radio\/#\/schema\/logo\/image\/"},"sameAs":["https:\/\/www.facebook.com\/profile.php?id=100063550693491","https:\/\/x.com\/925forever","https:\/\/www.instagram.com\/radioforever925\/"]},{"@type":"Person","@id":"https:\/\/foreverfutbol.com.ec\/radio\/#\/schema\/person\/2f679dd16f889ac00df6e7b648062a01","name":"Ricardo Rodriguez","image":{"@type":"ImageObject","inLanguage":"es","@id":"https:\/\/secure.gravatar.com\/avatar\/5d9dfb95700bd0c503ed088d29de94822b5cc66a74cb0362774e6fc534823d07?s=96&d=mm&r=g","url":"https:\/\/secure.gravatar.com\/avatar\/5d9dfb95700bd0c503ed088d29de94822b5cc66a74cb0362774e6fc534823d07?s=96&d=mm&r=g","contentUrl":"https:\/\/secure.gravatar.com\/avatar\/5d9dfb95700bd0c503ed088d29de94822b5cc66a74cb0362774e6fc534823d07?s=96&d=mm&r=g","caption":"Ricardo Rodriguez"},"sameAs":["https:\/\/foreverfutbol.com.ec\/radio"],"url":"https:\/\/foreverfutbol.com.ec\/radio\/author\/superdmin\/"}]}},"_links":{"self":[{"href":"https:\/\/foreverfutbol.com.ec\/radio\/wp-json\/wp\/v2\/posts\/7288","targetHints":{"allow":["GET"]}}],"collection":[{"href":"https:\/\/foreverfutbol.com.ec\/radio\/wp-json\/wp\/v2\/posts"}],"about":[{"href":"https:\/\/foreverfutbol.com.ec\/radio\/wp-json\/wp\/v2\/types\/post"}],"author":[{"embeddable":true,"href":"https:\/\/foreverfutbol.com.ec\/radio\/wp-json\/wp\/v2\/users\/1"}],"replies":[{"embeddable":true,"href":"https:\/\/foreverfutbol.com.ec\/radio\/wp-json\/wp\/v2\/comments?post=7288"}],"version-history":[{"count":2,"href":"https:\/\/foreverfutbol.com.ec\/radio\/wp-json\/wp\/v2\/posts\/7288\/revisions"}],"predecessor-version":[{"id":7298,"href":"https:\/\/foreverfutbol.com.ec\/radio\/wp-json\/wp\/v2\/posts\/7288\/revisions\/7298"}],"wp:featuredmedia":[{"embeddable":true,"href":"https:\/\/foreverfutbol.com.ec\/radio\/wp-json\/wp\/v2\/media\/7297"}],"wp:attachment":[{"href":"https:\/\/foreverfutbol.com.ec\/radio\/wp-json\/wp\/v2\/media?parent=7288"}],"wp:term":[{"taxonomy":"category","embeddable":true,"href":"https:\/\/foreverfutbol.com.ec\/radio\/wp-json\/wp\/v2\/categories?post=7288"},{"taxonomy":"post_tag","embeddable":true,"href":"https:\/\/foreverfutbol.com.ec\/radio\/wp-json\/wp\/v2\/tags?post=7288"}],"curies":[{"name":"wp","href":"https:\/\/api.w.org\/{rel}","templated":true}]}}