{"id":7202,"date":"2024-10-04T15:33:04","date_gmt":"2024-10-04T20:33:04","guid":{"rendered":"https:\/\/foreverfutbol.com.ec\/radio\/?p=7202"},"modified":"2024-10-04T15:33:09","modified_gmt":"2024-10-04T20:33:09","slug":"el-expresidente-evo-morales-afirma-que-es-mentira-el-presunto-abuso-de-una-menor-por-el-que-se-lo-acusa","status":"publish","type":"post","link":"https:\/\/foreverfutbol.com.ec\/radio\/internacional\/el-expresidente-evo-morales-afirma-que-es-mentira-el-presunto-abuso-de-una-menor-por-el-que-se-lo-acusa\/","title":{"rendered":"El expresidente Evo Morales afirma que es \u00abmentira\u00bb el  presunto abuso de una menor por el que se lo acusa"},"content":{"rendered":"\n<p class=\"wp-block-paragraph\">El ministro de Justicia C\u00e9sar Siles revel\u00f3 el jueves que Morales tiene \u00abun proceso abierto\u00bb, con \u00abuna investigaci\u00f3n en curso\u00bb, por presuntamente haber violado a una menor de 15 a\u00f1os en 2015, cuando era presidente.<\/p>\n\n\n\n<p class=\"wp-block-paragraph\">\u00abProducto de esa violaci\u00f3n (la madre) engendr\u00f3 otra ni\u00f1a y el padre reconocido en un certificado de nacimiento, (es) el se\u00f1or Evo Morales Ayma\u00bb, asegur\u00f3 el ministro.<\/p>\n\n\n\n<p class=\"wp-block-paragraph\">Este viernes desde Cochabamba, su fort\u00edn pol\u00edtico, y rodeado de seguidores, Morales respondi\u00f3 a Siles: \u00abNo puedo entender qu\u00e9 clase de ministro de Justicia tenemos, sabiendo que este caso est\u00e1 cerrado, porque no hubo nada, es una mentira\u00bb.<\/p>\n\n\n\n<p class=\"wp-block-paragraph\">Primer mandatario ind\u00edgena de Bolivia, Morales gobern\u00f3 entre 2006 y 2019 y ayud\u00f3 a la elecci\u00f3n de su sucesor, el exministro Luis Arce, con quien hoy libra una feroz pugna por el liderazgo del oficialismo y la nominaci\u00f3n presidencial para los comicios de 2025.<\/p>\n\n\n\n<p class=\"wp-block-paragraph\">En medio de la disputa, una fiscal de Tarija revel\u00f3 el mi\u00e9rcoles que orden\u00f3 la aprehensi\u00f3n del expresidente por el caso de estupro, pero que fue destituida despu\u00e9s de que la justicia dejara sin efecto la resoluci\u00f3n contra Morales. <\/p>\n\n\n\n<p class=\"wp-block-paragraph\">Seg\u00fan el expresidente, el gobierno de su otrora aliado reflot\u00f3 cuatro procesos para perjudicarlo pol\u00edticamente, incluido el del presunto abuso de la menor.<\/p>\n\n\n\n<p class=\"wp-block-paragraph\">En 2020 el gobierno de Jeanine \u00c1\u00f1ez \u00abusando al Ministerio de Justicia ya me proces\u00f3, ya me investig\u00f3, y se ha demostrado que no hubo nada\u00bb, declar\u00f3 Morales en conferencia de prensa.<\/p>\n\n\n\n<p class=\"wp-block-paragraph\">\u00abHan investigado todo el a\u00f1o, y no va a haber nada. Es otra mentira m\u00e1s\u00bb, reiter\u00f3.<\/p>\n\n\n\n<p class=\"wp-block-paragraph\">Morales asegur\u00f3 que el gobierno est\u00e1 actuando en represalia por la marcha que encabez\u00f3 en contra del presidente Arce en pasados d\u00edas, y que reuni\u00f3 a miles de ind\u00edgenas que protestaron contra la escasez de combustible y de d\u00f3lares.<\/p>\n\n\n\n<p class=\"wp-block-paragraph\">En un mensaje en X, se\u00f1al\u00f3 que este esc\u00e1ndalo forma parte de una \u00abcampa\u00f1a sucia y mentirosa\u00bb para anular su aspiraci\u00f3n presidencial, si bien la justicia constitucional ya lo inhabilit\u00f3 como candidato.<\/p>\n\n\n\n<p class=\"wp-block-paragraph\">Este viernes Morales mostr\u00f3 una resoluci\u00f3n judicial de 2020 en la que, seg\u00fan \u00e9l, se rechaza la denuncia de \u00abestupro agravado y corrupci\u00f3n (de) ni\u00f1o, ni\u00f1a, adolescente\u00bb.<\/p>\n\n\n\n<p class=\"wp-block-paragraph\">En la resoluci\u00f3n de aprehensi\u00f3n contra Morales se se\u00f1ala que en 2015 el entonces presidente se involucr\u00f3 con una menor de 15 a\u00f1os con quien tuvo una hija el a\u00f1o siguiente. Preguntado por un periodista sobre este tema, Morales evit\u00f3 responder afirmando que \u00abno se metan con la familia; la familia es sagrada\u00bb.<\/p>\n\n\n\n<p class=\"wp-block-paragraph\">Convertido en el mayor opositor del gobierno, el fundador del Movimiento Al Socialismo &#8211; el partido en el poder hoy fracturado por la pelea entre Morales y Arce &#8211; insisti\u00f3 en que Arce est\u00e1 empleando al Ministerio de Justicia en su contra.<\/p>\n\n\n\n<p class=\"wp-block-paragraph\">#EvoMorales #Bolivia #menordedad #GrupodePuebla #LuisArce<\/p>\n","protected":false},"excerpt":{"rendered":"<p>El ministro de Justicia C\u00e9sar Siles revel\u00f3 el jueves que Morales tiene \u00abun proceso abierto\u00bb, con \u00abuna investigaci\u00f3n en curso\u00bb, por presuntamente haber violado a una menor de 15 a\u00f1os en 2015, cuando era presidente. \u00abProducto de esa violaci\u00f3n (la madre) engendr\u00f3 otra ni\u00f1a y el padre reconocido en un certificado de nacimiento, (es) el [&hellip;]<\/p>\n","protected":false},"author":1,"featured_media":7206,"comment_status":"open","ping_status":"open","sticky":false,"template":"","format":"standard","meta":{"footnotes":""},"categories":[54],"tags":[],"class_list":["post-7202","post","type-post","status-publish","format-standard","has-post-thumbnail","hentry","category-internacional"],"yoast_head":"<!-- This site is optimized with the Yoast SEO plugin v28.3 - https:\/\/yoast.com\/product\/yoast-seo-wordpress\/ -->\n<title>Morales afirma que es &quot;mentira&quot; el presunto abuso de una menor<\/title>\n<meta name=\"description\" content=\"El expresidente Evo Morales afirma que es &quot;mentira&quot; el presunto abuso de una menor en Bolivia por el que se lo acusa.\" \/>\n<meta name=\"robots\" content=\"index, follow, max-snippet:-1, max-image-preview:large, max-video-preview:-1\" \/>\n<link rel=\"canonical\" href=\"https:\/\/foreverfutbol.com.ec\/radio\/internacional\/el-expresidente-evo-morales-afirma-que-es-mentira-el-presunto-abuso-de-una-menor-por-el-que-se-lo-acusa\/\" \/>\n<meta property=\"og:locale\" content=\"es_ES\" \/>\n<meta property=\"og:type\" content=\"article\" \/>\n<meta property=\"og:title\" content=\"Morales afirma que es &quot;mentira&quot; el presunto abuso de una menor\" \/>\n<meta property=\"og:description\" content=\"El expresidente Evo Morales afirma que es &quot;mentira&quot; el presunto abuso de una menor en Bolivia por el que se lo acusa.\" \/>\n<meta property=\"og:url\" content=\"https:\/\/foreverfutbol.com.ec\/radio\/internacional\/el-expresidente-evo-morales-afirma-que-es-mentira-el-presunto-abuso-de-una-menor-por-el-que-se-lo-acusa\/\" \/>\n<meta property=\"og:site_name\" content=\"92.5 FOREVER Radio\" \/>\n<meta property=\"article:publisher\" content=\"https:\/\/www.facebook.com\/profile.php?id=100063550693491\" \/>\n<meta property=\"article:published_time\" content=\"2024-10-04T20:33:04+00:00\" \/>\n<meta property=\"article:modified_time\" content=\"2024-10-04T20:33:09+00:00\" \/>\n<meta property=\"og:image\" content=\"https:\/\/foreverfutbol.com.ec\/radio\/wp-content\/uploads\/2024\/10\/Ecuador-FFAA-Ejercito-Militares-Defensa-ArmadadelEcuador-ForeverInforma-1.png\" \/>\n\t<meta property=\"og:image:width\" content=\"1280\" \/>\n\t<meta property=\"og:image:height\" content=\"865\" \/>\n\t<meta property=\"og:image:type\" content=\"image\/png\" \/>\n<meta name=\"author\" content=\"Ricardo Rodriguez\" \/>\n<meta name=\"twitter:card\" content=\"summary_large_image\" \/>\n<meta name=\"twitter:creator\" content=\"@925forever\" \/>\n<meta name=\"twitter:site\" content=\"@925forever\" \/>\n<meta name=\"twitter:label1\" content=\"Escrito por\" \/>\n\t<meta name=\"twitter:data1\" content=\"Ricardo Rodriguez\" \/>\n\t<meta name=\"twitter:label2\" content=\"Tiempo de lectura\" \/>\n\t<meta name=\"twitter:data2\" content=\"3 minutos\" \/>\n<script type=\"application\/ld+json\" class=\"yoast-schema-graph\">{\"@context\":\"https:\\\/\\\/schema.org\",\"@graph\":[{\"@type\":\"Article\",\"@id\":\"https:\\\/\\\/foreverfutbol.com.ec\\\/radio\\\/internacional\\\/el-expresidente-evo-morales-afirma-que-es-mentira-el-presunto-abuso-de-una-menor-por-el-que-se-lo-acusa\\\/#article\",\"isPartOf\":{\"@id\":\"https:\\\/\\\/foreverfutbol.com.ec\\\/radio\\\/internacional\\\/el-expresidente-evo-morales-afirma-que-es-mentira-el-presunto-abuso-de-una-menor-por-el-que-se-lo-acusa\\\/\"},\"author\":{\"name\":\"Ricardo Rodriguez\",\"@id\":\"https:\\\/\\\/foreverfutbol.com.ec\\\/radio\\\/#\\\/schema\\\/person\\\/2f679dd16f889ac00df6e7b648062a01\"},\"headline\":\"El expresidente Evo Morales afirma que es \u00abmentira\u00bb el presunto abuso de una menor por el que se lo acusa\",\"datePublished\":\"2024-10-04T20:33:04+00:00\",\"dateModified\":\"2024-10-04T20:33:09+00:00\",\"mainEntityOfPage\":{\"@id\":\"https:\\\/\\\/foreverfutbol.com.ec\\\/radio\\\/internacional\\\/el-expresidente-evo-morales-afirma-que-es-mentira-el-presunto-abuso-de-una-menor-por-el-que-se-lo-acusa\\\/\"},\"wordCount\":499,\"commentCount\":0,\"publisher\":{\"@id\":\"https:\\\/\\\/foreverfutbol.com.ec\\\/radio\\\/#organization\"},\"image\":{\"@id\":\"https:\\\/\\\/foreverfutbol.com.ec\\\/radio\\\/internacional\\\/el-expresidente-evo-morales-afirma-que-es-mentira-el-presunto-abuso-de-una-menor-por-el-que-se-lo-acusa\\\/#primaryimage\"},\"thumbnailUrl\":\"https:\\\/\\\/foreverfutbol.com.ec\\\/radio\\\/wp-content\\\/uploads\\\/2024\\\/10\\\/Ecuador-FFAA-Ejercito-Militares-Defensa-ArmadadelEcuador-ForeverInforma-1.png\",\"articleSection\":[\"Internacional\"],\"inLanguage\":\"es\",\"potentialAction\":[{\"@type\":\"CommentAction\",\"name\":\"Comment\",\"target\":[\"https:\\\/\\\/foreverfutbol.com.ec\\\/radio\\\/internacional\\\/el-expresidente-evo-morales-afirma-que-es-mentira-el-presunto-abuso-de-una-menor-por-el-que-se-lo-acusa\\\/#respond\"]}]},{\"@type\":\"WebPage\",\"@id\":\"https:\\\/\\\/foreverfutbol.com.ec\\\/radio\\\/internacional\\\/el-expresidente-evo-morales-afirma-que-es-mentira-el-presunto-abuso-de-una-menor-por-el-que-se-lo-acusa\\\/\",\"url\":\"https:\\\/\\\/foreverfutbol.com.ec\\\/radio\\\/internacional\\\/el-expresidente-evo-morales-afirma-que-es-mentira-el-presunto-abuso-de-una-menor-por-el-que-se-lo-acusa\\\/\",\"name\":\"Morales afirma que es \\\"mentira\\\" el presunto abuso de una menor\",\"isPartOf\":{\"@id\":\"https:\\\/\\\/foreverfutbol.com.ec\\\/radio\\\/#website\"},\"primaryImageOfPage\":{\"@id\":\"https:\\\/\\\/foreverfutbol.com.ec\\\/radio\\\/internacional\\\/el-expresidente-evo-morales-afirma-que-es-mentira-el-presunto-abuso-de-una-menor-por-el-que-se-lo-acusa\\\/#primaryimage\"},\"image\":{\"@id\":\"https:\\\/\\\/foreverfutbol.com.ec\\\/radio\\\/internacional\\\/el-expresidente-evo-morales-afirma-que-es-mentira-el-presunto-abuso-de-una-menor-por-el-que-se-lo-acusa\\\/#primaryimage\"},\"thumbnailUrl\":\"https:\\\/\\\/foreverfutbol.com.ec\\\/radio\\\/wp-content\\\/uploads\\\/2024\\\/10\\\/Ecuador-FFAA-Ejercito-Militares-Defensa-ArmadadelEcuador-ForeverInforma-1.png\",\"datePublished\":\"2024-10-04T20:33:04+00:00\",\"dateModified\":\"2024-10-04T20:33:09+00:00\",\"description\":\"El expresidente Evo Morales afirma que es \\\"mentira\\\" el presunto abuso de una menor en Bolivia por el que se lo acusa.\",\"breadcrumb\":{\"@id\":\"https:\\\/\\\/foreverfutbol.com.ec\\\/radio\\\/internacional\\\/el-expresidente-evo-morales-afirma-que-es-mentira-el-presunto-abuso-de-una-menor-por-el-que-se-lo-acusa\\\/#breadcrumb\"},\"inLanguage\":\"es\",\"potentialAction\":[{\"@type\":\"ReadAction\",\"target\":[\"https:\\\/\\\/foreverfutbol.com.ec\\\/radio\\\/internacional\\\/el-expresidente-evo-morales-afirma-que-es-mentira-el-presunto-abuso-de-una-menor-por-el-que-se-lo-acusa\\\/\"]}]},{\"@type\":\"ImageObject\",\"inLanguage\":\"es\",\"@id\":\"https:\\\/\\\/foreverfutbol.com.ec\\\/radio\\\/internacional\\\/el-expresidente-evo-morales-afirma-que-es-mentira-el-presunto-abuso-de-una-menor-por-el-que-se-lo-acusa\\\/#primaryimage\",\"url\":\"https:\\\/\\\/foreverfutbol.com.ec\\\/radio\\\/wp-content\\\/uploads\\\/2024\\\/10\\\/Ecuador-FFAA-Ejercito-Militares-Defensa-ArmadadelEcuador-ForeverInforma-1.png\",\"contentUrl\":\"https:\\\/\\\/foreverfutbol.com.ec\\\/radio\\\/wp-content\\\/uploads\\\/2024\\\/10\\\/Ecuador-FFAA-Ejercito-Militares-Defensa-ArmadadelEcuador-ForeverInforma-1.png\",\"width\":1280,\"height\":865},{\"@type\":\"BreadcrumbList\",\"@id\":\"https:\\\/\\\/foreverfutbol.com.ec\\\/radio\\\/internacional\\\/el-expresidente-evo-morales-afirma-que-es-mentira-el-presunto-abuso-de-una-menor-por-el-que-se-lo-acusa\\\/#breadcrumb\",\"itemListElement\":[{\"@type\":\"ListItem\",\"position\":1,\"name\":\"Portada\",\"item\":\"https:\\\/\\\/foreverfutbol.com.ec\\\/radio\\\/\"},{\"@type\":\"ListItem\",\"position\":2,\"name\":\"El expresidente Evo Morales afirma que es \u00abmentira\u00bb el presunto abuso de una menor por el que se lo acusa\"}]},{\"@type\":\"WebSite\",\"@id\":\"https:\\\/\\\/foreverfutbol.com.ec\\\/radio\\\/#website\",\"url\":\"https:\\\/\\\/foreverfutbol.com.ec\\\/radio\\\/\",\"name\":\"92.5 FOREVER Radio\",\"description\":\"\",\"publisher\":{\"@id\":\"https:\\\/\\\/foreverfutbol.com.ec\\\/radio\\\/#organization\"},\"potentialAction\":[{\"@type\":\"SearchAction\",\"target\":{\"@type\":\"EntryPoint\",\"urlTemplate\":\"https:\\\/\\\/foreverfutbol.com.ec\\\/radio\\\/?s={search_term_string}\"},\"query-input\":{\"@type\":\"PropertyValueSpecification\",\"valueRequired\":true,\"valueName\":\"search_term_string\"}}],\"inLanguage\":\"es\"},{\"@type\":\"Organization\",\"@id\":\"https:\\\/\\\/foreverfutbol.com.ec\\\/radio\\\/#organization\",\"name\":\"92.5 FOREVER Radio\",\"url\":\"https:\\\/\\\/foreverfutbol.com.ec\\\/radio\\\/\",\"logo\":{\"@type\":\"ImageObject\",\"inLanguage\":\"es\",\"@id\":\"https:\\\/\\\/foreverfutbol.com.ec\\\/radio\\\/#\\\/schema\\\/logo\\\/image\\\/\",\"url\":\"https:\\\/\\\/foreverfutbol.com.ec\\\/radio\\\/wp-content\\\/uploads\\\/2024\\\/01\\\/cropped-logo-forever.png\",\"contentUrl\":\"https:\\\/\\\/foreverfutbol.com.ec\\\/radio\\\/wp-content\\\/uploads\\\/2024\\\/01\\\/cropped-logo-forever.png\",\"width\":180,\"height\":154,\"caption\":\"92.5 FOREVER Radio\"},\"image\":{\"@id\":\"https:\\\/\\\/foreverfutbol.com.ec\\\/radio\\\/#\\\/schema\\\/logo\\\/image\\\/\"},\"sameAs\":[\"https:\\\/\\\/www.facebook.com\\\/profile.php?id=100063550693491\",\"https:\\\/\\\/x.com\\\/925forever\",\"https:\\\/\\\/www.instagram.com\\\/radioforever925\\\/\"]},{\"@type\":\"Person\",\"@id\":\"https:\\\/\\\/foreverfutbol.com.ec\\\/radio\\\/#\\\/schema\\\/person\\\/2f679dd16f889ac00df6e7b648062a01\",\"name\":\"Ricardo Rodriguez\",\"image\":{\"@type\":\"ImageObject\",\"inLanguage\":\"es\",\"@id\":\"https:\\\/\\\/secure.gravatar.com\\\/avatar\\\/5d9dfb95700bd0c503ed088d29de94822b5cc66a74cb0362774e6fc534823d07?s=96&d=mm&r=g\",\"url\":\"https:\\\/\\\/secure.gravatar.com\\\/avatar\\\/5d9dfb95700bd0c503ed088d29de94822b5cc66a74cb0362774e6fc534823d07?s=96&d=mm&r=g\",\"contentUrl\":\"https:\\\/\\\/secure.gravatar.com\\\/avatar\\\/5d9dfb95700bd0c503ed088d29de94822b5cc66a74cb0362774e6fc534823d07?s=96&d=mm&r=g\",\"caption\":\"Ricardo Rodriguez\"},\"sameAs\":[\"https:\\\/\\\/foreverfutbol.com.ec\\\/radio\"],\"url\":\"https:\\\/\\\/foreverfutbol.com.ec\\\/radio\\\/author\\\/superdmin\\\/\"}]}<\/script>\n<!-- \/ Yoast SEO plugin. -->","yoast_head_json":{"title":"Morales afirma que es \"mentira\" el presunto abuso de una menor","description":"El expresidente Evo Morales afirma que es \"mentira\" el presunto abuso de una menor en Bolivia por el que se lo acusa.","robots":{"index":"index","follow":"follow","max-snippet":"max-snippet:-1","max-image-preview":"max-image-preview:large","max-video-preview":"max-video-preview:-1"},"canonical":"https:\/\/foreverfutbol.com.ec\/radio\/internacional\/el-expresidente-evo-morales-afirma-que-es-mentira-el-presunto-abuso-de-una-menor-por-el-que-se-lo-acusa\/","og_locale":"es_ES","og_type":"article","og_title":"Morales afirma que es \"mentira\" el presunto abuso de una menor","og_description":"El expresidente Evo Morales afirma que es \"mentira\" el presunto abuso de una menor en Bolivia por el que se lo acusa.","og_url":"https:\/\/foreverfutbol.com.ec\/radio\/internacional\/el-expresidente-evo-morales-afirma-que-es-mentira-el-presunto-abuso-de-una-menor-por-el-que-se-lo-acusa\/","og_site_name":"92.5 FOREVER Radio","article_publisher":"https:\/\/www.facebook.com\/profile.php?id=100063550693491","article_published_time":"2024-10-04T20:33:04+00:00","article_modified_time":"2024-10-04T20:33:09+00:00","og_image":[{"width":1280,"height":865,"url":"https:\/\/foreverfutbol.com.ec\/radio\/wp-content\/uploads\/2024\/10\/Ecuador-FFAA-Ejercito-Militares-Defensa-ArmadadelEcuador-ForeverInforma-1.png","type":"image\/png"}],"author":"Ricardo Rodriguez","twitter_card":"summary_large_image","twitter_creator":"@925forever","twitter_site":"@925forever","twitter_misc":{"Escrito por":"Ricardo Rodriguez","Tiempo de lectura":"3 minutos"},"schema":{"@context":"https:\/\/schema.org","@graph":[{"@type":"Article","@id":"https:\/\/foreverfutbol.com.ec\/radio\/internacional\/el-expresidente-evo-morales-afirma-que-es-mentira-el-presunto-abuso-de-una-menor-por-el-que-se-lo-acusa\/#article","isPartOf":{"@id":"https:\/\/foreverfutbol.com.ec\/radio\/internacional\/el-expresidente-evo-morales-afirma-que-es-mentira-el-presunto-abuso-de-una-menor-por-el-que-se-lo-acusa\/"},"author":{"name":"Ricardo Rodriguez","@id":"https:\/\/foreverfutbol.com.ec\/radio\/#\/schema\/person\/2f679dd16f889ac00df6e7b648062a01"},"headline":"El expresidente Evo Morales afirma que es \u00abmentira\u00bb el presunto abuso de una menor por el que se lo acusa","datePublished":"2024-10-04T20:33:04+00:00","dateModified":"2024-10-04T20:33:09+00:00","mainEntityOfPage":{"@id":"https:\/\/foreverfutbol.com.ec\/radio\/internacional\/el-expresidente-evo-morales-afirma-que-es-mentira-el-presunto-abuso-de-una-menor-por-el-que-se-lo-acusa\/"},"wordCount":499,"commentCount":0,"publisher":{"@id":"https:\/\/foreverfutbol.com.ec\/radio\/#organization"},"image":{"@id":"https:\/\/foreverfutbol.com.ec\/radio\/internacional\/el-expresidente-evo-morales-afirma-que-es-mentira-el-presunto-abuso-de-una-menor-por-el-que-se-lo-acusa\/#primaryimage"},"thumbnailUrl":"https:\/\/foreverfutbol.com.ec\/radio\/wp-content\/uploads\/2024\/10\/Ecuador-FFAA-Ejercito-Militares-Defensa-ArmadadelEcuador-ForeverInforma-1.png","articleSection":["Internacional"],"inLanguage":"es","potentialAction":[{"@type":"CommentAction","name":"Comment","target":["https:\/\/foreverfutbol.com.ec\/radio\/internacional\/el-expresidente-evo-morales-afirma-que-es-mentira-el-presunto-abuso-de-una-menor-por-el-que-se-lo-acusa\/#respond"]}]},{"@type":"WebPage","@id":"https:\/\/foreverfutbol.com.ec\/radio\/internacional\/el-expresidente-evo-morales-afirma-que-es-mentira-el-presunto-abuso-de-una-menor-por-el-que-se-lo-acusa\/","url":"https:\/\/foreverfutbol.com.ec\/radio\/internacional\/el-expresidente-evo-morales-afirma-que-es-mentira-el-presunto-abuso-de-una-menor-por-el-que-se-lo-acusa\/","name":"Morales afirma que es \"mentira\" el presunto abuso de una menor","isPartOf":{"@id":"https:\/\/foreverfutbol.com.ec\/radio\/#website"},"primaryImageOfPage":{"@id":"https:\/\/foreverfutbol.com.ec\/radio\/internacional\/el-expresidente-evo-morales-afirma-que-es-mentira-el-presunto-abuso-de-una-menor-por-el-que-se-lo-acusa\/#primaryimage"},"image":{"@id":"https:\/\/foreverfutbol.com.ec\/radio\/internacional\/el-expresidente-evo-morales-afirma-que-es-mentira-el-presunto-abuso-de-una-menor-por-el-que-se-lo-acusa\/#primaryimage"},"thumbnailUrl":"https:\/\/foreverfutbol.com.ec\/radio\/wp-content\/uploads\/2024\/10\/Ecuador-FFAA-Ejercito-Militares-Defensa-ArmadadelEcuador-ForeverInforma-1.png","datePublished":"2024-10-04T20:33:04+00:00","dateModified":"2024-10-04T20:33:09+00:00","description":"El expresidente Evo Morales afirma que es \"mentira\" el presunto abuso de una menor en Bolivia por el que se lo acusa.","breadcrumb":{"@id":"https:\/\/foreverfutbol.com.ec\/radio\/internacional\/el-expresidente-evo-morales-afirma-que-es-mentira-el-presunto-abuso-de-una-menor-por-el-que-se-lo-acusa\/#breadcrumb"},"inLanguage":"es","potentialAction":[{"@type":"ReadAction","target":["https:\/\/foreverfutbol.com.ec\/radio\/internacional\/el-expresidente-evo-morales-afirma-que-es-mentira-el-presunto-abuso-de-una-menor-por-el-que-se-lo-acusa\/"]}]},{"@type":"ImageObject","inLanguage":"es","@id":"https:\/\/foreverfutbol.com.ec\/radio\/internacional\/el-expresidente-evo-morales-afirma-que-es-mentira-el-presunto-abuso-de-una-menor-por-el-que-se-lo-acusa\/#primaryimage","url":"https:\/\/foreverfutbol.com.ec\/radio\/wp-content\/uploads\/2024\/10\/Ecuador-FFAA-Ejercito-Militares-Defensa-ArmadadelEcuador-ForeverInforma-1.png","contentUrl":"https:\/\/foreverfutbol.com.ec\/radio\/wp-content\/uploads\/2024\/10\/Ecuador-FFAA-Ejercito-Militares-Defensa-ArmadadelEcuador-ForeverInforma-1.png","width":1280,"height":865},{"@type":"BreadcrumbList","@id":"https:\/\/foreverfutbol.com.ec\/radio\/internacional\/el-expresidente-evo-morales-afirma-que-es-mentira-el-presunto-abuso-de-una-menor-por-el-que-se-lo-acusa\/#breadcrumb","itemListElement":[{"@type":"ListItem","position":1,"name":"Portada","item":"https:\/\/foreverfutbol.com.ec\/radio\/"},{"@type":"ListItem","position":2,"name":"El expresidente Evo Morales afirma que es \u00abmentira\u00bb el presunto abuso de una menor por el que se lo acusa"}]},{"@type":"WebSite","@id":"https:\/\/foreverfutbol.com.ec\/radio\/#website","url":"https:\/\/foreverfutbol.com.ec\/radio\/","name":"92.5 FOREVER Radio","description":"","publisher":{"@id":"https:\/\/foreverfutbol.com.ec\/radio\/#organization"},"potentialAction":[{"@type":"SearchAction","target":{"@type":"EntryPoint","urlTemplate":"https:\/\/foreverfutbol.com.ec\/radio\/?s={search_term_string}"},"query-input":{"@type":"PropertyValueSpecification","valueRequired":true,"valueName":"search_term_string"}}],"inLanguage":"es"},{"@type":"Organization","@id":"https:\/\/foreverfutbol.com.ec\/radio\/#organization","name":"92.5 FOREVER Radio","url":"https:\/\/foreverfutbol.com.ec\/radio\/","logo":{"@type":"ImageObject","inLanguage":"es","@id":"https:\/\/foreverfutbol.com.ec\/radio\/#\/schema\/logo\/image\/","url":"https:\/\/foreverfutbol.com.ec\/radio\/wp-content\/uploads\/2024\/01\/cropped-logo-forever.png","contentUrl":"https:\/\/foreverfutbol.com.ec\/radio\/wp-content\/uploads\/2024\/01\/cropped-logo-forever.png","width":180,"height":154,"caption":"92.5 FOREVER Radio"},"image":{"@id":"https:\/\/foreverfutbol.com.ec\/radio\/#\/schema\/logo\/image\/"},"sameAs":["https:\/\/www.facebook.com\/profile.php?id=100063550693491","https:\/\/x.com\/925forever","https:\/\/www.instagram.com\/radioforever925\/"]},{"@type":"Person","@id":"https:\/\/foreverfutbol.com.ec\/radio\/#\/schema\/person\/2f679dd16f889ac00df6e7b648062a01","name":"Ricardo Rodriguez","image":{"@type":"ImageObject","inLanguage":"es","@id":"https:\/\/secure.gravatar.com\/avatar\/5d9dfb95700bd0c503ed088d29de94822b5cc66a74cb0362774e6fc534823d07?s=96&d=mm&r=g","url":"https:\/\/secure.gravatar.com\/avatar\/5d9dfb95700bd0c503ed088d29de94822b5cc66a74cb0362774e6fc534823d07?s=96&d=mm&r=g","contentUrl":"https:\/\/secure.gravatar.com\/avatar\/5d9dfb95700bd0c503ed088d29de94822b5cc66a74cb0362774e6fc534823d07?s=96&d=mm&r=g","caption":"Ricardo Rodriguez"},"sameAs":["https:\/\/foreverfutbol.com.ec\/radio"],"url":"https:\/\/foreverfutbol.com.ec\/radio\/author\/superdmin\/"}]}},"_links":{"self":[{"href":"https:\/\/foreverfutbol.com.ec\/radio\/wp-json\/wp\/v2\/posts\/7202","targetHints":{"allow":["GET"]}}],"collection":[{"href":"https:\/\/foreverfutbol.com.ec\/radio\/wp-json\/wp\/v2\/posts"}],"about":[{"href":"https:\/\/foreverfutbol.com.ec\/radio\/wp-json\/wp\/v2\/types\/post"}],"author":[{"embeddable":true,"href":"https:\/\/foreverfutbol.com.ec\/radio\/wp-json\/wp\/v2\/users\/1"}],"replies":[{"embeddable":true,"href":"https:\/\/foreverfutbol.com.ec\/radio\/wp-json\/wp\/v2\/comments?post=7202"}],"version-history":[{"count":1,"href":"https:\/\/foreverfutbol.com.ec\/radio\/wp-json\/wp\/v2\/posts\/7202\/revisions"}],"predecessor-version":[{"id":7207,"href":"https:\/\/foreverfutbol.com.ec\/radio\/wp-json\/wp\/v2\/posts\/7202\/revisions\/7207"}],"wp:featuredmedia":[{"embeddable":true,"href":"https:\/\/foreverfutbol.com.ec\/radio\/wp-json\/wp\/v2\/media\/7206"}],"wp:attachment":[{"href":"https:\/\/foreverfutbol.com.ec\/radio\/wp-json\/wp\/v2\/media?parent=7202"}],"wp:term":[{"taxonomy":"category","embeddable":true,"href":"https:\/\/foreverfutbol.com.ec\/radio\/wp-json\/wp\/v2\/categories?post=7202"},{"taxonomy":"post_tag","embeddable":true,"href":"https:\/\/foreverfutbol.com.ec\/radio\/wp-json\/wp\/v2\/tags?post=7202"}],"curies":[{"name":"wp","href":"https:\/\/api.w.org\/{rel}","templated":true}]}}