{"id":7027,"date":"2024-09-25T11:24:55","date_gmt":"2024-09-25T16:24:55","guid":{"rendered":"https:\/\/foreverfutbol.com.ec\/radio\/?p=7027"},"modified":"2024-09-25T11:24:55","modified_gmt":"2024-09-25T16:24:55","slug":"incendios-forestales-en-el-norte-de-quito-dejan-varias-personas-quemadas-y-viviendas-afectadas","status":"publish","type":"post","link":"https:\/\/foreverfutbol.com.ec\/radio\/sucesos\/incendios-forestales-en-el-norte-de-quito-dejan-varias-personas-quemadas-y-viviendas-afectadas\/","title":{"rendered":"Incendios forestales en el norte de Quito dejan varias personas quemadas y viviendas afectadas"},"content":{"rendered":"\n<p class=\"wp-block-paragraph\">Los incendios forestales en Quito, que empezaron el martes 24 de septiembre por la tarde, todav\u00eda no est\u00e1n completamente controlados. Las autoridades han estado siguiendo de cerca la situaci\u00f3n durante la noche y la ma\u00f1ana del mi\u00e9rcoles.<\/p>\n\n\n\n<p class=\"wp-block-paragraph\">Mar\u00eda Jos\u00e9 Pinto, secretaria t\u00e9cnica de Ecuador Crece Sin Desnutrici\u00f3n, confirm\u00f3 que hay varias personas quemadas debido a los incendios en Quito, incluido un beb\u00e9 de once meses. Tambi\u00e9n mencion\u00f3 que las autoridades est\u00e1n trabajando juntas para ayudar a quienes han sido afectados, ya que muchos han perdido todas sus pertenencias. <\/p>\n\n\n\n<p class=\"wp-block-paragraph\">En una conferencia de prensa realizada ayer, el alcalde de Quito, Pabel Mu\u00f1oz, afirm\u00f3 que los incendios que afectan a la ciudad fueron provocados. Por su parte, la ministra del Interior, M\u00f3nica Palencia, hizo un llamado a la comunidad para que colabore en la b\u00fasqueda de los responsables. <\/p>\n\n\n\n<p class=\"wp-block-paragraph\">Se prev\u00e9 que los vientos sigan trasladando el humo y la contaminaci\u00f3n a otras \u00e1reas de la ciudad, lo que empeorar\u00e1 la calidad del aire en las zonas cercanas. Por ello, la Secretar\u00eda ha recomendado a la poblaci\u00f3n que evite las actividades al aire libre, mantenga las puertas y ventanas cerradas para impedir que entre aire contaminado, y use mascarillas.<\/p>\n\n\n\n<p class=\"wp-block-paragraph\"><strong>Incendio en Quito: \u00bfQu\u00e9 pas\u00f3 con los bienes de la Fundaci\u00f3n Guayasam\u00edn?<br><\/strong>Recientemente se ha sabido que al menos dos bomberos han resultado heridos y m\u00e1s de cien familias han tenido que evacuar sus hogares a causa de los incendios. La Polic\u00eda Nacional ha movilizado a m\u00e1s de 1.600 agentes para hacer frente a la situaci\u00f3n, mientras que las Fuerzas Armadas han enviado cerca de 180 efectivos para ayudar en la emergencia.<\/p>\n\n\n\n<p class=\"wp-block-paragraph\">#Quito #Gu\u00e1pulo #DanielNoboa #PabelMu\u00f1oz #incendiosforestales #Ecuador <\/p>\n","protected":false},"excerpt":{"rendered":"<p>Los incendios forestales en Quito, que empezaron el martes 24 de septiembre por la tarde, todav\u00eda no est\u00e1n completamente controlados. Las autoridades han estado siguiendo de cerca la situaci\u00f3n durante la noche y la ma\u00f1ana del mi\u00e9rcoles. Mar\u00eda Jos\u00e9 Pinto, secretaria t\u00e9cnica de Ecuador Crece Sin Desnutrici\u00f3n, confirm\u00f3 que hay varias personas quemadas debido a [&hellip;]<\/p>\n","protected":false},"author":1,"featured_media":7028,"comment_status":"open","ping_status":"open","sticky":false,"template":"","format":"standard","meta":{"footnotes":""},"categories":[51],"tags":[],"class_list":["post-7027","post","type-post","status-publish","format-standard","has-post-thumbnail","hentry","category-sucesos"],"yoast_head":"<!-- This site is optimized with the Yoast SEO plugin v28.3 - https:\/\/yoast.com\/product\/yoast-seo-wordpress\/ -->\n<title>Incendios forestales en Quito deja varias personas quemadas<\/title>\n<meta name=\"description\" content=\"Los incendios forestales en Quito, que empezaron el martes 24 de septiembre por la tarde, todav\u00eda no est\u00e1n completamente controlados.\" \/>\n<meta name=\"robots\" content=\"index, follow, max-snippet:-1, max-image-preview:large, max-video-preview:-1\" \/>\n<link rel=\"canonical\" href=\"https:\/\/foreverfutbol.com.ec\/radio\/sucesos\/incendios-forestales-en-el-norte-de-quito-dejan-varias-personas-quemadas-y-viviendas-afectadas\/\" \/>\n<meta property=\"og:locale\" content=\"es_ES\" \/>\n<meta property=\"og:type\" content=\"article\" \/>\n<meta property=\"og:title\" content=\"Incendios forestales en Quito deja varias personas quemadas\" \/>\n<meta property=\"og:description\" content=\"Los incendios forestales en Quito, que empezaron el martes 24 de septiembre por la tarde, todav\u00eda no est\u00e1n completamente controlados.\" \/>\n<meta property=\"og:url\" content=\"https:\/\/foreverfutbol.com.ec\/radio\/sucesos\/incendios-forestales-en-el-norte-de-quito-dejan-varias-personas-quemadas-y-viviendas-afectadas\/\" \/>\n<meta property=\"og:site_name\" content=\"92.5 FOREVER Radio\" \/>\n<meta property=\"article:publisher\" content=\"https:\/\/www.facebook.com\/profile.php?id=100063550693491\" \/>\n<meta property=\"article:published_time\" content=\"2024-09-25T16:24:55+00:00\" \/>\n<meta property=\"og:image\" content=\"https:\/\/foreverfutbol.com.ec\/radio\/wp-content\/uploads\/2024\/09\/Quito-Guapulo-DanielNoboa-PabelMunoz-incendiosforestales-Ecuador-ForeverInforma-.png\" \/>\n\t<meta property=\"og:image:width\" content=\"1280\" \/>\n\t<meta property=\"og:image:height\" content=\"865\" \/>\n\t<meta property=\"og:image:type\" content=\"image\/png\" \/>\n<meta name=\"author\" content=\"Ricardo Rodriguez\" \/>\n<meta name=\"twitter:card\" content=\"summary_large_image\" \/>\n<meta name=\"twitter:creator\" content=\"@925forever\" \/>\n<meta name=\"twitter:site\" content=\"@925forever\" \/>\n<meta name=\"twitter:label1\" content=\"Escrito por\" \/>\n\t<meta name=\"twitter:data1\" content=\"Ricardo Rodriguez\" \/>\n\t<meta name=\"twitter:label2\" content=\"Tiempo de lectura\" \/>\n\t<meta name=\"twitter:data2\" content=\"2 minutos\" \/>\n<script type=\"application\/ld+json\" class=\"yoast-schema-graph\">{\"@context\":\"https:\\\/\\\/schema.org\",\"@graph\":[{\"@type\":\"Article\",\"@id\":\"https:\\\/\\\/foreverfutbol.com.ec\\\/radio\\\/sucesos\\\/incendios-forestales-en-el-norte-de-quito-dejan-varias-personas-quemadas-y-viviendas-afectadas\\\/#article\",\"isPartOf\":{\"@id\":\"https:\\\/\\\/foreverfutbol.com.ec\\\/radio\\\/sucesos\\\/incendios-forestales-en-el-norte-de-quito-dejan-varias-personas-quemadas-y-viviendas-afectadas\\\/\"},\"author\":{\"name\":\"Ricardo Rodriguez\",\"@id\":\"https:\\\/\\\/foreverfutbol.com.ec\\\/radio\\\/#\\\/schema\\\/person\\\/2f679dd16f889ac00df6e7b648062a01\"},\"headline\":\"Incendios forestales en el norte de Quito dejan varias personas quemadas y viviendas afectadas\",\"datePublished\":\"2024-09-25T16:24:55+00:00\",\"mainEntityOfPage\":{\"@id\":\"https:\\\/\\\/foreverfutbol.com.ec\\\/radio\\\/sucesos\\\/incendios-forestales-en-el-norte-de-quito-dejan-varias-personas-quemadas-y-viviendas-afectadas\\\/\"},\"wordCount\":309,\"commentCount\":0,\"publisher\":{\"@id\":\"https:\\\/\\\/foreverfutbol.com.ec\\\/radio\\\/#organization\"},\"image\":{\"@id\":\"https:\\\/\\\/foreverfutbol.com.ec\\\/radio\\\/sucesos\\\/incendios-forestales-en-el-norte-de-quito-dejan-varias-personas-quemadas-y-viviendas-afectadas\\\/#primaryimage\"},\"thumbnailUrl\":\"https:\\\/\\\/foreverfutbol.com.ec\\\/radio\\\/wp-content\\\/uploads\\\/2024\\\/09\\\/Quito-Guapulo-DanielNoboa-PabelMunoz-incendiosforestales-Ecuador-ForeverInforma-.png\",\"articleSection\":[\"Sucesos\"],\"inLanguage\":\"es\",\"potentialAction\":[{\"@type\":\"CommentAction\",\"name\":\"Comment\",\"target\":[\"https:\\\/\\\/foreverfutbol.com.ec\\\/radio\\\/sucesos\\\/incendios-forestales-en-el-norte-de-quito-dejan-varias-personas-quemadas-y-viviendas-afectadas\\\/#respond\"]}]},{\"@type\":\"WebPage\",\"@id\":\"https:\\\/\\\/foreverfutbol.com.ec\\\/radio\\\/sucesos\\\/incendios-forestales-en-el-norte-de-quito-dejan-varias-personas-quemadas-y-viviendas-afectadas\\\/\",\"url\":\"https:\\\/\\\/foreverfutbol.com.ec\\\/radio\\\/sucesos\\\/incendios-forestales-en-el-norte-de-quito-dejan-varias-personas-quemadas-y-viviendas-afectadas\\\/\",\"name\":\"Incendios forestales en Quito deja varias personas quemadas\",\"isPartOf\":{\"@id\":\"https:\\\/\\\/foreverfutbol.com.ec\\\/radio\\\/#website\"},\"primaryImageOfPage\":{\"@id\":\"https:\\\/\\\/foreverfutbol.com.ec\\\/radio\\\/sucesos\\\/incendios-forestales-en-el-norte-de-quito-dejan-varias-personas-quemadas-y-viviendas-afectadas\\\/#primaryimage\"},\"image\":{\"@id\":\"https:\\\/\\\/foreverfutbol.com.ec\\\/radio\\\/sucesos\\\/incendios-forestales-en-el-norte-de-quito-dejan-varias-personas-quemadas-y-viviendas-afectadas\\\/#primaryimage\"},\"thumbnailUrl\":\"https:\\\/\\\/foreverfutbol.com.ec\\\/radio\\\/wp-content\\\/uploads\\\/2024\\\/09\\\/Quito-Guapulo-DanielNoboa-PabelMunoz-incendiosforestales-Ecuador-ForeverInforma-.png\",\"datePublished\":\"2024-09-25T16:24:55+00:00\",\"description\":\"Los incendios forestales en Quito, que empezaron el martes 24 de septiembre por la tarde, todav\u00eda no est\u00e1n completamente controlados.\",\"breadcrumb\":{\"@id\":\"https:\\\/\\\/foreverfutbol.com.ec\\\/radio\\\/sucesos\\\/incendios-forestales-en-el-norte-de-quito-dejan-varias-personas-quemadas-y-viviendas-afectadas\\\/#breadcrumb\"},\"inLanguage\":\"es\",\"potentialAction\":[{\"@type\":\"ReadAction\",\"target\":[\"https:\\\/\\\/foreverfutbol.com.ec\\\/radio\\\/sucesos\\\/incendios-forestales-en-el-norte-de-quito-dejan-varias-personas-quemadas-y-viviendas-afectadas\\\/\"]}]},{\"@type\":\"ImageObject\",\"inLanguage\":\"es\",\"@id\":\"https:\\\/\\\/foreverfutbol.com.ec\\\/radio\\\/sucesos\\\/incendios-forestales-en-el-norte-de-quito-dejan-varias-personas-quemadas-y-viviendas-afectadas\\\/#primaryimage\",\"url\":\"https:\\\/\\\/foreverfutbol.com.ec\\\/radio\\\/wp-content\\\/uploads\\\/2024\\\/09\\\/Quito-Guapulo-DanielNoboa-PabelMunoz-incendiosforestales-Ecuador-ForeverInforma-.png\",\"contentUrl\":\"https:\\\/\\\/foreverfutbol.com.ec\\\/radio\\\/wp-content\\\/uploads\\\/2024\\\/09\\\/Quito-Guapulo-DanielNoboa-PabelMunoz-incendiosforestales-Ecuador-ForeverInforma-.png\",\"width\":1280,\"height\":865},{\"@type\":\"BreadcrumbList\",\"@id\":\"https:\\\/\\\/foreverfutbol.com.ec\\\/radio\\\/sucesos\\\/incendios-forestales-en-el-norte-de-quito-dejan-varias-personas-quemadas-y-viviendas-afectadas\\\/#breadcrumb\",\"itemListElement\":[{\"@type\":\"ListItem\",\"position\":1,\"name\":\"Portada\",\"item\":\"https:\\\/\\\/foreverfutbol.com.ec\\\/radio\\\/\"},{\"@type\":\"ListItem\",\"position\":2,\"name\":\"Incendios forestales en el norte de Quito dejan varias personas quemadas y viviendas afectadas\"}]},{\"@type\":\"WebSite\",\"@id\":\"https:\\\/\\\/foreverfutbol.com.ec\\\/radio\\\/#website\",\"url\":\"https:\\\/\\\/foreverfutbol.com.ec\\\/radio\\\/\",\"name\":\"92.5 FOREVER Radio\",\"description\":\"\",\"publisher\":{\"@id\":\"https:\\\/\\\/foreverfutbol.com.ec\\\/radio\\\/#organization\"},\"potentialAction\":[{\"@type\":\"SearchAction\",\"target\":{\"@type\":\"EntryPoint\",\"urlTemplate\":\"https:\\\/\\\/foreverfutbol.com.ec\\\/radio\\\/?s={search_term_string}\"},\"query-input\":{\"@type\":\"PropertyValueSpecification\",\"valueRequired\":true,\"valueName\":\"search_term_string\"}}],\"inLanguage\":\"es\"},{\"@type\":\"Organization\",\"@id\":\"https:\\\/\\\/foreverfutbol.com.ec\\\/radio\\\/#organization\",\"name\":\"92.5 FOREVER Radio\",\"url\":\"https:\\\/\\\/foreverfutbol.com.ec\\\/radio\\\/\",\"logo\":{\"@type\":\"ImageObject\",\"inLanguage\":\"es\",\"@id\":\"https:\\\/\\\/foreverfutbol.com.ec\\\/radio\\\/#\\\/schema\\\/logo\\\/image\\\/\",\"url\":\"https:\\\/\\\/foreverfutbol.com.ec\\\/radio\\\/wp-content\\\/uploads\\\/2024\\\/01\\\/cropped-logo-forever.png\",\"contentUrl\":\"https:\\\/\\\/foreverfutbol.com.ec\\\/radio\\\/wp-content\\\/uploads\\\/2024\\\/01\\\/cropped-logo-forever.png\",\"width\":180,\"height\":154,\"caption\":\"92.5 FOREVER Radio\"},\"image\":{\"@id\":\"https:\\\/\\\/foreverfutbol.com.ec\\\/radio\\\/#\\\/schema\\\/logo\\\/image\\\/\"},\"sameAs\":[\"https:\\\/\\\/www.facebook.com\\\/profile.php?id=100063550693491\",\"https:\\\/\\\/x.com\\\/925forever\",\"https:\\\/\\\/www.instagram.com\\\/radioforever925\\\/\"]},{\"@type\":\"Person\",\"@id\":\"https:\\\/\\\/foreverfutbol.com.ec\\\/radio\\\/#\\\/schema\\\/person\\\/2f679dd16f889ac00df6e7b648062a01\",\"name\":\"Ricardo Rodriguez\",\"image\":{\"@type\":\"ImageObject\",\"inLanguage\":\"es\",\"@id\":\"https:\\\/\\\/secure.gravatar.com\\\/avatar\\\/5d9dfb95700bd0c503ed088d29de94822b5cc66a74cb0362774e6fc534823d07?s=96&d=mm&r=g\",\"url\":\"https:\\\/\\\/secure.gravatar.com\\\/avatar\\\/5d9dfb95700bd0c503ed088d29de94822b5cc66a74cb0362774e6fc534823d07?s=96&d=mm&r=g\",\"contentUrl\":\"https:\\\/\\\/secure.gravatar.com\\\/avatar\\\/5d9dfb95700bd0c503ed088d29de94822b5cc66a74cb0362774e6fc534823d07?s=96&d=mm&r=g\",\"caption\":\"Ricardo Rodriguez\"},\"sameAs\":[\"https:\\\/\\\/foreverfutbol.com.ec\\\/radio\"],\"url\":\"https:\\\/\\\/foreverfutbol.com.ec\\\/radio\\\/author\\\/superdmin\\\/\"}]}<\/script>\n<!-- \/ Yoast SEO plugin. -->","yoast_head_json":{"title":"Incendios forestales en Quito deja varias personas quemadas","description":"Los incendios forestales en Quito, que empezaron el martes 24 de septiembre por la tarde, todav\u00eda no est\u00e1n completamente controlados.","robots":{"index":"index","follow":"follow","max-snippet":"max-snippet:-1","max-image-preview":"max-image-preview:large","max-video-preview":"max-video-preview:-1"},"canonical":"https:\/\/foreverfutbol.com.ec\/radio\/sucesos\/incendios-forestales-en-el-norte-de-quito-dejan-varias-personas-quemadas-y-viviendas-afectadas\/","og_locale":"es_ES","og_type":"article","og_title":"Incendios forestales en Quito deja varias personas quemadas","og_description":"Los incendios forestales en Quito, que empezaron el martes 24 de septiembre por la tarde, todav\u00eda no est\u00e1n completamente controlados.","og_url":"https:\/\/foreverfutbol.com.ec\/radio\/sucesos\/incendios-forestales-en-el-norte-de-quito-dejan-varias-personas-quemadas-y-viviendas-afectadas\/","og_site_name":"92.5 FOREVER Radio","article_publisher":"https:\/\/www.facebook.com\/profile.php?id=100063550693491","article_published_time":"2024-09-25T16:24:55+00:00","og_image":[{"width":1280,"height":865,"url":"https:\/\/foreverfutbol.com.ec\/radio\/wp-content\/uploads\/2024\/09\/Quito-Guapulo-DanielNoboa-PabelMunoz-incendiosforestales-Ecuador-ForeverInforma-.png","type":"image\/png"}],"author":"Ricardo Rodriguez","twitter_card":"summary_large_image","twitter_creator":"@925forever","twitter_site":"@925forever","twitter_misc":{"Escrito por":"Ricardo Rodriguez","Tiempo de lectura":"2 minutos"},"schema":{"@context":"https:\/\/schema.org","@graph":[{"@type":"Article","@id":"https:\/\/foreverfutbol.com.ec\/radio\/sucesos\/incendios-forestales-en-el-norte-de-quito-dejan-varias-personas-quemadas-y-viviendas-afectadas\/#article","isPartOf":{"@id":"https:\/\/foreverfutbol.com.ec\/radio\/sucesos\/incendios-forestales-en-el-norte-de-quito-dejan-varias-personas-quemadas-y-viviendas-afectadas\/"},"author":{"name":"Ricardo Rodriguez","@id":"https:\/\/foreverfutbol.com.ec\/radio\/#\/schema\/person\/2f679dd16f889ac00df6e7b648062a01"},"headline":"Incendios forestales en el norte de Quito dejan varias personas quemadas y viviendas afectadas","datePublished":"2024-09-25T16:24:55+00:00","mainEntityOfPage":{"@id":"https:\/\/foreverfutbol.com.ec\/radio\/sucesos\/incendios-forestales-en-el-norte-de-quito-dejan-varias-personas-quemadas-y-viviendas-afectadas\/"},"wordCount":309,"commentCount":0,"publisher":{"@id":"https:\/\/foreverfutbol.com.ec\/radio\/#organization"},"image":{"@id":"https:\/\/foreverfutbol.com.ec\/radio\/sucesos\/incendios-forestales-en-el-norte-de-quito-dejan-varias-personas-quemadas-y-viviendas-afectadas\/#primaryimage"},"thumbnailUrl":"https:\/\/foreverfutbol.com.ec\/radio\/wp-content\/uploads\/2024\/09\/Quito-Guapulo-DanielNoboa-PabelMunoz-incendiosforestales-Ecuador-ForeverInforma-.png","articleSection":["Sucesos"],"inLanguage":"es","potentialAction":[{"@type":"CommentAction","name":"Comment","target":["https:\/\/foreverfutbol.com.ec\/radio\/sucesos\/incendios-forestales-en-el-norte-de-quito-dejan-varias-personas-quemadas-y-viviendas-afectadas\/#respond"]}]},{"@type":"WebPage","@id":"https:\/\/foreverfutbol.com.ec\/radio\/sucesos\/incendios-forestales-en-el-norte-de-quito-dejan-varias-personas-quemadas-y-viviendas-afectadas\/","url":"https:\/\/foreverfutbol.com.ec\/radio\/sucesos\/incendios-forestales-en-el-norte-de-quito-dejan-varias-personas-quemadas-y-viviendas-afectadas\/","name":"Incendios forestales en Quito deja varias personas quemadas","isPartOf":{"@id":"https:\/\/foreverfutbol.com.ec\/radio\/#website"},"primaryImageOfPage":{"@id":"https:\/\/foreverfutbol.com.ec\/radio\/sucesos\/incendios-forestales-en-el-norte-de-quito-dejan-varias-personas-quemadas-y-viviendas-afectadas\/#primaryimage"},"image":{"@id":"https:\/\/foreverfutbol.com.ec\/radio\/sucesos\/incendios-forestales-en-el-norte-de-quito-dejan-varias-personas-quemadas-y-viviendas-afectadas\/#primaryimage"},"thumbnailUrl":"https:\/\/foreverfutbol.com.ec\/radio\/wp-content\/uploads\/2024\/09\/Quito-Guapulo-DanielNoboa-PabelMunoz-incendiosforestales-Ecuador-ForeverInforma-.png","datePublished":"2024-09-25T16:24:55+00:00","description":"Los incendios forestales en Quito, que empezaron el martes 24 de septiembre por la tarde, todav\u00eda no est\u00e1n completamente controlados.","breadcrumb":{"@id":"https:\/\/foreverfutbol.com.ec\/radio\/sucesos\/incendios-forestales-en-el-norte-de-quito-dejan-varias-personas-quemadas-y-viviendas-afectadas\/#breadcrumb"},"inLanguage":"es","potentialAction":[{"@type":"ReadAction","target":["https:\/\/foreverfutbol.com.ec\/radio\/sucesos\/incendios-forestales-en-el-norte-de-quito-dejan-varias-personas-quemadas-y-viviendas-afectadas\/"]}]},{"@type":"ImageObject","inLanguage":"es","@id":"https:\/\/foreverfutbol.com.ec\/radio\/sucesos\/incendios-forestales-en-el-norte-de-quito-dejan-varias-personas-quemadas-y-viviendas-afectadas\/#primaryimage","url":"https:\/\/foreverfutbol.com.ec\/radio\/wp-content\/uploads\/2024\/09\/Quito-Guapulo-DanielNoboa-PabelMunoz-incendiosforestales-Ecuador-ForeverInforma-.png","contentUrl":"https:\/\/foreverfutbol.com.ec\/radio\/wp-content\/uploads\/2024\/09\/Quito-Guapulo-DanielNoboa-PabelMunoz-incendiosforestales-Ecuador-ForeverInforma-.png","width":1280,"height":865},{"@type":"BreadcrumbList","@id":"https:\/\/foreverfutbol.com.ec\/radio\/sucesos\/incendios-forestales-en-el-norte-de-quito-dejan-varias-personas-quemadas-y-viviendas-afectadas\/#breadcrumb","itemListElement":[{"@type":"ListItem","position":1,"name":"Portada","item":"https:\/\/foreverfutbol.com.ec\/radio\/"},{"@type":"ListItem","position":2,"name":"Incendios forestales en el norte de Quito dejan varias personas quemadas y viviendas afectadas"}]},{"@type":"WebSite","@id":"https:\/\/foreverfutbol.com.ec\/radio\/#website","url":"https:\/\/foreverfutbol.com.ec\/radio\/","name":"92.5 FOREVER Radio","description":"","publisher":{"@id":"https:\/\/foreverfutbol.com.ec\/radio\/#organization"},"potentialAction":[{"@type":"SearchAction","target":{"@type":"EntryPoint","urlTemplate":"https:\/\/foreverfutbol.com.ec\/radio\/?s={search_term_string}"},"query-input":{"@type":"PropertyValueSpecification","valueRequired":true,"valueName":"search_term_string"}}],"inLanguage":"es"},{"@type":"Organization","@id":"https:\/\/foreverfutbol.com.ec\/radio\/#organization","name":"92.5 FOREVER Radio","url":"https:\/\/foreverfutbol.com.ec\/radio\/","logo":{"@type":"ImageObject","inLanguage":"es","@id":"https:\/\/foreverfutbol.com.ec\/radio\/#\/schema\/logo\/image\/","url":"https:\/\/foreverfutbol.com.ec\/radio\/wp-content\/uploads\/2024\/01\/cropped-logo-forever.png","contentUrl":"https:\/\/foreverfutbol.com.ec\/radio\/wp-content\/uploads\/2024\/01\/cropped-logo-forever.png","width":180,"height":154,"caption":"92.5 FOREVER Radio"},"image":{"@id":"https:\/\/foreverfutbol.com.ec\/radio\/#\/schema\/logo\/image\/"},"sameAs":["https:\/\/www.facebook.com\/profile.php?id=100063550693491","https:\/\/x.com\/925forever","https:\/\/www.instagram.com\/radioforever925\/"]},{"@type":"Person","@id":"https:\/\/foreverfutbol.com.ec\/radio\/#\/schema\/person\/2f679dd16f889ac00df6e7b648062a01","name":"Ricardo Rodriguez","image":{"@type":"ImageObject","inLanguage":"es","@id":"https:\/\/secure.gravatar.com\/avatar\/5d9dfb95700bd0c503ed088d29de94822b5cc66a74cb0362774e6fc534823d07?s=96&d=mm&r=g","url":"https:\/\/secure.gravatar.com\/avatar\/5d9dfb95700bd0c503ed088d29de94822b5cc66a74cb0362774e6fc534823d07?s=96&d=mm&r=g","contentUrl":"https:\/\/secure.gravatar.com\/avatar\/5d9dfb95700bd0c503ed088d29de94822b5cc66a74cb0362774e6fc534823d07?s=96&d=mm&r=g","caption":"Ricardo Rodriguez"},"sameAs":["https:\/\/foreverfutbol.com.ec\/radio"],"url":"https:\/\/foreverfutbol.com.ec\/radio\/author\/superdmin\/"}]}},"_links":{"self":[{"href":"https:\/\/foreverfutbol.com.ec\/radio\/wp-json\/wp\/v2\/posts\/7027","targetHints":{"allow":["GET"]}}],"collection":[{"href":"https:\/\/foreverfutbol.com.ec\/radio\/wp-json\/wp\/v2\/posts"}],"about":[{"href":"https:\/\/foreverfutbol.com.ec\/radio\/wp-json\/wp\/v2\/types\/post"}],"author":[{"embeddable":true,"href":"https:\/\/foreverfutbol.com.ec\/radio\/wp-json\/wp\/v2\/users\/1"}],"replies":[{"embeddable":true,"href":"https:\/\/foreverfutbol.com.ec\/radio\/wp-json\/wp\/v2\/comments?post=7027"}],"version-history":[{"count":1,"href":"https:\/\/foreverfutbol.com.ec\/radio\/wp-json\/wp\/v2\/posts\/7027\/revisions"}],"predecessor-version":[{"id":7030,"href":"https:\/\/foreverfutbol.com.ec\/radio\/wp-json\/wp\/v2\/posts\/7027\/revisions\/7030"}],"wp:featuredmedia":[{"embeddable":true,"href":"https:\/\/foreverfutbol.com.ec\/radio\/wp-json\/wp\/v2\/media\/7028"}],"wp:attachment":[{"href":"https:\/\/foreverfutbol.com.ec\/radio\/wp-json\/wp\/v2\/media?parent=7027"}],"wp:term":[{"taxonomy":"category","embeddable":true,"href":"https:\/\/foreverfutbol.com.ec\/radio\/wp-json\/wp\/v2\/categories?post=7027"},{"taxonomy":"post_tag","embeddable":true,"href":"https:\/\/foreverfutbol.com.ec\/radio\/wp-json\/wp\/v2\/tags?post=7027"}],"curies":[{"name":"wp","href":"https:\/\/api.w.org\/{rel}","templated":true}]}}