{"id":6475,"date":"2024-08-22T12:16:02","date_gmt":"2024-08-22T17:16:02","guid":{"rendered":"https:\/\/foreverfutbol.com.ec\/radio\/?p=6475"},"modified":"2024-08-22T12:16:03","modified_gmt":"2024-08-22T17:16:03","slug":"fallece-el-destacado-empresario-johnny-czarninski-dueno-de-mi-comisariato-del-grupo-el-rosado","status":"publish","type":"post","link":"https:\/\/foreverfutbol.com.ec\/radio\/sucesos\/fallece-el-destacado-empresario-johnny-czarninski-dueno-de-mi-comisariato-del-grupo-el-rosado\/","title":{"rendered":"Fallece el destacado empresario Johnny Czarninski, due\u00f1o de \u00abMi Comisariato\u00bb, del Grupo El Rosado"},"content":{"rendered":"\n<p class=\"wp-block-paragraph\">Falleci\u00f3 el reconocido empresario Johnny Czarninski Baier, propietario de la cadena de supermercados \u00abMi Comisariato\u00bb, del Grupo El Rosado, a los 76 a\u00f1os de edad. Su lamentable partida se registr\u00f3 este jueves 22 de agosto de 2024.<\/p>\n\n\n\n<p class=\"wp-block-paragraph\">Czarninski, nacido en 1947, se desempe\u00f1\u00f3 como c\u00f3nsul general de Israel en Guayaquil y dej\u00f3 un legado significativo en el \u00e1mbito comercial de Ecuador.<\/p>\n\n\n\n<p class=\"wp-block-paragraph\">El primer \u00abMi Comisariato\u00bb fue fundado en 1937 por su padre, Alfredo Czarninski, un migrante jud\u00edo-alem\u00e1n que lleg\u00f3 a Ecuador buscando un futuro mejor.<\/p>\n\n\n\n<p class=\"wp-block-paragraph\">Bajo la direcci\u00f3n de Johnny Czarninski, el negocio familiar se expandi\u00f3 y se consolid\u00f3 como uno de los nombres m\u00e1s importantes en el comercio ecuatoriano.<\/p>\n\n\n\n<p class=\"wp-block-paragraph\">El negocio se diversific\u00f3, incorporando una amplia gama de marcas que se han convertido en referentes en sus respectivos sectores. Entre ellas destacan Mi Comisariato, Hipermarket, Mi Jugueter\u00eda, Ferrisariato, Rio Store, Mini, Mi Panader\u00eda, Baby Center, Metr\u00f3polis, Riocentro, El Paseo Shopping, Supercines, Imax, Radio Disney, Carl&#8217;s Jr., Chili&#8217;s, Red Lobster, IHOP, Super Easy y Tuti. Cada una de estas marcas refleja el compromiso de Czarninski con la innovaci\u00f3n y el desarrollo del comercio en Ecuador.<\/p>\n\n\n\n<p class=\"wp-block-paragraph\">A pesar de su car\u00e1cter reservado, Czarninski sorprendi\u00f3 en 2018 al publicar un libro que relata la historia de su familia, los Czarninski de Prostken, un peque\u00f1o pueblo fronterizo entre Alemania y Polonia, y los Baier de Papenburg, una ciudad al noroeste de Alemania, en la frontera con Holanda.<\/p>\n\n\n\n<p class=\"wp-block-paragraph\">La muerte de Johnny Czarninski Baier marca el fin de una era para el Grupo El Rosado y deja un vac\u00edo significativo en el sector empresarial del pa\u00eds. Sus restos ser\u00e1n velados en el camposanto Parque de la Paz en La Aurora, Daule.<\/p>\n\n\n\n<p class=\"wp-block-paragraph\">#JohnnyCzarninskiBaier #MiComisariato #GrupoElRosado #Guayaquil #Ecuador <\/p>\n","protected":false},"excerpt":{"rendered":"<p>Falleci\u00f3 el reconocido empresario Johnny Czarninski Baier, propietario de la cadena de supermercados \u00abMi Comisariato\u00bb, del Grupo El Rosado, a los 76 a\u00f1os de edad. Su lamentable partida se registr\u00f3 este jueves 22 de agosto de 2024. Czarninski, nacido en 1947, se desempe\u00f1\u00f3 como c\u00f3nsul general de Israel en Guayaquil y dej\u00f3 un legado significativo [&hellip;]<\/p>\n","protected":false},"author":1,"featured_media":6476,"comment_status":"open","ping_status":"open","sticky":false,"template":"","format":"standard","meta":{"footnotes":""},"categories":[51],"tags":[],"class_list":["post-6475","post","type-post","status-publish","format-standard","has-post-thumbnail","hentry","category-sucesos"],"yoast_head":"<!-- This site is optimized with the Yoast SEO plugin v28.3 - https:\/\/yoast.com\/product\/yoast-seo-wordpress\/ -->\n<title>Fallece el empresario Johnny Czarninski, due\u00f1o de Mi Comisariato<\/title>\n<meta name=\"description\" content=\"Fallece el destacado empresario Johnny Czarninski, due\u00f1o de &quot;Mi Comisariato&quot;, del Grupo El Rosado, a los 76 a\u00f1os de edad.\" \/>\n<meta name=\"robots\" content=\"index, follow, max-snippet:-1, max-image-preview:large, max-video-preview:-1\" \/>\n<link rel=\"canonical\" href=\"https:\/\/foreverfutbol.com.ec\/radio\/sucesos\/fallece-el-destacado-empresario-johnny-czarninski-dueno-de-mi-comisariato-del-grupo-el-rosado\/\" \/>\n<meta property=\"og:locale\" content=\"es_ES\" \/>\n<meta property=\"og:type\" content=\"article\" \/>\n<meta property=\"og:title\" content=\"Fallece el empresario Johnny Czarninski, due\u00f1o de Mi Comisariato\" \/>\n<meta property=\"og:description\" content=\"Fallece el destacado empresario Johnny Czarninski, due\u00f1o de &quot;Mi Comisariato&quot;, del Grupo El Rosado, a los 76 a\u00f1os de edad.\" \/>\n<meta property=\"og:url\" content=\"https:\/\/foreverfutbol.com.ec\/radio\/sucesos\/fallece-el-destacado-empresario-johnny-czarninski-dueno-de-mi-comisariato-del-grupo-el-rosado\/\" \/>\n<meta property=\"og:site_name\" content=\"92.5 FOREVER Radio\" \/>\n<meta property=\"article:publisher\" content=\"https:\/\/www.facebook.com\/profile.php?id=100063550693491\" \/>\n<meta property=\"article:published_time\" content=\"2024-08-22T17:16:02+00:00\" \/>\n<meta property=\"article:modified_time\" content=\"2024-08-22T17:16:03+00:00\" \/>\n<meta property=\"og:image\" content=\"https:\/\/foreverfutbol.com.ec\/radio\/wp-content\/uploads\/2024\/08\/JohnnyCzarninskiBaier-MiComisariato-GrupoElRosado-Guayaquil-Ecuador-foreverinforma.png\" \/>\n\t<meta property=\"og:image:width\" content=\"1280\" \/>\n\t<meta property=\"og:image:height\" content=\"865\" \/>\n\t<meta property=\"og:image:type\" content=\"image\/png\" \/>\n<meta name=\"author\" content=\"Ricardo Rodriguez\" \/>\n<meta name=\"twitter:card\" content=\"summary_large_image\" \/>\n<meta name=\"twitter:creator\" content=\"@925forever\" \/>\n<meta name=\"twitter:site\" content=\"@925forever\" \/>\n<meta name=\"twitter:label1\" content=\"Escrito por\" \/>\n\t<meta name=\"twitter:data1\" content=\"Ricardo Rodriguez\" \/>\n\t<meta name=\"twitter:label2\" content=\"Tiempo de lectura\" \/>\n\t<meta name=\"twitter:data2\" content=\"2 minutos\" \/>\n<script type=\"application\/ld+json\" class=\"yoast-schema-graph\">{\"@context\":\"https:\\\/\\\/schema.org\",\"@graph\":[{\"@type\":\"Article\",\"@id\":\"https:\\\/\\\/foreverfutbol.com.ec\\\/radio\\\/sucesos\\\/fallece-el-destacado-empresario-johnny-czarninski-dueno-de-mi-comisariato-del-grupo-el-rosado\\\/#article\",\"isPartOf\":{\"@id\":\"https:\\\/\\\/foreverfutbol.com.ec\\\/radio\\\/sucesos\\\/fallece-el-destacado-empresario-johnny-czarninski-dueno-de-mi-comisariato-del-grupo-el-rosado\\\/\"},\"author\":{\"name\":\"Ricardo Rodriguez\",\"@id\":\"https:\\\/\\\/foreverfutbol.com.ec\\\/radio\\\/#\\\/schema\\\/person\\\/2f679dd16f889ac00df6e7b648062a01\"},\"headline\":\"Fallece el destacado empresario Johnny Czarninski, due\u00f1o de \u00abMi Comisariato\u00bb, del Grupo El Rosado\",\"datePublished\":\"2024-08-22T17:16:02+00:00\",\"dateModified\":\"2024-08-22T17:16:03+00:00\",\"mainEntityOfPage\":{\"@id\":\"https:\\\/\\\/foreverfutbol.com.ec\\\/radio\\\/sucesos\\\/fallece-el-destacado-empresario-johnny-czarninski-dueno-de-mi-comisariato-del-grupo-el-rosado\\\/\"},\"wordCount\":308,\"commentCount\":0,\"publisher\":{\"@id\":\"https:\\\/\\\/foreverfutbol.com.ec\\\/radio\\\/#organization\"},\"image\":{\"@id\":\"https:\\\/\\\/foreverfutbol.com.ec\\\/radio\\\/sucesos\\\/fallece-el-destacado-empresario-johnny-czarninski-dueno-de-mi-comisariato-del-grupo-el-rosado\\\/#primaryimage\"},\"thumbnailUrl\":\"https:\\\/\\\/foreverfutbol.com.ec\\\/radio\\\/wp-content\\\/uploads\\\/2024\\\/08\\\/JohnnyCzarninskiBaier-MiComisariato-GrupoElRosado-Guayaquil-Ecuador-foreverinforma.png\",\"articleSection\":[\"Sucesos\"],\"inLanguage\":\"es\",\"potentialAction\":[{\"@type\":\"CommentAction\",\"name\":\"Comment\",\"target\":[\"https:\\\/\\\/foreverfutbol.com.ec\\\/radio\\\/sucesos\\\/fallece-el-destacado-empresario-johnny-czarninski-dueno-de-mi-comisariato-del-grupo-el-rosado\\\/#respond\"]}]},{\"@type\":\"WebPage\",\"@id\":\"https:\\\/\\\/foreverfutbol.com.ec\\\/radio\\\/sucesos\\\/fallece-el-destacado-empresario-johnny-czarninski-dueno-de-mi-comisariato-del-grupo-el-rosado\\\/\",\"url\":\"https:\\\/\\\/foreverfutbol.com.ec\\\/radio\\\/sucesos\\\/fallece-el-destacado-empresario-johnny-czarninski-dueno-de-mi-comisariato-del-grupo-el-rosado\\\/\",\"name\":\"Fallece el empresario Johnny Czarninski, due\u00f1o de Mi Comisariato\",\"isPartOf\":{\"@id\":\"https:\\\/\\\/foreverfutbol.com.ec\\\/radio\\\/#website\"},\"primaryImageOfPage\":{\"@id\":\"https:\\\/\\\/foreverfutbol.com.ec\\\/radio\\\/sucesos\\\/fallece-el-destacado-empresario-johnny-czarninski-dueno-de-mi-comisariato-del-grupo-el-rosado\\\/#primaryimage\"},\"image\":{\"@id\":\"https:\\\/\\\/foreverfutbol.com.ec\\\/radio\\\/sucesos\\\/fallece-el-destacado-empresario-johnny-czarninski-dueno-de-mi-comisariato-del-grupo-el-rosado\\\/#primaryimage\"},\"thumbnailUrl\":\"https:\\\/\\\/foreverfutbol.com.ec\\\/radio\\\/wp-content\\\/uploads\\\/2024\\\/08\\\/JohnnyCzarninskiBaier-MiComisariato-GrupoElRosado-Guayaquil-Ecuador-foreverinforma.png\",\"datePublished\":\"2024-08-22T17:16:02+00:00\",\"dateModified\":\"2024-08-22T17:16:03+00:00\",\"description\":\"Fallece el destacado empresario Johnny Czarninski, due\u00f1o de \\\"Mi Comisariato\\\", del Grupo El Rosado, a los 76 a\u00f1os de edad.\",\"breadcrumb\":{\"@id\":\"https:\\\/\\\/foreverfutbol.com.ec\\\/radio\\\/sucesos\\\/fallece-el-destacado-empresario-johnny-czarninski-dueno-de-mi-comisariato-del-grupo-el-rosado\\\/#breadcrumb\"},\"inLanguage\":\"es\",\"potentialAction\":[{\"@type\":\"ReadAction\",\"target\":[\"https:\\\/\\\/foreverfutbol.com.ec\\\/radio\\\/sucesos\\\/fallece-el-destacado-empresario-johnny-czarninski-dueno-de-mi-comisariato-del-grupo-el-rosado\\\/\"]}]},{\"@type\":\"ImageObject\",\"inLanguage\":\"es\",\"@id\":\"https:\\\/\\\/foreverfutbol.com.ec\\\/radio\\\/sucesos\\\/fallece-el-destacado-empresario-johnny-czarninski-dueno-de-mi-comisariato-del-grupo-el-rosado\\\/#primaryimage\",\"url\":\"https:\\\/\\\/foreverfutbol.com.ec\\\/radio\\\/wp-content\\\/uploads\\\/2024\\\/08\\\/JohnnyCzarninskiBaier-MiComisariato-GrupoElRosado-Guayaquil-Ecuador-foreverinforma.png\",\"contentUrl\":\"https:\\\/\\\/foreverfutbol.com.ec\\\/radio\\\/wp-content\\\/uploads\\\/2024\\\/08\\\/JohnnyCzarninskiBaier-MiComisariato-GrupoElRosado-Guayaquil-Ecuador-foreverinforma.png\",\"width\":1280,\"height\":865},{\"@type\":\"BreadcrumbList\",\"@id\":\"https:\\\/\\\/foreverfutbol.com.ec\\\/radio\\\/sucesos\\\/fallece-el-destacado-empresario-johnny-czarninski-dueno-de-mi-comisariato-del-grupo-el-rosado\\\/#breadcrumb\",\"itemListElement\":[{\"@type\":\"ListItem\",\"position\":1,\"name\":\"Portada\",\"item\":\"https:\\\/\\\/foreverfutbol.com.ec\\\/radio\\\/\"},{\"@type\":\"ListItem\",\"position\":2,\"name\":\"Fallece el destacado empresario Johnny Czarninski, due\u00f1o de \u00abMi Comisariato\u00bb, del Grupo El Rosado\"}]},{\"@type\":\"WebSite\",\"@id\":\"https:\\\/\\\/foreverfutbol.com.ec\\\/radio\\\/#website\",\"url\":\"https:\\\/\\\/foreverfutbol.com.ec\\\/radio\\\/\",\"name\":\"92.5 FOREVER Radio\",\"description\":\"\",\"publisher\":{\"@id\":\"https:\\\/\\\/foreverfutbol.com.ec\\\/radio\\\/#organization\"},\"potentialAction\":[{\"@type\":\"SearchAction\",\"target\":{\"@type\":\"EntryPoint\",\"urlTemplate\":\"https:\\\/\\\/foreverfutbol.com.ec\\\/radio\\\/?s={search_term_string}\"},\"query-input\":{\"@type\":\"PropertyValueSpecification\",\"valueRequired\":true,\"valueName\":\"search_term_string\"}}],\"inLanguage\":\"es\"},{\"@type\":\"Organization\",\"@id\":\"https:\\\/\\\/foreverfutbol.com.ec\\\/radio\\\/#organization\",\"name\":\"92.5 FOREVER Radio\",\"url\":\"https:\\\/\\\/foreverfutbol.com.ec\\\/radio\\\/\",\"logo\":{\"@type\":\"ImageObject\",\"inLanguage\":\"es\",\"@id\":\"https:\\\/\\\/foreverfutbol.com.ec\\\/radio\\\/#\\\/schema\\\/logo\\\/image\\\/\",\"url\":\"https:\\\/\\\/foreverfutbol.com.ec\\\/radio\\\/wp-content\\\/uploads\\\/2024\\\/01\\\/cropped-logo-forever.png\",\"contentUrl\":\"https:\\\/\\\/foreverfutbol.com.ec\\\/radio\\\/wp-content\\\/uploads\\\/2024\\\/01\\\/cropped-logo-forever.png\",\"width\":180,\"height\":154,\"caption\":\"92.5 FOREVER Radio\"},\"image\":{\"@id\":\"https:\\\/\\\/foreverfutbol.com.ec\\\/radio\\\/#\\\/schema\\\/logo\\\/image\\\/\"},\"sameAs\":[\"https:\\\/\\\/www.facebook.com\\\/profile.php?id=100063550693491\",\"https:\\\/\\\/x.com\\\/925forever\",\"https:\\\/\\\/www.instagram.com\\\/radioforever925\\\/\"]},{\"@type\":\"Person\",\"@id\":\"https:\\\/\\\/foreverfutbol.com.ec\\\/radio\\\/#\\\/schema\\\/person\\\/2f679dd16f889ac00df6e7b648062a01\",\"name\":\"Ricardo Rodriguez\",\"image\":{\"@type\":\"ImageObject\",\"inLanguage\":\"es\",\"@id\":\"https:\\\/\\\/secure.gravatar.com\\\/avatar\\\/5d9dfb95700bd0c503ed088d29de94822b5cc66a74cb0362774e6fc534823d07?s=96&d=mm&r=g\",\"url\":\"https:\\\/\\\/secure.gravatar.com\\\/avatar\\\/5d9dfb95700bd0c503ed088d29de94822b5cc66a74cb0362774e6fc534823d07?s=96&d=mm&r=g\",\"contentUrl\":\"https:\\\/\\\/secure.gravatar.com\\\/avatar\\\/5d9dfb95700bd0c503ed088d29de94822b5cc66a74cb0362774e6fc534823d07?s=96&d=mm&r=g\",\"caption\":\"Ricardo Rodriguez\"},\"sameAs\":[\"https:\\\/\\\/foreverfutbol.com.ec\\\/radio\"],\"url\":\"https:\\\/\\\/foreverfutbol.com.ec\\\/radio\\\/author\\\/superdmin\\\/\"}]}<\/script>\n<!-- \/ Yoast SEO plugin. -->","yoast_head_json":{"title":"Fallece el empresario Johnny Czarninski, due\u00f1o de Mi Comisariato","description":"Fallece el destacado empresario Johnny Czarninski, due\u00f1o de \"Mi Comisariato\", del Grupo El Rosado, a los 76 a\u00f1os de edad.","robots":{"index":"index","follow":"follow","max-snippet":"max-snippet:-1","max-image-preview":"max-image-preview:large","max-video-preview":"max-video-preview:-1"},"canonical":"https:\/\/foreverfutbol.com.ec\/radio\/sucesos\/fallece-el-destacado-empresario-johnny-czarninski-dueno-de-mi-comisariato-del-grupo-el-rosado\/","og_locale":"es_ES","og_type":"article","og_title":"Fallece el empresario Johnny Czarninski, due\u00f1o de Mi Comisariato","og_description":"Fallece el destacado empresario Johnny Czarninski, due\u00f1o de \"Mi Comisariato\", del Grupo El Rosado, a los 76 a\u00f1os de edad.","og_url":"https:\/\/foreverfutbol.com.ec\/radio\/sucesos\/fallece-el-destacado-empresario-johnny-czarninski-dueno-de-mi-comisariato-del-grupo-el-rosado\/","og_site_name":"92.5 FOREVER Radio","article_publisher":"https:\/\/www.facebook.com\/profile.php?id=100063550693491","article_published_time":"2024-08-22T17:16:02+00:00","article_modified_time":"2024-08-22T17:16:03+00:00","og_image":[{"width":1280,"height":865,"url":"https:\/\/foreverfutbol.com.ec\/radio\/wp-content\/uploads\/2024\/08\/JohnnyCzarninskiBaier-MiComisariato-GrupoElRosado-Guayaquil-Ecuador-foreverinforma.png","type":"image\/png"}],"author":"Ricardo Rodriguez","twitter_card":"summary_large_image","twitter_creator":"@925forever","twitter_site":"@925forever","twitter_misc":{"Escrito por":"Ricardo Rodriguez","Tiempo de lectura":"2 minutos"},"schema":{"@context":"https:\/\/schema.org","@graph":[{"@type":"Article","@id":"https:\/\/foreverfutbol.com.ec\/radio\/sucesos\/fallece-el-destacado-empresario-johnny-czarninski-dueno-de-mi-comisariato-del-grupo-el-rosado\/#article","isPartOf":{"@id":"https:\/\/foreverfutbol.com.ec\/radio\/sucesos\/fallece-el-destacado-empresario-johnny-czarninski-dueno-de-mi-comisariato-del-grupo-el-rosado\/"},"author":{"name":"Ricardo Rodriguez","@id":"https:\/\/foreverfutbol.com.ec\/radio\/#\/schema\/person\/2f679dd16f889ac00df6e7b648062a01"},"headline":"Fallece el destacado empresario Johnny Czarninski, due\u00f1o de \u00abMi Comisariato\u00bb, del Grupo El Rosado","datePublished":"2024-08-22T17:16:02+00:00","dateModified":"2024-08-22T17:16:03+00:00","mainEntityOfPage":{"@id":"https:\/\/foreverfutbol.com.ec\/radio\/sucesos\/fallece-el-destacado-empresario-johnny-czarninski-dueno-de-mi-comisariato-del-grupo-el-rosado\/"},"wordCount":308,"commentCount":0,"publisher":{"@id":"https:\/\/foreverfutbol.com.ec\/radio\/#organization"},"image":{"@id":"https:\/\/foreverfutbol.com.ec\/radio\/sucesos\/fallece-el-destacado-empresario-johnny-czarninski-dueno-de-mi-comisariato-del-grupo-el-rosado\/#primaryimage"},"thumbnailUrl":"https:\/\/foreverfutbol.com.ec\/radio\/wp-content\/uploads\/2024\/08\/JohnnyCzarninskiBaier-MiComisariato-GrupoElRosado-Guayaquil-Ecuador-foreverinforma.png","articleSection":["Sucesos"],"inLanguage":"es","potentialAction":[{"@type":"CommentAction","name":"Comment","target":["https:\/\/foreverfutbol.com.ec\/radio\/sucesos\/fallece-el-destacado-empresario-johnny-czarninski-dueno-de-mi-comisariato-del-grupo-el-rosado\/#respond"]}]},{"@type":"WebPage","@id":"https:\/\/foreverfutbol.com.ec\/radio\/sucesos\/fallece-el-destacado-empresario-johnny-czarninski-dueno-de-mi-comisariato-del-grupo-el-rosado\/","url":"https:\/\/foreverfutbol.com.ec\/radio\/sucesos\/fallece-el-destacado-empresario-johnny-czarninski-dueno-de-mi-comisariato-del-grupo-el-rosado\/","name":"Fallece el empresario Johnny Czarninski, due\u00f1o de Mi Comisariato","isPartOf":{"@id":"https:\/\/foreverfutbol.com.ec\/radio\/#website"},"primaryImageOfPage":{"@id":"https:\/\/foreverfutbol.com.ec\/radio\/sucesos\/fallece-el-destacado-empresario-johnny-czarninski-dueno-de-mi-comisariato-del-grupo-el-rosado\/#primaryimage"},"image":{"@id":"https:\/\/foreverfutbol.com.ec\/radio\/sucesos\/fallece-el-destacado-empresario-johnny-czarninski-dueno-de-mi-comisariato-del-grupo-el-rosado\/#primaryimage"},"thumbnailUrl":"https:\/\/foreverfutbol.com.ec\/radio\/wp-content\/uploads\/2024\/08\/JohnnyCzarninskiBaier-MiComisariato-GrupoElRosado-Guayaquil-Ecuador-foreverinforma.png","datePublished":"2024-08-22T17:16:02+00:00","dateModified":"2024-08-22T17:16:03+00:00","description":"Fallece el destacado empresario Johnny Czarninski, due\u00f1o de \"Mi Comisariato\", del Grupo El Rosado, a los 76 a\u00f1os de edad.","breadcrumb":{"@id":"https:\/\/foreverfutbol.com.ec\/radio\/sucesos\/fallece-el-destacado-empresario-johnny-czarninski-dueno-de-mi-comisariato-del-grupo-el-rosado\/#breadcrumb"},"inLanguage":"es","potentialAction":[{"@type":"ReadAction","target":["https:\/\/foreverfutbol.com.ec\/radio\/sucesos\/fallece-el-destacado-empresario-johnny-czarninski-dueno-de-mi-comisariato-del-grupo-el-rosado\/"]}]},{"@type":"ImageObject","inLanguage":"es","@id":"https:\/\/foreverfutbol.com.ec\/radio\/sucesos\/fallece-el-destacado-empresario-johnny-czarninski-dueno-de-mi-comisariato-del-grupo-el-rosado\/#primaryimage","url":"https:\/\/foreverfutbol.com.ec\/radio\/wp-content\/uploads\/2024\/08\/JohnnyCzarninskiBaier-MiComisariato-GrupoElRosado-Guayaquil-Ecuador-foreverinforma.png","contentUrl":"https:\/\/foreverfutbol.com.ec\/radio\/wp-content\/uploads\/2024\/08\/JohnnyCzarninskiBaier-MiComisariato-GrupoElRosado-Guayaquil-Ecuador-foreverinforma.png","width":1280,"height":865},{"@type":"BreadcrumbList","@id":"https:\/\/foreverfutbol.com.ec\/radio\/sucesos\/fallece-el-destacado-empresario-johnny-czarninski-dueno-de-mi-comisariato-del-grupo-el-rosado\/#breadcrumb","itemListElement":[{"@type":"ListItem","position":1,"name":"Portada","item":"https:\/\/foreverfutbol.com.ec\/radio\/"},{"@type":"ListItem","position":2,"name":"Fallece el destacado empresario Johnny Czarninski, due\u00f1o de \u00abMi Comisariato\u00bb, del Grupo El Rosado"}]},{"@type":"WebSite","@id":"https:\/\/foreverfutbol.com.ec\/radio\/#website","url":"https:\/\/foreverfutbol.com.ec\/radio\/","name":"92.5 FOREVER Radio","description":"","publisher":{"@id":"https:\/\/foreverfutbol.com.ec\/radio\/#organization"},"potentialAction":[{"@type":"SearchAction","target":{"@type":"EntryPoint","urlTemplate":"https:\/\/foreverfutbol.com.ec\/radio\/?s={search_term_string}"},"query-input":{"@type":"PropertyValueSpecification","valueRequired":true,"valueName":"search_term_string"}}],"inLanguage":"es"},{"@type":"Organization","@id":"https:\/\/foreverfutbol.com.ec\/radio\/#organization","name":"92.5 FOREVER Radio","url":"https:\/\/foreverfutbol.com.ec\/radio\/","logo":{"@type":"ImageObject","inLanguage":"es","@id":"https:\/\/foreverfutbol.com.ec\/radio\/#\/schema\/logo\/image\/","url":"https:\/\/foreverfutbol.com.ec\/radio\/wp-content\/uploads\/2024\/01\/cropped-logo-forever.png","contentUrl":"https:\/\/foreverfutbol.com.ec\/radio\/wp-content\/uploads\/2024\/01\/cropped-logo-forever.png","width":180,"height":154,"caption":"92.5 FOREVER Radio"},"image":{"@id":"https:\/\/foreverfutbol.com.ec\/radio\/#\/schema\/logo\/image\/"},"sameAs":["https:\/\/www.facebook.com\/profile.php?id=100063550693491","https:\/\/x.com\/925forever","https:\/\/www.instagram.com\/radioforever925\/"]},{"@type":"Person","@id":"https:\/\/foreverfutbol.com.ec\/radio\/#\/schema\/person\/2f679dd16f889ac00df6e7b648062a01","name":"Ricardo Rodriguez","image":{"@type":"ImageObject","inLanguage":"es","@id":"https:\/\/secure.gravatar.com\/avatar\/5d9dfb95700bd0c503ed088d29de94822b5cc66a74cb0362774e6fc534823d07?s=96&d=mm&r=g","url":"https:\/\/secure.gravatar.com\/avatar\/5d9dfb95700bd0c503ed088d29de94822b5cc66a74cb0362774e6fc534823d07?s=96&d=mm&r=g","contentUrl":"https:\/\/secure.gravatar.com\/avatar\/5d9dfb95700bd0c503ed088d29de94822b5cc66a74cb0362774e6fc534823d07?s=96&d=mm&r=g","caption":"Ricardo Rodriguez"},"sameAs":["https:\/\/foreverfutbol.com.ec\/radio"],"url":"https:\/\/foreverfutbol.com.ec\/radio\/author\/superdmin\/"}]}},"_links":{"self":[{"href":"https:\/\/foreverfutbol.com.ec\/radio\/wp-json\/wp\/v2\/posts\/6475","targetHints":{"allow":["GET"]}}],"collection":[{"href":"https:\/\/foreverfutbol.com.ec\/radio\/wp-json\/wp\/v2\/posts"}],"about":[{"href":"https:\/\/foreverfutbol.com.ec\/radio\/wp-json\/wp\/v2\/types\/post"}],"author":[{"embeddable":true,"href":"https:\/\/foreverfutbol.com.ec\/radio\/wp-json\/wp\/v2\/users\/1"}],"replies":[{"embeddable":true,"href":"https:\/\/foreverfutbol.com.ec\/radio\/wp-json\/wp\/v2\/comments?post=6475"}],"version-history":[{"count":1,"href":"https:\/\/foreverfutbol.com.ec\/radio\/wp-json\/wp\/v2\/posts\/6475\/revisions"}],"predecessor-version":[{"id":6477,"href":"https:\/\/foreverfutbol.com.ec\/radio\/wp-json\/wp\/v2\/posts\/6475\/revisions\/6477"}],"wp:featuredmedia":[{"embeddable":true,"href":"https:\/\/foreverfutbol.com.ec\/radio\/wp-json\/wp\/v2\/media\/6476"}],"wp:attachment":[{"href":"https:\/\/foreverfutbol.com.ec\/radio\/wp-json\/wp\/v2\/media?parent=6475"}],"wp:term":[{"taxonomy":"category","embeddable":true,"href":"https:\/\/foreverfutbol.com.ec\/radio\/wp-json\/wp\/v2\/categories?post=6475"},{"taxonomy":"post_tag","embeddable":true,"href":"https:\/\/foreverfutbol.com.ec\/radio\/wp-json\/wp\/v2\/tags?post=6475"}],"curies":[{"name":"wp","href":"https:\/\/api.w.org\/{rel}","templated":true}]}}