{"id":6378,"date":"2024-08-14T15:01:20","date_gmt":"2024-08-14T20:01:20","guid":{"rendered":"https:\/\/foreverfutbol.com.ec\/radio\/?p=6378"},"modified":"2024-08-14T15:01:20","modified_gmt":"2024-08-14T20:01:20","slug":"abogado-del-narco-leandro-norero-tramito-en-la-justicia-para-que-correa-regrese-a-ecuador-y-sea-candidato","status":"publish","type":"post","link":"https:\/\/foreverfutbol.com.ec\/radio\/politica\/abogado-del-narco-leandro-norero-tramito-en-la-justicia-para-que-correa-regrese-a-ecuador-y-sea-candidato\/","title":{"rendered":"Abogado del narco Leandro Norero tramit\u00f3 en la justicia para que Correa regrese a Ecuador y sea candidato"},"content":{"rendered":"\n<p class=\"wp-block-paragraph\">Joffre Rivera, quien fue juez de Chone y ahora est\u00e1 preso por delincuencia organizada en el caso Plaga, rindi\u00f3 este mi\u00e9rcoles 14 de agosto su testimonio anticipado en la Corte Nacional de Justicia.<\/p>\n\n\n\n<p class=\"wp-block-paragraph\">Ante el juez dijo haber formado parte de la red que vend\u00eda y compraba sentencias constitucionales y reconoci\u00f3 que recibi\u00f3 dinero.<\/p>\n\n\n\n<p class=\"wp-block-paragraph\">El 31 de mayo de 2023, se reuni\u00f3 con Christian Romero, quien fue abogado de Jorge Glas, del narcotraficante Leandro Norero y ahora est\u00e1 pr\u00f3fugo.<\/p>\n\n\n\n<p class=\"wp-block-paragraph\">\u00abNos sentamos a conversar. Christian Romero verific\u00f3 que no haya c\u00e1maras en ning\u00fan lado, me dijo que colabore con unas medidas cautelares muy importantes, que el abogado Wilman Ter\u00e1n ya ten\u00eda conocimiento. Me dijo que era muy delicado porque se trataba de Rafael Correa, expresidente de Ecuador. Yo me sorprend\u00ed, me dijo que no me asustara, que era para restituirle los derechos al se\u00f1or Rafael Correa para que regresara al pa\u00eds, para ser candidato en las elecciones presidenciales de ese a\u00f1o\u00bb.<\/p>\n\n\n\n<p class=\"wp-block-paragraph\">\u201cMe dijo que tanto el escrito de presentaci\u00f3n como la sentencia para restituir los derechos pol\u00edticos del se\u00f1or Rafael Correa lo iba a realizar el doctor Patricio Pazmi\u00f1o, que creo fue juez de la Corte Constitucional. Que ya estaba todo hecho y me iban a entregar en un flash memory y que no tuviera cuidado, que el se\u00f1or Patricio Pazmi\u00f1o era una persona experta en el tema constitucional, ya que creo hab\u00eda trabajado tambi\u00e9n en la Corte Interamericana de Derechos Humanos\u201d.<\/p>\n\n\n\n<p class=\"wp-block-paragraph\"><strong>Le ofrec\u00edan ser vocal de la Judicatura<br><\/strong>Seg\u00fan Rivera, Romero le asegur\u00f3 que todo estaba arreglado, e incluso iban a trasladar sus equipos inform\u00e1ticos a una finca por si la Fiscal\u00eda hac\u00eda allanamientos. Pero no le consta que Correa sab\u00eda de los ofrecimientos del abogado.<\/p>\n\n\n\n<p class=\"wp-block-paragraph\">\u00abChristian Romero me dijo que no me iba a arrepentir porque entre las ofertas por otorgar estas medidas cautelares iba a ser obtener un cargo de vocal del Consejo de la Judicatura o juez de la Corte Nacional, que ellos ten\u00edan todo coordinado. Yo le manifest\u00e9 que me interesar\u00eda ser juez nacional, pero me dijo que para \u00e9l era m\u00e1s interesante el cargo de vocal porque se cobraba 40 mil d\u00f3lares para archivar cada sumario\u00bb.<\/p>\n\n\n\n<p class=\"wp-block-paragraph\">\u00bfPor qu\u00e9 no emiti\u00f3 su fallo?<br>El juez de Chone, a \u00faltimo momento, desisti\u00f3 del fallo porque se filtr\u00f3 el plan.<\/p>\n\n\n\n<p class=\"wp-block-paragraph\">\u201cPas\u00f3 un hecho medi\u00e1tico, empez\u00f3 a llegar a mi tel\u00e9fono celular memes de Twitter donde el se\u00f1or periodista Carlos Vera public\u00f3 que ya se conoc\u00eda que yo iba a conceder las medidas a favor de Rafael Correa. Ya todo el mundo empez\u00f3 a llamarme y decid\u00ed que no, le dije al juez Mendoza que dej\u00e1ramos ah\u00ed, que ya se hab\u00eda hecho bomba\u201d.<\/p>\n\n\n\n<p class=\"wp-block-paragraph\">Joffre Rivera dijo que el juez Marcos Iv\u00e1n Mendoza lo contact\u00f3 con Christian Romero y que una vez que se cay\u00f3 el plan, ambos le informaron que buscar\u00e1n otro juez en otra localidad.<\/p>\n\n\n\n<p class=\"wp-block-paragraph\">RafaelCorrea #casoPlaga #RafaelCorrea #DianaSalazar #casoMet\u00e1stasis<\/p>\n","protected":false},"excerpt":{"rendered":"<p>Joffre Rivera, quien fue juez de Chone y ahora est\u00e1 preso por delincuencia organizada en el caso Plaga, rindi\u00f3 este mi\u00e9rcoles 14 de agosto su testimonio anticipado en la Corte Nacional de Justicia. Ante el juez dijo haber formado parte de la red que vend\u00eda y compraba sentencias constitucionales y reconoci\u00f3 que recibi\u00f3 dinero. El [&hellip;]<\/p>\n","protected":false},"author":1,"featured_media":6379,"comment_status":"open","ping_status":"open","sticky":false,"template":"","format":"standard","meta":{"footnotes":""},"categories":[52],"tags":[],"class_list":["post-6378","post","type-post","status-publish","format-standard","has-post-thumbnail","hentry","category-politica"],"yoast_head":"<!-- This site is optimized with the Yoast SEO plugin v28.3 - https:\/\/yoast.com\/product\/yoast-seo-wordpress\/ -->\n<title>Abogado del narco Leandro Norero buscaba regreso de Correa a Ecuador<\/title>\n<meta name=\"description\" content=\"Joffre Rivera, quien fue juez de Chone y ahora est\u00e1 preso por delincuencia organizada en el caso Plaga. Dijo haber formado parte de la red que vend\u00eda y compraba sentencias\" \/>\n<meta name=\"robots\" content=\"index, follow, max-snippet:-1, max-image-preview:large, max-video-preview:-1\" \/>\n<link rel=\"canonical\" href=\"https:\/\/foreverfutbol.com.ec\/radio\/politica\/abogado-del-narco-leandro-norero-tramito-en-la-justicia-para-que-correa-regrese-a-ecuador-y-sea-candidato\/\" \/>\n<meta property=\"og:locale\" content=\"es_ES\" \/>\n<meta property=\"og:type\" content=\"article\" \/>\n<meta property=\"og:title\" content=\"Abogado del narco Leandro Norero buscaba regreso de Correa a Ecuador\" \/>\n<meta property=\"og:description\" content=\"Joffre Rivera, quien fue juez de Chone y ahora est\u00e1 preso por delincuencia organizada en el caso Plaga. Dijo haber formado parte de la red que vend\u00eda y compraba sentencias\" \/>\n<meta property=\"og:url\" content=\"https:\/\/foreverfutbol.com.ec\/radio\/politica\/abogado-del-narco-leandro-norero-tramito-en-la-justicia-para-que-correa-regrese-a-ecuador-y-sea-candidato\/\" \/>\n<meta property=\"og:site_name\" content=\"92.5 FOREVER Radio\" \/>\n<meta property=\"article:publisher\" content=\"https:\/\/www.facebook.com\/profile.php?id=100063550693491\" \/>\n<meta property=\"article:published_time\" content=\"2024-08-14T20:01:20+00:00\" \/>\n<meta property=\"og:image\" content=\"https:\/\/foreverfutbol.com.ec\/radio\/wp-content\/uploads\/2024\/08\/RafaelCorrea-casoPlaga-RafaelCorrea-DianaSalazar-casoMetastasis-foreverinforma.png\" \/>\n\t<meta property=\"og:image:width\" content=\"1280\" \/>\n\t<meta property=\"og:image:height\" content=\"865\" \/>\n\t<meta property=\"og:image:type\" content=\"image\/png\" \/>\n<meta name=\"author\" content=\"Ricardo Rodriguez\" \/>\n<meta name=\"twitter:card\" content=\"summary_large_image\" \/>\n<meta name=\"twitter:creator\" content=\"@925forever\" \/>\n<meta name=\"twitter:site\" content=\"@925forever\" \/>\n<meta name=\"twitter:label1\" content=\"Escrito por\" \/>\n\t<meta name=\"twitter:data1\" content=\"Ricardo Rodriguez\" \/>\n\t<meta name=\"twitter:label2\" content=\"Tiempo de lectura\" \/>\n\t<meta name=\"twitter:data2\" content=\"3 minutos\" \/>\n<script type=\"application\/ld+json\" class=\"yoast-schema-graph\">{\"@context\":\"https:\\\/\\\/schema.org\",\"@graph\":[{\"@type\":\"Article\",\"@id\":\"https:\\\/\\\/foreverfutbol.com.ec\\\/radio\\\/politica\\\/abogado-del-narco-leandro-norero-tramito-en-la-justicia-para-que-correa-regrese-a-ecuador-y-sea-candidato\\\/#article\",\"isPartOf\":{\"@id\":\"https:\\\/\\\/foreverfutbol.com.ec\\\/radio\\\/politica\\\/abogado-del-narco-leandro-norero-tramito-en-la-justicia-para-que-correa-regrese-a-ecuador-y-sea-candidato\\\/\"},\"author\":{\"name\":\"Ricardo Rodriguez\",\"@id\":\"https:\\\/\\\/foreverfutbol.com.ec\\\/radio\\\/#\\\/schema\\\/person\\\/2f679dd16f889ac00df6e7b648062a01\"},\"headline\":\"Abogado del narco Leandro Norero tramit\u00f3 en la justicia para que Correa regrese a Ecuador y sea candidato\",\"datePublished\":\"2024-08-14T20:01:20+00:00\",\"mainEntityOfPage\":{\"@id\":\"https:\\\/\\\/foreverfutbol.com.ec\\\/radio\\\/politica\\\/abogado-del-narco-leandro-norero-tramito-en-la-justicia-para-que-correa-regrese-a-ecuador-y-sea-candidato\\\/\"},\"wordCount\":533,\"commentCount\":0,\"publisher\":{\"@id\":\"https:\\\/\\\/foreverfutbol.com.ec\\\/radio\\\/#organization\"},\"image\":{\"@id\":\"https:\\\/\\\/foreverfutbol.com.ec\\\/radio\\\/politica\\\/abogado-del-narco-leandro-norero-tramito-en-la-justicia-para-que-correa-regrese-a-ecuador-y-sea-candidato\\\/#primaryimage\"},\"thumbnailUrl\":\"https:\\\/\\\/foreverfutbol.com.ec\\\/radio\\\/wp-content\\\/uploads\\\/2024\\\/08\\\/RafaelCorrea-casoPlaga-RafaelCorrea-DianaSalazar-casoMetastasis-foreverinforma.png\",\"articleSection\":[\"Pol\u00edtica\"],\"inLanguage\":\"es\",\"potentialAction\":[{\"@type\":\"CommentAction\",\"name\":\"Comment\",\"target\":[\"https:\\\/\\\/foreverfutbol.com.ec\\\/radio\\\/politica\\\/abogado-del-narco-leandro-norero-tramito-en-la-justicia-para-que-correa-regrese-a-ecuador-y-sea-candidato\\\/#respond\"]}]},{\"@type\":\"WebPage\",\"@id\":\"https:\\\/\\\/foreverfutbol.com.ec\\\/radio\\\/politica\\\/abogado-del-narco-leandro-norero-tramito-en-la-justicia-para-que-correa-regrese-a-ecuador-y-sea-candidato\\\/\",\"url\":\"https:\\\/\\\/foreverfutbol.com.ec\\\/radio\\\/politica\\\/abogado-del-narco-leandro-norero-tramito-en-la-justicia-para-que-correa-regrese-a-ecuador-y-sea-candidato\\\/\",\"name\":\"Abogado del narco Leandro Norero buscaba regreso de Correa a Ecuador\",\"isPartOf\":{\"@id\":\"https:\\\/\\\/foreverfutbol.com.ec\\\/radio\\\/#website\"},\"primaryImageOfPage\":{\"@id\":\"https:\\\/\\\/foreverfutbol.com.ec\\\/radio\\\/politica\\\/abogado-del-narco-leandro-norero-tramito-en-la-justicia-para-que-correa-regrese-a-ecuador-y-sea-candidato\\\/#primaryimage\"},\"image\":{\"@id\":\"https:\\\/\\\/foreverfutbol.com.ec\\\/radio\\\/politica\\\/abogado-del-narco-leandro-norero-tramito-en-la-justicia-para-que-correa-regrese-a-ecuador-y-sea-candidato\\\/#primaryimage\"},\"thumbnailUrl\":\"https:\\\/\\\/foreverfutbol.com.ec\\\/radio\\\/wp-content\\\/uploads\\\/2024\\\/08\\\/RafaelCorrea-casoPlaga-RafaelCorrea-DianaSalazar-casoMetastasis-foreverinforma.png\",\"datePublished\":\"2024-08-14T20:01:20+00:00\",\"description\":\"Joffre Rivera, quien fue juez de Chone y ahora est\u00e1 preso por delincuencia organizada en el caso Plaga. Dijo haber formado parte de la red que vend\u00eda y compraba sentencias\",\"breadcrumb\":{\"@id\":\"https:\\\/\\\/foreverfutbol.com.ec\\\/radio\\\/politica\\\/abogado-del-narco-leandro-norero-tramito-en-la-justicia-para-que-correa-regrese-a-ecuador-y-sea-candidato\\\/#breadcrumb\"},\"inLanguage\":\"es\",\"potentialAction\":[{\"@type\":\"ReadAction\",\"target\":[\"https:\\\/\\\/foreverfutbol.com.ec\\\/radio\\\/politica\\\/abogado-del-narco-leandro-norero-tramito-en-la-justicia-para-que-correa-regrese-a-ecuador-y-sea-candidato\\\/\"]}]},{\"@type\":\"ImageObject\",\"inLanguage\":\"es\",\"@id\":\"https:\\\/\\\/foreverfutbol.com.ec\\\/radio\\\/politica\\\/abogado-del-narco-leandro-norero-tramito-en-la-justicia-para-que-correa-regrese-a-ecuador-y-sea-candidato\\\/#primaryimage\",\"url\":\"https:\\\/\\\/foreverfutbol.com.ec\\\/radio\\\/wp-content\\\/uploads\\\/2024\\\/08\\\/RafaelCorrea-casoPlaga-RafaelCorrea-DianaSalazar-casoMetastasis-foreverinforma.png\",\"contentUrl\":\"https:\\\/\\\/foreverfutbol.com.ec\\\/radio\\\/wp-content\\\/uploads\\\/2024\\\/08\\\/RafaelCorrea-casoPlaga-RafaelCorrea-DianaSalazar-casoMetastasis-foreverinforma.png\",\"width\":1280,\"height\":865},{\"@type\":\"BreadcrumbList\",\"@id\":\"https:\\\/\\\/foreverfutbol.com.ec\\\/radio\\\/politica\\\/abogado-del-narco-leandro-norero-tramito-en-la-justicia-para-que-correa-regrese-a-ecuador-y-sea-candidato\\\/#breadcrumb\",\"itemListElement\":[{\"@type\":\"ListItem\",\"position\":1,\"name\":\"Portada\",\"item\":\"https:\\\/\\\/foreverfutbol.com.ec\\\/radio\\\/\"},{\"@type\":\"ListItem\",\"position\":2,\"name\":\"Abogado del narco Leandro Norero tramit\u00f3 en la justicia para que Correa regrese a Ecuador y sea candidato\"}]},{\"@type\":\"WebSite\",\"@id\":\"https:\\\/\\\/foreverfutbol.com.ec\\\/radio\\\/#website\",\"url\":\"https:\\\/\\\/foreverfutbol.com.ec\\\/radio\\\/\",\"name\":\"92.5 FOREVER Radio\",\"description\":\"\",\"publisher\":{\"@id\":\"https:\\\/\\\/foreverfutbol.com.ec\\\/radio\\\/#organization\"},\"potentialAction\":[{\"@type\":\"SearchAction\",\"target\":{\"@type\":\"EntryPoint\",\"urlTemplate\":\"https:\\\/\\\/foreverfutbol.com.ec\\\/radio\\\/?s={search_term_string}\"},\"query-input\":{\"@type\":\"PropertyValueSpecification\",\"valueRequired\":true,\"valueName\":\"search_term_string\"}}],\"inLanguage\":\"es\"},{\"@type\":\"Organization\",\"@id\":\"https:\\\/\\\/foreverfutbol.com.ec\\\/radio\\\/#organization\",\"name\":\"92.5 FOREVER Radio\",\"url\":\"https:\\\/\\\/foreverfutbol.com.ec\\\/radio\\\/\",\"logo\":{\"@type\":\"ImageObject\",\"inLanguage\":\"es\",\"@id\":\"https:\\\/\\\/foreverfutbol.com.ec\\\/radio\\\/#\\\/schema\\\/logo\\\/image\\\/\",\"url\":\"https:\\\/\\\/foreverfutbol.com.ec\\\/radio\\\/wp-content\\\/uploads\\\/2024\\\/01\\\/cropped-logo-forever.png\",\"contentUrl\":\"https:\\\/\\\/foreverfutbol.com.ec\\\/radio\\\/wp-content\\\/uploads\\\/2024\\\/01\\\/cropped-logo-forever.png\",\"width\":180,\"height\":154,\"caption\":\"92.5 FOREVER Radio\"},\"image\":{\"@id\":\"https:\\\/\\\/foreverfutbol.com.ec\\\/radio\\\/#\\\/schema\\\/logo\\\/image\\\/\"},\"sameAs\":[\"https:\\\/\\\/www.facebook.com\\\/profile.php?id=100063550693491\",\"https:\\\/\\\/x.com\\\/925forever\",\"https:\\\/\\\/www.instagram.com\\\/radioforever925\\\/\"]},{\"@type\":\"Person\",\"@id\":\"https:\\\/\\\/foreverfutbol.com.ec\\\/radio\\\/#\\\/schema\\\/person\\\/2f679dd16f889ac00df6e7b648062a01\",\"name\":\"Ricardo Rodriguez\",\"image\":{\"@type\":\"ImageObject\",\"inLanguage\":\"es\",\"@id\":\"https:\\\/\\\/secure.gravatar.com\\\/avatar\\\/5d9dfb95700bd0c503ed088d29de94822b5cc66a74cb0362774e6fc534823d07?s=96&d=mm&r=g\",\"url\":\"https:\\\/\\\/secure.gravatar.com\\\/avatar\\\/5d9dfb95700bd0c503ed088d29de94822b5cc66a74cb0362774e6fc534823d07?s=96&d=mm&r=g\",\"contentUrl\":\"https:\\\/\\\/secure.gravatar.com\\\/avatar\\\/5d9dfb95700bd0c503ed088d29de94822b5cc66a74cb0362774e6fc534823d07?s=96&d=mm&r=g\",\"caption\":\"Ricardo Rodriguez\"},\"sameAs\":[\"https:\\\/\\\/foreverfutbol.com.ec\\\/radio\"],\"url\":\"https:\\\/\\\/foreverfutbol.com.ec\\\/radio\\\/author\\\/superdmin\\\/\"}]}<\/script>\n<!-- \/ Yoast SEO plugin. -->","yoast_head_json":{"title":"Abogado del narco Leandro Norero buscaba regreso de Correa a Ecuador","description":"Joffre Rivera, quien fue juez de Chone y ahora est\u00e1 preso por delincuencia organizada en el caso Plaga. Dijo haber formado parte de la red que vend\u00eda y compraba sentencias","robots":{"index":"index","follow":"follow","max-snippet":"max-snippet:-1","max-image-preview":"max-image-preview:large","max-video-preview":"max-video-preview:-1"},"canonical":"https:\/\/foreverfutbol.com.ec\/radio\/politica\/abogado-del-narco-leandro-norero-tramito-en-la-justicia-para-que-correa-regrese-a-ecuador-y-sea-candidato\/","og_locale":"es_ES","og_type":"article","og_title":"Abogado del narco Leandro Norero buscaba regreso de Correa a Ecuador","og_description":"Joffre Rivera, quien fue juez de Chone y ahora est\u00e1 preso por delincuencia organizada en el caso Plaga. Dijo haber formado parte de la red que vend\u00eda y compraba sentencias","og_url":"https:\/\/foreverfutbol.com.ec\/radio\/politica\/abogado-del-narco-leandro-norero-tramito-en-la-justicia-para-que-correa-regrese-a-ecuador-y-sea-candidato\/","og_site_name":"92.5 FOREVER Radio","article_publisher":"https:\/\/www.facebook.com\/profile.php?id=100063550693491","article_published_time":"2024-08-14T20:01:20+00:00","og_image":[{"width":1280,"height":865,"url":"https:\/\/foreverfutbol.com.ec\/radio\/wp-content\/uploads\/2024\/08\/RafaelCorrea-casoPlaga-RafaelCorrea-DianaSalazar-casoMetastasis-foreverinforma.png","type":"image\/png"}],"author":"Ricardo Rodriguez","twitter_card":"summary_large_image","twitter_creator":"@925forever","twitter_site":"@925forever","twitter_misc":{"Escrito por":"Ricardo Rodriguez","Tiempo de lectura":"3 minutos"},"schema":{"@context":"https:\/\/schema.org","@graph":[{"@type":"Article","@id":"https:\/\/foreverfutbol.com.ec\/radio\/politica\/abogado-del-narco-leandro-norero-tramito-en-la-justicia-para-que-correa-regrese-a-ecuador-y-sea-candidato\/#article","isPartOf":{"@id":"https:\/\/foreverfutbol.com.ec\/radio\/politica\/abogado-del-narco-leandro-norero-tramito-en-la-justicia-para-que-correa-regrese-a-ecuador-y-sea-candidato\/"},"author":{"name":"Ricardo Rodriguez","@id":"https:\/\/foreverfutbol.com.ec\/radio\/#\/schema\/person\/2f679dd16f889ac00df6e7b648062a01"},"headline":"Abogado del narco Leandro Norero tramit\u00f3 en la justicia para que Correa regrese a Ecuador y sea candidato","datePublished":"2024-08-14T20:01:20+00:00","mainEntityOfPage":{"@id":"https:\/\/foreverfutbol.com.ec\/radio\/politica\/abogado-del-narco-leandro-norero-tramito-en-la-justicia-para-que-correa-regrese-a-ecuador-y-sea-candidato\/"},"wordCount":533,"commentCount":0,"publisher":{"@id":"https:\/\/foreverfutbol.com.ec\/radio\/#organization"},"image":{"@id":"https:\/\/foreverfutbol.com.ec\/radio\/politica\/abogado-del-narco-leandro-norero-tramito-en-la-justicia-para-que-correa-regrese-a-ecuador-y-sea-candidato\/#primaryimage"},"thumbnailUrl":"https:\/\/foreverfutbol.com.ec\/radio\/wp-content\/uploads\/2024\/08\/RafaelCorrea-casoPlaga-RafaelCorrea-DianaSalazar-casoMetastasis-foreverinforma.png","articleSection":["Pol\u00edtica"],"inLanguage":"es","potentialAction":[{"@type":"CommentAction","name":"Comment","target":["https:\/\/foreverfutbol.com.ec\/radio\/politica\/abogado-del-narco-leandro-norero-tramito-en-la-justicia-para-que-correa-regrese-a-ecuador-y-sea-candidato\/#respond"]}]},{"@type":"WebPage","@id":"https:\/\/foreverfutbol.com.ec\/radio\/politica\/abogado-del-narco-leandro-norero-tramito-en-la-justicia-para-que-correa-regrese-a-ecuador-y-sea-candidato\/","url":"https:\/\/foreverfutbol.com.ec\/radio\/politica\/abogado-del-narco-leandro-norero-tramito-en-la-justicia-para-que-correa-regrese-a-ecuador-y-sea-candidato\/","name":"Abogado del narco Leandro Norero buscaba regreso de Correa a Ecuador","isPartOf":{"@id":"https:\/\/foreverfutbol.com.ec\/radio\/#website"},"primaryImageOfPage":{"@id":"https:\/\/foreverfutbol.com.ec\/radio\/politica\/abogado-del-narco-leandro-norero-tramito-en-la-justicia-para-que-correa-regrese-a-ecuador-y-sea-candidato\/#primaryimage"},"image":{"@id":"https:\/\/foreverfutbol.com.ec\/radio\/politica\/abogado-del-narco-leandro-norero-tramito-en-la-justicia-para-que-correa-regrese-a-ecuador-y-sea-candidato\/#primaryimage"},"thumbnailUrl":"https:\/\/foreverfutbol.com.ec\/radio\/wp-content\/uploads\/2024\/08\/RafaelCorrea-casoPlaga-RafaelCorrea-DianaSalazar-casoMetastasis-foreverinforma.png","datePublished":"2024-08-14T20:01:20+00:00","description":"Joffre Rivera, quien fue juez de Chone y ahora est\u00e1 preso por delincuencia organizada en el caso Plaga. Dijo haber formado parte de la red que vend\u00eda y compraba sentencias","breadcrumb":{"@id":"https:\/\/foreverfutbol.com.ec\/radio\/politica\/abogado-del-narco-leandro-norero-tramito-en-la-justicia-para-que-correa-regrese-a-ecuador-y-sea-candidato\/#breadcrumb"},"inLanguage":"es","potentialAction":[{"@type":"ReadAction","target":["https:\/\/foreverfutbol.com.ec\/radio\/politica\/abogado-del-narco-leandro-norero-tramito-en-la-justicia-para-que-correa-regrese-a-ecuador-y-sea-candidato\/"]}]},{"@type":"ImageObject","inLanguage":"es","@id":"https:\/\/foreverfutbol.com.ec\/radio\/politica\/abogado-del-narco-leandro-norero-tramito-en-la-justicia-para-que-correa-regrese-a-ecuador-y-sea-candidato\/#primaryimage","url":"https:\/\/foreverfutbol.com.ec\/radio\/wp-content\/uploads\/2024\/08\/RafaelCorrea-casoPlaga-RafaelCorrea-DianaSalazar-casoMetastasis-foreverinforma.png","contentUrl":"https:\/\/foreverfutbol.com.ec\/radio\/wp-content\/uploads\/2024\/08\/RafaelCorrea-casoPlaga-RafaelCorrea-DianaSalazar-casoMetastasis-foreverinforma.png","width":1280,"height":865},{"@type":"BreadcrumbList","@id":"https:\/\/foreverfutbol.com.ec\/radio\/politica\/abogado-del-narco-leandro-norero-tramito-en-la-justicia-para-que-correa-regrese-a-ecuador-y-sea-candidato\/#breadcrumb","itemListElement":[{"@type":"ListItem","position":1,"name":"Portada","item":"https:\/\/foreverfutbol.com.ec\/radio\/"},{"@type":"ListItem","position":2,"name":"Abogado del narco Leandro Norero tramit\u00f3 en la justicia para que Correa regrese a Ecuador y sea candidato"}]},{"@type":"WebSite","@id":"https:\/\/foreverfutbol.com.ec\/radio\/#website","url":"https:\/\/foreverfutbol.com.ec\/radio\/","name":"92.5 FOREVER Radio","description":"","publisher":{"@id":"https:\/\/foreverfutbol.com.ec\/radio\/#organization"},"potentialAction":[{"@type":"SearchAction","target":{"@type":"EntryPoint","urlTemplate":"https:\/\/foreverfutbol.com.ec\/radio\/?s={search_term_string}"},"query-input":{"@type":"PropertyValueSpecification","valueRequired":true,"valueName":"search_term_string"}}],"inLanguage":"es"},{"@type":"Organization","@id":"https:\/\/foreverfutbol.com.ec\/radio\/#organization","name":"92.5 FOREVER Radio","url":"https:\/\/foreverfutbol.com.ec\/radio\/","logo":{"@type":"ImageObject","inLanguage":"es","@id":"https:\/\/foreverfutbol.com.ec\/radio\/#\/schema\/logo\/image\/","url":"https:\/\/foreverfutbol.com.ec\/radio\/wp-content\/uploads\/2024\/01\/cropped-logo-forever.png","contentUrl":"https:\/\/foreverfutbol.com.ec\/radio\/wp-content\/uploads\/2024\/01\/cropped-logo-forever.png","width":180,"height":154,"caption":"92.5 FOREVER Radio"},"image":{"@id":"https:\/\/foreverfutbol.com.ec\/radio\/#\/schema\/logo\/image\/"},"sameAs":["https:\/\/www.facebook.com\/profile.php?id=100063550693491","https:\/\/x.com\/925forever","https:\/\/www.instagram.com\/radioforever925\/"]},{"@type":"Person","@id":"https:\/\/foreverfutbol.com.ec\/radio\/#\/schema\/person\/2f679dd16f889ac00df6e7b648062a01","name":"Ricardo Rodriguez","image":{"@type":"ImageObject","inLanguage":"es","@id":"https:\/\/secure.gravatar.com\/avatar\/5d9dfb95700bd0c503ed088d29de94822b5cc66a74cb0362774e6fc534823d07?s=96&d=mm&r=g","url":"https:\/\/secure.gravatar.com\/avatar\/5d9dfb95700bd0c503ed088d29de94822b5cc66a74cb0362774e6fc534823d07?s=96&d=mm&r=g","contentUrl":"https:\/\/secure.gravatar.com\/avatar\/5d9dfb95700bd0c503ed088d29de94822b5cc66a74cb0362774e6fc534823d07?s=96&d=mm&r=g","caption":"Ricardo Rodriguez"},"sameAs":["https:\/\/foreverfutbol.com.ec\/radio"],"url":"https:\/\/foreverfutbol.com.ec\/radio\/author\/superdmin\/"}]}},"_links":{"self":[{"href":"https:\/\/foreverfutbol.com.ec\/radio\/wp-json\/wp\/v2\/posts\/6378","targetHints":{"allow":["GET"]}}],"collection":[{"href":"https:\/\/foreverfutbol.com.ec\/radio\/wp-json\/wp\/v2\/posts"}],"about":[{"href":"https:\/\/foreverfutbol.com.ec\/radio\/wp-json\/wp\/v2\/types\/post"}],"author":[{"embeddable":true,"href":"https:\/\/foreverfutbol.com.ec\/radio\/wp-json\/wp\/v2\/users\/1"}],"replies":[{"embeddable":true,"href":"https:\/\/foreverfutbol.com.ec\/radio\/wp-json\/wp\/v2\/comments?post=6378"}],"version-history":[{"count":1,"href":"https:\/\/foreverfutbol.com.ec\/radio\/wp-json\/wp\/v2\/posts\/6378\/revisions"}],"predecessor-version":[{"id":6380,"href":"https:\/\/foreverfutbol.com.ec\/radio\/wp-json\/wp\/v2\/posts\/6378\/revisions\/6380"}],"wp:featuredmedia":[{"embeddable":true,"href":"https:\/\/foreverfutbol.com.ec\/radio\/wp-json\/wp\/v2\/media\/6379"}],"wp:attachment":[{"href":"https:\/\/foreverfutbol.com.ec\/radio\/wp-json\/wp\/v2\/media?parent=6378"}],"wp:term":[{"taxonomy":"category","embeddable":true,"href":"https:\/\/foreverfutbol.com.ec\/radio\/wp-json\/wp\/v2\/categories?post=6378"},{"taxonomy":"post_tag","embeddable":true,"href":"https:\/\/foreverfutbol.com.ec\/radio\/wp-json\/wp\/v2\/tags?post=6378"}],"curies":[{"name":"wp","href":"https:\/\/api.w.org\/{rel}","templated":true}]}}