{"id":6260,"date":"2024-08-07T13:13:37","date_gmt":"2024-08-07T18:13:37","guid":{"rendered":"https:\/\/foreverfutbol.com.ec\/radio\/?p=6260"},"modified":"2024-08-07T13:13:38","modified_gmt":"2024-08-07T18:13:38","slug":"lucia-yepez-va-por-el-oro-en-la-categoria-53-kilogramos-de-la-lucha-libre-en-paris-2024","status":"publish","type":"post","link":"https:\/\/foreverfutbol.com.ec\/radio\/deportes\/lucia-yepez-va-por-el-oro-en-la-categoria-53-kilogramos-de-la-lucha-libre-en-paris-2024\/","title":{"rendered":"Luc\u00eda Y\u00e9pez va por el oro en la categor\u00eda 53 kilogramos de la lucha libre en Par\u00eds 2024"},"content":{"rendered":"\n<p class=\"wp-block-paragraph\">Luc\u00eda Y\u00e9pez va por el oro en la categor\u00eda 53 kilogramos de la lucha libre femenina de los Juegos Ol\u00edmpicos de Par\u00eds. La ecuatoriana venci\u00f3 a la alemana Annika Wendle este mi\u00e9rcoles 7 de agosto del 2024.<\/p>\n\n\n\n<p class=\"wp-block-paragraph\">La \u2018Tigra\u2019 empez\u00f3 dominando el combate . Los primeros duelos fueron determinantes para la tricolor que derrib\u00f3 a su rival por tres ocasiones. En el \u00faltimo enfrentamiento sujet\u00f3 con fuerza a Wendle, la sac\u00f3 de la lona y venci\u00f3 por 10-0 por superioridad t\u00e9cnica.<\/p>\n\n\n\n<p class=\"wp-block-paragraph\">Con 23 a\u00f1os, la luchadora accedi\u00f3 a un cupo en la semifinal de las Olimpiadas tras vencer con un puntaje perfecto a la rumana Andreea Beatrice Ana en cuartos y a la norcoreana Choe Hyo Gyong en octavos de final.<\/p>\n\n\n\n<p class=\"wp-block-paragraph\">Este jueves 8 de agosto del 2024, Luc\u00eda Y\u00e9pez disputar\u00e1 la final, pero ya tiene asegurada la medalla de plata. El combate por el oro ser\u00e1 ante la japonesa Akari Fujinami a partir de las 11:15 (hora Ecuador) en el Champ de Mars.<\/p>\n\n\n\n<p class=\"wp-block-paragraph\">Luc\u00eda Y\u00e9pez es una de las favoritas para subirse al podio en Par\u00eds 2024. Actualmente es la mejor rankeada a nivel mundial en esta categor\u00eda y tiene un ciclo ol\u00edmpico perfecto, donde destaca su oro en los Juegos Boliviarianos, Juegos Suramericanos y Juegos Panamericanos.<\/p>\n\n\n\n<p class=\"wp-block-paragraph\">Estos son los segundos juegos ol\u00edmpicos en los que participa. Durante su paso por Tokio 2021, la quevede\u00f1a lleg\u00f3 hasta cuartos de final y no pudo acceder a una presea pues tras disputar el repechaje por el bronce sali\u00f3 lesionada. Sin embargo, se llev\u00f3 un diploma ol\u00edmpico.<\/p>\n\n\n\n<p class=\"wp-block-paragraph\">#Luc\u00edaY\u00e9pez #JJOO #latigra #Ecuador #luchalibre <\/p>\n","protected":false},"excerpt":{"rendered":"<p>Luc\u00eda Y\u00e9pez va por el oro en la categor\u00eda 53 kilogramos de la lucha libre femenina de los Juegos Ol\u00edmpicos de Par\u00eds. La ecuatoriana venci\u00f3 a la alemana Annika Wendle este mi\u00e9rcoles 7 de agosto del 2024. La \u2018Tigra\u2019 empez\u00f3 dominando el combate . Los primeros duelos fueron determinantes para la tricolor que derrib\u00f3 a [&hellip;]<\/p>\n","protected":false},"author":1,"featured_media":6261,"comment_status":"open","ping_status":"open","sticky":false,"template":"","format":"standard","meta":{"footnotes":""},"categories":[62],"tags":[],"class_list":["post-6260","post","type-post","status-publish","format-standard","has-post-thumbnail","hentry","category-deportes"],"yoast_head":"<!-- This site is optimized with the Yoast SEO plugin v28.3 - https:\/\/yoast.com\/product\/yoast-seo-wordpress\/ -->\n<title>Luc\u00eda Y\u00e9pez va por el oro en lucha libre en Par\u00eds 2024<\/title>\n<meta name=\"description\" content=\"La ecuatoriana venci\u00f3 a la alemana Annika Wendle este mi\u00e9rcoles 7 de agosto del 2024 y asegura medalla para Ecuador en lucha libre.\" \/>\n<meta name=\"robots\" content=\"index, follow, max-snippet:-1, max-image-preview:large, max-video-preview:-1\" \/>\n<link rel=\"canonical\" href=\"https:\/\/foreverfutbol.com.ec\/radio\/deportes\/lucia-yepez-va-por-el-oro-en-la-categoria-53-kilogramos-de-la-lucha-libre-en-paris-2024\/\" \/>\n<meta property=\"og:locale\" content=\"es_ES\" \/>\n<meta property=\"og:type\" content=\"article\" \/>\n<meta property=\"og:title\" content=\"Luc\u00eda Y\u00e9pez va por el oro en lucha libre en Par\u00eds 2024\" \/>\n<meta property=\"og:description\" content=\"La ecuatoriana venci\u00f3 a la alemana Annika Wendle este mi\u00e9rcoles 7 de agosto del 2024 y asegura medalla para Ecuador en lucha libre.\" \/>\n<meta property=\"og:url\" content=\"https:\/\/foreverfutbol.com.ec\/radio\/deportes\/lucia-yepez-va-por-el-oro-en-la-categoria-53-kilogramos-de-la-lucha-libre-en-paris-2024\/\" \/>\n<meta property=\"og:site_name\" content=\"92.5 FOREVER Radio\" \/>\n<meta property=\"article:publisher\" content=\"https:\/\/www.facebook.com\/profile.php?id=100063550693491\" \/>\n<meta property=\"article:published_time\" content=\"2024-08-07T18:13:37+00:00\" \/>\n<meta property=\"article:modified_time\" content=\"2024-08-07T18:13:38+00:00\" \/>\n<meta property=\"og:image\" content=\"https:\/\/foreverfutbol.com.ec\/radio\/wp-content\/uploads\/2024\/08\/LuciaYepez-JJOO-latigra-Ecuador-luchalibre-ForeverInforma-.png\" \/>\n\t<meta property=\"og:image:width\" content=\"1280\" \/>\n\t<meta property=\"og:image:height\" content=\"865\" \/>\n\t<meta property=\"og:image:type\" content=\"image\/png\" \/>\n<meta name=\"author\" content=\"Ricardo Rodriguez\" \/>\n<meta name=\"twitter:card\" content=\"summary_large_image\" \/>\n<meta name=\"twitter:creator\" content=\"@925forever\" \/>\n<meta name=\"twitter:site\" content=\"@925forever\" \/>\n<meta name=\"twitter:label1\" content=\"Escrito por\" \/>\n\t<meta name=\"twitter:data1\" content=\"Ricardo Rodriguez\" \/>\n\t<meta name=\"twitter:label2\" content=\"Tiempo de lectura\" \/>\n\t<meta name=\"twitter:data2\" content=\"2 minutos\" \/>\n<script type=\"application\/ld+json\" class=\"yoast-schema-graph\">{\"@context\":\"https:\\\/\\\/schema.org\",\"@graph\":[{\"@type\":\"Article\",\"@id\":\"https:\\\/\\\/foreverfutbol.com.ec\\\/radio\\\/deportes\\\/lucia-yepez-va-por-el-oro-en-la-categoria-53-kilogramos-de-la-lucha-libre-en-paris-2024\\\/#article\",\"isPartOf\":{\"@id\":\"https:\\\/\\\/foreverfutbol.com.ec\\\/radio\\\/deportes\\\/lucia-yepez-va-por-el-oro-en-la-categoria-53-kilogramos-de-la-lucha-libre-en-paris-2024\\\/\"},\"author\":{\"name\":\"Ricardo Rodriguez\",\"@id\":\"https:\\\/\\\/foreverfutbol.com.ec\\\/radio\\\/#\\\/schema\\\/person\\\/2f679dd16f889ac00df6e7b648062a01\"},\"headline\":\"Luc\u00eda Y\u00e9pez va por el oro en la categor\u00eda 53 kilogramos de la lucha libre en Par\u00eds 2024\",\"datePublished\":\"2024-08-07T18:13:37+00:00\",\"dateModified\":\"2024-08-07T18:13:38+00:00\",\"mainEntityOfPage\":{\"@id\":\"https:\\\/\\\/foreverfutbol.com.ec\\\/radio\\\/deportes\\\/lucia-yepez-va-por-el-oro-en-la-categoria-53-kilogramos-de-la-lucha-libre-en-paris-2024\\\/\"},\"wordCount\":290,\"commentCount\":0,\"publisher\":{\"@id\":\"https:\\\/\\\/foreverfutbol.com.ec\\\/radio\\\/#organization\"},\"image\":{\"@id\":\"https:\\\/\\\/foreverfutbol.com.ec\\\/radio\\\/deportes\\\/lucia-yepez-va-por-el-oro-en-la-categoria-53-kilogramos-de-la-lucha-libre-en-paris-2024\\\/#primaryimage\"},\"thumbnailUrl\":\"https:\\\/\\\/foreverfutbol.com.ec\\\/radio\\\/wp-content\\\/uploads\\\/2024\\\/08\\\/LuciaYepez-JJOO-latigra-Ecuador-luchalibre-ForeverInforma-.png\",\"articleSection\":[\"Deportes\"],\"inLanguage\":\"es\",\"potentialAction\":[{\"@type\":\"CommentAction\",\"name\":\"Comment\",\"target\":[\"https:\\\/\\\/foreverfutbol.com.ec\\\/radio\\\/deportes\\\/lucia-yepez-va-por-el-oro-en-la-categoria-53-kilogramos-de-la-lucha-libre-en-paris-2024\\\/#respond\"]}]},{\"@type\":\"WebPage\",\"@id\":\"https:\\\/\\\/foreverfutbol.com.ec\\\/radio\\\/deportes\\\/lucia-yepez-va-por-el-oro-en-la-categoria-53-kilogramos-de-la-lucha-libre-en-paris-2024\\\/\",\"url\":\"https:\\\/\\\/foreverfutbol.com.ec\\\/radio\\\/deportes\\\/lucia-yepez-va-por-el-oro-en-la-categoria-53-kilogramos-de-la-lucha-libre-en-paris-2024\\\/\",\"name\":\"Luc\u00eda Y\u00e9pez va por el oro en lucha libre en Par\u00eds 2024\",\"isPartOf\":{\"@id\":\"https:\\\/\\\/foreverfutbol.com.ec\\\/radio\\\/#website\"},\"primaryImageOfPage\":{\"@id\":\"https:\\\/\\\/foreverfutbol.com.ec\\\/radio\\\/deportes\\\/lucia-yepez-va-por-el-oro-en-la-categoria-53-kilogramos-de-la-lucha-libre-en-paris-2024\\\/#primaryimage\"},\"image\":{\"@id\":\"https:\\\/\\\/foreverfutbol.com.ec\\\/radio\\\/deportes\\\/lucia-yepez-va-por-el-oro-en-la-categoria-53-kilogramos-de-la-lucha-libre-en-paris-2024\\\/#primaryimage\"},\"thumbnailUrl\":\"https:\\\/\\\/foreverfutbol.com.ec\\\/radio\\\/wp-content\\\/uploads\\\/2024\\\/08\\\/LuciaYepez-JJOO-latigra-Ecuador-luchalibre-ForeverInforma-.png\",\"datePublished\":\"2024-08-07T18:13:37+00:00\",\"dateModified\":\"2024-08-07T18:13:38+00:00\",\"description\":\"La ecuatoriana venci\u00f3 a la alemana Annika Wendle este mi\u00e9rcoles 7 de agosto del 2024 y asegura medalla para Ecuador en lucha libre.\",\"breadcrumb\":{\"@id\":\"https:\\\/\\\/foreverfutbol.com.ec\\\/radio\\\/deportes\\\/lucia-yepez-va-por-el-oro-en-la-categoria-53-kilogramos-de-la-lucha-libre-en-paris-2024\\\/#breadcrumb\"},\"inLanguage\":\"es\",\"potentialAction\":[{\"@type\":\"ReadAction\",\"target\":[\"https:\\\/\\\/foreverfutbol.com.ec\\\/radio\\\/deportes\\\/lucia-yepez-va-por-el-oro-en-la-categoria-53-kilogramos-de-la-lucha-libre-en-paris-2024\\\/\"]}]},{\"@type\":\"ImageObject\",\"inLanguage\":\"es\",\"@id\":\"https:\\\/\\\/foreverfutbol.com.ec\\\/radio\\\/deportes\\\/lucia-yepez-va-por-el-oro-en-la-categoria-53-kilogramos-de-la-lucha-libre-en-paris-2024\\\/#primaryimage\",\"url\":\"https:\\\/\\\/foreverfutbol.com.ec\\\/radio\\\/wp-content\\\/uploads\\\/2024\\\/08\\\/LuciaYepez-JJOO-latigra-Ecuador-luchalibre-ForeverInforma-.png\",\"contentUrl\":\"https:\\\/\\\/foreverfutbol.com.ec\\\/radio\\\/wp-content\\\/uploads\\\/2024\\\/08\\\/LuciaYepez-JJOO-latigra-Ecuador-luchalibre-ForeverInforma-.png\",\"width\":1280,\"height\":865},{\"@type\":\"BreadcrumbList\",\"@id\":\"https:\\\/\\\/foreverfutbol.com.ec\\\/radio\\\/deportes\\\/lucia-yepez-va-por-el-oro-en-la-categoria-53-kilogramos-de-la-lucha-libre-en-paris-2024\\\/#breadcrumb\",\"itemListElement\":[{\"@type\":\"ListItem\",\"position\":1,\"name\":\"Portada\",\"item\":\"https:\\\/\\\/foreverfutbol.com.ec\\\/radio\\\/\"},{\"@type\":\"ListItem\",\"position\":2,\"name\":\"Luc\u00eda Y\u00e9pez va por el oro en la categor\u00eda 53 kilogramos de la lucha libre en Par\u00eds 2024\"}]},{\"@type\":\"WebSite\",\"@id\":\"https:\\\/\\\/foreverfutbol.com.ec\\\/radio\\\/#website\",\"url\":\"https:\\\/\\\/foreverfutbol.com.ec\\\/radio\\\/\",\"name\":\"92.5 FOREVER Radio\",\"description\":\"\",\"publisher\":{\"@id\":\"https:\\\/\\\/foreverfutbol.com.ec\\\/radio\\\/#organization\"},\"potentialAction\":[{\"@type\":\"SearchAction\",\"target\":{\"@type\":\"EntryPoint\",\"urlTemplate\":\"https:\\\/\\\/foreverfutbol.com.ec\\\/radio\\\/?s={search_term_string}\"},\"query-input\":{\"@type\":\"PropertyValueSpecification\",\"valueRequired\":true,\"valueName\":\"search_term_string\"}}],\"inLanguage\":\"es\"},{\"@type\":\"Organization\",\"@id\":\"https:\\\/\\\/foreverfutbol.com.ec\\\/radio\\\/#organization\",\"name\":\"92.5 FOREVER Radio\",\"url\":\"https:\\\/\\\/foreverfutbol.com.ec\\\/radio\\\/\",\"logo\":{\"@type\":\"ImageObject\",\"inLanguage\":\"es\",\"@id\":\"https:\\\/\\\/foreverfutbol.com.ec\\\/radio\\\/#\\\/schema\\\/logo\\\/image\\\/\",\"url\":\"https:\\\/\\\/foreverfutbol.com.ec\\\/radio\\\/wp-content\\\/uploads\\\/2024\\\/01\\\/cropped-logo-forever.png\",\"contentUrl\":\"https:\\\/\\\/foreverfutbol.com.ec\\\/radio\\\/wp-content\\\/uploads\\\/2024\\\/01\\\/cropped-logo-forever.png\",\"width\":180,\"height\":154,\"caption\":\"92.5 FOREVER Radio\"},\"image\":{\"@id\":\"https:\\\/\\\/foreverfutbol.com.ec\\\/radio\\\/#\\\/schema\\\/logo\\\/image\\\/\"},\"sameAs\":[\"https:\\\/\\\/www.facebook.com\\\/profile.php?id=100063550693491\",\"https:\\\/\\\/x.com\\\/925forever\",\"https:\\\/\\\/www.instagram.com\\\/radioforever925\\\/\"]},{\"@type\":\"Person\",\"@id\":\"https:\\\/\\\/foreverfutbol.com.ec\\\/radio\\\/#\\\/schema\\\/person\\\/2f679dd16f889ac00df6e7b648062a01\",\"name\":\"Ricardo Rodriguez\",\"image\":{\"@type\":\"ImageObject\",\"inLanguage\":\"es\",\"@id\":\"https:\\\/\\\/secure.gravatar.com\\\/avatar\\\/5d9dfb95700bd0c503ed088d29de94822b5cc66a74cb0362774e6fc534823d07?s=96&d=mm&r=g\",\"url\":\"https:\\\/\\\/secure.gravatar.com\\\/avatar\\\/5d9dfb95700bd0c503ed088d29de94822b5cc66a74cb0362774e6fc534823d07?s=96&d=mm&r=g\",\"contentUrl\":\"https:\\\/\\\/secure.gravatar.com\\\/avatar\\\/5d9dfb95700bd0c503ed088d29de94822b5cc66a74cb0362774e6fc534823d07?s=96&d=mm&r=g\",\"caption\":\"Ricardo Rodriguez\"},\"sameAs\":[\"https:\\\/\\\/foreverfutbol.com.ec\\\/radio\"],\"url\":\"https:\\\/\\\/foreverfutbol.com.ec\\\/radio\\\/author\\\/superdmin\\\/\"}]}<\/script>\n<!-- \/ Yoast SEO plugin. -->","yoast_head_json":{"title":"Luc\u00eda Y\u00e9pez va por el oro en lucha libre en Par\u00eds 2024","description":"La ecuatoriana venci\u00f3 a la alemana Annika Wendle este mi\u00e9rcoles 7 de agosto del 2024 y asegura medalla para Ecuador en lucha libre.","robots":{"index":"index","follow":"follow","max-snippet":"max-snippet:-1","max-image-preview":"max-image-preview:large","max-video-preview":"max-video-preview:-1"},"canonical":"https:\/\/foreverfutbol.com.ec\/radio\/deportes\/lucia-yepez-va-por-el-oro-en-la-categoria-53-kilogramos-de-la-lucha-libre-en-paris-2024\/","og_locale":"es_ES","og_type":"article","og_title":"Luc\u00eda Y\u00e9pez va por el oro en lucha libre en Par\u00eds 2024","og_description":"La ecuatoriana venci\u00f3 a la alemana Annika Wendle este mi\u00e9rcoles 7 de agosto del 2024 y asegura medalla para Ecuador en lucha libre.","og_url":"https:\/\/foreverfutbol.com.ec\/radio\/deportes\/lucia-yepez-va-por-el-oro-en-la-categoria-53-kilogramos-de-la-lucha-libre-en-paris-2024\/","og_site_name":"92.5 FOREVER Radio","article_publisher":"https:\/\/www.facebook.com\/profile.php?id=100063550693491","article_published_time":"2024-08-07T18:13:37+00:00","article_modified_time":"2024-08-07T18:13:38+00:00","og_image":[{"width":1280,"height":865,"url":"https:\/\/foreverfutbol.com.ec\/radio\/wp-content\/uploads\/2024\/08\/LuciaYepez-JJOO-latigra-Ecuador-luchalibre-ForeverInforma-.png","type":"image\/png"}],"author":"Ricardo Rodriguez","twitter_card":"summary_large_image","twitter_creator":"@925forever","twitter_site":"@925forever","twitter_misc":{"Escrito por":"Ricardo Rodriguez","Tiempo de lectura":"2 minutos"},"schema":{"@context":"https:\/\/schema.org","@graph":[{"@type":"Article","@id":"https:\/\/foreverfutbol.com.ec\/radio\/deportes\/lucia-yepez-va-por-el-oro-en-la-categoria-53-kilogramos-de-la-lucha-libre-en-paris-2024\/#article","isPartOf":{"@id":"https:\/\/foreverfutbol.com.ec\/radio\/deportes\/lucia-yepez-va-por-el-oro-en-la-categoria-53-kilogramos-de-la-lucha-libre-en-paris-2024\/"},"author":{"name":"Ricardo Rodriguez","@id":"https:\/\/foreverfutbol.com.ec\/radio\/#\/schema\/person\/2f679dd16f889ac00df6e7b648062a01"},"headline":"Luc\u00eda Y\u00e9pez va por el oro en la categor\u00eda 53 kilogramos de la lucha libre en Par\u00eds 2024","datePublished":"2024-08-07T18:13:37+00:00","dateModified":"2024-08-07T18:13:38+00:00","mainEntityOfPage":{"@id":"https:\/\/foreverfutbol.com.ec\/radio\/deportes\/lucia-yepez-va-por-el-oro-en-la-categoria-53-kilogramos-de-la-lucha-libre-en-paris-2024\/"},"wordCount":290,"commentCount":0,"publisher":{"@id":"https:\/\/foreverfutbol.com.ec\/radio\/#organization"},"image":{"@id":"https:\/\/foreverfutbol.com.ec\/radio\/deportes\/lucia-yepez-va-por-el-oro-en-la-categoria-53-kilogramos-de-la-lucha-libre-en-paris-2024\/#primaryimage"},"thumbnailUrl":"https:\/\/foreverfutbol.com.ec\/radio\/wp-content\/uploads\/2024\/08\/LuciaYepez-JJOO-latigra-Ecuador-luchalibre-ForeverInforma-.png","articleSection":["Deportes"],"inLanguage":"es","potentialAction":[{"@type":"CommentAction","name":"Comment","target":["https:\/\/foreverfutbol.com.ec\/radio\/deportes\/lucia-yepez-va-por-el-oro-en-la-categoria-53-kilogramos-de-la-lucha-libre-en-paris-2024\/#respond"]}]},{"@type":"WebPage","@id":"https:\/\/foreverfutbol.com.ec\/radio\/deportes\/lucia-yepez-va-por-el-oro-en-la-categoria-53-kilogramos-de-la-lucha-libre-en-paris-2024\/","url":"https:\/\/foreverfutbol.com.ec\/radio\/deportes\/lucia-yepez-va-por-el-oro-en-la-categoria-53-kilogramos-de-la-lucha-libre-en-paris-2024\/","name":"Luc\u00eda Y\u00e9pez va por el oro en lucha libre en Par\u00eds 2024","isPartOf":{"@id":"https:\/\/foreverfutbol.com.ec\/radio\/#website"},"primaryImageOfPage":{"@id":"https:\/\/foreverfutbol.com.ec\/radio\/deportes\/lucia-yepez-va-por-el-oro-en-la-categoria-53-kilogramos-de-la-lucha-libre-en-paris-2024\/#primaryimage"},"image":{"@id":"https:\/\/foreverfutbol.com.ec\/radio\/deportes\/lucia-yepez-va-por-el-oro-en-la-categoria-53-kilogramos-de-la-lucha-libre-en-paris-2024\/#primaryimage"},"thumbnailUrl":"https:\/\/foreverfutbol.com.ec\/radio\/wp-content\/uploads\/2024\/08\/LuciaYepez-JJOO-latigra-Ecuador-luchalibre-ForeverInforma-.png","datePublished":"2024-08-07T18:13:37+00:00","dateModified":"2024-08-07T18:13:38+00:00","description":"La ecuatoriana venci\u00f3 a la alemana Annika Wendle este mi\u00e9rcoles 7 de agosto del 2024 y asegura medalla para Ecuador en lucha libre.","breadcrumb":{"@id":"https:\/\/foreverfutbol.com.ec\/radio\/deportes\/lucia-yepez-va-por-el-oro-en-la-categoria-53-kilogramos-de-la-lucha-libre-en-paris-2024\/#breadcrumb"},"inLanguage":"es","potentialAction":[{"@type":"ReadAction","target":["https:\/\/foreverfutbol.com.ec\/radio\/deportes\/lucia-yepez-va-por-el-oro-en-la-categoria-53-kilogramos-de-la-lucha-libre-en-paris-2024\/"]}]},{"@type":"ImageObject","inLanguage":"es","@id":"https:\/\/foreverfutbol.com.ec\/radio\/deportes\/lucia-yepez-va-por-el-oro-en-la-categoria-53-kilogramos-de-la-lucha-libre-en-paris-2024\/#primaryimage","url":"https:\/\/foreverfutbol.com.ec\/radio\/wp-content\/uploads\/2024\/08\/LuciaYepez-JJOO-latigra-Ecuador-luchalibre-ForeverInforma-.png","contentUrl":"https:\/\/foreverfutbol.com.ec\/radio\/wp-content\/uploads\/2024\/08\/LuciaYepez-JJOO-latigra-Ecuador-luchalibre-ForeverInforma-.png","width":1280,"height":865},{"@type":"BreadcrumbList","@id":"https:\/\/foreverfutbol.com.ec\/radio\/deportes\/lucia-yepez-va-por-el-oro-en-la-categoria-53-kilogramos-de-la-lucha-libre-en-paris-2024\/#breadcrumb","itemListElement":[{"@type":"ListItem","position":1,"name":"Portada","item":"https:\/\/foreverfutbol.com.ec\/radio\/"},{"@type":"ListItem","position":2,"name":"Luc\u00eda Y\u00e9pez va por el oro en la categor\u00eda 53 kilogramos de la lucha libre en Par\u00eds 2024"}]},{"@type":"WebSite","@id":"https:\/\/foreverfutbol.com.ec\/radio\/#website","url":"https:\/\/foreverfutbol.com.ec\/radio\/","name":"92.5 FOREVER Radio","description":"","publisher":{"@id":"https:\/\/foreverfutbol.com.ec\/radio\/#organization"},"potentialAction":[{"@type":"SearchAction","target":{"@type":"EntryPoint","urlTemplate":"https:\/\/foreverfutbol.com.ec\/radio\/?s={search_term_string}"},"query-input":{"@type":"PropertyValueSpecification","valueRequired":true,"valueName":"search_term_string"}}],"inLanguage":"es"},{"@type":"Organization","@id":"https:\/\/foreverfutbol.com.ec\/radio\/#organization","name":"92.5 FOREVER Radio","url":"https:\/\/foreverfutbol.com.ec\/radio\/","logo":{"@type":"ImageObject","inLanguage":"es","@id":"https:\/\/foreverfutbol.com.ec\/radio\/#\/schema\/logo\/image\/","url":"https:\/\/foreverfutbol.com.ec\/radio\/wp-content\/uploads\/2024\/01\/cropped-logo-forever.png","contentUrl":"https:\/\/foreverfutbol.com.ec\/radio\/wp-content\/uploads\/2024\/01\/cropped-logo-forever.png","width":180,"height":154,"caption":"92.5 FOREVER Radio"},"image":{"@id":"https:\/\/foreverfutbol.com.ec\/radio\/#\/schema\/logo\/image\/"},"sameAs":["https:\/\/www.facebook.com\/profile.php?id=100063550693491","https:\/\/x.com\/925forever","https:\/\/www.instagram.com\/radioforever925\/"]},{"@type":"Person","@id":"https:\/\/foreverfutbol.com.ec\/radio\/#\/schema\/person\/2f679dd16f889ac00df6e7b648062a01","name":"Ricardo Rodriguez","image":{"@type":"ImageObject","inLanguage":"es","@id":"https:\/\/secure.gravatar.com\/avatar\/5d9dfb95700bd0c503ed088d29de94822b5cc66a74cb0362774e6fc534823d07?s=96&d=mm&r=g","url":"https:\/\/secure.gravatar.com\/avatar\/5d9dfb95700bd0c503ed088d29de94822b5cc66a74cb0362774e6fc534823d07?s=96&d=mm&r=g","contentUrl":"https:\/\/secure.gravatar.com\/avatar\/5d9dfb95700bd0c503ed088d29de94822b5cc66a74cb0362774e6fc534823d07?s=96&d=mm&r=g","caption":"Ricardo Rodriguez"},"sameAs":["https:\/\/foreverfutbol.com.ec\/radio"],"url":"https:\/\/foreverfutbol.com.ec\/radio\/author\/superdmin\/"}]}},"_links":{"self":[{"href":"https:\/\/foreverfutbol.com.ec\/radio\/wp-json\/wp\/v2\/posts\/6260","targetHints":{"allow":["GET"]}}],"collection":[{"href":"https:\/\/foreverfutbol.com.ec\/radio\/wp-json\/wp\/v2\/posts"}],"about":[{"href":"https:\/\/foreverfutbol.com.ec\/radio\/wp-json\/wp\/v2\/types\/post"}],"author":[{"embeddable":true,"href":"https:\/\/foreverfutbol.com.ec\/radio\/wp-json\/wp\/v2\/users\/1"}],"replies":[{"embeddable":true,"href":"https:\/\/foreverfutbol.com.ec\/radio\/wp-json\/wp\/v2\/comments?post=6260"}],"version-history":[{"count":1,"href":"https:\/\/foreverfutbol.com.ec\/radio\/wp-json\/wp\/v2\/posts\/6260\/revisions"}],"predecessor-version":[{"id":6262,"href":"https:\/\/foreverfutbol.com.ec\/radio\/wp-json\/wp\/v2\/posts\/6260\/revisions\/6262"}],"wp:featuredmedia":[{"embeddable":true,"href":"https:\/\/foreverfutbol.com.ec\/radio\/wp-json\/wp\/v2\/media\/6261"}],"wp:attachment":[{"href":"https:\/\/foreverfutbol.com.ec\/radio\/wp-json\/wp\/v2\/media?parent=6260"}],"wp:term":[{"taxonomy":"category","embeddable":true,"href":"https:\/\/foreverfutbol.com.ec\/radio\/wp-json\/wp\/v2\/categories?post=6260"},{"taxonomy":"post_tag","embeddable":true,"href":"https:\/\/foreverfutbol.com.ec\/radio\/wp-json\/wp\/v2\/tags?post=6260"}],"curies":[{"name":"wp","href":"https:\/\/api.w.org\/{rel}","templated":true}]}}