{"id":6257,"date":"2024-08-07T12:54:01","date_gmt":"2024-08-07T17:54:01","guid":{"rendered":"https:\/\/foreverfutbol.com.ec\/radio\/?p=6257"},"modified":"2024-08-07T12:54:02","modified_gmt":"2024-08-07T17:54:02","slug":"glenda-morejon-y-daniel-pintado-ganan-medalla-de-plata-en-la-marcha-por-relevos-mixtos-en-paris-2024","status":"publish","type":"post","link":"https:\/\/foreverfutbol.com.ec\/radio\/deportes\/glenda-morejon-y-daniel-pintado-ganan-medalla-de-plata-en-la-marcha-por-relevos-mixtos-en-paris-2024\/","title":{"rendered":"Glenda Morej\u00f3n y Daniel Pintado ganan medalla de plata en la marcha por relevos mixtos en Par\u00eds 2024"},"content":{"rendered":"\n<p class=\"wp-block-paragraph\">La dupla de Glenda Morej\u00f3n y Daniel Pintado ganaron la medalla de plata en la prueba de marat\u00f3n marcha mixta por relevos en los Juegos Ol\u00edmpicos de Par\u00eds 2024, que se disput\u00f3 en la madrugada de este mi\u00e9rcoles 7 de agosto.<\/p>\n\n\n\n<p class=\"wp-block-paragraph\">Para Glenda Morej\u00f3n es la primera medalla de los Juegos Ol\u00edmpicos que consigue en su carrera, mientras que para Daniel Pintado es la segundo, luego de obtener la de oro en los 20 km marcha.<\/p>\n\n\n\n<p class=\"wp-block-paragraph\">Finalizada la competencia, los deportistas ecuatorianos fueron homenajeados en la base de la Torre Eiffel, donde se subieron al podio de los Juegos Ol\u00edmpicos. Sin embargo, al igual que sucedi\u00f3 cuando pintado gan\u00f3 la medalla de oro, solo les entregaron un reconocimiento y no las respectivas medallas, que se las dieron horas despu\u00e9s.<\/p>\n\n\n\n<p class=\"wp-block-paragraph\">Fueron 42 km en total. Relevos de 11 y 10 km en 4 oportunidades, ambas distancias para cada atleta.<\/p>\n\n\n\n<p class=\"wp-block-paragraph\">#GlendaMorej\u00f3n #DanielPintado #Ecuador #marcha #jjoo <\/p>\n","protected":false},"excerpt":{"rendered":"<p>La dupla de Glenda Morej\u00f3n y Daniel Pintado ganaron la medalla de plata en la prueba de marat\u00f3n marcha mixta por relevos en los Juegos Ol\u00edmpicos de Par\u00eds 2024, que se disput\u00f3 en la madrugada de este mi\u00e9rcoles 7 de agosto. Para Glenda Morej\u00f3n es la primera medalla de los Juegos Ol\u00edmpicos que consigue en [&hellip;]<\/p>\n","protected":false},"author":1,"featured_media":6258,"comment_status":"open","ping_status":"open","sticky":false,"template":"","format":"standard","meta":{"footnotes":""},"categories":[62],"tags":[],"class_list":["post-6257","post","type-post","status-publish","format-standard","has-post-thumbnail","hentry","category-deportes"],"yoast_head":"<!-- This site is optimized with the Yoast SEO plugin v28.3 - https:\/\/yoast.com\/product\/yoast-seo-wordpress\/ -->\n<title>Morej\u00f3n y Daniel ganan medalla de plata en la marcha por relevos<\/title>\n<meta name=\"description\" content=\"Glenda Morej\u00f3n y Daniel Pintado ganan la medalla de plata en la marcha mixta por relevos en los Juegos Ol\u00edmpicos de Par\u00eds 2024.\" \/>\n<meta name=\"robots\" content=\"index, follow, max-snippet:-1, max-image-preview:large, max-video-preview:-1\" \/>\n<link rel=\"canonical\" href=\"https:\/\/foreverfutbol.com.ec\/radio\/deportes\/glenda-morejon-y-daniel-pintado-ganan-medalla-de-plata-en-la-marcha-por-relevos-mixtos-en-paris-2024\/\" \/>\n<meta property=\"og:locale\" content=\"es_ES\" \/>\n<meta property=\"og:type\" content=\"article\" \/>\n<meta property=\"og:title\" content=\"Morej\u00f3n y Daniel ganan medalla de plata en la marcha por relevos\" \/>\n<meta property=\"og:description\" content=\"Glenda Morej\u00f3n y Daniel Pintado ganan la medalla de plata en la marcha mixta por relevos en los Juegos Ol\u00edmpicos de Par\u00eds 2024.\" \/>\n<meta property=\"og:url\" content=\"https:\/\/foreverfutbol.com.ec\/radio\/deportes\/glenda-morejon-y-daniel-pintado-ganan-medalla-de-plata-en-la-marcha-por-relevos-mixtos-en-paris-2024\/\" \/>\n<meta property=\"og:site_name\" content=\"92.5 FOREVER Radio\" \/>\n<meta property=\"article:publisher\" content=\"https:\/\/www.facebook.com\/profile.php?id=100063550693491\" \/>\n<meta property=\"article:published_time\" content=\"2024-08-07T17:54:01+00:00\" \/>\n<meta property=\"article:modified_time\" content=\"2024-08-07T17:54:02+00:00\" \/>\n<meta property=\"og:image\" content=\"https:\/\/foreverfutbol.com.ec\/radio\/wp-content\/uploads\/2024\/08\/GlendaMorejon-DanielPintado-Ecuador-marcha-jjoo-ForeverInforma-.png\" \/>\n\t<meta property=\"og:image:width\" content=\"1280\" \/>\n\t<meta property=\"og:image:height\" content=\"865\" \/>\n\t<meta property=\"og:image:type\" content=\"image\/png\" \/>\n<meta name=\"author\" content=\"Ricardo Rodriguez\" \/>\n<meta name=\"twitter:card\" content=\"summary_large_image\" \/>\n<meta name=\"twitter:creator\" content=\"@925forever\" \/>\n<meta name=\"twitter:site\" content=\"@925forever\" \/>\n<meta name=\"twitter:label1\" content=\"Escrito por\" \/>\n\t<meta name=\"twitter:data1\" content=\"Ricardo Rodriguez\" \/>\n\t<meta name=\"twitter:label2\" content=\"Tiempo de lectura\" \/>\n\t<meta name=\"twitter:data2\" content=\"1 minuto\" \/>\n<script type=\"application\/ld+json\" class=\"yoast-schema-graph\">{\"@context\":\"https:\\\/\\\/schema.org\",\"@graph\":[{\"@type\":\"Article\",\"@id\":\"https:\\\/\\\/foreverfutbol.com.ec\\\/radio\\\/deportes\\\/glenda-morejon-y-daniel-pintado-ganan-medalla-de-plata-en-la-marcha-por-relevos-mixtos-en-paris-2024\\\/#article\",\"isPartOf\":{\"@id\":\"https:\\\/\\\/foreverfutbol.com.ec\\\/radio\\\/deportes\\\/glenda-morejon-y-daniel-pintado-ganan-medalla-de-plata-en-la-marcha-por-relevos-mixtos-en-paris-2024\\\/\"},\"author\":{\"name\":\"Ricardo Rodriguez\",\"@id\":\"https:\\\/\\\/foreverfutbol.com.ec\\\/radio\\\/#\\\/schema\\\/person\\\/2f679dd16f889ac00df6e7b648062a01\"},\"headline\":\"Glenda Morej\u00f3n y Daniel Pintado ganan medalla de plata en la marcha por relevos mixtos en Par\u00eds 2024\",\"datePublished\":\"2024-08-07T17:54:01+00:00\",\"dateModified\":\"2024-08-07T17:54:02+00:00\",\"mainEntityOfPage\":{\"@id\":\"https:\\\/\\\/foreverfutbol.com.ec\\\/radio\\\/deportes\\\/glenda-morejon-y-daniel-pintado-ganan-medalla-de-plata-en-la-marcha-por-relevos-mixtos-en-paris-2024\\\/\"},\"wordCount\":175,\"commentCount\":0,\"publisher\":{\"@id\":\"https:\\\/\\\/foreverfutbol.com.ec\\\/radio\\\/#organization\"},\"image\":{\"@id\":\"https:\\\/\\\/foreverfutbol.com.ec\\\/radio\\\/deportes\\\/glenda-morejon-y-daniel-pintado-ganan-medalla-de-plata-en-la-marcha-por-relevos-mixtos-en-paris-2024\\\/#primaryimage\"},\"thumbnailUrl\":\"https:\\\/\\\/foreverfutbol.com.ec\\\/radio\\\/wp-content\\\/uploads\\\/2024\\\/08\\\/GlendaMorejon-DanielPintado-Ecuador-marcha-jjoo-ForeverInforma-.png\",\"articleSection\":[\"Deportes\"],\"inLanguage\":\"es\",\"potentialAction\":[{\"@type\":\"CommentAction\",\"name\":\"Comment\",\"target\":[\"https:\\\/\\\/foreverfutbol.com.ec\\\/radio\\\/deportes\\\/glenda-morejon-y-daniel-pintado-ganan-medalla-de-plata-en-la-marcha-por-relevos-mixtos-en-paris-2024\\\/#respond\"]}]},{\"@type\":\"WebPage\",\"@id\":\"https:\\\/\\\/foreverfutbol.com.ec\\\/radio\\\/deportes\\\/glenda-morejon-y-daniel-pintado-ganan-medalla-de-plata-en-la-marcha-por-relevos-mixtos-en-paris-2024\\\/\",\"url\":\"https:\\\/\\\/foreverfutbol.com.ec\\\/radio\\\/deportes\\\/glenda-morejon-y-daniel-pintado-ganan-medalla-de-plata-en-la-marcha-por-relevos-mixtos-en-paris-2024\\\/\",\"name\":\"Morej\u00f3n y Daniel ganan medalla de plata en la marcha por relevos\",\"isPartOf\":{\"@id\":\"https:\\\/\\\/foreverfutbol.com.ec\\\/radio\\\/#website\"},\"primaryImageOfPage\":{\"@id\":\"https:\\\/\\\/foreverfutbol.com.ec\\\/radio\\\/deportes\\\/glenda-morejon-y-daniel-pintado-ganan-medalla-de-plata-en-la-marcha-por-relevos-mixtos-en-paris-2024\\\/#primaryimage\"},\"image\":{\"@id\":\"https:\\\/\\\/foreverfutbol.com.ec\\\/radio\\\/deportes\\\/glenda-morejon-y-daniel-pintado-ganan-medalla-de-plata-en-la-marcha-por-relevos-mixtos-en-paris-2024\\\/#primaryimage\"},\"thumbnailUrl\":\"https:\\\/\\\/foreverfutbol.com.ec\\\/radio\\\/wp-content\\\/uploads\\\/2024\\\/08\\\/GlendaMorejon-DanielPintado-Ecuador-marcha-jjoo-ForeverInforma-.png\",\"datePublished\":\"2024-08-07T17:54:01+00:00\",\"dateModified\":\"2024-08-07T17:54:02+00:00\",\"description\":\"Glenda Morej\u00f3n y Daniel Pintado ganan la medalla de plata en la marcha mixta por relevos en los Juegos Ol\u00edmpicos de Par\u00eds 2024.\",\"breadcrumb\":{\"@id\":\"https:\\\/\\\/foreverfutbol.com.ec\\\/radio\\\/deportes\\\/glenda-morejon-y-daniel-pintado-ganan-medalla-de-plata-en-la-marcha-por-relevos-mixtos-en-paris-2024\\\/#breadcrumb\"},\"inLanguage\":\"es\",\"potentialAction\":[{\"@type\":\"ReadAction\",\"target\":[\"https:\\\/\\\/foreverfutbol.com.ec\\\/radio\\\/deportes\\\/glenda-morejon-y-daniel-pintado-ganan-medalla-de-plata-en-la-marcha-por-relevos-mixtos-en-paris-2024\\\/\"]}]},{\"@type\":\"ImageObject\",\"inLanguage\":\"es\",\"@id\":\"https:\\\/\\\/foreverfutbol.com.ec\\\/radio\\\/deportes\\\/glenda-morejon-y-daniel-pintado-ganan-medalla-de-plata-en-la-marcha-por-relevos-mixtos-en-paris-2024\\\/#primaryimage\",\"url\":\"https:\\\/\\\/foreverfutbol.com.ec\\\/radio\\\/wp-content\\\/uploads\\\/2024\\\/08\\\/GlendaMorejon-DanielPintado-Ecuador-marcha-jjoo-ForeverInforma-.png\",\"contentUrl\":\"https:\\\/\\\/foreverfutbol.com.ec\\\/radio\\\/wp-content\\\/uploads\\\/2024\\\/08\\\/GlendaMorejon-DanielPintado-Ecuador-marcha-jjoo-ForeverInforma-.png\",\"width\":1280,\"height\":865},{\"@type\":\"BreadcrumbList\",\"@id\":\"https:\\\/\\\/foreverfutbol.com.ec\\\/radio\\\/deportes\\\/glenda-morejon-y-daniel-pintado-ganan-medalla-de-plata-en-la-marcha-por-relevos-mixtos-en-paris-2024\\\/#breadcrumb\",\"itemListElement\":[{\"@type\":\"ListItem\",\"position\":1,\"name\":\"Portada\",\"item\":\"https:\\\/\\\/foreverfutbol.com.ec\\\/radio\\\/\"},{\"@type\":\"ListItem\",\"position\":2,\"name\":\"Glenda Morej\u00f3n y Daniel Pintado ganan medalla de plata en la marcha por relevos mixtos en Par\u00eds 2024\"}]},{\"@type\":\"WebSite\",\"@id\":\"https:\\\/\\\/foreverfutbol.com.ec\\\/radio\\\/#website\",\"url\":\"https:\\\/\\\/foreverfutbol.com.ec\\\/radio\\\/\",\"name\":\"92.5 FOREVER Radio\",\"description\":\"\",\"publisher\":{\"@id\":\"https:\\\/\\\/foreverfutbol.com.ec\\\/radio\\\/#organization\"},\"potentialAction\":[{\"@type\":\"SearchAction\",\"target\":{\"@type\":\"EntryPoint\",\"urlTemplate\":\"https:\\\/\\\/foreverfutbol.com.ec\\\/radio\\\/?s={search_term_string}\"},\"query-input\":{\"@type\":\"PropertyValueSpecification\",\"valueRequired\":true,\"valueName\":\"search_term_string\"}}],\"inLanguage\":\"es\"},{\"@type\":\"Organization\",\"@id\":\"https:\\\/\\\/foreverfutbol.com.ec\\\/radio\\\/#organization\",\"name\":\"92.5 FOREVER Radio\",\"url\":\"https:\\\/\\\/foreverfutbol.com.ec\\\/radio\\\/\",\"logo\":{\"@type\":\"ImageObject\",\"inLanguage\":\"es\",\"@id\":\"https:\\\/\\\/foreverfutbol.com.ec\\\/radio\\\/#\\\/schema\\\/logo\\\/image\\\/\",\"url\":\"https:\\\/\\\/foreverfutbol.com.ec\\\/radio\\\/wp-content\\\/uploads\\\/2024\\\/01\\\/cropped-logo-forever.png\",\"contentUrl\":\"https:\\\/\\\/foreverfutbol.com.ec\\\/radio\\\/wp-content\\\/uploads\\\/2024\\\/01\\\/cropped-logo-forever.png\",\"width\":180,\"height\":154,\"caption\":\"92.5 FOREVER Radio\"},\"image\":{\"@id\":\"https:\\\/\\\/foreverfutbol.com.ec\\\/radio\\\/#\\\/schema\\\/logo\\\/image\\\/\"},\"sameAs\":[\"https:\\\/\\\/www.facebook.com\\\/profile.php?id=100063550693491\",\"https:\\\/\\\/x.com\\\/925forever\",\"https:\\\/\\\/www.instagram.com\\\/radioforever925\\\/\"]},{\"@type\":\"Person\",\"@id\":\"https:\\\/\\\/foreverfutbol.com.ec\\\/radio\\\/#\\\/schema\\\/person\\\/2f679dd16f889ac00df6e7b648062a01\",\"name\":\"Ricardo Rodriguez\",\"image\":{\"@type\":\"ImageObject\",\"inLanguage\":\"es\",\"@id\":\"https:\\\/\\\/secure.gravatar.com\\\/avatar\\\/5d9dfb95700bd0c503ed088d29de94822b5cc66a74cb0362774e6fc534823d07?s=96&d=mm&r=g\",\"url\":\"https:\\\/\\\/secure.gravatar.com\\\/avatar\\\/5d9dfb95700bd0c503ed088d29de94822b5cc66a74cb0362774e6fc534823d07?s=96&d=mm&r=g\",\"contentUrl\":\"https:\\\/\\\/secure.gravatar.com\\\/avatar\\\/5d9dfb95700bd0c503ed088d29de94822b5cc66a74cb0362774e6fc534823d07?s=96&d=mm&r=g\",\"caption\":\"Ricardo Rodriguez\"},\"sameAs\":[\"https:\\\/\\\/foreverfutbol.com.ec\\\/radio\"],\"url\":\"https:\\\/\\\/foreverfutbol.com.ec\\\/radio\\\/author\\\/superdmin\\\/\"}]}<\/script>\n<!-- \/ Yoast SEO plugin. -->","yoast_head_json":{"title":"Morej\u00f3n y Daniel ganan medalla de plata en la marcha por relevos","description":"Glenda Morej\u00f3n y Daniel Pintado ganan la medalla de plata en la marcha mixta por relevos en los Juegos Ol\u00edmpicos de Par\u00eds 2024.","robots":{"index":"index","follow":"follow","max-snippet":"max-snippet:-1","max-image-preview":"max-image-preview:large","max-video-preview":"max-video-preview:-1"},"canonical":"https:\/\/foreverfutbol.com.ec\/radio\/deportes\/glenda-morejon-y-daniel-pintado-ganan-medalla-de-plata-en-la-marcha-por-relevos-mixtos-en-paris-2024\/","og_locale":"es_ES","og_type":"article","og_title":"Morej\u00f3n y Daniel ganan medalla de plata en la marcha por relevos","og_description":"Glenda Morej\u00f3n y Daniel Pintado ganan la medalla de plata en la marcha mixta por relevos en los Juegos Ol\u00edmpicos de Par\u00eds 2024.","og_url":"https:\/\/foreverfutbol.com.ec\/radio\/deportes\/glenda-morejon-y-daniel-pintado-ganan-medalla-de-plata-en-la-marcha-por-relevos-mixtos-en-paris-2024\/","og_site_name":"92.5 FOREVER Radio","article_publisher":"https:\/\/www.facebook.com\/profile.php?id=100063550693491","article_published_time":"2024-08-07T17:54:01+00:00","article_modified_time":"2024-08-07T17:54:02+00:00","og_image":[{"width":1280,"height":865,"url":"https:\/\/foreverfutbol.com.ec\/radio\/wp-content\/uploads\/2024\/08\/GlendaMorejon-DanielPintado-Ecuador-marcha-jjoo-ForeverInforma-.png","type":"image\/png"}],"author":"Ricardo Rodriguez","twitter_card":"summary_large_image","twitter_creator":"@925forever","twitter_site":"@925forever","twitter_misc":{"Escrito por":"Ricardo Rodriguez","Tiempo de lectura":"1 minuto"},"schema":{"@context":"https:\/\/schema.org","@graph":[{"@type":"Article","@id":"https:\/\/foreverfutbol.com.ec\/radio\/deportes\/glenda-morejon-y-daniel-pintado-ganan-medalla-de-plata-en-la-marcha-por-relevos-mixtos-en-paris-2024\/#article","isPartOf":{"@id":"https:\/\/foreverfutbol.com.ec\/radio\/deportes\/glenda-morejon-y-daniel-pintado-ganan-medalla-de-plata-en-la-marcha-por-relevos-mixtos-en-paris-2024\/"},"author":{"name":"Ricardo Rodriguez","@id":"https:\/\/foreverfutbol.com.ec\/radio\/#\/schema\/person\/2f679dd16f889ac00df6e7b648062a01"},"headline":"Glenda Morej\u00f3n y Daniel Pintado ganan medalla de plata en la marcha por relevos mixtos en Par\u00eds 2024","datePublished":"2024-08-07T17:54:01+00:00","dateModified":"2024-08-07T17:54:02+00:00","mainEntityOfPage":{"@id":"https:\/\/foreverfutbol.com.ec\/radio\/deportes\/glenda-morejon-y-daniel-pintado-ganan-medalla-de-plata-en-la-marcha-por-relevos-mixtos-en-paris-2024\/"},"wordCount":175,"commentCount":0,"publisher":{"@id":"https:\/\/foreverfutbol.com.ec\/radio\/#organization"},"image":{"@id":"https:\/\/foreverfutbol.com.ec\/radio\/deportes\/glenda-morejon-y-daniel-pintado-ganan-medalla-de-plata-en-la-marcha-por-relevos-mixtos-en-paris-2024\/#primaryimage"},"thumbnailUrl":"https:\/\/foreverfutbol.com.ec\/radio\/wp-content\/uploads\/2024\/08\/GlendaMorejon-DanielPintado-Ecuador-marcha-jjoo-ForeverInforma-.png","articleSection":["Deportes"],"inLanguage":"es","potentialAction":[{"@type":"CommentAction","name":"Comment","target":["https:\/\/foreverfutbol.com.ec\/radio\/deportes\/glenda-morejon-y-daniel-pintado-ganan-medalla-de-plata-en-la-marcha-por-relevos-mixtos-en-paris-2024\/#respond"]}]},{"@type":"WebPage","@id":"https:\/\/foreverfutbol.com.ec\/radio\/deportes\/glenda-morejon-y-daniel-pintado-ganan-medalla-de-plata-en-la-marcha-por-relevos-mixtos-en-paris-2024\/","url":"https:\/\/foreverfutbol.com.ec\/radio\/deportes\/glenda-morejon-y-daniel-pintado-ganan-medalla-de-plata-en-la-marcha-por-relevos-mixtos-en-paris-2024\/","name":"Morej\u00f3n y Daniel ganan medalla de plata en la marcha por relevos","isPartOf":{"@id":"https:\/\/foreverfutbol.com.ec\/radio\/#website"},"primaryImageOfPage":{"@id":"https:\/\/foreverfutbol.com.ec\/radio\/deportes\/glenda-morejon-y-daniel-pintado-ganan-medalla-de-plata-en-la-marcha-por-relevos-mixtos-en-paris-2024\/#primaryimage"},"image":{"@id":"https:\/\/foreverfutbol.com.ec\/radio\/deportes\/glenda-morejon-y-daniel-pintado-ganan-medalla-de-plata-en-la-marcha-por-relevos-mixtos-en-paris-2024\/#primaryimage"},"thumbnailUrl":"https:\/\/foreverfutbol.com.ec\/radio\/wp-content\/uploads\/2024\/08\/GlendaMorejon-DanielPintado-Ecuador-marcha-jjoo-ForeverInforma-.png","datePublished":"2024-08-07T17:54:01+00:00","dateModified":"2024-08-07T17:54:02+00:00","description":"Glenda Morej\u00f3n y Daniel Pintado ganan la medalla de plata en la marcha mixta por relevos en los Juegos Ol\u00edmpicos de Par\u00eds 2024.","breadcrumb":{"@id":"https:\/\/foreverfutbol.com.ec\/radio\/deportes\/glenda-morejon-y-daniel-pintado-ganan-medalla-de-plata-en-la-marcha-por-relevos-mixtos-en-paris-2024\/#breadcrumb"},"inLanguage":"es","potentialAction":[{"@type":"ReadAction","target":["https:\/\/foreverfutbol.com.ec\/radio\/deportes\/glenda-morejon-y-daniel-pintado-ganan-medalla-de-plata-en-la-marcha-por-relevos-mixtos-en-paris-2024\/"]}]},{"@type":"ImageObject","inLanguage":"es","@id":"https:\/\/foreverfutbol.com.ec\/radio\/deportes\/glenda-morejon-y-daniel-pintado-ganan-medalla-de-plata-en-la-marcha-por-relevos-mixtos-en-paris-2024\/#primaryimage","url":"https:\/\/foreverfutbol.com.ec\/radio\/wp-content\/uploads\/2024\/08\/GlendaMorejon-DanielPintado-Ecuador-marcha-jjoo-ForeverInforma-.png","contentUrl":"https:\/\/foreverfutbol.com.ec\/radio\/wp-content\/uploads\/2024\/08\/GlendaMorejon-DanielPintado-Ecuador-marcha-jjoo-ForeverInforma-.png","width":1280,"height":865},{"@type":"BreadcrumbList","@id":"https:\/\/foreverfutbol.com.ec\/radio\/deportes\/glenda-morejon-y-daniel-pintado-ganan-medalla-de-plata-en-la-marcha-por-relevos-mixtos-en-paris-2024\/#breadcrumb","itemListElement":[{"@type":"ListItem","position":1,"name":"Portada","item":"https:\/\/foreverfutbol.com.ec\/radio\/"},{"@type":"ListItem","position":2,"name":"Glenda Morej\u00f3n y Daniel Pintado ganan medalla de plata en la marcha por relevos mixtos en Par\u00eds 2024"}]},{"@type":"WebSite","@id":"https:\/\/foreverfutbol.com.ec\/radio\/#website","url":"https:\/\/foreverfutbol.com.ec\/radio\/","name":"92.5 FOREVER Radio","description":"","publisher":{"@id":"https:\/\/foreverfutbol.com.ec\/radio\/#organization"},"potentialAction":[{"@type":"SearchAction","target":{"@type":"EntryPoint","urlTemplate":"https:\/\/foreverfutbol.com.ec\/radio\/?s={search_term_string}"},"query-input":{"@type":"PropertyValueSpecification","valueRequired":true,"valueName":"search_term_string"}}],"inLanguage":"es"},{"@type":"Organization","@id":"https:\/\/foreverfutbol.com.ec\/radio\/#organization","name":"92.5 FOREVER Radio","url":"https:\/\/foreverfutbol.com.ec\/radio\/","logo":{"@type":"ImageObject","inLanguage":"es","@id":"https:\/\/foreverfutbol.com.ec\/radio\/#\/schema\/logo\/image\/","url":"https:\/\/foreverfutbol.com.ec\/radio\/wp-content\/uploads\/2024\/01\/cropped-logo-forever.png","contentUrl":"https:\/\/foreverfutbol.com.ec\/radio\/wp-content\/uploads\/2024\/01\/cropped-logo-forever.png","width":180,"height":154,"caption":"92.5 FOREVER Radio"},"image":{"@id":"https:\/\/foreverfutbol.com.ec\/radio\/#\/schema\/logo\/image\/"},"sameAs":["https:\/\/www.facebook.com\/profile.php?id=100063550693491","https:\/\/x.com\/925forever","https:\/\/www.instagram.com\/radioforever925\/"]},{"@type":"Person","@id":"https:\/\/foreverfutbol.com.ec\/radio\/#\/schema\/person\/2f679dd16f889ac00df6e7b648062a01","name":"Ricardo Rodriguez","image":{"@type":"ImageObject","inLanguage":"es","@id":"https:\/\/secure.gravatar.com\/avatar\/5d9dfb95700bd0c503ed088d29de94822b5cc66a74cb0362774e6fc534823d07?s=96&d=mm&r=g","url":"https:\/\/secure.gravatar.com\/avatar\/5d9dfb95700bd0c503ed088d29de94822b5cc66a74cb0362774e6fc534823d07?s=96&d=mm&r=g","contentUrl":"https:\/\/secure.gravatar.com\/avatar\/5d9dfb95700bd0c503ed088d29de94822b5cc66a74cb0362774e6fc534823d07?s=96&d=mm&r=g","caption":"Ricardo Rodriguez"},"sameAs":["https:\/\/foreverfutbol.com.ec\/radio"],"url":"https:\/\/foreverfutbol.com.ec\/radio\/author\/superdmin\/"}]}},"_links":{"self":[{"href":"https:\/\/foreverfutbol.com.ec\/radio\/wp-json\/wp\/v2\/posts\/6257","targetHints":{"allow":["GET"]}}],"collection":[{"href":"https:\/\/foreverfutbol.com.ec\/radio\/wp-json\/wp\/v2\/posts"}],"about":[{"href":"https:\/\/foreverfutbol.com.ec\/radio\/wp-json\/wp\/v2\/types\/post"}],"author":[{"embeddable":true,"href":"https:\/\/foreverfutbol.com.ec\/radio\/wp-json\/wp\/v2\/users\/1"}],"replies":[{"embeddable":true,"href":"https:\/\/foreverfutbol.com.ec\/radio\/wp-json\/wp\/v2\/comments?post=6257"}],"version-history":[{"count":1,"href":"https:\/\/foreverfutbol.com.ec\/radio\/wp-json\/wp\/v2\/posts\/6257\/revisions"}],"predecessor-version":[{"id":6259,"href":"https:\/\/foreverfutbol.com.ec\/radio\/wp-json\/wp\/v2\/posts\/6257\/revisions\/6259"}],"wp:featuredmedia":[{"embeddable":true,"href":"https:\/\/foreverfutbol.com.ec\/radio\/wp-json\/wp\/v2\/media\/6258"}],"wp:attachment":[{"href":"https:\/\/foreverfutbol.com.ec\/radio\/wp-json\/wp\/v2\/media?parent=6257"}],"wp:term":[{"taxonomy":"category","embeddable":true,"href":"https:\/\/foreverfutbol.com.ec\/radio\/wp-json\/wp\/v2\/categories?post=6257"},{"taxonomy":"post_tag","embeddable":true,"href":"https:\/\/foreverfutbol.com.ec\/radio\/wp-json\/wp\/v2\/tags?post=6257"}],"curies":[{"name":"wp","href":"https:\/\/api.w.org\/{rel}","templated":true}]}}