{"id":6123,"date":"2024-07-30T15:12:38","date_gmt":"2024-07-30T20:12:38","guid":{"rendered":"https:\/\/foreverfutbol.com.ec\/radio\/?p=6123"},"modified":"2024-07-30T15:12:39","modified_gmt":"2024-07-30T20:12:39","slug":"tres-dias-de-carcel-para-conductor-por-circular-a-64-km-h-en-el-sur-de-quito","status":"publish","type":"post","link":"https:\/\/foreverfutbol.com.ec\/radio\/sucesos\/tres-dias-de-carcel-para-conductor-por-circular-a-64-km-h-en-el-sur-de-quito\/","title":{"rendered":"Tres d\u00edas de c\u00e1rcel para conductor por circular a 64 km\/h en el sur de Quito"},"content":{"rendered":"\n<p class=\"wp-block-paragraph\">Un ciudadano chino adulto mayor fue detenido en el inicio de los operativos sancionatorios de velocidad realizados en Quito, este martes 30 de julio de 2024.<\/p>\n\n\n\n<p class=\"wp-block-paragraph\">Como se anunci\u00f3 en los d\u00edas previos, la Agencia Metropolitana de Tr\u00e1nsito (AMT) indic\u00f3 que estos controles empezar\u00edan en la avenida Quitumbe \u00d1an, en el sur de la capital.<\/p>\n\n\n\n<p class=\"wp-block-paragraph\">De acuerdo con la instituci\u00f3n, los agentes de tr\u00e1nsito se situaron a lo largo de esa v\u00eda de 08:00 a 09:00 y hubo novedades.<\/p>\n\n\n\n<p class=\"wp-block-paragraph\">Durante esa hora de operativos, la AMT registr\u00f3 seis contravenciones y la aprehensi\u00f3n de un ciudadano extranjero que excedi\u00f3 el rango moderado de circulaci\u00f3n en v\u00edas urbanas.<\/p>\n\n\n\n<p class=\"wp-block-paragraph\">En primer lugar, el cinem\u00f3metro o radar de mano detect\u00f3 que el ciudadano circulaba a&nbsp;64 km\/h, cuando la norma permite conducir hasta 50 km\/h.<\/p>\n\n\n\n<p class=\"wp-block-paragraph\">En cuatro v\u00edas de Quito empiezan operativos para controlar velocidad; las sanciones pueden incluir prisi\u00f3n.<\/p>\n\n\n\n<p class=\"wp-block-paragraph\">De inmediato, se impidi\u00f3 que el veh\u00edculo siga su marcha y se comunic\u00f3 al conductor la infracci\u00f3n cometida.<\/p>\n\n\n\n<p class=\"wp-block-paragraph\">Al tratarse de un ciudadano extranjero, los agentes de tr\u00e1nsito le indicaron que se notificar\u00e1 a la Embajada de la Rep\u00fablica Popular China, para dar lectura del proceso en el idioma natal del conductor sancionado.<\/p>\n\n\n\n<p class=\"wp-block-paragraph\">\u00bfQu\u00e9 pasa cu\u00e1ndo un conductor excede el rango moderado?<br>De acuerdo con el COIP, los conductores de motos o veh\u00edculos livianos que excedan los 50 km\/h en v\u00edas urbanas, y alcancen velocidades de hasta 60 km\/h, tendr\u00e1n que pagar una multa equivalente al 30% de un Salario B\u00e1sico Unificado (SUB), es decir USD 138.<\/p>\n\n\n\n<p class=\"wp-block-paragraph\">#AMT #Quito #Pichincha #tresd\u00edasdec\u00e1rcel #Quitumbe #conductores #multas #urgente #\u00faltimahora <\/p>\n","protected":false},"excerpt":{"rendered":"<p>Un ciudadano chino adulto mayor fue detenido en el inicio de los operativos sancionatorios de velocidad realizados en Quito, este martes 30 de julio de 2024. Como se anunci\u00f3 en los d\u00edas previos, la Agencia Metropolitana de Tr\u00e1nsito (AMT) indic\u00f3 que estos controles empezar\u00edan en la avenida Quitumbe \u00d1an, en el sur de la capital. [&hellip;]<\/p>\n","protected":false},"author":1,"featured_media":6124,"comment_status":"open","ping_status":"open","sticky":false,"template":"","format":"standard","meta":{"footnotes":""},"categories":[51],"tags":[],"class_list":["post-6123","post","type-post","status-publish","format-standard","has-post-thumbnail","hentry","category-sucesos"],"yoast_head":"<!-- This site is optimized with the Yoast SEO plugin v28.3 - https:\/\/yoast.com\/product\/yoast-seo-wordpress\/ -->\n<title>Tres d\u00edas de c\u00e1rcel para conductor por circular a 64 km\/h en Quito<\/title>\n<meta name=\"description\" content=\"Un ciudadano chino adulto mayor fue detenido en el inicio de los operativos sancionatorios de velocidad realizados en el sur de Quito\" \/>\n<meta name=\"robots\" content=\"index, follow, max-snippet:-1, max-image-preview:large, max-video-preview:-1\" \/>\n<link rel=\"canonical\" href=\"https:\/\/foreverfutbol.com.ec\/radio\/sucesos\/tres-dias-de-carcel-para-conductor-por-circular-a-64-km-h-en-el-sur-de-quito\/\" \/>\n<meta property=\"og:locale\" content=\"es_ES\" \/>\n<meta property=\"og:type\" content=\"article\" \/>\n<meta property=\"og:title\" content=\"Tres d\u00edas de c\u00e1rcel para conductor por circular a 64 km\/h en Quito\" \/>\n<meta property=\"og:description\" content=\"Un ciudadano chino adulto mayor fue detenido en el inicio de los operativos sancionatorios de velocidad realizados en el sur de Quito\" \/>\n<meta property=\"og:url\" content=\"https:\/\/foreverfutbol.com.ec\/radio\/sucesos\/tres-dias-de-carcel-para-conductor-por-circular-a-64-km-h-en-el-sur-de-quito\/\" \/>\n<meta property=\"og:site_name\" content=\"92.5 FOREVER Radio\" \/>\n<meta property=\"article:publisher\" content=\"https:\/\/www.facebook.com\/profile.php?id=100063550693491\" \/>\n<meta property=\"article:published_time\" content=\"2024-07-30T20:12:38+00:00\" \/>\n<meta property=\"article:modified_time\" content=\"2024-07-30T20:12:39+00:00\" \/>\n<meta property=\"og:image\" content=\"https:\/\/foreverfutbol.com.ec\/radio\/wp-content\/uploads\/2024\/07\/AMT-Quito-Pichincha-tresdiasdecarcel-Quitumbe-conductores-multasRadioForever.png\" \/>\n\t<meta property=\"og:image:width\" content=\"1280\" \/>\n\t<meta property=\"og:image:height\" content=\"865\" \/>\n\t<meta property=\"og:image:type\" content=\"image\/png\" \/>\n<meta name=\"author\" content=\"Ricardo Rodriguez\" \/>\n<meta name=\"twitter:card\" content=\"summary_large_image\" \/>\n<meta name=\"twitter:creator\" content=\"@925forever\" \/>\n<meta name=\"twitter:site\" content=\"@925forever\" \/>\n<meta name=\"twitter:label1\" content=\"Escrito por\" \/>\n\t<meta name=\"twitter:data1\" content=\"Ricardo Rodriguez\" \/>\n\t<meta name=\"twitter:label2\" content=\"Tiempo de lectura\" \/>\n\t<meta name=\"twitter:data2\" content=\"2 minutos\" \/>\n<script type=\"application\/ld+json\" class=\"yoast-schema-graph\">{\"@context\":\"https:\\\/\\\/schema.org\",\"@graph\":[{\"@type\":\"Article\",\"@id\":\"https:\\\/\\\/foreverfutbol.com.ec\\\/radio\\\/sucesos\\\/tres-dias-de-carcel-para-conductor-por-circular-a-64-km-h-en-el-sur-de-quito\\\/#article\",\"isPartOf\":{\"@id\":\"https:\\\/\\\/foreverfutbol.com.ec\\\/radio\\\/sucesos\\\/tres-dias-de-carcel-para-conductor-por-circular-a-64-km-h-en-el-sur-de-quito\\\/\"},\"author\":{\"name\":\"Ricardo Rodriguez\",\"@id\":\"https:\\\/\\\/foreverfutbol.com.ec\\\/radio\\\/#\\\/schema\\\/person\\\/2f679dd16f889ac00df6e7b648062a01\"},\"headline\":\"Tres d\u00edas de c\u00e1rcel para conductor por circular a 64 km\\\/h en el sur de Quito\",\"datePublished\":\"2024-07-30T20:12:38+00:00\",\"dateModified\":\"2024-07-30T20:12:39+00:00\",\"mainEntityOfPage\":{\"@id\":\"https:\\\/\\\/foreverfutbol.com.ec\\\/radio\\\/sucesos\\\/tres-dias-de-carcel-para-conductor-por-circular-a-64-km-h-en-el-sur-de-quito\\\/\"},\"wordCount\":298,\"commentCount\":0,\"publisher\":{\"@id\":\"https:\\\/\\\/foreverfutbol.com.ec\\\/radio\\\/#organization\"},\"image\":{\"@id\":\"https:\\\/\\\/foreverfutbol.com.ec\\\/radio\\\/sucesos\\\/tres-dias-de-carcel-para-conductor-por-circular-a-64-km-h-en-el-sur-de-quito\\\/#primaryimage\"},\"thumbnailUrl\":\"https:\\\/\\\/foreverfutbol.com.ec\\\/radio\\\/wp-content\\\/uploads\\\/2024\\\/07\\\/AMT-Quito-Pichincha-tresdiasdecarcel-Quitumbe-conductores-multasRadioForever.png\",\"articleSection\":[\"Sucesos\"],\"inLanguage\":\"es\",\"potentialAction\":[{\"@type\":\"CommentAction\",\"name\":\"Comment\",\"target\":[\"https:\\\/\\\/foreverfutbol.com.ec\\\/radio\\\/sucesos\\\/tres-dias-de-carcel-para-conductor-por-circular-a-64-km-h-en-el-sur-de-quito\\\/#respond\"]}]},{\"@type\":\"WebPage\",\"@id\":\"https:\\\/\\\/foreverfutbol.com.ec\\\/radio\\\/sucesos\\\/tres-dias-de-carcel-para-conductor-por-circular-a-64-km-h-en-el-sur-de-quito\\\/\",\"url\":\"https:\\\/\\\/foreverfutbol.com.ec\\\/radio\\\/sucesos\\\/tres-dias-de-carcel-para-conductor-por-circular-a-64-km-h-en-el-sur-de-quito\\\/\",\"name\":\"Tres d\u00edas de c\u00e1rcel para conductor por circular a 64 km\\\/h en Quito\",\"isPartOf\":{\"@id\":\"https:\\\/\\\/foreverfutbol.com.ec\\\/radio\\\/#website\"},\"primaryImageOfPage\":{\"@id\":\"https:\\\/\\\/foreverfutbol.com.ec\\\/radio\\\/sucesos\\\/tres-dias-de-carcel-para-conductor-por-circular-a-64-km-h-en-el-sur-de-quito\\\/#primaryimage\"},\"image\":{\"@id\":\"https:\\\/\\\/foreverfutbol.com.ec\\\/radio\\\/sucesos\\\/tres-dias-de-carcel-para-conductor-por-circular-a-64-km-h-en-el-sur-de-quito\\\/#primaryimage\"},\"thumbnailUrl\":\"https:\\\/\\\/foreverfutbol.com.ec\\\/radio\\\/wp-content\\\/uploads\\\/2024\\\/07\\\/AMT-Quito-Pichincha-tresdiasdecarcel-Quitumbe-conductores-multasRadioForever.png\",\"datePublished\":\"2024-07-30T20:12:38+00:00\",\"dateModified\":\"2024-07-30T20:12:39+00:00\",\"description\":\"Un ciudadano chino adulto mayor fue detenido en el inicio de los operativos sancionatorios de velocidad realizados en el sur de Quito\",\"breadcrumb\":{\"@id\":\"https:\\\/\\\/foreverfutbol.com.ec\\\/radio\\\/sucesos\\\/tres-dias-de-carcel-para-conductor-por-circular-a-64-km-h-en-el-sur-de-quito\\\/#breadcrumb\"},\"inLanguage\":\"es\",\"potentialAction\":[{\"@type\":\"ReadAction\",\"target\":[\"https:\\\/\\\/foreverfutbol.com.ec\\\/radio\\\/sucesos\\\/tres-dias-de-carcel-para-conductor-por-circular-a-64-km-h-en-el-sur-de-quito\\\/\"]}]},{\"@type\":\"ImageObject\",\"inLanguage\":\"es\",\"@id\":\"https:\\\/\\\/foreverfutbol.com.ec\\\/radio\\\/sucesos\\\/tres-dias-de-carcel-para-conductor-por-circular-a-64-km-h-en-el-sur-de-quito\\\/#primaryimage\",\"url\":\"https:\\\/\\\/foreverfutbol.com.ec\\\/radio\\\/wp-content\\\/uploads\\\/2024\\\/07\\\/AMT-Quito-Pichincha-tresdiasdecarcel-Quitumbe-conductores-multasRadioForever.png\",\"contentUrl\":\"https:\\\/\\\/foreverfutbol.com.ec\\\/radio\\\/wp-content\\\/uploads\\\/2024\\\/07\\\/AMT-Quito-Pichincha-tresdiasdecarcel-Quitumbe-conductores-multasRadioForever.png\",\"width\":1280,\"height\":865},{\"@type\":\"BreadcrumbList\",\"@id\":\"https:\\\/\\\/foreverfutbol.com.ec\\\/radio\\\/sucesos\\\/tres-dias-de-carcel-para-conductor-por-circular-a-64-km-h-en-el-sur-de-quito\\\/#breadcrumb\",\"itemListElement\":[{\"@type\":\"ListItem\",\"position\":1,\"name\":\"Portada\",\"item\":\"https:\\\/\\\/foreverfutbol.com.ec\\\/radio\\\/\"},{\"@type\":\"ListItem\",\"position\":2,\"name\":\"Tres d\u00edas de c\u00e1rcel para conductor por circular a 64 km\\\/h en el sur de Quito\"}]},{\"@type\":\"WebSite\",\"@id\":\"https:\\\/\\\/foreverfutbol.com.ec\\\/radio\\\/#website\",\"url\":\"https:\\\/\\\/foreverfutbol.com.ec\\\/radio\\\/\",\"name\":\"92.5 FOREVER Radio\",\"description\":\"\",\"publisher\":{\"@id\":\"https:\\\/\\\/foreverfutbol.com.ec\\\/radio\\\/#organization\"},\"potentialAction\":[{\"@type\":\"SearchAction\",\"target\":{\"@type\":\"EntryPoint\",\"urlTemplate\":\"https:\\\/\\\/foreverfutbol.com.ec\\\/radio\\\/?s={search_term_string}\"},\"query-input\":{\"@type\":\"PropertyValueSpecification\",\"valueRequired\":true,\"valueName\":\"search_term_string\"}}],\"inLanguage\":\"es\"},{\"@type\":\"Organization\",\"@id\":\"https:\\\/\\\/foreverfutbol.com.ec\\\/radio\\\/#organization\",\"name\":\"92.5 FOREVER Radio\",\"url\":\"https:\\\/\\\/foreverfutbol.com.ec\\\/radio\\\/\",\"logo\":{\"@type\":\"ImageObject\",\"inLanguage\":\"es\",\"@id\":\"https:\\\/\\\/foreverfutbol.com.ec\\\/radio\\\/#\\\/schema\\\/logo\\\/image\\\/\",\"url\":\"https:\\\/\\\/foreverfutbol.com.ec\\\/radio\\\/wp-content\\\/uploads\\\/2024\\\/01\\\/cropped-logo-forever.png\",\"contentUrl\":\"https:\\\/\\\/foreverfutbol.com.ec\\\/radio\\\/wp-content\\\/uploads\\\/2024\\\/01\\\/cropped-logo-forever.png\",\"width\":180,\"height\":154,\"caption\":\"92.5 FOREVER Radio\"},\"image\":{\"@id\":\"https:\\\/\\\/foreverfutbol.com.ec\\\/radio\\\/#\\\/schema\\\/logo\\\/image\\\/\"},\"sameAs\":[\"https:\\\/\\\/www.facebook.com\\\/profile.php?id=100063550693491\",\"https:\\\/\\\/x.com\\\/925forever\",\"https:\\\/\\\/www.instagram.com\\\/radioforever925\\\/\"]},{\"@type\":\"Person\",\"@id\":\"https:\\\/\\\/foreverfutbol.com.ec\\\/radio\\\/#\\\/schema\\\/person\\\/2f679dd16f889ac00df6e7b648062a01\",\"name\":\"Ricardo Rodriguez\",\"image\":{\"@type\":\"ImageObject\",\"inLanguage\":\"es\",\"@id\":\"https:\\\/\\\/secure.gravatar.com\\\/avatar\\\/5d9dfb95700bd0c503ed088d29de94822b5cc66a74cb0362774e6fc534823d07?s=96&d=mm&r=g\",\"url\":\"https:\\\/\\\/secure.gravatar.com\\\/avatar\\\/5d9dfb95700bd0c503ed088d29de94822b5cc66a74cb0362774e6fc534823d07?s=96&d=mm&r=g\",\"contentUrl\":\"https:\\\/\\\/secure.gravatar.com\\\/avatar\\\/5d9dfb95700bd0c503ed088d29de94822b5cc66a74cb0362774e6fc534823d07?s=96&d=mm&r=g\",\"caption\":\"Ricardo Rodriguez\"},\"sameAs\":[\"https:\\\/\\\/foreverfutbol.com.ec\\\/radio\"],\"url\":\"https:\\\/\\\/foreverfutbol.com.ec\\\/radio\\\/author\\\/superdmin\\\/\"}]}<\/script>\n<!-- \/ Yoast SEO plugin. -->","yoast_head_json":{"title":"Tres d\u00edas de c\u00e1rcel para conductor por circular a 64 km\/h en Quito","description":"Un ciudadano chino adulto mayor fue detenido en el inicio de los operativos sancionatorios de velocidad realizados en el sur de Quito","robots":{"index":"index","follow":"follow","max-snippet":"max-snippet:-1","max-image-preview":"max-image-preview:large","max-video-preview":"max-video-preview:-1"},"canonical":"https:\/\/foreverfutbol.com.ec\/radio\/sucesos\/tres-dias-de-carcel-para-conductor-por-circular-a-64-km-h-en-el-sur-de-quito\/","og_locale":"es_ES","og_type":"article","og_title":"Tres d\u00edas de c\u00e1rcel para conductor por circular a 64 km\/h en Quito","og_description":"Un ciudadano chino adulto mayor fue detenido en el inicio de los operativos sancionatorios de velocidad realizados en el sur de Quito","og_url":"https:\/\/foreverfutbol.com.ec\/radio\/sucesos\/tres-dias-de-carcel-para-conductor-por-circular-a-64-km-h-en-el-sur-de-quito\/","og_site_name":"92.5 FOREVER Radio","article_publisher":"https:\/\/www.facebook.com\/profile.php?id=100063550693491","article_published_time":"2024-07-30T20:12:38+00:00","article_modified_time":"2024-07-30T20:12:39+00:00","og_image":[{"width":1280,"height":865,"url":"https:\/\/foreverfutbol.com.ec\/radio\/wp-content\/uploads\/2024\/07\/AMT-Quito-Pichincha-tresdiasdecarcel-Quitumbe-conductores-multasRadioForever.png","type":"image\/png"}],"author":"Ricardo Rodriguez","twitter_card":"summary_large_image","twitter_creator":"@925forever","twitter_site":"@925forever","twitter_misc":{"Escrito por":"Ricardo Rodriguez","Tiempo de lectura":"2 minutos"},"schema":{"@context":"https:\/\/schema.org","@graph":[{"@type":"Article","@id":"https:\/\/foreverfutbol.com.ec\/radio\/sucesos\/tres-dias-de-carcel-para-conductor-por-circular-a-64-km-h-en-el-sur-de-quito\/#article","isPartOf":{"@id":"https:\/\/foreverfutbol.com.ec\/radio\/sucesos\/tres-dias-de-carcel-para-conductor-por-circular-a-64-km-h-en-el-sur-de-quito\/"},"author":{"name":"Ricardo Rodriguez","@id":"https:\/\/foreverfutbol.com.ec\/radio\/#\/schema\/person\/2f679dd16f889ac00df6e7b648062a01"},"headline":"Tres d\u00edas de c\u00e1rcel para conductor por circular a 64 km\/h en el sur de Quito","datePublished":"2024-07-30T20:12:38+00:00","dateModified":"2024-07-30T20:12:39+00:00","mainEntityOfPage":{"@id":"https:\/\/foreverfutbol.com.ec\/radio\/sucesos\/tres-dias-de-carcel-para-conductor-por-circular-a-64-km-h-en-el-sur-de-quito\/"},"wordCount":298,"commentCount":0,"publisher":{"@id":"https:\/\/foreverfutbol.com.ec\/radio\/#organization"},"image":{"@id":"https:\/\/foreverfutbol.com.ec\/radio\/sucesos\/tres-dias-de-carcel-para-conductor-por-circular-a-64-km-h-en-el-sur-de-quito\/#primaryimage"},"thumbnailUrl":"https:\/\/foreverfutbol.com.ec\/radio\/wp-content\/uploads\/2024\/07\/AMT-Quito-Pichincha-tresdiasdecarcel-Quitumbe-conductores-multasRadioForever.png","articleSection":["Sucesos"],"inLanguage":"es","potentialAction":[{"@type":"CommentAction","name":"Comment","target":["https:\/\/foreverfutbol.com.ec\/radio\/sucesos\/tres-dias-de-carcel-para-conductor-por-circular-a-64-km-h-en-el-sur-de-quito\/#respond"]}]},{"@type":"WebPage","@id":"https:\/\/foreverfutbol.com.ec\/radio\/sucesos\/tres-dias-de-carcel-para-conductor-por-circular-a-64-km-h-en-el-sur-de-quito\/","url":"https:\/\/foreverfutbol.com.ec\/radio\/sucesos\/tres-dias-de-carcel-para-conductor-por-circular-a-64-km-h-en-el-sur-de-quito\/","name":"Tres d\u00edas de c\u00e1rcel para conductor por circular a 64 km\/h en Quito","isPartOf":{"@id":"https:\/\/foreverfutbol.com.ec\/radio\/#website"},"primaryImageOfPage":{"@id":"https:\/\/foreverfutbol.com.ec\/radio\/sucesos\/tres-dias-de-carcel-para-conductor-por-circular-a-64-km-h-en-el-sur-de-quito\/#primaryimage"},"image":{"@id":"https:\/\/foreverfutbol.com.ec\/radio\/sucesos\/tres-dias-de-carcel-para-conductor-por-circular-a-64-km-h-en-el-sur-de-quito\/#primaryimage"},"thumbnailUrl":"https:\/\/foreverfutbol.com.ec\/radio\/wp-content\/uploads\/2024\/07\/AMT-Quito-Pichincha-tresdiasdecarcel-Quitumbe-conductores-multasRadioForever.png","datePublished":"2024-07-30T20:12:38+00:00","dateModified":"2024-07-30T20:12:39+00:00","description":"Un ciudadano chino adulto mayor fue detenido en el inicio de los operativos sancionatorios de velocidad realizados en el sur de Quito","breadcrumb":{"@id":"https:\/\/foreverfutbol.com.ec\/radio\/sucesos\/tres-dias-de-carcel-para-conductor-por-circular-a-64-km-h-en-el-sur-de-quito\/#breadcrumb"},"inLanguage":"es","potentialAction":[{"@type":"ReadAction","target":["https:\/\/foreverfutbol.com.ec\/radio\/sucesos\/tres-dias-de-carcel-para-conductor-por-circular-a-64-km-h-en-el-sur-de-quito\/"]}]},{"@type":"ImageObject","inLanguage":"es","@id":"https:\/\/foreverfutbol.com.ec\/radio\/sucesos\/tres-dias-de-carcel-para-conductor-por-circular-a-64-km-h-en-el-sur-de-quito\/#primaryimage","url":"https:\/\/foreverfutbol.com.ec\/radio\/wp-content\/uploads\/2024\/07\/AMT-Quito-Pichincha-tresdiasdecarcel-Quitumbe-conductores-multasRadioForever.png","contentUrl":"https:\/\/foreverfutbol.com.ec\/radio\/wp-content\/uploads\/2024\/07\/AMT-Quito-Pichincha-tresdiasdecarcel-Quitumbe-conductores-multasRadioForever.png","width":1280,"height":865},{"@type":"BreadcrumbList","@id":"https:\/\/foreverfutbol.com.ec\/radio\/sucesos\/tres-dias-de-carcel-para-conductor-por-circular-a-64-km-h-en-el-sur-de-quito\/#breadcrumb","itemListElement":[{"@type":"ListItem","position":1,"name":"Portada","item":"https:\/\/foreverfutbol.com.ec\/radio\/"},{"@type":"ListItem","position":2,"name":"Tres d\u00edas de c\u00e1rcel para conductor por circular a 64 km\/h en el sur de Quito"}]},{"@type":"WebSite","@id":"https:\/\/foreverfutbol.com.ec\/radio\/#website","url":"https:\/\/foreverfutbol.com.ec\/radio\/","name":"92.5 FOREVER Radio","description":"","publisher":{"@id":"https:\/\/foreverfutbol.com.ec\/radio\/#organization"},"potentialAction":[{"@type":"SearchAction","target":{"@type":"EntryPoint","urlTemplate":"https:\/\/foreverfutbol.com.ec\/radio\/?s={search_term_string}"},"query-input":{"@type":"PropertyValueSpecification","valueRequired":true,"valueName":"search_term_string"}}],"inLanguage":"es"},{"@type":"Organization","@id":"https:\/\/foreverfutbol.com.ec\/radio\/#organization","name":"92.5 FOREVER Radio","url":"https:\/\/foreverfutbol.com.ec\/radio\/","logo":{"@type":"ImageObject","inLanguage":"es","@id":"https:\/\/foreverfutbol.com.ec\/radio\/#\/schema\/logo\/image\/","url":"https:\/\/foreverfutbol.com.ec\/radio\/wp-content\/uploads\/2024\/01\/cropped-logo-forever.png","contentUrl":"https:\/\/foreverfutbol.com.ec\/radio\/wp-content\/uploads\/2024\/01\/cropped-logo-forever.png","width":180,"height":154,"caption":"92.5 FOREVER Radio"},"image":{"@id":"https:\/\/foreverfutbol.com.ec\/radio\/#\/schema\/logo\/image\/"},"sameAs":["https:\/\/www.facebook.com\/profile.php?id=100063550693491","https:\/\/x.com\/925forever","https:\/\/www.instagram.com\/radioforever925\/"]},{"@type":"Person","@id":"https:\/\/foreverfutbol.com.ec\/radio\/#\/schema\/person\/2f679dd16f889ac00df6e7b648062a01","name":"Ricardo Rodriguez","image":{"@type":"ImageObject","inLanguage":"es","@id":"https:\/\/secure.gravatar.com\/avatar\/5d9dfb95700bd0c503ed088d29de94822b5cc66a74cb0362774e6fc534823d07?s=96&d=mm&r=g","url":"https:\/\/secure.gravatar.com\/avatar\/5d9dfb95700bd0c503ed088d29de94822b5cc66a74cb0362774e6fc534823d07?s=96&d=mm&r=g","contentUrl":"https:\/\/secure.gravatar.com\/avatar\/5d9dfb95700bd0c503ed088d29de94822b5cc66a74cb0362774e6fc534823d07?s=96&d=mm&r=g","caption":"Ricardo Rodriguez"},"sameAs":["https:\/\/foreverfutbol.com.ec\/radio"],"url":"https:\/\/foreverfutbol.com.ec\/radio\/author\/superdmin\/"}]}},"_links":{"self":[{"href":"https:\/\/foreverfutbol.com.ec\/radio\/wp-json\/wp\/v2\/posts\/6123","targetHints":{"allow":["GET"]}}],"collection":[{"href":"https:\/\/foreverfutbol.com.ec\/radio\/wp-json\/wp\/v2\/posts"}],"about":[{"href":"https:\/\/foreverfutbol.com.ec\/radio\/wp-json\/wp\/v2\/types\/post"}],"author":[{"embeddable":true,"href":"https:\/\/foreverfutbol.com.ec\/radio\/wp-json\/wp\/v2\/users\/1"}],"replies":[{"embeddable":true,"href":"https:\/\/foreverfutbol.com.ec\/radio\/wp-json\/wp\/v2\/comments?post=6123"}],"version-history":[{"count":1,"href":"https:\/\/foreverfutbol.com.ec\/radio\/wp-json\/wp\/v2\/posts\/6123\/revisions"}],"predecessor-version":[{"id":6125,"href":"https:\/\/foreverfutbol.com.ec\/radio\/wp-json\/wp\/v2\/posts\/6123\/revisions\/6125"}],"wp:featuredmedia":[{"embeddable":true,"href":"https:\/\/foreverfutbol.com.ec\/radio\/wp-json\/wp\/v2\/media\/6124"}],"wp:attachment":[{"href":"https:\/\/foreverfutbol.com.ec\/radio\/wp-json\/wp\/v2\/media?parent=6123"}],"wp:term":[{"taxonomy":"category","embeddable":true,"href":"https:\/\/foreverfutbol.com.ec\/radio\/wp-json\/wp\/v2\/categories?post=6123"},{"taxonomy":"post_tag","embeddable":true,"href":"https:\/\/foreverfutbol.com.ec\/radio\/wp-json\/wp\/v2\/tags?post=6123"}],"curies":[{"name":"wp","href":"https:\/\/api.w.org\/{rel}","templated":true}]}}