{"id":5959,"date":"2024-07-19T15:38:07","date_gmt":"2024-07-19T20:38:07","guid":{"rendered":"https:\/\/foreverfutbol.com.ec\/radio\/?p=5959"},"modified":"2024-07-19T15:39:30","modified_gmt":"2024-07-19T20:39:30","slug":"trump-sobre-migracion-estan-llegando-de-todas-partes-ya-no-solo-de-sudamerica-vienen-de-asia-de-africa","status":"publish","type":"post","link":"https:\/\/foreverfutbol.com.ec\/radio\/internacional\/trump-sobre-migracion-estan-llegando-de-todas-partes-ya-no-solo-de-sudamerica-vienen-de-asia-de-africa\/","title":{"rendered":"Trump sobre migraci\u00f3n: \u00abEst\u00e1n llegando de todas partes, ya no solo de Sudam\u00e9rica. Vienen de Asia, de \u00c1frica\u00bb"},"content":{"rendered":"\n<p class=\"wp-block-paragraph\">Se esperaba a un Donald Trump renovado, m\u00e1s moderado, pero pese a su tono calmado y un inicial llamado a la unidad, pronto vir\u00f3 hacia su discurso m\u00e1s conocido.<\/p>\n\n\n\n<p class=\"wp-block-paragraph\">\u00abTenemos que detener la invasi\u00f3n en nuestro pa\u00eds que est\u00e1 matando a cientos de miles de personas al a\u00f1o\u00bb.<\/p>\n\n\n\n<p class=\"wp-block-paragraph\">Esa fue la frase que devolvi\u00f3 a la tarima del Fiserv Forum al Trump de 2016, cuando hizo campa\u00f1a con la idea de que EE.UU. estaba siendo \u00abinundado de criminales\u00bb que acced\u00edan por la frontera con M\u00e9xico entre la inmigraci\u00f3n indocumentada.<\/p>\n\n\n\n<p class=\"wp-block-paragraph\">\u00abEst\u00e1n llegando de todas partes, ya no solo de Sudam\u00e9rica. Vienen de Asia, de \u00c1frica. Vienen de asilos, de hospitales mentales, de prisiones\u00bb, dijo este jueves durante su discurso.<\/p>\n\n\n\n<p class=\"wp-block-paragraph\">\u00abNos hemos vuelto el vertedero del mundo, que se r\u00ede de nosotros\u00bb, subray\u00f3.<\/p>\n\n\n\n<p class=\"wp-block-paragraph\">\u00abDeber\u00edamos hacer la pr\u00f3xima convenci\u00f3n en Venezuela porque pronto ser\u00e1 un lugar muy seguro\u00bb.<\/p>\n\n\n\n<p class=\"wp-block-paragraph\">De llegar de nuevo a la Casa Blanca, Trump prometi\u00f3 cerrar la frontera con M\u00e9xico \u00abdesde el primer d\u00eda\u00bb.<\/p>\n\n\n\n<p class=\"wp-block-paragraph\">\u00abY terminar\u00e9 el muro, que en gran parte ya he construido\u00bb, asegur\u00f3.<\/p>\n\n\n\n<p class=\"wp-block-paragraph\">Ya en 2016 Trump se comprometi\u00f3 a construir una barrera de hormig\u00f3n de 2.000 km de largo entre EE.UU. y M\u00e9xico, pero el plan qued\u00f3 estancado por la oposici\u00f3n en el Congreso y una avalancha de demandas.<\/p>\n\n\n\n<p class=\"wp-block-paragraph\">De acuerdo a un informe de la Oficina de Aduanas y Protecci\u00f3n Fronteriza de EE.UU., apenas se lleg\u00f3 a levantar unos 600 km desde enero de 2017 hasta que Trump dej\u00f3 la presidencia.<\/p>\n\n\n\n<p class=\"wp-block-paragraph\">Y Biden suspendi\u00f3 la construcci\u00f3n cuando lo sustituy\u00f3 en el cargo, aunque el a\u00f1o pasado su administraci\u00f3n permiti\u00f3 erigir una secci\u00f3n en el sur de Texas.<\/p>\n\n\n\n<p class=\"wp-block-paragraph\">Si es reelegido, Trump adelant\u00f3 que llevar\u00e1 tambi\u00e9n a cabo \u00abla mayor operaci\u00f3n de deportaciones de la historia de este pa\u00eds\u00bb.<\/p>\n\n\n\n<p class=\"wp-block-paragraph\">#TonaldTrump #Trump #migrantes #migraci\u00f3n #EstadosUnidos #EEUU<\/p>\n","protected":false},"excerpt":{"rendered":"<p>Se esperaba a un Donald Trump renovado, m\u00e1s moderado, pero pese a su tono calmado y un inicial llamado a la unidad, pronto vir\u00f3 hacia su discurso m\u00e1s conocido. \u00abTenemos que detener la invasi\u00f3n en nuestro pa\u00eds que est\u00e1 matando a cientos de miles de personas al a\u00f1o\u00bb. Esa fue la frase que devolvi\u00f3 a [&hellip;]<\/p>\n","protected":false},"author":1,"featured_media":5961,"comment_status":"open","ping_status":"open","sticky":false,"template":"","format":"standard","meta":{"footnotes":""},"categories":[54],"tags":[],"class_list":["post-5959","post","type-post","status-publish","format-standard","has-post-thumbnail","hentry","category-internacional"],"yoast_head":"<!-- This site is optimized with the Yoast SEO plugin v28.3 - https:\/\/yoast.com\/product\/yoast-seo-wordpress\/ -->\n<title>Trump sobre migraci\u00f3n: &quot;Est\u00e1n llegando no solo de Sudam\u00e9rica&quot;<\/title>\n<meta name=\"description\" content=\"&quot;Est\u00e1n llegando de todas partes, ya no solo de Sudam\u00e9rica. Vienen de Asia, de \u00c1frica...&quot;, dijo Donald Trump este jueves durante su discurso.\" \/>\n<meta name=\"robots\" content=\"index, follow, max-snippet:-1, max-image-preview:large, max-video-preview:-1\" \/>\n<link rel=\"canonical\" href=\"https:\/\/foreverfutbol.com.ec\/radio\/internacional\/trump-sobre-migracion-estan-llegando-de-todas-partes-ya-no-solo-de-sudamerica-vienen-de-asia-de-africa\/\" \/>\n<meta property=\"og:locale\" content=\"es_ES\" \/>\n<meta property=\"og:type\" content=\"article\" \/>\n<meta property=\"og:title\" content=\"Trump sobre migraci\u00f3n: &quot;Est\u00e1n llegando no solo de Sudam\u00e9rica&quot;\" \/>\n<meta property=\"og:description\" content=\"&quot;Est\u00e1n llegando de todas partes, ya no solo de Sudam\u00e9rica. Vienen de Asia, de \u00c1frica...&quot;, dijo Donald Trump este jueves durante su discurso.\" \/>\n<meta property=\"og:url\" content=\"https:\/\/foreverfutbol.com.ec\/radio\/internacional\/trump-sobre-migracion-estan-llegando-de-todas-partes-ya-no-solo-de-sudamerica-vienen-de-asia-de-africa\/\" \/>\n<meta property=\"og:site_name\" content=\"92.5 FOREVER Radio\" \/>\n<meta property=\"article:publisher\" content=\"https:\/\/www.facebook.com\/profile.php?id=100063550693491\" \/>\n<meta property=\"article:published_time\" content=\"2024-07-19T20:38:07+00:00\" \/>\n<meta property=\"article:modified_time\" content=\"2024-07-19T20:39:30+00:00\" \/>\n<meta property=\"og:image\" content=\"https:\/\/foreverfutbol.com.ec\/radio\/wp-content\/uploads\/2024\/07\/TonaldTrump-Trump-migrantes-migracion-EstadosUnidos-EEUURadioForever-.png\" \/>\n\t<meta property=\"og:image:width\" content=\"1280\" \/>\n\t<meta property=\"og:image:height\" content=\"865\" \/>\n\t<meta property=\"og:image:type\" content=\"image\/png\" \/>\n<meta name=\"author\" content=\"Ricardo Rodriguez\" \/>\n<meta name=\"twitter:card\" content=\"summary_large_image\" \/>\n<meta name=\"twitter:creator\" content=\"@925forever\" \/>\n<meta name=\"twitter:site\" content=\"@925forever\" \/>\n<meta name=\"twitter:label1\" content=\"Escrito por\" \/>\n\t<meta name=\"twitter:data1\" content=\"Ricardo Rodriguez\" \/>\n\t<meta name=\"twitter:label2\" content=\"Tiempo de lectura\" \/>\n\t<meta name=\"twitter:data2\" content=\"2 minutos\" \/>\n<script type=\"application\/ld+json\" class=\"yoast-schema-graph\">{\"@context\":\"https:\\\/\\\/schema.org\",\"@graph\":[{\"@type\":\"Article\",\"@id\":\"https:\\\/\\\/foreverfutbol.com.ec\\\/radio\\\/internacional\\\/trump-sobre-migracion-estan-llegando-de-todas-partes-ya-no-solo-de-sudamerica-vienen-de-asia-de-africa\\\/#article\",\"isPartOf\":{\"@id\":\"https:\\\/\\\/foreverfutbol.com.ec\\\/radio\\\/internacional\\\/trump-sobre-migracion-estan-llegando-de-todas-partes-ya-no-solo-de-sudamerica-vienen-de-asia-de-africa\\\/\"},\"author\":{\"name\":\"Ricardo Rodriguez\",\"@id\":\"https:\\\/\\\/foreverfutbol.com.ec\\\/radio\\\/#\\\/schema\\\/person\\\/2f679dd16f889ac00df6e7b648062a01\"},\"headline\":\"Trump sobre migraci\u00f3n: \u00abEst\u00e1n llegando de todas partes, ya no solo de Sudam\u00e9rica. Vienen de Asia, de \u00c1frica\u00bb\",\"datePublished\":\"2024-07-19T20:38:07+00:00\",\"dateModified\":\"2024-07-19T20:39:30+00:00\",\"mainEntityOfPage\":{\"@id\":\"https:\\\/\\\/foreverfutbol.com.ec\\\/radio\\\/internacional\\\/trump-sobre-migracion-estan-llegando-de-todas-partes-ya-no-solo-de-sudamerica-vienen-de-asia-de-africa\\\/\"},\"wordCount\":347,\"commentCount\":0,\"publisher\":{\"@id\":\"https:\\\/\\\/foreverfutbol.com.ec\\\/radio\\\/#organization\"},\"image\":{\"@id\":\"https:\\\/\\\/foreverfutbol.com.ec\\\/radio\\\/internacional\\\/trump-sobre-migracion-estan-llegando-de-todas-partes-ya-no-solo-de-sudamerica-vienen-de-asia-de-africa\\\/#primaryimage\"},\"thumbnailUrl\":\"https:\\\/\\\/foreverfutbol.com.ec\\\/radio\\\/wp-content\\\/uploads\\\/2024\\\/07\\\/TonaldTrump-Trump-migrantes-migracion-EstadosUnidos-EEUURadioForever-.png\",\"articleSection\":[\"Internacional\"],\"inLanguage\":\"es\",\"potentialAction\":[{\"@type\":\"CommentAction\",\"name\":\"Comment\",\"target\":[\"https:\\\/\\\/foreverfutbol.com.ec\\\/radio\\\/internacional\\\/trump-sobre-migracion-estan-llegando-de-todas-partes-ya-no-solo-de-sudamerica-vienen-de-asia-de-africa\\\/#respond\"]}]},{\"@type\":\"WebPage\",\"@id\":\"https:\\\/\\\/foreverfutbol.com.ec\\\/radio\\\/internacional\\\/trump-sobre-migracion-estan-llegando-de-todas-partes-ya-no-solo-de-sudamerica-vienen-de-asia-de-africa\\\/\",\"url\":\"https:\\\/\\\/foreverfutbol.com.ec\\\/radio\\\/internacional\\\/trump-sobre-migracion-estan-llegando-de-todas-partes-ya-no-solo-de-sudamerica-vienen-de-asia-de-africa\\\/\",\"name\":\"Trump sobre migraci\u00f3n: \\\"Est\u00e1n llegando no solo de Sudam\u00e9rica\\\"\",\"isPartOf\":{\"@id\":\"https:\\\/\\\/foreverfutbol.com.ec\\\/radio\\\/#website\"},\"primaryImageOfPage\":{\"@id\":\"https:\\\/\\\/foreverfutbol.com.ec\\\/radio\\\/internacional\\\/trump-sobre-migracion-estan-llegando-de-todas-partes-ya-no-solo-de-sudamerica-vienen-de-asia-de-africa\\\/#primaryimage\"},\"image\":{\"@id\":\"https:\\\/\\\/foreverfutbol.com.ec\\\/radio\\\/internacional\\\/trump-sobre-migracion-estan-llegando-de-todas-partes-ya-no-solo-de-sudamerica-vienen-de-asia-de-africa\\\/#primaryimage\"},\"thumbnailUrl\":\"https:\\\/\\\/foreverfutbol.com.ec\\\/radio\\\/wp-content\\\/uploads\\\/2024\\\/07\\\/TonaldTrump-Trump-migrantes-migracion-EstadosUnidos-EEUURadioForever-.png\",\"datePublished\":\"2024-07-19T20:38:07+00:00\",\"dateModified\":\"2024-07-19T20:39:30+00:00\",\"description\":\"\\\"Est\u00e1n llegando de todas partes, ya no solo de Sudam\u00e9rica. Vienen de Asia, de \u00c1frica...\\\", dijo Donald Trump este jueves durante su discurso.\",\"breadcrumb\":{\"@id\":\"https:\\\/\\\/foreverfutbol.com.ec\\\/radio\\\/internacional\\\/trump-sobre-migracion-estan-llegando-de-todas-partes-ya-no-solo-de-sudamerica-vienen-de-asia-de-africa\\\/#breadcrumb\"},\"inLanguage\":\"es\",\"potentialAction\":[{\"@type\":\"ReadAction\",\"target\":[\"https:\\\/\\\/foreverfutbol.com.ec\\\/radio\\\/internacional\\\/trump-sobre-migracion-estan-llegando-de-todas-partes-ya-no-solo-de-sudamerica-vienen-de-asia-de-africa\\\/\"]}]},{\"@type\":\"ImageObject\",\"inLanguage\":\"es\",\"@id\":\"https:\\\/\\\/foreverfutbol.com.ec\\\/radio\\\/internacional\\\/trump-sobre-migracion-estan-llegando-de-todas-partes-ya-no-solo-de-sudamerica-vienen-de-asia-de-africa\\\/#primaryimage\",\"url\":\"https:\\\/\\\/foreverfutbol.com.ec\\\/radio\\\/wp-content\\\/uploads\\\/2024\\\/07\\\/TonaldTrump-Trump-migrantes-migracion-EstadosUnidos-EEUURadioForever-.png\",\"contentUrl\":\"https:\\\/\\\/foreverfutbol.com.ec\\\/radio\\\/wp-content\\\/uploads\\\/2024\\\/07\\\/TonaldTrump-Trump-migrantes-migracion-EstadosUnidos-EEUURadioForever-.png\",\"width\":1280,\"height\":865},{\"@type\":\"BreadcrumbList\",\"@id\":\"https:\\\/\\\/foreverfutbol.com.ec\\\/radio\\\/internacional\\\/trump-sobre-migracion-estan-llegando-de-todas-partes-ya-no-solo-de-sudamerica-vienen-de-asia-de-africa\\\/#breadcrumb\",\"itemListElement\":[{\"@type\":\"ListItem\",\"position\":1,\"name\":\"Portada\",\"item\":\"https:\\\/\\\/foreverfutbol.com.ec\\\/radio\\\/\"},{\"@type\":\"ListItem\",\"position\":2,\"name\":\"Trump sobre migraci\u00f3n: \u00abEst\u00e1n llegando de todas partes, ya no solo de Sudam\u00e9rica. Vienen de Asia, de \u00c1frica\u00bb\"}]},{\"@type\":\"WebSite\",\"@id\":\"https:\\\/\\\/foreverfutbol.com.ec\\\/radio\\\/#website\",\"url\":\"https:\\\/\\\/foreverfutbol.com.ec\\\/radio\\\/\",\"name\":\"92.5 FOREVER Radio\",\"description\":\"\",\"publisher\":{\"@id\":\"https:\\\/\\\/foreverfutbol.com.ec\\\/radio\\\/#organization\"},\"potentialAction\":[{\"@type\":\"SearchAction\",\"target\":{\"@type\":\"EntryPoint\",\"urlTemplate\":\"https:\\\/\\\/foreverfutbol.com.ec\\\/radio\\\/?s={search_term_string}\"},\"query-input\":{\"@type\":\"PropertyValueSpecification\",\"valueRequired\":true,\"valueName\":\"search_term_string\"}}],\"inLanguage\":\"es\"},{\"@type\":\"Organization\",\"@id\":\"https:\\\/\\\/foreverfutbol.com.ec\\\/radio\\\/#organization\",\"name\":\"92.5 FOREVER Radio\",\"url\":\"https:\\\/\\\/foreverfutbol.com.ec\\\/radio\\\/\",\"logo\":{\"@type\":\"ImageObject\",\"inLanguage\":\"es\",\"@id\":\"https:\\\/\\\/foreverfutbol.com.ec\\\/radio\\\/#\\\/schema\\\/logo\\\/image\\\/\",\"url\":\"https:\\\/\\\/foreverfutbol.com.ec\\\/radio\\\/wp-content\\\/uploads\\\/2024\\\/01\\\/cropped-logo-forever.png\",\"contentUrl\":\"https:\\\/\\\/foreverfutbol.com.ec\\\/radio\\\/wp-content\\\/uploads\\\/2024\\\/01\\\/cropped-logo-forever.png\",\"width\":180,\"height\":154,\"caption\":\"92.5 FOREVER Radio\"},\"image\":{\"@id\":\"https:\\\/\\\/foreverfutbol.com.ec\\\/radio\\\/#\\\/schema\\\/logo\\\/image\\\/\"},\"sameAs\":[\"https:\\\/\\\/www.facebook.com\\\/profile.php?id=100063550693491\",\"https:\\\/\\\/x.com\\\/925forever\",\"https:\\\/\\\/www.instagram.com\\\/radioforever925\\\/\"]},{\"@type\":\"Person\",\"@id\":\"https:\\\/\\\/foreverfutbol.com.ec\\\/radio\\\/#\\\/schema\\\/person\\\/2f679dd16f889ac00df6e7b648062a01\",\"name\":\"Ricardo Rodriguez\",\"image\":{\"@type\":\"ImageObject\",\"inLanguage\":\"es\",\"@id\":\"https:\\\/\\\/secure.gravatar.com\\\/avatar\\\/5d9dfb95700bd0c503ed088d29de94822b5cc66a74cb0362774e6fc534823d07?s=96&d=mm&r=g\",\"url\":\"https:\\\/\\\/secure.gravatar.com\\\/avatar\\\/5d9dfb95700bd0c503ed088d29de94822b5cc66a74cb0362774e6fc534823d07?s=96&d=mm&r=g\",\"contentUrl\":\"https:\\\/\\\/secure.gravatar.com\\\/avatar\\\/5d9dfb95700bd0c503ed088d29de94822b5cc66a74cb0362774e6fc534823d07?s=96&d=mm&r=g\",\"caption\":\"Ricardo Rodriguez\"},\"sameAs\":[\"https:\\\/\\\/foreverfutbol.com.ec\\\/radio\"],\"url\":\"https:\\\/\\\/foreverfutbol.com.ec\\\/radio\\\/author\\\/superdmin\\\/\"}]}<\/script>\n<!-- \/ Yoast SEO plugin. -->","yoast_head_json":{"title":"Trump sobre migraci\u00f3n: \"Est\u00e1n llegando no solo de Sudam\u00e9rica\"","description":"\"Est\u00e1n llegando de todas partes, ya no solo de Sudam\u00e9rica. Vienen de Asia, de \u00c1frica...\", dijo Donald Trump este jueves durante su discurso.","robots":{"index":"index","follow":"follow","max-snippet":"max-snippet:-1","max-image-preview":"max-image-preview:large","max-video-preview":"max-video-preview:-1"},"canonical":"https:\/\/foreverfutbol.com.ec\/radio\/internacional\/trump-sobre-migracion-estan-llegando-de-todas-partes-ya-no-solo-de-sudamerica-vienen-de-asia-de-africa\/","og_locale":"es_ES","og_type":"article","og_title":"Trump sobre migraci\u00f3n: \"Est\u00e1n llegando no solo de Sudam\u00e9rica\"","og_description":"\"Est\u00e1n llegando de todas partes, ya no solo de Sudam\u00e9rica. Vienen de Asia, de \u00c1frica...\", dijo Donald Trump este jueves durante su discurso.","og_url":"https:\/\/foreverfutbol.com.ec\/radio\/internacional\/trump-sobre-migracion-estan-llegando-de-todas-partes-ya-no-solo-de-sudamerica-vienen-de-asia-de-africa\/","og_site_name":"92.5 FOREVER Radio","article_publisher":"https:\/\/www.facebook.com\/profile.php?id=100063550693491","article_published_time":"2024-07-19T20:38:07+00:00","article_modified_time":"2024-07-19T20:39:30+00:00","og_image":[{"width":1280,"height":865,"url":"https:\/\/foreverfutbol.com.ec\/radio\/wp-content\/uploads\/2024\/07\/TonaldTrump-Trump-migrantes-migracion-EstadosUnidos-EEUURadioForever-.png","type":"image\/png"}],"author":"Ricardo Rodriguez","twitter_card":"summary_large_image","twitter_creator":"@925forever","twitter_site":"@925forever","twitter_misc":{"Escrito por":"Ricardo Rodriguez","Tiempo de lectura":"2 minutos"},"schema":{"@context":"https:\/\/schema.org","@graph":[{"@type":"Article","@id":"https:\/\/foreverfutbol.com.ec\/radio\/internacional\/trump-sobre-migracion-estan-llegando-de-todas-partes-ya-no-solo-de-sudamerica-vienen-de-asia-de-africa\/#article","isPartOf":{"@id":"https:\/\/foreverfutbol.com.ec\/radio\/internacional\/trump-sobre-migracion-estan-llegando-de-todas-partes-ya-no-solo-de-sudamerica-vienen-de-asia-de-africa\/"},"author":{"name":"Ricardo Rodriguez","@id":"https:\/\/foreverfutbol.com.ec\/radio\/#\/schema\/person\/2f679dd16f889ac00df6e7b648062a01"},"headline":"Trump sobre migraci\u00f3n: \u00abEst\u00e1n llegando de todas partes, ya no solo de Sudam\u00e9rica. Vienen de Asia, de \u00c1frica\u00bb","datePublished":"2024-07-19T20:38:07+00:00","dateModified":"2024-07-19T20:39:30+00:00","mainEntityOfPage":{"@id":"https:\/\/foreverfutbol.com.ec\/radio\/internacional\/trump-sobre-migracion-estan-llegando-de-todas-partes-ya-no-solo-de-sudamerica-vienen-de-asia-de-africa\/"},"wordCount":347,"commentCount":0,"publisher":{"@id":"https:\/\/foreverfutbol.com.ec\/radio\/#organization"},"image":{"@id":"https:\/\/foreverfutbol.com.ec\/radio\/internacional\/trump-sobre-migracion-estan-llegando-de-todas-partes-ya-no-solo-de-sudamerica-vienen-de-asia-de-africa\/#primaryimage"},"thumbnailUrl":"https:\/\/foreverfutbol.com.ec\/radio\/wp-content\/uploads\/2024\/07\/TonaldTrump-Trump-migrantes-migracion-EstadosUnidos-EEUURadioForever-.png","articleSection":["Internacional"],"inLanguage":"es","potentialAction":[{"@type":"CommentAction","name":"Comment","target":["https:\/\/foreverfutbol.com.ec\/radio\/internacional\/trump-sobre-migracion-estan-llegando-de-todas-partes-ya-no-solo-de-sudamerica-vienen-de-asia-de-africa\/#respond"]}]},{"@type":"WebPage","@id":"https:\/\/foreverfutbol.com.ec\/radio\/internacional\/trump-sobre-migracion-estan-llegando-de-todas-partes-ya-no-solo-de-sudamerica-vienen-de-asia-de-africa\/","url":"https:\/\/foreverfutbol.com.ec\/radio\/internacional\/trump-sobre-migracion-estan-llegando-de-todas-partes-ya-no-solo-de-sudamerica-vienen-de-asia-de-africa\/","name":"Trump sobre migraci\u00f3n: \"Est\u00e1n llegando no solo de Sudam\u00e9rica\"","isPartOf":{"@id":"https:\/\/foreverfutbol.com.ec\/radio\/#website"},"primaryImageOfPage":{"@id":"https:\/\/foreverfutbol.com.ec\/radio\/internacional\/trump-sobre-migracion-estan-llegando-de-todas-partes-ya-no-solo-de-sudamerica-vienen-de-asia-de-africa\/#primaryimage"},"image":{"@id":"https:\/\/foreverfutbol.com.ec\/radio\/internacional\/trump-sobre-migracion-estan-llegando-de-todas-partes-ya-no-solo-de-sudamerica-vienen-de-asia-de-africa\/#primaryimage"},"thumbnailUrl":"https:\/\/foreverfutbol.com.ec\/radio\/wp-content\/uploads\/2024\/07\/TonaldTrump-Trump-migrantes-migracion-EstadosUnidos-EEUURadioForever-.png","datePublished":"2024-07-19T20:38:07+00:00","dateModified":"2024-07-19T20:39:30+00:00","description":"\"Est\u00e1n llegando de todas partes, ya no solo de Sudam\u00e9rica. Vienen de Asia, de \u00c1frica...\", dijo Donald Trump este jueves durante su discurso.","breadcrumb":{"@id":"https:\/\/foreverfutbol.com.ec\/radio\/internacional\/trump-sobre-migracion-estan-llegando-de-todas-partes-ya-no-solo-de-sudamerica-vienen-de-asia-de-africa\/#breadcrumb"},"inLanguage":"es","potentialAction":[{"@type":"ReadAction","target":["https:\/\/foreverfutbol.com.ec\/radio\/internacional\/trump-sobre-migracion-estan-llegando-de-todas-partes-ya-no-solo-de-sudamerica-vienen-de-asia-de-africa\/"]}]},{"@type":"ImageObject","inLanguage":"es","@id":"https:\/\/foreverfutbol.com.ec\/radio\/internacional\/trump-sobre-migracion-estan-llegando-de-todas-partes-ya-no-solo-de-sudamerica-vienen-de-asia-de-africa\/#primaryimage","url":"https:\/\/foreverfutbol.com.ec\/radio\/wp-content\/uploads\/2024\/07\/TonaldTrump-Trump-migrantes-migracion-EstadosUnidos-EEUURadioForever-.png","contentUrl":"https:\/\/foreverfutbol.com.ec\/radio\/wp-content\/uploads\/2024\/07\/TonaldTrump-Trump-migrantes-migracion-EstadosUnidos-EEUURadioForever-.png","width":1280,"height":865},{"@type":"BreadcrumbList","@id":"https:\/\/foreverfutbol.com.ec\/radio\/internacional\/trump-sobre-migracion-estan-llegando-de-todas-partes-ya-no-solo-de-sudamerica-vienen-de-asia-de-africa\/#breadcrumb","itemListElement":[{"@type":"ListItem","position":1,"name":"Portada","item":"https:\/\/foreverfutbol.com.ec\/radio\/"},{"@type":"ListItem","position":2,"name":"Trump sobre migraci\u00f3n: \u00abEst\u00e1n llegando de todas partes, ya no solo de Sudam\u00e9rica. Vienen de Asia, de \u00c1frica\u00bb"}]},{"@type":"WebSite","@id":"https:\/\/foreverfutbol.com.ec\/radio\/#website","url":"https:\/\/foreverfutbol.com.ec\/radio\/","name":"92.5 FOREVER Radio","description":"","publisher":{"@id":"https:\/\/foreverfutbol.com.ec\/radio\/#organization"},"potentialAction":[{"@type":"SearchAction","target":{"@type":"EntryPoint","urlTemplate":"https:\/\/foreverfutbol.com.ec\/radio\/?s={search_term_string}"},"query-input":{"@type":"PropertyValueSpecification","valueRequired":true,"valueName":"search_term_string"}}],"inLanguage":"es"},{"@type":"Organization","@id":"https:\/\/foreverfutbol.com.ec\/radio\/#organization","name":"92.5 FOREVER Radio","url":"https:\/\/foreverfutbol.com.ec\/radio\/","logo":{"@type":"ImageObject","inLanguage":"es","@id":"https:\/\/foreverfutbol.com.ec\/radio\/#\/schema\/logo\/image\/","url":"https:\/\/foreverfutbol.com.ec\/radio\/wp-content\/uploads\/2024\/01\/cropped-logo-forever.png","contentUrl":"https:\/\/foreverfutbol.com.ec\/radio\/wp-content\/uploads\/2024\/01\/cropped-logo-forever.png","width":180,"height":154,"caption":"92.5 FOREVER Radio"},"image":{"@id":"https:\/\/foreverfutbol.com.ec\/radio\/#\/schema\/logo\/image\/"},"sameAs":["https:\/\/www.facebook.com\/profile.php?id=100063550693491","https:\/\/x.com\/925forever","https:\/\/www.instagram.com\/radioforever925\/"]},{"@type":"Person","@id":"https:\/\/foreverfutbol.com.ec\/radio\/#\/schema\/person\/2f679dd16f889ac00df6e7b648062a01","name":"Ricardo Rodriguez","image":{"@type":"ImageObject","inLanguage":"es","@id":"https:\/\/secure.gravatar.com\/avatar\/5d9dfb95700bd0c503ed088d29de94822b5cc66a74cb0362774e6fc534823d07?s=96&d=mm&r=g","url":"https:\/\/secure.gravatar.com\/avatar\/5d9dfb95700bd0c503ed088d29de94822b5cc66a74cb0362774e6fc534823d07?s=96&d=mm&r=g","contentUrl":"https:\/\/secure.gravatar.com\/avatar\/5d9dfb95700bd0c503ed088d29de94822b5cc66a74cb0362774e6fc534823d07?s=96&d=mm&r=g","caption":"Ricardo Rodriguez"},"sameAs":["https:\/\/foreverfutbol.com.ec\/radio"],"url":"https:\/\/foreverfutbol.com.ec\/radio\/author\/superdmin\/"}]}},"_links":{"self":[{"href":"https:\/\/foreverfutbol.com.ec\/radio\/wp-json\/wp\/v2\/posts\/5959","targetHints":{"allow":["GET"]}}],"collection":[{"href":"https:\/\/foreverfutbol.com.ec\/radio\/wp-json\/wp\/v2\/posts"}],"about":[{"href":"https:\/\/foreverfutbol.com.ec\/radio\/wp-json\/wp\/v2\/types\/post"}],"author":[{"embeddable":true,"href":"https:\/\/foreverfutbol.com.ec\/radio\/wp-json\/wp\/v2\/users\/1"}],"replies":[{"embeddable":true,"href":"https:\/\/foreverfutbol.com.ec\/radio\/wp-json\/wp\/v2\/comments?post=5959"}],"version-history":[{"count":1,"href":"https:\/\/foreverfutbol.com.ec\/radio\/wp-json\/wp\/v2\/posts\/5959\/revisions"}],"predecessor-version":[{"id":5960,"href":"https:\/\/foreverfutbol.com.ec\/radio\/wp-json\/wp\/v2\/posts\/5959\/revisions\/5960"}],"wp:featuredmedia":[{"embeddable":true,"href":"https:\/\/foreverfutbol.com.ec\/radio\/wp-json\/wp\/v2\/media\/5961"}],"wp:attachment":[{"href":"https:\/\/foreverfutbol.com.ec\/radio\/wp-json\/wp\/v2\/media?parent=5959"}],"wp:term":[{"taxonomy":"category","embeddable":true,"href":"https:\/\/foreverfutbol.com.ec\/radio\/wp-json\/wp\/v2\/categories?post=5959"},{"taxonomy":"post_tag","embeddable":true,"href":"https:\/\/foreverfutbol.com.ec\/radio\/wp-json\/wp\/v2\/tags?post=5959"}],"curies":[{"name":"wp","href":"https:\/\/api.w.org\/{rel}","templated":true}]}}