{"id":31920,"date":"2026-09-04T16:29:28","date_gmt":"2026-09-04T21:29:28","guid":{"rendered":"https:\/\/foreverfutbol.com.ec\/radio\/?p=31920"},"modified":"2026-09-04T16:29:44","modified_gmt":"2026-09-04T21:29:44","slug":"ministro-del-interior-denuncia-plan-para-frenar-extradicion-de-alias-pipo","status":"publish","type":"post","link":"https:\/\/foreverfutbol.com.ec\/radio\/seguridad\/ministro-del-interior-denuncia-plan-para-frenar-extradicion-de-alias-pipo\/","title":{"rendered":"Ministro del Interior denuncia plan para frenar extradici\u00f3n de alias \u2018Pipo\u2019"},"content":{"rendered":"\n<p class=\"wp-block-paragraph\">El <strong>ministro del Interior, John Reimberg<\/strong>, asegur\u00f3 este viernes 4 de septiembre que se estar\u00eda intentando generar una narrativa negativa sobre la <strong>C\u00e1rcel del Encuentro<\/strong> para afectar la imagen del sistema penitenciario y frenar el proceso de <strong>extradici\u00f3n de alias \u2018Pipo\u2019<\/strong>, se\u00f1alado como cabecilla de Los Lobos.<\/p>\n\n\n\n<p class=\"wp-block-paragraph\">Reimberg indic\u00f3 que la decisi\u00f3n sobre el recurso presentado por Pipo est\u00e1 en manos de la <strong>Audiencia Nacional de Espa\u00f1a<\/strong>. El Gobierno ecuatoriano espera que durante septiembre se conozca una resoluci\u00f3n definitiva sobre su posible traslado a Ecuador.<\/p>\n\n\n\n<h2 class=\"wp-block-heading\">C\u00e1rcel del Encuentro y publicaciones en redes sociales<\/h2>\n\n\n\n<p class=\"wp-block-paragraph\">Las declaraciones del ministro surgieron despu\u00e9s de una publicaci\u00f3n difundida desde la cuenta de X del exministro <strong>Jos\u00e9 Serrano<\/strong>, quien recientemente ingres\u00f3 a la C\u00e1rcel del Encuentro tras su deportaci\u00f3n desde Estados Unidos.<\/p>\n\n\n\n<p class=\"wp-block-paragraph\">En el contenido se mencionaban supuestos tratos recibidos dentro del centro penitenciario. Sin embargo, el <strong>SNAI<\/strong> sostuvo que la publicaci\u00f3n no fue realizada desde la c\u00e1rcel.<\/p>\n\n\n\n<p class=\"wp-block-paragraph\">Reimberg afirm\u00f3 que Serrano <strong>no tiene acceso a tel\u00e9fonos celulares ni redes sociales<\/strong> dentro del centro penitenciario, por lo que rechaz\u00f3 las versiones relacionadas con una supuesta falta de control.<\/p>\n\n\n\n<p class=\"wp-block-paragraph\">Tamia Villavicencio tambi\u00e9n pidi\u00f3 investigar el manejo de la cuenta de Serrano y se\u00f1al\u00f3 que familiares del exfuncionario podr\u00edan estar administr\u00e1ndola.<\/p>\n\n\n\n<h2 class=\"wp-block-heading\">Gobierno se\u00f1ala una posible estrategia<\/h2>\n\n\n\n<p class=\"wp-block-paragraph\">Reimberg sostuvo que detr\u00e1s de los cuestionamientos a la C\u00e1rcel del Encuentro existir\u00eda una estrategia para generar presi\u00f3n alrededor del proceso de extradici\u00f3n de alias Pipo.<\/p>\n\n\n\n<p class=\"wp-block-paragraph\">El ministro mencion\u00f3 a <strong>Aquiles Alvarez, Jorge Glas, Daniel Salcedo, Pablo Muentes y \u00c1ngel Aguilar, alias \u2018Lobo Menor\u2019<\/strong>, como personas privadas de libertad que, seg\u00fan su versi\u00f3n, tendr\u00edan inter\u00e9s en afectar la imagen del centro penitenciario.<\/p>\n\n\n\n<p class=\"wp-block-paragraph\">El funcionario afirm\u00f3 que se busca instalar una narrativa sobre supuestos abusos o problemas de seguridad con el prop\u00f3sito de beneficiar al l\u00edder de Los Lobos.<\/p>\n\n\n\n<h2 class=\"wp-block-heading\">Decisi\u00f3n sobre alias \u2018Pipo\u2019<\/h2>\n\n\n\n<p class=\"wp-block-paragraph\">Alias <strong>\u2018Pipo\u2019<\/strong> present\u00f3 un recurso de s\u00faplica ante la justicia espa\u00f1ola para intentar evitar su extradici\u00f3n a Ecuador.<\/p>\n\n\n\n<p class=\"wp-block-paragraph\">El Gobierno considera que la decisi\u00f3n de Espa\u00f1a ser\u00e1 determinante para conocer si el se\u00f1alado cabecilla de Los Lobos deber\u00e1 regresar al pa\u00eds para enfrentar los procesos judiciales correspondientes.<\/p>\n\n\n\n<p class=\"wp-block-paragraph\">Reimberg manifest\u00f3 que espera que la resoluci\u00f3n se conozca durante septiembre, mientras las autoridades ecuatorianas mantienen seguimiento al procedimiento internacional.<\/p>\n\n\n\n<h2 class=\"wp-block-heading\">Daniel Salcedo y otras extradiciones<\/h2>\n\n\n\n<p class=\"wp-block-paragraph\">Durante sus declaraciones, Reimberg tambi\u00e9n inform\u00f3 que existen entre <strong>cuatro y cinco personas<\/strong> cuyos procesos de extradici\u00f3n hacia Estados Unidos estar\u00edan avanzando.<\/p>\n\n\n\n<p class=\"wp-block-paragraph\">Entre ellas mencion\u00f3 a <strong>Daniel Salcedo<\/strong>, quien, seg\u00fan el ministro, habr\u00eda aceptado su extradici\u00f3n y ser\u00eda requerido por autoridades estadounidenses por investigaciones relacionadas con <strong>lavado de activos y narcotr\u00e1fico<\/strong>.<\/p>\n\n\n\n<p class=\"wp-block-paragraph\">Tambi\u00e9n mencion\u00f3 a alias \u2018Gerente\u2019, familiares de este y una persona de apellido Herrera.<\/p>\n\n\n\n<h2 class=\"wp-block-heading\">Operativos de seguridad en Quito<\/h2>\n\n\n\n<p class=\"wp-block-paragraph\">El ministro inform\u00f3 adem\u00e1s los resultados del <strong>plan de protecci\u00f3n de Quito<\/strong>, que registra <strong>11.207 intervenciones policiales<\/strong>.<\/p>\n\n\n\n<p class=\"wp-block-paragraph\">Seg\u00fan las cifras entregadas, las operaciones han permitido detener a <strong>804 personas<\/strong>, decomisar m\u00e1s de <strong>62 armas de fuego<\/strong>, incautar m\u00e1s de <strong>1.231 armas blancas<\/strong> y recuperar <strong>65 veh\u00edculos reportados como robados<\/strong>.<\/p>\n\n\n\n<p class=\"wp-block-paragraph\">Reimberg asegur\u00f3 que el Gobierno continuar\u00e1 reforzando los operativos de seguridad en Quito y otras provincias, mientras avanza la estrategia contra las organizaciones criminales y los procesos de extradici\u00f3n internacional.<\/p>\n\n\n\n<p class=\"wp-block-paragraph\"><\/p>\n","protected":false},"excerpt":{"rendered":"<p>El ministro del Interior, John Reimberg, asegur\u00f3 este viernes 4 de septiembre que se estar\u00eda intentando generar una narrativa negativa sobre la C\u00e1rcel del Encuentro para afectar la imagen del sistema penitenciario y frenar el proceso de extradici\u00f3n de alias \u2018Pipo\u2019, se\u00f1alado como cabecilla de Los Lobos. Reimberg indic\u00f3 que la decisi\u00f3n sobre el recurso [&hellip;]<\/p>\n","protected":false},"author":1,"featured_media":31921,"comment_status":"open","ping_status":"open","sticky":false,"template":"","format":"standard","meta":{"footnotes":""},"categories":[143],"tags":[],"class_list":["post-31920","post","type-post","status-publish","format-standard","has-post-thumbnail","hentry","category-seguridad"],"yoast_head":"<!-- This site is optimized with the Yoast SEO plugin v28.3 - https:\/\/yoast.com\/product\/yoast-seo-wordpress\/ -->\n<title>Ministro del Interior denuncia plan para frenar extradici\u00f3n de alias \u2018Pipo\u2019 - 92.5 FOREVER Radio<\/title>\n<meta name=\"description\" content=\"John Reimberg denuncia una supuesta estrategia desde la C\u00e1rcel del Encuentro para afectar el proceso de extradici\u00f3n de alias \u2018Pipo\u2019\" \/>\n<meta name=\"robots\" content=\"index, follow, max-snippet:-1, max-image-preview:large, max-video-preview:-1\" \/>\n<link rel=\"canonical\" href=\"https:\/\/foreverfutbol.com.ec\/radio\/seguridad\/ministro-del-interior-denuncia-plan-para-frenar-extradicion-de-alias-pipo\/\" \/>\n<meta property=\"og:locale\" content=\"es_ES\" \/>\n<meta property=\"og:type\" content=\"article\" \/>\n<meta property=\"og:title\" content=\"Ministro del Interior denuncia plan para frenar extradici\u00f3n de alias \u2018Pipo\u2019 - 92.5 FOREVER Radio\" \/>\n<meta property=\"og:description\" content=\"John Reimberg denuncia una supuesta estrategia desde la C\u00e1rcel del Encuentro para afectar el proceso de extradici\u00f3n de alias \u2018Pipo\u2019\" \/>\n<meta property=\"og:url\" content=\"https:\/\/foreverfutbol.com.ec\/radio\/seguridad\/ministro-del-interior-denuncia-plan-para-frenar-extradicion-de-alias-pipo\/\" \/>\n<meta property=\"og:site_name\" content=\"92.5 FOREVER Radio\" \/>\n<meta property=\"article:publisher\" content=\"https:\/\/www.facebook.com\/profile.php?id=100063550693491\" \/>\n<meta property=\"article:published_time\" content=\"2026-09-04T21:29:28+00:00\" \/>\n<meta property=\"article:modified_time\" content=\"2026-09-04T21:29:44+00:00\" \/>\n<meta name=\"author\" content=\"Ricardo Rodriguez\" \/>\n<meta name=\"twitter:card\" content=\"summary_large_image\" \/>\n<meta name=\"twitter:creator\" content=\"@925forever\" \/>\n<meta name=\"twitter:site\" content=\"@925forever\" \/>\n<meta name=\"twitter:label1\" content=\"Escrito por\" \/>\n\t<meta name=\"twitter:data1\" content=\"Ricardo Rodriguez\" \/>\n\t<meta name=\"twitter:label2\" content=\"Tiempo de lectura\" \/>\n\t<meta name=\"twitter:data2\" content=\"3 minutos\" \/>\n<script type=\"application\/ld+json\" class=\"yoast-schema-graph\">{\"@context\":\"https:\\\/\\\/schema.org\",\"@graph\":[{\"@type\":\"Article\",\"@id\":\"https:\\\/\\\/foreverfutbol.com.ec\\\/radio\\\/seguridad\\\/ministro-del-interior-denuncia-plan-para-frenar-extradicion-de-alias-pipo\\\/#article\",\"isPartOf\":{\"@id\":\"https:\\\/\\\/foreverfutbol.com.ec\\\/radio\\\/seguridad\\\/ministro-del-interior-denuncia-plan-para-frenar-extradicion-de-alias-pipo\\\/\"},\"author\":{\"name\":\"Ricardo Rodriguez\",\"@id\":\"https:\\\/\\\/foreverfutbol.com.ec\\\/radio\\\/#\\\/schema\\\/person\\\/2f679dd16f889ac00df6e7b648062a01\"},\"headline\":\"Ministro del Interior denuncia plan para frenar extradici\u00f3n de alias \u2018Pipo\u2019\",\"datePublished\":\"2026-09-04T21:29:28+00:00\",\"dateModified\":\"2026-09-04T21:29:44+00:00\",\"mainEntityOfPage\":{\"@id\":\"https:\\\/\\\/foreverfutbol.com.ec\\\/radio\\\/seguridad\\\/ministro-del-interior-denuncia-plan-para-frenar-extradicion-de-alias-pipo\\\/\"},\"wordCount\":583,\"commentCount\":0,\"publisher\":{\"@id\":\"https:\\\/\\\/foreverfutbol.com.ec\\\/radio\\\/#organization\"},\"image\":{\"@id\":\"https:\\\/\\\/foreverfutbol.com.ec\\\/radio\\\/seguridad\\\/ministro-del-interior-denuncia-plan-para-frenar-extradicion-de-alias-pipo\\\/#primaryimage\"},\"thumbnailUrl\":\"https:\\\/\\\/foreverfutbol.com.ec\\\/radio\\\/wp-content\\\/uploads\\\/2026\\\/09\\\/67W3MRDZHZF4NOOC6LOB3GYDXY.avif\",\"articleSection\":[\"Seguridad\"],\"inLanguage\":\"es\",\"potentialAction\":[{\"@type\":\"CommentAction\",\"name\":\"Comment\",\"target\":[\"https:\\\/\\\/foreverfutbol.com.ec\\\/radio\\\/seguridad\\\/ministro-del-interior-denuncia-plan-para-frenar-extradicion-de-alias-pipo\\\/#respond\"]}]},{\"@type\":\"WebPage\",\"@id\":\"https:\\\/\\\/foreverfutbol.com.ec\\\/radio\\\/seguridad\\\/ministro-del-interior-denuncia-plan-para-frenar-extradicion-de-alias-pipo\\\/\",\"url\":\"https:\\\/\\\/foreverfutbol.com.ec\\\/radio\\\/seguridad\\\/ministro-del-interior-denuncia-plan-para-frenar-extradicion-de-alias-pipo\\\/\",\"name\":\"Ministro del Interior denuncia plan para frenar extradici\u00f3n de alias \u2018Pipo\u2019 - 92.5 FOREVER Radio\",\"isPartOf\":{\"@id\":\"https:\\\/\\\/foreverfutbol.com.ec\\\/radio\\\/#website\"},\"primaryImageOfPage\":{\"@id\":\"https:\\\/\\\/foreverfutbol.com.ec\\\/radio\\\/seguridad\\\/ministro-del-interior-denuncia-plan-para-frenar-extradicion-de-alias-pipo\\\/#primaryimage\"},\"image\":{\"@id\":\"https:\\\/\\\/foreverfutbol.com.ec\\\/radio\\\/seguridad\\\/ministro-del-interior-denuncia-plan-para-frenar-extradicion-de-alias-pipo\\\/#primaryimage\"},\"thumbnailUrl\":\"https:\\\/\\\/foreverfutbol.com.ec\\\/radio\\\/wp-content\\\/uploads\\\/2026\\\/09\\\/67W3MRDZHZF4NOOC6LOB3GYDXY.avif\",\"datePublished\":\"2026-09-04T21:29:28+00:00\",\"dateModified\":\"2026-09-04T21:29:44+00:00\",\"description\":\"John Reimberg denuncia una supuesta estrategia desde la C\u00e1rcel del Encuentro para afectar el proceso de extradici\u00f3n de alias \u2018Pipo\u2019\",\"breadcrumb\":{\"@id\":\"https:\\\/\\\/foreverfutbol.com.ec\\\/radio\\\/seguridad\\\/ministro-del-interior-denuncia-plan-para-frenar-extradicion-de-alias-pipo\\\/#breadcrumb\"},\"inLanguage\":\"es\",\"potentialAction\":[{\"@type\":\"ReadAction\",\"target\":[\"https:\\\/\\\/foreverfutbol.com.ec\\\/radio\\\/seguridad\\\/ministro-del-interior-denuncia-plan-para-frenar-extradicion-de-alias-pipo\\\/\"]}]},{\"@type\":\"ImageObject\",\"inLanguage\":\"es\",\"@id\":\"https:\\\/\\\/foreverfutbol.com.ec\\\/radio\\\/seguridad\\\/ministro-del-interior-denuncia-plan-para-frenar-extradicion-de-alias-pipo\\\/#primaryimage\",\"url\":\"https:\\\/\\\/foreverfutbol.com.ec\\\/radio\\\/wp-content\\\/uploads\\\/2026\\\/09\\\/67W3MRDZHZF4NOOC6LOB3GYDXY.avif\",\"contentUrl\":\"https:\\\/\\\/foreverfutbol.com.ec\\\/radio\\\/wp-content\\\/uploads\\\/2026\\\/09\\\/67W3MRDZHZF4NOOC6LOB3GYDXY.avif\",\"width\":1005,\"height\":670,\"caption\":\"Ministro del Interior denuncia plan para frenar extradici\u00f3n de alias \u2018Pipo\u2019\"},{\"@type\":\"BreadcrumbList\",\"@id\":\"https:\\\/\\\/foreverfutbol.com.ec\\\/radio\\\/seguridad\\\/ministro-del-interior-denuncia-plan-para-frenar-extradicion-de-alias-pipo\\\/#breadcrumb\",\"itemListElement\":[{\"@type\":\"ListItem\",\"position\":1,\"name\":\"Portada\",\"item\":\"https:\\\/\\\/foreverfutbol.com.ec\\\/radio\\\/\"},{\"@type\":\"ListItem\",\"position\":2,\"name\":\"Ministro del Interior denuncia plan para frenar extradici\u00f3n de alias \u2018Pipo\u2019\"}]},{\"@type\":\"WebSite\",\"@id\":\"https:\\\/\\\/foreverfutbol.com.ec\\\/radio\\\/#website\",\"url\":\"https:\\\/\\\/foreverfutbol.com.ec\\\/radio\\\/\",\"name\":\"92.5 FOREVER Radio\",\"description\":\"\",\"publisher\":{\"@id\":\"https:\\\/\\\/foreverfutbol.com.ec\\\/radio\\\/#organization\"},\"potentialAction\":[{\"@type\":\"SearchAction\",\"target\":{\"@type\":\"EntryPoint\",\"urlTemplate\":\"https:\\\/\\\/foreverfutbol.com.ec\\\/radio\\\/?s={search_term_string}\"},\"query-input\":{\"@type\":\"PropertyValueSpecification\",\"valueRequired\":true,\"valueName\":\"search_term_string\"}}],\"inLanguage\":\"es\"},{\"@type\":\"Organization\",\"@id\":\"https:\\\/\\\/foreverfutbol.com.ec\\\/radio\\\/#organization\",\"name\":\"92.5 FOREVER Radio\",\"url\":\"https:\\\/\\\/foreverfutbol.com.ec\\\/radio\\\/\",\"logo\":{\"@type\":\"ImageObject\",\"inLanguage\":\"es\",\"@id\":\"https:\\\/\\\/foreverfutbol.com.ec\\\/radio\\\/#\\\/schema\\\/logo\\\/image\\\/\",\"url\":\"https:\\\/\\\/foreverfutbol.com.ec\\\/radio\\\/wp-content\\\/uploads\\\/2024\\\/01\\\/cropped-logo-forever.png\",\"contentUrl\":\"https:\\\/\\\/foreverfutbol.com.ec\\\/radio\\\/wp-content\\\/uploads\\\/2024\\\/01\\\/cropped-logo-forever.png\",\"width\":180,\"height\":154,\"caption\":\"92.5 FOREVER Radio\"},\"image\":{\"@id\":\"https:\\\/\\\/foreverfutbol.com.ec\\\/radio\\\/#\\\/schema\\\/logo\\\/image\\\/\"},\"sameAs\":[\"https:\\\/\\\/www.facebook.com\\\/profile.php?id=100063550693491\",\"https:\\\/\\\/x.com\\\/925forever\",\"https:\\\/\\\/www.instagram.com\\\/radioforever925\\\/\"]},{\"@type\":\"Person\",\"@id\":\"https:\\\/\\\/foreverfutbol.com.ec\\\/radio\\\/#\\\/schema\\\/person\\\/2f679dd16f889ac00df6e7b648062a01\",\"name\":\"Ricardo Rodriguez\",\"image\":{\"@type\":\"ImageObject\",\"inLanguage\":\"es\",\"@id\":\"https:\\\/\\\/secure.gravatar.com\\\/avatar\\\/5d9dfb95700bd0c503ed088d29de94822b5cc66a74cb0362774e6fc534823d07?s=96&d=mm&r=g\",\"url\":\"https:\\\/\\\/secure.gravatar.com\\\/avatar\\\/5d9dfb95700bd0c503ed088d29de94822b5cc66a74cb0362774e6fc534823d07?s=96&d=mm&r=g\",\"contentUrl\":\"https:\\\/\\\/secure.gravatar.com\\\/avatar\\\/5d9dfb95700bd0c503ed088d29de94822b5cc66a74cb0362774e6fc534823d07?s=96&d=mm&r=g\",\"caption\":\"Ricardo Rodriguez\"},\"sameAs\":[\"https:\\\/\\\/foreverfutbol.com.ec\\\/radio\"],\"url\":\"https:\\\/\\\/foreverfutbol.com.ec\\\/radio\\\/author\\\/superdmin\\\/\"}]}<\/script>\n<!-- \/ Yoast SEO plugin. -->","yoast_head_json":{"title":"Ministro del Interior denuncia plan para frenar extradici\u00f3n de alias \u2018Pipo\u2019 - 92.5 FOREVER Radio","description":"John Reimberg denuncia una supuesta estrategia desde la C\u00e1rcel del Encuentro para afectar el proceso de extradici\u00f3n de alias \u2018Pipo\u2019","robots":{"index":"index","follow":"follow","max-snippet":"max-snippet:-1","max-image-preview":"max-image-preview:large","max-video-preview":"max-video-preview:-1"},"canonical":"https:\/\/foreverfutbol.com.ec\/radio\/seguridad\/ministro-del-interior-denuncia-plan-para-frenar-extradicion-de-alias-pipo\/","og_locale":"es_ES","og_type":"article","og_title":"Ministro del Interior denuncia plan para frenar extradici\u00f3n de alias \u2018Pipo\u2019 - 92.5 FOREVER Radio","og_description":"John Reimberg denuncia una supuesta estrategia desde la C\u00e1rcel del Encuentro para afectar el proceso de extradici\u00f3n de alias \u2018Pipo\u2019","og_url":"https:\/\/foreverfutbol.com.ec\/radio\/seguridad\/ministro-del-interior-denuncia-plan-para-frenar-extradicion-de-alias-pipo\/","og_site_name":"92.5 FOREVER Radio","article_publisher":"https:\/\/www.facebook.com\/profile.php?id=100063550693491","article_published_time":"2026-09-04T21:29:28+00:00","article_modified_time":"2026-09-04T21:29:44+00:00","author":"Ricardo Rodriguez","twitter_card":"summary_large_image","twitter_creator":"@925forever","twitter_site":"@925forever","twitter_misc":{"Escrito por":"Ricardo Rodriguez","Tiempo de lectura":"3 minutos"},"schema":{"@context":"https:\/\/schema.org","@graph":[{"@type":"Article","@id":"https:\/\/foreverfutbol.com.ec\/radio\/seguridad\/ministro-del-interior-denuncia-plan-para-frenar-extradicion-de-alias-pipo\/#article","isPartOf":{"@id":"https:\/\/foreverfutbol.com.ec\/radio\/seguridad\/ministro-del-interior-denuncia-plan-para-frenar-extradicion-de-alias-pipo\/"},"author":{"name":"Ricardo Rodriguez","@id":"https:\/\/foreverfutbol.com.ec\/radio\/#\/schema\/person\/2f679dd16f889ac00df6e7b648062a01"},"headline":"Ministro del Interior denuncia plan para frenar extradici\u00f3n de alias \u2018Pipo\u2019","datePublished":"2026-09-04T21:29:28+00:00","dateModified":"2026-09-04T21:29:44+00:00","mainEntityOfPage":{"@id":"https:\/\/foreverfutbol.com.ec\/radio\/seguridad\/ministro-del-interior-denuncia-plan-para-frenar-extradicion-de-alias-pipo\/"},"wordCount":583,"commentCount":0,"publisher":{"@id":"https:\/\/foreverfutbol.com.ec\/radio\/#organization"},"image":{"@id":"https:\/\/foreverfutbol.com.ec\/radio\/seguridad\/ministro-del-interior-denuncia-plan-para-frenar-extradicion-de-alias-pipo\/#primaryimage"},"thumbnailUrl":"https:\/\/foreverfutbol.com.ec\/radio\/wp-content\/uploads\/2026\/09\/67W3MRDZHZF4NOOC6LOB3GYDXY.avif","articleSection":["Seguridad"],"inLanguage":"es","potentialAction":[{"@type":"CommentAction","name":"Comment","target":["https:\/\/foreverfutbol.com.ec\/radio\/seguridad\/ministro-del-interior-denuncia-plan-para-frenar-extradicion-de-alias-pipo\/#respond"]}]},{"@type":"WebPage","@id":"https:\/\/foreverfutbol.com.ec\/radio\/seguridad\/ministro-del-interior-denuncia-plan-para-frenar-extradicion-de-alias-pipo\/","url":"https:\/\/foreverfutbol.com.ec\/radio\/seguridad\/ministro-del-interior-denuncia-plan-para-frenar-extradicion-de-alias-pipo\/","name":"Ministro del Interior denuncia plan para frenar extradici\u00f3n de alias \u2018Pipo\u2019 - 92.5 FOREVER Radio","isPartOf":{"@id":"https:\/\/foreverfutbol.com.ec\/radio\/#website"},"primaryImageOfPage":{"@id":"https:\/\/foreverfutbol.com.ec\/radio\/seguridad\/ministro-del-interior-denuncia-plan-para-frenar-extradicion-de-alias-pipo\/#primaryimage"},"image":{"@id":"https:\/\/foreverfutbol.com.ec\/radio\/seguridad\/ministro-del-interior-denuncia-plan-para-frenar-extradicion-de-alias-pipo\/#primaryimage"},"thumbnailUrl":"https:\/\/foreverfutbol.com.ec\/radio\/wp-content\/uploads\/2026\/09\/67W3MRDZHZF4NOOC6LOB3GYDXY.avif","datePublished":"2026-09-04T21:29:28+00:00","dateModified":"2026-09-04T21:29:44+00:00","description":"John Reimberg denuncia una supuesta estrategia desde la C\u00e1rcel del Encuentro para afectar el proceso de extradici\u00f3n de alias \u2018Pipo\u2019","breadcrumb":{"@id":"https:\/\/foreverfutbol.com.ec\/radio\/seguridad\/ministro-del-interior-denuncia-plan-para-frenar-extradicion-de-alias-pipo\/#breadcrumb"},"inLanguage":"es","potentialAction":[{"@type":"ReadAction","target":["https:\/\/foreverfutbol.com.ec\/radio\/seguridad\/ministro-del-interior-denuncia-plan-para-frenar-extradicion-de-alias-pipo\/"]}]},{"@type":"ImageObject","inLanguage":"es","@id":"https:\/\/foreverfutbol.com.ec\/radio\/seguridad\/ministro-del-interior-denuncia-plan-para-frenar-extradicion-de-alias-pipo\/#primaryimage","url":"https:\/\/foreverfutbol.com.ec\/radio\/wp-content\/uploads\/2026\/09\/67W3MRDZHZF4NOOC6LOB3GYDXY.avif","contentUrl":"https:\/\/foreverfutbol.com.ec\/radio\/wp-content\/uploads\/2026\/09\/67W3MRDZHZF4NOOC6LOB3GYDXY.avif","width":1005,"height":670,"caption":"Ministro del Interior denuncia plan para frenar extradici\u00f3n de alias \u2018Pipo\u2019"},{"@type":"BreadcrumbList","@id":"https:\/\/foreverfutbol.com.ec\/radio\/seguridad\/ministro-del-interior-denuncia-plan-para-frenar-extradicion-de-alias-pipo\/#breadcrumb","itemListElement":[{"@type":"ListItem","position":1,"name":"Portada","item":"https:\/\/foreverfutbol.com.ec\/radio\/"},{"@type":"ListItem","position":2,"name":"Ministro del Interior denuncia plan para frenar extradici\u00f3n de alias \u2018Pipo\u2019"}]},{"@type":"WebSite","@id":"https:\/\/foreverfutbol.com.ec\/radio\/#website","url":"https:\/\/foreverfutbol.com.ec\/radio\/","name":"92.5 FOREVER Radio","description":"","publisher":{"@id":"https:\/\/foreverfutbol.com.ec\/radio\/#organization"},"potentialAction":[{"@type":"SearchAction","target":{"@type":"EntryPoint","urlTemplate":"https:\/\/foreverfutbol.com.ec\/radio\/?s={search_term_string}"},"query-input":{"@type":"PropertyValueSpecification","valueRequired":true,"valueName":"search_term_string"}}],"inLanguage":"es"},{"@type":"Organization","@id":"https:\/\/foreverfutbol.com.ec\/radio\/#organization","name":"92.5 FOREVER Radio","url":"https:\/\/foreverfutbol.com.ec\/radio\/","logo":{"@type":"ImageObject","inLanguage":"es","@id":"https:\/\/foreverfutbol.com.ec\/radio\/#\/schema\/logo\/image\/","url":"https:\/\/foreverfutbol.com.ec\/radio\/wp-content\/uploads\/2024\/01\/cropped-logo-forever.png","contentUrl":"https:\/\/foreverfutbol.com.ec\/radio\/wp-content\/uploads\/2024\/01\/cropped-logo-forever.png","width":180,"height":154,"caption":"92.5 FOREVER Radio"},"image":{"@id":"https:\/\/foreverfutbol.com.ec\/radio\/#\/schema\/logo\/image\/"},"sameAs":["https:\/\/www.facebook.com\/profile.php?id=100063550693491","https:\/\/x.com\/925forever","https:\/\/www.instagram.com\/radioforever925\/"]},{"@type":"Person","@id":"https:\/\/foreverfutbol.com.ec\/radio\/#\/schema\/person\/2f679dd16f889ac00df6e7b648062a01","name":"Ricardo Rodriguez","image":{"@type":"ImageObject","inLanguage":"es","@id":"https:\/\/secure.gravatar.com\/avatar\/5d9dfb95700bd0c503ed088d29de94822b5cc66a74cb0362774e6fc534823d07?s=96&d=mm&r=g","url":"https:\/\/secure.gravatar.com\/avatar\/5d9dfb95700bd0c503ed088d29de94822b5cc66a74cb0362774e6fc534823d07?s=96&d=mm&r=g","contentUrl":"https:\/\/secure.gravatar.com\/avatar\/5d9dfb95700bd0c503ed088d29de94822b5cc66a74cb0362774e6fc534823d07?s=96&d=mm&r=g","caption":"Ricardo Rodriguez"},"sameAs":["https:\/\/foreverfutbol.com.ec\/radio"],"url":"https:\/\/foreverfutbol.com.ec\/radio\/author\/superdmin\/"}]}},"_links":{"self":[{"href":"https:\/\/foreverfutbol.com.ec\/radio\/wp-json\/wp\/v2\/posts\/31920","targetHints":{"allow":["GET"]}}],"collection":[{"href":"https:\/\/foreverfutbol.com.ec\/radio\/wp-json\/wp\/v2\/posts"}],"about":[{"href":"https:\/\/foreverfutbol.com.ec\/radio\/wp-json\/wp\/v2\/types\/post"}],"author":[{"embeddable":true,"href":"https:\/\/foreverfutbol.com.ec\/radio\/wp-json\/wp\/v2\/users\/1"}],"replies":[{"embeddable":true,"href":"https:\/\/foreverfutbol.com.ec\/radio\/wp-json\/wp\/v2\/comments?post=31920"}],"version-history":[{"count":1,"href":"https:\/\/foreverfutbol.com.ec\/radio\/wp-json\/wp\/v2\/posts\/31920\/revisions"}],"predecessor-version":[{"id":31922,"href":"https:\/\/foreverfutbol.com.ec\/radio\/wp-json\/wp\/v2\/posts\/31920\/revisions\/31922"}],"wp:featuredmedia":[{"embeddable":true,"href":"https:\/\/foreverfutbol.com.ec\/radio\/wp-json\/wp\/v2\/media\/31921"}],"wp:attachment":[{"href":"https:\/\/foreverfutbol.com.ec\/radio\/wp-json\/wp\/v2\/media?parent=31920"}],"wp:term":[{"taxonomy":"category","embeddable":true,"href":"https:\/\/foreverfutbol.com.ec\/radio\/wp-json\/wp\/v2\/categories?post=31920"},{"taxonomy":"post_tag","embeddable":true,"href":"https:\/\/foreverfutbol.com.ec\/radio\/wp-json\/wp\/v2\/tags?post=31920"}],"curies":[{"name":"wp","href":"https:\/\/api.w.org\/{rel}","templated":true}]}}