{"id":31914,"date":"2026-09-04T16:21:04","date_gmt":"2026-09-04T21:21:04","guid":{"rendered":"https:\/\/foreverfutbol.com.ec\/radio\/?p=31914"},"modified":"2026-09-04T16:21:05","modified_gmt":"2026-09-04T21:21:05","slug":"ecuador-y-panama-avanzan-en-acuerdos-bilaterales-durante-reunion-en-guayaquil","status":"publish","type":"post","link":"https:\/\/foreverfutbol.com.ec\/radio\/politica\/ecuador-y-panama-avanzan-en-acuerdos-bilaterales-durante-reunion-en-guayaquil\/","title":{"rendered":"Ecuador y Panam\u00e1 avanzan en acuerdos bilaterales durante reuni\u00f3n en Guayaquil"},"content":{"rendered":"\n<p class=\"wp-block-paragraph\">Los <strong>cancilleres de Ecuador y Panam\u00e1<\/strong> se re\u00fanen este viernes 4 de septiembre en Guayaquil para fortalecer la relaci\u00f3n bilateral y avanzar en nuevos acuerdos de cooperaci\u00f3n. El encuentro entre <strong>Roberto Kury<\/strong> y <strong>Javier Mart\u00ednez-Acha V\u00e1squez<\/strong> se desarrolla en la Gobernaci\u00f3n del Guayas, con la participaci\u00f3n de autoridades de ambos pa\u00edses.<\/p>\n\n\n\n<p class=\"wp-block-paragraph\">La jornada tiene como uno de sus principales objetivos impulsar acuerdos en materia <strong>migratoria y comercial<\/strong>, adem\u00e1s de establecer nuevas v\u00edas de cooperaci\u00f3n en seguridad, intercambio de informaci\u00f3n e inversi\u00f3n.<\/p>\n\n\n\n<h2 class=\"wp-block-heading\"><strong>Ecuador y Panam\u00e1 preparan un acuerdo de alcance parcial<\/strong><\/h2>\n\n\n\n<p class=\"wp-block-paragraph\">Entre los principales avances se encuentra la definici\u00f3n de los t\u00e9rminos de referencia que permitir\u00e1n iniciar las negociaciones para un <strong>acuerdo de alcance parcial entre Ecuador y Panam\u00e1<\/strong>.<\/p>\n\n\n\n<p class=\"wp-block-paragraph\">El sector empresarial considera que este proceso puede generar nuevas oportunidades para las exportaciones y facilitar una mayor integraci\u00f3n comercial. Panam\u00e1 representa para Ecuador un mercado estrat\u00e9gico y, al mismo tiempo, una plataforma para conectar productos nacionales con otros mercados de Am\u00e9rica.<\/p>\n\n\n\n<p class=\"wp-block-paragraph\">Las negociaciones podr\u00edan beneficiar a empresas de diferentes sectores y ampliar las posibilidades de intercambio de productos y servicios entre ambas econom\u00edas.<\/p>\n\n\n\n<h2 class=\"wp-block-heading\"><strong>Cooperaci\u00f3n migratoria entre Ecuador y Panam\u00e1<\/strong><\/h2>\n\n\n\n<p class=\"wp-block-paragraph\">La agenda bilateral tambi\u00e9n contempla un acuerdo para el <strong>intercambio de informaci\u00f3n migratoria<\/strong>, con el prop\u00f3sito de mejorar la coordinaci\u00f3n entre las autoridades de ambos pa\u00edses.<\/p>\n\n\n\n<p class=\"wp-block-paragraph\">Panam\u00e1, adem\u00e1s, incorpor\u00f3 recientemente a Ecuador dentro de su lista de pa\u00edses amigos, una medida que permite a ciudadanos ecuatorianos optar por determinadas alternativas de residencia, siempre que cumplan con los requisitos establecidos por la legislaci\u00f3n paname\u00f1a.<\/p>\n\n\n\n<p class=\"wp-block-paragraph\">A esto se suma el mecanismo de <strong>migraci\u00f3n circular para trabajadores ecuatorianos<\/strong>, dirigido a actividades como agricultura, zafra, acuicultura y pesca.<\/p>\n\n\n\n<h2 class=\"wp-block-heading\"><strong>Noboa y Mulino analizan comercio y seguridad<\/strong><\/h2>\n\n\n\n<p class=\"wp-block-paragraph\">Mientras los cancilleres mantienen su reuni\u00f3n en Guayaquil, los presidentes <strong>Daniel Noboa y Jos\u00e9 Ra\u00fal Mulino<\/strong> sostienen un encuentro bilateral para analizar temas de inter\u00e9s com\u00fan.<\/p>\n\n\n\n<p class=\"wp-block-paragraph\">La agenda presidencial incluye <strong>comercio, inversi\u00f3n, migraci\u00f3n y seguridad<\/strong>, \u00e1reas consideradas prioritarias para profundizar la cooperaci\u00f3n entre Ecuador y Panam\u00e1.<\/p>\n\n\n\n<p class=\"wp-block-paragraph\">Ambos gobiernos tambi\u00e9n buscan fortalecer la coordinaci\u00f3n frente al <strong>crimen organizado transnacional<\/strong>, mediante mecanismos de intercambio de informaci\u00f3n financiera e inteligencia.<\/p>\n\n\n\n<h2 class=\"wp-block-heading\"><strong>Nuevos avances econ\u00f3micos entre ambos pa\u00edses<\/strong><\/h2>\n\n\n\n<p class=\"wp-block-paragraph\">La relaci\u00f3n bilateral ha registrado avances durante los \u00faltimos meses. En agosto de 2025, Ecuador y Panam\u00e1 suscribieron un <strong>acuerdo para el intercambio de informaci\u00f3n tributaria<\/strong>.<\/p>\n\n\n\n<p class=\"wp-block-paragraph\">Posteriormente, Panam\u00e1 derog\u00f3 las medidas de retorsi\u00f3n que manten\u00eda contra Ecuador desde 2012, eliminando restricciones que hab\u00edan afectado la relaci\u00f3n comercial y fiscal.<\/p>\n\n\n\n<p class=\"wp-block-paragraph\">La visita de Mulino a Ecuador, la primera desde que asumi\u00f3 la Presidencia de Panam\u00e1, busca consolidar estos avances y abrir nuevas oportunidades de cooperaci\u00f3n entre los dos pa\u00edses.<\/p>\n\n\n\n<p class=\"wp-block-paragraph\"><\/p>\n","protected":false},"excerpt":{"rendered":"<p>Los cancilleres de Ecuador y Panam\u00e1 se re\u00fanen este viernes 4 de septiembre en Guayaquil para fortalecer la relaci\u00f3n bilateral y avanzar en nuevos acuerdos de cooperaci\u00f3n. El encuentro entre Roberto Kury y Javier Mart\u00ednez-Acha V\u00e1squez se desarrolla en la Gobernaci\u00f3n del Guayas, con la participaci\u00f3n de autoridades de ambos pa\u00edses. La jornada tiene como [&hellip;]<\/p>\n","protected":false},"author":1,"featured_media":31917,"comment_status":"open","ping_status":"open","sticky":false,"template":"","format":"standard","meta":{"footnotes":""},"categories":[179,52],"tags":[],"class_list":["post-31914","post","type-post","status-publish","format-standard","has-post-thumbnail","hentry","category-guayaquil","category-politica"],"yoast_head":"<!-- This site is optimized with the Yoast SEO plugin v28.3 - https:\/\/yoast.com\/product\/yoast-seo-wordpress\/ -->\n<title>Ecuador y Panam\u00e1 avanzan en acuerdos bilaterales durante reuni\u00f3n en Guayaquil - 92.5 FOREVER Radio<\/title>\n<meta name=\"description\" content=\"Cancilleres de Ecuador y Panam\u00e1 se re\u00fanen en Guayaquil para avanzar en acuerdos comerciales, migratorios, seguridad e inversi\u00f3n bilateral.\" \/>\n<meta name=\"robots\" content=\"index, follow, max-snippet:-1, max-image-preview:large, max-video-preview:-1\" \/>\n<link rel=\"canonical\" href=\"https:\/\/foreverfutbol.com.ec\/radio\/politica\/ecuador-y-panama-avanzan-en-acuerdos-bilaterales-durante-reunion-en-guayaquil\/\" \/>\n<meta property=\"og:locale\" content=\"es_ES\" \/>\n<meta property=\"og:type\" content=\"article\" \/>\n<meta property=\"og:title\" content=\"Ecuador y Panam\u00e1 avanzan en acuerdos bilaterales durante reuni\u00f3n en Guayaquil - 92.5 FOREVER Radio\" \/>\n<meta property=\"og:description\" content=\"Cancilleres de Ecuador y Panam\u00e1 se re\u00fanen en Guayaquil para avanzar en acuerdos comerciales, migratorios, seguridad e inversi\u00f3n bilateral.\" \/>\n<meta property=\"og:url\" content=\"https:\/\/foreverfutbol.com.ec\/radio\/politica\/ecuador-y-panama-avanzan-en-acuerdos-bilaterales-durante-reunion-en-guayaquil\/\" \/>\n<meta property=\"og:site_name\" content=\"92.5 FOREVER Radio\" \/>\n<meta property=\"article:publisher\" content=\"https:\/\/www.facebook.com\/profile.php?id=100063550693491\" \/>\n<meta property=\"article:published_time\" content=\"2026-09-04T21:21:04+00:00\" \/>\n<meta property=\"article:modified_time\" content=\"2026-09-04T21:21:05+00:00\" \/>\n<meta name=\"author\" content=\"Ricardo Rodriguez\" \/>\n<meta name=\"twitter:card\" content=\"summary_large_image\" \/>\n<meta name=\"twitter:creator\" content=\"@925forever\" \/>\n<meta name=\"twitter:site\" content=\"@925forever\" \/>\n<meta name=\"twitter:label1\" content=\"Escrito por\" \/>\n\t<meta name=\"twitter:data1\" content=\"Ricardo Rodriguez\" \/>\n\t<meta name=\"twitter:label2\" content=\"Tiempo de lectura\" \/>\n\t<meta name=\"twitter:data2\" content=\"3 minutos\" \/>\n<script type=\"application\/ld+json\" class=\"yoast-schema-graph\">{\"@context\":\"https:\\\/\\\/schema.org\",\"@graph\":[{\"@type\":\"Article\",\"@id\":\"https:\\\/\\\/foreverfutbol.com.ec\\\/radio\\\/politica\\\/ecuador-y-panama-avanzan-en-acuerdos-bilaterales-durante-reunion-en-guayaquil\\\/#article\",\"isPartOf\":{\"@id\":\"https:\\\/\\\/foreverfutbol.com.ec\\\/radio\\\/politica\\\/ecuador-y-panama-avanzan-en-acuerdos-bilaterales-durante-reunion-en-guayaquil\\\/\"},\"author\":{\"name\":\"Ricardo Rodriguez\",\"@id\":\"https:\\\/\\\/foreverfutbol.com.ec\\\/radio\\\/#\\\/schema\\\/person\\\/2f679dd16f889ac00df6e7b648062a01\"},\"headline\":\"Ecuador y Panam\u00e1 avanzan en acuerdos bilaterales durante reuni\u00f3n en Guayaquil\",\"datePublished\":\"2026-09-04T21:21:04+00:00\",\"dateModified\":\"2026-09-04T21:21:05+00:00\",\"mainEntityOfPage\":{\"@id\":\"https:\\\/\\\/foreverfutbol.com.ec\\\/radio\\\/politica\\\/ecuador-y-panama-avanzan-en-acuerdos-bilaterales-durante-reunion-en-guayaquil\\\/\"},\"wordCount\":491,\"commentCount\":0,\"publisher\":{\"@id\":\"https:\\\/\\\/foreverfutbol.com.ec\\\/radio\\\/#organization\"},\"image\":{\"@id\":\"https:\\\/\\\/foreverfutbol.com.ec\\\/radio\\\/politica\\\/ecuador-y-panama-avanzan-en-acuerdos-bilaterales-durante-reunion-en-guayaquil\\\/#primaryimage\"},\"thumbnailUrl\":\"https:\\\/\\\/foreverfutbol.com.ec\\\/radio\\\/wp-content\\\/uploads\\\/2026\\\/09\\\/2YKXAL7M4VAQPGY22B4ZI4KQDU-1.avif\",\"articleSection\":[\"Guayaquil\",\"Pol\u00edtica\"],\"inLanguage\":\"es\",\"potentialAction\":[{\"@type\":\"CommentAction\",\"name\":\"Comment\",\"target\":[\"https:\\\/\\\/foreverfutbol.com.ec\\\/radio\\\/politica\\\/ecuador-y-panama-avanzan-en-acuerdos-bilaterales-durante-reunion-en-guayaquil\\\/#respond\"]}]},{\"@type\":\"WebPage\",\"@id\":\"https:\\\/\\\/foreverfutbol.com.ec\\\/radio\\\/politica\\\/ecuador-y-panama-avanzan-en-acuerdos-bilaterales-durante-reunion-en-guayaquil\\\/\",\"url\":\"https:\\\/\\\/foreverfutbol.com.ec\\\/radio\\\/politica\\\/ecuador-y-panama-avanzan-en-acuerdos-bilaterales-durante-reunion-en-guayaquil\\\/\",\"name\":\"Ecuador y Panam\u00e1 avanzan en acuerdos bilaterales durante reuni\u00f3n en Guayaquil - 92.5 FOREVER Radio\",\"isPartOf\":{\"@id\":\"https:\\\/\\\/foreverfutbol.com.ec\\\/radio\\\/#website\"},\"primaryImageOfPage\":{\"@id\":\"https:\\\/\\\/foreverfutbol.com.ec\\\/radio\\\/politica\\\/ecuador-y-panama-avanzan-en-acuerdos-bilaterales-durante-reunion-en-guayaquil\\\/#primaryimage\"},\"image\":{\"@id\":\"https:\\\/\\\/foreverfutbol.com.ec\\\/radio\\\/politica\\\/ecuador-y-panama-avanzan-en-acuerdos-bilaterales-durante-reunion-en-guayaquil\\\/#primaryimage\"},\"thumbnailUrl\":\"https:\\\/\\\/foreverfutbol.com.ec\\\/radio\\\/wp-content\\\/uploads\\\/2026\\\/09\\\/2YKXAL7M4VAQPGY22B4ZI4KQDU-1.avif\",\"datePublished\":\"2026-09-04T21:21:04+00:00\",\"dateModified\":\"2026-09-04T21:21:05+00:00\",\"description\":\"Cancilleres de Ecuador y Panam\u00e1 se re\u00fanen en Guayaquil para avanzar en acuerdos comerciales, migratorios, seguridad e inversi\u00f3n bilateral.\",\"breadcrumb\":{\"@id\":\"https:\\\/\\\/foreverfutbol.com.ec\\\/radio\\\/politica\\\/ecuador-y-panama-avanzan-en-acuerdos-bilaterales-durante-reunion-en-guayaquil\\\/#breadcrumb\"},\"inLanguage\":\"es\",\"potentialAction\":[{\"@type\":\"ReadAction\",\"target\":[\"https:\\\/\\\/foreverfutbol.com.ec\\\/radio\\\/politica\\\/ecuador-y-panama-avanzan-en-acuerdos-bilaterales-durante-reunion-en-guayaquil\\\/\"]}]},{\"@type\":\"ImageObject\",\"inLanguage\":\"es\",\"@id\":\"https:\\\/\\\/foreverfutbol.com.ec\\\/radio\\\/politica\\\/ecuador-y-panama-avanzan-en-acuerdos-bilaterales-durante-reunion-en-guayaquil\\\/#primaryimage\",\"url\":\"https:\\\/\\\/foreverfutbol.com.ec\\\/radio\\\/wp-content\\\/uploads\\\/2026\\\/09\\\/2YKXAL7M4VAQPGY22B4ZI4KQDU-1.avif\",\"contentUrl\":\"https:\\\/\\\/foreverfutbol.com.ec\\\/radio\\\/wp-content\\\/uploads\\\/2026\\\/09\\\/2YKXAL7M4VAQPGY22B4ZI4KQDU-1.avif\",\"width\":1047,\"height\":670,\"caption\":\"Ecuador y Panam\u00e1 avanzan en acuerdos bilaterales durante reuni\u00f3n en Guayaquil\"},{\"@type\":\"BreadcrumbList\",\"@id\":\"https:\\\/\\\/foreverfutbol.com.ec\\\/radio\\\/politica\\\/ecuador-y-panama-avanzan-en-acuerdos-bilaterales-durante-reunion-en-guayaquil\\\/#breadcrumb\",\"itemListElement\":[{\"@type\":\"ListItem\",\"position\":1,\"name\":\"Portada\",\"item\":\"https:\\\/\\\/foreverfutbol.com.ec\\\/radio\\\/\"},{\"@type\":\"ListItem\",\"position\":2,\"name\":\"Ecuador y Panam\u00e1 avanzan en acuerdos bilaterales durante reuni\u00f3n en Guayaquil\"}]},{\"@type\":\"WebSite\",\"@id\":\"https:\\\/\\\/foreverfutbol.com.ec\\\/radio\\\/#website\",\"url\":\"https:\\\/\\\/foreverfutbol.com.ec\\\/radio\\\/\",\"name\":\"92.5 FOREVER Radio\",\"description\":\"\",\"publisher\":{\"@id\":\"https:\\\/\\\/foreverfutbol.com.ec\\\/radio\\\/#organization\"},\"potentialAction\":[{\"@type\":\"SearchAction\",\"target\":{\"@type\":\"EntryPoint\",\"urlTemplate\":\"https:\\\/\\\/foreverfutbol.com.ec\\\/radio\\\/?s={search_term_string}\"},\"query-input\":{\"@type\":\"PropertyValueSpecification\",\"valueRequired\":true,\"valueName\":\"search_term_string\"}}],\"inLanguage\":\"es\"},{\"@type\":\"Organization\",\"@id\":\"https:\\\/\\\/foreverfutbol.com.ec\\\/radio\\\/#organization\",\"name\":\"92.5 FOREVER Radio\",\"url\":\"https:\\\/\\\/foreverfutbol.com.ec\\\/radio\\\/\",\"logo\":{\"@type\":\"ImageObject\",\"inLanguage\":\"es\",\"@id\":\"https:\\\/\\\/foreverfutbol.com.ec\\\/radio\\\/#\\\/schema\\\/logo\\\/image\\\/\",\"url\":\"https:\\\/\\\/foreverfutbol.com.ec\\\/radio\\\/wp-content\\\/uploads\\\/2024\\\/01\\\/cropped-logo-forever.png\",\"contentUrl\":\"https:\\\/\\\/foreverfutbol.com.ec\\\/radio\\\/wp-content\\\/uploads\\\/2024\\\/01\\\/cropped-logo-forever.png\",\"width\":180,\"height\":154,\"caption\":\"92.5 FOREVER Radio\"},\"image\":{\"@id\":\"https:\\\/\\\/foreverfutbol.com.ec\\\/radio\\\/#\\\/schema\\\/logo\\\/image\\\/\"},\"sameAs\":[\"https:\\\/\\\/www.facebook.com\\\/profile.php?id=100063550693491\",\"https:\\\/\\\/x.com\\\/925forever\",\"https:\\\/\\\/www.instagram.com\\\/radioforever925\\\/\"]},{\"@type\":\"Person\",\"@id\":\"https:\\\/\\\/foreverfutbol.com.ec\\\/radio\\\/#\\\/schema\\\/person\\\/2f679dd16f889ac00df6e7b648062a01\",\"name\":\"Ricardo Rodriguez\",\"image\":{\"@type\":\"ImageObject\",\"inLanguage\":\"es\",\"@id\":\"https:\\\/\\\/secure.gravatar.com\\\/avatar\\\/5d9dfb95700bd0c503ed088d29de94822b5cc66a74cb0362774e6fc534823d07?s=96&d=mm&r=g\",\"url\":\"https:\\\/\\\/secure.gravatar.com\\\/avatar\\\/5d9dfb95700bd0c503ed088d29de94822b5cc66a74cb0362774e6fc534823d07?s=96&d=mm&r=g\",\"contentUrl\":\"https:\\\/\\\/secure.gravatar.com\\\/avatar\\\/5d9dfb95700bd0c503ed088d29de94822b5cc66a74cb0362774e6fc534823d07?s=96&d=mm&r=g\",\"caption\":\"Ricardo Rodriguez\"},\"sameAs\":[\"https:\\\/\\\/foreverfutbol.com.ec\\\/radio\"],\"url\":\"https:\\\/\\\/foreverfutbol.com.ec\\\/radio\\\/author\\\/superdmin\\\/\"}]}<\/script>\n<!-- \/ Yoast SEO plugin. -->","yoast_head_json":{"title":"Ecuador y Panam\u00e1 avanzan en acuerdos bilaterales durante reuni\u00f3n en Guayaquil - 92.5 FOREVER Radio","description":"Cancilleres de Ecuador y Panam\u00e1 se re\u00fanen en Guayaquil para avanzar en acuerdos comerciales, migratorios, seguridad e inversi\u00f3n bilateral.","robots":{"index":"index","follow":"follow","max-snippet":"max-snippet:-1","max-image-preview":"max-image-preview:large","max-video-preview":"max-video-preview:-1"},"canonical":"https:\/\/foreverfutbol.com.ec\/radio\/politica\/ecuador-y-panama-avanzan-en-acuerdos-bilaterales-durante-reunion-en-guayaquil\/","og_locale":"es_ES","og_type":"article","og_title":"Ecuador y Panam\u00e1 avanzan en acuerdos bilaterales durante reuni\u00f3n en Guayaquil - 92.5 FOREVER Radio","og_description":"Cancilleres de Ecuador y Panam\u00e1 se re\u00fanen en Guayaquil para avanzar en acuerdos comerciales, migratorios, seguridad e inversi\u00f3n bilateral.","og_url":"https:\/\/foreverfutbol.com.ec\/radio\/politica\/ecuador-y-panama-avanzan-en-acuerdos-bilaterales-durante-reunion-en-guayaquil\/","og_site_name":"92.5 FOREVER Radio","article_publisher":"https:\/\/www.facebook.com\/profile.php?id=100063550693491","article_published_time":"2026-09-04T21:21:04+00:00","article_modified_time":"2026-09-04T21:21:05+00:00","author":"Ricardo Rodriguez","twitter_card":"summary_large_image","twitter_creator":"@925forever","twitter_site":"@925forever","twitter_misc":{"Escrito por":"Ricardo Rodriguez","Tiempo de lectura":"3 minutos"},"schema":{"@context":"https:\/\/schema.org","@graph":[{"@type":"Article","@id":"https:\/\/foreverfutbol.com.ec\/radio\/politica\/ecuador-y-panama-avanzan-en-acuerdos-bilaterales-durante-reunion-en-guayaquil\/#article","isPartOf":{"@id":"https:\/\/foreverfutbol.com.ec\/radio\/politica\/ecuador-y-panama-avanzan-en-acuerdos-bilaterales-durante-reunion-en-guayaquil\/"},"author":{"name":"Ricardo Rodriguez","@id":"https:\/\/foreverfutbol.com.ec\/radio\/#\/schema\/person\/2f679dd16f889ac00df6e7b648062a01"},"headline":"Ecuador y Panam\u00e1 avanzan en acuerdos bilaterales durante reuni\u00f3n en Guayaquil","datePublished":"2026-09-04T21:21:04+00:00","dateModified":"2026-09-04T21:21:05+00:00","mainEntityOfPage":{"@id":"https:\/\/foreverfutbol.com.ec\/radio\/politica\/ecuador-y-panama-avanzan-en-acuerdos-bilaterales-durante-reunion-en-guayaquil\/"},"wordCount":491,"commentCount":0,"publisher":{"@id":"https:\/\/foreverfutbol.com.ec\/radio\/#organization"},"image":{"@id":"https:\/\/foreverfutbol.com.ec\/radio\/politica\/ecuador-y-panama-avanzan-en-acuerdos-bilaterales-durante-reunion-en-guayaquil\/#primaryimage"},"thumbnailUrl":"https:\/\/foreverfutbol.com.ec\/radio\/wp-content\/uploads\/2026\/09\/2YKXAL7M4VAQPGY22B4ZI4KQDU-1.avif","articleSection":["Guayaquil","Pol\u00edtica"],"inLanguage":"es","potentialAction":[{"@type":"CommentAction","name":"Comment","target":["https:\/\/foreverfutbol.com.ec\/radio\/politica\/ecuador-y-panama-avanzan-en-acuerdos-bilaterales-durante-reunion-en-guayaquil\/#respond"]}]},{"@type":"WebPage","@id":"https:\/\/foreverfutbol.com.ec\/radio\/politica\/ecuador-y-panama-avanzan-en-acuerdos-bilaterales-durante-reunion-en-guayaquil\/","url":"https:\/\/foreverfutbol.com.ec\/radio\/politica\/ecuador-y-panama-avanzan-en-acuerdos-bilaterales-durante-reunion-en-guayaquil\/","name":"Ecuador y Panam\u00e1 avanzan en acuerdos bilaterales durante reuni\u00f3n en Guayaquil - 92.5 FOREVER Radio","isPartOf":{"@id":"https:\/\/foreverfutbol.com.ec\/radio\/#website"},"primaryImageOfPage":{"@id":"https:\/\/foreverfutbol.com.ec\/radio\/politica\/ecuador-y-panama-avanzan-en-acuerdos-bilaterales-durante-reunion-en-guayaquil\/#primaryimage"},"image":{"@id":"https:\/\/foreverfutbol.com.ec\/radio\/politica\/ecuador-y-panama-avanzan-en-acuerdos-bilaterales-durante-reunion-en-guayaquil\/#primaryimage"},"thumbnailUrl":"https:\/\/foreverfutbol.com.ec\/radio\/wp-content\/uploads\/2026\/09\/2YKXAL7M4VAQPGY22B4ZI4KQDU-1.avif","datePublished":"2026-09-04T21:21:04+00:00","dateModified":"2026-09-04T21:21:05+00:00","description":"Cancilleres de Ecuador y Panam\u00e1 se re\u00fanen en Guayaquil para avanzar en acuerdos comerciales, migratorios, seguridad e inversi\u00f3n bilateral.","breadcrumb":{"@id":"https:\/\/foreverfutbol.com.ec\/radio\/politica\/ecuador-y-panama-avanzan-en-acuerdos-bilaterales-durante-reunion-en-guayaquil\/#breadcrumb"},"inLanguage":"es","potentialAction":[{"@type":"ReadAction","target":["https:\/\/foreverfutbol.com.ec\/radio\/politica\/ecuador-y-panama-avanzan-en-acuerdos-bilaterales-durante-reunion-en-guayaquil\/"]}]},{"@type":"ImageObject","inLanguage":"es","@id":"https:\/\/foreverfutbol.com.ec\/radio\/politica\/ecuador-y-panama-avanzan-en-acuerdos-bilaterales-durante-reunion-en-guayaquil\/#primaryimage","url":"https:\/\/foreverfutbol.com.ec\/radio\/wp-content\/uploads\/2026\/09\/2YKXAL7M4VAQPGY22B4ZI4KQDU-1.avif","contentUrl":"https:\/\/foreverfutbol.com.ec\/radio\/wp-content\/uploads\/2026\/09\/2YKXAL7M4VAQPGY22B4ZI4KQDU-1.avif","width":1047,"height":670,"caption":"Ecuador y Panam\u00e1 avanzan en acuerdos bilaterales durante reuni\u00f3n en Guayaquil"},{"@type":"BreadcrumbList","@id":"https:\/\/foreverfutbol.com.ec\/radio\/politica\/ecuador-y-panama-avanzan-en-acuerdos-bilaterales-durante-reunion-en-guayaquil\/#breadcrumb","itemListElement":[{"@type":"ListItem","position":1,"name":"Portada","item":"https:\/\/foreverfutbol.com.ec\/radio\/"},{"@type":"ListItem","position":2,"name":"Ecuador y Panam\u00e1 avanzan en acuerdos bilaterales durante reuni\u00f3n en Guayaquil"}]},{"@type":"WebSite","@id":"https:\/\/foreverfutbol.com.ec\/radio\/#website","url":"https:\/\/foreverfutbol.com.ec\/radio\/","name":"92.5 FOREVER Radio","description":"","publisher":{"@id":"https:\/\/foreverfutbol.com.ec\/radio\/#organization"},"potentialAction":[{"@type":"SearchAction","target":{"@type":"EntryPoint","urlTemplate":"https:\/\/foreverfutbol.com.ec\/radio\/?s={search_term_string}"},"query-input":{"@type":"PropertyValueSpecification","valueRequired":true,"valueName":"search_term_string"}}],"inLanguage":"es"},{"@type":"Organization","@id":"https:\/\/foreverfutbol.com.ec\/radio\/#organization","name":"92.5 FOREVER Radio","url":"https:\/\/foreverfutbol.com.ec\/radio\/","logo":{"@type":"ImageObject","inLanguage":"es","@id":"https:\/\/foreverfutbol.com.ec\/radio\/#\/schema\/logo\/image\/","url":"https:\/\/foreverfutbol.com.ec\/radio\/wp-content\/uploads\/2024\/01\/cropped-logo-forever.png","contentUrl":"https:\/\/foreverfutbol.com.ec\/radio\/wp-content\/uploads\/2024\/01\/cropped-logo-forever.png","width":180,"height":154,"caption":"92.5 FOREVER Radio"},"image":{"@id":"https:\/\/foreverfutbol.com.ec\/radio\/#\/schema\/logo\/image\/"},"sameAs":["https:\/\/www.facebook.com\/profile.php?id=100063550693491","https:\/\/x.com\/925forever","https:\/\/www.instagram.com\/radioforever925\/"]},{"@type":"Person","@id":"https:\/\/foreverfutbol.com.ec\/radio\/#\/schema\/person\/2f679dd16f889ac00df6e7b648062a01","name":"Ricardo Rodriguez","image":{"@type":"ImageObject","inLanguage":"es","@id":"https:\/\/secure.gravatar.com\/avatar\/5d9dfb95700bd0c503ed088d29de94822b5cc66a74cb0362774e6fc534823d07?s=96&d=mm&r=g","url":"https:\/\/secure.gravatar.com\/avatar\/5d9dfb95700bd0c503ed088d29de94822b5cc66a74cb0362774e6fc534823d07?s=96&d=mm&r=g","contentUrl":"https:\/\/secure.gravatar.com\/avatar\/5d9dfb95700bd0c503ed088d29de94822b5cc66a74cb0362774e6fc534823d07?s=96&d=mm&r=g","caption":"Ricardo Rodriguez"},"sameAs":["https:\/\/foreverfutbol.com.ec\/radio"],"url":"https:\/\/foreverfutbol.com.ec\/radio\/author\/superdmin\/"}]}},"_links":{"self":[{"href":"https:\/\/foreverfutbol.com.ec\/radio\/wp-json\/wp\/v2\/posts\/31914","targetHints":{"allow":["GET"]}}],"collection":[{"href":"https:\/\/foreverfutbol.com.ec\/radio\/wp-json\/wp\/v2\/posts"}],"about":[{"href":"https:\/\/foreverfutbol.com.ec\/radio\/wp-json\/wp\/v2\/types\/post"}],"author":[{"embeddable":true,"href":"https:\/\/foreverfutbol.com.ec\/radio\/wp-json\/wp\/v2\/users\/1"}],"replies":[{"embeddable":true,"href":"https:\/\/foreverfutbol.com.ec\/radio\/wp-json\/wp\/v2\/comments?post=31914"}],"version-history":[{"count":1,"href":"https:\/\/foreverfutbol.com.ec\/radio\/wp-json\/wp\/v2\/posts\/31914\/revisions"}],"predecessor-version":[{"id":31918,"href":"https:\/\/foreverfutbol.com.ec\/radio\/wp-json\/wp\/v2\/posts\/31914\/revisions\/31918"}],"wp:featuredmedia":[{"embeddable":true,"href":"https:\/\/foreverfutbol.com.ec\/radio\/wp-json\/wp\/v2\/media\/31917"}],"wp:attachment":[{"href":"https:\/\/foreverfutbol.com.ec\/radio\/wp-json\/wp\/v2\/media?parent=31914"}],"wp:term":[{"taxonomy":"category","embeddable":true,"href":"https:\/\/foreverfutbol.com.ec\/radio\/wp-json\/wp\/v2\/categories?post=31914"},{"taxonomy":"post_tag","embeddable":true,"href":"https:\/\/foreverfutbol.com.ec\/radio\/wp-json\/wp\/v2\/tags?post=31914"}],"curies":[{"name":"wp","href":"https:\/\/api.w.org\/{rel}","templated":true}]}}