{"id":31907,"date":"2026-09-04T16:03:04","date_gmt":"2026-09-04T21:03:04","guid":{"rendered":"https:\/\/foreverfutbol.com.ec\/radio\/?p=31907"},"modified":"2026-09-04T16:03:04","modified_gmt":"2026-09-04T21:03:04","slug":"oasis-alimenta-los-rumores-de-una-nueva-gira-en-2027","status":"publish","type":"post","link":"https:\/\/foreverfutbol.com.ec\/radio\/entretenimiento\/oasis-alimenta-los-rumores-de-una-nueva-gira-en-2027\/","title":{"rendered":"Oasis alimenta los rumores de una nueva gira en 2027"},"content":{"rendered":"\n<p class=\"wp-block-paragraph\"><strong>Oasis<\/strong> volvi\u00f3 a generar expectativa entre sus seguidores despu\u00e9s de publicar en redes sociales dos videos enigm\u00e1ticos que muchos relacionan con una posible <strong>nueva gira en 2027<\/strong>.<\/p>\n\n\n\n<p class=\"wp-block-paragraph\">La banda brit\u00e1nica, liderada por los hermanos <strong>Liam y Noel Gallagher<\/strong>, comparti\u00f3 primero un breve video ambientado en una tradicional tienda de <em>fish and chips<\/em>. Mientras aparecen dos ni\u00f1os, de fondo suena la canci\u00f3n <strong>\u201cLittle by Little\u201d<\/strong>.<\/p>\n\n\n\n<p class=\"wp-block-paragraph\">Los seguidores r\u00e1pidamente comenzaron a analizar las im\u00e1genes en busca de posibles pistas. Entre los detalles que llamaron la atenci\u00f3n estuvieron varios n\u00fameros visibles en los carteles del establecimiento. Algunos usuarios interpretaron estas cifras como posibles coordenadas relacionadas con <strong>Celtic Park, en Glasgow<\/strong>, aumentando las especulaciones sobre futuros conciertos.<\/p>\n\n\n\n<h2 class=\"wp-block-heading\"><strong>Oasis publica una segunda pista<\/strong><\/h2>\n\n\n\n<p class=\"wp-block-paragraph\">Un d\u00eda despu\u00e9s, el grupo public\u00f3 un segundo video protagonizado nuevamente por dos ni\u00f1os. En esta ocasi\u00f3n aparecen jugando frente a una porter\u00eda pintada sobre una pared de ladrillos rojos.<\/p>\n\n\n\n<p class=\"wp-block-paragraph\">Uno de ellos escribe la palabra <strong>\u201cgoles\u201d<\/strong> y dibuja nueve rayas con tiza. El contenido volvi\u00f3 a provocar teor\u00edas entre los seguidores, quienes intentan encontrar un significado relacionado con las pr\u00f3ximas actividades de la banda.<\/p>\n\n\n\n<p class=\"wp-block-paragraph\">Aunque Oasis todav\u00eda no ha confirmado oficialmente una <strong>gira para 2027<\/strong>, estas publicaciones llegan despu\u00e9s de meses de rumores sobre una posible continuaci\u00f3n de su regreso a los escenarios.<\/p>\n\n\n\n<h2 class=\"wp-block-heading\"><strong>El documental de Oasis llega a los cines<\/strong><\/h2>\n\n\n\n<p class=\"wp-block-paragraph\">La campa\u00f1a tambi\u00e9n coincide con el estreno del nuevo documental de Oasis, una producci\u00f3n que muestra los momentos detr\u00e1s de escena de la gira <strong>Oasis Live \u201925<\/strong>.<\/p>\n\n\n\n<p class=\"wp-block-paragraph\">La pel\u00edcula cuenta con la participaci\u00f3n de <strong>Steven Knight<\/strong>, Dylan Southern y Will Lovelace, y recoge im\u00e1genes del regreso de la banda despu\u00e9s de 16 a\u00f1os de separaci\u00f3n.<\/p>\n\n\n\n<p class=\"wp-block-paragraph\">El documental incluye adem\u00e1s entrevistas y reflexiones conjuntas de <strong>Liam y Noel Gallagher<\/strong>, un encuentro especialmente relevante despu\u00e9s de m\u00e1s de dos d\u00e9cadas marcadas por sus conocidas diferencias.<\/p>\n\n\n\n<p class=\"wp-block-paragraph\">La producci\u00f3n tendr\u00e1 su estreno en cines seleccionados el <strong>9 de septiembre<\/strong> y posteriormente llegar\u00e1 a <strong>Disney+<\/strong>.<\/p>\n\n\n\n<h2 class=\"wp-block-heading\"><strong>El regreso de Oasis mantiene la expectativa<\/strong><\/h2>\n\n\n\n<p class=\"wp-block-paragraph\">Oasis regres\u00f3 a los escenarios el <strong>4 de julio de 2025 en Cardiff<\/strong>, iniciando una gira internacional que recorri\u00f3 once pa\u00edses y registr\u00f3 entradas agotadas.<\/p>\n\n\n\n<p class=\"wp-block-paragraph\">Ahora, los nuevos videos y el pr\u00f3ximo estreno del documental vuelven a colocar a la banda en el centro de la conversaci\u00f3n. Los seguidores permanecen atentos a cualquier anuncio que pueda confirmar nuevas fechas de <strong>Oasis en 2027<\/strong>.<\/p>\n\n\n\n<p class=\"wp-block-paragraph\"><\/p>\n","protected":false},"excerpt":{"rendered":"<p>Oasis volvi\u00f3 a generar expectativa entre sus seguidores despu\u00e9s de publicar en redes sociales dos videos enigm\u00e1ticos que muchos relacionan con una posible nueva gira en 2027. La banda brit\u00e1nica, liderada por los hermanos Liam y Noel Gallagher, comparti\u00f3 primero un breve video ambientado en una tradicional tienda de fish and chips. Mientras aparecen dos [&hellip;]<\/p>\n","protected":false},"author":1,"featured_media":31908,"comment_status":"open","ping_status":"open","sticky":false,"template":"","format":"standard","meta":{"footnotes":""},"categories":[146],"tags":[],"class_list":["post-31907","post","type-post","status-publish","format-standard","has-post-thumbnail","hentry","category-entretenimiento"],"yoast_head":"<!-- This site is optimized with the Yoast SEO plugin v28.3 - https:\/\/yoast.com\/product\/yoast-seo-wordpress\/ -->\n<title>Oasis alimenta los rumores de una nueva gira en 2027 - 92.5 FOREVER Radio<\/title>\n<meta name=\"description\" content=\"Oasis vuelve a alimentar los rumores sobre una posible gira en 2027 con misteriosos videos publicados en redes sociales\" \/>\n<meta name=\"robots\" content=\"index, follow, max-snippet:-1, max-image-preview:large, max-video-preview:-1\" \/>\n<link rel=\"canonical\" href=\"https:\/\/foreverfutbol.com.ec\/radio\/entretenimiento\/oasis-alimenta-los-rumores-de-una-nueva-gira-en-2027\/\" \/>\n<meta property=\"og:locale\" content=\"es_ES\" \/>\n<meta property=\"og:type\" content=\"article\" \/>\n<meta property=\"og:title\" content=\"Oasis alimenta los rumores de una nueva gira en 2027 - 92.5 FOREVER Radio\" \/>\n<meta property=\"og:description\" content=\"Oasis vuelve a alimentar los rumores sobre una posible gira en 2027 con misteriosos videos publicados en redes sociales\" \/>\n<meta property=\"og:url\" content=\"https:\/\/foreverfutbol.com.ec\/radio\/entretenimiento\/oasis-alimenta-los-rumores-de-una-nueva-gira-en-2027\/\" \/>\n<meta property=\"og:site_name\" content=\"92.5 FOREVER Radio\" \/>\n<meta property=\"article:publisher\" content=\"https:\/\/www.facebook.com\/profile.php?id=100063550693491\" \/>\n<meta property=\"article:published_time\" content=\"2026-09-04T21:03:04+00:00\" \/>\n<meta name=\"author\" content=\"Ricardo Rodriguez\" \/>\n<meta name=\"twitter:card\" content=\"summary_large_image\" \/>\n<meta name=\"twitter:creator\" content=\"@925forever\" \/>\n<meta name=\"twitter:site\" content=\"@925forever\" \/>\n<meta name=\"twitter:label1\" content=\"Escrito por\" \/>\n\t<meta name=\"twitter:data1\" content=\"Ricardo Rodriguez\" \/>\n\t<meta name=\"twitter:label2\" content=\"Tiempo de lectura\" \/>\n\t<meta name=\"twitter:data2\" content=\"2 minutos\" \/>\n<script type=\"application\/ld+json\" class=\"yoast-schema-graph\">{\"@context\":\"https:\\\/\\\/schema.org\",\"@graph\":[{\"@type\":\"Article\",\"@id\":\"https:\\\/\\\/foreverfutbol.com.ec\\\/radio\\\/entretenimiento\\\/oasis-alimenta-los-rumores-de-una-nueva-gira-en-2027\\\/#article\",\"isPartOf\":{\"@id\":\"https:\\\/\\\/foreverfutbol.com.ec\\\/radio\\\/entretenimiento\\\/oasis-alimenta-los-rumores-de-una-nueva-gira-en-2027\\\/\"},\"author\":{\"name\":\"Ricardo Rodriguez\",\"@id\":\"https:\\\/\\\/foreverfutbol.com.ec\\\/radio\\\/#\\\/schema\\\/person\\\/2f679dd16f889ac00df6e7b648062a01\"},\"headline\":\"Oasis alimenta los rumores de una nueva gira en 2027\",\"datePublished\":\"2026-09-04T21:03:04+00:00\",\"mainEntityOfPage\":{\"@id\":\"https:\\\/\\\/foreverfutbol.com.ec\\\/radio\\\/entretenimiento\\\/oasis-alimenta-los-rumores-de-una-nueva-gira-en-2027\\\/\"},\"wordCount\":428,\"commentCount\":0,\"publisher\":{\"@id\":\"https:\\\/\\\/foreverfutbol.com.ec\\\/radio\\\/#organization\"},\"image\":{\"@id\":\"https:\\\/\\\/foreverfutbol.com.ec\\\/radio\\\/entretenimiento\\\/oasis-alimenta-los-rumores-de-una-nueva-gira-en-2027\\\/#primaryimage\"},\"thumbnailUrl\":\"https:\\\/\\\/foreverfutbol.com.ec\\\/radio\\\/wp-content\\\/uploads\\\/2026\\\/09\\\/LPE57JDBLZCQZGZAAHA747LDPI-1.avif\",\"articleSection\":[\"Entretenimiento\"],\"inLanguage\":\"es\",\"potentialAction\":[{\"@type\":\"CommentAction\",\"name\":\"Comment\",\"target\":[\"https:\\\/\\\/foreverfutbol.com.ec\\\/radio\\\/entretenimiento\\\/oasis-alimenta-los-rumores-de-una-nueva-gira-en-2027\\\/#respond\"]}]},{\"@type\":\"WebPage\",\"@id\":\"https:\\\/\\\/foreverfutbol.com.ec\\\/radio\\\/entretenimiento\\\/oasis-alimenta-los-rumores-de-una-nueva-gira-en-2027\\\/\",\"url\":\"https:\\\/\\\/foreverfutbol.com.ec\\\/radio\\\/entretenimiento\\\/oasis-alimenta-los-rumores-de-una-nueva-gira-en-2027\\\/\",\"name\":\"Oasis alimenta los rumores de una nueva gira en 2027 - 92.5 FOREVER Radio\",\"isPartOf\":{\"@id\":\"https:\\\/\\\/foreverfutbol.com.ec\\\/radio\\\/#website\"},\"primaryImageOfPage\":{\"@id\":\"https:\\\/\\\/foreverfutbol.com.ec\\\/radio\\\/entretenimiento\\\/oasis-alimenta-los-rumores-de-una-nueva-gira-en-2027\\\/#primaryimage\"},\"image\":{\"@id\":\"https:\\\/\\\/foreverfutbol.com.ec\\\/radio\\\/entretenimiento\\\/oasis-alimenta-los-rumores-de-una-nueva-gira-en-2027\\\/#primaryimage\"},\"thumbnailUrl\":\"https:\\\/\\\/foreverfutbol.com.ec\\\/radio\\\/wp-content\\\/uploads\\\/2026\\\/09\\\/LPE57JDBLZCQZGZAAHA747LDPI-1.avif\",\"datePublished\":\"2026-09-04T21:03:04+00:00\",\"description\":\"Oasis vuelve a alimentar los rumores sobre una posible gira en 2027 con misteriosos videos publicados en redes sociales\",\"breadcrumb\":{\"@id\":\"https:\\\/\\\/foreverfutbol.com.ec\\\/radio\\\/entretenimiento\\\/oasis-alimenta-los-rumores-de-una-nueva-gira-en-2027\\\/#breadcrumb\"},\"inLanguage\":\"es\",\"potentialAction\":[{\"@type\":\"ReadAction\",\"target\":[\"https:\\\/\\\/foreverfutbol.com.ec\\\/radio\\\/entretenimiento\\\/oasis-alimenta-los-rumores-de-una-nueva-gira-en-2027\\\/\"]}]},{\"@type\":\"ImageObject\",\"inLanguage\":\"es\",\"@id\":\"https:\\\/\\\/foreverfutbol.com.ec\\\/radio\\\/entretenimiento\\\/oasis-alimenta-los-rumores-de-una-nueva-gira-en-2027\\\/#primaryimage\",\"url\":\"https:\\\/\\\/foreverfutbol.com.ec\\\/radio\\\/wp-content\\\/uploads\\\/2026\\\/09\\\/LPE57JDBLZCQZGZAAHA747LDPI-1.avif\",\"contentUrl\":\"https:\\\/\\\/foreverfutbol.com.ec\\\/radio\\\/wp-content\\\/uploads\\\/2026\\\/09\\\/LPE57JDBLZCQZGZAAHA747LDPI-1.avif\",\"width\":893,\"height\":670,\"caption\":\"Oasis alimenta los rumores de una nueva gira en 2027\"},{\"@type\":\"BreadcrumbList\",\"@id\":\"https:\\\/\\\/foreverfutbol.com.ec\\\/radio\\\/entretenimiento\\\/oasis-alimenta-los-rumores-de-una-nueva-gira-en-2027\\\/#breadcrumb\",\"itemListElement\":[{\"@type\":\"ListItem\",\"position\":1,\"name\":\"Portada\",\"item\":\"https:\\\/\\\/foreverfutbol.com.ec\\\/radio\\\/\"},{\"@type\":\"ListItem\",\"position\":2,\"name\":\"Oasis alimenta los rumores de una nueva gira en 2027\"}]},{\"@type\":\"WebSite\",\"@id\":\"https:\\\/\\\/foreverfutbol.com.ec\\\/radio\\\/#website\",\"url\":\"https:\\\/\\\/foreverfutbol.com.ec\\\/radio\\\/\",\"name\":\"92.5 FOREVER Radio\",\"description\":\"\",\"publisher\":{\"@id\":\"https:\\\/\\\/foreverfutbol.com.ec\\\/radio\\\/#organization\"},\"potentialAction\":[{\"@type\":\"SearchAction\",\"target\":{\"@type\":\"EntryPoint\",\"urlTemplate\":\"https:\\\/\\\/foreverfutbol.com.ec\\\/radio\\\/?s={search_term_string}\"},\"query-input\":{\"@type\":\"PropertyValueSpecification\",\"valueRequired\":true,\"valueName\":\"search_term_string\"}}],\"inLanguage\":\"es\"},{\"@type\":\"Organization\",\"@id\":\"https:\\\/\\\/foreverfutbol.com.ec\\\/radio\\\/#organization\",\"name\":\"92.5 FOREVER Radio\",\"url\":\"https:\\\/\\\/foreverfutbol.com.ec\\\/radio\\\/\",\"logo\":{\"@type\":\"ImageObject\",\"inLanguage\":\"es\",\"@id\":\"https:\\\/\\\/foreverfutbol.com.ec\\\/radio\\\/#\\\/schema\\\/logo\\\/image\\\/\",\"url\":\"https:\\\/\\\/foreverfutbol.com.ec\\\/radio\\\/wp-content\\\/uploads\\\/2024\\\/01\\\/cropped-logo-forever.png\",\"contentUrl\":\"https:\\\/\\\/foreverfutbol.com.ec\\\/radio\\\/wp-content\\\/uploads\\\/2024\\\/01\\\/cropped-logo-forever.png\",\"width\":180,\"height\":154,\"caption\":\"92.5 FOREVER Radio\"},\"image\":{\"@id\":\"https:\\\/\\\/foreverfutbol.com.ec\\\/radio\\\/#\\\/schema\\\/logo\\\/image\\\/\"},\"sameAs\":[\"https:\\\/\\\/www.facebook.com\\\/profile.php?id=100063550693491\",\"https:\\\/\\\/x.com\\\/925forever\",\"https:\\\/\\\/www.instagram.com\\\/radioforever925\\\/\"]},{\"@type\":\"Person\",\"@id\":\"https:\\\/\\\/foreverfutbol.com.ec\\\/radio\\\/#\\\/schema\\\/person\\\/2f679dd16f889ac00df6e7b648062a01\",\"name\":\"Ricardo Rodriguez\",\"image\":{\"@type\":\"ImageObject\",\"inLanguage\":\"es\",\"@id\":\"https:\\\/\\\/secure.gravatar.com\\\/avatar\\\/5d9dfb95700bd0c503ed088d29de94822b5cc66a74cb0362774e6fc534823d07?s=96&d=mm&r=g\",\"url\":\"https:\\\/\\\/secure.gravatar.com\\\/avatar\\\/5d9dfb95700bd0c503ed088d29de94822b5cc66a74cb0362774e6fc534823d07?s=96&d=mm&r=g\",\"contentUrl\":\"https:\\\/\\\/secure.gravatar.com\\\/avatar\\\/5d9dfb95700bd0c503ed088d29de94822b5cc66a74cb0362774e6fc534823d07?s=96&d=mm&r=g\",\"caption\":\"Ricardo Rodriguez\"},\"sameAs\":[\"https:\\\/\\\/foreverfutbol.com.ec\\\/radio\"],\"url\":\"https:\\\/\\\/foreverfutbol.com.ec\\\/radio\\\/author\\\/superdmin\\\/\"}]}<\/script>\n<!-- \/ Yoast SEO plugin. -->","yoast_head_json":{"title":"Oasis alimenta los rumores de una nueva gira en 2027 - 92.5 FOREVER Radio","description":"Oasis vuelve a alimentar los rumores sobre una posible gira en 2027 con misteriosos videos publicados en redes sociales","robots":{"index":"index","follow":"follow","max-snippet":"max-snippet:-1","max-image-preview":"max-image-preview:large","max-video-preview":"max-video-preview:-1"},"canonical":"https:\/\/foreverfutbol.com.ec\/radio\/entretenimiento\/oasis-alimenta-los-rumores-de-una-nueva-gira-en-2027\/","og_locale":"es_ES","og_type":"article","og_title":"Oasis alimenta los rumores de una nueva gira en 2027 - 92.5 FOREVER Radio","og_description":"Oasis vuelve a alimentar los rumores sobre una posible gira en 2027 con misteriosos videos publicados en redes sociales","og_url":"https:\/\/foreverfutbol.com.ec\/radio\/entretenimiento\/oasis-alimenta-los-rumores-de-una-nueva-gira-en-2027\/","og_site_name":"92.5 FOREVER Radio","article_publisher":"https:\/\/www.facebook.com\/profile.php?id=100063550693491","article_published_time":"2026-09-04T21:03:04+00:00","author":"Ricardo Rodriguez","twitter_card":"summary_large_image","twitter_creator":"@925forever","twitter_site":"@925forever","twitter_misc":{"Escrito por":"Ricardo Rodriguez","Tiempo de lectura":"2 minutos"},"schema":{"@context":"https:\/\/schema.org","@graph":[{"@type":"Article","@id":"https:\/\/foreverfutbol.com.ec\/radio\/entretenimiento\/oasis-alimenta-los-rumores-de-una-nueva-gira-en-2027\/#article","isPartOf":{"@id":"https:\/\/foreverfutbol.com.ec\/radio\/entretenimiento\/oasis-alimenta-los-rumores-de-una-nueva-gira-en-2027\/"},"author":{"name":"Ricardo Rodriguez","@id":"https:\/\/foreverfutbol.com.ec\/radio\/#\/schema\/person\/2f679dd16f889ac00df6e7b648062a01"},"headline":"Oasis alimenta los rumores de una nueva gira en 2027","datePublished":"2026-09-04T21:03:04+00:00","mainEntityOfPage":{"@id":"https:\/\/foreverfutbol.com.ec\/radio\/entretenimiento\/oasis-alimenta-los-rumores-de-una-nueva-gira-en-2027\/"},"wordCount":428,"commentCount":0,"publisher":{"@id":"https:\/\/foreverfutbol.com.ec\/radio\/#organization"},"image":{"@id":"https:\/\/foreverfutbol.com.ec\/radio\/entretenimiento\/oasis-alimenta-los-rumores-de-una-nueva-gira-en-2027\/#primaryimage"},"thumbnailUrl":"https:\/\/foreverfutbol.com.ec\/radio\/wp-content\/uploads\/2026\/09\/LPE57JDBLZCQZGZAAHA747LDPI-1.avif","articleSection":["Entretenimiento"],"inLanguage":"es","potentialAction":[{"@type":"CommentAction","name":"Comment","target":["https:\/\/foreverfutbol.com.ec\/radio\/entretenimiento\/oasis-alimenta-los-rumores-de-una-nueva-gira-en-2027\/#respond"]}]},{"@type":"WebPage","@id":"https:\/\/foreverfutbol.com.ec\/radio\/entretenimiento\/oasis-alimenta-los-rumores-de-una-nueva-gira-en-2027\/","url":"https:\/\/foreverfutbol.com.ec\/radio\/entretenimiento\/oasis-alimenta-los-rumores-de-una-nueva-gira-en-2027\/","name":"Oasis alimenta los rumores de una nueva gira en 2027 - 92.5 FOREVER Radio","isPartOf":{"@id":"https:\/\/foreverfutbol.com.ec\/radio\/#website"},"primaryImageOfPage":{"@id":"https:\/\/foreverfutbol.com.ec\/radio\/entretenimiento\/oasis-alimenta-los-rumores-de-una-nueva-gira-en-2027\/#primaryimage"},"image":{"@id":"https:\/\/foreverfutbol.com.ec\/radio\/entretenimiento\/oasis-alimenta-los-rumores-de-una-nueva-gira-en-2027\/#primaryimage"},"thumbnailUrl":"https:\/\/foreverfutbol.com.ec\/radio\/wp-content\/uploads\/2026\/09\/LPE57JDBLZCQZGZAAHA747LDPI-1.avif","datePublished":"2026-09-04T21:03:04+00:00","description":"Oasis vuelve a alimentar los rumores sobre una posible gira en 2027 con misteriosos videos publicados en redes sociales","breadcrumb":{"@id":"https:\/\/foreverfutbol.com.ec\/radio\/entretenimiento\/oasis-alimenta-los-rumores-de-una-nueva-gira-en-2027\/#breadcrumb"},"inLanguage":"es","potentialAction":[{"@type":"ReadAction","target":["https:\/\/foreverfutbol.com.ec\/radio\/entretenimiento\/oasis-alimenta-los-rumores-de-una-nueva-gira-en-2027\/"]}]},{"@type":"ImageObject","inLanguage":"es","@id":"https:\/\/foreverfutbol.com.ec\/radio\/entretenimiento\/oasis-alimenta-los-rumores-de-una-nueva-gira-en-2027\/#primaryimage","url":"https:\/\/foreverfutbol.com.ec\/radio\/wp-content\/uploads\/2026\/09\/LPE57JDBLZCQZGZAAHA747LDPI-1.avif","contentUrl":"https:\/\/foreverfutbol.com.ec\/radio\/wp-content\/uploads\/2026\/09\/LPE57JDBLZCQZGZAAHA747LDPI-1.avif","width":893,"height":670,"caption":"Oasis alimenta los rumores de una nueva gira en 2027"},{"@type":"BreadcrumbList","@id":"https:\/\/foreverfutbol.com.ec\/radio\/entretenimiento\/oasis-alimenta-los-rumores-de-una-nueva-gira-en-2027\/#breadcrumb","itemListElement":[{"@type":"ListItem","position":1,"name":"Portada","item":"https:\/\/foreverfutbol.com.ec\/radio\/"},{"@type":"ListItem","position":2,"name":"Oasis alimenta los rumores de una nueva gira en 2027"}]},{"@type":"WebSite","@id":"https:\/\/foreverfutbol.com.ec\/radio\/#website","url":"https:\/\/foreverfutbol.com.ec\/radio\/","name":"92.5 FOREVER Radio","description":"","publisher":{"@id":"https:\/\/foreverfutbol.com.ec\/radio\/#organization"},"potentialAction":[{"@type":"SearchAction","target":{"@type":"EntryPoint","urlTemplate":"https:\/\/foreverfutbol.com.ec\/radio\/?s={search_term_string}"},"query-input":{"@type":"PropertyValueSpecification","valueRequired":true,"valueName":"search_term_string"}}],"inLanguage":"es"},{"@type":"Organization","@id":"https:\/\/foreverfutbol.com.ec\/radio\/#organization","name":"92.5 FOREVER Radio","url":"https:\/\/foreverfutbol.com.ec\/radio\/","logo":{"@type":"ImageObject","inLanguage":"es","@id":"https:\/\/foreverfutbol.com.ec\/radio\/#\/schema\/logo\/image\/","url":"https:\/\/foreverfutbol.com.ec\/radio\/wp-content\/uploads\/2024\/01\/cropped-logo-forever.png","contentUrl":"https:\/\/foreverfutbol.com.ec\/radio\/wp-content\/uploads\/2024\/01\/cropped-logo-forever.png","width":180,"height":154,"caption":"92.5 FOREVER Radio"},"image":{"@id":"https:\/\/foreverfutbol.com.ec\/radio\/#\/schema\/logo\/image\/"},"sameAs":["https:\/\/www.facebook.com\/profile.php?id=100063550693491","https:\/\/x.com\/925forever","https:\/\/www.instagram.com\/radioforever925\/"]},{"@type":"Person","@id":"https:\/\/foreverfutbol.com.ec\/radio\/#\/schema\/person\/2f679dd16f889ac00df6e7b648062a01","name":"Ricardo Rodriguez","image":{"@type":"ImageObject","inLanguage":"es","@id":"https:\/\/secure.gravatar.com\/avatar\/5d9dfb95700bd0c503ed088d29de94822b5cc66a74cb0362774e6fc534823d07?s=96&d=mm&r=g","url":"https:\/\/secure.gravatar.com\/avatar\/5d9dfb95700bd0c503ed088d29de94822b5cc66a74cb0362774e6fc534823d07?s=96&d=mm&r=g","contentUrl":"https:\/\/secure.gravatar.com\/avatar\/5d9dfb95700bd0c503ed088d29de94822b5cc66a74cb0362774e6fc534823d07?s=96&d=mm&r=g","caption":"Ricardo Rodriguez"},"sameAs":["https:\/\/foreverfutbol.com.ec\/radio"],"url":"https:\/\/foreverfutbol.com.ec\/radio\/author\/superdmin\/"}]}},"_links":{"self":[{"href":"https:\/\/foreverfutbol.com.ec\/radio\/wp-json\/wp\/v2\/posts\/31907","targetHints":{"allow":["GET"]}}],"collection":[{"href":"https:\/\/foreverfutbol.com.ec\/radio\/wp-json\/wp\/v2\/posts"}],"about":[{"href":"https:\/\/foreverfutbol.com.ec\/radio\/wp-json\/wp\/v2\/types\/post"}],"author":[{"embeddable":true,"href":"https:\/\/foreverfutbol.com.ec\/radio\/wp-json\/wp\/v2\/users\/1"}],"replies":[{"embeddable":true,"href":"https:\/\/foreverfutbol.com.ec\/radio\/wp-json\/wp\/v2\/comments?post=31907"}],"version-history":[{"count":1,"href":"https:\/\/foreverfutbol.com.ec\/radio\/wp-json\/wp\/v2\/posts\/31907\/revisions"}],"predecessor-version":[{"id":31909,"href":"https:\/\/foreverfutbol.com.ec\/radio\/wp-json\/wp\/v2\/posts\/31907\/revisions\/31909"}],"wp:featuredmedia":[{"embeddable":true,"href":"https:\/\/foreverfutbol.com.ec\/radio\/wp-json\/wp\/v2\/media\/31908"}],"wp:attachment":[{"href":"https:\/\/foreverfutbol.com.ec\/radio\/wp-json\/wp\/v2\/media?parent=31907"}],"wp:term":[{"taxonomy":"category","embeddable":true,"href":"https:\/\/foreverfutbol.com.ec\/radio\/wp-json\/wp\/v2\/categories?post=31907"},{"taxonomy":"post_tag","embeddable":true,"href":"https:\/\/foreverfutbol.com.ec\/radio\/wp-json\/wp\/v2\/tags?post=31907"}],"curies":[{"name":"wp","href":"https:\/\/api.w.org\/{rel}","templated":true}]}}