{"id":31904,"date":"2026-09-04T15:29:00","date_gmt":"2026-09-04T20:29:00","guid":{"rendered":"https:\/\/foreverfutbol.com.ec\/radio\/?p=31904"},"modified":"2026-09-04T15:29:01","modified_gmt":"2026-09-04T20:29:01","slug":"donald-trump-cuestiona-el-comercio-con-mexico-y-menciona-tamales-picantes-y-tomates","status":"publish","type":"post","link":"https:\/\/foreverfutbol.com.ec\/radio\/internacional\/donald-trump-cuestiona-el-comercio-con-mexico-y-menciona-tamales-picantes-y-tomates\/","title":{"rendered":"Donald Trump cuestiona el comercio con M\u00e9xico y menciona \u201ctamales picantes y tomates\u201d"},"content":{"rendered":"\n<p class=\"wp-block-paragraph\">El presidente de Estados Unidos, <strong>Donald Trump<\/strong>, volvi\u00f3 a cuestionar la relaci\u00f3n comercial con M\u00e9xico y asegur\u00f3 que su pa\u00eds no necesita determinados productos mexicanos. Durante una declaraci\u00f3n ante periodistas en el Despacho Oval, el mandatario afirm\u00f3 que Estados Unidos podr\u00eda dejar de comerciar con M\u00e9xico y se\u00f1al\u00f3 que el pa\u00eds vecino tiene poco que ofrecer a la econom\u00eda estadounidense.<\/p>\n\n\n\n<p class=\"wp-block-paragraph\">Trump mencion\u00f3 de manera pol\u00e9mica los <strong>\u201ctamales picantes y tomates\u201d<\/strong> al referirse a algunos de los productos provenientes de M\u00e9xico. Adem\u00e1s, sostuvo que Estados Unidos registra un d\u00e9ficit comercial de alrededor de <strong>195.000 millones de d\u00f3lares anuales<\/strong> con su vecino del sur.<\/p>\n\n\n\n<h2 class=\"wp-block-heading\"><strong>Trump destaca los recursos de Estados Unidos<\/strong><\/h2>\n\n\n\n<p class=\"wp-block-paragraph\">El mandatario estadounidense defendi\u00f3 su estrategia de fortalecer la producci\u00f3n nacional y reducir la dependencia de las importaciones. Trump asegur\u00f3 que <strong>Estados Unidos cuenta con petr\u00f3leo y otros recursos suficientes<\/strong> para satisfacer sus necesidades.<\/p>\n\n\n\n<p class=\"wp-block-paragraph\">Sin embargo, descart\u00f3 por ahora una ruptura comercial con M\u00e9xico. El presidente destac\u00f3 la relaci\u00f3n que mantiene con <strong>Claudia Sheinbaum<\/strong> y afirm\u00f3 que existe respeto y buena comunicaci\u00f3n con la presidenta mexicana.<\/p>\n\n\n\n<h2 class=\"wp-block-heading\"><strong>M\u00e9xico y Estados Unidos mantienen di\u00e1logo comercial<\/strong><\/h2>\n\n\n\n<p class=\"wp-block-paragraph\">Las declaraciones de Trump se producen mientras ambos gobiernos contin\u00faan negociando las condiciones del comercio bilateral. M\u00e9xico y Estados Unidos mantienen una relaci\u00f3n econ\u00f3mica estrechamente vinculada por cadenas de suministro que incluyen sectores como <strong>autom\u00f3viles, agricultura, acero, aluminio y manufactura<\/strong>.<\/p>\n\n\n\n<p class=\"wp-block-paragraph\">La revisi\u00f3n del <strong>T-MEC<\/strong> tambi\u00e9n ocupa un lugar importante en las conversaciones. El tratado establece las reglas comerciales entre M\u00e9xico, Estados Unidos y Canad\u00e1 y es fundamental para miles de empresas de la regi\u00f3n.<\/p>\n\n\n\n<p class=\"wp-block-paragraph\">Durante la \u00faltima ronda de negociaciones, celebrada en julio en Ciudad de M\u00e9xico, funcionarios de ambos pa\u00edses abordaron los aranceles y otros asuntos relacionados con la seguridad econ\u00f3mica.<\/p>\n\n\n\n<h2 class=\"wp-block-heading\"><strong>Claudia Sheinbaum busca mantener el di\u00e1logo con Washington<\/strong><\/h2>\n\n\n\n<p class=\"wp-block-paragraph\">La presidenta mexicana <strong>Claudia Sheinbaum<\/strong> ha insistido en la importancia de mantener una comunicaci\u00f3n permanente con el Gobierno estadounidense. Su administraci\u00f3n busca alcanzar acuerdos comerciales que permitan preservar la estabilidad de las relaciones econ\u00f3micas entre ambos pa\u00edses.<\/p>\n\n\n\n<p class=\"wp-block-paragraph\">Tras las conversaciones de julio, <strong>Jamieson Greer<\/strong>, representante comercial de Estados Unidos, y <strong>Marcelo Ebrard<\/strong>, secretario mexicano de Econom\u00eda, acordaron continuar las negociaciones durante septiembre.<\/p>\n\n\n\n<p class=\"wp-block-paragraph\">El futuro de los <strong>aranceles y del T-MEC<\/strong> ser\u00e1 uno de los principales temas de atenci\u00f3n mientras M\u00e9xico y Estados Unidos intentan resolver sus diferencias comerciales.<\/p>\n\n\n\n<p class=\"wp-block-paragraph\"><\/p>\n","protected":false},"excerpt":{"rendered":"<p>El presidente de Estados Unidos, Donald Trump, volvi\u00f3 a cuestionar la relaci\u00f3n comercial con M\u00e9xico y asegur\u00f3 que su pa\u00eds no necesita determinados productos mexicanos. Durante una declaraci\u00f3n ante periodistas en el Despacho Oval, el mandatario afirm\u00f3 que Estados Unidos podr\u00eda dejar de comerciar con M\u00e9xico y se\u00f1al\u00f3 que el pa\u00eds vecino tiene poco que [&hellip;]<\/p>\n","protected":false},"author":1,"featured_media":31905,"comment_status":"open","ping_status":"open","sticky":false,"template":"","format":"standard","meta":{"footnotes":""},"categories":[54],"tags":[],"class_list":["post-31904","post","type-post","status-publish","format-standard","has-post-thumbnail","hentry","category-internacional"],"yoast_head":"<!-- This site is optimized with the Yoast SEO plugin v28.3 - https:\/\/yoast.com\/product\/yoast-seo-wordpress\/ -->\n<title>Donald Trump cuestiona el comercio con M\u00e9xico y menciona \u201ctamales picantes y tomates\u201d - 92.5 FOREVER Radio<\/title>\n<meta name=\"description\" content=\"Donald Trump cuestion\u00f3 el comercio con M\u00e9xico y mencion\u00f3 \u201ctamales picantes y tomates\u201d. Conozca su postura, la respuesta de Claudia Sheinbaum\" \/>\n<meta name=\"robots\" content=\"index, follow, max-snippet:-1, max-image-preview:large, max-video-preview:-1\" \/>\n<link rel=\"canonical\" href=\"https:\/\/foreverfutbol.com.ec\/radio\/internacional\/donald-trump-cuestiona-el-comercio-con-mexico-y-menciona-tamales-picantes-y-tomates\/\" \/>\n<meta property=\"og:locale\" content=\"es_ES\" \/>\n<meta property=\"og:type\" content=\"article\" \/>\n<meta property=\"og:title\" content=\"Donald Trump cuestiona el comercio con M\u00e9xico y menciona \u201ctamales picantes y tomates\u201d - 92.5 FOREVER Radio\" \/>\n<meta property=\"og:description\" content=\"Donald Trump cuestion\u00f3 el comercio con M\u00e9xico y mencion\u00f3 \u201ctamales picantes y tomates\u201d. Conozca su postura, la respuesta de Claudia Sheinbaum\" \/>\n<meta property=\"og:url\" content=\"https:\/\/foreverfutbol.com.ec\/radio\/internacional\/donald-trump-cuestiona-el-comercio-con-mexico-y-menciona-tamales-picantes-y-tomates\/\" \/>\n<meta property=\"og:site_name\" content=\"92.5 FOREVER Radio\" \/>\n<meta property=\"article:publisher\" content=\"https:\/\/www.facebook.com\/profile.php?id=100063550693491\" \/>\n<meta property=\"article:published_time\" content=\"2026-09-04T20:29:00+00:00\" \/>\n<meta property=\"article:modified_time\" content=\"2026-09-04T20:29:01+00:00\" \/>\n<meta name=\"author\" content=\"Ricardo Rodriguez\" \/>\n<meta name=\"twitter:card\" content=\"summary_large_image\" \/>\n<meta name=\"twitter:creator\" content=\"@925forever\" \/>\n<meta name=\"twitter:site\" content=\"@925forever\" \/>\n<meta name=\"twitter:label1\" content=\"Escrito por\" \/>\n\t<meta name=\"twitter:data1\" content=\"Ricardo Rodriguez\" \/>\n\t<meta name=\"twitter:label2\" content=\"Tiempo de lectura\" \/>\n\t<meta name=\"twitter:data2\" content=\"2 minutos\" \/>\n<script type=\"application\/ld+json\" class=\"yoast-schema-graph\">{\"@context\":\"https:\\\/\\\/schema.org\",\"@graph\":[{\"@type\":\"Article\",\"@id\":\"https:\\\/\\\/foreverfutbol.com.ec\\\/radio\\\/internacional\\\/donald-trump-cuestiona-el-comercio-con-mexico-y-menciona-tamales-picantes-y-tomates\\\/#article\",\"isPartOf\":{\"@id\":\"https:\\\/\\\/foreverfutbol.com.ec\\\/radio\\\/internacional\\\/donald-trump-cuestiona-el-comercio-con-mexico-y-menciona-tamales-picantes-y-tomates\\\/\"},\"author\":{\"name\":\"Ricardo Rodriguez\",\"@id\":\"https:\\\/\\\/foreverfutbol.com.ec\\\/radio\\\/#\\\/schema\\\/person\\\/2f679dd16f889ac00df6e7b648062a01\"},\"headline\":\"Donald Trump cuestiona el comercio con M\u00e9xico y menciona \u201ctamales picantes y tomates\u201d\",\"datePublished\":\"2026-09-04T20:29:00+00:00\",\"dateModified\":\"2026-09-04T20:29:01+00:00\",\"mainEntityOfPage\":{\"@id\":\"https:\\\/\\\/foreverfutbol.com.ec\\\/radio\\\/internacional\\\/donald-trump-cuestiona-el-comercio-con-mexico-y-menciona-tamales-picantes-y-tomates\\\/\"},\"wordCount\":434,\"commentCount\":0,\"publisher\":{\"@id\":\"https:\\\/\\\/foreverfutbol.com.ec\\\/radio\\\/#organization\"},\"image\":{\"@id\":\"https:\\\/\\\/foreverfutbol.com.ec\\\/radio\\\/internacional\\\/donald-trump-cuestiona-el-comercio-con-mexico-y-menciona-tamales-picantes-y-tomates\\\/#primaryimage\"},\"thumbnailUrl\":\"https:\\\/\\\/foreverfutbol.com.ec\\\/radio\\\/wp-content\\\/uploads\\\/2026\\\/09\\\/ZZMGBQOQK5GJZNESCRJIWFHLJA.avif\",\"articleSection\":[\"Internacional\"],\"inLanguage\":\"es\",\"potentialAction\":[{\"@type\":\"CommentAction\",\"name\":\"Comment\",\"target\":[\"https:\\\/\\\/foreverfutbol.com.ec\\\/radio\\\/internacional\\\/donald-trump-cuestiona-el-comercio-con-mexico-y-menciona-tamales-picantes-y-tomates\\\/#respond\"]}]},{\"@type\":\"WebPage\",\"@id\":\"https:\\\/\\\/foreverfutbol.com.ec\\\/radio\\\/internacional\\\/donald-trump-cuestiona-el-comercio-con-mexico-y-menciona-tamales-picantes-y-tomates\\\/\",\"url\":\"https:\\\/\\\/foreverfutbol.com.ec\\\/radio\\\/internacional\\\/donald-trump-cuestiona-el-comercio-con-mexico-y-menciona-tamales-picantes-y-tomates\\\/\",\"name\":\"Donald Trump cuestiona el comercio con M\u00e9xico y menciona \u201ctamales picantes y tomates\u201d - 92.5 FOREVER Radio\",\"isPartOf\":{\"@id\":\"https:\\\/\\\/foreverfutbol.com.ec\\\/radio\\\/#website\"},\"primaryImageOfPage\":{\"@id\":\"https:\\\/\\\/foreverfutbol.com.ec\\\/radio\\\/internacional\\\/donald-trump-cuestiona-el-comercio-con-mexico-y-menciona-tamales-picantes-y-tomates\\\/#primaryimage\"},\"image\":{\"@id\":\"https:\\\/\\\/foreverfutbol.com.ec\\\/radio\\\/internacional\\\/donald-trump-cuestiona-el-comercio-con-mexico-y-menciona-tamales-picantes-y-tomates\\\/#primaryimage\"},\"thumbnailUrl\":\"https:\\\/\\\/foreverfutbol.com.ec\\\/radio\\\/wp-content\\\/uploads\\\/2026\\\/09\\\/ZZMGBQOQK5GJZNESCRJIWFHLJA.avif\",\"datePublished\":\"2026-09-04T20:29:00+00:00\",\"dateModified\":\"2026-09-04T20:29:01+00:00\",\"description\":\"Donald Trump cuestion\u00f3 el comercio con M\u00e9xico y mencion\u00f3 \u201ctamales picantes y tomates\u201d. Conozca su postura, la respuesta de Claudia Sheinbaum\",\"breadcrumb\":{\"@id\":\"https:\\\/\\\/foreverfutbol.com.ec\\\/radio\\\/internacional\\\/donald-trump-cuestiona-el-comercio-con-mexico-y-menciona-tamales-picantes-y-tomates\\\/#breadcrumb\"},\"inLanguage\":\"es\",\"potentialAction\":[{\"@type\":\"ReadAction\",\"target\":[\"https:\\\/\\\/foreverfutbol.com.ec\\\/radio\\\/internacional\\\/donald-trump-cuestiona-el-comercio-con-mexico-y-menciona-tamales-picantes-y-tomates\\\/\"]}]},{\"@type\":\"ImageObject\",\"inLanguage\":\"es\",\"@id\":\"https:\\\/\\\/foreverfutbol.com.ec\\\/radio\\\/internacional\\\/donald-trump-cuestiona-el-comercio-con-mexico-y-menciona-tamales-picantes-y-tomates\\\/#primaryimage\",\"url\":\"https:\\\/\\\/foreverfutbol.com.ec\\\/radio\\\/wp-content\\\/uploads\\\/2026\\\/09\\\/ZZMGBQOQK5GJZNESCRJIWFHLJA.avif\",\"contentUrl\":\"https:\\\/\\\/foreverfutbol.com.ec\\\/radio\\\/wp-content\\\/uploads\\\/2026\\\/09\\\/ZZMGBQOQK5GJZNESCRJIWFHLJA.avif\",\"width\":1005,\"height\":670,\"caption\":\"Donald Trump cuestiona el comercio con M\u00e9xico y menciona \u201ctamales picantes y tomates\u201d\"},{\"@type\":\"BreadcrumbList\",\"@id\":\"https:\\\/\\\/foreverfutbol.com.ec\\\/radio\\\/internacional\\\/donald-trump-cuestiona-el-comercio-con-mexico-y-menciona-tamales-picantes-y-tomates\\\/#breadcrumb\",\"itemListElement\":[{\"@type\":\"ListItem\",\"position\":1,\"name\":\"Portada\",\"item\":\"https:\\\/\\\/foreverfutbol.com.ec\\\/radio\\\/\"},{\"@type\":\"ListItem\",\"position\":2,\"name\":\"Donald Trump cuestiona el comercio con M\u00e9xico y menciona \u201ctamales picantes y tomates\u201d\"}]},{\"@type\":\"WebSite\",\"@id\":\"https:\\\/\\\/foreverfutbol.com.ec\\\/radio\\\/#website\",\"url\":\"https:\\\/\\\/foreverfutbol.com.ec\\\/radio\\\/\",\"name\":\"92.5 FOREVER Radio\",\"description\":\"\",\"publisher\":{\"@id\":\"https:\\\/\\\/foreverfutbol.com.ec\\\/radio\\\/#organization\"},\"potentialAction\":[{\"@type\":\"SearchAction\",\"target\":{\"@type\":\"EntryPoint\",\"urlTemplate\":\"https:\\\/\\\/foreverfutbol.com.ec\\\/radio\\\/?s={search_term_string}\"},\"query-input\":{\"@type\":\"PropertyValueSpecification\",\"valueRequired\":true,\"valueName\":\"search_term_string\"}}],\"inLanguage\":\"es\"},{\"@type\":\"Organization\",\"@id\":\"https:\\\/\\\/foreverfutbol.com.ec\\\/radio\\\/#organization\",\"name\":\"92.5 FOREVER Radio\",\"url\":\"https:\\\/\\\/foreverfutbol.com.ec\\\/radio\\\/\",\"logo\":{\"@type\":\"ImageObject\",\"inLanguage\":\"es\",\"@id\":\"https:\\\/\\\/foreverfutbol.com.ec\\\/radio\\\/#\\\/schema\\\/logo\\\/image\\\/\",\"url\":\"https:\\\/\\\/foreverfutbol.com.ec\\\/radio\\\/wp-content\\\/uploads\\\/2024\\\/01\\\/cropped-logo-forever.png\",\"contentUrl\":\"https:\\\/\\\/foreverfutbol.com.ec\\\/radio\\\/wp-content\\\/uploads\\\/2024\\\/01\\\/cropped-logo-forever.png\",\"width\":180,\"height\":154,\"caption\":\"92.5 FOREVER Radio\"},\"image\":{\"@id\":\"https:\\\/\\\/foreverfutbol.com.ec\\\/radio\\\/#\\\/schema\\\/logo\\\/image\\\/\"},\"sameAs\":[\"https:\\\/\\\/www.facebook.com\\\/profile.php?id=100063550693491\",\"https:\\\/\\\/x.com\\\/925forever\",\"https:\\\/\\\/www.instagram.com\\\/radioforever925\\\/\"]},{\"@type\":\"Person\",\"@id\":\"https:\\\/\\\/foreverfutbol.com.ec\\\/radio\\\/#\\\/schema\\\/person\\\/2f679dd16f889ac00df6e7b648062a01\",\"name\":\"Ricardo Rodriguez\",\"image\":{\"@type\":\"ImageObject\",\"inLanguage\":\"es\",\"@id\":\"https:\\\/\\\/secure.gravatar.com\\\/avatar\\\/5d9dfb95700bd0c503ed088d29de94822b5cc66a74cb0362774e6fc534823d07?s=96&d=mm&r=g\",\"url\":\"https:\\\/\\\/secure.gravatar.com\\\/avatar\\\/5d9dfb95700bd0c503ed088d29de94822b5cc66a74cb0362774e6fc534823d07?s=96&d=mm&r=g\",\"contentUrl\":\"https:\\\/\\\/secure.gravatar.com\\\/avatar\\\/5d9dfb95700bd0c503ed088d29de94822b5cc66a74cb0362774e6fc534823d07?s=96&d=mm&r=g\",\"caption\":\"Ricardo Rodriguez\"},\"sameAs\":[\"https:\\\/\\\/foreverfutbol.com.ec\\\/radio\"],\"url\":\"https:\\\/\\\/foreverfutbol.com.ec\\\/radio\\\/author\\\/superdmin\\\/\"}]}<\/script>\n<!-- \/ Yoast SEO plugin. -->","yoast_head_json":{"title":"Donald Trump cuestiona el comercio con M\u00e9xico y menciona \u201ctamales picantes y tomates\u201d - 92.5 FOREVER Radio","description":"Donald Trump cuestion\u00f3 el comercio con M\u00e9xico y mencion\u00f3 \u201ctamales picantes y tomates\u201d. Conozca su postura, la respuesta de Claudia Sheinbaum","robots":{"index":"index","follow":"follow","max-snippet":"max-snippet:-1","max-image-preview":"max-image-preview:large","max-video-preview":"max-video-preview:-1"},"canonical":"https:\/\/foreverfutbol.com.ec\/radio\/internacional\/donald-trump-cuestiona-el-comercio-con-mexico-y-menciona-tamales-picantes-y-tomates\/","og_locale":"es_ES","og_type":"article","og_title":"Donald Trump cuestiona el comercio con M\u00e9xico y menciona \u201ctamales picantes y tomates\u201d - 92.5 FOREVER Radio","og_description":"Donald Trump cuestion\u00f3 el comercio con M\u00e9xico y mencion\u00f3 \u201ctamales picantes y tomates\u201d. Conozca su postura, la respuesta de Claudia Sheinbaum","og_url":"https:\/\/foreverfutbol.com.ec\/radio\/internacional\/donald-trump-cuestiona-el-comercio-con-mexico-y-menciona-tamales-picantes-y-tomates\/","og_site_name":"92.5 FOREVER Radio","article_publisher":"https:\/\/www.facebook.com\/profile.php?id=100063550693491","article_published_time":"2026-09-04T20:29:00+00:00","article_modified_time":"2026-09-04T20:29:01+00:00","author":"Ricardo Rodriguez","twitter_card":"summary_large_image","twitter_creator":"@925forever","twitter_site":"@925forever","twitter_misc":{"Escrito por":"Ricardo Rodriguez","Tiempo de lectura":"2 minutos"},"schema":{"@context":"https:\/\/schema.org","@graph":[{"@type":"Article","@id":"https:\/\/foreverfutbol.com.ec\/radio\/internacional\/donald-trump-cuestiona-el-comercio-con-mexico-y-menciona-tamales-picantes-y-tomates\/#article","isPartOf":{"@id":"https:\/\/foreverfutbol.com.ec\/radio\/internacional\/donald-trump-cuestiona-el-comercio-con-mexico-y-menciona-tamales-picantes-y-tomates\/"},"author":{"name":"Ricardo Rodriguez","@id":"https:\/\/foreverfutbol.com.ec\/radio\/#\/schema\/person\/2f679dd16f889ac00df6e7b648062a01"},"headline":"Donald Trump cuestiona el comercio con M\u00e9xico y menciona \u201ctamales picantes y tomates\u201d","datePublished":"2026-09-04T20:29:00+00:00","dateModified":"2026-09-04T20:29:01+00:00","mainEntityOfPage":{"@id":"https:\/\/foreverfutbol.com.ec\/radio\/internacional\/donald-trump-cuestiona-el-comercio-con-mexico-y-menciona-tamales-picantes-y-tomates\/"},"wordCount":434,"commentCount":0,"publisher":{"@id":"https:\/\/foreverfutbol.com.ec\/radio\/#organization"},"image":{"@id":"https:\/\/foreverfutbol.com.ec\/radio\/internacional\/donald-trump-cuestiona-el-comercio-con-mexico-y-menciona-tamales-picantes-y-tomates\/#primaryimage"},"thumbnailUrl":"https:\/\/foreverfutbol.com.ec\/radio\/wp-content\/uploads\/2026\/09\/ZZMGBQOQK5GJZNESCRJIWFHLJA.avif","articleSection":["Internacional"],"inLanguage":"es","potentialAction":[{"@type":"CommentAction","name":"Comment","target":["https:\/\/foreverfutbol.com.ec\/radio\/internacional\/donald-trump-cuestiona-el-comercio-con-mexico-y-menciona-tamales-picantes-y-tomates\/#respond"]}]},{"@type":"WebPage","@id":"https:\/\/foreverfutbol.com.ec\/radio\/internacional\/donald-trump-cuestiona-el-comercio-con-mexico-y-menciona-tamales-picantes-y-tomates\/","url":"https:\/\/foreverfutbol.com.ec\/radio\/internacional\/donald-trump-cuestiona-el-comercio-con-mexico-y-menciona-tamales-picantes-y-tomates\/","name":"Donald Trump cuestiona el comercio con M\u00e9xico y menciona \u201ctamales picantes y tomates\u201d - 92.5 FOREVER Radio","isPartOf":{"@id":"https:\/\/foreverfutbol.com.ec\/radio\/#website"},"primaryImageOfPage":{"@id":"https:\/\/foreverfutbol.com.ec\/radio\/internacional\/donald-trump-cuestiona-el-comercio-con-mexico-y-menciona-tamales-picantes-y-tomates\/#primaryimage"},"image":{"@id":"https:\/\/foreverfutbol.com.ec\/radio\/internacional\/donald-trump-cuestiona-el-comercio-con-mexico-y-menciona-tamales-picantes-y-tomates\/#primaryimage"},"thumbnailUrl":"https:\/\/foreverfutbol.com.ec\/radio\/wp-content\/uploads\/2026\/09\/ZZMGBQOQK5GJZNESCRJIWFHLJA.avif","datePublished":"2026-09-04T20:29:00+00:00","dateModified":"2026-09-04T20:29:01+00:00","description":"Donald Trump cuestion\u00f3 el comercio con M\u00e9xico y mencion\u00f3 \u201ctamales picantes y tomates\u201d. Conozca su postura, la respuesta de Claudia Sheinbaum","breadcrumb":{"@id":"https:\/\/foreverfutbol.com.ec\/radio\/internacional\/donald-trump-cuestiona-el-comercio-con-mexico-y-menciona-tamales-picantes-y-tomates\/#breadcrumb"},"inLanguage":"es","potentialAction":[{"@type":"ReadAction","target":["https:\/\/foreverfutbol.com.ec\/radio\/internacional\/donald-trump-cuestiona-el-comercio-con-mexico-y-menciona-tamales-picantes-y-tomates\/"]}]},{"@type":"ImageObject","inLanguage":"es","@id":"https:\/\/foreverfutbol.com.ec\/radio\/internacional\/donald-trump-cuestiona-el-comercio-con-mexico-y-menciona-tamales-picantes-y-tomates\/#primaryimage","url":"https:\/\/foreverfutbol.com.ec\/radio\/wp-content\/uploads\/2026\/09\/ZZMGBQOQK5GJZNESCRJIWFHLJA.avif","contentUrl":"https:\/\/foreverfutbol.com.ec\/radio\/wp-content\/uploads\/2026\/09\/ZZMGBQOQK5GJZNESCRJIWFHLJA.avif","width":1005,"height":670,"caption":"Donald Trump cuestiona el comercio con M\u00e9xico y menciona \u201ctamales picantes y tomates\u201d"},{"@type":"BreadcrumbList","@id":"https:\/\/foreverfutbol.com.ec\/radio\/internacional\/donald-trump-cuestiona-el-comercio-con-mexico-y-menciona-tamales-picantes-y-tomates\/#breadcrumb","itemListElement":[{"@type":"ListItem","position":1,"name":"Portada","item":"https:\/\/foreverfutbol.com.ec\/radio\/"},{"@type":"ListItem","position":2,"name":"Donald Trump cuestiona el comercio con M\u00e9xico y menciona \u201ctamales picantes y tomates\u201d"}]},{"@type":"WebSite","@id":"https:\/\/foreverfutbol.com.ec\/radio\/#website","url":"https:\/\/foreverfutbol.com.ec\/radio\/","name":"92.5 FOREVER Radio","description":"","publisher":{"@id":"https:\/\/foreverfutbol.com.ec\/radio\/#organization"},"potentialAction":[{"@type":"SearchAction","target":{"@type":"EntryPoint","urlTemplate":"https:\/\/foreverfutbol.com.ec\/radio\/?s={search_term_string}"},"query-input":{"@type":"PropertyValueSpecification","valueRequired":true,"valueName":"search_term_string"}}],"inLanguage":"es"},{"@type":"Organization","@id":"https:\/\/foreverfutbol.com.ec\/radio\/#organization","name":"92.5 FOREVER Radio","url":"https:\/\/foreverfutbol.com.ec\/radio\/","logo":{"@type":"ImageObject","inLanguage":"es","@id":"https:\/\/foreverfutbol.com.ec\/radio\/#\/schema\/logo\/image\/","url":"https:\/\/foreverfutbol.com.ec\/radio\/wp-content\/uploads\/2024\/01\/cropped-logo-forever.png","contentUrl":"https:\/\/foreverfutbol.com.ec\/radio\/wp-content\/uploads\/2024\/01\/cropped-logo-forever.png","width":180,"height":154,"caption":"92.5 FOREVER Radio"},"image":{"@id":"https:\/\/foreverfutbol.com.ec\/radio\/#\/schema\/logo\/image\/"},"sameAs":["https:\/\/www.facebook.com\/profile.php?id=100063550693491","https:\/\/x.com\/925forever","https:\/\/www.instagram.com\/radioforever925\/"]},{"@type":"Person","@id":"https:\/\/foreverfutbol.com.ec\/radio\/#\/schema\/person\/2f679dd16f889ac00df6e7b648062a01","name":"Ricardo Rodriguez","image":{"@type":"ImageObject","inLanguage":"es","@id":"https:\/\/secure.gravatar.com\/avatar\/5d9dfb95700bd0c503ed088d29de94822b5cc66a74cb0362774e6fc534823d07?s=96&d=mm&r=g","url":"https:\/\/secure.gravatar.com\/avatar\/5d9dfb95700bd0c503ed088d29de94822b5cc66a74cb0362774e6fc534823d07?s=96&d=mm&r=g","contentUrl":"https:\/\/secure.gravatar.com\/avatar\/5d9dfb95700bd0c503ed088d29de94822b5cc66a74cb0362774e6fc534823d07?s=96&d=mm&r=g","caption":"Ricardo Rodriguez"},"sameAs":["https:\/\/foreverfutbol.com.ec\/radio"],"url":"https:\/\/foreverfutbol.com.ec\/radio\/author\/superdmin\/"}]}},"_links":{"self":[{"href":"https:\/\/foreverfutbol.com.ec\/radio\/wp-json\/wp\/v2\/posts\/31904","targetHints":{"allow":["GET"]}}],"collection":[{"href":"https:\/\/foreverfutbol.com.ec\/radio\/wp-json\/wp\/v2\/posts"}],"about":[{"href":"https:\/\/foreverfutbol.com.ec\/radio\/wp-json\/wp\/v2\/types\/post"}],"author":[{"embeddable":true,"href":"https:\/\/foreverfutbol.com.ec\/radio\/wp-json\/wp\/v2\/users\/1"}],"replies":[{"embeddable":true,"href":"https:\/\/foreverfutbol.com.ec\/radio\/wp-json\/wp\/v2\/comments?post=31904"}],"version-history":[{"count":1,"href":"https:\/\/foreverfutbol.com.ec\/radio\/wp-json\/wp\/v2\/posts\/31904\/revisions"}],"predecessor-version":[{"id":31906,"href":"https:\/\/foreverfutbol.com.ec\/radio\/wp-json\/wp\/v2\/posts\/31904\/revisions\/31906"}],"wp:featuredmedia":[{"embeddable":true,"href":"https:\/\/foreverfutbol.com.ec\/radio\/wp-json\/wp\/v2\/media\/31905"}],"wp:attachment":[{"href":"https:\/\/foreverfutbol.com.ec\/radio\/wp-json\/wp\/v2\/media?parent=31904"}],"wp:term":[{"taxonomy":"category","embeddable":true,"href":"https:\/\/foreverfutbol.com.ec\/radio\/wp-json\/wp\/v2\/categories?post=31904"},{"taxonomy":"post_tag","embeddable":true,"href":"https:\/\/foreverfutbol.com.ec\/radio\/wp-json\/wp\/v2\/tags?post=31904"}],"curies":[{"name":"wp","href":"https:\/\/api.w.org\/{rel}","templated":true}]}}