{"id":31900,"date":"2026-09-04T15:14:06","date_gmt":"2026-09-04T20:14:06","guid":{"rendered":"https:\/\/foreverfutbol.com.ec\/radio\/?p=31900"},"modified":"2026-09-04T15:14:06","modified_gmt":"2026-09-04T20:14:06","slug":"marco-rubio-volvera-a-ecuador-en-septiembre-para-reforzar-la-cooperacion-con-estados-unidos","status":"publish","type":"post","link":"https:\/\/foreverfutbol.com.ec\/radio\/politica\/marco-rubio-volvera-a-ecuador-en-septiembre-para-reforzar-la-cooperacion-con-estados-unidos\/","title":{"rendered":"Marco Rubio volver\u00e1 a Ecuador en septiembre para reforzar la cooperaci\u00f3n con Estados Unidos"},"content":{"rendered":"\n<p class=\"wp-block-paragraph\">El secretario de Estado de Estados Unidos, <strong>Marco Rubio<\/strong>, regresar\u00e1 a Ecuador durante septiembre de 2026, casi un a\u00f1o despu\u00e9s de su primera visita al pa\u00eds. El nuevo encuentro con el presidente <strong>Daniel Noboa<\/strong> se desarrollar\u00e1 en un contexto marcado por el fortalecimiento de la cooperaci\u00f3n bilateral en seguridad, lucha contra el narcotr\u00e1fico y comercio.<\/p>\n\n\n\n<p class=\"wp-block-paragraph\">Rubio llegar\u00e1 a Ecuador como parte de una gira regional que tambi\u00e9n contempla <strong>Colombia y Per\u00fa<\/strong>, entre el 8 y el 10 de septiembre. La visita busca estrechar la coordinaci\u00f3n de Washington con sus principales socios de la regi\u00f3n frente a desaf\u00edos relacionados con el crimen organizado y las redes internacionales del narcotr\u00e1fico.<\/p>\n\n\n\n<h2 class=\"wp-block-heading\"><strong>Marco Rubio y Daniel Noboa fortalecen la relaci\u00f3n bilateral<\/strong><\/h2>\n\n\n\n<p class=\"wp-block-paragraph\">La relaci\u00f3n entre <strong>Ecuador y Estados Unidos<\/strong> se ha intensificado durante el \u00faltimo a\u00f1o. Uno de los principales ejes ha sido el respaldo estadounidense a las autoridades ecuatorianas para enfrentar a las organizaciones criminales que operan dentro del pa\u00eds y mantienen conexiones internacionales.<\/p>\n\n\n\n<p class=\"wp-block-paragraph\">Durante su visita de septiembre de 2025, Rubio confirm\u00f3 la designaci\u00f3n de <strong>Los Choneros y Los Lobos<\/strong> como organizaciones terroristas extranjeras. La medida permiti\u00f3 ampliar las herramientas de Estados Unidos para perseguir activos y estructuras financieras vinculadas con estos grupos.<\/p>\n\n\n\n<p class=\"wp-block-paragraph\">Otro punto relevante de la cooperaci\u00f3n fue la extradici\u00f3n de <strong>Jos\u00e9 Adolfo Mac\u00edas Villamar, alias Fito<\/strong>, hacia Estados Unidos en julio de 2025. Posteriormente, en junio de 2026, fueron extraditados tambi\u00e9n <strong>Celso Miguel Moreira Heredia, alias Patucho Celso<\/strong>, y <strong>Dar\u00edo Javier Pe\u00f1afiel Nieto, alias Topo<\/strong>.<\/p>\n\n\n\n<h2 class=\"wp-block-heading\"><strong>M\u00e1s cooperaci\u00f3n contra el narcotr\u00e1fico en Ecuador<\/strong><\/h2>\n\n\n\n<p class=\"wp-block-paragraph\">Estados Unidos tambi\u00e9n ha incrementado su asistencia para mejorar las capacidades de seguridad de Ecuador. Durante la anterior visita de Rubio se confirm\u00f3 un desembolso de <strong>13,5 millones de d\u00f3lares del Departamento de Defensa estadounidense<\/strong> destinado a combatir el crimen y el narcotr\u00e1fico.<\/p>\n\n\n\n<p class=\"wp-block-paragraph\">La cooperaci\u00f3n incluye adem\u00e1s tecnolog\u00eda, intercambio de inteligencia y apoyo para fortalecer las capacidades de vigilancia. En particular, el control mar\u00edtimo representa una prioridad debido al uso del Pac\u00edfico para transportar droga hacia mercados internacionales.<\/p>\n\n\n\n<p class=\"wp-block-paragraph\">El <strong>Comando Sur de Estados Unidos (SOUTHCOM)<\/strong> mantiene coordinaci\u00f3n con las Fuerzas Armadas ecuatorianas para identificar rutas, estructuras log\u00edsticas y mecanismos empleados por organizaciones criminales.<\/p>\n\n\n\n<h2 class=\"wp-block-heading\"><strong>Coordinaci\u00f3n en la frontera entre Ecuador y Colombia<\/strong><\/h2>\n\n\n\n<p class=\"wp-block-paragraph\">La estrategia de seguridad tambi\u00e9n se ha extendido hacia la frontera norte. Ecuador, Colombia y Estados Unidos buscan mejorar el intercambio de informaci\u00f3n y la coordinaci\u00f3n de operaciones contra grupos que utilizan corredores terrestres y fluviales para actividades il\u00edcitas.<\/p>\n\n\n\n<p class=\"wp-block-paragraph\">Las reuniones entre autoridades de los tres pa\u00edses han planteado mecanismos para compartir <strong>inteligencia en tiempo real<\/strong>, mejorar la log\u00edstica y fortalecer el control de zonas consideradas estrat\u00e9gicas.<\/p>\n\n\n\n<p class=\"wp-block-paragraph\">Adem\u00e1s del narcotr\u00e1fico, la cooperaci\u00f3n contempla acciones contra la <strong>miner\u00eda ilegal<\/strong>, particularmente en \u00e1reas fronterizas y sectores de la Amazon\u00eda donde las actividades il\u00edcitas pueden estar relacionadas con estructuras de crimen organizado.<\/p>\n\n\n\n<h2 class=\"wp-block-heading\"><strong>El comercio entre Ecuador y Estados Unidos gana importancia<\/strong><\/h2>\n\n\n\n<p class=\"wp-block-paragraph\">La seguridad no es el \u00fanico tema que ha fortalecido la relaci\u00f3n bilateral. El comercio se ha convertido en otro de los principales componentes de la agenda entre Quito y Washington.<\/p>\n\n\n\n<p class=\"wp-block-paragraph\">El <strong>Acuerdo de Comercio Rec\u00edproco<\/strong>, suscrito el 13 de marzo de 2026 en Washington, busca reducir determinadas barreras para el intercambio de productos entre ambos pa\u00edses.<\/p>\n\n\n\n<p class=\"wp-block-paragraph\">El acuerdo contempla la eliminaci\u00f3n o reducci\u00f3n de sobretasas para una parte importante de las exportaciones no petroleras ecuatorianas. Entre los productos considerados est\u00e1n <strong>banano, cacao, flores, caf\u00e9, madera, oro y cobre<\/strong>.<\/p>\n\n\n\n<p class=\"wp-block-paragraph\">Seg\u00fan los t\u00e9rminos se\u00f1alados, los beneficios abarcar\u00edan aproximadamente el <strong>53 % de las exportaciones no petroleras ecuatorianas hacia Estados Unidos<\/strong>, equivalentes a un universo estimado de unos 2.786 millones de d\u00f3lares.<\/p>\n\n\n\n<p class=\"wp-block-paragraph\">Para Ecuador, el acceso al mercado estadounidense es especialmente relevante para sectores agr\u00edcolas y exportadores que dependen de condiciones competitivas para mantener su presencia internacional.<\/p>\n\n\n\n<h2 class=\"wp-block-heading\"><strong>La agenda econ\u00f3mica acompa\u00f1ar\u00e1 la cooperaci\u00f3n en seguridad<\/strong><\/h2>\n\n\n\n<p class=\"wp-block-paragraph\">El nuevo viaje de Marco Rubio ocurre en un momento en el que Ecuador busca consolidar tanto el respaldo internacional a su estrategia de seguridad como nuevas oportunidades comerciales.<\/p>\n\n\n\n<p class=\"wp-block-paragraph\">Mientras las autoridades ecuatorianas y estadounidenses contin\u00faan trabajando en la lucha contra el narcotr\u00e1fico y el crimen organizado, el componente econ\u00f3mico adquiere mayor peso mediante la reducci\u00f3n de barreras comerciales y la posibilidad de ampliar el intercambio bilateral.<\/p>\n\n\n\n<p class=\"wp-block-paragraph\">La visita de Rubio permitir\u00e1 revisar estos avances y abordar nuevas \u00e1reas de cooperaci\u00f3n entre <strong>Estados Unidos y Ecuador<\/strong>, con especial atenci\u00f3n en seguridad regional, comercio, inteligencia y lucha contra las organizaciones criminales transnacionales.<\/p>\n\n\n\n<p class=\"wp-block-paragraph\"><\/p>\n","protected":false},"excerpt":{"rendered":"<p>El secretario de Estado de Estados Unidos, Marco Rubio, regresar\u00e1 a Ecuador durante septiembre de 2026, casi un a\u00f1o despu\u00e9s de su primera visita al pa\u00eds. El nuevo encuentro con el presidente Daniel Noboa se desarrollar\u00e1 en un contexto marcado por el fortalecimiento de la cooperaci\u00f3n bilateral en seguridad, lucha contra el narcotr\u00e1fico y comercio. [&hellip;]<\/p>\n","protected":false},"author":1,"featured_media":31902,"comment_status":"open","ping_status":"open","sticky":false,"template":"","format":"standard","meta":{"footnotes":""},"categories":[52],"tags":[],"class_list":["post-31900","post","type-post","status-publish","format-standard","has-post-thumbnail","hentry","category-politica"],"yoast_head":"<!-- This site is optimized with the Yoast SEO plugin v28.3 - https:\/\/yoast.com\/product\/yoast-seo-wordpress\/ -->\n<title>Marco Rubio volver\u00e1 a Ecuador en septiembre para reforzar la cooperaci\u00f3n con Estados Unidos - 92.5 FOREVER Radio<\/title>\n<meta name=\"description\" content=\"Marco Rubio volver\u00e1 a Ecuador en septiembre de 2026 para reunirse con Daniel Noboa y fortalecer la cooperaci\u00f3n en seguridad,\" \/>\n<meta name=\"robots\" content=\"index, follow, max-snippet:-1, max-image-preview:large, max-video-preview:-1\" \/>\n<link rel=\"canonical\" href=\"https:\/\/foreverfutbol.com.ec\/radio\/politica\/marco-rubio-volvera-a-ecuador-en-septiembre-para-reforzar-la-cooperacion-con-estados-unidos\/\" \/>\n<meta property=\"og:locale\" content=\"es_ES\" \/>\n<meta property=\"og:type\" content=\"article\" \/>\n<meta property=\"og:title\" content=\"Marco Rubio volver\u00e1 a Ecuador en septiembre para reforzar la cooperaci\u00f3n con Estados Unidos - 92.5 FOREVER Radio\" \/>\n<meta property=\"og:description\" content=\"Marco Rubio volver\u00e1 a Ecuador en septiembre de 2026 para reunirse con Daniel Noboa y fortalecer la cooperaci\u00f3n en seguridad,\" \/>\n<meta property=\"og:url\" content=\"https:\/\/foreverfutbol.com.ec\/radio\/politica\/marco-rubio-volvera-a-ecuador-en-septiembre-para-reforzar-la-cooperacion-con-estados-unidos\/\" \/>\n<meta property=\"og:site_name\" content=\"92.5 FOREVER Radio\" \/>\n<meta property=\"article:publisher\" content=\"https:\/\/www.facebook.com\/profile.php?id=100063550693491\" \/>\n<meta property=\"article:published_time\" content=\"2026-09-04T20:14:06+00:00\" \/>\n<meta name=\"author\" content=\"Ricardo Rodriguez\" \/>\n<meta name=\"twitter:card\" content=\"summary_large_image\" \/>\n<meta name=\"twitter:creator\" content=\"@925forever\" \/>\n<meta name=\"twitter:site\" content=\"@925forever\" \/>\n<meta name=\"twitter:label1\" content=\"Escrito por\" \/>\n\t<meta name=\"twitter:data1\" content=\"Ricardo Rodriguez\" \/>\n\t<meta name=\"twitter:label2\" content=\"Tiempo de lectura\" \/>\n\t<meta name=\"twitter:data2\" content=\"4 minutos\" \/>\n<script type=\"application\/ld+json\" class=\"yoast-schema-graph\">{\"@context\":\"https:\\\/\\\/schema.org\",\"@graph\":[{\"@type\":\"Article\",\"@id\":\"https:\\\/\\\/foreverfutbol.com.ec\\\/radio\\\/politica\\\/marco-rubio-volvera-a-ecuador-en-septiembre-para-reforzar-la-cooperacion-con-estados-unidos\\\/#article\",\"isPartOf\":{\"@id\":\"https:\\\/\\\/foreverfutbol.com.ec\\\/radio\\\/politica\\\/marco-rubio-volvera-a-ecuador-en-septiembre-para-reforzar-la-cooperacion-con-estados-unidos\\\/\"},\"author\":{\"name\":\"Ricardo Rodriguez\",\"@id\":\"https:\\\/\\\/foreverfutbol.com.ec\\\/radio\\\/#\\\/schema\\\/person\\\/2f679dd16f889ac00df6e7b648062a01\"},\"headline\":\"Marco Rubio volver\u00e1 a Ecuador en septiembre para reforzar la cooperaci\u00f3n con Estados Unidos\",\"datePublished\":\"2026-09-04T20:14:06+00:00\",\"mainEntityOfPage\":{\"@id\":\"https:\\\/\\\/foreverfutbol.com.ec\\\/radio\\\/politica\\\/marco-rubio-volvera-a-ecuador-en-septiembre-para-reforzar-la-cooperacion-con-estados-unidos\\\/\"},\"wordCount\":797,\"commentCount\":0,\"publisher\":{\"@id\":\"https:\\\/\\\/foreverfutbol.com.ec\\\/radio\\\/#organization\"},\"image\":{\"@id\":\"https:\\\/\\\/foreverfutbol.com.ec\\\/radio\\\/politica\\\/marco-rubio-volvera-a-ecuador-en-septiembre-para-reforzar-la-cooperacion-con-estados-unidos\\\/#primaryimage\"},\"thumbnailUrl\":\"https:\\\/\\\/foreverfutbol.com.ec\\\/radio\\\/wp-content\\\/uploads\\\/2026\\\/09\\\/DHW6NNDZDNBPXKT57ZXFJVOU6Q.avif\",\"articleSection\":[\"Pol\u00edtica\"],\"inLanguage\":\"es\",\"potentialAction\":[{\"@type\":\"CommentAction\",\"name\":\"Comment\",\"target\":[\"https:\\\/\\\/foreverfutbol.com.ec\\\/radio\\\/politica\\\/marco-rubio-volvera-a-ecuador-en-septiembre-para-reforzar-la-cooperacion-con-estados-unidos\\\/#respond\"]}]},{\"@type\":\"WebPage\",\"@id\":\"https:\\\/\\\/foreverfutbol.com.ec\\\/radio\\\/politica\\\/marco-rubio-volvera-a-ecuador-en-septiembre-para-reforzar-la-cooperacion-con-estados-unidos\\\/\",\"url\":\"https:\\\/\\\/foreverfutbol.com.ec\\\/radio\\\/politica\\\/marco-rubio-volvera-a-ecuador-en-septiembre-para-reforzar-la-cooperacion-con-estados-unidos\\\/\",\"name\":\"Marco Rubio volver\u00e1 a Ecuador en septiembre para reforzar la cooperaci\u00f3n con Estados Unidos - 92.5 FOREVER Radio\",\"isPartOf\":{\"@id\":\"https:\\\/\\\/foreverfutbol.com.ec\\\/radio\\\/#website\"},\"primaryImageOfPage\":{\"@id\":\"https:\\\/\\\/foreverfutbol.com.ec\\\/radio\\\/politica\\\/marco-rubio-volvera-a-ecuador-en-septiembre-para-reforzar-la-cooperacion-con-estados-unidos\\\/#primaryimage\"},\"image\":{\"@id\":\"https:\\\/\\\/foreverfutbol.com.ec\\\/radio\\\/politica\\\/marco-rubio-volvera-a-ecuador-en-septiembre-para-reforzar-la-cooperacion-con-estados-unidos\\\/#primaryimage\"},\"thumbnailUrl\":\"https:\\\/\\\/foreverfutbol.com.ec\\\/radio\\\/wp-content\\\/uploads\\\/2026\\\/09\\\/DHW6NNDZDNBPXKT57ZXFJVOU6Q.avif\",\"datePublished\":\"2026-09-04T20:14:06+00:00\",\"description\":\"Marco Rubio volver\u00e1 a Ecuador en septiembre de 2026 para reunirse con Daniel Noboa y fortalecer la cooperaci\u00f3n en seguridad,\",\"breadcrumb\":{\"@id\":\"https:\\\/\\\/foreverfutbol.com.ec\\\/radio\\\/politica\\\/marco-rubio-volvera-a-ecuador-en-septiembre-para-reforzar-la-cooperacion-con-estados-unidos\\\/#breadcrumb\"},\"inLanguage\":\"es\",\"potentialAction\":[{\"@type\":\"ReadAction\",\"target\":[\"https:\\\/\\\/foreverfutbol.com.ec\\\/radio\\\/politica\\\/marco-rubio-volvera-a-ecuador-en-septiembre-para-reforzar-la-cooperacion-con-estados-unidos\\\/\"]}]},{\"@type\":\"ImageObject\",\"inLanguage\":\"es\",\"@id\":\"https:\\\/\\\/foreverfutbol.com.ec\\\/radio\\\/politica\\\/marco-rubio-volvera-a-ecuador-en-septiembre-para-reforzar-la-cooperacion-con-estados-unidos\\\/#primaryimage\",\"url\":\"https:\\\/\\\/foreverfutbol.com.ec\\\/radio\\\/wp-content\\\/uploads\\\/2026\\\/09\\\/DHW6NNDZDNBPXKT57ZXFJVOU6Q.avif\",\"contentUrl\":\"https:\\\/\\\/foreverfutbol.com.ec\\\/radio\\\/wp-content\\\/uploads\\\/2026\\\/09\\\/DHW6NNDZDNBPXKT57ZXFJVOU6Q.avif\",\"width\":1005,\"height\":670,\"caption\":\"Marco Rubio volver\u00e1 a Ecuador en septiembre para reforzar la cooperaci\u00f3n con Estados Unidos\"},{\"@type\":\"BreadcrumbList\",\"@id\":\"https:\\\/\\\/foreverfutbol.com.ec\\\/radio\\\/politica\\\/marco-rubio-volvera-a-ecuador-en-septiembre-para-reforzar-la-cooperacion-con-estados-unidos\\\/#breadcrumb\",\"itemListElement\":[{\"@type\":\"ListItem\",\"position\":1,\"name\":\"Portada\",\"item\":\"https:\\\/\\\/foreverfutbol.com.ec\\\/radio\\\/\"},{\"@type\":\"ListItem\",\"position\":2,\"name\":\"Marco Rubio volver\u00e1 a Ecuador en septiembre para reforzar la cooperaci\u00f3n con Estados Unidos\"}]},{\"@type\":\"WebSite\",\"@id\":\"https:\\\/\\\/foreverfutbol.com.ec\\\/radio\\\/#website\",\"url\":\"https:\\\/\\\/foreverfutbol.com.ec\\\/radio\\\/\",\"name\":\"92.5 FOREVER Radio\",\"description\":\"\",\"publisher\":{\"@id\":\"https:\\\/\\\/foreverfutbol.com.ec\\\/radio\\\/#organization\"},\"potentialAction\":[{\"@type\":\"SearchAction\",\"target\":{\"@type\":\"EntryPoint\",\"urlTemplate\":\"https:\\\/\\\/foreverfutbol.com.ec\\\/radio\\\/?s={search_term_string}\"},\"query-input\":{\"@type\":\"PropertyValueSpecification\",\"valueRequired\":true,\"valueName\":\"search_term_string\"}}],\"inLanguage\":\"es\"},{\"@type\":\"Organization\",\"@id\":\"https:\\\/\\\/foreverfutbol.com.ec\\\/radio\\\/#organization\",\"name\":\"92.5 FOREVER Radio\",\"url\":\"https:\\\/\\\/foreverfutbol.com.ec\\\/radio\\\/\",\"logo\":{\"@type\":\"ImageObject\",\"inLanguage\":\"es\",\"@id\":\"https:\\\/\\\/foreverfutbol.com.ec\\\/radio\\\/#\\\/schema\\\/logo\\\/image\\\/\",\"url\":\"https:\\\/\\\/foreverfutbol.com.ec\\\/radio\\\/wp-content\\\/uploads\\\/2024\\\/01\\\/cropped-logo-forever.png\",\"contentUrl\":\"https:\\\/\\\/foreverfutbol.com.ec\\\/radio\\\/wp-content\\\/uploads\\\/2024\\\/01\\\/cropped-logo-forever.png\",\"width\":180,\"height\":154,\"caption\":\"92.5 FOREVER Radio\"},\"image\":{\"@id\":\"https:\\\/\\\/foreverfutbol.com.ec\\\/radio\\\/#\\\/schema\\\/logo\\\/image\\\/\"},\"sameAs\":[\"https:\\\/\\\/www.facebook.com\\\/profile.php?id=100063550693491\",\"https:\\\/\\\/x.com\\\/925forever\",\"https:\\\/\\\/www.instagram.com\\\/radioforever925\\\/\"]},{\"@type\":\"Person\",\"@id\":\"https:\\\/\\\/foreverfutbol.com.ec\\\/radio\\\/#\\\/schema\\\/person\\\/2f679dd16f889ac00df6e7b648062a01\",\"name\":\"Ricardo Rodriguez\",\"image\":{\"@type\":\"ImageObject\",\"inLanguage\":\"es\",\"@id\":\"https:\\\/\\\/secure.gravatar.com\\\/avatar\\\/5d9dfb95700bd0c503ed088d29de94822b5cc66a74cb0362774e6fc534823d07?s=96&d=mm&r=g\",\"url\":\"https:\\\/\\\/secure.gravatar.com\\\/avatar\\\/5d9dfb95700bd0c503ed088d29de94822b5cc66a74cb0362774e6fc534823d07?s=96&d=mm&r=g\",\"contentUrl\":\"https:\\\/\\\/secure.gravatar.com\\\/avatar\\\/5d9dfb95700bd0c503ed088d29de94822b5cc66a74cb0362774e6fc534823d07?s=96&d=mm&r=g\",\"caption\":\"Ricardo Rodriguez\"},\"sameAs\":[\"https:\\\/\\\/foreverfutbol.com.ec\\\/radio\"],\"url\":\"https:\\\/\\\/foreverfutbol.com.ec\\\/radio\\\/author\\\/superdmin\\\/\"}]}<\/script>\n<!-- \/ Yoast SEO plugin. -->","yoast_head_json":{"title":"Marco Rubio volver\u00e1 a Ecuador en septiembre para reforzar la cooperaci\u00f3n con Estados Unidos - 92.5 FOREVER Radio","description":"Marco Rubio volver\u00e1 a Ecuador en septiembre de 2026 para reunirse con Daniel Noboa y fortalecer la cooperaci\u00f3n en seguridad,","robots":{"index":"index","follow":"follow","max-snippet":"max-snippet:-1","max-image-preview":"max-image-preview:large","max-video-preview":"max-video-preview:-1"},"canonical":"https:\/\/foreverfutbol.com.ec\/radio\/politica\/marco-rubio-volvera-a-ecuador-en-septiembre-para-reforzar-la-cooperacion-con-estados-unidos\/","og_locale":"es_ES","og_type":"article","og_title":"Marco Rubio volver\u00e1 a Ecuador en septiembre para reforzar la cooperaci\u00f3n con Estados Unidos - 92.5 FOREVER Radio","og_description":"Marco Rubio volver\u00e1 a Ecuador en septiembre de 2026 para reunirse con Daniel Noboa y fortalecer la cooperaci\u00f3n en seguridad,","og_url":"https:\/\/foreverfutbol.com.ec\/radio\/politica\/marco-rubio-volvera-a-ecuador-en-septiembre-para-reforzar-la-cooperacion-con-estados-unidos\/","og_site_name":"92.5 FOREVER Radio","article_publisher":"https:\/\/www.facebook.com\/profile.php?id=100063550693491","article_published_time":"2026-09-04T20:14:06+00:00","author":"Ricardo Rodriguez","twitter_card":"summary_large_image","twitter_creator":"@925forever","twitter_site":"@925forever","twitter_misc":{"Escrito por":"Ricardo Rodriguez","Tiempo de lectura":"4 minutos"},"schema":{"@context":"https:\/\/schema.org","@graph":[{"@type":"Article","@id":"https:\/\/foreverfutbol.com.ec\/radio\/politica\/marco-rubio-volvera-a-ecuador-en-septiembre-para-reforzar-la-cooperacion-con-estados-unidos\/#article","isPartOf":{"@id":"https:\/\/foreverfutbol.com.ec\/radio\/politica\/marco-rubio-volvera-a-ecuador-en-septiembre-para-reforzar-la-cooperacion-con-estados-unidos\/"},"author":{"name":"Ricardo Rodriguez","@id":"https:\/\/foreverfutbol.com.ec\/radio\/#\/schema\/person\/2f679dd16f889ac00df6e7b648062a01"},"headline":"Marco Rubio volver\u00e1 a Ecuador en septiembre para reforzar la cooperaci\u00f3n con Estados Unidos","datePublished":"2026-09-04T20:14:06+00:00","mainEntityOfPage":{"@id":"https:\/\/foreverfutbol.com.ec\/radio\/politica\/marco-rubio-volvera-a-ecuador-en-septiembre-para-reforzar-la-cooperacion-con-estados-unidos\/"},"wordCount":797,"commentCount":0,"publisher":{"@id":"https:\/\/foreverfutbol.com.ec\/radio\/#organization"},"image":{"@id":"https:\/\/foreverfutbol.com.ec\/radio\/politica\/marco-rubio-volvera-a-ecuador-en-septiembre-para-reforzar-la-cooperacion-con-estados-unidos\/#primaryimage"},"thumbnailUrl":"https:\/\/foreverfutbol.com.ec\/radio\/wp-content\/uploads\/2026\/09\/DHW6NNDZDNBPXKT57ZXFJVOU6Q.avif","articleSection":["Pol\u00edtica"],"inLanguage":"es","potentialAction":[{"@type":"CommentAction","name":"Comment","target":["https:\/\/foreverfutbol.com.ec\/radio\/politica\/marco-rubio-volvera-a-ecuador-en-septiembre-para-reforzar-la-cooperacion-con-estados-unidos\/#respond"]}]},{"@type":"WebPage","@id":"https:\/\/foreverfutbol.com.ec\/radio\/politica\/marco-rubio-volvera-a-ecuador-en-septiembre-para-reforzar-la-cooperacion-con-estados-unidos\/","url":"https:\/\/foreverfutbol.com.ec\/radio\/politica\/marco-rubio-volvera-a-ecuador-en-septiembre-para-reforzar-la-cooperacion-con-estados-unidos\/","name":"Marco Rubio volver\u00e1 a Ecuador en septiembre para reforzar la cooperaci\u00f3n con Estados Unidos - 92.5 FOREVER Radio","isPartOf":{"@id":"https:\/\/foreverfutbol.com.ec\/radio\/#website"},"primaryImageOfPage":{"@id":"https:\/\/foreverfutbol.com.ec\/radio\/politica\/marco-rubio-volvera-a-ecuador-en-septiembre-para-reforzar-la-cooperacion-con-estados-unidos\/#primaryimage"},"image":{"@id":"https:\/\/foreverfutbol.com.ec\/radio\/politica\/marco-rubio-volvera-a-ecuador-en-septiembre-para-reforzar-la-cooperacion-con-estados-unidos\/#primaryimage"},"thumbnailUrl":"https:\/\/foreverfutbol.com.ec\/radio\/wp-content\/uploads\/2026\/09\/DHW6NNDZDNBPXKT57ZXFJVOU6Q.avif","datePublished":"2026-09-04T20:14:06+00:00","description":"Marco Rubio volver\u00e1 a Ecuador en septiembre de 2026 para reunirse con Daniel Noboa y fortalecer la cooperaci\u00f3n en seguridad,","breadcrumb":{"@id":"https:\/\/foreverfutbol.com.ec\/radio\/politica\/marco-rubio-volvera-a-ecuador-en-septiembre-para-reforzar-la-cooperacion-con-estados-unidos\/#breadcrumb"},"inLanguage":"es","potentialAction":[{"@type":"ReadAction","target":["https:\/\/foreverfutbol.com.ec\/radio\/politica\/marco-rubio-volvera-a-ecuador-en-septiembre-para-reforzar-la-cooperacion-con-estados-unidos\/"]}]},{"@type":"ImageObject","inLanguage":"es","@id":"https:\/\/foreverfutbol.com.ec\/radio\/politica\/marco-rubio-volvera-a-ecuador-en-septiembre-para-reforzar-la-cooperacion-con-estados-unidos\/#primaryimage","url":"https:\/\/foreverfutbol.com.ec\/radio\/wp-content\/uploads\/2026\/09\/DHW6NNDZDNBPXKT57ZXFJVOU6Q.avif","contentUrl":"https:\/\/foreverfutbol.com.ec\/radio\/wp-content\/uploads\/2026\/09\/DHW6NNDZDNBPXKT57ZXFJVOU6Q.avif","width":1005,"height":670,"caption":"Marco Rubio volver\u00e1 a Ecuador en septiembre para reforzar la cooperaci\u00f3n con Estados Unidos"},{"@type":"BreadcrumbList","@id":"https:\/\/foreverfutbol.com.ec\/radio\/politica\/marco-rubio-volvera-a-ecuador-en-septiembre-para-reforzar-la-cooperacion-con-estados-unidos\/#breadcrumb","itemListElement":[{"@type":"ListItem","position":1,"name":"Portada","item":"https:\/\/foreverfutbol.com.ec\/radio\/"},{"@type":"ListItem","position":2,"name":"Marco Rubio volver\u00e1 a Ecuador en septiembre para reforzar la cooperaci\u00f3n con Estados Unidos"}]},{"@type":"WebSite","@id":"https:\/\/foreverfutbol.com.ec\/radio\/#website","url":"https:\/\/foreverfutbol.com.ec\/radio\/","name":"92.5 FOREVER Radio","description":"","publisher":{"@id":"https:\/\/foreverfutbol.com.ec\/radio\/#organization"},"potentialAction":[{"@type":"SearchAction","target":{"@type":"EntryPoint","urlTemplate":"https:\/\/foreverfutbol.com.ec\/radio\/?s={search_term_string}"},"query-input":{"@type":"PropertyValueSpecification","valueRequired":true,"valueName":"search_term_string"}}],"inLanguage":"es"},{"@type":"Organization","@id":"https:\/\/foreverfutbol.com.ec\/radio\/#organization","name":"92.5 FOREVER Radio","url":"https:\/\/foreverfutbol.com.ec\/radio\/","logo":{"@type":"ImageObject","inLanguage":"es","@id":"https:\/\/foreverfutbol.com.ec\/radio\/#\/schema\/logo\/image\/","url":"https:\/\/foreverfutbol.com.ec\/radio\/wp-content\/uploads\/2024\/01\/cropped-logo-forever.png","contentUrl":"https:\/\/foreverfutbol.com.ec\/radio\/wp-content\/uploads\/2024\/01\/cropped-logo-forever.png","width":180,"height":154,"caption":"92.5 FOREVER Radio"},"image":{"@id":"https:\/\/foreverfutbol.com.ec\/radio\/#\/schema\/logo\/image\/"},"sameAs":["https:\/\/www.facebook.com\/profile.php?id=100063550693491","https:\/\/x.com\/925forever","https:\/\/www.instagram.com\/radioforever925\/"]},{"@type":"Person","@id":"https:\/\/foreverfutbol.com.ec\/radio\/#\/schema\/person\/2f679dd16f889ac00df6e7b648062a01","name":"Ricardo Rodriguez","image":{"@type":"ImageObject","inLanguage":"es","@id":"https:\/\/secure.gravatar.com\/avatar\/5d9dfb95700bd0c503ed088d29de94822b5cc66a74cb0362774e6fc534823d07?s=96&d=mm&r=g","url":"https:\/\/secure.gravatar.com\/avatar\/5d9dfb95700bd0c503ed088d29de94822b5cc66a74cb0362774e6fc534823d07?s=96&d=mm&r=g","contentUrl":"https:\/\/secure.gravatar.com\/avatar\/5d9dfb95700bd0c503ed088d29de94822b5cc66a74cb0362774e6fc534823d07?s=96&d=mm&r=g","caption":"Ricardo Rodriguez"},"sameAs":["https:\/\/foreverfutbol.com.ec\/radio"],"url":"https:\/\/foreverfutbol.com.ec\/radio\/author\/superdmin\/"}]}},"_links":{"self":[{"href":"https:\/\/foreverfutbol.com.ec\/radio\/wp-json\/wp\/v2\/posts\/31900","targetHints":{"allow":["GET"]}}],"collection":[{"href":"https:\/\/foreverfutbol.com.ec\/radio\/wp-json\/wp\/v2\/posts"}],"about":[{"href":"https:\/\/foreverfutbol.com.ec\/radio\/wp-json\/wp\/v2\/types\/post"}],"author":[{"embeddable":true,"href":"https:\/\/foreverfutbol.com.ec\/radio\/wp-json\/wp\/v2\/users\/1"}],"replies":[{"embeddable":true,"href":"https:\/\/foreverfutbol.com.ec\/radio\/wp-json\/wp\/v2\/comments?post=31900"}],"version-history":[{"count":1,"href":"https:\/\/foreverfutbol.com.ec\/radio\/wp-json\/wp\/v2\/posts\/31900\/revisions"}],"predecessor-version":[{"id":31903,"href":"https:\/\/foreverfutbol.com.ec\/radio\/wp-json\/wp\/v2\/posts\/31900\/revisions\/31903"}],"wp:featuredmedia":[{"embeddable":true,"href":"https:\/\/foreverfutbol.com.ec\/radio\/wp-json\/wp\/v2\/media\/31902"}],"wp:attachment":[{"href":"https:\/\/foreverfutbol.com.ec\/radio\/wp-json\/wp\/v2\/media?parent=31900"}],"wp:term":[{"taxonomy":"category","embeddable":true,"href":"https:\/\/foreverfutbol.com.ec\/radio\/wp-json\/wp\/v2\/categories?post=31900"},{"taxonomy":"post_tag","embeddable":true,"href":"https:\/\/foreverfutbol.com.ec\/radio\/wp-json\/wp\/v2\/tags?post=31900"}],"curies":[{"name":"wp","href":"https:\/\/api.w.org\/{rel}","templated":true}]}}