{"id":31896,"date":"2026-09-04T15:00:35","date_gmt":"2026-09-04T20:00:35","guid":{"rendered":"https:\/\/foreverfutbol.com.ec\/radio\/?p=31896"},"modified":"2026-09-04T15:00:36","modified_gmt":"2026-09-04T20:00:36","slug":"daniel-noboa-y-jose-mulino-se-reunieron-en-guayaquil-para-fortalecer-comercio-y-seguridad","status":"publish","type":"post","link":"https:\/\/foreverfutbol.com.ec\/radio\/politica\/daniel-noboa-y-jose-mulino-se-reunieron-en-guayaquil-para-fortalecer-comercio-y-seguridad\/","title":{"rendered":"Daniel Noboa y Jos\u00e9 Mulino se reunieron en Guayaquil para fortalecer comercio y seguridad"},"content":{"rendered":"\n<p class=\"wp-block-paragraph\">Los presidentes de <strong>Ecuador, Daniel Noboa, y Panam\u00e1, Jos\u00e9 Ra\u00fal Mulino<\/strong>, mantuvieron este viernes 4 de septiembre una reuni\u00f3n bilateral en Guayaquil, durante la primera visita oficial del mandatario paname\u00f1o a Ecuador desde que asumi\u00f3 el cargo.<\/p>\n\n\n\n<p class=\"wp-block-paragraph\">El encuentro tuvo como principales temas el <strong>comercio, la inversi\u00f3n, la seguridad y la cooperaci\u00f3n entre ambos pa\u00edses<\/strong>. Los Gobiernos buscan fortalecer sus relaciones y establecer nuevos mecanismos de colaboraci\u00f3n frente a desaf\u00edos econ\u00f3micos y de seguridad.<\/p>\n\n\n\n<h2 class=\"wp-block-heading\"><strong>Ecuador y Panam\u00e1 impulsan nuevas oportunidades comerciales<\/strong><\/h2>\n\n\n\n<p class=\"wp-block-paragraph\">Uno de los objetivos de la reuni\u00f3n es aprovechar la posici\u00f3n estrat\u00e9gica de Panam\u00e1 para convertir al pa\u00eds en un <strong>hub para los productos ecuatorianos<\/strong>. Su infraestructura log\u00edstica y conexi\u00f3n con diferentes mercados pueden facilitar la expansi\u00f3n de las exportaciones nacionales.<\/p>\n\n\n\n<p class=\"wp-block-paragraph\">Durante la jornada tambi\u00e9n se analizaron los t\u00e9rminos de referencia para iniciar las negociaciones de un <strong>acuerdo de alcance parcial entre Ecuador y Panam\u00e1<\/strong>, una iniciativa que busca mejorar las condiciones comerciales y ampliar las oportunidades para empresas de ambos pa\u00edses.<\/p>\n\n\n\n<p class=\"wp-block-paragraph\">Los cancilleres <strong>Roberto Kury y Javier Mart\u00ednez-Acha V\u00e1squez<\/strong> mantuvieron adem\u00e1s una reuni\u00f3n en la Gobernaci\u00f3n del Guayas para avanzar en instrumentos relacionados con comercio y migraci\u00f3n.<\/p>\n\n\n\n<h2 class=\"wp-block-heading\"><strong>Seguridad y lucha contra el crimen organizado<\/strong><\/h2>\n\n\n\n<p class=\"wp-block-paragraph\">La <strong>cooperaci\u00f3n en seguridad<\/strong> ocup\u00f3 un lugar importante dentro de la agenda presidencial. Ecuador y Panam\u00e1 buscan fortalecer el intercambio de informaci\u00f3n financiera e inteligencia para enfrentar al crimen organizado transnacional.<\/p>\n\n\n\n<p class=\"wp-block-paragraph\">La coordinaci\u00f3n entre instituciones de ambos pa\u00edses permitir\u00e1 analizar mecanismos para mejorar la respuesta ante estructuras criminales que operan de manera regional.<\/p>\n\n\n\n<h2 class=\"wp-block-heading\"><strong>Migraci\u00f3n e intercambio de informaci\u00f3n<\/strong><\/h2>\n\n\n\n<p class=\"wp-block-paragraph\">Otro de los asuntos tratados corresponde a la <strong>cooperaci\u00f3n migratoria<\/strong>. Panam\u00e1 incorpor\u00f3 recientemente a Ecuador en su lista de pa\u00edses amigos, permitiendo que ciudadanos ecuatorianos puedan solicitar residencia permanente bajo esta categor\u00eda, siempre que cumplan con los requisitos establecidos.<\/p>\n\n\n\n<p class=\"wp-block-paragraph\">Adem\u00e1s, Panam\u00e1 aprob\u00f3 un mecanismo de <strong>migraci\u00f3n circular para trabajadores ecuatorianos<\/strong>, destinado a actividades temporales como agricultura, zafra, acuicultura y pesca.<\/p>\n\n\n\n<p class=\"wp-block-paragraph\">En materia tributaria, ambos pa\u00edses tambi\u00e9n mantienen avances luego del acuerdo firmado en agosto de 2025 para el <strong>intercambio de informaci\u00f3n tributaria<\/strong>.<\/p>\n\n\n\n<h2 class=\"wp-block-heading\"><strong>Delegaciones participaron en la reuni\u00f3n de Guayaquil<\/strong><\/h2>\n\n\n\n<p class=\"wp-block-paragraph\">La visita de Mulino incluye a funcionarios paname\u00f1os de \u00e1reas vinculadas con comercio, relaciones exteriores y el Canal de Panam\u00e1. Por Ecuador participaron ministros y autoridades relacionadas con econom\u00eda, seguridad, administraci\u00f3n p\u00fablica y relaciones exteriores.<\/p>\n\n\n\n<p class=\"wp-block-paragraph\">La reuni\u00f3n entre <strong>Daniel Noboa y Jos\u00e9 Ra\u00fal Mulino en Guayaquil<\/strong> concentra as\u00ed una agenda bilateral que combina comercio, inversi\u00f3n, migraci\u00f3n, cooperaci\u00f3n tributaria y seguridad.<\/p>\n\n\n\n<blockquote class=\"twitter-tweet\"><p lang=\"es\" dir=\"ltr\">Ecuador y Panam\u00e1 fortalecen una relaci\u00f3n hist\u00f3rica. \ud83c\uddea\ud83c\udde8\ud83e\udd1d\ud83c\uddf5\ud83c\udde6 <br><br>Los presidentes <a href=\"https:\/\/x.com\/DanielNoboaOk?ref_src=twsrc%5Etfw\">@DanielNoboaOk<\/a> y <a href=\"https:\/\/x.com\/JoseRaulMulino?ref_src=twsrc%5Etfw\">@JoseRaulMulino<\/a> avanzan en una agenda bilateral enfocada en comercio, inversi\u00f3n, cooperaci\u00f3n en seguridad, intercambio de informaci\u00f3n tributaria y lucha contra el crimen organizado\u2026 <a href=\"https:\/\/t.co\/RSf0wFIbDP\">pic.twitter.com\/RSf0wFIbDP<\/a><\/p>&mdash; Presidencia Ecuador \ud83c\uddea\ud83c\udde8 (@Presidencia_Ec) <a href=\"https:\/\/x.com\/Presidencia_Ec\/status\/2095942754995933204?ref_src=twsrc%5Etfw\">September 4, 2026<\/a><\/blockquote> <script async src=\"https:\/\/platform.x.com\/widgets.js\" charset=\"utf-8\"><\/script>\n","protected":false},"excerpt":{"rendered":"<p>Los presidentes de Ecuador, Daniel Noboa, y Panam\u00e1, Jos\u00e9 Ra\u00fal Mulino, mantuvieron este viernes 4 de septiembre una reuni\u00f3n bilateral en Guayaquil, durante la primera visita oficial del mandatario paname\u00f1o a Ecuador desde que asumi\u00f3 el cargo. El encuentro tuvo como principales temas el comercio, la inversi\u00f3n, la seguridad y la cooperaci\u00f3n entre ambos pa\u00edses. [&hellip;]<\/p>\n","protected":false},"author":1,"featured_media":31897,"comment_status":"open","ping_status":"open","sticky":false,"template":"","format":"standard","meta":{"footnotes":""},"categories":[52],"tags":[],"class_list":["post-31896","post","type-post","status-publish","format-standard","has-post-thumbnail","hentry","category-politica"],"yoast_head":"<!-- This site is optimized with the Yoast SEO plugin v28.3 - https:\/\/yoast.com\/product\/yoast-seo-wordpress\/ -->\n<title>Daniel Noboa y Jos\u00e9 Mulino se reunieron en Guayaquil para fortalecer comercio y seguridad - 92.5 FOREVER Radio<\/title>\n<meta name=\"description\" content=\"Daniel Noboa y Jos\u00e9 Mulino se reunieron en Guayaquil para fortalecer el comercio, la inversi\u00f3n, la seguridad, la migraci\u00f3n y la cooperaci\u00f3n\" \/>\n<meta name=\"robots\" content=\"index, follow, max-snippet:-1, max-image-preview:large, max-video-preview:-1\" \/>\n<link rel=\"canonical\" href=\"https:\/\/foreverfutbol.com.ec\/radio\/politica\/daniel-noboa-y-jose-mulino-se-reunieron-en-guayaquil-para-fortalecer-comercio-y-seguridad\/\" \/>\n<meta property=\"og:locale\" content=\"es_ES\" \/>\n<meta property=\"og:type\" content=\"article\" \/>\n<meta property=\"og:title\" content=\"Daniel Noboa y Jos\u00e9 Mulino se reunieron en Guayaquil para fortalecer comercio y seguridad - 92.5 FOREVER Radio\" \/>\n<meta property=\"og:description\" content=\"Daniel Noboa y Jos\u00e9 Mulino se reunieron en Guayaquil para fortalecer el comercio, la inversi\u00f3n, la seguridad, la migraci\u00f3n y la cooperaci\u00f3n\" \/>\n<meta property=\"og:url\" content=\"https:\/\/foreverfutbol.com.ec\/radio\/politica\/daniel-noboa-y-jose-mulino-se-reunieron-en-guayaquil-para-fortalecer-comercio-y-seguridad\/\" \/>\n<meta property=\"og:site_name\" content=\"92.5 FOREVER Radio\" \/>\n<meta property=\"article:publisher\" content=\"https:\/\/www.facebook.com\/profile.php?id=100063550693491\" \/>\n<meta property=\"article:published_time\" content=\"2026-09-04T20:00:35+00:00\" \/>\n<meta property=\"article:modified_time\" content=\"2026-09-04T20:00:36+00:00\" \/>\n<meta name=\"author\" content=\"Ricardo Rodriguez\" \/>\n<meta name=\"twitter:card\" content=\"summary_large_image\" \/>\n<meta name=\"twitter:creator\" content=\"@925forever\" \/>\n<meta name=\"twitter:site\" content=\"@925forever\" \/>\n<meta name=\"twitter:label1\" content=\"Escrito por\" \/>\n\t<meta name=\"twitter:data1\" content=\"Ricardo Rodriguez\" \/>\n\t<meta name=\"twitter:label2\" content=\"Tiempo de lectura\" \/>\n\t<meta name=\"twitter:data2\" content=\"3 minutos\" \/>\n<script type=\"application\/ld+json\" class=\"yoast-schema-graph\">{\"@context\":\"https:\\\/\\\/schema.org\",\"@graph\":[{\"@type\":\"Article\",\"@id\":\"https:\\\/\\\/foreverfutbol.com.ec\\\/radio\\\/politica\\\/daniel-noboa-y-jose-mulino-se-reunieron-en-guayaquil-para-fortalecer-comercio-y-seguridad\\\/#article\",\"isPartOf\":{\"@id\":\"https:\\\/\\\/foreverfutbol.com.ec\\\/radio\\\/politica\\\/daniel-noboa-y-jose-mulino-se-reunieron-en-guayaquil-para-fortalecer-comercio-y-seguridad\\\/\"},\"author\":{\"name\":\"Ricardo Rodriguez\",\"@id\":\"https:\\\/\\\/foreverfutbol.com.ec\\\/radio\\\/#\\\/schema\\\/person\\\/2f679dd16f889ac00df6e7b648062a01\"},\"headline\":\"Daniel Noboa y Jos\u00e9 Mulino se reunieron en Guayaquil para fortalecer comercio y seguridad\",\"datePublished\":\"2026-09-04T20:00:35+00:00\",\"dateModified\":\"2026-09-04T20:00:36+00:00\",\"mainEntityOfPage\":{\"@id\":\"https:\\\/\\\/foreverfutbol.com.ec\\\/radio\\\/politica\\\/daniel-noboa-y-jose-mulino-se-reunieron-en-guayaquil-para-fortalecer-comercio-y-seguridad\\\/\"},\"wordCount\":514,\"commentCount\":0,\"publisher\":{\"@id\":\"https:\\\/\\\/foreverfutbol.com.ec\\\/radio\\\/#organization\"},\"image\":{\"@id\":\"https:\\\/\\\/foreverfutbol.com.ec\\\/radio\\\/politica\\\/daniel-noboa-y-jose-mulino-se-reunieron-en-guayaquil-para-fortalecer-comercio-y-seguridad\\\/#primaryimage\"},\"thumbnailUrl\":\"https:\\\/\\\/foreverfutbol.com.ec\\\/radio\\\/wp-content\\\/uploads\\\/2026\\\/09\\\/OIWP7XLKHBE5VFUHTZMUUYYUAM.avif\",\"articleSection\":[\"Pol\u00edtica\"],\"inLanguage\":\"es\",\"potentialAction\":[{\"@type\":\"CommentAction\",\"name\":\"Comment\",\"target\":[\"https:\\\/\\\/foreverfutbol.com.ec\\\/radio\\\/politica\\\/daniel-noboa-y-jose-mulino-se-reunieron-en-guayaquil-para-fortalecer-comercio-y-seguridad\\\/#respond\"]}]},{\"@type\":\"WebPage\",\"@id\":\"https:\\\/\\\/foreverfutbol.com.ec\\\/radio\\\/politica\\\/daniel-noboa-y-jose-mulino-se-reunieron-en-guayaquil-para-fortalecer-comercio-y-seguridad\\\/\",\"url\":\"https:\\\/\\\/foreverfutbol.com.ec\\\/radio\\\/politica\\\/daniel-noboa-y-jose-mulino-se-reunieron-en-guayaquil-para-fortalecer-comercio-y-seguridad\\\/\",\"name\":\"Daniel Noboa y Jos\u00e9 Mulino se reunieron en Guayaquil para fortalecer comercio y seguridad - 92.5 FOREVER Radio\",\"isPartOf\":{\"@id\":\"https:\\\/\\\/foreverfutbol.com.ec\\\/radio\\\/#website\"},\"primaryImageOfPage\":{\"@id\":\"https:\\\/\\\/foreverfutbol.com.ec\\\/radio\\\/politica\\\/daniel-noboa-y-jose-mulino-se-reunieron-en-guayaquil-para-fortalecer-comercio-y-seguridad\\\/#primaryimage\"},\"image\":{\"@id\":\"https:\\\/\\\/foreverfutbol.com.ec\\\/radio\\\/politica\\\/daniel-noboa-y-jose-mulino-se-reunieron-en-guayaquil-para-fortalecer-comercio-y-seguridad\\\/#primaryimage\"},\"thumbnailUrl\":\"https:\\\/\\\/foreverfutbol.com.ec\\\/radio\\\/wp-content\\\/uploads\\\/2026\\\/09\\\/OIWP7XLKHBE5VFUHTZMUUYYUAM.avif\",\"datePublished\":\"2026-09-04T20:00:35+00:00\",\"dateModified\":\"2026-09-04T20:00:36+00:00\",\"description\":\"Daniel Noboa y Jos\u00e9 Mulino se reunieron en Guayaquil para fortalecer el comercio, la inversi\u00f3n, la seguridad, la migraci\u00f3n y la cooperaci\u00f3n\",\"breadcrumb\":{\"@id\":\"https:\\\/\\\/foreverfutbol.com.ec\\\/radio\\\/politica\\\/daniel-noboa-y-jose-mulino-se-reunieron-en-guayaquil-para-fortalecer-comercio-y-seguridad\\\/#breadcrumb\"},\"inLanguage\":\"es\",\"potentialAction\":[{\"@type\":\"ReadAction\",\"target\":[\"https:\\\/\\\/foreverfutbol.com.ec\\\/radio\\\/politica\\\/daniel-noboa-y-jose-mulino-se-reunieron-en-guayaquil-para-fortalecer-comercio-y-seguridad\\\/\"]}]},{\"@type\":\"ImageObject\",\"inLanguage\":\"es\",\"@id\":\"https:\\\/\\\/foreverfutbol.com.ec\\\/radio\\\/politica\\\/daniel-noboa-y-jose-mulino-se-reunieron-en-guayaquil-para-fortalecer-comercio-y-seguridad\\\/#primaryimage\",\"url\":\"https:\\\/\\\/foreverfutbol.com.ec\\\/radio\\\/wp-content\\\/uploads\\\/2026\\\/09\\\/OIWP7XLKHBE5VFUHTZMUUYYUAM.avif\",\"contentUrl\":\"https:\\\/\\\/foreverfutbol.com.ec\\\/radio\\\/wp-content\\\/uploads\\\/2026\\\/09\\\/OIWP7XLKHBE5VFUHTZMUUYYUAM.avif\",\"width\":991,\"height\":670},{\"@type\":\"BreadcrumbList\",\"@id\":\"https:\\\/\\\/foreverfutbol.com.ec\\\/radio\\\/politica\\\/daniel-noboa-y-jose-mulino-se-reunieron-en-guayaquil-para-fortalecer-comercio-y-seguridad\\\/#breadcrumb\",\"itemListElement\":[{\"@type\":\"ListItem\",\"position\":1,\"name\":\"Portada\",\"item\":\"https:\\\/\\\/foreverfutbol.com.ec\\\/radio\\\/\"},{\"@type\":\"ListItem\",\"position\":2,\"name\":\"Daniel Noboa y Jos\u00e9 Mulino se reunieron en Guayaquil para fortalecer comercio y seguridad\"}]},{\"@type\":\"WebSite\",\"@id\":\"https:\\\/\\\/foreverfutbol.com.ec\\\/radio\\\/#website\",\"url\":\"https:\\\/\\\/foreverfutbol.com.ec\\\/radio\\\/\",\"name\":\"92.5 FOREVER Radio\",\"description\":\"\",\"publisher\":{\"@id\":\"https:\\\/\\\/foreverfutbol.com.ec\\\/radio\\\/#organization\"},\"potentialAction\":[{\"@type\":\"SearchAction\",\"target\":{\"@type\":\"EntryPoint\",\"urlTemplate\":\"https:\\\/\\\/foreverfutbol.com.ec\\\/radio\\\/?s={search_term_string}\"},\"query-input\":{\"@type\":\"PropertyValueSpecification\",\"valueRequired\":true,\"valueName\":\"search_term_string\"}}],\"inLanguage\":\"es\"},{\"@type\":\"Organization\",\"@id\":\"https:\\\/\\\/foreverfutbol.com.ec\\\/radio\\\/#organization\",\"name\":\"92.5 FOREVER Radio\",\"url\":\"https:\\\/\\\/foreverfutbol.com.ec\\\/radio\\\/\",\"logo\":{\"@type\":\"ImageObject\",\"inLanguage\":\"es\",\"@id\":\"https:\\\/\\\/foreverfutbol.com.ec\\\/radio\\\/#\\\/schema\\\/logo\\\/image\\\/\",\"url\":\"https:\\\/\\\/foreverfutbol.com.ec\\\/radio\\\/wp-content\\\/uploads\\\/2024\\\/01\\\/cropped-logo-forever.png\",\"contentUrl\":\"https:\\\/\\\/foreverfutbol.com.ec\\\/radio\\\/wp-content\\\/uploads\\\/2024\\\/01\\\/cropped-logo-forever.png\",\"width\":180,\"height\":154,\"caption\":\"92.5 FOREVER Radio\"},\"image\":{\"@id\":\"https:\\\/\\\/foreverfutbol.com.ec\\\/radio\\\/#\\\/schema\\\/logo\\\/image\\\/\"},\"sameAs\":[\"https:\\\/\\\/www.facebook.com\\\/profile.php?id=100063550693491\",\"https:\\\/\\\/x.com\\\/925forever\",\"https:\\\/\\\/www.instagram.com\\\/radioforever925\\\/\"]},{\"@type\":\"Person\",\"@id\":\"https:\\\/\\\/foreverfutbol.com.ec\\\/radio\\\/#\\\/schema\\\/person\\\/2f679dd16f889ac00df6e7b648062a01\",\"name\":\"Ricardo Rodriguez\",\"image\":{\"@type\":\"ImageObject\",\"inLanguage\":\"es\",\"@id\":\"https:\\\/\\\/secure.gravatar.com\\\/avatar\\\/5d9dfb95700bd0c503ed088d29de94822b5cc66a74cb0362774e6fc534823d07?s=96&d=mm&r=g\",\"url\":\"https:\\\/\\\/secure.gravatar.com\\\/avatar\\\/5d9dfb95700bd0c503ed088d29de94822b5cc66a74cb0362774e6fc534823d07?s=96&d=mm&r=g\",\"contentUrl\":\"https:\\\/\\\/secure.gravatar.com\\\/avatar\\\/5d9dfb95700bd0c503ed088d29de94822b5cc66a74cb0362774e6fc534823d07?s=96&d=mm&r=g\",\"caption\":\"Ricardo Rodriguez\"},\"sameAs\":[\"https:\\\/\\\/foreverfutbol.com.ec\\\/radio\"],\"url\":\"https:\\\/\\\/foreverfutbol.com.ec\\\/radio\\\/author\\\/superdmin\\\/\"}]}<\/script>\n<!-- \/ Yoast SEO plugin. -->","yoast_head_json":{"title":"Daniel Noboa y Jos\u00e9 Mulino se reunieron en Guayaquil para fortalecer comercio y seguridad - 92.5 FOREVER Radio","description":"Daniel Noboa y Jos\u00e9 Mulino se reunieron en Guayaquil para fortalecer el comercio, la inversi\u00f3n, la seguridad, la migraci\u00f3n y la cooperaci\u00f3n","robots":{"index":"index","follow":"follow","max-snippet":"max-snippet:-1","max-image-preview":"max-image-preview:large","max-video-preview":"max-video-preview:-1"},"canonical":"https:\/\/foreverfutbol.com.ec\/radio\/politica\/daniel-noboa-y-jose-mulino-se-reunieron-en-guayaquil-para-fortalecer-comercio-y-seguridad\/","og_locale":"es_ES","og_type":"article","og_title":"Daniel Noboa y Jos\u00e9 Mulino se reunieron en Guayaquil para fortalecer comercio y seguridad - 92.5 FOREVER Radio","og_description":"Daniel Noboa y Jos\u00e9 Mulino se reunieron en Guayaquil para fortalecer el comercio, la inversi\u00f3n, la seguridad, la migraci\u00f3n y la cooperaci\u00f3n","og_url":"https:\/\/foreverfutbol.com.ec\/radio\/politica\/daniel-noboa-y-jose-mulino-se-reunieron-en-guayaquil-para-fortalecer-comercio-y-seguridad\/","og_site_name":"92.5 FOREVER Radio","article_publisher":"https:\/\/www.facebook.com\/profile.php?id=100063550693491","article_published_time":"2026-09-04T20:00:35+00:00","article_modified_time":"2026-09-04T20:00:36+00:00","author":"Ricardo Rodriguez","twitter_card":"summary_large_image","twitter_creator":"@925forever","twitter_site":"@925forever","twitter_misc":{"Escrito por":"Ricardo Rodriguez","Tiempo de lectura":"3 minutos"},"schema":{"@context":"https:\/\/schema.org","@graph":[{"@type":"Article","@id":"https:\/\/foreverfutbol.com.ec\/radio\/politica\/daniel-noboa-y-jose-mulino-se-reunieron-en-guayaquil-para-fortalecer-comercio-y-seguridad\/#article","isPartOf":{"@id":"https:\/\/foreverfutbol.com.ec\/radio\/politica\/daniel-noboa-y-jose-mulino-se-reunieron-en-guayaquil-para-fortalecer-comercio-y-seguridad\/"},"author":{"name":"Ricardo Rodriguez","@id":"https:\/\/foreverfutbol.com.ec\/radio\/#\/schema\/person\/2f679dd16f889ac00df6e7b648062a01"},"headline":"Daniel Noboa y Jos\u00e9 Mulino se reunieron en Guayaquil para fortalecer comercio y seguridad","datePublished":"2026-09-04T20:00:35+00:00","dateModified":"2026-09-04T20:00:36+00:00","mainEntityOfPage":{"@id":"https:\/\/foreverfutbol.com.ec\/radio\/politica\/daniel-noboa-y-jose-mulino-se-reunieron-en-guayaquil-para-fortalecer-comercio-y-seguridad\/"},"wordCount":514,"commentCount":0,"publisher":{"@id":"https:\/\/foreverfutbol.com.ec\/radio\/#organization"},"image":{"@id":"https:\/\/foreverfutbol.com.ec\/radio\/politica\/daniel-noboa-y-jose-mulino-se-reunieron-en-guayaquil-para-fortalecer-comercio-y-seguridad\/#primaryimage"},"thumbnailUrl":"https:\/\/foreverfutbol.com.ec\/radio\/wp-content\/uploads\/2026\/09\/OIWP7XLKHBE5VFUHTZMUUYYUAM.avif","articleSection":["Pol\u00edtica"],"inLanguage":"es","potentialAction":[{"@type":"CommentAction","name":"Comment","target":["https:\/\/foreverfutbol.com.ec\/radio\/politica\/daniel-noboa-y-jose-mulino-se-reunieron-en-guayaquil-para-fortalecer-comercio-y-seguridad\/#respond"]}]},{"@type":"WebPage","@id":"https:\/\/foreverfutbol.com.ec\/radio\/politica\/daniel-noboa-y-jose-mulino-se-reunieron-en-guayaquil-para-fortalecer-comercio-y-seguridad\/","url":"https:\/\/foreverfutbol.com.ec\/radio\/politica\/daniel-noboa-y-jose-mulino-se-reunieron-en-guayaquil-para-fortalecer-comercio-y-seguridad\/","name":"Daniel Noboa y Jos\u00e9 Mulino se reunieron en Guayaquil para fortalecer comercio y seguridad - 92.5 FOREVER Radio","isPartOf":{"@id":"https:\/\/foreverfutbol.com.ec\/radio\/#website"},"primaryImageOfPage":{"@id":"https:\/\/foreverfutbol.com.ec\/radio\/politica\/daniel-noboa-y-jose-mulino-se-reunieron-en-guayaquil-para-fortalecer-comercio-y-seguridad\/#primaryimage"},"image":{"@id":"https:\/\/foreverfutbol.com.ec\/radio\/politica\/daniel-noboa-y-jose-mulino-se-reunieron-en-guayaquil-para-fortalecer-comercio-y-seguridad\/#primaryimage"},"thumbnailUrl":"https:\/\/foreverfutbol.com.ec\/radio\/wp-content\/uploads\/2026\/09\/OIWP7XLKHBE5VFUHTZMUUYYUAM.avif","datePublished":"2026-09-04T20:00:35+00:00","dateModified":"2026-09-04T20:00:36+00:00","description":"Daniel Noboa y Jos\u00e9 Mulino se reunieron en Guayaquil para fortalecer el comercio, la inversi\u00f3n, la seguridad, la migraci\u00f3n y la cooperaci\u00f3n","breadcrumb":{"@id":"https:\/\/foreverfutbol.com.ec\/radio\/politica\/daniel-noboa-y-jose-mulino-se-reunieron-en-guayaquil-para-fortalecer-comercio-y-seguridad\/#breadcrumb"},"inLanguage":"es","potentialAction":[{"@type":"ReadAction","target":["https:\/\/foreverfutbol.com.ec\/radio\/politica\/daniel-noboa-y-jose-mulino-se-reunieron-en-guayaquil-para-fortalecer-comercio-y-seguridad\/"]}]},{"@type":"ImageObject","inLanguage":"es","@id":"https:\/\/foreverfutbol.com.ec\/radio\/politica\/daniel-noboa-y-jose-mulino-se-reunieron-en-guayaquil-para-fortalecer-comercio-y-seguridad\/#primaryimage","url":"https:\/\/foreverfutbol.com.ec\/radio\/wp-content\/uploads\/2026\/09\/OIWP7XLKHBE5VFUHTZMUUYYUAM.avif","contentUrl":"https:\/\/foreverfutbol.com.ec\/radio\/wp-content\/uploads\/2026\/09\/OIWP7XLKHBE5VFUHTZMUUYYUAM.avif","width":991,"height":670},{"@type":"BreadcrumbList","@id":"https:\/\/foreverfutbol.com.ec\/radio\/politica\/daniel-noboa-y-jose-mulino-se-reunieron-en-guayaquil-para-fortalecer-comercio-y-seguridad\/#breadcrumb","itemListElement":[{"@type":"ListItem","position":1,"name":"Portada","item":"https:\/\/foreverfutbol.com.ec\/radio\/"},{"@type":"ListItem","position":2,"name":"Daniel Noboa y Jos\u00e9 Mulino se reunieron en Guayaquil para fortalecer comercio y seguridad"}]},{"@type":"WebSite","@id":"https:\/\/foreverfutbol.com.ec\/radio\/#website","url":"https:\/\/foreverfutbol.com.ec\/radio\/","name":"92.5 FOREVER Radio","description":"","publisher":{"@id":"https:\/\/foreverfutbol.com.ec\/radio\/#organization"},"potentialAction":[{"@type":"SearchAction","target":{"@type":"EntryPoint","urlTemplate":"https:\/\/foreverfutbol.com.ec\/radio\/?s={search_term_string}"},"query-input":{"@type":"PropertyValueSpecification","valueRequired":true,"valueName":"search_term_string"}}],"inLanguage":"es"},{"@type":"Organization","@id":"https:\/\/foreverfutbol.com.ec\/radio\/#organization","name":"92.5 FOREVER Radio","url":"https:\/\/foreverfutbol.com.ec\/radio\/","logo":{"@type":"ImageObject","inLanguage":"es","@id":"https:\/\/foreverfutbol.com.ec\/radio\/#\/schema\/logo\/image\/","url":"https:\/\/foreverfutbol.com.ec\/radio\/wp-content\/uploads\/2024\/01\/cropped-logo-forever.png","contentUrl":"https:\/\/foreverfutbol.com.ec\/radio\/wp-content\/uploads\/2024\/01\/cropped-logo-forever.png","width":180,"height":154,"caption":"92.5 FOREVER Radio"},"image":{"@id":"https:\/\/foreverfutbol.com.ec\/radio\/#\/schema\/logo\/image\/"},"sameAs":["https:\/\/www.facebook.com\/profile.php?id=100063550693491","https:\/\/x.com\/925forever","https:\/\/www.instagram.com\/radioforever925\/"]},{"@type":"Person","@id":"https:\/\/foreverfutbol.com.ec\/radio\/#\/schema\/person\/2f679dd16f889ac00df6e7b648062a01","name":"Ricardo Rodriguez","image":{"@type":"ImageObject","inLanguage":"es","@id":"https:\/\/secure.gravatar.com\/avatar\/5d9dfb95700bd0c503ed088d29de94822b5cc66a74cb0362774e6fc534823d07?s=96&d=mm&r=g","url":"https:\/\/secure.gravatar.com\/avatar\/5d9dfb95700bd0c503ed088d29de94822b5cc66a74cb0362774e6fc534823d07?s=96&d=mm&r=g","contentUrl":"https:\/\/secure.gravatar.com\/avatar\/5d9dfb95700bd0c503ed088d29de94822b5cc66a74cb0362774e6fc534823d07?s=96&d=mm&r=g","caption":"Ricardo Rodriguez"},"sameAs":["https:\/\/foreverfutbol.com.ec\/radio"],"url":"https:\/\/foreverfutbol.com.ec\/radio\/author\/superdmin\/"}]}},"_links":{"self":[{"href":"https:\/\/foreverfutbol.com.ec\/radio\/wp-json\/wp\/v2\/posts\/31896","targetHints":{"allow":["GET"]}}],"collection":[{"href":"https:\/\/foreverfutbol.com.ec\/radio\/wp-json\/wp\/v2\/posts"}],"about":[{"href":"https:\/\/foreverfutbol.com.ec\/radio\/wp-json\/wp\/v2\/types\/post"}],"author":[{"embeddable":true,"href":"https:\/\/foreverfutbol.com.ec\/radio\/wp-json\/wp\/v2\/users\/1"}],"replies":[{"embeddable":true,"href":"https:\/\/foreverfutbol.com.ec\/radio\/wp-json\/wp\/v2\/comments?post=31896"}],"version-history":[{"count":1,"href":"https:\/\/foreverfutbol.com.ec\/radio\/wp-json\/wp\/v2\/posts\/31896\/revisions"}],"predecessor-version":[{"id":31898,"href":"https:\/\/foreverfutbol.com.ec\/radio\/wp-json\/wp\/v2\/posts\/31896\/revisions\/31898"}],"wp:featuredmedia":[{"embeddable":true,"href":"https:\/\/foreverfutbol.com.ec\/radio\/wp-json\/wp\/v2\/media\/31897"}],"wp:attachment":[{"href":"https:\/\/foreverfutbol.com.ec\/radio\/wp-json\/wp\/v2\/media?parent=31896"}],"wp:term":[{"taxonomy":"category","embeddable":true,"href":"https:\/\/foreverfutbol.com.ec\/radio\/wp-json\/wp\/v2\/categories?post=31896"},{"taxonomy":"post_tag","embeddable":true,"href":"https:\/\/foreverfutbol.com.ec\/radio\/wp-json\/wp\/v2\/tags?post=31896"}],"curies":[{"name":"wp","href":"https:\/\/api.w.org\/{rel}","templated":true}]}}