{"id":31880,"date":"2026-09-03T16:20:41","date_gmt":"2026-09-03T21:20:41","guid":{"rendered":"https:\/\/foreverfutbol.com.ec\/radio\/?p=31880"},"modified":"2026-09-03T16:21:51","modified_gmt":"2026-09-03T21:21:51","slug":"comercio-migracion-y-seguridad-jose-raul-mulino-y-daniel-noboa-estrecharan-relacion-entre-panama-y-ecuador-en-cita-en-guayaquil","status":"publish","type":"post","link":"https:\/\/foreverfutbol.com.ec\/radio\/politica\/comercio-migracion-y-seguridad-jose-raul-mulino-y-daniel-noboa-estrecharan-relacion-entre-panama-y-ecuador-en-cita-en-guayaquil\/","title":{"rendered":"Comercio, migraci\u00f3n y seguridad: Jos\u00e9 Ra\u00fal Mulino y Daniel Noboa estrechar\u00e1n relaci\u00f3n entre Panam\u00e1 y Ecuador en cita en Guayaquil"},"content":{"rendered":"\n<p class=\"wp-block-paragraph\">El presidente de Panam\u00e1, Jos\u00e9 Ra\u00fal Mulino, llegar\u00e1 este viernes, 4 de septiembre, a Guayaquil para reunirse con su hom\u00f3logo ecuatoriano, Daniel Noboa, en una visita oficial que marcar\u00e1 un nuevo paso en el acercamiento entre ambos pa\u00edses y que tendr\u00e1 una agenda centrada en comercio, migraci\u00f3n, seguridad e inversiones.<\/p>\n\n\n\n<p class=\"wp-block-paragraph\">Ser\u00e1 la primera visita de Mulino a Ecuador desde que asumi\u00f3 la Presidencia de Panam\u00e1. El mandatario llegar\u00e1 acompa\u00f1ado por una delegaci\u00f3n que incluye a la primera dama, Maricel Cohen de Mulino; al canciller Javier Mart\u00ednez-Acha V\u00e1squez; al ministro de Comercio e Industrias, Julio Molt\u00f3; al embajador de Panam\u00e1 en Ecuador, Alfredo Martiz; y a Jorge Enrique Narv\u00e1ez, director de la Autoridad del Canal de Panam\u00e1 y presidente del Global Bank Corporation.<\/p>\n\n\n\n<p class=\"wp-block-paragraph\">Por Ecuador participar\u00e1n, adem\u00e1s de Noboa, la primera dama Lavinia Valbonesi; el secretario general de la Administraci\u00f3n P\u00fablica, Jos\u00e9 Julio Neira; el canciller Roberto Kury; el ministro del Interior, John Reimberg; la ministra de Econom\u00eda y Finanzas, Sariha Moya; y el embajador de Ecuador en Panam\u00e1, Pascual del Cioppo.<\/p>\n\n\n\n<p class=\"wp-block-paragraph\">Seg\u00fan adelant\u00f3 Del Cioppo a EL UNIVERSO, durante la jornada se prev\u00e9 la firma de dos instrumentos y una declaraci\u00f3n conjunta.<\/p>\n\n\n\n<p class=\"wp-block-paragraph\">El primero ser\u00e1 un acuerdo en materia migratoria entre los dos pa\u00edses, que ser\u00e1 suscrito por los ministros responsables de esta \u00e1rea. El segundo corresponde a los t\u00e9rminos de referencia (TDR) para iniciar las negociaciones de un futuro acuerdo comercial parcial entre Ecuador y Panam\u00e1.<\/p>\n\n\n\n<p class=\"wp-block-paragraph\">El tercer punto ser\u00e1 una declaraci\u00f3n conjunta de los cancilleres en la que se expondr\u00e1n los principales avances alcanzados durante los gobiernos de Noboa y Mulino.<\/p>\n\n\n\n<p class=\"wp-block-paragraph\">Pero uno de los principales avances en la relaci\u00f3n bilateral ocurri\u00f3 incluso antes de la visita.<\/p>\n\n\n\n<p class=\"wp-block-paragraph\">El pasado 31 de agosto, Mulino firm\u00f3 un decreto ley que incorpor\u00f3 a Ecuador a la lista de pa\u00edses amigos de Panam\u00e1. Del Cioppo se\u00f1al\u00f3 que esta decisi\u00f3n abre para los ecuatorianos una serie de facilidades en materia migratoria, de inversi\u00f3n, financiera y laboral.<\/p>\n\n\n\n<p class=\"wp-block-paragraph\">Uno de los primeros resultados ya se produjo esta semana. El Ministerio de Trabajo de Panam\u00e1 aprob\u00f3 un mecanismo de migraci\u00f3n circular para trabajadores ecuatorianos, que permitir\u00e1 el desplazamiento temporal de trabajadores para actividades espec\u00edficas, principalmente en sectores como agricultura, zafra, acuicultura y pesca.<\/p>\n\n\n\n<p class=\"wp-block-paragraph\">El acuerdo todav\u00eda debe ser instrumentado por Ecuador. El embajador indic\u00f3 que la ministra de Trabajo y Desarrollo Humano, Cynthia Gellibert, ya habr\u00eda iniciado la preparaci\u00f3n de la documentaci\u00f3n ecuatoriana para concretar un memorando de entendimiento (MOU) en los pr\u00f3ximos 30 d\u00edas.<\/p>\n\n\n\n<p class=\"wp-block-paragraph\">Este mecanismo busca que trabajadores ecuatorianos puedan acudir a Panam\u00e1 durante periodos determinados para prestar servicios y posteriormente retornar al pa\u00eds.<\/p>\n\n\n\n<p class=\"wp-block-paragraph\">Un giro en la relaci\u00f3n comercial<br>El acercamiento entre ambos Gobiernos tom\u00f3 fuerza desde 2025.<\/p>\n\n\n\n<p class=\"wp-block-paragraph\">Uno de los puntos que destrabaron la relaci\u00f3n fue el Acuerdo para el Intercambio de Informaci\u00f3n en Materia Tributaria, suscrito el 14 de agosto de 2025 entre el Servicio de Rentas Internas (SRI) y la Direcci\u00f3n General de Ingresos (DGI) de Panam\u00e1.<\/p>\n\n\n\n<p class=\"wp-block-paragraph\">Como resultado, Ecuador excluy\u00f3 a Panam\u00e1 de su lista de para\u00edsos fiscales mediante una resoluci\u00f3n del SRI del 15 de agosto de 2025.<\/p>\n\n\n\n<p class=\"wp-block-paragraph\">Meses despu\u00e9s, el 16 de diciembre de 2025, Panam\u00e1 derog\u00f3 el Decreto de Gabinete n.\u00b0 13 de 2012, que establec\u00eda medidas de retorsi\u00f3n contra Ecuador. Con ello terminaron restricciones comerciales y fiscales que hab\u00edan afectado la relaci\u00f3n bilateral durante aproximadamente una d\u00e9cada.<\/p>\n\n\n\n<p class=\"wp-block-paragraph\">Del Cioppo considera que ese cambio permiti\u00f3 ampliar el intercambio comercial, financiero y de inversiones entre ambos pa\u00edses.<\/p>\n\n\n\n<p class=\"wp-block-paragraph\">El inter\u00e9s ahora est\u00e1 puesto en profundizar ese intercambio mediante el futuro acuerdo comercial parcial.<\/p>\n\n\n\n<p class=\"wp-block-paragraph\">Los TDR que ser\u00e1n suscritos durante la visita permitir\u00e1n iniciar formalmente ese proceso de negociaci\u00f3n.<\/p>\n\n\n\n<p class=\"wp-block-paragraph\">Panam\u00e1 tambi\u00e9n es considerado por Ecuador como un punto estrat\u00e9gico para ampliar la llegada de productos nacionales a otros mercados, debido a su posici\u00f3n como centro log\u00edstico y comercial.<\/p>\n\n\n\n<p class=\"wp-block-paragraph\">La relaci\u00f3n ya dej\u00f3 resultados concretos. En enero de 2026, durante la visita de Noboa a Panam\u00e1, se concret\u00f3 una garant\u00eda parcial de cr\u00e9dito de hasta $ 225 millones para respaldar las obligaciones de pago del Banco del Pac\u00edfico frente a JPMorgan Chase Bank.<\/p>\n\n\n\n<p class=\"wp-block-paragraph\">El mecanismo busca facilitar financiamiento para micro-, peque\u00f1as y medianas empresas ecuatorianas, particularmente en sectores como el agr\u00edcola, industrial, agropecuario y acu\u00edcola.<\/p>\n\n\n\n<p class=\"wp-block-paragraph\">Otro de los acuerdos alcanzados este a\u00f1o contempla asistencia t\u00e9cnica de la CAF a la Asociaci\u00f3n de Exportadores de Banano del Ecuador (AEBE) para enfrentar la amenaza del Fusarium y la sigatoka negra. Tambi\u00e9n se estableci\u00f3 cooperaci\u00f3n entre Agrocalidad y la Direcci\u00f3n Nacional de Sanidad Vegetal de Panam\u00e1.<\/p>\n\n\n\n<p class=\"wp-block-paragraph\">La agenda que viene: seguridad y lavado de activos<br>La agenda bilateral no se limitar\u00e1 al comercio.<\/p>\n\n\n\n<p class=\"wp-block-paragraph\">Entre los instrumentos que permanecen en negociaci\u00f3n est\u00e1n un memorando para garantizar el traslado digno, ordenado y seguro de personas retornadas de manera forzosa; el convenio sobre migraci\u00f3n circular entre los ministerios de Trabajo; y un acuerdo de cooperaci\u00f3n entre la UAFE de Ecuador y la UAF de Panam\u00e1 para prevenir el lavado de activos y el financiamiento de delitos.<\/p>\n\n\n\n<p class=\"wp-block-paragraph\">Tambi\u00e9n est\u00e1 en proceso un acuerdo sobre inteligencia estrat\u00e9gica en seguridad, adem\u00e1s de un proyecto de canje de notas para la exoneraci\u00f3n de impuestos como el IVA y el ITBMS.<\/p>\n\n\n\n<p class=\"wp-block-paragraph\">Estos temas se suman a la cooperaci\u00f3n que ambos Gobiernos ya han planteado frente al crimen organizado transnacional, una de las \u00e1reas que tambi\u00e9n ser\u00e1n abordadas durante el encuentro presidencial.<\/p>\n\n\n\n<p class=\"wp-block-paragraph\">La visita de Mulino ocurre, as\u00ed, despu\u00e9s de una serie de acuerdos que han ido modificando la relaci\u00f3n entre los dos pa\u00edses. De la eliminaci\u00f3n de restricciones fiscales y comerciales se pas\u00f3 a una agenda que ahora busca ampliar el comercio, facilitar la movilidad laboral, atraer inversiones y fortalecer la cooperaci\u00f3n en seguridad.<\/p>\n\n\n\n<p class=\"wp-block-paragraph\"><\/p>\n","protected":false},"excerpt":{"rendered":"<p>El presidente de Panam\u00e1, Jos\u00e9 Ra\u00fal Mulino, llegar\u00e1 este viernes, 4 de septiembre, a Guayaquil para reunirse con su hom\u00f3logo ecuatoriano, Daniel Noboa, en una visita oficial que marcar\u00e1 un nuevo paso en el acercamiento entre ambos pa\u00edses y que tendr\u00e1 una agenda centrada en comercio, migraci\u00f3n, seguridad e inversiones. Ser\u00e1 la primera visita de [&hellip;]<\/p>\n","protected":false},"author":1,"featured_media":31881,"comment_status":"open","ping_status":"open","sticky":false,"template":"","format":"standard","meta":{"footnotes":""},"categories":[52],"tags":[],"class_list":["post-31880","post","type-post","status-publish","format-standard","has-post-thumbnail","hentry","category-politica"],"yoast_head":"<!-- This site is optimized with the Yoast SEO plugin v28.3 - https:\/\/yoast.com\/product\/yoast-seo-wordpress\/ -->\n<title>Comercio, migraci\u00f3n y seguridad: Jos\u00e9 Ra\u00fal Mulino y Daniel Noboa estrechar\u00e1n relaci\u00f3n entre Panam\u00e1 y Ecuador en cita en Guayaquil - 92.5 FOREVER Radio<\/title>\n<meta name=\"description\" content=\"Isora Plaza abrir\u00e1 el 18 de septiembre en Mucho Lote 2, Guayaquil, con Supermaxi, Fybeca, restaurantes, tiendas y m\u00e1s de 200 estacionamientos.\" \/>\n<meta name=\"robots\" content=\"index, follow, max-snippet:-1, max-image-preview:large, max-video-preview:-1\" \/>\n<link rel=\"canonical\" href=\"https:\/\/foreverfutbol.com.ec\/radio\/politica\/comercio-migracion-y-seguridad-jose-raul-mulino-y-daniel-noboa-estrecharan-relacion-entre-panama-y-ecuador-en-cita-en-guayaquil\/\" \/>\n<meta property=\"og:locale\" content=\"es_ES\" \/>\n<meta property=\"og:type\" content=\"article\" \/>\n<meta property=\"og:title\" content=\"Comercio, migraci\u00f3n y seguridad: Jos\u00e9 Ra\u00fal Mulino y Daniel Noboa estrechar\u00e1n relaci\u00f3n entre Panam\u00e1 y Ecuador en cita en Guayaquil - 92.5 FOREVER Radio\" \/>\n<meta property=\"og:description\" content=\"Isora Plaza abrir\u00e1 el 18 de septiembre en Mucho Lote 2, Guayaquil, con Supermaxi, Fybeca, restaurantes, tiendas y m\u00e1s de 200 estacionamientos.\" \/>\n<meta property=\"og:url\" content=\"https:\/\/foreverfutbol.com.ec\/radio\/politica\/comercio-migracion-y-seguridad-jose-raul-mulino-y-daniel-noboa-estrecharan-relacion-entre-panama-y-ecuador-en-cita-en-guayaquil\/\" \/>\n<meta property=\"og:site_name\" content=\"92.5 FOREVER Radio\" \/>\n<meta property=\"article:publisher\" content=\"https:\/\/www.facebook.com\/profile.php?id=100063550693491\" \/>\n<meta property=\"article:published_time\" content=\"2026-09-03T21:20:41+00:00\" \/>\n<meta property=\"article:modified_time\" content=\"2026-09-03T21:21:51+00:00\" \/>\n<meta name=\"author\" content=\"Ricardo Rodriguez\" \/>\n<meta name=\"twitter:card\" content=\"summary_large_image\" \/>\n<meta name=\"twitter:creator\" content=\"@925forever\" \/>\n<meta name=\"twitter:site\" content=\"@925forever\" \/>\n<meta name=\"twitter:label1\" content=\"Escrito por\" \/>\n\t<meta name=\"twitter:data1\" content=\"Ricardo Rodriguez\" \/>\n\t<meta name=\"twitter:label2\" content=\"Tiempo de lectura\" \/>\n\t<meta name=\"twitter:data2\" content=\"5 minutos\" \/>\n<script type=\"application\/ld+json\" class=\"yoast-schema-graph\">{\"@context\":\"https:\\\/\\\/schema.org\",\"@graph\":[{\"@type\":\"Article\",\"@id\":\"https:\\\/\\\/foreverfutbol.com.ec\\\/radio\\\/politica\\\/comercio-migracion-y-seguridad-jose-raul-mulino-y-daniel-noboa-estrecharan-relacion-entre-panama-y-ecuador-en-cita-en-guayaquil\\\/#article\",\"isPartOf\":{\"@id\":\"https:\\\/\\\/foreverfutbol.com.ec\\\/radio\\\/politica\\\/comercio-migracion-y-seguridad-jose-raul-mulino-y-daniel-noboa-estrecharan-relacion-entre-panama-y-ecuador-en-cita-en-guayaquil\\\/\"},\"author\":{\"name\":\"Ricardo Rodriguez\",\"@id\":\"https:\\\/\\\/foreverfutbol.com.ec\\\/radio\\\/#\\\/schema\\\/person\\\/2f679dd16f889ac00df6e7b648062a01\"},\"headline\":\"Comercio, migraci\u00f3n y seguridad: Jos\u00e9 Ra\u00fal Mulino y Daniel Noboa estrechar\u00e1n relaci\u00f3n entre Panam\u00e1 y Ecuador en cita en Guayaquil\",\"datePublished\":\"2026-09-03T21:20:41+00:00\",\"dateModified\":\"2026-09-03T21:21:51+00:00\",\"mainEntityOfPage\":{\"@id\":\"https:\\\/\\\/foreverfutbol.com.ec\\\/radio\\\/politica\\\/comercio-migracion-y-seguridad-jose-raul-mulino-y-daniel-noboa-estrecharan-relacion-entre-panama-y-ecuador-en-cita-en-guayaquil\\\/\"},\"wordCount\":1024,\"commentCount\":0,\"publisher\":{\"@id\":\"https:\\\/\\\/foreverfutbol.com.ec\\\/radio\\\/#organization\"},\"image\":{\"@id\":\"https:\\\/\\\/foreverfutbol.com.ec\\\/radio\\\/politica\\\/comercio-migracion-y-seguridad-jose-raul-mulino-y-daniel-noboa-estrecharan-relacion-entre-panama-y-ecuador-en-cita-en-guayaquil\\\/#primaryimage\"},\"thumbnailUrl\":\"https:\\\/\\\/foreverfutbol.com.ec\\\/radio\\\/wp-content\\\/uploads\\\/2026\\\/09\\\/SMIDNANMNNDWLK6SGG2W5XB7EU.avif\",\"articleSection\":[\"Pol\u00edtica\"],\"inLanguage\":\"es\",\"potentialAction\":[{\"@type\":\"CommentAction\",\"name\":\"Comment\",\"target\":[\"https:\\\/\\\/foreverfutbol.com.ec\\\/radio\\\/politica\\\/comercio-migracion-y-seguridad-jose-raul-mulino-y-daniel-noboa-estrecharan-relacion-entre-panama-y-ecuador-en-cita-en-guayaquil\\\/#respond\"]}]},{\"@type\":\"WebPage\",\"@id\":\"https:\\\/\\\/foreverfutbol.com.ec\\\/radio\\\/politica\\\/comercio-migracion-y-seguridad-jose-raul-mulino-y-daniel-noboa-estrecharan-relacion-entre-panama-y-ecuador-en-cita-en-guayaquil\\\/\",\"url\":\"https:\\\/\\\/foreverfutbol.com.ec\\\/radio\\\/politica\\\/comercio-migracion-y-seguridad-jose-raul-mulino-y-daniel-noboa-estrecharan-relacion-entre-panama-y-ecuador-en-cita-en-guayaquil\\\/\",\"name\":\"Comercio, migraci\u00f3n y seguridad: Jos\u00e9 Ra\u00fal Mulino y Daniel Noboa estrechar\u00e1n relaci\u00f3n entre Panam\u00e1 y Ecuador en cita en Guayaquil - 92.5 FOREVER Radio\",\"isPartOf\":{\"@id\":\"https:\\\/\\\/foreverfutbol.com.ec\\\/radio\\\/#website\"},\"primaryImageOfPage\":{\"@id\":\"https:\\\/\\\/foreverfutbol.com.ec\\\/radio\\\/politica\\\/comercio-migracion-y-seguridad-jose-raul-mulino-y-daniel-noboa-estrecharan-relacion-entre-panama-y-ecuador-en-cita-en-guayaquil\\\/#primaryimage\"},\"image\":{\"@id\":\"https:\\\/\\\/foreverfutbol.com.ec\\\/radio\\\/politica\\\/comercio-migracion-y-seguridad-jose-raul-mulino-y-daniel-noboa-estrecharan-relacion-entre-panama-y-ecuador-en-cita-en-guayaquil\\\/#primaryimage\"},\"thumbnailUrl\":\"https:\\\/\\\/foreverfutbol.com.ec\\\/radio\\\/wp-content\\\/uploads\\\/2026\\\/09\\\/SMIDNANMNNDWLK6SGG2W5XB7EU.avif\",\"datePublished\":\"2026-09-03T21:20:41+00:00\",\"dateModified\":\"2026-09-03T21:21:51+00:00\",\"description\":\"Isora Plaza abrir\u00e1 el 18 de septiembre en Mucho Lote 2, Guayaquil, con Supermaxi, Fybeca, restaurantes, tiendas y m\u00e1s de 200 estacionamientos.\",\"breadcrumb\":{\"@id\":\"https:\\\/\\\/foreverfutbol.com.ec\\\/radio\\\/politica\\\/comercio-migracion-y-seguridad-jose-raul-mulino-y-daniel-noboa-estrecharan-relacion-entre-panama-y-ecuador-en-cita-en-guayaquil\\\/#breadcrumb\"},\"inLanguage\":\"es\",\"potentialAction\":[{\"@type\":\"ReadAction\",\"target\":[\"https:\\\/\\\/foreverfutbol.com.ec\\\/radio\\\/politica\\\/comercio-migracion-y-seguridad-jose-raul-mulino-y-daniel-noboa-estrecharan-relacion-entre-panama-y-ecuador-en-cita-en-guayaquil\\\/\"]}]},{\"@type\":\"ImageObject\",\"inLanguage\":\"es\",\"@id\":\"https:\\\/\\\/foreverfutbol.com.ec\\\/radio\\\/politica\\\/comercio-migracion-y-seguridad-jose-raul-mulino-y-daniel-noboa-estrecharan-relacion-entre-panama-y-ecuador-en-cita-en-guayaquil\\\/#primaryimage\",\"url\":\"https:\\\/\\\/foreverfutbol.com.ec\\\/radio\\\/wp-content\\\/uploads\\\/2026\\\/09\\\/SMIDNANMNNDWLK6SGG2W5XB7EU.avif\",\"contentUrl\":\"https:\\\/\\\/foreverfutbol.com.ec\\\/radio\\\/wp-content\\\/uploads\\\/2026\\\/09\\\/SMIDNANMNNDWLK6SGG2W5XB7EU.avif\",\"width\":1005,\"height\":670,\"caption\":\"Comercio, migraci\u00f3n y seguridad: Jos\u00e9 Ra\u00fal Mulino y Daniel Noboa estrechar\u00e1n relaci\u00f3n entre Panam\u00e1 y Ecuador en cita en Guayaquil\"},{\"@type\":\"BreadcrumbList\",\"@id\":\"https:\\\/\\\/foreverfutbol.com.ec\\\/radio\\\/politica\\\/comercio-migracion-y-seguridad-jose-raul-mulino-y-daniel-noboa-estrecharan-relacion-entre-panama-y-ecuador-en-cita-en-guayaquil\\\/#breadcrumb\",\"itemListElement\":[{\"@type\":\"ListItem\",\"position\":1,\"name\":\"Portada\",\"item\":\"https:\\\/\\\/foreverfutbol.com.ec\\\/radio\\\/\"},{\"@type\":\"ListItem\",\"position\":2,\"name\":\"Comercio, migraci\u00f3n y seguridad: Jos\u00e9 Ra\u00fal Mulino y Daniel Noboa estrechar\u00e1n relaci\u00f3n entre Panam\u00e1 y Ecuador en cita en Guayaquil\"}]},{\"@type\":\"WebSite\",\"@id\":\"https:\\\/\\\/foreverfutbol.com.ec\\\/radio\\\/#website\",\"url\":\"https:\\\/\\\/foreverfutbol.com.ec\\\/radio\\\/\",\"name\":\"92.5 FOREVER Radio\",\"description\":\"\",\"publisher\":{\"@id\":\"https:\\\/\\\/foreverfutbol.com.ec\\\/radio\\\/#organization\"},\"potentialAction\":[{\"@type\":\"SearchAction\",\"target\":{\"@type\":\"EntryPoint\",\"urlTemplate\":\"https:\\\/\\\/foreverfutbol.com.ec\\\/radio\\\/?s={search_term_string}\"},\"query-input\":{\"@type\":\"PropertyValueSpecification\",\"valueRequired\":true,\"valueName\":\"search_term_string\"}}],\"inLanguage\":\"es\"},{\"@type\":\"Organization\",\"@id\":\"https:\\\/\\\/foreverfutbol.com.ec\\\/radio\\\/#organization\",\"name\":\"92.5 FOREVER Radio\",\"url\":\"https:\\\/\\\/foreverfutbol.com.ec\\\/radio\\\/\",\"logo\":{\"@type\":\"ImageObject\",\"inLanguage\":\"es\",\"@id\":\"https:\\\/\\\/foreverfutbol.com.ec\\\/radio\\\/#\\\/schema\\\/logo\\\/image\\\/\",\"url\":\"https:\\\/\\\/foreverfutbol.com.ec\\\/radio\\\/wp-content\\\/uploads\\\/2024\\\/01\\\/cropped-logo-forever.png\",\"contentUrl\":\"https:\\\/\\\/foreverfutbol.com.ec\\\/radio\\\/wp-content\\\/uploads\\\/2024\\\/01\\\/cropped-logo-forever.png\",\"width\":180,\"height\":154,\"caption\":\"92.5 FOREVER Radio\"},\"image\":{\"@id\":\"https:\\\/\\\/foreverfutbol.com.ec\\\/radio\\\/#\\\/schema\\\/logo\\\/image\\\/\"},\"sameAs\":[\"https:\\\/\\\/www.facebook.com\\\/profile.php?id=100063550693491\",\"https:\\\/\\\/x.com\\\/925forever\",\"https:\\\/\\\/www.instagram.com\\\/radioforever925\\\/\"]},{\"@type\":\"Person\",\"@id\":\"https:\\\/\\\/foreverfutbol.com.ec\\\/radio\\\/#\\\/schema\\\/person\\\/2f679dd16f889ac00df6e7b648062a01\",\"name\":\"Ricardo Rodriguez\",\"image\":{\"@type\":\"ImageObject\",\"inLanguage\":\"es\",\"@id\":\"https:\\\/\\\/secure.gravatar.com\\\/avatar\\\/5d9dfb95700bd0c503ed088d29de94822b5cc66a74cb0362774e6fc534823d07?s=96&d=mm&r=g\",\"url\":\"https:\\\/\\\/secure.gravatar.com\\\/avatar\\\/5d9dfb95700bd0c503ed088d29de94822b5cc66a74cb0362774e6fc534823d07?s=96&d=mm&r=g\",\"contentUrl\":\"https:\\\/\\\/secure.gravatar.com\\\/avatar\\\/5d9dfb95700bd0c503ed088d29de94822b5cc66a74cb0362774e6fc534823d07?s=96&d=mm&r=g\",\"caption\":\"Ricardo Rodriguez\"},\"sameAs\":[\"https:\\\/\\\/foreverfutbol.com.ec\\\/radio\"],\"url\":\"https:\\\/\\\/foreverfutbol.com.ec\\\/radio\\\/author\\\/superdmin\\\/\"}]}<\/script>\n<!-- \/ Yoast SEO plugin. -->","yoast_head_json":{"title":"Comercio, migraci\u00f3n y seguridad: Jos\u00e9 Ra\u00fal Mulino y Daniel Noboa estrechar\u00e1n relaci\u00f3n entre Panam\u00e1 y Ecuador en cita en Guayaquil - 92.5 FOREVER Radio","description":"Isora Plaza abrir\u00e1 el 18 de septiembre en Mucho Lote 2, Guayaquil, con Supermaxi, Fybeca, restaurantes, tiendas y m\u00e1s de 200 estacionamientos.","robots":{"index":"index","follow":"follow","max-snippet":"max-snippet:-1","max-image-preview":"max-image-preview:large","max-video-preview":"max-video-preview:-1"},"canonical":"https:\/\/foreverfutbol.com.ec\/radio\/politica\/comercio-migracion-y-seguridad-jose-raul-mulino-y-daniel-noboa-estrecharan-relacion-entre-panama-y-ecuador-en-cita-en-guayaquil\/","og_locale":"es_ES","og_type":"article","og_title":"Comercio, migraci\u00f3n y seguridad: Jos\u00e9 Ra\u00fal Mulino y Daniel Noboa estrechar\u00e1n relaci\u00f3n entre Panam\u00e1 y Ecuador en cita en Guayaquil - 92.5 FOREVER Radio","og_description":"Isora Plaza abrir\u00e1 el 18 de septiembre en Mucho Lote 2, Guayaquil, con Supermaxi, Fybeca, restaurantes, tiendas y m\u00e1s de 200 estacionamientos.","og_url":"https:\/\/foreverfutbol.com.ec\/radio\/politica\/comercio-migracion-y-seguridad-jose-raul-mulino-y-daniel-noboa-estrecharan-relacion-entre-panama-y-ecuador-en-cita-en-guayaquil\/","og_site_name":"92.5 FOREVER Radio","article_publisher":"https:\/\/www.facebook.com\/profile.php?id=100063550693491","article_published_time":"2026-09-03T21:20:41+00:00","article_modified_time":"2026-09-03T21:21:51+00:00","author":"Ricardo Rodriguez","twitter_card":"summary_large_image","twitter_creator":"@925forever","twitter_site":"@925forever","twitter_misc":{"Escrito por":"Ricardo Rodriguez","Tiempo de lectura":"5 minutos"},"schema":{"@context":"https:\/\/schema.org","@graph":[{"@type":"Article","@id":"https:\/\/foreverfutbol.com.ec\/radio\/politica\/comercio-migracion-y-seguridad-jose-raul-mulino-y-daniel-noboa-estrecharan-relacion-entre-panama-y-ecuador-en-cita-en-guayaquil\/#article","isPartOf":{"@id":"https:\/\/foreverfutbol.com.ec\/radio\/politica\/comercio-migracion-y-seguridad-jose-raul-mulino-y-daniel-noboa-estrecharan-relacion-entre-panama-y-ecuador-en-cita-en-guayaquil\/"},"author":{"name":"Ricardo Rodriguez","@id":"https:\/\/foreverfutbol.com.ec\/radio\/#\/schema\/person\/2f679dd16f889ac00df6e7b648062a01"},"headline":"Comercio, migraci\u00f3n y seguridad: Jos\u00e9 Ra\u00fal Mulino y Daniel Noboa estrechar\u00e1n relaci\u00f3n entre Panam\u00e1 y Ecuador en cita en Guayaquil","datePublished":"2026-09-03T21:20:41+00:00","dateModified":"2026-09-03T21:21:51+00:00","mainEntityOfPage":{"@id":"https:\/\/foreverfutbol.com.ec\/radio\/politica\/comercio-migracion-y-seguridad-jose-raul-mulino-y-daniel-noboa-estrecharan-relacion-entre-panama-y-ecuador-en-cita-en-guayaquil\/"},"wordCount":1024,"commentCount":0,"publisher":{"@id":"https:\/\/foreverfutbol.com.ec\/radio\/#organization"},"image":{"@id":"https:\/\/foreverfutbol.com.ec\/radio\/politica\/comercio-migracion-y-seguridad-jose-raul-mulino-y-daniel-noboa-estrecharan-relacion-entre-panama-y-ecuador-en-cita-en-guayaquil\/#primaryimage"},"thumbnailUrl":"https:\/\/foreverfutbol.com.ec\/radio\/wp-content\/uploads\/2026\/09\/SMIDNANMNNDWLK6SGG2W5XB7EU.avif","articleSection":["Pol\u00edtica"],"inLanguage":"es","potentialAction":[{"@type":"CommentAction","name":"Comment","target":["https:\/\/foreverfutbol.com.ec\/radio\/politica\/comercio-migracion-y-seguridad-jose-raul-mulino-y-daniel-noboa-estrecharan-relacion-entre-panama-y-ecuador-en-cita-en-guayaquil\/#respond"]}]},{"@type":"WebPage","@id":"https:\/\/foreverfutbol.com.ec\/radio\/politica\/comercio-migracion-y-seguridad-jose-raul-mulino-y-daniel-noboa-estrecharan-relacion-entre-panama-y-ecuador-en-cita-en-guayaquil\/","url":"https:\/\/foreverfutbol.com.ec\/radio\/politica\/comercio-migracion-y-seguridad-jose-raul-mulino-y-daniel-noboa-estrecharan-relacion-entre-panama-y-ecuador-en-cita-en-guayaquil\/","name":"Comercio, migraci\u00f3n y seguridad: Jos\u00e9 Ra\u00fal Mulino y Daniel Noboa estrechar\u00e1n relaci\u00f3n entre Panam\u00e1 y Ecuador en cita en Guayaquil - 92.5 FOREVER Radio","isPartOf":{"@id":"https:\/\/foreverfutbol.com.ec\/radio\/#website"},"primaryImageOfPage":{"@id":"https:\/\/foreverfutbol.com.ec\/radio\/politica\/comercio-migracion-y-seguridad-jose-raul-mulino-y-daniel-noboa-estrecharan-relacion-entre-panama-y-ecuador-en-cita-en-guayaquil\/#primaryimage"},"image":{"@id":"https:\/\/foreverfutbol.com.ec\/radio\/politica\/comercio-migracion-y-seguridad-jose-raul-mulino-y-daniel-noboa-estrecharan-relacion-entre-panama-y-ecuador-en-cita-en-guayaquil\/#primaryimage"},"thumbnailUrl":"https:\/\/foreverfutbol.com.ec\/radio\/wp-content\/uploads\/2026\/09\/SMIDNANMNNDWLK6SGG2W5XB7EU.avif","datePublished":"2026-09-03T21:20:41+00:00","dateModified":"2026-09-03T21:21:51+00:00","description":"Isora Plaza abrir\u00e1 el 18 de septiembre en Mucho Lote 2, Guayaquil, con Supermaxi, Fybeca, restaurantes, tiendas y m\u00e1s de 200 estacionamientos.","breadcrumb":{"@id":"https:\/\/foreverfutbol.com.ec\/radio\/politica\/comercio-migracion-y-seguridad-jose-raul-mulino-y-daniel-noboa-estrecharan-relacion-entre-panama-y-ecuador-en-cita-en-guayaquil\/#breadcrumb"},"inLanguage":"es","potentialAction":[{"@type":"ReadAction","target":["https:\/\/foreverfutbol.com.ec\/radio\/politica\/comercio-migracion-y-seguridad-jose-raul-mulino-y-daniel-noboa-estrecharan-relacion-entre-panama-y-ecuador-en-cita-en-guayaquil\/"]}]},{"@type":"ImageObject","inLanguage":"es","@id":"https:\/\/foreverfutbol.com.ec\/radio\/politica\/comercio-migracion-y-seguridad-jose-raul-mulino-y-daniel-noboa-estrecharan-relacion-entre-panama-y-ecuador-en-cita-en-guayaquil\/#primaryimage","url":"https:\/\/foreverfutbol.com.ec\/radio\/wp-content\/uploads\/2026\/09\/SMIDNANMNNDWLK6SGG2W5XB7EU.avif","contentUrl":"https:\/\/foreverfutbol.com.ec\/radio\/wp-content\/uploads\/2026\/09\/SMIDNANMNNDWLK6SGG2W5XB7EU.avif","width":1005,"height":670,"caption":"Comercio, migraci\u00f3n y seguridad: Jos\u00e9 Ra\u00fal Mulino y Daniel Noboa estrechar\u00e1n relaci\u00f3n entre Panam\u00e1 y Ecuador en cita en Guayaquil"},{"@type":"BreadcrumbList","@id":"https:\/\/foreverfutbol.com.ec\/radio\/politica\/comercio-migracion-y-seguridad-jose-raul-mulino-y-daniel-noboa-estrecharan-relacion-entre-panama-y-ecuador-en-cita-en-guayaquil\/#breadcrumb","itemListElement":[{"@type":"ListItem","position":1,"name":"Portada","item":"https:\/\/foreverfutbol.com.ec\/radio\/"},{"@type":"ListItem","position":2,"name":"Comercio, migraci\u00f3n y seguridad: Jos\u00e9 Ra\u00fal Mulino y Daniel Noboa estrechar\u00e1n relaci\u00f3n entre Panam\u00e1 y Ecuador en cita en Guayaquil"}]},{"@type":"WebSite","@id":"https:\/\/foreverfutbol.com.ec\/radio\/#website","url":"https:\/\/foreverfutbol.com.ec\/radio\/","name":"92.5 FOREVER Radio","description":"","publisher":{"@id":"https:\/\/foreverfutbol.com.ec\/radio\/#organization"},"potentialAction":[{"@type":"SearchAction","target":{"@type":"EntryPoint","urlTemplate":"https:\/\/foreverfutbol.com.ec\/radio\/?s={search_term_string}"},"query-input":{"@type":"PropertyValueSpecification","valueRequired":true,"valueName":"search_term_string"}}],"inLanguage":"es"},{"@type":"Organization","@id":"https:\/\/foreverfutbol.com.ec\/radio\/#organization","name":"92.5 FOREVER Radio","url":"https:\/\/foreverfutbol.com.ec\/radio\/","logo":{"@type":"ImageObject","inLanguage":"es","@id":"https:\/\/foreverfutbol.com.ec\/radio\/#\/schema\/logo\/image\/","url":"https:\/\/foreverfutbol.com.ec\/radio\/wp-content\/uploads\/2024\/01\/cropped-logo-forever.png","contentUrl":"https:\/\/foreverfutbol.com.ec\/radio\/wp-content\/uploads\/2024\/01\/cropped-logo-forever.png","width":180,"height":154,"caption":"92.5 FOREVER Radio"},"image":{"@id":"https:\/\/foreverfutbol.com.ec\/radio\/#\/schema\/logo\/image\/"},"sameAs":["https:\/\/www.facebook.com\/profile.php?id=100063550693491","https:\/\/x.com\/925forever","https:\/\/www.instagram.com\/radioforever925\/"]},{"@type":"Person","@id":"https:\/\/foreverfutbol.com.ec\/radio\/#\/schema\/person\/2f679dd16f889ac00df6e7b648062a01","name":"Ricardo Rodriguez","image":{"@type":"ImageObject","inLanguage":"es","@id":"https:\/\/secure.gravatar.com\/avatar\/5d9dfb95700bd0c503ed088d29de94822b5cc66a74cb0362774e6fc534823d07?s=96&d=mm&r=g","url":"https:\/\/secure.gravatar.com\/avatar\/5d9dfb95700bd0c503ed088d29de94822b5cc66a74cb0362774e6fc534823d07?s=96&d=mm&r=g","contentUrl":"https:\/\/secure.gravatar.com\/avatar\/5d9dfb95700bd0c503ed088d29de94822b5cc66a74cb0362774e6fc534823d07?s=96&d=mm&r=g","caption":"Ricardo Rodriguez"},"sameAs":["https:\/\/foreverfutbol.com.ec\/radio"],"url":"https:\/\/foreverfutbol.com.ec\/radio\/author\/superdmin\/"}]}},"_links":{"self":[{"href":"https:\/\/foreverfutbol.com.ec\/radio\/wp-json\/wp\/v2\/posts\/31880","targetHints":{"allow":["GET"]}}],"collection":[{"href":"https:\/\/foreverfutbol.com.ec\/radio\/wp-json\/wp\/v2\/posts"}],"about":[{"href":"https:\/\/foreverfutbol.com.ec\/radio\/wp-json\/wp\/v2\/types\/post"}],"author":[{"embeddable":true,"href":"https:\/\/foreverfutbol.com.ec\/radio\/wp-json\/wp\/v2\/users\/1"}],"replies":[{"embeddable":true,"href":"https:\/\/foreverfutbol.com.ec\/radio\/wp-json\/wp\/v2\/comments?post=31880"}],"version-history":[{"count":1,"href":"https:\/\/foreverfutbol.com.ec\/radio\/wp-json\/wp\/v2\/posts\/31880\/revisions"}],"predecessor-version":[{"id":31882,"href":"https:\/\/foreverfutbol.com.ec\/radio\/wp-json\/wp\/v2\/posts\/31880\/revisions\/31882"}],"wp:featuredmedia":[{"embeddable":true,"href":"https:\/\/foreverfutbol.com.ec\/radio\/wp-json\/wp\/v2\/media\/31881"}],"wp:attachment":[{"href":"https:\/\/foreverfutbol.com.ec\/radio\/wp-json\/wp\/v2\/media?parent=31880"}],"wp:term":[{"taxonomy":"category","embeddable":true,"href":"https:\/\/foreverfutbol.com.ec\/radio\/wp-json\/wp\/v2\/categories?post=31880"},{"taxonomy":"post_tag","embeddable":true,"href":"https:\/\/foreverfutbol.com.ec\/radio\/wp-json\/wp\/v2\/tags?post=31880"}],"curies":[{"name":"wp","href":"https:\/\/api.w.org\/{rel}","templated":true}]}}