{"id":31875,"date":"2026-09-03T16:07:07","date_gmt":"2026-09-03T21:07:07","guid":{"rendered":"https:\/\/foreverfutbol.com.ec\/radio\/?p=31875"},"modified":"2026-09-03T16:07:59","modified_gmt":"2026-09-03T21:07:59","slug":"mucho-lote-2-contara-con-nueva-plaza-comercial-desde-el-18-de-septiembre","status":"publish","type":"post","link":"https:\/\/foreverfutbol.com.ec\/radio\/sucesos\/mucho-lote-2-contara-con-nueva-plaza-comercial-desde-el-18-de-septiembre\/","title":{"rendered":"Mucho Lote 2 contar\u00e1 con nueva plaza comercial desde el 18 de septiembre"},"content":{"rendered":"\n<p class=\"wp-block-paragraph\">El sector de <strong>Mucho Lote 2, en el norte de Guayaquil<\/strong>, contar\u00e1 desde el pr\u00f3ximo <strong>18 de septiembre<\/strong> con una nueva alternativa comercial. Se trata de <strong>Isora Plaza<\/strong>, un proyecto que reunir\u00e1 supermercados, tiendas, servicios y establecimientos gastron\u00f3micos en la autopista Narcisa de Jes\u00fas, en el ingreso a esta zona residencial.<\/p>\n\n\n\n<p class=\"wp-block-paragraph\">Los trabajos para poner a punto el complejo avanzan durante estos d\u00edas. Decenas de trabajadores se encuentran instalando los \u00faltimos elementos, colocando letreros de las diferentes marcas, ingresando mercanc\u00eda y realizando adecuaciones en los locales que recibir\u00e1n a sus primeros clientes.<\/p>\n\n\n\n<h2 class=\"wp-block-heading\">Isora Plaza tendr\u00e1 Supermaxi y otros comercios<\/h2>\n\n\n\n<p class=\"wp-block-paragraph\">Una de las principales tiendas que formar\u00e1 parte de <strong>Isora Plaza<\/strong> ser\u00e1 <strong>Supermaxi<\/strong>, que tendr\u00e1 presencia en esta zona de la autopista Narcisa de Jes\u00fas. Su llegada representa una nueva opci\u00f3n para las compras de productos de primera necesidad para los habitantes de Mucho Lote 2 y de las urbanizaciones cercanas.<\/p>\n\n\n\n<p class=\"wp-block-paragraph\">La plaza tambi\u00e9n contar\u00e1 con establecimientos como <strong>Fybeca, Almacenes Mirna, Casa Korea, Taurus, Dipaso, Barcabi, Mr. Price y \u00d3pticas York<\/strong>, ampliando la variedad de productos y servicios disponibles en el sector.<\/p>\n\n\n\n<p class=\"wp-block-paragraph\">En el \u00e1rea gastron\u00f3mica estar\u00e1n <strong>Natur\u00edssimo, Juan Valdez, Carb\u00f3n Rojo y el Cangrejal de Leito<\/strong>, con alternativas para quienes busquen restaurantes y cafeter\u00edas dentro del nuevo complejo comercial.<\/p>\n\n\n\n<h2 class=\"wp-block-heading\">M\u00e1s de 24.300 metros cuadrados de construcci\u00f3n<\/h2>\n\n\n\n<p class=\"wp-block-paragraph\">El proyecto contempla <strong>m\u00e1s de 24.300 metros cuadrados de construcci\u00f3n<\/strong> y contar\u00e1 con <strong>m\u00e1s de 200 espacios de estacionamiento<\/strong>, infraestructura destinada a facilitar el acceso de los visitantes.<\/p>\n\n\n\n<p class=\"wp-block-paragraph\">El terreno donde se levanta Isora Plaza permaneci\u00f3 desocupado durante varios a\u00f1os y ocasionalmente era utilizado como parqueadero cuando llegaban circos o atracciones mec\u00e1nicas.<\/p>\n\n\n\n<p class=\"wp-block-paragraph\">La propuesta es impulsada por <strong>Cosmobienes<\/strong>, promotora e inversionista inmobiliaria. La primera etapa de Isora Plaza ser\u00e1 inaugurada el <strong>18 de septiembre<\/strong>, mientras la segunda fase contin\u00faa en ejecuci\u00f3n.<\/p>\n\n\n\n<p class=\"wp-block-paragraph\">La nueva plaza se incorporar\u00e1 a la oferta comercial que ya existe en Mucho Lote 2, donde funcionan establecimientos como <strong>Mi Comisariato<\/strong> y una <strong>Plaza T\u00eda<\/strong>, generando nuevas opciones de compras y servicios para los residentes de la zona.<\/p>\n","protected":false},"excerpt":{"rendered":"<p>El sector de Mucho Lote 2, en el norte de Guayaquil, contar\u00e1 desde el pr\u00f3ximo 18 de septiembre con una nueva alternativa comercial. Se trata de Isora Plaza, un proyecto que reunir\u00e1 supermercados, tiendas, servicios y establecimientos gastron\u00f3micos en la autopista Narcisa de Jes\u00fas, en el ingreso a esta zona residencial. Los trabajos para poner [&hellip;]<\/p>\n","protected":false},"author":1,"featured_media":31877,"comment_status":"open","ping_status":"open","sticky":false,"template":"","format":"standard","meta":{"footnotes":""},"categories":[179,51],"tags":[],"class_list":["post-31875","post","type-post","status-publish","format-standard","has-post-thumbnail","hentry","category-guayaquil","category-sucesos"],"yoast_head":"<!-- This site is optimized with the Yoast SEO plugin v28.3 - https:\/\/yoast.com\/product\/yoast-seo-wordpress\/ -->\n<title>Mucho Lote 2 contar\u00e1 con nueva plaza comercial desde el 18 de septiembre - 92.5 FOREVER Radio<\/title>\n<meta name=\"description\" content=\"Isora Plaza abrir\u00e1 el 18 de septiembre en Mucho Lote 2, Guayaquil, con Supermaxi, Fybeca, restaurantes, tiendas y m\u00e1s de 200 estacionamientos.\" \/>\n<meta name=\"robots\" content=\"index, follow, max-snippet:-1, max-image-preview:large, max-video-preview:-1\" \/>\n<link rel=\"canonical\" href=\"https:\/\/foreverfutbol.com.ec\/radio\/sucesos\/mucho-lote-2-contara-con-nueva-plaza-comercial-desde-el-18-de-septiembre\/\" \/>\n<meta property=\"og:locale\" content=\"es_ES\" \/>\n<meta property=\"og:type\" content=\"article\" \/>\n<meta property=\"og:title\" content=\"Mucho Lote 2 contar\u00e1 con nueva plaza comercial desde el 18 de septiembre - 92.5 FOREVER Radio\" \/>\n<meta property=\"og:description\" content=\"Isora Plaza abrir\u00e1 el 18 de septiembre en Mucho Lote 2, Guayaquil, con Supermaxi, Fybeca, restaurantes, tiendas y m\u00e1s de 200 estacionamientos.\" \/>\n<meta property=\"og:url\" content=\"https:\/\/foreverfutbol.com.ec\/radio\/sucesos\/mucho-lote-2-contara-con-nueva-plaza-comercial-desde-el-18-de-septiembre\/\" \/>\n<meta property=\"og:site_name\" content=\"92.5 FOREVER Radio\" \/>\n<meta property=\"article:publisher\" content=\"https:\/\/www.facebook.com\/profile.php?id=100063550693491\" \/>\n<meta property=\"article:published_time\" content=\"2026-09-03T21:07:07+00:00\" \/>\n<meta property=\"article:modified_time\" content=\"2026-09-03T21:07:59+00:00\" \/>\n<meta name=\"author\" content=\"Ricardo Rodriguez\" \/>\n<meta name=\"twitter:card\" content=\"summary_large_image\" \/>\n<meta name=\"twitter:creator\" content=\"@925forever\" \/>\n<meta name=\"twitter:site\" content=\"@925forever\" \/>\n<meta name=\"twitter:label1\" content=\"Escrito por\" \/>\n\t<meta name=\"twitter:data1\" content=\"Ricardo Rodriguez\" \/>\n\t<meta name=\"twitter:label2\" content=\"Tiempo de lectura\" \/>\n\t<meta name=\"twitter:data2\" content=\"2 minutos\" \/>\n<script type=\"application\/ld+json\" class=\"yoast-schema-graph\">{\"@context\":\"https:\\\/\\\/schema.org\",\"@graph\":[{\"@type\":\"Article\",\"@id\":\"https:\\\/\\\/foreverfutbol.com.ec\\\/radio\\\/sucesos\\\/mucho-lote-2-contara-con-nueva-plaza-comercial-desde-el-18-de-septiembre\\\/#article\",\"isPartOf\":{\"@id\":\"https:\\\/\\\/foreverfutbol.com.ec\\\/radio\\\/sucesos\\\/mucho-lote-2-contara-con-nueva-plaza-comercial-desde-el-18-de-septiembre\\\/\"},\"author\":{\"name\":\"Ricardo Rodriguez\",\"@id\":\"https:\\\/\\\/foreverfutbol.com.ec\\\/radio\\\/#\\\/schema\\\/person\\\/2f679dd16f889ac00df6e7b648062a01\"},\"headline\":\"Mucho Lote 2 contar\u00e1 con nueva plaza comercial desde el 18 de septiembre\",\"datePublished\":\"2026-09-03T21:07:07+00:00\",\"dateModified\":\"2026-09-03T21:07:59+00:00\",\"mainEntityOfPage\":{\"@id\":\"https:\\\/\\\/foreverfutbol.com.ec\\\/radio\\\/sucesos\\\/mucho-lote-2-contara-con-nueva-plaza-comercial-desde-el-18-de-septiembre\\\/\"},\"wordCount\":363,\"commentCount\":0,\"publisher\":{\"@id\":\"https:\\\/\\\/foreverfutbol.com.ec\\\/radio\\\/#organization\"},\"image\":{\"@id\":\"https:\\\/\\\/foreverfutbol.com.ec\\\/radio\\\/sucesos\\\/mucho-lote-2-contara-con-nueva-plaza-comercial-desde-el-18-de-septiembre\\\/#primaryimage\"},\"thumbnailUrl\":\"https:\\\/\\\/foreverfutbol.com.ec\\\/radio\\\/wp-content\\\/uploads\\\/2026\\\/09\\\/GFB6PN23BFB47L32ZVBOB4VLHQ.avif\",\"articleSection\":[\"Guayaquil\",\"Sucesos\"],\"inLanguage\":\"es\",\"potentialAction\":[{\"@type\":\"CommentAction\",\"name\":\"Comment\",\"target\":[\"https:\\\/\\\/foreverfutbol.com.ec\\\/radio\\\/sucesos\\\/mucho-lote-2-contara-con-nueva-plaza-comercial-desde-el-18-de-septiembre\\\/#respond\"]}]},{\"@type\":\"WebPage\",\"@id\":\"https:\\\/\\\/foreverfutbol.com.ec\\\/radio\\\/sucesos\\\/mucho-lote-2-contara-con-nueva-plaza-comercial-desde-el-18-de-septiembre\\\/\",\"url\":\"https:\\\/\\\/foreverfutbol.com.ec\\\/radio\\\/sucesos\\\/mucho-lote-2-contara-con-nueva-plaza-comercial-desde-el-18-de-septiembre\\\/\",\"name\":\"Mucho Lote 2 contar\u00e1 con nueva plaza comercial desde el 18 de septiembre - 92.5 FOREVER Radio\",\"isPartOf\":{\"@id\":\"https:\\\/\\\/foreverfutbol.com.ec\\\/radio\\\/#website\"},\"primaryImageOfPage\":{\"@id\":\"https:\\\/\\\/foreverfutbol.com.ec\\\/radio\\\/sucesos\\\/mucho-lote-2-contara-con-nueva-plaza-comercial-desde-el-18-de-septiembre\\\/#primaryimage\"},\"image\":{\"@id\":\"https:\\\/\\\/foreverfutbol.com.ec\\\/radio\\\/sucesos\\\/mucho-lote-2-contara-con-nueva-plaza-comercial-desde-el-18-de-septiembre\\\/#primaryimage\"},\"thumbnailUrl\":\"https:\\\/\\\/foreverfutbol.com.ec\\\/radio\\\/wp-content\\\/uploads\\\/2026\\\/09\\\/GFB6PN23BFB47L32ZVBOB4VLHQ.avif\",\"datePublished\":\"2026-09-03T21:07:07+00:00\",\"dateModified\":\"2026-09-03T21:07:59+00:00\",\"description\":\"Isora Plaza abrir\u00e1 el 18 de septiembre en Mucho Lote 2, Guayaquil, con Supermaxi, Fybeca, restaurantes, tiendas y m\u00e1s de 200 estacionamientos.\",\"breadcrumb\":{\"@id\":\"https:\\\/\\\/foreverfutbol.com.ec\\\/radio\\\/sucesos\\\/mucho-lote-2-contara-con-nueva-plaza-comercial-desde-el-18-de-septiembre\\\/#breadcrumb\"},\"inLanguage\":\"es\",\"potentialAction\":[{\"@type\":\"ReadAction\",\"target\":[\"https:\\\/\\\/foreverfutbol.com.ec\\\/radio\\\/sucesos\\\/mucho-lote-2-contara-con-nueva-plaza-comercial-desde-el-18-de-septiembre\\\/\"]}]},{\"@type\":\"ImageObject\",\"inLanguage\":\"es\",\"@id\":\"https:\\\/\\\/foreverfutbol.com.ec\\\/radio\\\/sucesos\\\/mucho-lote-2-contara-con-nueva-plaza-comercial-desde-el-18-de-septiembre\\\/#primaryimage\",\"url\":\"https:\\\/\\\/foreverfutbol.com.ec\\\/radio\\\/wp-content\\\/uploads\\\/2026\\\/09\\\/GFB6PN23BFB47L32ZVBOB4VLHQ.avif\",\"contentUrl\":\"https:\\\/\\\/foreverfutbol.com.ec\\\/radio\\\/wp-content\\\/uploads\\\/2026\\\/09\\\/GFB6PN23BFB47L32ZVBOB4VLHQ.avif\",\"width\":1400,\"height\":933,\"caption\":\"Mucho Lote 2 contar\u00e1 con nueva plaza comercial desde el 18 de septiembre\"},{\"@type\":\"BreadcrumbList\",\"@id\":\"https:\\\/\\\/foreverfutbol.com.ec\\\/radio\\\/sucesos\\\/mucho-lote-2-contara-con-nueva-plaza-comercial-desde-el-18-de-septiembre\\\/#breadcrumb\",\"itemListElement\":[{\"@type\":\"ListItem\",\"position\":1,\"name\":\"Portada\",\"item\":\"https:\\\/\\\/foreverfutbol.com.ec\\\/radio\\\/\"},{\"@type\":\"ListItem\",\"position\":2,\"name\":\"Mucho Lote 2 contar\u00e1 con nueva plaza comercial desde el 18 de septiembre\"}]},{\"@type\":\"WebSite\",\"@id\":\"https:\\\/\\\/foreverfutbol.com.ec\\\/radio\\\/#website\",\"url\":\"https:\\\/\\\/foreverfutbol.com.ec\\\/radio\\\/\",\"name\":\"92.5 FOREVER Radio\",\"description\":\"\",\"publisher\":{\"@id\":\"https:\\\/\\\/foreverfutbol.com.ec\\\/radio\\\/#organization\"},\"potentialAction\":[{\"@type\":\"SearchAction\",\"target\":{\"@type\":\"EntryPoint\",\"urlTemplate\":\"https:\\\/\\\/foreverfutbol.com.ec\\\/radio\\\/?s={search_term_string}\"},\"query-input\":{\"@type\":\"PropertyValueSpecification\",\"valueRequired\":true,\"valueName\":\"search_term_string\"}}],\"inLanguage\":\"es\"},{\"@type\":\"Organization\",\"@id\":\"https:\\\/\\\/foreverfutbol.com.ec\\\/radio\\\/#organization\",\"name\":\"92.5 FOREVER Radio\",\"url\":\"https:\\\/\\\/foreverfutbol.com.ec\\\/radio\\\/\",\"logo\":{\"@type\":\"ImageObject\",\"inLanguage\":\"es\",\"@id\":\"https:\\\/\\\/foreverfutbol.com.ec\\\/radio\\\/#\\\/schema\\\/logo\\\/image\\\/\",\"url\":\"https:\\\/\\\/foreverfutbol.com.ec\\\/radio\\\/wp-content\\\/uploads\\\/2024\\\/01\\\/cropped-logo-forever.png\",\"contentUrl\":\"https:\\\/\\\/foreverfutbol.com.ec\\\/radio\\\/wp-content\\\/uploads\\\/2024\\\/01\\\/cropped-logo-forever.png\",\"width\":180,\"height\":154,\"caption\":\"92.5 FOREVER Radio\"},\"image\":{\"@id\":\"https:\\\/\\\/foreverfutbol.com.ec\\\/radio\\\/#\\\/schema\\\/logo\\\/image\\\/\"},\"sameAs\":[\"https:\\\/\\\/www.facebook.com\\\/profile.php?id=100063550693491\",\"https:\\\/\\\/x.com\\\/925forever\",\"https:\\\/\\\/www.instagram.com\\\/radioforever925\\\/\"]},{\"@type\":\"Person\",\"@id\":\"https:\\\/\\\/foreverfutbol.com.ec\\\/radio\\\/#\\\/schema\\\/person\\\/2f679dd16f889ac00df6e7b648062a01\",\"name\":\"Ricardo Rodriguez\",\"image\":{\"@type\":\"ImageObject\",\"inLanguage\":\"es\",\"@id\":\"https:\\\/\\\/secure.gravatar.com\\\/avatar\\\/5d9dfb95700bd0c503ed088d29de94822b5cc66a74cb0362774e6fc534823d07?s=96&d=mm&r=g\",\"url\":\"https:\\\/\\\/secure.gravatar.com\\\/avatar\\\/5d9dfb95700bd0c503ed088d29de94822b5cc66a74cb0362774e6fc534823d07?s=96&d=mm&r=g\",\"contentUrl\":\"https:\\\/\\\/secure.gravatar.com\\\/avatar\\\/5d9dfb95700bd0c503ed088d29de94822b5cc66a74cb0362774e6fc534823d07?s=96&d=mm&r=g\",\"caption\":\"Ricardo Rodriguez\"},\"sameAs\":[\"https:\\\/\\\/foreverfutbol.com.ec\\\/radio\"],\"url\":\"https:\\\/\\\/foreverfutbol.com.ec\\\/radio\\\/author\\\/superdmin\\\/\"}]}<\/script>\n<!-- \/ Yoast SEO plugin. -->","yoast_head_json":{"title":"Mucho Lote 2 contar\u00e1 con nueva plaza comercial desde el 18 de septiembre - 92.5 FOREVER Radio","description":"Isora Plaza abrir\u00e1 el 18 de septiembre en Mucho Lote 2, Guayaquil, con Supermaxi, Fybeca, restaurantes, tiendas y m\u00e1s de 200 estacionamientos.","robots":{"index":"index","follow":"follow","max-snippet":"max-snippet:-1","max-image-preview":"max-image-preview:large","max-video-preview":"max-video-preview:-1"},"canonical":"https:\/\/foreverfutbol.com.ec\/radio\/sucesos\/mucho-lote-2-contara-con-nueva-plaza-comercial-desde-el-18-de-septiembre\/","og_locale":"es_ES","og_type":"article","og_title":"Mucho Lote 2 contar\u00e1 con nueva plaza comercial desde el 18 de septiembre - 92.5 FOREVER Radio","og_description":"Isora Plaza abrir\u00e1 el 18 de septiembre en Mucho Lote 2, Guayaquil, con Supermaxi, Fybeca, restaurantes, tiendas y m\u00e1s de 200 estacionamientos.","og_url":"https:\/\/foreverfutbol.com.ec\/radio\/sucesos\/mucho-lote-2-contara-con-nueva-plaza-comercial-desde-el-18-de-septiembre\/","og_site_name":"92.5 FOREVER Radio","article_publisher":"https:\/\/www.facebook.com\/profile.php?id=100063550693491","article_published_time":"2026-09-03T21:07:07+00:00","article_modified_time":"2026-09-03T21:07:59+00:00","author":"Ricardo Rodriguez","twitter_card":"summary_large_image","twitter_creator":"@925forever","twitter_site":"@925forever","twitter_misc":{"Escrito por":"Ricardo Rodriguez","Tiempo de lectura":"2 minutos"},"schema":{"@context":"https:\/\/schema.org","@graph":[{"@type":"Article","@id":"https:\/\/foreverfutbol.com.ec\/radio\/sucesos\/mucho-lote-2-contara-con-nueva-plaza-comercial-desde-el-18-de-septiembre\/#article","isPartOf":{"@id":"https:\/\/foreverfutbol.com.ec\/radio\/sucesos\/mucho-lote-2-contara-con-nueva-plaza-comercial-desde-el-18-de-septiembre\/"},"author":{"name":"Ricardo Rodriguez","@id":"https:\/\/foreverfutbol.com.ec\/radio\/#\/schema\/person\/2f679dd16f889ac00df6e7b648062a01"},"headline":"Mucho Lote 2 contar\u00e1 con nueva plaza comercial desde el 18 de septiembre","datePublished":"2026-09-03T21:07:07+00:00","dateModified":"2026-09-03T21:07:59+00:00","mainEntityOfPage":{"@id":"https:\/\/foreverfutbol.com.ec\/radio\/sucesos\/mucho-lote-2-contara-con-nueva-plaza-comercial-desde-el-18-de-septiembre\/"},"wordCount":363,"commentCount":0,"publisher":{"@id":"https:\/\/foreverfutbol.com.ec\/radio\/#organization"},"image":{"@id":"https:\/\/foreverfutbol.com.ec\/radio\/sucesos\/mucho-lote-2-contara-con-nueva-plaza-comercial-desde-el-18-de-septiembre\/#primaryimage"},"thumbnailUrl":"https:\/\/foreverfutbol.com.ec\/radio\/wp-content\/uploads\/2026\/09\/GFB6PN23BFB47L32ZVBOB4VLHQ.avif","articleSection":["Guayaquil","Sucesos"],"inLanguage":"es","potentialAction":[{"@type":"CommentAction","name":"Comment","target":["https:\/\/foreverfutbol.com.ec\/radio\/sucesos\/mucho-lote-2-contara-con-nueva-plaza-comercial-desde-el-18-de-septiembre\/#respond"]}]},{"@type":"WebPage","@id":"https:\/\/foreverfutbol.com.ec\/radio\/sucesos\/mucho-lote-2-contara-con-nueva-plaza-comercial-desde-el-18-de-septiembre\/","url":"https:\/\/foreverfutbol.com.ec\/radio\/sucesos\/mucho-lote-2-contara-con-nueva-plaza-comercial-desde-el-18-de-septiembre\/","name":"Mucho Lote 2 contar\u00e1 con nueva plaza comercial desde el 18 de septiembre - 92.5 FOREVER Radio","isPartOf":{"@id":"https:\/\/foreverfutbol.com.ec\/radio\/#website"},"primaryImageOfPage":{"@id":"https:\/\/foreverfutbol.com.ec\/radio\/sucesos\/mucho-lote-2-contara-con-nueva-plaza-comercial-desde-el-18-de-septiembre\/#primaryimage"},"image":{"@id":"https:\/\/foreverfutbol.com.ec\/radio\/sucesos\/mucho-lote-2-contara-con-nueva-plaza-comercial-desde-el-18-de-septiembre\/#primaryimage"},"thumbnailUrl":"https:\/\/foreverfutbol.com.ec\/radio\/wp-content\/uploads\/2026\/09\/GFB6PN23BFB47L32ZVBOB4VLHQ.avif","datePublished":"2026-09-03T21:07:07+00:00","dateModified":"2026-09-03T21:07:59+00:00","description":"Isora Plaza abrir\u00e1 el 18 de septiembre en Mucho Lote 2, Guayaquil, con Supermaxi, Fybeca, restaurantes, tiendas y m\u00e1s de 200 estacionamientos.","breadcrumb":{"@id":"https:\/\/foreverfutbol.com.ec\/radio\/sucesos\/mucho-lote-2-contara-con-nueva-plaza-comercial-desde-el-18-de-septiembre\/#breadcrumb"},"inLanguage":"es","potentialAction":[{"@type":"ReadAction","target":["https:\/\/foreverfutbol.com.ec\/radio\/sucesos\/mucho-lote-2-contara-con-nueva-plaza-comercial-desde-el-18-de-septiembre\/"]}]},{"@type":"ImageObject","inLanguage":"es","@id":"https:\/\/foreverfutbol.com.ec\/radio\/sucesos\/mucho-lote-2-contara-con-nueva-plaza-comercial-desde-el-18-de-septiembre\/#primaryimage","url":"https:\/\/foreverfutbol.com.ec\/radio\/wp-content\/uploads\/2026\/09\/GFB6PN23BFB47L32ZVBOB4VLHQ.avif","contentUrl":"https:\/\/foreverfutbol.com.ec\/radio\/wp-content\/uploads\/2026\/09\/GFB6PN23BFB47L32ZVBOB4VLHQ.avif","width":1400,"height":933,"caption":"Mucho Lote 2 contar\u00e1 con nueva plaza comercial desde el 18 de septiembre"},{"@type":"BreadcrumbList","@id":"https:\/\/foreverfutbol.com.ec\/radio\/sucesos\/mucho-lote-2-contara-con-nueva-plaza-comercial-desde-el-18-de-septiembre\/#breadcrumb","itemListElement":[{"@type":"ListItem","position":1,"name":"Portada","item":"https:\/\/foreverfutbol.com.ec\/radio\/"},{"@type":"ListItem","position":2,"name":"Mucho Lote 2 contar\u00e1 con nueva plaza comercial desde el 18 de septiembre"}]},{"@type":"WebSite","@id":"https:\/\/foreverfutbol.com.ec\/radio\/#website","url":"https:\/\/foreverfutbol.com.ec\/radio\/","name":"92.5 FOREVER Radio","description":"","publisher":{"@id":"https:\/\/foreverfutbol.com.ec\/radio\/#organization"},"potentialAction":[{"@type":"SearchAction","target":{"@type":"EntryPoint","urlTemplate":"https:\/\/foreverfutbol.com.ec\/radio\/?s={search_term_string}"},"query-input":{"@type":"PropertyValueSpecification","valueRequired":true,"valueName":"search_term_string"}}],"inLanguage":"es"},{"@type":"Organization","@id":"https:\/\/foreverfutbol.com.ec\/radio\/#organization","name":"92.5 FOREVER Radio","url":"https:\/\/foreverfutbol.com.ec\/radio\/","logo":{"@type":"ImageObject","inLanguage":"es","@id":"https:\/\/foreverfutbol.com.ec\/radio\/#\/schema\/logo\/image\/","url":"https:\/\/foreverfutbol.com.ec\/radio\/wp-content\/uploads\/2024\/01\/cropped-logo-forever.png","contentUrl":"https:\/\/foreverfutbol.com.ec\/radio\/wp-content\/uploads\/2024\/01\/cropped-logo-forever.png","width":180,"height":154,"caption":"92.5 FOREVER Radio"},"image":{"@id":"https:\/\/foreverfutbol.com.ec\/radio\/#\/schema\/logo\/image\/"},"sameAs":["https:\/\/www.facebook.com\/profile.php?id=100063550693491","https:\/\/x.com\/925forever","https:\/\/www.instagram.com\/radioforever925\/"]},{"@type":"Person","@id":"https:\/\/foreverfutbol.com.ec\/radio\/#\/schema\/person\/2f679dd16f889ac00df6e7b648062a01","name":"Ricardo Rodriguez","image":{"@type":"ImageObject","inLanguage":"es","@id":"https:\/\/secure.gravatar.com\/avatar\/5d9dfb95700bd0c503ed088d29de94822b5cc66a74cb0362774e6fc534823d07?s=96&d=mm&r=g","url":"https:\/\/secure.gravatar.com\/avatar\/5d9dfb95700bd0c503ed088d29de94822b5cc66a74cb0362774e6fc534823d07?s=96&d=mm&r=g","contentUrl":"https:\/\/secure.gravatar.com\/avatar\/5d9dfb95700bd0c503ed088d29de94822b5cc66a74cb0362774e6fc534823d07?s=96&d=mm&r=g","caption":"Ricardo Rodriguez"},"sameAs":["https:\/\/foreverfutbol.com.ec\/radio"],"url":"https:\/\/foreverfutbol.com.ec\/radio\/author\/superdmin\/"}]}},"_links":{"self":[{"href":"https:\/\/foreverfutbol.com.ec\/radio\/wp-json\/wp\/v2\/posts\/31875","targetHints":{"allow":["GET"]}}],"collection":[{"href":"https:\/\/foreverfutbol.com.ec\/radio\/wp-json\/wp\/v2\/posts"}],"about":[{"href":"https:\/\/foreverfutbol.com.ec\/radio\/wp-json\/wp\/v2\/types\/post"}],"author":[{"embeddable":true,"href":"https:\/\/foreverfutbol.com.ec\/radio\/wp-json\/wp\/v2\/users\/1"}],"replies":[{"embeddable":true,"href":"https:\/\/foreverfutbol.com.ec\/radio\/wp-json\/wp\/v2\/comments?post=31875"}],"version-history":[{"count":1,"href":"https:\/\/foreverfutbol.com.ec\/radio\/wp-json\/wp\/v2\/posts\/31875\/revisions"}],"predecessor-version":[{"id":31876,"href":"https:\/\/foreverfutbol.com.ec\/radio\/wp-json\/wp\/v2\/posts\/31875\/revisions\/31876"}],"wp:featuredmedia":[{"embeddable":true,"href":"https:\/\/foreverfutbol.com.ec\/radio\/wp-json\/wp\/v2\/media\/31877"}],"wp:attachment":[{"href":"https:\/\/foreverfutbol.com.ec\/radio\/wp-json\/wp\/v2\/media?parent=31875"}],"wp:term":[{"taxonomy":"category","embeddable":true,"href":"https:\/\/foreverfutbol.com.ec\/radio\/wp-json\/wp\/v2\/categories?post=31875"},{"taxonomy":"post_tag","embeddable":true,"href":"https:\/\/foreverfutbol.com.ec\/radio\/wp-json\/wp\/v2\/tags?post=31875"}],"curies":[{"name":"wp","href":"https:\/\/api.w.org\/{rel}","templated":true}]}}