{"id":31872,"date":"2026-09-03T15:57:53","date_gmt":"2026-09-03T20:57:53","guid":{"rendered":"https:\/\/foreverfutbol.com.ec\/radio\/?p=31872"},"modified":"2026-09-03T15:57:54","modified_gmt":"2026-09-03T20:57:54","slug":"fenomeno-de-el-nino-se-intensificara-hasta-alcanzar-una-intensidad-muy-fuerte","status":"publish","type":"post","link":"https:\/\/foreverfutbol.com.ec\/radio\/sucesos\/fenomeno-de-el-nino-se-intensificara-hasta-alcanzar-una-intensidad-muy-fuerte\/","title":{"rendered":"Fen\u00f3meno de El Ni\u00f1o se intensificar\u00e1 hasta alcanzar una intensidad muy fuerte"},"content":{"rendered":"\n<p class=\"wp-block-paragraph\">La <strong>Organizaci\u00f3n Meteorol\u00f3gica Mundial (OMM)<\/strong> alert\u00f3 sobre el fortalecimiento del fen\u00f3meno de <strong>El Ni\u00f1o<\/strong>, un evento clim\u00e1tico que puede modificar los patrones de lluvia y temperatura en diferentes regiones del planeta. Los pron\u00f3sticos apuntan a que el fen\u00f3meno alcanzar\u00e1 una intensidad muy fuerte durante los pr\u00f3ximos meses y podr\u00eda mantener sus efectos durante un periodo prolongado.<\/p>\n\n\n\n<p class=\"wp-block-paragraph\">El fen\u00f3meno de <strong>El Ni\u00f1o<\/strong> est\u00e1 relacionado con un calentamiento anormal de las aguas del oc\u00e9ano Pac\u00edfico tropical. Este cambio en las condiciones oce\u00e1nicas influye directamente en la circulaci\u00f3n atmosf\u00e9rica y puede provocar alteraciones importantes en el clima de pa\u00edses ubicados tanto en Am\u00e9rica Latina como en otras partes del mundo.<\/p>\n\n\n\n<h2 class=\"wp-block-heading\"><strong>El Ni\u00f1o y el aumento de las temperaturas del oc\u00e9ano<\/strong><\/h2>\n\n\n\n<p class=\"wp-block-paragraph\">Uno de los principales factores que genera preocupaci\u00f3n entre los especialistas es el <strong>incremento de la temperatura del mar<\/strong>. Las mediciones muestran valores superiores a los registros habituales, mientras que debajo de la superficie tambi\u00e9n existe una importante acumulaci\u00f3n de calor.<\/p>\n\n\n\n<p class=\"wp-block-paragraph\">Los expertos consideran que estas condiciones pueden favorecer una mayor intensidad del fen\u00f3meno hacia finales del a\u00f1o. El comportamiento del oc\u00e9ano ser\u00e1 clave para determinar c\u00f3mo evolucionar\u00e1n las condiciones meteorol\u00f3gicas durante los siguientes meses.<\/p>\n\n\n\n<h2 class=\"wp-block-heading\"><strong>Impacto de El Ni\u00f1o en Ecuador y Am\u00e9rica Latina<\/strong><\/h2>\n\n\n\n<p class=\"wp-block-paragraph\">Ecuador y otros pa\u00edses de la costa del Pac\u00edfico permanecen entre las zonas que deben mantener una vigilancia especial ante el fortalecimiento de <strong>El Ni\u00f1o<\/strong>. El fen\u00f3meno puede provocar cambios importantes en las precipitaciones y aumentar el riesgo de <strong>lluvias intensas, inundaciones y deslizamientos de tierra<\/strong>.<\/p>\n\n\n\n<p class=\"wp-block-paragraph\">Las autoridades tambi\u00e9n deben considerar posibles efectos sobre la agricultura. Las variaciones en las lluvias pueden afectar los cultivos, modificar los ciclos de producci\u00f3n y generar p\u00e9rdidas econ\u00f3micas para productores y comunidades rurales.<\/p>\n\n\n\n<p class=\"wp-block-paragraph\">En otras regiones, el fen\u00f3meno puede producir el efecto contrario. Algunas zonas de Centroam\u00e9rica pueden enfrentar per\u00edodos de <strong>sequ\u00eda y escasez de agua<\/strong>, mientras que regiones de \u00c1frica, Asia y Australia pueden registrar lluvias intensas e inundaciones.<\/p>\n\n\n\n<h2 class=\"wp-block-heading\"><strong>El Ni\u00f1o puede afectar la producci\u00f3n de alimentos<\/strong><\/h2>\n\n\n\n<p class=\"wp-block-paragraph\">Las alteraciones clim\u00e1ticas asociadas con un episodio fuerte de El Ni\u00f1o tambi\u00e9n representan un riesgo para la <strong>seguridad alimentaria<\/strong>. Una reducci\u00f3n de las cosechas puede disminuir la oferta de determinados productos y ejercer presi\u00f3n sobre los precios.<\/p>\n\n\n\n<p class=\"wp-block-paragraph\">La OMM ha pedido fortalecer las medidas de preparaci\u00f3n y respuesta, especialmente en las zonas m\u00e1s vulnerables a fen\u00f3menos meteorol\u00f3gicos extremos. El monitoreo permanente de las condiciones del Pac\u00edfico permitir\u00e1 actualizar las previsiones y anticipar posibles escenarios durante los pr\u00f3ximos meses.<\/p>\n\n\n\n<blockquote class=\"twitter-tweet\"><p lang=\"en\" dir=\"ltr\">\ud83c\udf21\ufe0f El Ni\u00f1o is firmly established and will intensify into a very strong event in the coming months. WMO forecasts show ~100% likelihood that it will persist through February 2027.<br><br>A very strong El Ni\u00f1o \u2260 same impacts everywhere.<br><br>\ud83c\udd95 WMO El Nino Update: <a href=\"https:\/\/t.co\/KUPq04jjkT\">https:\/\/t.co\/KUPq04jjkT<\/a> <a href=\"https:\/\/t.co\/PAx1EZTCOH\">pic.twitter.com\/PAx1EZTCOH<\/a><\/p>&mdash; World Meteorological Organization (@WMO) <a href=\"https:\/\/x.com\/WMO\/status\/2095396479166750836?ref_src=twsrc%5Etfw\">September 3, 2026<\/a><\/blockquote> <script async src=\"https:\/\/platform.x.com\/widgets.js\" charset=\"utf-8\"><\/script>\n","protected":false},"excerpt":{"rendered":"<p>La Organizaci\u00f3n Meteorol\u00f3gica Mundial (OMM) alert\u00f3 sobre el fortalecimiento del fen\u00f3meno de El Ni\u00f1o, un evento clim\u00e1tico que puede modificar los patrones de lluvia y temperatura en diferentes regiones del planeta. Los pron\u00f3sticos apuntan a que el fen\u00f3meno alcanzar\u00e1 una intensidad muy fuerte durante los pr\u00f3ximos meses y podr\u00eda mantener sus efectos durante un periodo [&hellip;]<\/p>\n","protected":false},"author":1,"featured_media":31873,"comment_status":"open","ping_status":"open","sticky":false,"template":"","format":"standard","meta":{"footnotes":""},"categories":[51],"tags":[],"class_list":["post-31872","post","type-post","status-publish","format-standard","has-post-thumbnail","hentry","category-sucesos"],"yoast_head":"<!-- This site is optimized with the Yoast SEO plugin v28.3 - https:\/\/yoast.com\/product\/yoast-seo-wordpress\/ -->\n<title>Fen\u00f3meno de El Ni\u00f1o se intensificar\u00e1 hasta alcanzar una intensidad muy fuerte - 92.5 FOREVER Radio<\/title>\n<meta name=\"description\" content=\"El fen\u00f3meno de El Ni\u00f1o se intensificar\u00e1 hasta alcanzar una intensidad muy fuerte, generando cambios en lluvias, temperaturas\" \/>\n<meta name=\"robots\" content=\"index, follow, max-snippet:-1, max-image-preview:large, max-video-preview:-1\" \/>\n<link rel=\"canonical\" href=\"https:\/\/foreverfutbol.com.ec\/radio\/sucesos\/fenomeno-de-el-nino-se-intensificara-hasta-alcanzar-una-intensidad-muy-fuerte\/\" \/>\n<meta property=\"og:locale\" content=\"es_ES\" \/>\n<meta property=\"og:type\" content=\"article\" \/>\n<meta property=\"og:title\" content=\"Fen\u00f3meno de El Ni\u00f1o se intensificar\u00e1 hasta alcanzar una intensidad muy fuerte - 92.5 FOREVER Radio\" \/>\n<meta property=\"og:description\" content=\"El fen\u00f3meno de El Ni\u00f1o se intensificar\u00e1 hasta alcanzar una intensidad muy fuerte, generando cambios en lluvias, temperaturas\" \/>\n<meta property=\"og:url\" content=\"https:\/\/foreverfutbol.com.ec\/radio\/sucesos\/fenomeno-de-el-nino-se-intensificara-hasta-alcanzar-una-intensidad-muy-fuerte\/\" \/>\n<meta property=\"og:site_name\" content=\"92.5 FOREVER Radio\" \/>\n<meta property=\"article:publisher\" content=\"https:\/\/www.facebook.com\/profile.php?id=100063550693491\" \/>\n<meta property=\"article:published_time\" content=\"2026-09-03T20:57:53+00:00\" \/>\n<meta property=\"article:modified_time\" content=\"2026-09-03T20:57:54+00:00\" \/>\n<meta property=\"og:image\" content=\"https:\/\/foreverfutbol.com.ec\/radio\/wp-content\/uploads\/2026\/09\/image-18.webp\" \/>\n\t<meta property=\"og:image:width\" content=\"1082\" \/>\n\t<meta property=\"og:image:height\" content=\"670\" \/>\n\t<meta property=\"og:image:type\" content=\"image\/webp\" \/>\n<meta name=\"author\" content=\"Ricardo Rodriguez\" \/>\n<meta name=\"twitter:card\" content=\"summary_large_image\" \/>\n<meta name=\"twitter:creator\" content=\"@925forever\" \/>\n<meta name=\"twitter:site\" content=\"@925forever\" \/>\n<meta name=\"twitter:label1\" content=\"Escrito por\" \/>\n\t<meta name=\"twitter:data1\" content=\"Ricardo Rodriguez\" \/>\n\t<meta name=\"twitter:label2\" content=\"Tiempo de lectura\" \/>\n\t<meta name=\"twitter:data2\" content=\"3 minutos\" \/>\n<script type=\"application\/ld+json\" class=\"yoast-schema-graph\">{\"@context\":\"https:\\\/\\\/schema.org\",\"@graph\":[{\"@type\":\"Article\",\"@id\":\"https:\\\/\\\/foreverfutbol.com.ec\\\/radio\\\/sucesos\\\/fenomeno-de-el-nino-se-intensificara-hasta-alcanzar-una-intensidad-muy-fuerte\\\/#article\",\"isPartOf\":{\"@id\":\"https:\\\/\\\/foreverfutbol.com.ec\\\/radio\\\/sucesos\\\/fenomeno-de-el-nino-se-intensificara-hasta-alcanzar-una-intensidad-muy-fuerte\\\/\"},\"author\":{\"name\":\"Ricardo Rodriguez\",\"@id\":\"https:\\\/\\\/foreverfutbol.com.ec\\\/radio\\\/#\\\/schema\\\/person\\\/2f679dd16f889ac00df6e7b648062a01\"},\"headline\":\"Fen\u00f3meno de El Ni\u00f1o se intensificar\u00e1 hasta alcanzar una intensidad muy fuerte\",\"datePublished\":\"2026-09-03T20:57:53+00:00\",\"dateModified\":\"2026-09-03T20:57:54+00:00\",\"mainEntityOfPage\":{\"@id\":\"https:\\\/\\\/foreverfutbol.com.ec\\\/radio\\\/sucesos\\\/fenomeno-de-el-nino-se-intensificara-hasta-alcanzar-una-intensidad-muy-fuerte\\\/\"},\"wordCount\":530,\"commentCount\":0,\"publisher\":{\"@id\":\"https:\\\/\\\/foreverfutbol.com.ec\\\/radio\\\/#organization\"},\"image\":{\"@id\":\"https:\\\/\\\/foreverfutbol.com.ec\\\/radio\\\/sucesos\\\/fenomeno-de-el-nino-se-intensificara-hasta-alcanzar-una-intensidad-muy-fuerte\\\/#primaryimage\"},\"thumbnailUrl\":\"https:\\\/\\\/foreverfutbol.com.ec\\\/radio\\\/wp-content\\\/uploads\\\/2026\\\/09\\\/image-18.webp\",\"articleSection\":[\"Sucesos\"],\"inLanguage\":\"es\",\"potentialAction\":[{\"@type\":\"CommentAction\",\"name\":\"Comment\",\"target\":[\"https:\\\/\\\/foreverfutbol.com.ec\\\/radio\\\/sucesos\\\/fenomeno-de-el-nino-se-intensificara-hasta-alcanzar-una-intensidad-muy-fuerte\\\/#respond\"]}]},{\"@type\":\"WebPage\",\"@id\":\"https:\\\/\\\/foreverfutbol.com.ec\\\/radio\\\/sucesos\\\/fenomeno-de-el-nino-se-intensificara-hasta-alcanzar-una-intensidad-muy-fuerte\\\/\",\"url\":\"https:\\\/\\\/foreverfutbol.com.ec\\\/radio\\\/sucesos\\\/fenomeno-de-el-nino-se-intensificara-hasta-alcanzar-una-intensidad-muy-fuerte\\\/\",\"name\":\"Fen\u00f3meno de El Ni\u00f1o se intensificar\u00e1 hasta alcanzar una intensidad muy fuerte - 92.5 FOREVER Radio\",\"isPartOf\":{\"@id\":\"https:\\\/\\\/foreverfutbol.com.ec\\\/radio\\\/#website\"},\"primaryImageOfPage\":{\"@id\":\"https:\\\/\\\/foreverfutbol.com.ec\\\/radio\\\/sucesos\\\/fenomeno-de-el-nino-se-intensificara-hasta-alcanzar-una-intensidad-muy-fuerte\\\/#primaryimage\"},\"image\":{\"@id\":\"https:\\\/\\\/foreverfutbol.com.ec\\\/radio\\\/sucesos\\\/fenomeno-de-el-nino-se-intensificara-hasta-alcanzar-una-intensidad-muy-fuerte\\\/#primaryimage\"},\"thumbnailUrl\":\"https:\\\/\\\/foreverfutbol.com.ec\\\/radio\\\/wp-content\\\/uploads\\\/2026\\\/09\\\/image-18.webp\",\"datePublished\":\"2026-09-03T20:57:53+00:00\",\"dateModified\":\"2026-09-03T20:57:54+00:00\",\"description\":\"El fen\u00f3meno de El Ni\u00f1o se intensificar\u00e1 hasta alcanzar una intensidad muy fuerte, generando cambios en lluvias, temperaturas\",\"breadcrumb\":{\"@id\":\"https:\\\/\\\/foreverfutbol.com.ec\\\/radio\\\/sucesos\\\/fenomeno-de-el-nino-se-intensificara-hasta-alcanzar-una-intensidad-muy-fuerte\\\/#breadcrumb\"},\"inLanguage\":\"es\",\"potentialAction\":[{\"@type\":\"ReadAction\",\"target\":[\"https:\\\/\\\/foreverfutbol.com.ec\\\/radio\\\/sucesos\\\/fenomeno-de-el-nino-se-intensificara-hasta-alcanzar-una-intensidad-muy-fuerte\\\/\"]}]},{\"@type\":\"ImageObject\",\"inLanguage\":\"es\",\"@id\":\"https:\\\/\\\/foreverfutbol.com.ec\\\/radio\\\/sucesos\\\/fenomeno-de-el-nino-se-intensificara-hasta-alcanzar-una-intensidad-muy-fuerte\\\/#primaryimage\",\"url\":\"https:\\\/\\\/foreverfutbol.com.ec\\\/radio\\\/wp-content\\\/uploads\\\/2026\\\/09\\\/image-18.webp\",\"contentUrl\":\"https:\\\/\\\/foreverfutbol.com.ec\\\/radio\\\/wp-content\\\/uploads\\\/2026\\\/09\\\/image-18.webp\",\"width\":1082,\"height\":670},{\"@type\":\"BreadcrumbList\",\"@id\":\"https:\\\/\\\/foreverfutbol.com.ec\\\/radio\\\/sucesos\\\/fenomeno-de-el-nino-se-intensificara-hasta-alcanzar-una-intensidad-muy-fuerte\\\/#breadcrumb\",\"itemListElement\":[{\"@type\":\"ListItem\",\"position\":1,\"name\":\"Portada\",\"item\":\"https:\\\/\\\/foreverfutbol.com.ec\\\/radio\\\/\"},{\"@type\":\"ListItem\",\"position\":2,\"name\":\"Fen\u00f3meno de El Ni\u00f1o se intensificar\u00e1 hasta alcanzar una intensidad muy fuerte\"}]},{\"@type\":\"WebSite\",\"@id\":\"https:\\\/\\\/foreverfutbol.com.ec\\\/radio\\\/#website\",\"url\":\"https:\\\/\\\/foreverfutbol.com.ec\\\/radio\\\/\",\"name\":\"92.5 FOREVER Radio\",\"description\":\"\",\"publisher\":{\"@id\":\"https:\\\/\\\/foreverfutbol.com.ec\\\/radio\\\/#organization\"},\"potentialAction\":[{\"@type\":\"SearchAction\",\"target\":{\"@type\":\"EntryPoint\",\"urlTemplate\":\"https:\\\/\\\/foreverfutbol.com.ec\\\/radio\\\/?s={search_term_string}\"},\"query-input\":{\"@type\":\"PropertyValueSpecification\",\"valueRequired\":true,\"valueName\":\"search_term_string\"}}],\"inLanguage\":\"es\"},{\"@type\":\"Organization\",\"@id\":\"https:\\\/\\\/foreverfutbol.com.ec\\\/radio\\\/#organization\",\"name\":\"92.5 FOREVER Radio\",\"url\":\"https:\\\/\\\/foreverfutbol.com.ec\\\/radio\\\/\",\"logo\":{\"@type\":\"ImageObject\",\"inLanguage\":\"es\",\"@id\":\"https:\\\/\\\/foreverfutbol.com.ec\\\/radio\\\/#\\\/schema\\\/logo\\\/image\\\/\",\"url\":\"https:\\\/\\\/foreverfutbol.com.ec\\\/radio\\\/wp-content\\\/uploads\\\/2024\\\/01\\\/cropped-logo-forever.png\",\"contentUrl\":\"https:\\\/\\\/foreverfutbol.com.ec\\\/radio\\\/wp-content\\\/uploads\\\/2024\\\/01\\\/cropped-logo-forever.png\",\"width\":180,\"height\":154,\"caption\":\"92.5 FOREVER Radio\"},\"image\":{\"@id\":\"https:\\\/\\\/foreverfutbol.com.ec\\\/radio\\\/#\\\/schema\\\/logo\\\/image\\\/\"},\"sameAs\":[\"https:\\\/\\\/www.facebook.com\\\/profile.php?id=100063550693491\",\"https:\\\/\\\/x.com\\\/925forever\",\"https:\\\/\\\/www.instagram.com\\\/radioforever925\\\/\"]},{\"@type\":\"Person\",\"@id\":\"https:\\\/\\\/foreverfutbol.com.ec\\\/radio\\\/#\\\/schema\\\/person\\\/2f679dd16f889ac00df6e7b648062a01\",\"name\":\"Ricardo Rodriguez\",\"image\":{\"@type\":\"ImageObject\",\"inLanguage\":\"es\",\"@id\":\"https:\\\/\\\/secure.gravatar.com\\\/avatar\\\/5d9dfb95700bd0c503ed088d29de94822b5cc66a74cb0362774e6fc534823d07?s=96&d=mm&r=g\",\"url\":\"https:\\\/\\\/secure.gravatar.com\\\/avatar\\\/5d9dfb95700bd0c503ed088d29de94822b5cc66a74cb0362774e6fc534823d07?s=96&d=mm&r=g\",\"contentUrl\":\"https:\\\/\\\/secure.gravatar.com\\\/avatar\\\/5d9dfb95700bd0c503ed088d29de94822b5cc66a74cb0362774e6fc534823d07?s=96&d=mm&r=g\",\"caption\":\"Ricardo Rodriguez\"},\"sameAs\":[\"https:\\\/\\\/foreverfutbol.com.ec\\\/radio\"],\"url\":\"https:\\\/\\\/foreverfutbol.com.ec\\\/radio\\\/author\\\/superdmin\\\/\"}]}<\/script>\n<!-- \/ Yoast SEO plugin. -->","yoast_head_json":{"title":"Fen\u00f3meno de El Ni\u00f1o se intensificar\u00e1 hasta alcanzar una intensidad muy fuerte - 92.5 FOREVER Radio","description":"El fen\u00f3meno de El Ni\u00f1o se intensificar\u00e1 hasta alcanzar una intensidad muy fuerte, generando cambios en lluvias, temperaturas","robots":{"index":"index","follow":"follow","max-snippet":"max-snippet:-1","max-image-preview":"max-image-preview:large","max-video-preview":"max-video-preview:-1"},"canonical":"https:\/\/foreverfutbol.com.ec\/radio\/sucesos\/fenomeno-de-el-nino-se-intensificara-hasta-alcanzar-una-intensidad-muy-fuerte\/","og_locale":"es_ES","og_type":"article","og_title":"Fen\u00f3meno de El Ni\u00f1o se intensificar\u00e1 hasta alcanzar una intensidad muy fuerte - 92.5 FOREVER Radio","og_description":"El fen\u00f3meno de El Ni\u00f1o se intensificar\u00e1 hasta alcanzar una intensidad muy fuerte, generando cambios en lluvias, temperaturas","og_url":"https:\/\/foreverfutbol.com.ec\/radio\/sucesos\/fenomeno-de-el-nino-se-intensificara-hasta-alcanzar-una-intensidad-muy-fuerte\/","og_site_name":"92.5 FOREVER Radio","article_publisher":"https:\/\/www.facebook.com\/profile.php?id=100063550693491","article_published_time":"2026-09-03T20:57:53+00:00","article_modified_time":"2026-09-03T20:57:54+00:00","og_image":[{"width":1082,"height":670,"url":"https:\/\/foreverfutbol.com.ec\/radio\/wp-content\/uploads\/2026\/09\/image-18.webp","type":"image\/webp"}],"author":"Ricardo Rodriguez","twitter_card":"summary_large_image","twitter_creator":"@925forever","twitter_site":"@925forever","twitter_misc":{"Escrito por":"Ricardo Rodriguez","Tiempo de lectura":"3 minutos"},"schema":{"@context":"https:\/\/schema.org","@graph":[{"@type":"Article","@id":"https:\/\/foreverfutbol.com.ec\/radio\/sucesos\/fenomeno-de-el-nino-se-intensificara-hasta-alcanzar-una-intensidad-muy-fuerte\/#article","isPartOf":{"@id":"https:\/\/foreverfutbol.com.ec\/radio\/sucesos\/fenomeno-de-el-nino-se-intensificara-hasta-alcanzar-una-intensidad-muy-fuerte\/"},"author":{"name":"Ricardo Rodriguez","@id":"https:\/\/foreverfutbol.com.ec\/radio\/#\/schema\/person\/2f679dd16f889ac00df6e7b648062a01"},"headline":"Fen\u00f3meno de El Ni\u00f1o se intensificar\u00e1 hasta alcanzar una intensidad muy fuerte","datePublished":"2026-09-03T20:57:53+00:00","dateModified":"2026-09-03T20:57:54+00:00","mainEntityOfPage":{"@id":"https:\/\/foreverfutbol.com.ec\/radio\/sucesos\/fenomeno-de-el-nino-se-intensificara-hasta-alcanzar-una-intensidad-muy-fuerte\/"},"wordCount":530,"commentCount":0,"publisher":{"@id":"https:\/\/foreverfutbol.com.ec\/radio\/#organization"},"image":{"@id":"https:\/\/foreverfutbol.com.ec\/radio\/sucesos\/fenomeno-de-el-nino-se-intensificara-hasta-alcanzar-una-intensidad-muy-fuerte\/#primaryimage"},"thumbnailUrl":"https:\/\/foreverfutbol.com.ec\/radio\/wp-content\/uploads\/2026\/09\/image-18.webp","articleSection":["Sucesos"],"inLanguage":"es","potentialAction":[{"@type":"CommentAction","name":"Comment","target":["https:\/\/foreverfutbol.com.ec\/radio\/sucesos\/fenomeno-de-el-nino-se-intensificara-hasta-alcanzar-una-intensidad-muy-fuerte\/#respond"]}]},{"@type":"WebPage","@id":"https:\/\/foreverfutbol.com.ec\/radio\/sucesos\/fenomeno-de-el-nino-se-intensificara-hasta-alcanzar-una-intensidad-muy-fuerte\/","url":"https:\/\/foreverfutbol.com.ec\/radio\/sucesos\/fenomeno-de-el-nino-se-intensificara-hasta-alcanzar-una-intensidad-muy-fuerte\/","name":"Fen\u00f3meno de El Ni\u00f1o se intensificar\u00e1 hasta alcanzar una intensidad muy fuerte - 92.5 FOREVER Radio","isPartOf":{"@id":"https:\/\/foreverfutbol.com.ec\/radio\/#website"},"primaryImageOfPage":{"@id":"https:\/\/foreverfutbol.com.ec\/radio\/sucesos\/fenomeno-de-el-nino-se-intensificara-hasta-alcanzar-una-intensidad-muy-fuerte\/#primaryimage"},"image":{"@id":"https:\/\/foreverfutbol.com.ec\/radio\/sucesos\/fenomeno-de-el-nino-se-intensificara-hasta-alcanzar-una-intensidad-muy-fuerte\/#primaryimage"},"thumbnailUrl":"https:\/\/foreverfutbol.com.ec\/radio\/wp-content\/uploads\/2026\/09\/image-18.webp","datePublished":"2026-09-03T20:57:53+00:00","dateModified":"2026-09-03T20:57:54+00:00","description":"El fen\u00f3meno de El Ni\u00f1o se intensificar\u00e1 hasta alcanzar una intensidad muy fuerte, generando cambios en lluvias, temperaturas","breadcrumb":{"@id":"https:\/\/foreverfutbol.com.ec\/radio\/sucesos\/fenomeno-de-el-nino-se-intensificara-hasta-alcanzar-una-intensidad-muy-fuerte\/#breadcrumb"},"inLanguage":"es","potentialAction":[{"@type":"ReadAction","target":["https:\/\/foreverfutbol.com.ec\/radio\/sucesos\/fenomeno-de-el-nino-se-intensificara-hasta-alcanzar-una-intensidad-muy-fuerte\/"]}]},{"@type":"ImageObject","inLanguage":"es","@id":"https:\/\/foreverfutbol.com.ec\/radio\/sucesos\/fenomeno-de-el-nino-se-intensificara-hasta-alcanzar-una-intensidad-muy-fuerte\/#primaryimage","url":"https:\/\/foreverfutbol.com.ec\/radio\/wp-content\/uploads\/2026\/09\/image-18.webp","contentUrl":"https:\/\/foreverfutbol.com.ec\/radio\/wp-content\/uploads\/2026\/09\/image-18.webp","width":1082,"height":670},{"@type":"BreadcrumbList","@id":"https:\/\/foreverfutbol.com.ec\/radio\/sucesos\/fenomeno-de-el-nino-se-intensificara-hasta-alcanzar-una-intensidad-muy-fuerte\/#breadcrumb","itemListElement":[{"@type":"ListItem","position":1,"name":"Portada","item":"https:\/\/foreverfutbol.com.ec\/radio\/"},{"@type":"ListItem","position":2,"name":"Fen\u00f3meno de El Ni\u00f1o se intensificar\u00e1 hasta alcanzar una intensidad muy fuerte"}]},{"@type":"WebSite","@id":"https:\/\/foreverfutbol.com.ec\/radio\/#website","url":"https:\/\/foreverfutbol.com.ec\/radio\/","name":"92.5 FOREVER Radio","description":"","publisher":{"@id":"https:\/\/foreverfutbol.com.ec\/radio\/#organization"},"potentialAction":[{"@type":"SearchAction","target":{"@type":"EntryPoint","urlTemplate":"https:\/\/foreverfutbol.com.ec\/radio\/?s={search_term_string}"},"query-input":{"@type":"PropertyValueSpecification","valueRequired":true,"valueName":"search_term_string"}}],"inLanguage":"es"},{"@type":"Organization","@id":"https:\/\/foreverfutbol.com.ec\/radio\/#organization","name":"92.5 FOREVER Radio","url":"https:\/\/foreverfutbol.com.ec\/radio\/","logo":{"@type":"ImageObject","inLanguage":"es","@id":"https:\/\/foreverfutbol.com.ec\/radio\/#\/schema\/logo\/image\/","url":"https:\/\/foreverfutbol.com.ec\/radio\/wp-content\/uploads\/2024\/01\/cropped-logo-forever.png","contentUrl":"https:\/\/foreverfutbol.com.ec\/radio\/wp-content\/uploads\/2024\/01\/cropped-logo-forever.png","width":180,"height":154,"caption":"92.5 FOREVER Radio"},"image":{"@id":"https:\/\/foreverfutbol.com.ec\/radio\/#\/schema\/logo\/image\/"},"sameAs":["https:\/\/www.facebook.com\/profile.php?id=100063550693491","https:\/\/x.com\/925forever","https:\/\/www.instagram.com\/radioforever925\/"]},{"@type":"Person","@id":"https:\/\/foreverfutbol.com.ec\/radio\/#\/schema\/person\/2f679dd16f889ac00df6e7b648062a01","name":"Ricardo Rodriguez","image":{"@type":"ImageObject","inLanguage":"es","@id":"https:\/\/secure.gravatar.com\/avatar\/5d9dfb95700bd0c503ed088d29de94822b5cc66a74cb0362774e6fc534823d07?s=96&d=mm&r=g","url":"https:\/\/secure.gravatar.com\/avatar\/5d9dfb95700bd0c503ed088d29de94822b5cc66a74cb0362774e6fc534823d07?s=96&d=mm&r=g","contentUrl":"https:\/\/secure.gravatar.com\/avatar\/5d9dfb95700bd0c503ed088d29de94822b5cc66a74cb0362774e6fc534823d07?s=96&d=mm&r=g","caption":"Ricardo Rodriguez"},"sameAs":["https:\/\/foreverfutbol.com.ec\/radio"],"url":"https:\/\/foreverfutbol.com.ec\/radio\/author\/superdmin\/"}]}},"_links":{"self":[{"href":"https:\/\/foreverfutbol.com.ec\/radio\/wp-json\/wp\/v2\/posts\/31872","targetHints":{"allow":["GET"]}}],"collection":[{"href":"https:\/\/foreverfutbol.com.ec\/radio\/wp-json\/wp\/v2\/posts"}],"about":[{"href":"https:\/\/foreverfutbol.com.ec\/radio\/wp-json\/wp\/v2\/types\/post"}],"author":[{"embeddable":true,"href":"https:\/\/foreverfutbol.com.ec\/radio\/wp-json\/wp\/v2\/users\/1"}],"replies":[{"embeddable":true,"href":"https:\/\/foreverfutbol.com.ec\/radio\/wp-json\/wp\/v2\/comments?post=31872"}],"version-history":[{"count":1,"href":"https:\/\/foreverfutbol.com.ec\/radio\/wp-json\/wp\/v2\/posts\/31872\/revisions"}],"predecessor-version":[{"id":31874,"href":"https:\/\/foreverfutbol.com.ec\/radio\/wp-json\/wp\/v2\/posts\/31872\/revisions\/31874"}],"wp:featuredmedia":[{"embeddable":true,"href":"https:\/\/foreverfutbol.com.ec\/radio\/wp-json\/wp\/v2\/media\/31873"}],"wp:attachment":[{"href":"https:\/\/foreverfutbol.com.ec\/radio\/wp-json\/wp\/v2\/media?parent=31872"}],"wp:term":[{"taxonomy":"category","embeddable":true,"href":"https:\/\/foreverfutbol.com.ec\/radio\/wp-json\/wp\/v2\/categories?post=31872"},{"taxonomy":"post_tag","embeddable":true,"href":"https:\/\/foreverfutbol.com.ec\/radio\/wp-json\/wp\/v2\/tags?post=31872"}],"curies":[{"name":"wp","href":"https:\/\/api.w.org\/{rel}","templated":true}]}}