{"id":31869,"date":"2026-09-03T15:36:09","date_gmt":"2026-09-03T20:36:09","guid":{"rendered":"https:\/\/foreverfutbol.com.ec\/radio\/?p=31869"},"modified":"2026-09-03T15:36:10","modified_gmt":"2026-09-03T20:36:10","slug":"tres-detenidos-durante-operativo-del-bloque-de-seguridad-en-esmeraldas","status":"publish","type":"post","link":"https:\/\/foreverfutbol.com.ec\/radio\/seguridad\/tres-detenidos-durante-operativo-del-bloque-de-seguridad-en-esmeraldas\/","title":{"rendered":"Tres detenidos durante operativo del Bloque de Seguridad en Esmeraldas"},"content":{"rendered":"\n<p class=\"wp-block-paragraph\">Un operativo del <strong>Bloque de Seguridad<\/strong> permiti\u00f3 la aprehensi\u00f3n de tres personas durante una intervenci\u00f3n realizada en sectores considerados conflictivos del sur de <strong>Esmeraldas<\/strong>.<\/p>\n\n\n\n<p class=\"wp-block-paragraph\">La acci\u00f3n se desarroll\u00f3 durante la tarde y noche del mi\u00e9rcoles <strong>2 de septiembre<\/strong>, espec\u00edficamente en la ciudadela <strong>El Coral<\/strong> y el barrio <strong>50 Casas<\/strong>, zonas donde se han registrado diferentes hechos de violencia.<\/p>\n\n\n\n<h2 class=\"wp-block-heading\">Operativo en El Coral y 50 Casas<\/h2>\n\n\n\n<p class=\"wp-block-paragraph\">En el despliegue participaron efectivos de la <strong>Polic\u00eda Nacional y las Fuerzas Armadas<\/strong>, con apoyo de un <strong>helic\u00f3ptero de la Aviaci\u00f3n Naval y drones<\/strong> para reforzar la vigilancia en los sectores intervenidos.<\/p>\n\n\n\n<p class=\"wp-block-paragraph\">Las autoridades ejecutaron controles y recorridos en distintos puntos de estos barrios, se\u00f1alados por registrar antecedentes de violencia, asesinatos y otros hechos relacionados con estructuras delictivas.<\/p>\n\n\n\n<p class=\"wp-block-paragraph\">Seg\u00fan informaci\u00f3n preliminar, una organizaci\u00f3n delincuencial habr\u00eda mantenido presencia en estos sectores y presuntamente habr\u00eda amenazado a propietarios de viviendas, obligando a algunos a abandonar sus inmuebles.<\/p>\n\n\n\n<h2 class=\"wp-block-heading\">Tres personas aprehendidas<\/h2>\n\n\n\n<p class=\"wp-block-paragraph\">Como resultado de la intervenci\u00f3n, <strong>tres individuos fueron detenidos<\/strong> por presuntos delitos relacionados con <strong>sustancias sujetas a fiscalizaci\u00f3n<\/strong> y antecedentes judiciales.<\/p>\n\n\n\n<p class=\"wp-block-paragraph\">Los aprehendidos fueron trasladados bajo custodia en veh\u00edculos de las Fuerzas Armadas hasta el comando policial de Esmeraldas. Posteriormente, quedaron a disposici\u00f3n de las autoridades judiciales para continuar con el procedimiento correspondiente.<\/p>\n\n\n\n<p class=\"wp-block-paragraph\">Durante el operativo tambi\u00e9n fue <strong>recuperada una motocicleta reportada como robada<\/strong>, que ser\u00e1 sometida a los procedimientos respectivos para determinar su procedencia.<\/p>\n\n\n\n<h2 class=\"wp-block-heading\">Autoridades participaron en el despliegue<\/h2>\n\n\n\n<p class=\"wp-block-paragraph\">El gobernador de Esmeraldas, <strong>Juan Jaramillo<\/strong>, acompa\u00f1\u00f3 las acciones junto con Richard D\u00e1vila, comandante de la Polic\u00eda Subzona Esmeraldas, y Marco Rocafuerte, del Comando Naval de Operaciones Norte (Coopno).<\/p>\n\n\n\n<p class=\"wp-block-paragraph\">La fuerte presencia de militares y polic\u00edas gener\u00f3 preocupaci\u00f3n entre habitantes de El Coral, 50 Casas y sectores cercanos. Algunos residentes incluso relacionaron inicialmente el despliegue con una posible emergencia en el Centro de Privaci\u00f3n de Libertad Masculino n.\u00ba 2 de Esmeraldas.<\/p>\n\n\n\n<p class=\"wp-block-paragraph\">Las autoridades anunciaron que los resultados completos de la operaci\u00f3n ser\u00e1n comunicados conforme avancen las investigaciones y los procedimientos judiciales.<\/p>\n\n\n\n<p class=\"wp-block-paragraph\"><\/p>\n","protected":false},"excerpt":{"rendered":"<p>Un operativo del Bloque de Seguridad permiti\u00f3 la aprehensi\u00f3n de tres personas durante una intervenci\u00f3n realizada en sectores considerados conflictivos del sur de Esmeraldas. La acci\u00f3n se desarroll\u00f3 durante la tarde y noche del mi\u00e9rcoles 2 de septiembre, espec\u00edficamente en la ciudadela El Coral y el barrio 50 Casas, zonas donde se han registrado diferentes [&hellip;]<\/p>\n","protected":false},"author":1,"featured_media":31870,"comment_status":"open","ping_status":"open","sticky":false,"template":"","format":"standard","meta":{"footnotes":""},"categories":[143],"tags":[],"class_list":["post-31869","post","type-post","status-publish","format-standard","has-post-thumbnail","hentry","category-seguridad"],"yoast_head":"<!-- This site is optimized with the Yoast SEO plugin v28.3 - https:\/\/yoast.com\/product\/yoast-seo-wordpress\/ -->\n<title>Tres detenidos durante operativo del Bloque de Seguridad en Esmeraldas - 92.5 FOREVER Radio<\/title>\n<meta name=\"description\" content=\"Tres personas fueron detenidas durante un operativo del Bloque de Seguridad en El Coral y 50 Casas, en Esmeraldas. Tambi\u00e9n se recuper\u00f3\" \/>\n<meta name=\"robots\" content=\"index, follow, max-snippet:-1, max-image-preview:large, max-video-preview:-1\" \/>\n<link rel=\"canonical\" href=\"https:\/\/foreverfutbol.com.ec\/radio\/seguridad\/tres-detenidos-durante-operativo-del-bloque-de-seguridad-en-esmeraldas\/\" \/>\n<meta property=\"og:locale\" content=\"es_ES\" \/>\n<meta property=\"og:type\" content=\"article\" \/>\n<meta property=\"og:title\" content=\"Tres detenidos durante operativo del Bloque de Seguridad en Esmeraldas - 92.5 FOREVER Radio\" \/>\n<meta property=\"og:description\" content=\"Tres personas fueron detenidas durante un operativo del Bloque de Seguridad en El Coral y 50 Casas, en Esmeraldas. Tambi\u00e9n se recuper\u00f3\" \/>\n<meta property=\"og:url\" content=\"https:\/\/foreverfutbol.com.ec\/radio\/seguridad\/tres-detenidos-durante-operativo-del-bloque-de-seguridad-en-esmeraldas\/\" \/>\n<meta property=\"og:site_name\" content=\"92.5 FOREVER Radio\" \/>\n<meta property=\"article:publisher\" content=\"https:\/\/www.facebook.com\/profile.php?id=100063550693491\" \/>\n<meta property=\"article:published_time\" content=\"2026-09-03T20:36:09+00:00\" \/>\n<meta property=\"article:modified_time\" content=\"2026-09-03T20:36:10+00:00\" \/>\n<meta property=\"og:image\" content=\"https:\/\/foreverfutbol.com.ec\/radio\/wp-content\/uploads\/2026\/09\/J7AL5VPIKBH5FDWSRWP2O23JT4-1-1.webp\" \/>\n\t<meta property=\"og:image:width\" content=\"892\" \/>\n\t<meta property=\"og:image:height\" content=\"670\" \/>\n\t<meta property=\"og:image:type\" content=\"image\/webp\" \/>\n<meta name=\"author\" content=\"Ricardo Rodriguez\" \/>\n<meta name=\"twitter:card\" content=\"summary_large_image\" \/>\n<meta name=\"twitter:creator\" content=\"@925forever\" \/>\n<meta name=\"twitter:site\" content=\"@925forever\" \/>\n<meta name=\"twitter:label1\" content=\"Escrito por\" \/>\n\t<meta name=\"twitter:data1\" content=\"Ricardo Rodriguez\" \/>\n\t<meta name=\"twitter:label2\" content=\"Tiempo de lectura\" \/>\n\t<meta name=\"twitter:data2\" content=\"2 minutos\" \/>\n<script type=\"application\/ld+json\" class=\"yoast-schema-graph\">{\"@context\":\"https:\\\/\\\/schema.org\",\"@graph\":[{\"@type\":\"Article\",\"@id\":\"https:\\\/\\\/foreverfutbol.com.ec\\\/radio\\\/seguridad\\\/tres-detenidos-durante-operativo-del-bloque-de-seguridad-en-esmeraldas\\\/#article\",\"isPartOf\":{\"@id\":\"https:\\\/\\\/foreverfutbol.com.ec\\\/radio\\\/seguridad\\\/tres-detenidos-durante-operativo-del-bloque-de-seguridad-en-esmeraldas\\\/\"},\"author\":{\"name\":\"Ricardo Rodriguez\",\"@id\":\"https:\\\/\\\/foreverfutbol.com.ec\\\/radio\\\/#\\\/schema\\\/person\\\/2f679dd16f889ac00df6e7b648062a01\"},\"headline\":\"Tres detenidos durante operativo del Bloque de Seguridad en Esmeraldas\",\"datePublished\":\"2026-09-03T20:36:09+00:00\",\"dateModified\":\"2026-09-03T20:36:10+00:00\",\"mainEntityOfPage\":{\"@id\":\"https:\\\/\\\/foreverfutbol.com.ec\\\/radio\\\/seguridad\\\/tres-detenidos-durante-operativo-del-bloque-de-seguridad-en-esmeraldas\\\/\"},\"wordCount\":355,\"commentCount\":0,\"publisher\":{\"@id\":\"https:\\\/\\\/foreverfutbol.com.ec\\\/radio\\\/#organization\"},\"image\":{\"@id\":\"https:\\\/\\\/foreverfutbol.com.ec\\\/radio\\\/seguridad\\\/tres-detenidos-durante-operativo-del-bloque-de-seguridad-en-esmeraldas\\\/#primaryimage\"},\"thumbnailUrl\":\"https:\\\/\\\/foreverfutbol.com.ec\\\/radio\\\/wp-content\\\/uploads\\\/2026\\\/09\\\/J7AL5VPIKBH5FDWSRWP2O23JT4-1-1.webp\",\"articleSection\":[\"Seguridad\"],\"inLanguage\":\"es\",\"potentialAction\":[{\"@type\":\"CommentAction\",\"name\":\"Comment\",\"target\":[\"https:\\\/\\\/foreverfutbol.com.ec\\\/radio\\\/seguridad\\\/tres-detenidos-durante-operativo-del-bloque-de-seguridad-en-esmeraldas\\\/#respond\"]}]},{\"@type\":\"WebPage\",\"@id\":\"https:\\\/\\\/foreverfutbol.com.ec\\\/radio\\\/seguridad\\\/tres-detenidos-durante-operativo-del-bloque-de-seguridad-en-esmeraldas\\\/\",\"url\":\"https:\\\/\\\/foreverfutbol.com.ec\\\/radio\\\/seguridad\\\/tres-detenidos-durante-operativo-del-bloque-de-seguridad-en-esmeraldas\\\/\",\"name\":\"Tres detenidos durante operativo del Bloque de Seguridad en Esmeraldas - 92.5 FOREVER Radio\",\"isPartOf\":{\"@id\":\"https:\\\/\\\/foreverfutbol.com.ec\\\/radio\\\/#website\"},\"primaryImageOfPage\":{\"@id\":\"https:\\\/\\\/foreverfutbol.com.ec\\\/radio\\\/seguridad\\\/tres-detenidos-durante-operativo-del-bloque-de-seguridad-en-esmeraldas\\\/#primaryimage\"},\"image\":{\"@id\":\"https:\\\/\\\/foreverfutbol.com.ec\\\/radio\\\/seguridad\\\/tres-detenidos-durante-operativo-del-bloque-de-seguridad-en-esmeraldas\\\/#primaryimage\"},\"thumbnailUrl\":\"https:\\\/\\\/foreverfutbol.com.ec\\\/radio\\\/wp-content\\\/uploads\\\/2026\\\/09\\\/J7AL5VPIKBH5FDWSRWP2O23JT4-1-1.webp\",\"datePublished\":\"2026-09-03T20:36:09+00:00\",\"dateModified\":\"2026-09-03T20:36:10+00:00\",\"description\":\"Tres personas fueron detenidas durante un operativo del Bloque de Seguridad en El Coral y 50 Casas, en Esmeraldas. Tambi\u00e9n se recuper\u00f3\",\"breadcrumb\":{\"@id\":\"https:\\\/\\\/foreverfutbol.com.ec\\\/radio\\\/seguridad\\\/tres-detenidos-durante-operativo-del-bloque-de-seguridad-en-esmeraldas\\\/#breadcrumb\"},\"inLanguage\":\"es\",\"potentialAction\":[{\"@type\":\"ReadAction\",\"target\":[\"https:\\\/\\\/foreverfutbol.com.ec\\\/radio\\\/seguridad\\\/tres-detenidos-durante-operativo-del-bloque-de-seguridad-en-esmeraldas\\\/\"]}]},{\"@type\":\"ImageObject\",\"inLanguage\":\"es\",\"@id\":\"https:\\\/\\\/foreverfutbol.com.ec\\\/radio\\\/seguridad\\\/tres-detenidos-durante-operativo-del-bloque-de-seguridad-en-esmeraldas\\\/#primaryimage\",\"url\":\"https:\\\/\\\/foreverfutbol.com.ec\\\/radio\\\/wp-content\\\/uploads\\\/2026\\\/09\\\/J7AL5VPIKBH5FDWSRWP2O23JT4-1-1.webp\",\"contentUrl\":\"https:\\\/\\\/foreverfutbol.com.ec\\\/radio\\\/wp-content\\\/uploads\\\/2026\\\/09\\\/J7AL5VPIKBH5FDWSRWP2O23JT4-1-1.webp\",\"width\":892,\"height\":670},{\"@type\":\"BreadcrumbList\",\"@id\":\"https:\\\/\\\/foreverfutbol.com.ec\\\/radio\\\/seguridad\\\/tres-detenidos-durante-operativo-del-bloque-de-seguridad-en-esmeraldas\\\/#breadcrumb\",\"itemListElement\":[{\"@type\":\"ListItem\",\"position\":1,\"name\":\"Portada\",\"item\":\"https:\\\/\\\/foreverfutbol.com.ec\\\/radio\\\/\"},{\"@type\":\"ListItem\",\"position\":2,\"name\":\"Tres detenidos durante operativo del Bloque de Seguridad en Esmeraldas\"}]},{\"@type\":\"WebSite\",\"@id\":\"https:\\\/\\\/foreverfutbol.com.ec\\\/radio\\\/#website\",\"url\":\"https:\\\/\\\/foreverfutbol.com.ec\\\/radio\\\/\",\"name\":\"92.5 FOREVER Radio\",\"description\":\"\",\"publisher\":{\"@id\":\"https:\\\/\\\/foreverfutbol.com.ec\\\/radio\\\/#organization\"},\"potentialAction\":[{\"@type\":\"SearchAction\",\"target\":{\"@type\":\"EntryPoint\",\"urlTemplate\":\"https:\\\/\\\/foreverfutbol.com.ec\\\/radio\\\/?s={search_term_string}\"},\"query-input\":{\"@type\":\"PropertyValueSpecification\",\"valueRequired\":true,\"valueName\":\"search_term_string\"}}],\"inLanguage\":\"es\"},{\"@type\":\"Organization\",\"@id\":\"https:\\\/\\\/foreverfutbol.com.ec\\\/radio\\\/#organization\",\"name\":\"92.5 FOREVER Radio\",\"url\":\"https:\\\/\\\/foreverfutbol.com.ec\\\/radio\\\/\",\"logo\":{\"@type\":\"ImageObject\",\"inLanguage\":\"es\",\"@id\":\"https:\\\/\\\/foreverfutbol.com.ec\\\/radio\\\/#\\\/schema\\\/logo\\\/image\\\/\",\"url\":\"https:\\\/\\\/foreverfutbol.com.ec\\\/radio\\\/wp-content\\\/uploads\\\/2024\\\/01\\\/cropped-logo-forever.png\",\"contentUrl\":\"https:\\\/\\\/foreverfutbol.com.ec\\\/radio\\\/wp-content\\\/uploads\\\/2024\\\/01\\\/cropped-logo-forever.png\",\"width\":180,\"height\":154,\"caption\":\"92.5 FOREVER Radio\"},\"image\":{\"@id\":\"https:\\\/\\\/foreverfutbol.com.ec\\\/radio\\\/#\\\/schema\\\/logo\\\/image\\\/\"},\"sameAs\":[\"https:\\\/\\\/www.facebook.com\\\/profile.php?id=100063550693491\",\"https:\\\/\\\/x.com\\\/925forever\",\"https:\\\/\\\/www.instagram.com\\\/radioforever925\\\/\"]},{\"@type\":\"Person\",\"@id\":\"https:\\\/\\\/foreverfutbol.com.ec\\\/radio\\\/#\\\/schema\\\/person\\\/2f679dd16f889ac00df6e7b648062a01\",\"name\":\"Ricardo Rodriguez\",\"image\":{\"@type\":\"ImageObject\",\"inLanguage\":\"es\",\"@id\":\"https:\\\/\\\/secure.gravatar.com\\\/avatar\\\/5d9dfb95700bd0c503ed088d29de94822b5cc66a74cb0362774e6fc534823d07?s=96&d=mm&r=g\",\"url\":\"https:\\\/\\\/secure.gravatar.com\\\/avatar\\\/5d9dfb95700bd0c503ed088d29de94822b5cc66a74cb0362774e6fc534823d07?s=96&d=mm&r=g\",\"contentUrl\":\"https:\\\/\\\/secure.gravatar.com\\\/avatar\\\/5d9dfb95700bd0c503ed088d29de94822b5cc66a74cb0362774e6fc534823d07?s=96&d=mm&r=g\",\"caption\":\"Ricardo Rodriguez\"},\"sameAs\":[\"https:\\\/\\\/foreverfutbol.com.ec\\\/radio\"],\"url\":\"https:\\\/\\\/foreverfutbol.com.ec\\\/radio\\\/author\\\/superdmin\\\/\"}]}<\/script>\n<!-- \/ Yoast SEO plugin. -->","yoast_head_json":{"title":"Tres detenidos durante operativo del Bloque de Seguridad en Esmeraldas - 92.5 FOREVER Radio","description":"Tres personas fueron detenidas durante un operativo del Bloque de Seguridad en El Coral y 50 Casas, en Esmeraldas. Tambi\u00e9n se recuper\u00f3","robots":{"index":"index","follow":"follow","max-snippet":"max-snippet:-1","max-image-preview":"max-image-preview:large","max-video-preview":"max-video-preview:-1"},"canonical":"https:\/\/foreverfutbol.com.ec\/radio\/seguridad\/tres-detenidos-durante-operativo-del-bloque-de-seguridad-en-esmeraldas\/","og_locale":"es_ES","og_type":"article","og_title":"Tres detenidos durante operativo del Bloque de Seguridad en Esmeraldas - 92.5 FOREVER Radio","og_description":"Tres personas fueron detenidas durante un operativo del Bloque de Seguridad en El Coral y 50 Casas, en Esmeraldas. Tambi\u00e9n se recuper\u00f3","og_url":"https:\/\/foreverfutbol.com.ec\/radio\/seguridad\/tres-detenidos-durante-operativo-del-bloque-de-seguridad-en-esmeraldas\/","og_site_name":"92.5 FOREVER Radio","article_publisher":"https:\/\/www.facebook.com\/profile.php?id=100063550693491","article_published_time":"2026-09-03T20:36:09+00:00","article_modified_time":"2026-09-03T20:36:10+00:00","og_image":[{"width":892,"height":670,"url":"https:\/\/foreverfutbol.com.ec\/radio\/wp-content\/uploads\/2026\/09\/J7AL5VPIKBH5FDWSRWP2O23JT4-1-1.webp","type":"image\/webp"}],"author":"Ricardo Rodriguez","twitter_card":"summary_large_image","twitter_creator":"@925forever","twitter_site":"@925forever","twitter_misc":{"Escrito por":"Ricardo Rodriguez","Tiempo de lectura":"2 minutos"},"schema":{"@context":"https:\/\/schema.org","@graph":[{"@type":"Article","@id":"https:\/\/foreverfutbol.com.ec\/radio\/seguridad\/tres-detenidos-durante-operativo-del-bloque-de-seguridad-en-esmeraldas\/#article","isPartOf":{"@id":"https:\/\/foreverfutbol.com.ec\/radio\/seguridad\/tres-detenidos-durante-operativo-del-bloque-de-seguridad-en-esmeraldas\/"},"author":{"name":"Ricardo Rodriguez","@id":"https:\/\/foreverfutbol.com.ec\/radio\/#\/schema\/person\/2f679dd16f889ac00df6e7b648062a01"},"headline":"Tres detenidos durante operativo del Bloque de Seguridad en Esmeraldas","datePublished":"2026-09-03T20:36:09+00:00","dateModified":"2026-09-03T20:36:10+00:00","mainEntityOfPage":{"@id":"https:\/\/foreverfutbol.com.ec\/radio\/seguridad\/tres-detenidos-durante-operativo-del-bloque-de-seguridad-en-esmeraldas\/"},"wordCount":355,"commentCount":0,"publisher":{"@id":"https:\/\/foreverfutbol.com.ec\/radio\/#organization"},"image":{"@id":"https:\/\/foreverfutbol.com.ec\/radio\/seguridad\/tres-detenidos-durante-operativo-del-bloque-de-seguridad-en-esmeraldas\/#primaryimage"},"thumbnailUrl":"https:\/\/foreverfutbol.com.ec\/radio\/wp-content\/uploads\/2026\/09\/J7AL5VPIKBH5FDWSRWP2O23JT4-1-1.webp","articleSection":["Seguridad"],"inLanguage":"es","potentialAction":[{"@type":"CommentAction","name":"Comment","target":["https:\/\/foreverfutbol.com.ec\/radio\/seguridad\/tres-detenidos-durante-operativo-del-bloque-de-seguridad-en-esmeraldas\/#respond"]}]},{"@type":"WebPage","@id":"https:\/\/foreverfutbol.com.ec\/radio\/seguridad\/tres-detenidos-durante-operativo-del-bloque-de-seguridad-en-esmeraldas\/","url":"https:\/\/foreverfutbol.com.ec\/radio\/seguridad\/tres-detenidos-durante-operativo-del-bloque-de-seguridad-en-esmeraldas\/","name":"Tres detenidos durante operativo del Bloque de Seguridad en Esmeraldas - 92.5 FOREVER Radio","isPartOf":{"@id":"https:\/\/foreverfutbol.com.ec\/radio\/#website"},"primaryImageOfPage":{"@id":"https:\/\/foreverfutbol.com.ec\/radio\/seguridad\/tres-detenidos-durante-operativo-del-bloque-de-seguridad-en-esmeraldas\/#primaryimage"},"image":{"@id":"https:\/\/foreverfutbol.com.ec\/radio\/seguridad\/tres-detenidos-durante-operativo-del-bloque-de-seguridad-en-esmeraldas\/#primaryimage"},"thumbnailUrl":"https:\/\/foreverfutbol.com.ec\/radio\/wp-content\/uploads\/2026\/09\/J7AL5VPIKBH5FDWSRWP2O23JT4-1-1.webp","datePublished":"2026-09-03T20:36:09+00:00","dateModified":"2026-09-03T20:36:10+00:00","description":"Tres personas fueron detenidas durante un operativo del Bloque de Seguridad en El Coral y 50 Casas, en Esmeraldas. Tambi\u00e9n se recuper\u00f3","breadcrumb":{"@id":"https:\/\/foreverfutbol.com.ec\/radio\/seguridad\/tres-detenidos-durante-operativo-del-bloque-de-seguridad-en-esmeraldas\/#breadcrumb"},"inLanguage":"es","potentialAction":[{"@type":"ReadAction","target":["https:\/\/foreverfutbol.com.ec\/radio\/seguridad\/tres-detenidos-durante-operativo-del-bloque-de-seguridad-en-esmeraldas\/"]}]},{"@type":"ImageObject","inLanguage":"es","@id":"https:\/\/foreverfutbol.com.ec\/radio\/seguridad\/tres-detenidos-durante-operativo-del-bloque-de-seguridad-en-esmeraldas\/#primaryimage","url":"https:\/\/foreverfutbol.com.ec\/radio\/wp-content\/uploads\/2026\/09\/J7AL5VPIKBH5FDWSRWP2O23JT4-1-1.webp","contentUrl":"https:\/\/foreverfutbol.com.ec\/radio\/wp-content\/uploads\/2026\/09\/J7AL5VPIKBH5FDWSRWP2O23JT4-1-1.webp","width":892,"height":670},{"@type":"BreadcrumbList","@id":"https:\/\/foreverfutbol.com.ec\/radio\/seguridad\/tres-detenidos-durante-operativo-del-bloque-de-seguridad-en-esmeraldas\/#breadcrumb","itemListElement":[{"@type":"ListItem","position":1,"name":"Portada","item":"https:\/\/foreverfutbol.com.ec\/radio\/"},{"@type":"ListItem","position":2,"name":"Tres detenidos durante operativo del Bloque de Seguridad en Esmeraldas"}]},{"@type":"WebSite","@id":"https:\/\/foreverfutbol.com.ec\/radio\/#website","url":"https:\/\/foreverfutbol.com.ec\/radio\/","name":"92.5 FOREVER Radio","description":"","publisher":{"@id":"https:\/\/foreverfutbol.com.ec\/radio\/#organization"},"potentialAction":[{"@type":"SearchAction","target":{"@type":"EntryPoint","urlTemplate":"https:\/\/foreverfutbol.com.ec\/radio\/?s={search_term_string}"},"query-input":{"@type":"PropertyValueSpecification","valueRequired":true,"valueName":"search_term_string"}}],"inLanguage":"es"},{"@type":"Organization","@id":"https:\/\/foreverfutbol.com.ec\/radio\/#organization","name":"92.5 FOREVER Radio","url":"https:\/\/foreverfutbol.com.ec\/radio\/","logo":{"@type":"ImageObject","inLanguage":"es","@id":"https:\/\/foreverfutbol.com.ec\/radio\/#\/schema\/logo\/image\/","url":"https:\/\/foreverfutbol.com.ec\/radio\/wp-content\/uploads\/2024\/01\/cropped-logo-forever.png","contentUrl":"https:\/\/foreverfutbol.com.ec\/radio\/wp-content\/uploads\/2024\/01\/cropped-logo-forever.png","width":180,"height":154,"caption":"92.5 FOREVER Radio"},"image":{"@id":"https:\/\/foreverfutbol.com.ec\/radio\/#\/schema\/logo\/image\/"},"sameAs":["https:\/\/www.facebook.com\/profile.php?id=100063550693491","https:\/\/x.com\/925forever","https:\/\/www.instagram.com\/radioforever925\/"]},{"@type":"Person","@id":"https:\/\/foreverfutbol.com.ec\/radio\/#\/schema\/person\/2f679dd16f889ac00df6e7b648062a01","name":"Ricardo Rodriguez","image":{"@type":"ImageObject","inLanguage":"es","@id":"https:\/\/secure.gravatar.com\/avatar\/5d9dfb95700bd0c503ed088d29de94822b5cc66a74cb0362774e6fc534823d07?s=96&d=mm&r=g","url":"https:\/\/secure.gravatar.com\/avatar\/5d9dfb95700bd0c503ed088d29de94822b5cc66a74cb0362774e6fc534823d07?s=96&d=mm&r=g","contentUrl":"https:\/\/secure.gravatar.com\/avatar\/5d9dfb95700bd0c503ed088d29de94822b5cc66a74cb0362774e6fc534823d07?s=96&d=mm&r=g","caption":"Ricardo Rodriguez"},"sameAs":["https:\/\/foreverfutbol.com.ec\/radio"],"url":"https:\/\/foreverfutbol.com.ec\/radio\/author\/superdmin\/"}]}},"_links":{"self":[{"href":"https:\/\/foreverfutbol.com.ec\/radio\/wp-json\/wp\/v2\/posts\/31869","targetHints":{"allow":["GET"]}}],"collection":[{"href":"https:\/\/foreverfutbol.com.ec\/radio\/wp-json\/wp\/v2\/posts"}],"about":[{"href":"https:\/\/foreverfutbol.com.ec\/radio\/wp-json\/wp\/v2\/types\/post"}],"author":[{"embeddable":true,"href":"https:\/\/foreverfutbol.com.ec\/radio\/wp-json\/wp\/v2\/users\/1"}],"replies":[{"embeddable":true,"href":"https:\/\/foreverfutbol.com.ec\/radio\/wp-json\/wp\/v2\/comments?post=31869"}],"version-history":[{"count":1,"href":"https:\/\/foreverfutbol.com.ec\/radio\/wp-json\/wp\/v2\/posts\/31869\/revisions"}],"predecessor-version":[{"id":31871,"href":"https:\/\/foreverfutbol.com.ec\/radio\/wp-json\/wp\/v2\/posts\/31869\/revisions\/31871"}],"wp:featuredmedia":[{"embeddable":true,"href":"https:\/\/foreverfutbol.com.ec\/radio\/wp-json\/wp\/v2\/media\/31870"}],"wp:attachment":[{"href":"https:\/\/foreverfutbol.com.ec\/radio\/wp-json\/wp\/v2\/media?parent=31869"}],"wp:term":[{"taxonomy":"category","embeddable":true,"href":"https:\/\/foreverfutbol.com.ec\/radio\/wp-json\/wp\/v2\/categories?post=31869"},{"taxonomy":"post_tag","embeddable":true,"href":"https:\/\/foreverfutbol.com.ec\/radio\/wp-json\/wp\/v2\/tags?post=31869"}],"curies":[{"name":"wp","href":"https:\/\/api.w.org\/{rel}","templated":true}]}}