{"id":31866,"date":"2026-09-03T15:27:37","date_gmt":"2026-09-03T20:27:37","guid":{"rendered":"https:\/\/foreverfutbol.com.ec\/radio\/?p=31866"},"modified":"2026-09-03T15:27:38","modified_gmt":"2026-09-03T20:27:38","slug":"que-llevo-a-una-ecuatoriana-a-atacar-con-un-cuchillo-en-times-square-su-familia-busca-respuestas","status":"publish","type":"post","link":"https:\/\/foreverfutbol.com.ec\/radio\/sucesos\/que-llevo-a-una-ecuatoriana-a-atacar-con-un-cuchillo-en-times-square-su-familia-busca-respuestas\/","title":{"rendered":"\u00bfQu\u00e9 llev\u00f3 a una ecuatoriana a atacar con un cuchillo en Times Square? Su familia busca respuestas"},"content":{"rendered":"\n<p class=\"wp-block-paragraph\">La muerte de <strong>Pamela Cisneros<\/strong>, una ecuatoriana de 49 a\u00f1os, tras un incidente violento en <strong>Times Square, Nueva York<\/strong>, mantiene consternados a sus familiares y ha abierto interrogantes sobre las circunstancias que precedieron al ataque.<\/p>\n\n\n\n<h2 class=\"wp-block-heading\"><strong>Ecuatoriana atac\u00f3 con cuchillos en Times Square<\/strong><\/h2>\n\n\n\n<p class=\"wp-block-paragraph\">Seg\u00fan las autoridades, Cisneros habr\u00eda atacado con un cuchillo a <strong>dos personas<\/strong> en Times Square. La primera v\u00edctima fue identificada como <strong>Tak Kam, de 68 a\u00f1os<\/strong>, mientras que posteriormente fue herida <strong>Erin Piacenti, de 32 a\u00f1os<\/strong>, quien muri\u00f3 en un hospital.<\/p>\n\n\n\n<p class=\"wp-block-paragraph\">Tras los apu\u00f1alamientos, agentes del <strong>NYPD<\/strong> intervinieron para detener a la mujer. La polic\u00eda se\u00f1al\u00f3 que llevaba dos cuchillos y que no habr\u00eda acatado las \u00f3rdenes para soltarlos.<\/p>\n\n\n\n<p class=\"wp-block-paragraph\">Los agentes utilizaron primero <strong>pistolas el\u00e9ctricas<\/strong>, pero Cisneros continu\u00f3 aproxim\u00e1ndose. Ante esta situaci\u00f3n, dos polic\u00edas dispararon y la mujer result\u00f3 gravemente herida. Posteriormente fue trasladada a un hospital, donde muri\u00f3.<\/p>\n\n\n\n<h2 class=\"wp-block-heading\"><strong>Familia de Pamela Cisneros busca respuestas<\/strong><\/h2>\n\n\n\n<p class=\"wp-block-paragraph\">La familia de la ecuatoriana intenta comprender qu\u00e9 pudo desencadenar el comportamiento que termin\u00f3 en el ataque. Su madre, <strong>Mar\u00eda Cisneros<\/strong>, cont\u00f3 que hab\u00eda visto recientemente a su hija y que no hab\u00eda observado se\u00f1ales que hicieran prever lo ocurrido.<\/p>\n\n\n\n<p class=\"wp-block-paragraph\">El hermano de Pamela, <strong>Patrick Peralta<\/strong>, explic\u00f3 que la mujer hab\u00eda enfrentado <strong>problemas de salud mental durante aproximadamente 12 a\u00f1os<\/strong>. Seg\u00fan su familia, inicialmente tuvo depresi\u00f3n posparto y posteriormente fue diagnosticada con trastorno bipolar.<\/p>\n\n\n\n<p class=\"wp-block-paragraph\">Cisneros recib\u00eda tratamiento psiqui\u00e1trico, incluidas <strong>inyecciones mensuales<\/strong>, de acuerdo con el testimonio familiar.<\/p>\n\n\n\n<h2 class=\"wp-block-heading\"><strong>Antecedentes de la ecuatoriana<\/strong><\/h2>\n\n\n\n<p class=\"wp-block-paragraph\">Los familiares tambi\u00e9n recordaron episodios anteriores que ahora forman parte de la investigaci\u00f3n. Seg\u00fan Peralta, en <strong>2018 Cisneros protagoniz\u00f3 un incidente en el lobby de un hotel<\/strong> y en 2019 se lanz\u00f3 a las v\u00edas de un tren en un aparente intento de quitarse la vida.<\/p>\n\n\n\n<p class=\"wp-block-paragraph\">La mujer ten\u00eda <strong>tres hijos<\/strong>, estaba separada de su esposo, hab\u00eda estudiado psicolog\u00eda y trabajaba para un bufete de abogados en Nueva York.<\/p>\n\n\n\n<p class=\"wp-block-paragraph\">Para sus familiares, estos antecedentes no permiten explicar por s\u00ed solos lo ocurrido en Times Square. La investigaci\u00f3n deber\u00e1 establecer qu\u00e9 sucedi\u00f3 antes de los apu\u00f1alamientos y cu\u00e1les fueron las circunstancias que llevaron al enfrentamiento con los agentes.<\/p>\n\n\n\n<p class=\"wp-block-paragraph\"><\/p>\n","protected":false},"excerpt":{"rendered":"<p>La muerte de Pamela Cisneros, una ecuatoriana de 49 a\u00f1os, tras un incidente violento en Times Square, Nueva York, mantiene consternados a sus familiares y ha abierto interrogantes sobre las circunstancias que precedieron al ataque. Ecuatoriana atac\u00f3 con cuchillos en Times Square Seg\u00fan las autoridades, Cisneros habr\u00eda atacado con un cuchillo a dos personas en [&hellip;]<\/p>\n","protected":false},"author":1,"featured_media":31867,"comment_status":"open","ping_status":"open","sticky":false,"template":"","format":"standard","meta":{"footnotes":""},"categories":[54,51],"tags":[],"class_list":["post-31866","post","type-post","status-publish","format-standard","has-post-thumbnail","hentry","category-internacional","category-sucesos"],"yoast_head":"<!-- This site is optimized with the Yoast SEO plugin v28.3 - https:\/\/yoast.com\/product\/yoast-seo-wordpress\/ -->\n<title>\u00bfQu\u00e9 llev\u00f3 a una ecuatoriana a atacar con un cuchillo en Times Square? Su familia busca respuestas - 92.5 FOREVER Radio<\/title>\n<meta name=\"description\" content=\"Pamela Cisneros, ecuatoriana de 49 a\u00f1os, muri\u00f3 tras un ataque con cuchillos en Times Square. Su familia busca respuestas sobre lo ocurrido.\" \/>\n<meta name=\"robots\" content=\"index, follow, max-snippet:-1, max-image-preview:large, max-video-preview:-1\" \/>\n<link rel=\"canonical\" href=\"https:\/\/foreverfutbol.com.ec\/radio\/sucesos\/que-llevo-a-una-ecuatoriana-a-atacar-con-un-cuchillo-en-times-square-su-familia-busca-respuestas\/\" \/>\n<meta property=\"og:locale\" content=\"es_ES\" \/>\n<meta property=\"og:type\" content=\"article\" \/>\n<meta property=\"og:title\" content=\"\u00bfQu\u00e9 llev\u00f3 a una ecuatoriana a atacar con un cuchillo en Times Square? Su familia busca respuestas - 92.5 FOREVER Radio\" \/>\n<meta property=\"og:description\" content=\"Pamela Cisneros, ecuatoriana de 49 a\u00f1os, muri\u00f3 tras un ataque con cuchillos en Times Square. Su familia busca respuestas sobre lo ocurrido.\" \/>\n<meta property=\"og:url\" content=\"https:\/\/foreverfutbol.com.ec\/radio\/sucesos\/que-llevo-a-una-ecuatoriana-a-atacar-con-un-cuchillo-en-times-square-su-familia-busca-respuestas\/\" \/>\n<meta property=\"og:site_name\" content=\"92.5 FOREVER Radio\" \/>\n<meta property=\"article:publisher\" content=\"https:\/\/www.facebook.com\/profile.php?id=100063550693491\" \/>\n<meta property=\"article:published_time\" content=\"2026-09-03T20:27:37+00:00\" \/>\n<meta property=\"article:modified_time\" content=\"2026-09-03T20:27:38+00:00\" \/>\n<meta property=\"og:image\" content=\"https:\/\/foreverfutbol.com.ec\/radio\/wp-content\/uploads\/2026\/09\/image-17.webp\" \/>\n\t<meta property=\"og:image:width\" content=\"705\" \/>\n\t<meta property=\"og:image:height\" content=\"500\" \/>\n\t<meta property=\"og:image:type\" content=\"image\/webp\" \/>\n<meta name=\"author\" content=\"Ricardo Rodriguez\" \/>\n<meta name=\"twitter:card\" content=\"summary_large_image\" \/>\n<meta name=\"twitter:creator\" content=\"@925forever\" \/>\n<meta name=\"twitter:site\" content=\"@925forever\" \/>\n<meta name=\"twitter:label1\" content=\"Escrito por\" \/>\n\t<meta name=\"twitter:data1\" content=\"Ricardo Rodriguez\" \/>\n\t<meta name=\"twitter:label2\" content=\"Tiempo de lectura\" \/>\n\t<meta name=\"twitter:data2\" content=\"2 minutos\" \/>\n<script type=\"application\/ld+json\" class=\"yoast-schema-graph\">{\"@context\":\"https:\\\/\\\/schema.org\",\"@graph\":[{\"@type\":\"Article\",\"@id\":\"https:\\\/\\\/foreverfutbol.com.ec\\\/radio\\\/sucesos\\\/que-llevo-a-una-ecuatoriana-a-atacar-con-un-cuchillo-en-times-square-su-familia-busca-respuestas\\\/#article\",\"isPartOf\":{\"@id\":\"https:\\\/\\\/foreverfutbol.com.ec\\\/radio\\\/sucesos\\\/que-llevo-a-una-ecuatoriana-a-atacar-con-un-cuchillo-en-times-square-su-familia-busca-respuestas\\\/\"},\"author\":{\"name\":\"Ricardo Rodriguez\",\"@id\":\"https:\\\/\\\/foreverfutbol.com.ec\\\/radio\\\/#\\\/schema\\\/person\\\/2f679dd16f889ac00df6e7b648062a01\"},\"headline\":\"\u00bfQu\u00e9 llev\u00f3 a una ecuatoriana a atacar con un cuchillo en Times Square? Su familia busca respuestas\",\"datePublished\":\"2026-09-03T20:27:37+00:00\",\"dateModified\":\"2026-09-03T20:27:38+00:00\",\"mainEntityOfPage\":{\"@id\":\"https:\\\/\\\/foreverfutbol.com.ec\\\/radio\\\/sucesos\\\/que-llevo-a-una-ecuatoriana-a-atacar-con-un-cuchillo-en-times-square-su-familia-busca-respuestas\\\/\"},\"wordCount\":390,\"commentCount\":0,\"publisher\":{\"@id\":\"https:\\\/\\\/foreverfutbol.com.ec\\\/radio\\\/#organization\"},\"image\":{\"@id\":\"https:\\\/\\\/foreverfutbol.com.ec\\\/radio\\\/sucesos\\\/que-llevo-a-una-ecuatoriana-a-atacar-con-un-cuchillo-en-times-square-su-familia-busca-respuestas\\\/#primaryimage\"},\"thumbnailUrl\":\"https:\\\/\\\/foreverfutbol.com.ec\\\/radio\\\/wp-content\\\/uploads\\\/2026\\\/09\\\/image-17.webp\",\"articleSection\":[\"Internacional\",\"Sucesos\"],\"inLanguage\":\"es\",\"potentialAction\":[{\"@type\":\"CommentAction\",\"name\":\"Comment\",\"target\":[\"https:\\\/\\\/foreverfutbol.com.ec\\\/radio\\\/sucesos\\\/que-llevo-a-una-ecuatoriana-a-atacar-con-un-cuchillo-en-times-square-su-familia-busca-respuestas\\\/#respond\"]}]},{\"@type\":\"WebPage\",\"@id\":\"https:\\\/\\\/foreverfutbol.com.ec\\\/radio\\\/sucesos\\\/que-llevo-a-una-ecuatoriana-a-atacar-con-un-cuchillo-en-times-square-su-familia-busca-respuestas\\\/\",\"url\":\"https:\\\/\\\/foreverfutbol.com.ec\\\/radio\\\/sucesos\\\/que-llevo-a-una-ecuatoriana-a-atacar-con-un-cuchillo-en-times-square-su-familia-busca-respuestas\\\/\",\"name\":\"\u00bfQu\u00e9 llev\u00f3 a una ecuatoriana a atacar con un cuchillo en Times Square? Su familia busca respuestas - 92.5 FOREVER Radio\",\"isPartOf\":{\"@id\":\"https:\\\/\\\/foreverfutbol.com.ec\\\/radio\\\/#website\"},\"primaryImageOfPage\":{\"@id\":\"https:\\\/\\\/foreverfutbol.com.ec\\\/radio\\\/sucesos\\\/que-llevo-a-una-ecuatoriana-a-atacar-con-un-cuchillo-en-times-square-su-familia-busca-respuestas\\\/#primaryimage\"},\"image\":{\"@id\":\"https:\\\/\\\/foreverfutbol.com.ec\\\/radio\\\/sucesos\\\/que-llevo-a-una-ecuatoriana-a-atacar-con-un-cuchillo-en-times-square-su-familia-busca-respuestas\\\/#primaryimage\"},\"thumbnailUrl\":\"https:\\\/\\\/foreverfutbol.com.ec\\\/radio\\\/wp-content\\\/uploads\\\/2026\\\/09\\\/image-17.webp\",\"datePublished\":\"2026-09-03T20:27:37+00:00\",\"dateModified\":\"2026-09-03T20:27:38+00:00\",\"description\":\"Pamela Cisneros, ecuatoriana de 49 a\u00f1os, muri\u00f3 tras un ataque con cuchillos en Times Square. Su familia busca respuestas sobre lo ocurrido.\",\"breadcrumb\":{\"@id\":\"https:\\\/\\\/foreverfutbol.com.ec\\\/radio\\\/sucesos\\\/que-llevo-a-una-ecuatoriana-a-atacar-con-un-cuchillo-en-times-square-su-familia-busca-respuestas\\\/#breadcrumb\"},\"inLanguage\":\"es\",\"potentialAction\":[{\"@type\":\"ReadAction\",\"target\":[\"https:\\\/\\\/foreverfutbol.com.ec\\\/radio\\\/sucesos\\\/que-llevo-a-una-ecuatoriana-a-atacar-con-un-cuchillo-en-times-square-su-familia-busca-respuestas\\\/\"]}]},{\"@type\":\"ImageObject\",\"inLanguage\":\"es\",\"@id\":\"https:\\\/\\\/foreverfutbol.com.ec\\\/radio\\\/sucesos\\\/que-llevo-a-una-ecuatoriana-a-atacar-con-un-cuchillo-en-times-square-su-familia-busca-respuestas\\\/#primaryimage\",\"url\":\"https:\\\/\\\/foreverfutbol.com.ec\\\/radio\\\/wp-content\\\/uploads\\\/2026\\\/09\\\/image-17.webp\",\"contentUrl\":\"https:\\\/\\\/foreverfutbol.com.ec\\\/radio\\\/wp-content\\\/uploads\\\/2026\\\/09\\\/image-17.webp\",\"width\":705,\"height\":500},{\"@type\":\"BreadcrumbList\",\"@id\":\"https:\\\/\\\/foreverfutbol.com.ec\\\/radio\\\/sucesos\\\/que-llevo-a-una-ecuatoriana-a-atacar-con-un-cuchillo-en-times-square-su-familia-busca-respuestas\\\/#breadcrumb\",\"itemListElement\":[{\"@type\":\"ListItem\",\"position\":1,\"name\":\"Portada\",\"item\":\"https:\\\/\\\/foreverfutbol.com.ec\\\/radio\\\/\"},{\"@type\":\"ListItem\",\"position\":2,\"name\":\"\u00bfQu\u00e9 llev\u00f3 a una ecuatoriana a atacar con un cuchillo en Times Square? Su familia busca respuestas\"}]},{\"@type\":\"WebSite\",\"@id\":\"https:\\\/\\\/foreverfutbol.com.ec\\\/radio\\\/#website\",\"url\":\"https:\\\/\\\/foreverfutbol.com.ec\\\/radio\\\/\",\"name\":\"92.5 FOREVER Radio\",\"description\":\"\",\"publisher\":{\"@id\":\"https:\\\/\\\/foreverfutbol.com.ec\\\/radio\\\/#organization\"},\"potentialAction\":[{\"@type\":\"SearchAction\",\"target\":{\"@type\":\"EntryPoint\",\"urlTemplate\":\"https:\\\/\\\/foreverfutbol.com.ec\\\/radio\\\/?s={search_term_string}\"},\"query-input\":{\"@type\":\"PropertyValueSpecification\",\"valueRequired\":true,\"valueName\":\"search_term_string\"}}],\"inLanguage\":\"es\"},{\"@type\":\"Organization\",\"@id\":\"https:\\\/\\\/foreverfutbol.com.ec\\\/radio\\\/#organization\",\"name\":\"92.5 FOREVER Radio\",\"url\":\"https:\\\/\\\/foreverfutbol.com.ec\\\/radio\\\/\",\"logo\":{\"@type\":\"ImageObject\",\"inLanguage\":\"es\",\"@id\":\"https:\\\/\\\/foreverfutbol.com.ec\\\/radio\\\/#\\\/schema\\\/logo\\\/image\\\/\",\"url\":\"https:\\\/\\\/foreverfutbol.com.ec\\\/radio\\\/wp-content\\\/uploads\\\/2024\\\/01\\\/cropped-logo-forever.png\",\"contentUrl\":\"https:\\\/\\\/foreverfutbol.com.ec\\\/radio\\\/wp-content\\\/uploads\\\/2024\\\/01\\\/cropped-logo-forever.png\",\"width\":180,\"height\":154,\"caption\":\"92.5 FOREVER Radio\"},\"image\":{\"@id\":\"https:\\\/\\\/foreverfutbol.com.ec\\\/radio\\\/#\\\/schema\\\/logo\\\/image\\\/\"},\"sameAs\":[\"https:\\\/\\\/www.facebook.com\\\/profile.php?id=100063550693491\",\"https:\\\/\\\/x.com\\\/925forever\",\"https:\\\/\\\/www.instagram.com\\\/radioforever925\\\/\"]},{\"@type\":\"Person\",\"@id\":\"https:\\\/\\\/foreverfutbol.com.ec\\\/radio\\\/#\\\/schema\\\/person\\\/2f679dd16f889ac00df6e7b648062a01\",\"name\":\"Ricardo Rodriguez\",\"image\":{\"@type\":\"ImageObject\",\"inLanguage\":\"es\",\"@id\":\"https:\\\/\\\/secure.gravatar.com\\\/avatar\\\/5d9dfb95700bd0c503ed088d29de94822b5cc66a74cb0362774e6fc534823d07?s=96&d=mm&r=g\",\"url\":\"https:\\\/\\\/secure.gravatar.com\\\/avatar\\\/5d9dfb95700bd0c503ed088d29de94822b5cc66a74cb0362774e6fc534823d07?s=96&d=mm&r=g\",\"contentUrl\":\"https:\\\/\\\/secure.gravatar.com\\\/avatar\\\/5d9dfb95700bd0c503ed088d29de94822b5cc66a74cb0362774e6fc534823d07?s=96&d=mm&r=g\",\"caption\":\"Ricardo Rodriguez\"},\"sameAs\":[\"https:\\\/\\\/foreverfutbol.com.ec\\\/radio\"],\"url\":\"https:\\\/\\\/foreverfutbol.com.ec\\\/radio\\\/author\\\/superdmin\\\/\"}]}<\/script>\n<!-- \/ Yoast SEO plugin. -->","yoast_head_json":{"title":"\u00bfQu\u00e9 llev\u00f3 a una ecuatoriana a atacar con un cuchillo en Times Square? Su familia busca respuestas - 92.5 FOREVER Radio","description":"Pamela Cisneros, ecuatoriana de 49 a\u00f1os, muri\u00f3 tras un ataque con cuchillos en Times Square. Su familia busca respuestas sobre lo ocurrido.","robots":{"index":"index","follow":"follow","max-snippet":"max-snippet:-1","max-image-preview":"max-image-preview:large","max-video-preview":"max-video-preview:-1"},"canonical":"https:\/\/foreverfutbol.com.ec\/radio\/sucesos\/que-llevo-a-una-ecuatoriana-a-atacar-con-un-cuchillo-en-times-square-su-familia-busca-respuestas\/","og_locale":"es_ES","og_type":"article","og_title":"\u00bfQu\u00e9 llev\u00f3 a una ecuatoriana a atacar con un cuchillo en Times Square? Su familia busca respuestas - 92.5 FOREVER Radio","og_description":"Pamela Cisneros, ecuatoriana de 49 a\u00f1os, muri\u00f3 tras un ataque con cuchillos en Times Square. Su familia busca respuestas sobre lo ocurrido.","og_url":"https:\/\/foreverfutbol.com.ec\/radio\/sucesos\/que-llevo-a-una-ecuatoriana-a-atacar-con-un-cuchillo-en-times-square-su-familia-busca-respuestas\/","og_site_name":"92.5 FOREVER Radio","article_publisher":"https:\/\/www.facebook.com\/profile.php?id=100063550693491","article_published_time":"2026-09-03T20:27:37+00:00","article_modified_time":"2026-09-03T20:27:38+00:00","og_image":[{"width":705,"height":500,"url":"https:\/\/foreverfutbol.com.ec\/radio\/wp-content\/uploads\/2026\/09\/image-17.webp","type":"image\/webp"}],"author":"Ricardo Rodriguez","twitter_card":"summary_large_image","twitter_creator":"@925forever","twitter_site":"@925forever","twitter_misc":{"Escrito por":"Ricardo Rodriguez","Tiempo de lectura":"2 minutos"},"schema":{"@context":"https:\/\/schema.org","@graph":[{"@type":"Article","@id":"https:\/\/foreverfutbol.com.ec\/radio\/sucesos\/que-llevo-a-una-ecuatoriana-a-atacar-con-un-cuchillo-en-times-square-su-familia-busca-respuestas\/#article","isPartOf":{"@id":"https:\/\/foreverfutbol.com.ec\/radio\/sucesos\/que-llevo-a-una-ecuatoriana-a-atacar-con-un-cuchillo-en-times-square-su-familia-busca-respuestas\/"},"author":{"name":"Ricardo Rodriguez","@id":"https:\/\/foreverfutbol.com.ec\/radio\/#\/schema\/person\/2f679dd16f889ac00df6e7b648062a01"},"headline":"\u00bfQu\u00e9 llev\u00f3 a una ecuatoriana a atacar con un cuchillo en Times Square? Su familia busca respuestas","datePublished":"2026-09-03T20:27:37+00:00","dateModified":"2026-09-03T20:27:38+00:00","mainEntityOfPage":{"@id":"https:\/\/foreverfutbol.com.ec\/radio\/sucesos\/que-llevo-a-una-ecuatoriana-a-atacar-con-un-cuchillo-en-times-square-su-familia-busca-respuestas\/"},"wordCount":390,"commentCount":0,"publisher":{"@id":"https:\/\/foreverfutbol.com.ec\/radio\/#organization"},"image":{"@id":"https:\/\/foreverfutbol.com.ec\/radio\/sucesos\/que-llevo-a-una-ecuatoriana-a-atacar-con-un-cuchillo-en-times-square-su-familia-busca-respuestas\/#primaryimage"},"thumbnailUrl":"https:\/\/foreverfutbol.com.ec\/radio\/wp-content\/uploads\/2026\/09\/image-17.webp","articleSection":["Internacional","Sucesos"],"inLanguage":"es","potentialAction":[{"@type":"CommentAction","name":"Comment","target":["https:\/\/foreverfutbol.com.ec\/radio\/sucesos\/que-llevo-a-una-ecuatoriana-a-atacar-con-un-cuchillo-en-times-square-su-familia-busca-respuestas\/#respond"]}]},{"@type":"WebPage","@id":"https:\/\/foreverfutbol.com.ec\/radio\/sucesos\/que-llevo-a-una-ecuatoriana-a-atacar-con-un-cuchillo-en-times-square-su-familia-busca-respuestas\/","url":"https:\/\/foreverfutbol.com.ec\/radio\/sucesos\/que-llevo-a-una-ecuatoriana-a-atacar-con-un-cuchillo-en-times-square-su-familia-busca-respuestas\/","name":"\u00bfQu\u00e9 llev\u00f3 a una ecuatoriana a atacar con un cuchillo en Times Square? Su familia busca respuestas - 92.5 FOREVER Radio","isPartOf":{"@id":"https:\/\/foreverfutbol.com.ec\/radio\/#website"},"primaryImageOfPage":{"@id":"https:\/\/foreverfutbol.com.ec\/radio\/sucesos\/que-llevo-a-una-ecuatoriana-a-atacar-con-un-cuchillo-en-times-square-su-familia-busca-respuestas\/#primaryimage"},"image":{"@id":"https:\/\/foreverfutbol.com.ec\/radio\/sucesos\/que-llevo-a-una-ecuatoriana-a-atacar-con-un-cuchillo-en-times-square-su-familia-busca-respuestas\/#primaryimage"},"thumbnailUrl":"https:\/\/foreverfutbol.com.ec\/radio\/wp-content\/uploads\/2026\/09\/image-17.webp","datePublished":"2026-09-03T20:27:37+00:00","dateModified":"2026-09-03T20:27:38+00:00","description":"Pamela Cisneros, ecuatoriana de 49 a\u00f1os, muri\u00f3 tras un ataque con cuchillos en Times Square. Su familia busca respuestas sobre lo ocurrido.","breadcrumb":{"@id":"https:\/\/foreverfutbol.com.ec\/radio\/sucesos\/que-llevo-a-una-ecuatoriana-a-atacar-con-un-cuchillo-en-times-square-su-familia-busca-respuestas\/#breadcrumb"},"inLanguage":"es","potentialAction":[{"@type":"ReadAction","target":["https:\/\/foreverfutbol.com.ec\/radio\/sucesos\/que-llevo-a-una-ecuatoriana-a-atacar-con-un-cuchillo-en-times-square-su-familia-busca-respuestas\/"]}]},{"@type":"ImageObject","inLanguage":"es","@id":"https:\/\/foreverfutbol.com.ec\/radio\/sucesos\/que-llevo-a-una-ecuatoriana-a-atacar-con-un-cuchillo-en-times-square-su-familia-busca-respuestas\/#primaryimage","url":"https:\/\/foreverfutbol.com.ec\/radio\/wp-content\/uploads\/2026\/09\/image-17.webp","contentUrl":"https:\/\/foreverfutbol.com.ec\/radio\/wp-content\/uploads\/2026\/09\/image-17.webp","width":705,"height":500},{"@type":"BreadcrumbList","@id":"https:\/\/foreverfutbol.com.ec\/radio\/sucesos\/que-llevo-a-una-ecuatoriana-a-atacar-con-un-cuchillo-en-times-square-su-familia-busca-respuestas\/#breadcrumb","itemListElement":[{"@type":"ListItem","position":1,"name":"Portada","item":"https:\/\/foreverfutbol.com.ec\/radio\/"},{"@type":"ListItem","position":2,"name":"\u00bfQu\u00e9 llev\u00f3 a una ecuatoriana a atacar con un cuchillo en Times Square? Su familia busca respuestas"}]},{"@type":"WebSite","@id":"https:\/\/foreverfutbol.com.ec\/radio\/#website","url":"https:\/\/foreverfutbol.com.ec\/radio\/","name":"92.5 FOREVER Radio","description":"","publisher":{"@id":"https:\/\/foreverfutbol.com.ec\/radio\/#organization"},"potentialAction":[{"@type":"SearchAction","target":{"@type":"EntryPoint","urlTemplate":"https:\/\/foreverfutbol.com.ec\/radio\/?s={search_term_string}"},"query-input":{"@type":"PropertyValueSpecification","valueRequired":true,"valueName":"search_term_string"}}],"inLanguage":"es"},{"@type":"Organization","@id":"https:\/\/foreverfutbol.com.ec\/radio\/#organization","name":"92.5 FOREVER Radio","url":"https:\/\/foreverfutbol.com.ec\/radio\/","logo":{"@type":"ImageObject","inLanguage":"es","@id":"https:\/\/foreverfutbol.com.ec\/radio\/#\/schema\/logo\/image\/","url":"https:\/\/foreverfutbol.com.ec\/radio\/wp-content\/uploads\/2024\/01\/cropped-logo-forever.png","contentUrl":"https:\/\/foreverfutbol.com.ec\/radio\/wp-content\/uploads\/2024\/01\/cropped-logo-forever.png","width":180,"height":154,"caption":"92.5 FOREVER Radio"},"image":{"@id":"https:\/\/foreverfutbol.com.ec\/radio\/#\/schema\/logo\/image\/"},"sameAs":["https:\/\/www.facebook.com\/profile.php?id=100063550693491","https:\/\/x.com\/925forever","https:\/\/www.instagram.com\/radioforever925\/"]},{"@type":"Person","@id":"https:\/\/foreverfutbol.com.ec\/radio\/#\/schema\/person\/2f679dd16f889ac00df6e7b648062a01","name":"Ricardo Rodriguez","image":{"@type":"ImageObject","inLanguage":"es","@id":"https:\/\/secure.gravatar.com\/avatar\/5d9dfb95700bd0c503ed088d29de94822b5cc66a74cb0362774e6fc534823d07?s=96&d=mm&r=g","url":"https:\/\/secure.gravatar.com\/avatar\/5d9dfb95700bd0c503ed088d29de94822b5cc66a74cb0362774e6fc534823d07?s=96&d=mm&r=g","contentUrl":"https:\/\/secure.gravatar.com\/avatar\/5d9dfb95700bd0c503ed088d29de94822b5cc66a74cb0362774e6fc534823d07?s=96&d=mm&r=g","caption":"Ricardo Rodriguez"},"sameAs":["https:\/\/foreverfutbol.com.ec\/radio"],"url":"https:\/\/foreverfutbol.com.ec\/radio\/author\/superdmin\/"}]}},"_links":{"self":[{"href":"https:\/\/foreverfutbol.com.ec\/radio\/wp-json\/wp\/v2\/posts\/31866","targetHints":{"allow":["GET"]}}],"collection":[{"href":"https:\/\/foreverfutbol.com.ec\/radio\/wp-json\/wp\/v2\/posts"}],"about":[{"href":"https:\/\/foreverfutbol.com.ec\/radio\/wp-json\/wp\/v2\/types\/post"}],"author":[{"embeddable":true,"href":"https:\/\/foreverfutbol.com.ec\/radio\/wp-json\/wp\/v2\/users\/1"}],"replies":[{"embeddable":true,"href":"https:\/\/foreverfutbol.com.ec\/radio\/wp-json\/wp\/v2\/comments?post=31866"}],"version-history":[{"count":1,"href":"https:\/\/foreverfutbol.com.ec\/radio\/wp-json\/wp\/v2\/posts\/31866\/revisions"}],"predecessor-version":[{"id":31868,"href":"https:\/\/foreverfutbol.com.ec\/radio\/wp-json\/wp\/v2\/posts\/31866\/revisions\/31868"}],"wp:featuredmedia":[{"embeddable":true,"href":"https:\/\/foreverfutbol.com.ec\/radio\/wp-json\/wp\/v2\/media\/31867"}],"wp:attachment":[{"href":"https:\/\/foreverfutbol.com.ec\/radio\/wp-json\/wp\/v2\/media?parent=31866"}],"wp:term":[{"taxonomy":"category","embeddable":true,"href":"https:\/\/foreverfutbol.com.ec\/radio\/wp-json\/wp\/v2\/categories?post=31866"},{"taxonomy":"post_tag","embeddable":true,"href":"https:\/\/foreverfutbol.com.ec\/radio\/wp-json\/wp\/v2\/tags?post=31866"}],"curies":[{"name":"wp","href":"https:\/\/api.w.org\/{rel}","templated":true}]}}