{"id":31863,"date":"2026-09-03T15:21:17","date_gmt":"2026-09-03T20:21:17","guid":{"rendered":"https:\/\/foreverfutbol.com.ec\/radio\/?p=31863"},"modified":"2026-09-03T15:21:19","modified_gmt":"2026-09-03T20:21:19","slug":"clima-en-guayaquil-este-jueves-3-de-septiembre-de-2026-temperatura-y-pronostico","status":"publish","type":"post","link":"https:\/\/foreverfutbol.com.ec\/radio\/sucesos\/clima\/clima-en-guayaquil-este-jueves-3-de-septiembre-de-2026-temperatura-y-pronostico\/","title":{"rendered":"Clima en Guayaquil este jueves 3 de septiembre de 2026: temperatura y pron\u00f3stico"},"content":{"rendered":"\n<p class=\"wp-block-paragraph\"><strong>Guayaquil<\/strong> tendr\u00e1 este jueves 3 de septiembre de 2026 una jornada c\u00e1lida, con una <strong>temperatura m\u00e1xima de 32 \u00b0C y una m\u00ednima de 25 \u00b0C<\/strong>, seg\u00fan el pron\u00f3stico difundido por Segura EP con informaci\u00f3n del <strong>Inamhi<\/strong> y el <strong>Inocar<\/strong>.<\/p>\n\n\n\n<h2 class=\"wp-block-heading\">Pron\u00f3stico del tiempo en Guayaquil<\/h2>\n\n\n\n<p class=\"wp-block-paragraph\">Durante la <strong>ma\u00f1ana<\/strong>, el cielo permanecer\u00e1 mayormente nublado. La nubosidad continuar\u00e1 durante la tarde, manteniendo condiciones variables en distintos sectores de la ciudad.<\/p>\n\n\n\n<p class=\"wp-block-paragraph\">Para la <strong>noche<\/strong>, el pron\u00f3stico contempla cielo nublado y la posibilidad de <strong>lloviznas<\/strong>, por lo que podr\u00edan registrarse precipitaciones ligeras de manera localizada.<\/p>\n\n\n\n<p class=\"wp-block-paragraph\">La precipitaci\u00f3n acumulada estimada para este jueves ser\u00e1 de <strong>1,27 mil\u00edmetros<\/strong>, mientras que la velocidad del viento alcanzar\u00e1 aproximadamente <strong>2 metros por segundo<\/strong>.<\/p>\n\n\n\n<h2 class=\"wp-block-heading\">Temperatura y humedad en Guayaquil<\/h2>\n\n\n\n<p class=\"wp-block-paragraph\">La jornada comenzar\u00e1 con temperaturas cercanas a los <strong>25 \u00b0C<\/strong> y avanzar\u00e1 hasta alcanzar una m\u00e1xima de <strong>32 \u00b0C<\/strong>. A estas condiciones se sumar\u00e1 una <strong>humedad relativa de 84 %<\/strong>, factor que puede aumentar la sensaci\u00f3n de calor durante las horas m\u00e1s c\u00e1lidas.<\/p>\n\n\n\n<p class=\"wp-block-paragraph\">La combinaci\u00f3n de temperatura elevada y humedad puede generar un ambiente caluroso, especialmente durante los per\u00edodos de menor circulaci\u00f3n del viento.<\/p>\n\n\n\n<h2 class=\"wp-block-heading\">Radiaci\u00f3n UV alcanzar\u00e1 nivel alto<\/h2>\n\n\n\n<p class=\"wp-block-paragraph\">El \u00edndice de <strong>radiaci\u00f3n ultravioleta ser\u00e1 de 7<\/strong>, considerado alto. Aunque el cielo permanezca nublado, la exposici\u00f3n a la radiaci\u00f3n UV contin\u00faa siendo posible.<\/p>\n\n\n\n<p class=\"wp-block-paragraph\">Durante las horas de mayor radiaci\u00f3n ser\u00e1 importante utilizar protecci\u00f3n solar y reducir la exposici\u00f3n prolongada al sol, especialmente en actividades realizadas al aire libre.<\/p>\n\n\n\n<h2 class=\"wp-block-heading\">Mareas en el puerto de Guayaquil<\/h2>\n\n\n\n<p class=\"wp-block-paragraph\">El reporte tambi\u00e9n establece las condiciones de <strong>marea para el puerto de Guayaquil<\/strong>. La marea alta llegar\u00e1 a <strong>3,86 metros a las 10:29<\/strong>, mientras que posteriormente el nivel descender\u00e1 hasta una marea baja de <strong>0,40 metros a las 16:33<\/strong>.<\/p>\n\n\n\n<p class=\"wp-block-paragraph\">Estos horarios son de inter\u00e9s para quienes realizan actividades relacionadas con la navegaci\u00f3n, pesca y transporte mar\u00edtimo en el \u00e1rea portuaria.<\/p>\n\n\n\n<h2 class=\"wp-block-heading\">Datos principales del clima en Guayaquil<\/h2>\n\n\n\n<ul class=\"wp-block-list\">\n<li><strong>M\u00e1xima:<\/strong> 32 \u00b0C.<\/li>\n\n\n\n<li><strong>M\u00ednima:<\/strong> 25 \u00b0C.<\/li>\n\n\n\n<li><strong>Cielo:<\/strong> mayormente nublado.<\/li>\n\n\n\n<li><strong>Lluvias:<\/strong> posibles lloviznas durante la noche.<\/li>\n\n\n\n<li><strong>Precipitaci\u00f3n acumulada:<\/strong> 1,27 mm.<\/li>\n\n\n\n<li><strong>Viento:<\/strong> 2 m\/s.<\/li>\n\n\n\n<li><strong>Radiaci\u00f3n UV:<\/strong> 7, nivel alto.<\/li>\n\n\n\n<li><strong>Humedad:<\/strong> 84 %.<\/li>\n\n\n\n<li><strong>Marea alta:<\/strong> 3,86 metros a las 10:29.<\/li>\n\n\n\n<li><strong>Marea baja:<\/strong> 0,40 metros a las 16:33.<\/li>\n<\/ul>\n\n\n\n<p class=\"wp-block-paragraph\"><\/p>\n","protected":false},"excerpt":{"rendered":"<p>Guayaquil tendr\u00e1 este jueves 3 de septiembre de 2026 una jornada c\u00e1lida, con una temperatura m\u00e1xima de 32 \u00b0C y una m\u00ednima de 25 \u00b0C, seg\u00fan el pron\u00f3stico difundido por Segura EP con informaci\u00f3n del Inamhi y el Inocar. Pron\u00f3stico del tiempo en Guayaquil Durante la ma\u00f1ana, el cielo permanecer\u00e1 mayormente nublado. La nubosidad continuar\u00e1 [&hellip;]<\/p>\n","protected":false},"author":1,"featured_media":31864,"comment_status":"open","ping_status":"open","sticky":false,"template":"","format":"standard","meta":{"footnotes":""},"categories":[175,51],"tags":[],"class_list":["post-31863","post","type-post","status-publish","format-standard","has-post-thumbnail","hentry","category-clima","category-sucesos"],"yoast_head":"<!-- This site is optimized with the Yoast SEO plugin v28.3 - https:\/\/yoast.com\/product\/yoast-seo-wordpress\/ -->\n<title>Clima en Guayaquil este jueves 3 de septiembre de 2026: temperatura y pron\u00f3stico - 92.5 FOREVER Radio<\/title>\n<meta name=\"description\" content=\"Guayaquil tendr\u00e1 este jueves 3 de septiembre de 2026 una m\u00e1xima de 32 \u00b0C, m\u00ednima de 25 \u00b0C, cielo nublado, lloviznas nocturnas\" \/>\n<meta name=\"robots\" content=\"index, follow, max-snippet:-1, max-image-preview:large, max-video-preview:-1\" \/>\n<link rel=\"canonical\" href=\"https:\/\/foreverfutbol.com.ec\/radio\/sucesos\/clima\/clima-en-guayaquil-este-jueves-3-de-septiembre-de-2026-temperatura-y-pronostico\/\" \/>\n<meta property=\"og:locale\" content=\"es_ES\" \/>\n<meta property=\"og:type\" content=\"article\" \/>\n<meta property=\"og:title\" content=\"Clima en Guayaquil este jueves 3 de septiembre de 2026: temperatura y pron\u00f3stico - 92.5 FOREVER Radio\" \/>\n<meta property=\"og:description\" content=\"Guayaquil tendr\u00e1 este jueves 3 de septiembre de 2026 una m\u00e1xima de 32 \u00b0C, m\u00ednima de 25 \u00b0C, cielo nublado, lloviznas nocturnas\" \/>\n<meta property=\"og:url\" content=\"https:\/\/foreverfutbol.com.ec\/radio\/sucesos\/clima\/clima-en-guayaquil-este-jueves-3-de-septiembre-de-2026-temperatura-y-pronostico\/\" \/>\n<meta property=\"og:site_name\" content=\"92.5 FOREVER Radio\" \/>\n<meta property=\"article:publisher\" content=\"https:\/\/www.facebook.com\/profile.php?id=100063550693491\" \/>\n<meta property=\"article:published_time\" content=\"2026-09-03T20:21:17+00:00\" \/>\n<meta property=\"article:modified_time\" content=\"2026-09-03T20:21:19+00:00\" \/>\n<meta property=\"og:image\" content=\"https:\/\/foreverfutbol.com.ec\/radio\/wp-content\/uploads\/2026\/09\/image-16.webp\" \/>\n\t<meta property=\"og:image:width\" content=\"1019\" \/>\n\t<meta property=\"og:image:height\" content=\"540\" \/>\n\t<meta property=\"og:image:type\" content=\"image\/webp\" \/>\n<meta name=\"author\" content=\"Ricardo Rodriguez\" \/>\n<meta name=\"twitter:card\" content=\"summary_large_image\" \/>\n<meta name=\"twitter:creator\" content=\"@925forever\" \/>\n<meta name=\"twitter:site\" content=\"@925forever\" \/>\n<meta name=\"twitter:label1\" content=\"Escrito por\" \/>\n\t<meta name=\"twitter:data1\" content=\"Ricardo Rodriguez\" \/>\n\t<meta name=\"twitter:label2\" content=\"Tiempo de lectura\" \/>\n\t<meta name=\"twitter:data2\" content=\"2 minutos\" \/>\n<script type=\"application\/ld+json\" class=\"yoast-schema-graph\">{\"@context\":\"https:\\\/\\\/schema.org\",\"@graph\":[{\"@type\":\"Article\",\"@id\":\"https:\\\/\\\/foreverfutbol.com.ec\\\/radio\\\/sucesos\\\/clima\\\/clima-en-guayaquil-este-jueves-3-de-septiembre-de-2026-temperatura-y-pronostico\\\/#article\",\"isPartOf\":{\"@id\":\"https:\\\/\\\/foreverfutbol.com.ec\\\/radio\\\/sucesos\\\/clima\\\/clima-en-guayaquil-este-jueves-3-de-septiembre-de-2026-temperatura-y-pronostico\\\/\"},\"author\":{\"name\":\"Ricardo Rodriguez\",\"@id\":\"https:\\\/\\\/foreverfutbol.com.ec\\\/radio\\\/#\\\/schema\\\/person\\\/2f679dd16f889ac00df6e7b648062a01\"},\"headline\":\"Clima en Guayaquil este jueves 3 de septiembre de 2026: temperatura y pron\u00f3stico\",\"datePublished\":\"2026-09-03T20:21:17+00:00\",\"dateModified\":\"2026-09-03T20:21:19+00:00\",\"mainEntityOfPage\":{\"@id\":\"https:\\\/\\\/foreverfutbol.com.ec\\\/radio\\\/sucesos\\\/clima\\\/clima-en-guayaquil-este-jueves-3-de-septiembre-de-2026-temperatura-y-pronostico\\\/\"},\"wordCount\":374,\"commentCount\":0,\"publisher\":{\"@id\":\"https:\\\/\\\/foreverfutbol.com.ec\\\/radio\\\/#organization\"},\"image\":{\"@id\":\"https:\\\/\\\/foreverfutbol.com.ec\\\/radio\\\/sucesos\\\/clima\\\/clima-en-guayaquil-este-jueves-3-de-septiembre-de-2026-temperatura-y-pronostico\\\/#primaryimage\"},\"thumbnailUrl\":\"https:\\\/\\\/foreverfutbol.com.ec\\\/radio\\\/wp-content\\\/uploads\\\/2026\\\/09\\\/image-16.webp\",\"articleSection\":[\"clima\",\"Sucesos\"],\"inLanguage\":\"es\",\"potentialAction\":[{\"@type\":\"CommentAction\",\"name\":\"Comment\",\"target\":[\"https:\\\/\\\/foreverfutbol.com.ec\\\/radio\\\/sucesos\\\/clima\\\/clima-en-guayaquil-este-jueves-3-de-septiembre-de-2026-temperatura-y-pronostico\\\/#respond\"]}]},{\"@type\":\"WebPage\",\"@id\":\"https:\\\/\\\/foreverfutbol.com.ec\\\/radio\\\/sucesos\\\/clima\\\/clima-en-guayaquil-este-jueves-3-de-septiembre-de-2026-temperatura-y-pronostico\\\/\",\"url\":\"https:\\\/\\\/foreverfutbol.com.ec\\\/radio\\\/sucesos\\\/clima\\\/clima-en-guayaquil-este-jueves-3-de-septiembre-de-2026-temperatura-y-pronostico\\\/\",\"name\":\"Clima en Guayaquil este jueves 3 de septiembre de 2026: temperatura y pron\u00f3stico - 92.5 FOREVER Radio\",\"isPartOf\":{\"@id\":\"https:\\\/\\\/foreverfutbol.com.ec\\\/radio\\\/#website\"},\"primaryImageOfPage\":{\"@id\":\"https:\\\/\\\/foreverfutbol.com.ec\\\/radio\\\/sucesos\\\/clima\\\/clima-en-guayaquil-este-jueves-3-de-septiembre-de-2026-temperatura-y-pronostico\\\/#primaryimage\"},\"image\":{\"@id\":\"https:\\\/\\\/foreverfutbol.com.ec\\\/radio\\\/sucesos\\\/clima\\\/clima-en-guayaquil-este-jueves-3-de-septiembre-de-2026-temperatura-y-pronostico\\\/#primaryimage\"},\"thumbnailUrl\":\"https:\\\/\\\/foreverfutbol.com.ec\\\/radio\\\/wp-content\\\/uploads\\\/2026\\\/09\\\/image-16.webp\",\"datePublished\":\"2026-09-03T20:21:17+00:00\",\"dateModified\":\"2026-09-03T20:21:19+00:00\",\"description\":\"Guayaquil tendr\u00e1 este jueves 3 de septiembre de 2026 una m\u00e1xima de 32 \u00b0C, m\u00ednima de 25 \u00b0C, cielo nublado, lloviznas nocturnas\",\"breadcrumb\":{\"@id\":\"https:\\\/\\\/foreverfutbol.com.ec\\\/radio\\\/sucesos\\\/clima\\\/clima-en-guayaquil-este-jueves-3-de-septiembre-de-2026-temperatura-y-pronostico\\\/#breadcrumb\"},\"inLanguage\":\"es\",\"potentialAction\":[{\"@type\":\"ReadAction\",\"target\":[\"https:\\\/\\\/foreverfutbol.com.ec\\\/radio\\\/sucesos\\\/clima\\\/clima-en-guayaquil-este-jueves-3-de-septiembre-de-2026-temperatura-y-pronostico\\\/\"]}]},{\"@type\":\"ImageObject\",\"inLanguage\":\"es\",\"@id\":\"https:\\\/\\\/foreverfutbol.com.ec\\\/radio\\\/sucesos\\\/clima\\\/clima-en-guayaquil-este-jueves-3-de-septiembre-de-2026-temperatura-y-pronostico\\\/#primaryimage\",\"url\":\"https:\\\/\\\/foreverfutbol.com.ec\\\/radio\\\/wp-content\\\/uploads\\\/2026\\\/09\\\/image-16.webp\",\"contentUrl\":\"https:\\\/\\\/foreverfutbol.com.ec\\\/radio\\\/wp-content\\\/uploads\\\/2026\\\/09\\\/image-16.webp\",\"width\":1019,\"height\":540,\"caption\":\"Clima en Guayaquil este jueves 3 de septiembre de 2026: temperatura y pron\u00f3stico\"},{\"@type\":\"BreadcrumbList\",\"@id\":\"https:\\\/\\\/foreverfutbol.com.ec\\\/radio\\\/sucesos\\\/clima\\\/clima-en-guayaquil-este-jueves-3-de-septiembre-de-2026-temperatura-y-pronostico\\\/#breadcrumb\",\"itemListElement\":[{\"@type\":\"ListItem\",\"position\":1,\"name\":\"Portada\",\"item\":\"https:\\\/\\\/foreverfutbol.com.ec\\\/radio\\\/\"},{\"@type\":\"ListItem\",\"position\":2,\"name\":\"Clima en Guayaquil este jueves 3 de septiembre de 2026: temperatura y pron\u00f3stico\"}]},{\"@type\":\"WebSite\",\"@id\":\"https:\\\/\\\/foreverfutbol.com.ec\\\/radio\\\/#website\",\"url\":\"https:\\\/\\\/foreverfutbol.com.ec\\\/radio\\\/\",\"name\":\"92.5 FOREVER Radio\",\"description\":\"\",\"publisher\":{\"@id\":\"https:\\\/\\\/foreverfutbol.com.ec\\\/radio\\\/#organization\"},\"potentialAction\":[{\"@type\":\"SearchAction\",\"target\":{\"@type\":\"EntryPoint\",\"urlTemplate\":\"https:\\\/\\\/foreverfutbol.com.ec\\\/radio\\\/?s={search_term_string}\"},\"query-input\":{\"@type\":\"PropertyValueSpecification\",\"valueRequired\":true,\"valueName\":\"search_term_string\"}}],\"inLanguage\":\"es\"},{\"@type\":\"Organization\",\"@id\":\"https:\\\/\\\/foreverfutbol.com.ec\\\/radio\\\/#organization\",\"name\":\"92.5 FOREVER Radio\",\"url\":\"https:\\\/\\\/foreverfutbol.com.ec\\\/radio\\\/\",\"logo\":{\"@type\":\"ImageObject\",\"inLanguage\":\"es\",\"@id\":\"https:\\\/\\\/foreverfutbol.com.ec\\\/radio\\\/#\\\/schema\\\/logo\\\/image\\\/\",\"url\":\"https:\\\/\\\/foreverfutbol.com.ec\\\/radio\\\/wp-content\\\/uploads\\\/2024\\\/01\\\/cropped-logo-forever.png\",\"contentUrl\":\"https:\\\/\\\/foreverfutbol.com.ec\\\/radio\\\/wp-content\\\/uploads\\\/2024\\\/01\\\/cropped-logo-forever.png\",\"width\":180,\"height\":154,\"caption\":\"92.5 FOREVER Radio\"},\"image\":{\"@id\":\"https:\\\/\\\/foreverfutbol.com.ec\\\/radio\\\/#\\\/schema\\\/logo\\\/image\\\/\"},\"sameAs\":[\"https:\\\/\\\/www.facebook.com\\\/profile.php?id=100063550693491\",\"https:\\\/\\\/x.com\\\/925forever\",\"https:\\\/\\\/www.instagram.com\\\/radioforever925\\\/\"]},{\"@type\":\"Person\",\"@id\":\"https:\\\/\\\/foreverfutbol.com.ec\\\/radio\\\/#\\\/schema\\\/person\\\/2f679dd16f889ac00df6e7b648062a01\",\"name\":\"Ricardo Rodriguez\",\"image\":{\"@type\":\"ImageObject\",\"inLanguage\":\"es\",\"@id\":\"https:\\\/\\\/secure.gravatar.com\\\/avatar\\\/5d9dfb95700bd0c503ed088d29de94822b5cc66a74cb0362774e6fc534823d07?s=96&d=mm&r=g\",\"url\":\"https:\\\/\\\/secure.gravatar.com\\\/avatar\\\/5d9dfb95700bd0c503ed088d29de94822b5cc66a74cb0362774e6fc534823d07?s=96&d=mm&r=g\",\"contentUrl\":\"https:\\\/\\\/secure.gravatar.com\\\/avatar\\\/5d9dfb95700bd0c503ed088d29de94822b5cc66a74cb0362774e6fc534823d07?s=96&d=mm&r=g\",\"caption\":\"Ricardo Rodriguez\"},\"sameAs\":[\"https:\\\/\\\/foreverfutbol.com.ec\\\/radio\"],\"url\":\"https:\\\/\\\/foreverfutbol.com.ec\\\/radio\\\/author\\\/superdmin\\\/\"}]}<\/script>\n<!-- \/ Yoast SEO plugin. -->","yoast_head_json":{"title":"Clima en Guayaquil este jueves 3 de septiembre de 2026: temperatura y pron\u00f3stico - 92.5 FOREVER Radio","description":"Guayaquil tendr\u00e1 este jueves 3 de septiembre de 2026 una m\u00e1xima de 32 \u00b0C, m\u00ednima de 25 \u00b0C, cielo nublado, lloviznas nocturnas","robots":{"index":"index","follow":"follow","max-snippet":"max-snippet:-1","max-image-preview":"max-image-preview:large","max-video-preview":"max-video-preview:-1"},"canonical":"https:\/\/foreverfutbol.com.ec\/radio\/sucesos\/clima\/clima-en-guayaquil-este-jueves-3-de-septiembre-de-2026-temperatura-y-pronostico\/","og_locale":"es_ES","og_type":"article","og_title":"Clima en Guayaquil este jueves 3 de septiembre de 2026: temperatura y pron\u00f3stico - 92.5 FOREVER Radio","og_description":"Guayaquil tendr\u00e1 este jueves 3 de septiembre de 2026 una m\u00e1xima de 32 \u00b0C, m\u00ednima de 25 \u00b0C, cielo nublado, lloviznas nocturnas","og_url":"https:\/\/foreverfutbol.com.ec\/radio\/sucesos\/clima\/clima-en-guayaquil-este-jueves-3-de-septiembre-de-2026-temperatura-y-pronostico\/","og_site_name":"92.5 FOREVER Radio","article_publisher":"https:\/\/www.facebook.com\/profile.php?id=100063550693491","article_published_time":"2026-09-03T20:21:17+00:00","article_modified_time":"2026-09-03T20:21:19+00:00","og_image":[{"width":1019,"height":540,"url":"https:\/\/foreverfutbol.com.ec\/radio\/wp-content\/uploads\/2026\/09\/image-16.webp","type":"image\/webp"}],"author":"Ricardo Rodriguez","twitter_card":"summary_large_image","twitter_creator":"@925forever","twitter_site":"@925forever","twitter_misc":{"Escrito por":"Ricardo Rodriguez","Tiempo de lectura":"2 minutos"},"schema":{"@context":"https:\/\/schema.org","@graph":[{"@type":"Article","@id":"https:\/\/foreverfutbol.com.ec\/radio\/sucesos\/clima\/clima-en-guayaquil-este-jueves-3-de-septiembre-de-2026-temperatura-y-pronostico\/#article","isPartOf":{"@id":"https:\/\/foreverfutbol.com.ec\/radio\/sucesos\/clima\/clima-en-guayaquil-este-jueves-3-de-septiembre-de-2026-temperatura-y-pronostico\/"},"author":{"name":"Ricardo Rodriguez","@id":"https:\/\/foreverfutbol.com.ec\/radio\/#\/schema\/person\/2f679dd16f889ac00df6e7b648062a01"},"headline":"Clima en Guayaquil este jueves 3 de septiembre de 2026: temperatura y pron\u00f3stico","datePublished":"2026-09-03T20:21:17+00:00","dateModified":"2026-09-03T20:21:19+00:00","mainEntityOfPage":{"@id":"https:\/\/foreverfutbol.com.ec\/radio\/sucesos\/clima\/clima-en-guayaquil-este-jueves-3-de-septiembre-de-2026-temperatura-y-pronostico\/"},"wordCount":374,"commentCount":0,"publisher":{"@id":"https:\/\/foreverfutbol.com.ec\/radio\/#organization"},"image":{"@id":"https:\/\/foreverfutbol.com.ec\/radio\/sucesos\/clima\/clima-en-guayaquil-este-jueves-3-de-septiembre-de-2026-temperatura-y-pronostico\/#primaryimage"},"thumbnailUrl":"https:\/\/foreverfutbol.com.ec\/radio\/wp-content\/uploads\/2026\/09\/image-16.webp","articleSection":["clima","Sucesos"],"inLanguage":"es","potentialAction":[{"@type":"CommentAction","name":"Comment","target":["https:\/\/foreverfutbol.com.ec\/radio\/sucesos\/clima\/clima-en-guayaquil-este-jueves-3-de-septiembre-de-2026-temperatura-y-pronostico\/#respond"]}]},{"@type":"WebPage","@id":"https:\/\/foreverfutbol.com.ec\/radio\/sucesos\/clima\/clima-en-guayaquil-este-jueves-3-de-septiembre-de-2026-temperatura-y-pronostico\/","url":"https:\/\/foreverfutbol.com.ec\/radio\/sucesos\/clima\/clima-en-guayaquil-este-jueves-3-de-septiembre-de-2026-temperatura-y-pronostico\/","name":"Clima en Guayaquil este jueves 3 de septiembre de 2026: temperatura y pron\u00f3stico - 92.5 FOREVER Radio","isPartOf":{"@id":"https:\/\/foreverfutbol.com.ec\/radio\/#website"},"primaryImageOfPage":{"@id":"https:\/\/foreverfutbol.com.ec\/radio\/sucesos\/clima\/clima-en-guayaquil-este-jueves-3-de-septiembre-de-2026-temperatura-y-pronostico\/#primaryimage"},"image":{"@id":"https:\/\/foreverfutbol.com.ec\/radio\/sucesos\/clima\/clima-en-guayaquil-este-jueves-3-de-septiembre-de-2026-temperatura-y-pronostico\/#primaryimage"},"thumbnailUrl":"https:\/\/foreverfutbol.com.ec\/radio\/wp-content\/uploads\/2026\/09\/image-16.webp","datePublished":"2026-09-03T20:21:17+00:00","dateModified":"2026-09-03T20:21:19+00:00","description":"Guayaquil tendr\u00e1 este jueves 3 de septiembre de 2026 una m\u00e1xima de 32 \u00b0C, m\u00ednima de 25 \u00b0C, cielo nublado, lloviznas nocturnas","breadcrumb":{"@id":"https:\/\/foreverfutbol.com.ec\/radio\/sucesos\/clima\/clima-en-guayaquil-este-jueves-3-de-septiembre-de-2026-temperatura-y-pronostico\/#breadcrumb"},"inLanguage":"es","potentialAction":[{"@type":"ReadAction","target":["https:\/\/foreverfutbol.com.ec\/radio\/sucesos\/clima\/clima-en-guayaquil-este-jueves-3-de-septiembre-de-2026-temperatura-y-pronostico\/"]}]},{"@type":"ImageObject","inLanguage":"es","@id":"https:\/\/foreverfutbol.com.ec\/radio\/sucesos\/clima\/clima-en-guayaquil-este-jueves-3-de-septiembre-de-2026-temperatura-y-pronostico\/#primaryimage","url":"https:\/\/foreverfutbol.com.ec\/radio\/wp-content\/uploads\/2026\/09\/image-16.webp","contentUrl":"https:\/\/foreverfutbol.com.ec\/radio\/wp-content\/uploads\/2026\/09\/image-16.webp","width":1019,"height":540,"caption":"Clima en Guayaquil este jueves 3 de septiembre de 2026: temperatura y pron\u00f3stico"},{"@type":"BreadcrumbList","@id":"https:\/\/foreverfutbol.com.ec\/radio\/sucesos\/clima\/clima-en-guayaquil-este-jueves-3-de-septiembre-de-2026-temperatura-y-pronostico\/#breadcrumb","itemListElement":[{"@type":"ListItem","position":1,"name":"Portada","item":"https:\/\/foreverfutbol.com.ec\/radio\/"},{"@type":"ListItem","position":2,"name":"Clima en Guayaquil este jueves 3 de septiembre de 2026: temperatura y pron\u00f3stico"}]},{"@type":"WebSite","@id":"https:\/\/foreverfutbol.com.ec\/radio\/#website","url":"https:\/\/foreverfutbol.com.ec\/radio\/","name":"92.5 FOREVER Radio","description":"","publisher":{"@id":"https:\/\/foreverfutbol.com.ec\/radio\/#organization"},"potentialAction":[{"@type":"SearchAction","target":{"@type":"EntryPoint","urlTemplate":"https:\/\/foreverfutbol.com.ec\/radio\/?s={search_term_string}"},"query-input":{"@type":"PropertyValueSpecification","valueRequired":true,"valueName":"search_term_string"}}],"inLanguage":"es"},{"@type":"Organization","@id":"https:\/\/foreverfutbol.com.ec\/radio\/#organization","name":"92.5 FOREVER Radio","url":"https:\/\/foreverfutbol.com.ec\/radio\/","logo":{"@type":"ImageObject","inLanguage":"es","@id":"https:\/\/foreverfutbol.com.ec\/radio\/#\/schema\/logo\/image\/","url":"https:\/\/foreverfutbol.com.ec\/radio\/wp-content\/uploads\/2024\/01\/cropped-logo-forever.png","contentUrl":"https:\/\/foreverfutbol.com.ec\/radio\/wp-content\/uploads\/2024\/01\/cropped-logo-forever.png","width":180,"height":154,"caption":"92.5 FOREVER Radio"},"image":{"@id":"https:\/\/foreverfutbol.com.ec\/radio\/#\/schema\/logo\/image\/"},"sameAs":["https:\/\/www.facebook.com\/profile.php?id=100063550693491","https:\/\/x.com\/925forever","https:\/\/www.instagram.com\/radioforever925\/"]},{"@type":"Person","@id":"https:\/\/foreverfutbol.com.ec\/radio\/#\/schema\/person\/2f679dd16f889ac00df6e7b648062a01","name":"Ricardo Rodriguez","image":{"@type":"ImageObject","inLanguage":"es","@id":"https:\/\/secure.gravatar.com\/avatar\/5d9dfb95700bd0c503ed088d29de94822b5cc66a74cb0362774e6fc534823d07?s=96&d=mm&r=g","url":"https:\/\/secure.gravatar.com\/avatar\/5d9dfb95700bd0c503ed088d29de94822b5cc66a74cb0362774e6fc534823d07?s=96&d=mm&r=g","contentUrl":"https:\/\/secure.gravatar.com\/avatar\/5d9dfb95700bd0c503ed088d29de94822b5cc66a74cb0362774e6fc534823d07?s=96&d=mm&r=g","caption":"Ricardo Rodriguez"},"sameAs":["https:\/\/foreverfutbol.com.ec\/radio"],"url":"https:\/\/foreverfutbol.com.ec\/radio\/author\/superdmin\/"}]}},"_links":{"self":[{"href":"https:\/\/foreverfutbol.com.ec\/radio\/wp-json\/wp\/v2\/posts\/31863","targetHints":{"allow":["GET"]}}],"collection":[{"href":"https:\/\/foreverfutbol.com.ec\/radio\/wp-json\/wp\/v2\/posts"}],"about":[{"href":"https:\/\/foreverfutbol.com.ec\/radio\/wp-json\/wp\/v2\/types\/post"}],"author":[{"embeddable":true,"href":"https:\/\/foreverfutbol.com.ec\/radio\/wp-json\/wp\/v2\/users\/1"}],"replies":[{"embeddable":true,"href":"https:\/\/foreverfutbol.com.ec\/radio\/wp-json\/wp\/v2\/comments?post=31863"}],"version-history":[{"count":1,"href":"https:\/\/foreverfutbol.com.ec\/radio\/wp-json\/wp\/v2\/posts\/31863\/revisions"}],"predecessor-version":[{"id":31865,"href":"https:\/\/foreverfutbol.com.ec\/radio\/wp-json\/wp\/v2\/posts\/31863\/revisions\/31865"}],"wp:featuredmedia":[{"embeddable":true,"href":"https:\/\/foreverfutbol.com.ec\/radio\/wp-json\/wp\/v2\/media\/31864"}],"wp:attachment":[{"href":"https:\/\/foreverfutbol.com.ec\/radio\/wp-json\/wp\/v2\/media?parent=31863"}],"wp:term":[{"taxonomy":"category","embeddable":true,"href":"https:\/\/foreverfutbol.com.ec\/radio\/wp-json\/wp\/v2\/categories?post=31863"},{"taxonomy":"post_tag","embeddable":true,"href":"https:\/\/foreverfutbol.com.ec\/radio\/wp-json\/wp\/v2\/tags?post=31863"}],"curies":[{"name":"wp","href":"https:\/\/api.w.org\/{rel}","templated":true}]}}