{"id":31860,"date":"2026-09-03T15:14:27","date_gmt":"2026-09-03T20:14:27","guid":{"rendered":"https:\/\/foreverfutbol.com.ec\/radio\/?p=31860"},"modified":"2026-09-03T15:14:28","modified_gmt":"2026-09-03T20:14:28","slug":"leonardo-dicaprio-en-brasil-el-actor-recorre-la-amazonia-por-la-conservacion","status":"publish","type":"post","link":"https:\/\/foreverfutbol.com.ec\/radio\/entretenimiento\/leonardo-dicaprio-en-brasil-el-actor-recorre-la-amazonia-por-la-conservacion\/","title":{"rendered":"Leonardo DiCaprio en Brasil: el actor recorre la Amazon\u00eda por la conservaci\u00f3n"},"content":{"rendered":"\n<p class=\"wp-block-paragraph\"><strong>Leonardo DiCaprio en Brasil<\/strong> gener\u00f3 atenci\u00f3n internacional tras su visita a diferentes regiones naturales del pa\u00eds como representante de <strong>Re<\/strong>, organizaci\u00f3n dedicada a la protecci\u00f3n de la biodiversidad y los ecosistemas.<\/p>\n\n\n\n<p class=\"wp-block-paragraph\">El actor estadounidense recorri\u00f3 zonas de la <strong>Amazon\u00eda brasile\u00f1a<\/strong>, adem\u00e1s de otros territorios considerados importantes para la conservaci\u00f3n ambiental. Durante su estad\u00eda, mantuvo encuentros con l\u00edderes ind\u00edgenas, organizaciones locales, conservacionistas y representantes del Gobierno.<\/p>\n\n\n\n<h2 class=\"wp-block-heading\"><strong>Leonardo DiCaprio y la protecci\u00f3n de la Amazon\u00eda<\/strong><\/h2>\n\n\n\n<p class=\"wp-block-paragraph\">DiCaprio destac\u00f3 los esfuerzos realizados en Brasil para proteger la <strong>Amazon\u00eda<\/strong> y otros ecosistemas. El actor se\u00f1al\u00f3 el trabajo de comunidades ind\u00edgenas, organizaciones locales y autoridades que participan en iniciativas de conservaci\u00f3n.<\/p>\n\n\n\n<p class=\"wp-block-paragraph\">La Amazon\u00eda es uno de los territorios con mayor biodiversidad del planeta y alberga numerosas comunidades ind\u00edgenas. Su protecci\u00f3n constituye uno de los principales desaf\u00edos ambientales de Brasil debido a las presiones que enfrentan sus bosques y especies.<\/p>\n\n\n\n<p class=\"wp-block-paragraph\">Como parte de su recorrido, DiCaprio tuvo contacto con defensores ambientales que trabajan directamente en estas regiones. La visita permiti\u00f3 dar mayor visibilidad internacional a las iniciativas desarrolladas en territorio brasile\u00f1o.<\/p>\n\n\n\n<h2 class=\"wp-block-heading\"><strong>Encuentro con Lula da Silva<\/strong><\/h2>\n\n\n\n<p class=\"wp-block-paragraph\">Uno de los principales momentos de la visita fue el encuentro entre <strong>Leonardo DiCaprio y Luiz In\u00e1cio Lula da Silva<\/strong>. El actor convers\u00f3 con el mandatario brasile\u00f1o y miembros de su gabinete sobre la protecci\u00f3n de la biodiversidad, los territorios ind\u00edgenas y los ecosistemas.<\/p>\n\n\n\n<p class=\"wp-block-paragraph\">Tambi\u00e9n se reuni\u00f3 con representantes de pueblos originarios, entre ellos el <strong>jefe Raoni Metuktire<\/strong>, l\u00edder Kayap\u00f3 y reconocido defensor de los derechos ind\u00edgenas.<\/p>\n\n\n\n<p class=\"wp-block-paragraph\">DiCaprio adem\u00e1s tuvo contacto con representantes del pueblo <strong>Yawalapiti del Alto Xingu<\/strong>, quienes forman parte de las comunidades vinculadas con la protecci\u00f3n de los territorios amaz\u00f3nicos.<\/p>\n\n\n\n<h2 class=\"wp-block-heading\"><strong>Re y el compromiso ambiental<\/strong><\/h2>\n\n\n\n<p class=\"wp-block-paragraph\">La organizaci\u00f3n <strong>Re<\/strong>, impulsada por DiCaprio en 2021, desarrolla proyectos relacionados con la conservaci\u00f3n de la naturaleza y la protecci\u00f3n de especies y ecosistemas amenazados.<\/p>\n\n\n\n<p class=\"wp-block-paragraph\">La presencia del actor en Brasil permiti\u00f3 destacar el trabajo de quienes participan en la defensa de la <strong>Amazon\u00eda, el Pantanal y el Cerrado<\/strong>, tres regiones fundamentales para la biodiversidad de Am\u00e9rica del Sur.<\/p>\n\n\n\n<p class=\"wp-block-paragraph\">El recorrido de DiCaprio tambi\u00e9n puso de relieve la importancia de la participaci\u00f3n de las comunidades locales e ind\u00edgenas en las estrategias destinadas a conservar los recursos naturales y los territorios de Brasil.<\/p>\n\n\n\n<p class=\"wp-block-paragraph\"><\/p>\n","protected":false},"excerpt":{"rendered":"<p>Leonardo DiCaprio en Brasil gener\u00f3 atenci\u00f3n internacional tras su visita a diferentes regiones naturales del pa\u00eds como representante de Re, organizaci\u00f3n dedicada a la protecci\u00f3n de la biodiversidad y los ecosistemas. El actor estadounidense recorri\u00f3 zonas de la Amazon\u00eda brasile\u00f1a, adem\u00e1s de otros territorios considerados importantes para la conservaci\u00f3n ambiental. Durante su estad\u00eda, mantuvo encuentros [&hellip;]<\/p>\n","protected":false},"author":1,"featured_media":31861,"comment_status":"open","ping_status":"open","sticky":false,"template":"","format":"standard","meta":{"footnotes":""},"categories":[146],"tags":[],"class_list":["post-31860","post","type-post","status-publish","format-standard","has-post-thumbnail","hentry","category-entretenimiento"],"yoast_head":"<!-- This site is optimized with the Yoast SEO plugin v28.3 - https:\/\/yoast.com\/product\/yoast-seo-wordpress\/ -->\n<title>Leonardo DiCaprio en Brasil: el actor recorre la Amazon\u00eda por la conservaci\u00f3n - 92.5 FOREVER Radio<\/title>\n<meta name=\"description\" content=\"Leonardo DiCaprio visit\u00f3 Brasil como representante de Re:wild, recorri\u00f3 la Amazon\u00eda y se reuni\u00f3 con Lula da Silva y l\u00edderes ind\u00edgenas.\" \/>\n<meta name=\"robots\" content=\"index, follow, max-snippet:-1, max-image-preview:large, max-video-preview:-1\" \/>\n<link rel=\"canonical\" href=\"https:\/\/foreverfutbol.com.ec\/radio\/entretenimiento\/leonardo-dicaprio-en-brasil-el-actor-recorre-la-amazonia-por-la-conservacion\/\" \/>\n<meta property=\"og:locale\" content=\"es_ES\" \/>\n<meta property=\"og:type\" content=\"article\" \/>\n<meta property=\"og:title\" content=\"Leonardo DiCaprio en Brasil: el actor recorre la Amazon\u00eda por la conservaci\u00f3n - 92.5 FOREVER Radio\" \/>\n<meta property=\"og:description\" content=\"Leonardo DiCaprio visit\u00f3 Brasil como representante de Re:wild, recorri\u00f3 la Amazon\u00eda y se reuni\u00f3 con Lula da Silva y l\u00edderes ind\u00edgenas.\" \/>\n<meta property=\"og:url\" content=\"https:\/\/foreverfutbol.com.ec\/radio\/entretenimiento\/leonardo-dicaprio-en-brasil-el-actor-recorre-la-amazonia-por-la-conservacion\/\" \/>\n<meta property=\"og:site_name\" content=\"92.5 FOREVER Radio\" \/>\n<meta property=\"article:publisher\" content=\"https:\/\/www.facebook.com\/profile.php?id=100063550693491\" \/>\n<meta property=\"article:published_time\" content=\"2026-09-03T20:14:27+00:00\" \/>\n<meta property=\"article:modified_time\" content=\"2026-09-03T20:14:28+00:00\" \/>\n<meta name=\"author\" content=\"Ricardo Rodriguez\" \/>\n<meta name=\"twitter:card\" content=\"summary_large_image\" \/>\n<meta name=\"twitter:creator\" content=\"@925forever\" \/>\n<meta name=\"twitter:site\" content=\"@925forever\" \/>\n<meta name=\"twitter:label1\" content=\"Escrito por\" \/>\n\t<meta name=\"twitter:data1\" content=\"Ricardo Rodriguez\" \/>\n\t<meta name=\"twitter:label2\" content=\"Tiempo de lectura\" \/>\n\t<meta name=\"twitter:data2\" content=\"2 minutos\" \/>\n<script type=\"application\/ld+json\" class=\"yoast-schema-graph\">{\"@context\":\"https:\\\/\\\/schema.org\",\"@graph\":[{\"@type\":\"Article\",\"@id\":\"https:\\\/\\\/foreverfutbol.com.ec\\\/radio\\\/entretenimiento\\\/leonardo-dicaprio-en-brasil-el-actor-recorre-la-amazonia-por-la-conservacion\\\/#article\",\"isPartOf\":{\"@id\":\"https:\\\/\\\/foreverfutbol.com.ec\\\/radio\\\/entretenimiento\\\/leonardo-dicaprio-en-brasil-el-actor-recorre-la-amazonia-por-la-conservacion\\\/\"},\"author\":{\"name\":\"Ricardo Rodriguez\",\"@id\":\"https:\\\/\\\/foreverfutbol.com.ec\\\/radio\\\/#\\\/schema\\\/person\\\/2f679dd16f889ac00df6e7b648062a01\"},\"headline\":\"Leonardo DiCaprio en Brasil: el actor recorre la Amazon\u00eda por la conservaci\u00f3n\",\"datePublished\":\"2026-09-03T20:14:27+00:00\",\"dateModified\":\"2026-09-03T20:14:28+00:00\",\"mainEntityOfPage\":{\"@id\":\"https:\\\/\\\/foreverfutbol.com.ec\\\/radio\\\/entretenimiento\\\/leonardo-dicaprio-en-brasil-el-actor-recorre-la-amazonia-por-la-conservacion\\\/\"},\"wordCount\":422,\"commentCount\":0,\"publisher\":{\"@id\":\"https:\\\/\\\/foreverfutbol.com.ec\\\/radio\\\/#organization\"},\"image\":{\"@id\":\"https:\\\/\\\/foreverfutbol.com.ec\\\/radio\\\/entretenimiento\\\/leonardo-dicaprio-en-brasil-el-actor-recorre-la-amazonia-por-la-conservacion\\\/#primaryimage\"},\"thumbnailUrl\":\"https:\\\/\\\/foreverfutbol.com.ec\\\/radio\\\/wp-content\\\/uploads\\\/2026\\\/09\\\/7CWZ5WW7HBAGZDZKAICFE3XGCA.avif\",\"articleSection\":[\"Entretenimiento\"],\"inLanguage\":\"es\",\"potentialAction\":[{\"@type\":\"CommentAction\",\"name\":\"Comment\",\"target\":[\"https:\\\/\\\/foreverfutbol.com.ec\\\/radio\\\/entretenimiento\\\/leonardo-dicaprio-en-brasil-el-actor-recorre-la-amazonia-por-la-conservacion\\\/#respond\"]}]},{\"@type\":\"WebPage\",\"@id\":\"https:\\\/\\\/foreverfutbol.com.ec\\\/radio\\\/entretenimiento\\\/leonardo-dicaprio-en-brasil-el-actor-recorre-la-amazonia-por-la-conservacion\\\/\",\"url\":\"https:\\\/\\\/foreverfutbol.com.ec\\\/radio\\\/entretenimiento\\\/leonardo-dicaprio-en-brasil-el-actor-recorre-la-amazonia-por-la-conservacion\\\/\",\"name\":\"Leonardo DiCaprio en Brasil: el actor recorre la Amazon\u00eda por la conservaci\u00f3n - 92.5 FOREVER Radio\",\"isPartOf\":{\"@id\":\"https:\\\/\\\/foreverfutbol.com.ec\\\/radio\\\/#website\"},\"primaryImageOfPage\":{\"@id\":\"https:\\\/\\\/foreverfutbol.com.ec\\\/radio\\\/entretenimiento\\\/leonardo-dicaprio-en-brasil-el-actor-recorre-la-amazonia-por-la-conservacion\\\/#primaryimage\"},\"image\":{\"@id\":\"https:\\\/\\\/foreverfutbol.com.ec\\\/radio\\\/entretenimiento\\\/leonardo-dicaprio-en-brasil-el-actor-recorre-la-amazonia-por-la-conservacion\\\/#primaryimage\"},\"thumbnailUrl\":\"https:\\\/\\\/foreverfutbol.com.ec\\\/radio\\\/wp-content\\\/uploads\\\/2026\\\/09\\\/7CWZ5WW7HBAGZDZKAICFE3XGCA.avif\",\"datePublished\":\"2026-09-03T20:14:27+00:00\",\"dateModified\":\"2026-09-03T20:14:28+00:00\",\"description\":\"Leonardo DiCaprio visit\u00f3 Brasil como representante de Re:wild, recorri\u00f3 la Amazon\u00eda y se reuni\u00f3 con Lula da Silva y l\u00edderes ind\u00edgenas.\",\"breadcrumb\":{\"@id\":\"https:\\\/\\\/foreverfutbol.com.ec\\\/radio\\\/entretenimiento\\\/leonardo-dicaprio-en-brasil-el-actor-recorre-la-amazonia-por-la-conservacion\\\/#breadcrumb\"},\"inLanguage\":\"es\",\"potentialAction\":[{\"@type\":\"ReadAction\",\"target\":[\"https:\\\/\\\/foreverfutbol.com.ec\\\/radio\\\/entretenimiento\\\/leonardo-dicaprio-en-brasil-el-actor-recorre-la-amazonia-por-la-conservacion\\\/\"]}]},{\"@type\":\"ImageObject\",\"inLanguage\":\"es\",\"@id\":\"https:\\\/\\\/foreverfutbol.com.ec\\\/radio\\\/entretenimiento\\\/leonardo-dicaprio-en-brasil-el-actor-recorre-la-amazonia-por-la-conservacion\\\/#primaryimage\",\"url\":\"https:\\\/\\\/foreverfutbol.com.ec\\\/radio\\\/wp-content\\\/uploads\\\/2026\\\/09\\\/7CWZ5WW7HBAGZDZKAICFE3XGCA.avif\",\"contentUrl\":\"https:\\\/\\\/foreverfutbol.com.ec\\\/radio\\\/wp-content\\\/uploads\\\/2026\\\/09\\\/7CWZ5WW7HBAGZDZKAICFE3XGCA.avif\",\"width\":893,\"height\":670,\"caption\":\"Leonardo DiCaprio en Brasil: el actor recorre la Amazon\u00eda por la conservaci\u00f3n\"},{\"@type\":\"BreadcrumbList\",\"@id\":\"https:\\\/\\\/foreverfutbol.com.ec\\\/radio\\\/entretenimiento\\\/leonardo-dicaprio-en-brasil-el-actor-recorre-la-amazonia-por-la-conservacion\\\/#breadcrumb\",\"itemListElement\":[{\"@type\":\"ListItem\",\"position\":1,\"name\":\"Portada\",\"item\":\"https:\\\/\\\/foreverfutbol.com.ec\\\/radio\\\/\"},{\"@type\":\"ListItem\",\"position\":2,\"name\":\"Leonardo DiCaprio en Brasil: el actor recorre la Amazon\u00eda por la conservaci\u00f3n\"}]},{\"@type\":\"WebSite\",\"@id\":\"https:\\\/\\\/foreverfutbol.com.ec\\\/radio\\\/#website\",\"url\":\"https:\\\/\\\/foreverfutbol.com.ec\\\/radio\\\/\",\"name\":\"92.5 FOREVER Radio\",\"description\":\"\",\"publisher\":{\"@id\":\"https:\\\/\\\/foreverfutbol.com.ec\\\/radio\\\/#organization\"},\"potentialAction\":[{\"@type\":\"SearchAction\",\"target\":{\"@type\":\"EntryPoint\",\"urlTemplate\":\"https:\\\/\\\/foreverfutbol.com.ec\\\/radio\\\/?s={search_term_string}\"},\"query-input\":{\"@type\":\"PropertyValueSpecification\",\"valueRequired\":true,\"valueName\":\"search_term_string\"}}],\"inLanguage\":\"es\"},{\"@type\":\"Organization\",\"@id\":\"https:\\\/\\\/foreverfutbol.com.ec\\\/radio\\\/#organization\",\"name\":\"92.5 FOREVER Radio\",\"url\":\"https:\\\/\\\/foreverfutbol.com.ec\\\/radio\\\/\",\"logo\":{\"@type\":\"ImageObject\",\"inLanguage\":\"es\",\"@id\":\"https:\\\/\\\/foreverfutbol.com.ec\\\/radio\\\/#\\\/schema\\\/logo\\\/image\\\/\",\"url\":\"https:\\\/\\\/foreverfutbol.com.ec\\\/radio\\\/wp-content\\\/uploads\\\/2024\\\/01\\\/cropped-logo-forever.png\",\"contentUrl\":\"https:\\\/\\\/foreverfutbol.com.ec\\\/radio\\\/wp-content\\\/uploads\\\/2024\\\/01\\\/cropped-logo-forever.png\",\"width\":180,\"height\":154,\"caption\":\"92.5 FOREVER Radio\"},\"image\":{\"@id\":\"https:\\\/\\\/foreverfutbol.com.ec\\\/radio\\\/#\\\/schema\\\/logo\\\/image\\\/\"},\"sameAs\":[\"https:\\\/\\\/www.facebook.com\\\/profile.php?id=100063550693491\",\"https:\\\/\\\/x.com\\\/925forever\",\"https:\\\/\\\/www.instagram.com\\\/radioforever925\\\/\"]},{\"@type\":\"Person\",\"@id\":\"https:\\\/\\\/foreverfutbol.com.ec\\\/radio\\\/#\\\/schema\\\/person\\\/2f679dd16f889ac00df6e7b648062a01\",\"name\":\"Ricardo Rodriguez\",\"image\":{\"@type\":\"ImageObject\",\"inLanguage\":\"es\",\"@id\":\"https:\\\/\\\/secure.gravatar.com\\\/avatar\\\/5d9dfb95700bd0c503ed088d29de94822b5cc66a74cb0362774e6fc534823d07?s=96&d=mm&r=g\",\"url\":\"https:\\\/\\\/secure.gravatar.com\\\/avatar\\\/5d9dfb95700bd0c503ed088d29de94822b5cc66a74cb0362774e6fc534823d07?s=96&d=mm&r=g\",\"contentUrl\":\"https:\\\/\\\/secure.gravatar.com\\\/avatar\\\/5d9dfb95700bd0c503ed088d29de94822b5cc66a74cb0362774e6fc534823d07?s=96&d=mm&r=g\",\"caption\":\"Ricardo Rodriguez\"},\"sameAs\":[\"https:\\\/\\\/foreverfutbol.com.ec\\\/radio\"],\"url\":\"https:\\\/\\\/foreverfutbol.com.ec\\\/radio\\\/author\\\/superdmin\\\/\"}]}<\/script>\n<!-- \/ Yoast SEO plugin. -->","yoast_head_json":{"title":"Leonardo DiCaprio en Brasil: el actor recorre la Amazon\u00eda por la conservaci\u00f3n - 92.5 FOREVER Radio","description":"Leonardo DiCaprio visit\u00f3 Brasil como representante de Re:wild, recorri\u00f3 la Amazon\u00eda y se reuni\u00f3 con Lula da Silva y l\u00edderes ind\u00edgenas.","robots":{"index":"index","follow":"follow","max-snippet":"max-snippet:-1","max-image-preview":"max-image-preview:large","max-video-preview":"max-video-preview:-1"},"canonical":"https:\/\/foreverfutbol.com.ec\/radio\/entretenimiento\/leonardo-dicaprio-en-brasil-el-actor-recorre-la-amazonia-por-la-conservacion\/","og_locale":"es_ES","og_type":"article","og_title":"Leonardo DiCaprio en Brasil: el actor recorre la Amazon\u00eda por la conservaci\u00f3n - 92.5 FOREVER Radio","og_description":"Leonardo DiCaprio visit\u00f3 Brasil como representante de Re:wild, recorri\u00f3 la Amazon\u00eda y se reuni\u00f3 con Lula da Silva y l\u00edderes ind\u00edgenas.","og_url":"https:\/\/foreverfutbol.com.ec\/radio\/entretenimiento\/leonardo-dicaprio-en-brasil-el-actor-recorre-la-amazonia-por-la-conservacion\/","og_site_name":"92.5 FOREVER Radio","article_publisher":"https:\/\/www.facebook.com\/profile.php?id=100063550693491","article_published_time":"2026-09-03T20:14:27+00:00","article_modified_time":"2026-09-03T20:14:28+00:00","author":"Ricardo Rodriguez","twitter_card":"summary_large_image","twitter_creator":"@925forever","twitter_site":"@925forever","twitter_misc":{"Escrito por":"Ricardo Rodriguez","Tiempo de lectura":"2 minutos"},"schema":{"@context":"https:\/\/schema.org","@graph":[{"@type":"Article","@id":"https:\/\/foreverfutbol.com.ec\/radio\/entretenimiento\/leonardo-dicaprio-en-brasil-el-actor-recorre-la-amazonia-por-la-conservacion\/#article","isPartOf":{"@id":"https:\/\/foreverfutbol.com.ec\/radio\/entretenimiento\/leonardo-dicaprio-en-brasil-el-actor-recorre-la-amazonia-por-la-conservacion\/"},"author":{"name":"Ricardo Rodriguez","@id":"https:\/\/foreverfutbol.com.ec\/radio\/#\/schema\/person\/2f679dd16f889ac00df6e7b648062a01"},"headline":"Leonardo DiCaprio en Brasil: el actor recorre la Amazon\u00eda por la conservaci\u00f3n","datePublished":"2026-09-03T20:14:27+00:00","dateModified":"2026-09-03T20:14:28+00:00","mainEntityOfPage":{"@id":"https:\/\/foreverfutbol.com.ec\/radio\/entretenimiento\/leonardo-dicaprio-en-brasil-el-actor-recorre-la-amazonia-por-la-conservacion\/"},"wordCount":422,"commentCount":0,"publisher":{"@id":"https:\/\/foreverfutbol.com.ec\/radio\/#organization"},"image":{"@id":"https:\/\/foreverfutbol.com.ec\/radio\/entretenimiento\/leonardo-dicaprio-en-brasil-el-actor-recorre-la-amazonia-por-la-conservacion\/#primaryimage"},"thumbnailUrl":"https:\/\/foreverfutbol.com.ec\/radio\/wp-content\/uploads\/2026\/09\/7CWZ5WW7HBAGZDZKAICFE3XGCA.avif","articleSection":["Entretenimiento"],"inLanguage":"es","potentialAction":[{"@type":"CommentAction","name":"Comment","target":["https:\/\/foreverfutbol.com.ec\/radio\/entretenimiento\/leonardo-dicaprio-en-brasil-el-actor-recorre-la-amazonia-por-la-conservacion\/#respond"]}]},{"@type":"WebPage","@id":"https:\/\/foreverfutbol.com.ec\/radio\/entretenimiento\/leonardo-dicaprio-en-brasil-el-actor-recorre-la-amazonia-por-la-conservacion\/","url":"https:\/\/foreverfutbol.com.ec\/radio\/entretenimiento\/leonardo-dicaprio-en-brasil-el-actor-recorre-la-amazonia-por-la-conservacion\/","name":"Leonardo DiCaprio en Brasil: el actor recorre la Amazon\u00eda por la conservaci\u00f3n - 92.5 FOREVER Radio","isPartOf":{"@id":"https:\/\/foreverfutbol.com.ec\/radio\/#website"},"primaryImageOfPage":{"@id":"https:\/\/foreverfutbol.com.ec\/radio\/entretenimiento\/leonardo-dicaprio-en-brasil-el-actor-recorre-la-amazonia-por-la-conservacion\/#primaryimage"},"image":{"@id":"https:\/\/foreverfutbol.com.ec\/radio\/entretenimiento\/leonardo-dicaprio-en-brasil-el-actor-recorre-la-amazonia-por-la-conservacion\/#primaryimage"},"thumbnailUrl":"https:\/\/foreverfutbol.com.ec\/radio\/wp-content\/uploads\/2026\/09\/7CWZ5WW7HBAGZDZKAICFE3XGCA.avif","datePublished":"2026-09-03T20:14:27+00:00","dateModified":"2026-09-03T20:14:28+00:00","description":"Leonardo DiCaprio visit\u00f3 Brasil como representante de Re:wild, recorri\u00f3 la Amazon\u00eda y se reuni\u00f3 con Lula da Silva y l\u00edderes ind\u00edgenas.","breadcrumb":{"@id":"https:\/\/foreverfutbol.com.ec\/radio\/entretenimiento\/leonardo-dicaprio-en-brasil-el-actor-recorre-la-amazonia-por-la-conservacion\/#breadcrumb"},"inLanguage":"es","potentialAction":[{"@type":"ReadAction","target":["https:\/\/foreverfutbol.com.ec\/radio\/entretenimiento\/leonardo-dicaprio-en-brasil-el-actor-recorre-la-amazonia-por-la-conservacion\/"]}]},{"@type":"ImageObject","inLanguage":"es","@id":"https:\/\/foreverfutbol.com.ec\/radio\/entretenimiento\/leonardo-dicaprio-en-brasil-el-actor-recorre-la-amazonia-por-la-conservacion\/#primaryimage","url":"https:\/\/foreverfutbol.com.ec\/radio\/wp-content\/uploads\/2026\/09\/7CWZ5WW7HBAGZDZKAICFE3XGCA.avif","contentUrl":"https:\/\/foreverfutbol.com.ec\/radio\/wp-content\/uploads\/2026\/09\/7CWZ5WW7HBAGZDZKAICFE3XGCA.avif","width":893,"height":670,"caption":"Leonardo DiCaprio en Brasil: el actor recorre la Amazon\u00eda por la conservaci\u00f3n"},{"@type":"BreadcrumbList","@id":"https:\/\/foreverfutbol.com.ec\/radio\/entretenimiento\/leonardo-dicaprio-en-brasil-el-actor-recorre-la-amazonia-por-la-conservacion\/#breadcrumb","itemListElement":[{"@type":"ListItem","position":1,"name":"Portada","item":"https:\/\/foreverfutbol.com.ec\/radio\/"},{"@type":"ListItem","position":2,"name":"Leonardo DiCaprio en Brasil: el actor recorre la Amazon\u00eda por la conservaci\u00f3n"}]},{"@type":"WebSite","@id":"https:\/\/foreverfutbol.com.ec\/radio\/#website","url":"https:\/\/foreverfutbol.com.ec\/radio\/","name":"92.5 FOREVER Radio","description":"","publisher":{"@id":"https:\/\/foreverfutbol.com.ec\/radio\/#organization"},"potentialAction":[{"@type":"SearchAction","target":{"@type":"EntryPoint","urlTemplate":"https:\/\/foreverfutbol.com.ec\/radio\/?s={search_term_string}"},"query-input":{"@type":"PropertyValueSpecification","valueRequired":true,"valueName":"search_term_string"}}],"inLanguage":"es"},{"@type":"Organization","@id":"https:\/\/foreverfutbol.com.ec\/radio\/#organization","name":"92.5 FOREVER Radio","url":"https:\/\/foreverfutbol.com.ec\/radio\/","logo":{"@type":"ImageObject","inLanguage":"es","@id":"https:\/\/foreverfutbol.com.ec\/radio\/#\/schema\/logo\/image\/","url":"https:\/\/foreverfutbol.com.ec\/radio\/wp-content\/uploads\/2024\/01\/cropped-logo-forever.png","contentUrl":"https:\/\/foreverfutbol.com.ec\/radio\/wp-content\/uploads\/2024\/01\/cropped-logo-forever.png","width":180,"height":154,"caption":"92.5 FOREVER Radio"},"image":{"@id":"https:\/\/foreverfutbol.com.ec\/radio\/#\/schema\/logo\/image\/"},"sameAs":["https:\/\/www.facebook.com\/profile.php?id=100063550693491","https:\/\/x.com\/925forever","https:\/\/www.instagram.com\/radioforever925\/"]},{"@type":"Person","@id":"https:\/\/foreverfutbol.com.ec\/radio\/#\/schema\/person\/2f679dd16f889ac00df6e7b648062a01","name":"Ricardo Rodriguez","image":{"@type":"ImageObject","inLanguage":"es","@id":"https:\/\/secure.gravatar.com\/avatar\/5d9dfb95700bd0c503ed088d29de94822b5cc66a74cb0362774e6fc534823d07?s=96&d=mm&r=g","url":"https:\/\/secure.gravatar.com\/avatar\/5d9dfb95700bd0c503ed088d29de94822b5cc66a74cb0362774e6fc534823d07?s=96&d=mm&r=g","contentUrl":"https:\/\/secure.gravatar.com\/avatar\/5d9dfb95700bd0c503ed088d29de94822b5cc66a74cb0362774e6fc534823d07?s=96&d=mm&r=g","caption":"Ricardo Rodriguez"},"sameAs":["https:\/\/foreverfutbol.com.ec\/radio"],"url":"https:\/\/foreverfutbol.com.ec\/radio\/author\/superdmin\/"}]}},"_links":{"self":[{"href":"https:\/\/foreverfutbol.com.ec\/radio\/wp-json\/wp\/v2\/posts\/31860","targetHints":{"allow":["GET"]}}],"collection":[{"href":"https:\/\/foreverfutbol.com.ec\/radio\/wp-json\/wp\/v2\/posts"}],"about":[{"href":"https:\/\/foreverfutbol.com.ec\/radio\/wp-json\/wp\/v2\/types\/post"}],"author":[{"embeddable":true,"href":"https:\/\/foreverfutbol.com.ec\/radio\/wp-json\/wp\/v2\/users\/1"}],"replies":[{"embeddable":true,"href":"https:\/\/foreverfutbol.com.ec\/radio\/wp-json\/wp\/v2\/comments?post=31860"}],"version-history":[{"count":1,"href":"https:\/\/foreverfutbol.com.ec\/radio\/wp-json\/wp\/v2\/posts\/31860\/revisions"}],"predecessor-version":[{"id":31862,"href":"https:\/\/foreverfutbol.com.ec\/radio\/wp-json\/wp\/v2\/posts\/31860\/revisions\/31862"}],"wp:featuredmedia":[{"embeddable":true,"href":"https:\/\/foreverfutbol.com.ec\/radio\/wp-json\/wp\/v2\/media\/31861"}],"wp:attachment":[{"href":"https:\/\/foreverfutbol.com.ec\/radio\/wp-json\/wp\/v2\/media?parent=31860"}],"wp:term":[{"taxonomy":"category","embeddable":true,"href":"https:\/\/foreverfutbol.com.ec\/radio\/wp-json\/wp\/v2\/categories?post=31860"},{"taxonomy":"post_tag","embeddable":true,"href":"https:\/\/foreverfutbol.com.ec\/radio\/wp-json\/wp\/v2\/tags?post=31860"}],"curies":[{"name":"wp","href":"https:\/\/api.w.org\/{rel}","templated":true}]}}