{"id":31856,"date":"2026-09-03T14:49:47","date_gmt":"2026-09-03T19:49:47","guid":{"rendered":"https:\/\/foreverfutbol.com.ec\/radio\/?p=31856"},"modified":"2026-09-03T14:49:48","modified_gmt":"2026-09-03T19:49:48","slug":"bruce-willis-donara-cerebro-demencia-frontotemporal-investigacion","status":"publish","type":"post","link":"https:\/\/foreverfutbol.com.ec\/radio\/entretenimiento\/bruce-willis-donara-cerebro-demencia-frontotemporal-investigacion\/","title":{"rendered":"\ud83c\udfac\ud83e\udde0 Bruce Willis convierte su batalla contra la demencia en un legado: donar\u00e1 su cerebro para impulsar la investigaci\u00f3n m\u00e9dica"},"content":{"rendered":"\n<p class=\"wp-block-paragraph\"><strong>Bruce Willis, uno de los actores m\u00e1s reconocidos de Hollywood, tom\u00f3 una decisi\u00f3n que trasciende su carrera cinematogr\u00e1fica: despu\u00e9s de su muerte, su cerebro ser\u00e1 donado para la investigaci\u00f3n cient\u00edfica sobre la demencia frontotemporal (DFT), una enfermedad neurodegenerativa que afecta actualmente su salud.<\/strong><\/p>\n\n\n\n<p class=\"wp-block-paragraph\">La decisi\u00f3n fue revelada por su esposa, <strong>Emma Heming Willis<\/strong>, en su libro <em>The Unexpected Journey<\/em>, donde relata la historia familiar del actor, su trayectoria juntos y el proceso que han vivido desde que comenzaron los problemas m\u00e9dicos del protagonista de \u201cDuro de matar\u201d.<\/p>\n\n\n\n<h1 class=\"wp-block-heading\">\ud83e\udde0 La enfermedad que cambi\u00f3 la vida del actor<\/h1>\n\n\n\n<p class=\"wp-block-paragraph\">La situaci\u00f3n m\u00e9dica de Bruce Willis comenz\u00f3 a hacerse p\u00fablica en 2022, cuando su familia inform\u00f3 que el actor presentaba problemas relacionados con el lenguaje y la comunicaci\u00f3n.<\/p>\n\n\n\n<p class=\"wp-block-paragraph\">Inicialmente recibi\u00f3 un diagn\u00f3stico de <strong>afasia<\/strong>, una condici\u00f3n que afecta la capacidad de comprender o producir lenguaje.<\/p>\n\n\n\n<p class=\"wp-block-paragraph\">Por esta raz\u00f3n, en marzo de 2023 anunci\u00f3 oficialmente su retiro de la actuaci\u00f3n.<\/p>\n\n\n\n<p class=\"wp-block-paragraph\">Meses despu\u00e9s, su familia confirm\u00f3 que el diagn\u00f3stico hab\u00eda evolucionado hacia una condici\u00f3n m\u00e1s espec\u00edfica:<\/p>\n\n\n\n<p class=\"wp-block-paragraph\"><strong>demencia frontotemporal (DFT).<\/strong><\/p>\n\n\n\n<p class=\"wp-block-paragraph\">Adem\u00e1s, se inform\u00f3 que enfrenta <strong>anosognosia<\/strong>, una alteraci\u00f3n que puede afectar la capacidad de una persona para reconocer sus propios problemas de salud.<\/p>\n\n\n\n<h1 class=\"wp-block-heading\">\ud83d\udd2c La raz\u00f3n detr\u00e1s de la donaci\u00f3n: ayudar a encontrar respuestas<\/h1>\n\n\n\n<p class=\"wp-block-paragraph\">Seg\u00fan explic\u00f3 Emma Heming Willis, la donaci\u00f3n del cerebro del actor tiene un objetivo cient\u00edfico.<\/p>\n\n\n\n<p class=\"wp-block-paragraph\">La intenci\u00f3n es que investigadores puedan estudiar las caracter\u00edsticas de la enfermedad y avanzar en:<\/p>\n\n\n\n<ul class=\"wp-block-list\">\n<li>detecci\u00f3n m\u00e1s temprana de la demencia frontotemporal;<\/li>\n\n\n\n<li>comprensi\u00f3n de sus causas;<\/li>\n\n\n\n<li>desarrollo de mejores tratamientos;<\/li>\n\n\n\n<li>apoyo para futuras familias que enfrenten diagn\u00f3sticos similares.<\/li>\n<\/ul>\n\n\n\n<p class=\"wp-block-paragraph\">La familia de Willis busca que su experiencia pueda convertirse en una fuente de conocimiento para otros pacientes.<\/p>\n\n\n\n<h1 class=\"wp-block-heading\">\u2764\ufe0f \u201cSer\u00e1 su legado\u201d: la mirada de Emma Heming Willis<\/h1>\n\n\n\n<p class=\"wp-block-paragraph\">M\u00e1s all\u00e1 del aspecto m\u00e9dico, Emma Heming explic\u00f3 que la decisi\u00f3n representa una forma de mantener vivo el impacto de Bruce Willis m\u00e1s all\u00e1 del cine.<\/p>\n\n\n\n<p class=\"wp-block-paragraph\">La modelo y actriz destac\u00f3 que el int\u00e9rprete nunca estuvo enfocado \u00fanicamente en la fama, sino en su pasi\u00f3n por actuar y entretener al p\u00fablico.<\/p>\n\n\n\n<blockquote class=\"wp-block-quote is-layout-flow wp-block-quote-is-layout-flow\">\n<p class=\"wp-block-paragraph\">\u201cSiempre ha sido tan humilde. Le encantaba actuar, era su pasi\u00f3n\u201d, explic\u00f3 Heming al hablar sobre la personalidad del actor.<\/p>\n<\/blockquote>\n\n\n\n<p class=\"wp-block-paragraph\">Para su familia, la donaci\u00f3n representa una continuaci\u00f3n de esa forma de ser: utilizar una situaci\u00f3n personal dif\u00edcil para ayudar a otras personas.<\/p>\n\n\n\n<h1 class=\"wp-block-heading\">\ud83c\udfac Bruce Willis: una carrera marcada por personajes inolvidables<\/h1>\n\n\n\n<p class=\"wp-block-paragraph\">Antes de convertirse en protagonista de una lucha contra una enfermedad neurodegenerativa, Bruce Willis construy\u00f3 una de las carreras m\u00e1s reconocidas del cine internacional.<\/p>\n\n\n\n<p class=\"wp-block-paragraph\">Sus pel\u00edculas m\u00e1s recordadas incluyen:<\/p>\n\n\n\n<p class=\"wp-block-paragraph\">\ud83c\udfac <em>Duro de matar<\/em><br>\ud83c\udfac <em>Pulp Fiction<\/em><br>\ud83c\udfac <em>El sexto sentido<\/em><br>\ud83c\udfac <em>Armageddon<\/em><br>\ud83c\udfac <em>El quinto elemento<\/em><\/p>\n\n\n\n<p class=\"wp-block-paragraph\">Durante d\u00e9cadas fue considerado uno de los grandes referentes del cine de acci\u00f3n.<\/p>\n\n\n\n<h1 class=\"wp-block-heading\">\ud83d\udcca \u00bfQu\u00e9 es la demencia frontotemporal?<\/h1>\n\n\n\n<p class=\"wp-block-paragraph\">La <strong>demencia frontotemporal<\/strong> es un grupo de trastornos causados por da\u00f1os en los l\u00f3bulos frontal y temporal del cerebro.<\/p>\n\n\n\n<p class=\"wp-block-paragraph\">Puede afectar principalmente:<\/p>\n\n\n\n<p class=\"wp-block-paragraph\">\ud83e\udde0 comportamiento;<br>\ud83d\udde3\ufe0f lenguaje;<br>\ud83e\udd1d interacci\u00f3n social;<br>\ud83e\udde9 capacidad de tomar decisiones.<\/p>\n\n\n\n<p class=\"wp-block-paragraph\">A diferencia de otras demencias, suele aparecer en edades m\u00e1s tempranas y puede afectar profundamente la personalidad y comunicaci\u00f3n de quienes la padecen.<\/p>\n\n\n\n<h1 class=\"wp-block-heading\">\ud83c\udf0e Una batalla familiar convertida en mensaje mundial<\/h1>\n\n\n\n<p class=\"wp-block-paragraph\">Desde que anunci\u00f3 su retiro, la familia de Bruce Willis ha utilizado su experiencia para generar conciencia sobre las enfermedades neurodegenerativas.<\/p>\n\n\n\n<p class=\"wp-block-paragraph\">Sus hijas, su esposa Emma Heming y su exesposa Demi Moore han compartido mensajes p\u00fablicos sobre el proceso, buscando visibilizar la importancia del acompa\u00f1amiento familiar y la investigaci\u00f3n m\u00e9dica.<\/p>\n\n\n\n<h1 class=\"wp-block-heading\">\ud83d\udd25 El \u00faltimo papel de Bruce Willis: ayudar a quienes vienen despu\u00e9s<\/h1>\n\n\n\n<p class=\"wp-block-paragraph\">Bruce Willis pas\u00f3 d\u00e9cadas interpretando h\u00e9roes en la pantalla.<\/p>\n\n\n\n<p class=\"wp-block-paragraph\">Ahora, fuera de los reflectores, su decisi\u00f3n busca dejar otro tipo de legado: convertirse en una pieza de investigaci\u00f3n que ayude a comprender una enfermedad que todav\u00eda presenta grandes desaf\u00edos para la ciencia.<\/p>\n\n\n\n<p class=\"wp-block-paragraph\">Su \u00faltima contribuci\u00f3n no ser\u00e1 una pel\u00edcula, sino informaci\u00f3n que podr\u00eda ayudar a futuros pacientes.<\/p>\n\n\n\n<p class=\"wp-block-paragraph\"><\/p>\n","protected":false},"excerpt":{"rendered":"<p>Bruce Willis, uno de los actores m\u00e1s reconocidos de Hollywood, tom\u00f3 una decisi\u00f3n que trasciende su carrera cinematogr\u00e1fica: despu\u00e9s de su muerte, su cerebro ser\u00e1 donado para la investigaci\u00f3n cient\u00edfica sobre la demencia frontotemporal (DFT), una enfermedad neurodegenerativa que afecta actualmente su salud. La decisi\u00f3n fue revelada por su esposa, Emma Heming Willis, en su [&hellip;]<\/p>\n","protected":false},"author":2,"featured_media":31857,"comment_status":"open","ping_status":"open","sticky":false,"template":"","format":"standard","meta":{"footnotes":""},"categories":[146,147],"tags":[],"class_list":["post-31856","post","type-post","status-publish","format-standard","has-post-thumbnail","hentry","category-entretenimiento","category-peliculas"],"yoast_head":"<!-- This site is optimized with the Yoast SEO plugin v28.3 - https:\/\/yoast.com\/product\/yoast-seo-wordpress\/ -->\n<title>Bruce Willis donar\u00e1 su cerebro tras su muerte para investigar la demencia frontotemporal<\/title>\n<meta name=\"description\" content=\"Bruce Willis y su familia revelaron que el actor donar\u00e1 su cerebro tras su muerte para ayudar a la investigaci\u00f3n de la demencia frontotemporal que enfrenta desde 2023.\" \/>\n<meta name=\"robots\" content=\"index, follow, max-snippet:-1, max-image-preview:large, max-video-preview:-1\" \/>\n<link rel=\"canonical\" href=\"https:\/\/foreverfutbol.com.ec\/radio\/entretenimiento\/bruce-willis-donara-cerebro-demencia-frontotemporal-investigacion\/\" \/>\n<meta property=\"og:locale\" content=\"es_ES\" \/>\n<meta property=\"og:type\" content=\"article\" \/>\n<meta property=\"og:title\" content=\"Bruce Willis donar\u00e1 su cerebro tras su muerte para investigar la demencia frontotemporal\" \/>\n<meta property=\"og:description\" content=\"Bruce Willis y su familia revelaron que el actor donar\u00e1 su cerebro tras su muerte para ayudar a la investigaci\u00f3n de la demencia frontotemporal que enfrenta desde 2023.\" \/>\n<meta property=\"og:url\" content=\"https:\/\/foreverfutbol.com.ec\/radio\/entretenimiento\/bruce-willis-donara-cerebro-demencia-frontotemporal-investigacion\/\" \/>\n<meta property=\"og:site_name\" content=\"92.5 FOREVER Radio\" \/>\n<meta property=\"article:publisher\" content=\"https:\/\/www.facebook.com\/profile.php?id=100063550693491\" \/>\n<meta property=\"article:published_time\" content=\"2026-09-03T19:49:47+00:00\" \/>\n<meta property=\"article:modified_time\" content=\"2026-09-03T19:49:48+00:00\" \/>\n<meta property=\"og:image\" content=\"https:\/\/foreverfutbol.com.ec\/radio\/wp-content\/uploads\/2026\/09\/images-74.webp\" \/>\n\t<meta property=\"og:image:width\" content=\"639\" \/>\n\t<meta property=\"og:image:height\" content=\"480\" \/>\n\t<meta property=\"og:image:type\" content=\"image\/webp\" \/>\n<meta name=\"author\" content=\"Carlos Alberto Vergara\" \/>\n<meta name=\"twitter:card\" content=\"summary_large_image\" \/>\n<meta name=\"twitter:creator\" content=\"@925forever\" \/>\n<meta name=\"twitter:site\" content=\"@925forever\" \/>\n<meta name=\"twitter:label1\" content=\"Escrito por\" \/>\n\t<meta name=\"twitter:data1\" content=\"Carlos Alberto Vergara\" \/>\n\t<meta name=\"twitter:label2\" content=\"Tiempo de lectura\" \/>\n\t<meta name=\"twitter:data2\" content=\"4 minutos\" \/>\n<script type=\"application\/ld+json\" class=\"yoast-schema-graph\">{\"@context\":\"https:\\\/\\\/schema.org\",\"@graph\":[{\"@type\":\"Article\",\"@id\":\"https:\\\/\\\/foreverfutbol.com.ec\\\/radio\\\/entretenimiento\\\/bruce-willis-donara-cerebro-demencia-frontotemporal-investigacion\\\/#article\",\"isPartOf\":{\"@id\":\"https:\\\/\\\/foreverfutbol.com.ec\\\/radio\\\/entretenimiento\\\/bruce-willis-donara-cerebro-demencia-frontotemporal-investigacion\\\/\"},\"author\":{\"name\":\"Carlos Alberto Vergara\",\"@id\":\"https:\\\/\\\/foreverfutbol.com.ec\\\/radio\\\/#\\\/schema\\\/person\\\/c0757c03685df7a280e9cbe7613a77dc\"},\"headline\":\"\ud83c\udfac\ud83e\udde0 Bruce Willis convierte su batalla contra la demencia en un legado: donar\u00e1 su cerebro para impulsar la investigaci\u00f3n m\u00e9dica\",\"datePublished\":\"2026-09-03T19:49:47+00:00\",\"dateModified\":\"2026-09-03T19:49:48+00:00\",\"mainEntityOfPage\":{\"@id\":\"https:\\\/\\\/foreverfutbol.com.ec\\\/radio\\\/entretenimiento\\\/bruce-willis-donara-cerebro-demencia-frontotemporal-investigacion\\\/\"},\"wordCount\":716,\"commentCount\":0,\"publisher\":{\"@id\":\"https:\\\/\\\/foreverfutbol.com.ec\\\/radio\\\/#organization\"},\"image\":{\"@id\":\"https:\\\/\\\/foreverfutbol.com.ec\\\/radio\\\/entretenimiento\\\/bruce-willis-donara-cerebro-demencia-frontotemporal-investigacion\\\/#primaryimage\"},\"thumbnailUrl\":\"https:\\\/\\\/foreverfutbol.com.ec\\\/radio\\\/wp-content\\\/uploads\\\/2026\\\/09\\\/images-74.webp\",\"articleSection\":[\"Entretenimiento\",\"Peliculas\"],\"inLanguage\":\"es\",\"potentialAction\":[{\"@type\":\"CommentAction\",\"name\":\"Comment\",\"target\":[\"https:\\\/\\\/foreverfutbol.com.ec\\\/radio\\\/entretenimiento\\\/bruce-willis-donara-cerebro-demencia-frontotemporal-investigacion\\\/#respond\"]}]},{\"@type\":\"WebPage\",\"@id\":\"https:\\\/\\\/foreverfutbol.com.ec\\\/radio\\\/entretenimiento\\\/bruce-willis-donara-cerebro-demencia-frontotemporal-investigacion\\\/\",\"url\":\"https:\\\/\\\/foreverfutbol.com.ec\\\/radio\\\/entretenimiento\\\/bruce-willis-donara-cerebro-demencia-frontotemporal-investigacion\\\/\",\"name\":\"Bruce Willis donar\u00e1 su cerebro tras su muerte para investigar la demencia frontotemporal\",\"isPartOf\":{\"@id\":\"https:\\\/\\\/foreverfutbol.com.ec\\\/radio\\\/#website\"},\"primaryImageOfPage\":{\"@id\":\"https:\\\/\\\/foreverfutbol.com.ec\\\/radio\\\/entretenimiento\\\/bruce-willis-donara-cerebro-demencia-frontotemporal-investigacion\\\/#primaryimage\"},\"image\":{\"@id\":\"https:\\\/\\\/foreverfutbol.com.ec\\\/radio\\\/entretenimiento\\\/bruce-willis-donara-cerebro-demencia-frontotemporal-investigacion\\\/#primaryimage\"},\"thumbnailUrl\":\"https:\\\/\\\/foreverfutbol.com.ec\\\/radio\\\/wp-content\\\/uploads\\\/2026\\\/09\\\/images-74.webp\",\"datePublished\":\"2026-09-03T19:49:47+00:00\",\"dateModified\":\"2026-09-03T19:49:48+00:00\",\"description\":\"Bruce Willis y su familia revelaron que el actor donar\u00e1 su cerebro tras su muerte para ayudar a la investigaci\u00f3n de la demencia frontotemporal que enfrenta desde 2023.\",\"breadcrumb\":{\"@id\":\"https:\\\/\\\/foreverfutbol.com.ec\\\/radio\\\/entretenimiento\\\/bruce-willis-donara-cerebro-demencia-frontotemporal-investigacion\\\/#breadcrumb\"},\"inLanguage\":\"es\",\"potentialAction\":[{\"@type\":\"ReadAction\",\"target\":[\"https:\\\/\\\/foreverfutbol.com.ec\\\/radio\\\/entretenimiento\\\/bruce-willis-donara-cerebro-demencia-frontotemporal-investigacion\\\/\"]}]},{\"@type\":\"ImageObject\",\"inLanguage\":\"es\",\"@id\":\"https:\\\/\\\/foreverfutbol.com.ec\\\/radio\\\/entretenimiento\\\/bruce-willis-donara-cerebro-demencia-frontotemporal-investigacion\\\/#primaryimage\",\"url\":\"https:\\\/\\\/foreverfutbol.com.ec\\\/radio\\\/wp-content\\\/uploads\\\/2026\\\/09\\\/images-74.webp\",\"contentUrl\":\"https:\\\/\\\/foreverfutbol.com.ec\\\/radio\\\/wp-content\\\/uploads\\\/2026\\\/09\\\/images-74.webp\",\"width\":639,\"height\":480,\"caption\":\"bruce willis donara su cerebro\"},{\"@type\":\"BreadcrumbList\",\"@id\":\"https:\\\/\\\/foreverfutbol.com.ec\\\/radio\\\/entretenimiento\\\/bruce-willis-donara-cerebro-demencia-frontotemporal-investigacion\\\/#breadcrumb\",\"itemListElement\":[{\"@type\":\"ListItem\",\"position\":1,\"name\":\"Portada\",\"item\":\"https:\\\/\\\/foreverfutbol.com.ec\\\/radio\\\/\"},{\"@type\":\"ListItem\",\"position\":2,\"name\":\"\ud83c\udfac\ud83e\udde0 Bruce Willis convierte su batalla contra la demencia en un legado: donar\u00e1 su cerebro para impulsar la investigaci\u00f3n m\u00e9dica\"}]},{\"@type\":\"WebSite\",\"@id\":\"https:\\\/\\\/foreverfutbol.com.ec\\\/radio\\\/#website\",\"url\":\"https:\\\/\\\/foreverfutbol.com.ec\\\/radio\\\/\",\"name\":\"92.5 FOREVER Radio\",\"description\":\"\",\"publisher\":{\"@id\":\"https:\\\/\\\/foreverfutbol.com.ec\\\/radio\\\/#organization\"},\"potentialAction\":[{\"@type\":\"SearchAction\",\"target\":{\"@type\":\"EntryPoint\",\"urlTemplate\":\"https:\\\/\\\/foreverfutbol.com.ec\\\/radio\\\/?s={search_term_string}\"},\"query-input\":{\"@type\":\"PropertyValueSpecification\",\"valueRequired\":true,\"valueName\":\"search_term_string\"}}],\"inLanguage\":\"es\"},{\"@type\":\"Organization\",\"@id\":\"https:\\\/\\\/foreverfutbol.com.ec\\\/radio\\\/#organization\",\"name\":\"92.5 FOREVER Radio\",\"url\":\"https:\\\/\\\/foreverfutbol.com.ec\\\/radio\\\/\",\"logo\":{\"@type\":\"ImageObject\",\"inLanguage\":\"es\",\"@id\":\"https:\\\/\\\/foreverfutbol.com.ec\\\/radio\\\/#\\\/schema\\\/logo\\\/image\\\/\",\"url\":\"https:\\\/\\\/foreverfutbol.com.ec\\\/radio\\\/wp-content\\\/uploads\\\/2024\\\/01\\\/cropped-logo-forever.png\",\"contentUrl\":\"https:\\\/\\\/foreverfutbol.com.ec\\\/radio\\\/wp-content\\\/uploads\\\/2024\\\/01\\\/cropped-logo-forever.png\",\"width\":180,\"height\":154,\"caption\":\"92.5 FOREVER Radio\"},\"image\":{\"@id\":\"https:\\\/\\\/foreverfutbol.com.ec\\\/radio\\\/#\\\/schema\\\/logo\\\/image\\\/\"},\"sameAs\":[\"https:\\\/\\\/www.facebook.com\\\/profile.php?id=100063550693491\",\"https:\\\/\\\/x.com\\\/925forever\",\"https:\\\/\\\/www.instagram.com\\\/radioforever925\\\/\"]},{\"@type\":\"Person\",\"@id\":\"https:\\\/\\\/foreverfutbol.com.ec\\\/radio\\\/#\\\/schema\\\/person\\\/c0757c03685df7a280e9cbe7613a77dc\",\"name\":\"Carlos Alberto Vergara\",\"image\":{\"@type\":\"ImageObject\",\"inLanguage\":\"es\",\"@id\":\"https:\\\/\\\/secure.gravatar.com\\\/avatar\\\/87cee2115792489869e0755f650418b784c3f52f3ea9d58816a0e7dae27a4e7b?s=96&d=mm&r=g\",\"url\":\"https:\\\/\\\/secure.gravatar.com\\\/avatar\\\/87cee2115792489869e0755f650418b784c3f52f3ea9d58816a0e7dae27a4e7b?s=96&d=mm&r=g\",\"contentUrl\":\"https:\\\/\\\/secure.gravatar.com\\\/avatar\\\/87cee2115792489869e0755f650418b784c3f52f3ea9d58816a0e7dae27a4e7b?s=96&d=mm&r=g\",\"caption\":\"Carlos Alberto Vergara\"},\"sameAs\":[\"http:\\\/\\\/raizend2702@gmail.com\"],\"url\":\"https:\\\/\\\/foreverfutbol.com.ec\\\/radio\\\/author\\\/carlos-alberto-vergara\\\/\"}]}<\/script>\n<!-- \/ Yoast SEO plugin. -->","yoast_head_json":{"title":"Bruce Willis donar\u00e1 su cerebro tras su muerte para investigar la demencia frontotemporal","description":"Bruce Willis y su familia revelaron que el actor donar\u00e1 su cerebro tras su muerte para ayudar a la investigaci\u00f3n de la demencia frontotemporal que enfrenta desde 2023.","robots":{"index":"index","follow":"follow","max-snippet":"max-snippet:-1","max-image-preview":"max-image-preview:large","max-video-preview":"max-video-preview:-1"},"canonical":"https:\/\/foreverfutbol.com.ec\/radio\/entretenimiento\/bruce-willis-donara-cerebro-demencia-frontotemporal-investigacion\/","og_locale":"es_ES","og_type":"article","og_title":"Bruce Willis donar\u00e1 su cerebro tras su muerte para investigar la demencia frontotemporal","og_description":"Bruce Willis y su familia revelaron que el actor donar\u00e1 su cerebro tras su muerte para ayudar a la investigaci\u00f3n de la demencia frontotemporal que enfrenta desde 2023.","og_url":"https:\/\/foreverfutbol.com.ec\/radio\/entretenimiento\/bruce-willis-donara-cerebro-demencia-frontotemporal-investigacion\/","og_site_name":"92.5 FOREVER Radio","article_publisher":"https:\/\/www.facebook.com\/profile.php?id=100063550693491","article_published_time":"2026-09-03T19:49:47+00:00","article_modified_time":"2026-09-03T19:49:48+00:00","og_image":[{"width":639,"height":480,"url":"https:\/\/foreverfutbol.com.ec\/radio\/wp-content\/uploads\/2026\/09\/images-74.webp","type":"image\/webp"}],"author":"Carlos Alberto Vergara","twitter_card":"summary_large_image","twitter_creator":"@925forever","twitter_site":"@925forever","twitter_misc":{"Escrito por":"Carlos Alberto Vergara","Tiempo de lectura":"4 minutos"},"schema":{"@context":"https:\/\/schema.org","@graph":[{"@type":"Article","@id":"https:\/\/foreverfutbol.com.ec\/radio\/entretenimiento\/bruce-willis-donara-cerebro-demencia-frontotemporal-investigacion\/#article","isPartOf":{"@id":"https:\/\/foreverfutbol.com.ec\/radio\/entretenimiento\/bruce-willis-donara-cerebro-demencia-frontotemporal-investigacion\/"},"author":{"name":"Carlos Alberto Vergara","@id":"https:\/\/foreverfutbol.com.ec\/radio\/#\/schema\/person\/c0757c03685df7a280e9cbe7613a77dc"},"headline":"\ud83c\udfac\ud83e\udde0 Bruce Willis convierte su batalla contra la demencia en un legado: donar\u00e1 su cerebro para impulsar la investigaci\u00f3n m\u00e9dica","datePublished":"2026-09-03T19:49:47+00:00","dateModified":"2026-09-03T19:49:48+00:00","mainEntityOfPage":{"@id":"https:\/\/foreverfutbol.com.ec\/radio\/entretenimiento\/bruce-willis-donara-cerebro-demencia-frontotemporal-investigacion\/"},"wordCount":716,"commentCount":0,"publisher":{"@id":"https:\/\/foreverfutbol.com.ec\/radio\/#organization"},"image":{"@id":"https:\/\/foreverfutbol.com.ec\/radio\/entretenimiento\/bruce-willis-donara-cerebro-demencia-frontotemporal-investigacion\/#primaryimage"},"thumbnailUrl":"https:\/\/foreverfutbol.com.ec\/radio\/wp-content\/uploads\/2026\/09\/images-74.webp","articleSection":["Entretenimiento","Peliculas"],"inLanguage":"es","potentialAction":[{"@type":"CommentAction","name":"Comment","target":["https:\/\/foreverfutbol.com.ec\/radio\/entretenimiento\/bruce-willis-donara-cerebro-demencia-frontotemporal-investigacion\/#respond"]}]},{"@type":"WebPage","@id":"https:\/\/foreverfutbol.com.ec\/radio\/entretenimiento\/bruce-willis-donara-cerebro-demencia-frontotemporal-investigacion\/","url":"https:\/\/foreverfutbol.com.ec\/radio\/entretenimiento\/bruce-willis-donara-cerebro-demencia-frontotemporal-investigacion\/","name":"Bruce Willis donar\u00e1 su cerebro tras su muerte para investigar la demencia frontotemporal","isPartOf":{"@id":"https:\/\/foreverfutbol.com.ec\/radio\/#website"},"primaryImageOfPage":{"@id":"https:\/\/foreverfutbol.com.ec\/radio\/entretenimiento\/bruce-willis-donara-cerebro-demencia-frontotemporal-investigacion\/#primaryimage"},"image":{"@id":"https:\/\/foreverfutbol.com.ec\/radio\/entretenimiento\/bruce-willis-donara-cerebro-demencia-frontotemporal-investigacion\/#primaryimage"},"thumbnailUrl":"https:\/\/foreverfutbol.com.ec\/radio\/wp-content\/uploads\/2026\/09\/images-74.webp","datePublished":"2026-09-03T19:49:47+00:00","dateModified":"2026-09-03T19:49:48+00:00","description":"Bruce Willis y su familia revelaron que el actor donar\u00e1 su cerebro tras su muerte para ayudar a la investigaci\u00f3n de la demencia frontotemporal que enfrenta desde 2023.","breadcrumb":{"@id":"https:\/\/foreverfutbol.com.ec\/radio\/entretenimiento\/bruce-willis-donara-cerebro-demencia-frontotemporal-investigacion\/#breadcrumb"},"inLanguage":"es","potentialAction":[{"@type":"ReadAction","target":["https:\/\/foreverfutbol.com.ec\/radio\/entretenimiento\/bruce-willis-donara-cerebro-demencia-frontotemporal-investigacion\/"]}]},{"@type":"ImageObject","inLanguage":"es","@id":"https:\/\/foreverfutbol.com.ec\/radio\/entretenimiento\/bruce-willis-donara-cerebro-demencia-frontotemporal-investigacion\/#primaryimage","url":"https:\/\/foreverfutbol.com.ec\/radio\/wp-content\/uploads\/2026\/09\/images-74.webp","contentUrl":"https:\/\/foreverfutbol.com.ec\/radio\/wp-content\/uploads\/2026\/09\/images-74.webp","width":639,"height":480,"caption":"bruce willis donara su cerebro"},{"@type":"BreadcrumbList","@id":"https:\/\/foreverfutbol.com.ec\/radio\/entretenimiento\/bruce-willis-donara-cerebro-demencia-frontotemporal-investigacion\/#breadcrumb","itemListElement":[{"@type":"ListItem","position":1,"name":"Portada","item":"https:\/\/foreverfutbol.com.ec\/radio\/"},{"@type":"ListItem","position":2,"name":"\ud83c\udfac\ud83e\udde0 Bruce Willis convierte su batalla contra la demencia en un legado: donar\u00e1 su cerebro para impulsar la investigaci\u00f3n m\u00e9dica"}]},{"@type":"WebSite","@id":"https:\/\/foreverfutbol.com.ec\/radio\/#website","url":"https:\/\/foreverfutbol.com.ec\/radio\/","name":"92.5 FOREVER Radio","description":"","publisher":{"@id":"https:\/\/foreverfutbol.com.ec\/radio\/#organization"},"potentialAction":[{"@type":"SearchAction","target":{"@type":"EntryPoint","urlTemplate":"https:\/\/foreverfutbol.com.ec\/radio\/?s={search_term_string}"},"query-input":{"@type":"PropertyValueSpecification","valueRequired":true,"valueName":"search_term_string"}}],"inLanguage":"es"},{"@type":"Organization","@id":"https:\/\/foreverfutbol.com.ec\/radio\/#organization","name":"92.5 FOREVER Radio","url":"https:\/\/foreverfutbol.com.ec\/radio\/","logo":{"@type":"ImageObject","inLanguage":"es","@id":"https:\/\/foreverfutbol.com.ec\/radio\/#\/schema\/logo\/image\/","url":"https:\/\/foreverfutbol.com.ec\/radio\/wp-content\/uploads\/2024\/01\/cropped-logo-forever.png","contentUrl":"https:\/\/foreverfutbol.com.ec\/radio\/wp-content\/uploads\/2024\/01\/cropped-logo-forever.png","width":180,"height":154,"caption":"92.5 FOREVER Radio"},"image":{"@id":"https:\/\/foreverfutbol.com.ec\/radio\/#\/schema\/logo\/image\/"},"sameAs":["https:\/\/www.facebook.com\/profile.php?id=100063550693491","https:\/\/x.com\/925forever","https:\/\/www.instagram.com\/radioforever925\/"]},{"@type":"Person","@id":"https:\/\/foreverfutbol.com.ec\/radio\/#\/schema\/person\/c0757c03685df7a280e9cbe7613a77dc","name":"Carlos Alberto Vergara","image":{"@type":"ImageObject","inLanguage":"es","@id":"https:\/\/secure.gravatar.com\/avatar\/87cee2115792489869e0755f650418b784c3f52f3ea9d58816a0e7dae27a4e7b?s=96&d=mm&r=g","url":"https:\/\/secure.gravatar.com\/avatar\/87cee2115792489869e0755f650418b784c3f52f3ea9d58816a0e7dae27a4e7b?s=96&d=mm&r=g","contentUrl":"https:\/\/secure.gravatar.com\/avatar\/87cee2115792489869e0755f650418b784c3f52f3ea9d58816a0e7dae27a4e7b?s=96&d=mm&r=g","caption":"Carlos Alberto Vergara"},"sameAs":["http:\/\/raizend2702@gmail.com"],"url":"https:\/\/foreverfutbol.com.ec\/radio\/author\/carlos-alberto-vergara\/"}]}},"_links":{"self":[{"href":"https:\/\/foreverfutbol.com.ec\/radio\/wp-json\/wp\/v2\/posts\/31856","targetHints":{"allow":["GET"]}}],"collection":[{"href":"https:\/\/foreverfutbol.com.ec\/radio\/wp-json\/wp\/v2\/posts"}],"about":[{"href":"https:\/\/foreverfutbol.com.ec\/radio\/wp-json\/wp\/v2\/types\/post"}],"author":[{"embeddable":true,"href":"https:\/\/foreverfutbol.com.ec\/radio\/wp-json\/wp\/v2\/users\/2"}],"replies":[{"embeddable":true,"href":"https:\/\/foreverfutbol.com.ec\/radio\/wp-json\/wp\/v2\/comments?post=31856"}],"version-history":[{"count":1,"href":"https:\/\/foreverfutbol.com.ec\/radio\/wp-json\/wp\/v2\/posts\/31856\/revisions"}],"predecessor-version":[{"id":31858,"href":"https:\/\/foreverfutbol.com.ec\/radio\/wp-json\/wp\/v2\/posts\/31856\/revisions\/31858"}],"wp:featuredmedia":[{"embeddable":true,"href":"https:\/\/foreverfutbol.com.ec\/radio\/wp-json\/wp\/v2\/media\/31857"}],"wp:attachment":[{"href":"https:\/\/foreverfutbol.com.ec\/radio\/wp-json\/wp\/v2\/media?parent=31856"}],"wp:term":[{"taxonomy":"category","embeddable":true,"href":"https:\/\/foreverfutbol.com.ec\/radio\/wp-json\/wp\/v2\/categories?post=31856"},{"taxonomy":"post_tag","embeddable":true,"href":"https:\/\/foreverfutbol.com.ec\/radio\/wp-json\/wp\/v2\/tags?post=31856"}],"curies":[{"name":"wp","href":"https:\/\/api.w.org\/{rel}","templated":true}]}}