{"id":31852,"date":"2026-09-03T14:42:10","date_gmt":"2026-09-03T19:42:10","guid":{"rendered":"https:\/\/foreverfutbol.com.ec\/radio\/?p=31852"},"modified":"2026-09-03T14:42:11","modified_gmt":"2026-09-03T19:42:11","slug":"fenomeno-el-nino-2026-onu-alerta-impacto-ecuador-hasta-2027","status":"publish","type":"post","link":"https:\/\/foreverfutbol.com.ec\/radio\/comunidad\/fenomeno-el-nino-2026-onu-alerta-impacto-ecuador-hasta-2027\/","title":{"rendered":"El Ni\u00f1o se vuelve \u201cgigantesco\u201d: ONU advierte un fen\u00f3meno clim\u00e1tico extremo que golpear\u00e1 al mundo hasta 2027"},"content":{"rendered":"\n<p class=\"wp-block-paragraph\">El planeta entra en una nueva etapa de alerta clim\u00e1tica. La <strong>Organizaci\u00f3n Meteorol\u00f3gica Mundial (OMM)<\/strong> confirm\u00f3 que el <strong>Fen\u00f3meno de El Ni\u00f1o 2026<\/strong> se encuentra claramente establecido y que su intensidad aumentar\u00e1 durante los pr\u00f3ximos meses, alcanzando su punto m\u00e1ximo hacia finales de este a\u00f1o y extendiendo sus efectos hasta <strong>febrero de 2027<\/strong>.<\/p>\n\n\n\n<p class=\"wp-block-paragraph\">El organismo internacional advirti\u00f3 que este episodio podr\u00eda convertirse en uno de los eventos clim\u00e1ticos m\u00e1s relevantes de los \u00faltimos a\u00f1os debido a su capacidad para alterar los patrones de lluvia, elevar temperaturas y aumentar el riesgo de fen\u00f3menos extremos como <strong>inundaciones, sequ\u00edas y olas de calor<\/strong>.<\/p>\n\n\n\n<p class=\"wp-block-paragraph\">El secretario general de las <strong>Naciones Unidas<\/strong>, Ant\u00f3nio Guterres, resumi\u00f3 la magnitud del escenario con una advertencia directa: <strong>\u201cEl Ni\u00f1o se est\u00e1 volviendo gigantesco ante nuestros ojos\u201d<\/strong>.<\/p>\n\n\n\n<p class=\"wp-block-paragraph\">La preocupaci\u00f3n internacional aumenta porque el fen\u00f3meno ocurre en un planeta que ya enfrenta temperaturas r\u00e9cord debido al calentamiento global.<\/p>\n\n\n\n<h1 class=\"wp-block-heading\"><strong>\u00bfPor qu\u00e9 preocupa tanto este Fen\u00f3meno de El Ni\u00f1o?<\/strong><\/h1>\n\n\n\n<p class=\"wp-block-paragraph\">El Ni\u00f1o es un evento clim\u00e1tico natural que ocurre cuando las aguas superficiales del <strong>Pac\u00edfico ecuatorial central y oriental<\/strong> registran temperaturas superiores a lo normal.<\/p>\n\n\n\n<p class=\"wp-block-paragraph\">Ese calentamiento modifica la circulaci\u00f3n atmosf\u00e9rica, cambia los patrones de viento y altera la distribuci\u00f3n de lluvias en diferentes regiones del mundo.<\/p>\n\n\n\n<p class=\"wp-block-paragraph\">Aunque no es provocado por el cambio clim\u00e1tico, los cient\u00edficos advierten que el calentamiento global puede intensificar sus consecuencias.<\/p>\n\n\n\n<p class=\"wp-block-paragraph\">Seg\u00fan la OMM, existe una probabilidad cercana al <strong>100 % de que el episodio actual contin\u00fae hasta febrero de 2027<\/strong>, aunque la intensidad exacta de sus impactos depender\u00e1 de la evoluci\u00f3n de las condiciones oce\u00e1nicas y atmosf\u00e9ricas.<\/p>\n\n\n\n<p class=\"wp-block-paragraph\">La directora de la OMM, <strong>Celeste Saulo<\/strong>, alert\u00f3 que este evento tiene el potencial de generar un impacto fuerte en comunidades y econom\u00edas debido a sus efectos sobre sectores esenciales como:<\/p>\n\n\n\n<ul class=\"wp-block-list\">\n<li><strong>Agricultura<\/strong><\/li>\n\n\n\n<li><strong>Disponibilidad de agua<\/strong><\/li>\n\n\n\n<li><strong>Producci\u00f3n energ\u00e9tica<\/strong><\/li>\n\n\n\n<li><strong>Salud p\u00fablica<\/strong><\/li>\n\n\n\n<li><strong>Infraestructura urbana<\/strong><\/li>\n<\/ul>\n\n\n\n<h1 class=\"wp-block-heading\"><strong>Ecuador vuelve a estar en el centro de la alerta clim\u00e1tica<\/strong><\/h1>\n\n\n\n<p class=\"wp-block-paragraph\">Para Ecuador, el regreso de un <strong>Fen\u00f3meno de El Ni\u00f1o fuerte<\/strong> genera especial preocupaci\u00f3n por los antecedentes hist\u00f3ricos.<\/p>\n\n\n\n<p class=\"wp-block-paragraph\">El pa\u00eds todav\u00eda recuerda el impacto del evento de <strong>1997-1998<\/strong>, considerado uno de los m\u00e1s intensos registrados. En aquella ocasi\u00f3n, las lluvias provocaron inundaciones, da\u00f1os en infraestructura, p\u00e9rdidas agr\u00edcolas y desplazamiento de miles de personas.<\/p>\n\n\n\n<p class=\"wp-block-paragraph\">Ahora, las autoridades mantienen vigilancia debido a que Ecuador se encuentra entre los pa\u00edses que podr\u00edan recibir impactos importantes por la evoluci\u00f3n del fen\u00f3meno.<\/p>\n\n\n\n<p class=\"wp-block-paragraph\">Sin embargo, expertos aclaran que El Ni\u00f1o no significa necesariamente lluvias constantes en todo el territorio nacional.<\/p>\n\n\n\n<p class=\"wp-block-paragraph\">El comportamiento clim\u00e1tico puede ser diferente seg\u00fan la regi\u00f3n:<\/p>\n\n\n\n<h3 class=\"wp-block-heading\"><strong>Costa ecuatoriana<\/strong><\/h3>\n\n\n\n<p class=\"wp-block-paragraph\">La principal preocupaci\u00f3n est\u00e1 relacionada con:<\/p>\n\n\n\n<ul class=\"wp-block-list\">\n<li>Episodios de lluvias intensas.<\/li>\n\n\n\n<li>Inundaciones.<\/li>\n\n\n\n<li>Desbordamientos de r\u00edos.<\/li>\n\n\n\n<li>Oleajes fuertes.<\/li>\n\n\n\n<li>Afectaciones en zonas cercanas al mar.<\/li>\n<\/ul>\n\n\n\n<p class=\"wp-block-paragraph\">Actualmente ya se han registrado eventos puntuales de precipitaciones y problemas asociados con mareas elevadas y aguajes.<\/p>\n\n\n\n<h3 class=\"wp-block-heading\"><strong>Regi\u00f3n Sierra<\/strong><\/h3>\n\n\n\n<p class=\"wp-block-paragraph\">El escenario es distinto. Varias zonas enfrentan:<\/p>\n\n\n\n<ul class=\"wp-block-list\">\n<li>D\u00e9ficit de lluvias.<\/li>\n\n\n\n<li>Temperaturas superiores al promedio.<\/li>\n\n\n\n<li>Mayor presi\u00f3n sobre fuentes de agua.<\/li>\n<\/ul>\n\n\n\n<p class=\"wp-block-paragraph\">Es decir, el fen\u00f3meno puede generar exceso de agua en unas zonas y escasez en otras.<\/p>\n\n\n\n<h1 class=\"wp-block-heading\"><strong>El oc\u00e9ano muestra se\u00f1ales de una fuerte intensificaci\u00f3n<\/strong><\/h1>\n\n\n\n<p class=\"wp-block-paragraph\">Uno de los indicadores m\u00e1s importantes para medir El Ni\u00f1o es la temperatura del oc\u00e9ano Pac\u00edfico.<\/p>\n\n\n\n<p class=\"wp-block-paragraph\">Los registros muestran un aumento considerable de las anomal\u00edas t\u00e9rmicas:<\/p>\n\n\n\n<ul class=\"wp-block-list\">\n<li>Entre mayo y julio, la temperatura del Pac\u00edfico ecuatorial estuvo alrededor de <strong>1,5 \u00b0C por encima de lo normal<\/strong>.<\/li>\n\n\n\n<li>Entre finales de julio y mediados de agosto, los valores semanales llegaron entre <strong>2,2 \u00b0C y 2,6 \u00b0C superiores al promedio<\/strong>.<\/li>\n\n\n\n<li>En algunas zonas profundas del oc\u00e9ano se registraron temperaturas de hasta <strong>8 \u00b0C por encima de la media<\/strong>.<\/li>\n<\/ul>\n\n\n\n<p class=\"wp-block-paragraph\">Estos datos reflejan que el oc\u00e9ano est\u00e1 acumulando una cantidad excepcional de energ\u00eda que posteriormente se libera hacia la atm\u00f3sfera.<\/p>\n\n\n\n<p class=\"wp-block-paragraph\">Ese proceso es uno de los factores que puede elevar las temperaturas globales durante los pr\u00f3ximos meses.<\/p>\n\n\n\n<h1 class=\"wp-block-heading\"><strong>El impacto econ\u00f3mico: agricultura y alimentos bajo presi\u00f3n<\/strong><\/h1>\n\n\n\n<p class=\"wp-block-paragraph\">Uno de los mayores riesgos asociados al Fen\u00f3meno de El Ni\u00f1o est\u00e1 en la producci\u00f3n agr\u00edcola.<\/p>\n\n\n\n<p class=\"wp-block-paragraph\">Las alteraciones del clima pueden afectar cosechas, reducir la disponibilidad de ciertos productos y generar aumentos de precios.<\/p>\n\n\n\n<p class=\"wp-block-paragraph\">Los sectores m\u00e1s vulnerables son aquellos que dependen directamente del comportamiento de las lluvias:<\/p>\n\n\n\n<ul class=\"wp-block-list\">\n<li>Agricultores peque\u00f1os.<\/li>\n\n\n\n<li>Comunidades rurales.<\/li>\n\n\n\n<li>Ganader\u00eda.<\/li>\n\n\n\n<li>Pesca.<\/li>\n<\/ul>\n\n\n\n<p class=\"wp-block-paragraph\">La OMM alert\u00f3 que los efectos de un evento fuerte pueden trasladarse r\u00e1pidamente a la econom\u00eda mundial porque los da\u00f1os en producci\u00f3n agr\u00edcola terminan impactando las cadenas de suministro y el costo de los alimentos.<\/p>\n\n\n\n<h1 class=\"wp-block-heading\"><strong>El Ni\u00f1o y el calentamiento global: una combinaci\u00f3n peligrosa<\/strong><\/h1>\n\n\n\n<p class=\"wp-block-paragraph\">Los cient\u00edficos insisten en que El Ni\u00f1o no causa el calentamiento global, pero s\u00ed puede amplificar temporalmente sus efectos.<\/p>\n\n\n\n<p class=\"wp-block-paragraph\">Despu\u00e9s del \u00faltimo gran episodio de El Ni\u00f1o, ocurrido entre 2023 y 2024, el planeta registr\u00f3 temperaturas hist\u00f3ricas.<\/p>\n\n\n\n<p class=\"wp-block-paragraph\">De hecho, <strong>2024 fue considerado el a\u00f1o m\u00e1s c\u00e1lido registrado<\/strong>, una situaci\u00f3n que encendi\u00f3 las alarmas de la comunidad cient\u00edfica internacional.<\/p>\n\n\n\n<p class=\"wp-block-paragraph\">Ahora, la combinaci\u00f3n entre oc\u00e9anos m\u00e1s calientes y un nuevo episodio fuerte de El Ni\u00f1o aumenta el riesgo de que los pr\u00f3ximos meses est\u00e9n marcados por temperaturas extremas.<\/p>\n\n\n\n<h1 class=\"wp-block-heading\"><strong>Preparaci\u00f3n: la clave para reducir los da\u00f1os<\/strong><\/h1>\n\n\n\n<p class=\"wp-block-paragraph\">Ante este escenario, la OMM pidi\u00f3 a los gobiernos fortalecer sus sistemas de prevenci\u00f3n y respuesta.<\/p>\n\n\n\n<p class=\"wp-block-paragraph\">Las \u00e1reas prioritarias son:<\/p>\n\n\n\n<ul class=\"wp-block-list\">\n<li>Monitoreo meteorol\u00f3gico.<\/li>\n\n\n\n<li>Planes de emergencia.<\/li>\n\n\n\n<li>Protecci\u00f3n de infraestructura.<\/li>\n\n\n\n<li>Manejo adecuado del agua.<\/li>\n\n\n\n<li>Apoyo a sectores agr\u00edcolas.<\/li>\n\n\n\n<li>Preparaci\u00f3n sanitaria.<\/li>\n<\/ul>\n\n\n\n<p class=\"wp-block-paragraph\">En Ecuador, las autoridades deber\u00e1n mantener vigilancia constante sobre zonas vulnerables, especialmente aquellas hist\u00f3ricamente afectadas por inundaciones y deslizamientos.<\/p>\n\n\n\n<h1 class=\"wp-block-heading\"><strong>Un fen\u00f3meno que puede cambiar el clima del planeta<\/strong><\/h1>\n\n\n\n<p class=\"wp-block-paragraph\">El Fen\u00f3meno de El Ni\u00f1o 2026 no representa solamente un cambio temporal en las temperaturas del oc\u00e9ano. Su impacto puede extenderse durante meses y modificar la vida cotidiana de millones de personas.<\/p>\n\n\n\n<p class=\"wp-block-paragraph\">Desde comunidades que enfrentan inundaciones hasta agricultores afectados por cambios en las lluvias, el fen\u00f3meno vuelve a poner sobre la mesa la necesidad de prevenci\u00f3n.<\/p>\n\n\n\n<p class=\"wp-block-paragraph\">La advertencia internacional es clara: el evento todav\u00eda no alcanza su m\u00e1xima intensidad y los pr\u00f3ximos meses ser\u00e1n determinantes para conocer la verdadera dimensi\u00f3n de sus efectos.<\/p>\n\n\n\n<h2 class=\"wp-block-heading\"><strong>Conclusi\u00f3n<\/strong><\/h2>\n\n\n\n<p class=\"wp-block-paragraph\">El <strong>Fen\u00f3meno de El Ni\u00f1o 2026<\/strong> entra en una fase cr\u00edtica. La ONU y la Organizaci\u00f3n Meteorol\u00f3gica Mundial anticipan un episodio fuerte que podr\u00eda extenderse hasta febrero de 2027 y aumentar los riesgos clim\u00e1ticos alrededor del mundo.<\/p>\n\n\n\n<p class=\"wp-block-paragraph\">Para Ecuador, la experiencia del pasado obliga a mirar este escenario con atenci\u00f3n. La diferencia entre una emergencia y una tragedia depender\u00e1, en gran medida, del nivel de preparaci\u00f3n que exista antes de que lleguen los impactos m\u00e1s fuertes.<\/p>\n\n\n\n<p class=\"wp-block-paragraph\"><\/p>\n","protected":false},"excerpt":{"rendered":"<p>El planeta entra en una nueva etapa de alerta clim\u00e1tica. La Organizaci\u00f3n Meteorol\u00f3gica Mundial (OMM) confirm\u00f3 que el Fen\u00f3meno de El Ni\u00f1o 2026 se encuentra claramente establecido y que su intensidad aumentar\u00e1 durante los pr\u00f3ximos meses, alcanzando su punto m\u00e1ximo hacia finales de este a\u00f1o y extendiendo sus efectos hasta febrero de 2027. El organismo [&hellip;]<\/p>\n","protected":false},"author":2,"featured_media":31854,"comment_status":"open","ping_status":"open","sticky":false,"template":"","format":"standard","meta":{"footnotes":""},"categories":[175,59,143],"tags":[],"class_list":["post-31852","post","type-post","status-publish","format-standard","has-post-thumbnail","hentry","category-clima","category-comunidad","category-seguridad"],"yoast_head":"<!-- This site is optimized with the Yoast SEO plugin v28.3 - https:\/\/yoast.com\/product\/yoast-seo-wordpress\/ -->\n<title>Fen\u00f3meno de El Ni\u00f1o 2026: ONU advierte que ser\u00e1 muy fuerte y continuar\u00e1 hasta febrero de 2027<\/title>\n<meta name=\"description\" content=\"La Organizaci\u00f3n Meteorol\u00f3gica Mundial advierte que el Fen\u00f3meno de El Ni\u00f1o 2026 alcanzar\u00e1 una intensidad excepcional y sus efectos podr\u00edan prolongarse hasta febrero de 2027, con riesgos de inundaciones, sequ\u00edas y temperaturas extremas.\" \/>\n<meta name=\"robots\" content=\"index, follow, max-snippet:-1, max-image-preview:large, max-video-preview:-1\" \/>\n<link rel=\"canonical\" href=\"https:\/\/foreverfutbol.com.ec\/radio\/comunidad\/fenomeno-el-nino-2026-onu-alerta-impacto-ecuador-hasta-2027\/\" \/>\n<meta property=\"og:locale\" content=\"es_ES\" \/>\n<meta property=\"og:type\" content=\"article\" \/>\n<meta property=\"og:title\" content=\"Fen\u00f3meno de El Ni\u00f1o 2026: ONU advierte que ser\u00e1 muy fuerte y continuar\u00e1 hasta febrero de 2027\" \/>\n<meta property=\"og:description\" content=\"La Organizaci\u00f3n Meteorol\u00f3gica Mundial advierte que el Fen\u00f3meno de El Ni\u00f1o 2026 alcanzar\u00e1 una intensidad excepcional y sus efectos podr\u00edan prolongarse hasta febrero de 2027, con riesgos de inundaciones, sequ\u00edas y temperaturas extremas.\" \/>\n<meta property=\"og:url\" content=\"https:\/\/foreverfutbol.com.ec\/radio\/comunidad\/fenomeno-el-nino-2026-onu-alerta-impacto-ecuador-hasta-2027\/\" \/>\n<meta property=\"og:site_name\" content=\"92.5 FOREVER Radio\" \/>\n<meta property=\"article:publisher\" content=\"https:\/\/www.facebook.com\/profile.php?id=100063550693491\" \/>\n<meta property=\"article:published_time\" content=\"2026-09-03T19:42:10+00:00\" \/>\n<meta property=\"article:modified_time\" content=\"2026-09-03T19:42:11+00:00\" \/>\n<meta property=\"og:image\" content=\"https:\/\/foreverfutbol.com.ec\/radio\/wp-content\/uploads\/2026\/09\/images-73.webp\" \/>\n\t<meta property=\"og:image:width\" content=\"640\" \/>\n\t<meta property=\"og:image:height\" content=\"480\" \/>\n\t<meta property=\"og:image:type\" content=\"image\/webp\" \/>\n<meta name=\"author\" content=\"Carlos Alberto Vergara\" \/>\n<meta name=\"twitter:card\" content=\"summary_large_image\" \/>\n<meta name=\"twitter:creator\" content=\"@925forever\" \/>\n<meta name=\"twitter:site\" content=\"@925forever\" \/>\n<meta name=\"twitter:label1\" content=\"Escrito por\" \/>\n\t<meta name=\"twitter:data1\" content=\"Carlos Alberto Vergara\" \/>\n\t<meta name=\"twitter:label2\" content=\"Tiempo de lectura\" \/>\n\t<meta name=\"twitter:data2\" content=\"6 minutos\" \/>\n<script type=\"application\/ld+json\" class=\"yoast-schema-graph\">{\"@context\":\"https:\\\/\\\/schema.org\",\"@graph\":[{\"@type\":\"Article\",\"@id\":\"https:\\\/\\\/foreverfutbol.com.ec\\\/radio\\\/comunidad\\\/fenomeno-el-nino-2026-onu-alerta-impacto-ecuador-hasta-2027\\\/#article\",\"isPartOf\":{\"@id\":\"https:\\\/\\\/foreverfutbol.com.ec\\\/radio\\\/comunidad\\\/fenomeno-el-nino-2026-onu-alerta-impacto-ecuador-hasta-2027\\\/\"},\"author\":{\"name\":\"Carlos Alberto Vergara\",\"@id\":\"https:\\\/\\\/foreverfutbol.com.ec\\\/radio\\\/#\\\/schema\\\/person\\\/c0757c03685df7a280e9cbe7613a77dc\"},\"headline\":\"El Ni\u00f1o se vuelve \u201cgigantesco\u201d: ONU advierte un fen\u00f3meno clim\u00e1tico extremo que golpear\u00e1 al mundo hasta 2027\",\"datePublished\":\"2026-09-03T19:42:10+00:00\",\"dateModified\":\"2026-09-03T19:42:11+00:00\",\"mainEntityOfPage\":{\"@id\":\"https:\\\/\\\/foreverfutbol.com.ec\\\/radio\\\/comunidad\\\/fenomeno-el-nino-2026-onu-alerta-impacto-ecuador-hasta-2027\\\/\"},\"wordCount\":1194,\"commentCount\":0,\"publisher\":{\"@id\":\"https:\\\/\\\/foreverfutbol.com.ec\\\/radio\\\/#organization\"},\"image\":{\"@id\":\"https:\\\/\\\/foreverfutbol.com.ec\\\/radio\\\/comunidad\\\/fenomeno-el-nino-2026-onu-alerta-impacto-ecuador-hasta-2027\\\/#primaryimage\"},\"thumbnailUrl\":\"https:\\\/\\\/foreverfutbol.com.ec\\\/radio\\\/wp-content\\\/uploads\\\/2026\\\/09\\\/images-73.webp\",\"articleSection\":[\"clima\",\"Comunidad\",\"Seguridad\"],\"inLanguage\":\"es\",\"potentialAction\":[{\"@type\":\"CommentAction\",\"name\":\"Comment\",\"target\":[\"https:\\\/\\\/foreverfutbol.com.ec\\\/radio\\\/comunidad\\\/fenomeno-el-nino-2026-onu-alerta-impacto-ecuador-hasta-2027\\\/#respond\"]}]},{\"@type\":\"WebPage\",\"@id\":\"https:\\\/\\\/foreverfutbol.com.ec\\\/radio\\\/comunidad\\\/fenomeno-el-nino-2026-onu-alerta-impacto-ecuador-hasta-2027\\\/\",\"url\":\"https:\\\/\\\/foreverfutbol.com.ec\\\/radio\\\/comunidad\\\/fenomeno-el-nino-2026-onu-alerta-impacto-ecuador-hasta-2027\\\/\",\"name\":\"Fen\u00f3meno de El Ni\u00f1o 2026: ONU advierte que ser\u00e1 muy fuerte y continuar\u00e1 hasta febrero de 2027\",\"isPartOf\":{\"@id\":\"https:\\\/\\\/foreverfutbol.com.ec\\\/radio\\\/#website\"},\"primaryImageOfPage\":{\"@id\":\"https:\\\/\\\/foreverfutbol.com.ec\\\/radio\\\/comunidad\\\/fenomeno-el-nino-2026-onu-alerta-impacto-ecuador-hasta-2027\\\/#primaryimage\"},\"image\":{\"@id\":\"https:\\\/\\\/foreverfutbol.com.ec\\\/radio\\\/comunidad\\\/fenomeno-el-nino-2026-onu-alerta-impacto-ecuador-hasta-2027\\\/#primaryimage\"},\"thumbnailUrl\":\"https:\\\/\\\/foreverfutbol.com.ec\\\/radio\\\/wp-content\\\/uploads\\\/2026\\\/09\\\/images-73.webp\",\"datePublished\":\"2026-09-03T19:42:10+00:00\",\"dateModified\":\"2026-09-03T19:42:11+00:00\",\"description\":\"La Organizaci\u00f3n Meteorol\u00f3gica Mundial advierte que el Fen\u00f3meno de El Ni\u00f1o 2026 alcanzar\u00e1 una intensidad excepcional y sus efectos podr\u00edan prolongarse hasta febrero de 2027, con riesgos de inundaciones, sequ\u00edas y temperaturas extremas.\",\"breadcrumb\":{\"@id\":\"https:\\\/\\\/foreverfutbol.com.ec\\\/radio\\\/comunidad\\\/fenomeno-el-nino-2026-onu-alerta-impacto-ecuador-hasta-2027\\\/#breadcrumb\"},\"inLanguage\":\"es\",\"potentialAction\":[{\"@type\":\"ReadAction\",\"target\":[\"https:\\\/\\\/foreverfutbol.com.ec\\\/radio\\\/comunidad\\\/fenomeno-el-nino-2026-onu-alerta-impacto-ecuador-hasta-2027\\\/\"]}]},{\"@type\":\"ImageObject\",\"inLanguage\":\"es\",\"@id\":\"https:\\\/\\\/foreverfutbol.com.ec\\\/radio\\\/comunidad\\\/fenomeno-el-nino-2026-onu-alerta-impacto-ecuador-hasta-2027\\\/#primaryimage\",\"url\":\"https:\\\/\\\/foreverfutbol.com.ec\\\/radio\\\/wp-content\\\/uploads\\\/2026\\\/09\\\/images-73.webp\",\"contentUrl\":\"https:\\\/\\\/foreverfutbol.com.ec\\\/radio\\\/wp-content\\\/uploads\\\/2026\\\/09\\\/images-73.webp\",\"width\":640,\"height\":480,\"caption\":\"fenomeno de ni\u00f1o\"},{\"@type\":\"BreadcrumbList\",\"@id\":\"https:\\\/\\\/foreverfutbol.com.ec\\\/radio\\\/comunidad\\\/fenomeno-el-nino-2026-onu-alerta-impacto-ecuador-hasta-2027\\\/#breadcrumb\",\"itemListElement\":[{\"@type\":\"ListItem\",\"position\":1,\"name\":\"Portada\",\"item\":\"https:\\\/\\\/foreverfutbol.com.ec\\\/radio\\\/\"},{\"@type\":\"ListItem\",\"position\":2,\"name\":\"El Ni\u00f1o se vuelve \u201cgigantesco\u201d: ONU advierte un fen\u00f3meno clim\u00e1tico extremo que golpear\u00e1 al mundo hasta 2027\"}]},{\"@type\":\"WebSite\",\"@id\":\"https:\\\/\\\/foreverfutbol.com.ec\\\/radio\\\/#website\",\"url\":\"https:\\\/\\\/foreverfutbol.com.ec\\\/radio\\\/\",\"name\":\"92.5 FOREVER Radio\",\"description\":\"\",\"publisher\":{\"@id\":\"https:\\\/\\\/foreverfutbol.com.ec\\\/radio\\\/#organization\"},\"potentialAction\":[{\"@type\":\"SearchAction\",\"target\":{\"@type\":\"EntryPoint\",\"urlTemplate\":\"https:\\\/\\\/foreverfutbol.com.ec\\\/radio\\\/?s={search_term_string}\"},\"query-input\":{\"@type\":\"PropertyValueSpecification\",\"valueRequired\":true,\"valueName\":\"search_term_string\"}}],\"inLanguage\":\"es\"},{\"@type\":\"Organization\",\"@id\":\"https:\\\/\\\/foreverfutbol.com.ec\\\/radio\\\/#organization\",\"name\":\"92.5 FOREVER Radio\",\"url\":\"https:\\\/\\\/foreverfutbol.com.ec\\\/radio\\\/\",\"logo\":{\"@type\":\"ImageObject\",\"inLanguage\":\"es\",\"@id\":\"https:\\\/\\\/foreverfutbol.com.ec\\\/radio\\\/#\\\/schema\\\/logo\\\/image\\\/\",\"url\":\"https:\\\/\\\/foreverfutbol.com.ec\\\/radio\\\/wp-content\\\/uploads\\\/2024\\\/01\\\/cropped-logo-forever.png\",\"contentUrl\":\"https:\\\/\\\/foreverfutbol.com.ec\\\/radio\\\/wp-content\\\/uploads\\\/2024\\\/01\\\/cropped-logo-forever.png\",\"width\":180,\"height\":154,\"caption\":\"92.5 FOREVER Radio\"},\"image\":{\"@id\":\"https:\\\/\\\/foreverfutbol.com.ec\\\/radio\\\/#\\\/schema\\\/logo\\\/image\\\/\"},\"sameAs\":[\"https:\\\/\\\/www.facebook.com\\\/profile.php?id=100063550693491\",\"https:\\\/\\\/x.com\\\/925forever\",\"https:\\\/\\\/www.instagram.com\\\/radioforever925\\\/\"]},{\"@type\":\"Person\",\"@id\":\"https:\\\/\\\/foreverfutbol.com.ec\\\/radio\\\/#\\\/schema\\\/person\\\/c0757c03685df7a280e9cbe7613a77dc\",\"name\":\"Carlos Alberto Vergara\",\"image\":{\"@type\":\"ImageObject\",\"inLanguage\":\"es\",\"@id\":\"https:\\\/\\\/secure.gravatar.com\\\/avatar\\\/87cee2115792489869e0755f650418b784c3f52f3ea9d58816a0e7dae27a4e7b?s=96&d=mm&r=g\",\"url\":\"https:\\\/\\\/secure.gravatar.com\\\/avatar\\\/87cee2115792489869e0755f650418b784c3f52f3ea9d58816a0e7dae27a4e7b?s=96&d=mm&r=g\",\"contentUrl\":\"https:\\\/\\\/secure.gravatar.com\\\/avatar\\\/87cee2115792489869e0755f650418b784c3f52f3ea9d58816a0e7dae27a4e7b?s=96&d=mm&r=g\",\"caption\":\"Carlos Alberto Vergara\"},\"sameAs\":[\"http:\\\/\\\/raizend2702@gmail.com\"],\"url\":\"https:\\\/\\\/foreverfutbol.com.ec\\\/radio\\\/author\\\/carlos-alberto-vergara\\\/\"}]}<\/script>\n<!-- \/ Yoast SEO plugin. -->","yoast_head_json":{"title":"Fen\u00f3meno de El Ni\u00f1o 2026: ONU advierte que ser\u00e1 muy fuerte y continuar\u00e1 hasta febrero de 2027","description":"La Organizaci\u00f3n Meteorol\u00f3gica Mundial advierte que el Fen\u00f3meno de El Ni\u00f1o 2026 alcanzar\u00e1 una intensidad excepcional y sus efectos podr\u00edan prolongarse hasta febrero de 2027, con riesgos de inundaciones, sequ\u00edas y temperaturas extremas.","robots":{"index":"index","follow":"follow","max-snippet":"max-snippet:-1","max-image-preview":"max-image-preview:large","max-video-preview":"max-video-preview:-1"},"canonical":"https:\/\/foreverfutbol.com.ec\/radio\/comunidad\/fenomeno-el-nino-2026-onu-alerta-impacto-ecuador-hasta-2027\/","og_locale":"es_ES","og_type":"article","og_title":"Fen\u00f3meno de El Ni\u00f1o 2026: ONU advierte que ser\u00e1 muy fuerte y continuar\u00e1 hasta febrero de 2027","og_description":"La Organizaci\u00f3n Meteorol\u00f3gica Mundial advierte que el Fen\u00f3meno de El Ni\u00f1o 2026 alcanzar\u00e1 una intensidad excepcional y sus efectos podr\u00edan prolongarse hasta febrero de 2027, con riesgos de inundaciones, sequ\u00edas y temperaturas extremas.","og_url":"https:\/\/foreverfutbol.com.ec\/radio\/comunidad\/fenomeno-el-nino-2026-onu-alerta-impacto-ecuador-hasta-2027\/","og_site_name":"92.5 FOREVER Radio","article_publisher":"https:\/\/www.facebook.com\/profile.php?id=100063550693491","article_published_time":"2026-09-03T19:42:10+00:00","article_modified_time":"2026-09-03T19:42:11+00:00","og_image":[{"width":640,"height":480,"url":"https:\/\/foreverfutbol.com.ec\/radio\/wp-content\/uploads\/2026\/09\/images-73.webp","type":"image\/webp"}],"author":"Carlos Alberto Vergara","twitter_card":"summary_large_image","twitter_creator":"@925forever","twitter_site":"@925forever","twitter_misc":{"Escrito por":"Carlos Alberto Vergara","Tiempo de lectura":"6 minutos"},"schema":{"@context":"https:\/\/schema.org","@graph":[{"@type":"Article","@id":"https:\/\/foreverfutbol.com.ec\/radio\/comunidad\/fenomeno-el-nino-2026-onu-alerta-impacto-ecuador-hasta-2027\/#article","isPartOf":{"@id":"https:\/\/foreverfutbol.com.ec\/radio\/comunidad\/fenomeno-el-nino-2026-onu-alerta-impacto-ecuador-hasta-2027\/"},"author":{"name":"Carlos Alberto Vergara","@id":"https:\/\/foreverfutbol.com.ec\/radio\/#\/schema\/person\/c0757c03685df7a280e9cbe7613a77dc"},"headline":"El Ni\u00f1o se vuelve \u201cgigantesco\u201d: ONU advierte un fen\u00f3meno clim\u00e1tico extremo que golpear\u00e1 al mundo hasta 2027","datePublished":"2026-09-03T19:42:10+00:00","dateModified":"2026-09-03T19:42:11+00:00","mainEntityOfPage":{"@id":"https:\/\/foreverfutbol.com.ec\/radio\/comunidad\/fenomeno-el-nino-2026-onu-alerta-impacto-ecuador-hasta-2027\/"},"wordCount":1194,"commentCount":0,"publisher":{"@id":"https:\/\/foreverfutbol.com.ec\/radio\/#organization"},"image":{"@id":"https:\/\/foreverfutbol.com.ec\/radio\/comunidad\/fenomeno-el-nino-2026-onu-alerta-impacto-ecuador-hasta-2027\/#primaryimage"},"thumbnailUrl":"https:\/\/foreverfutbol.com.ec\/radio\/wp-content\/uploads\/2026\/09\/images-73.webp","articleSection":["clima","Comunidad","Seguridad"],"inLanguage":"es","potentialAction":[{"@type":"CommentAction","name":"Comment","target":["https:\/\/foreverfutbol.com.ec\/radio\/comunidad\/fenomeno-el-nino-2026-onu-alerta-impacto-ecuador-hasta-2027\/#respond"]}]},{"@type":"WebPage","@id":"https:\/\/foreverfutbol.com.ec\/radio\/comunidad\/fenomeno-el-nino-2026-onu-alerta-impacto-ecuador-hasta-2027\/","url":"https:\/\/foreverfutbol.com.ec\/radio\/comunidad\/fenomeno-el-nino-2026-onu-alerta-impacto-ecuador-hasta-2027\/","name":"Fen\u00f3meno de El Ni\u00f1o 2026: ONU advierte que ser\u00e1 muy fuerte y continuar\u00e1 hasta febrero de 2027","isPartOf":{"@id":"https:\/\/foreverfutbol.com.ec\/radio\/#website"},"primaryImageOfPage":{"@id":"https:\/\/foreverfutbol.com.ec\/radio\/comunidad\/fenomeno-el-nino-2026-onu-alerta-impacto-ecuador-hasta-2027\/#primaryimage"},"image":{"@id":"https:\/\/foreverfutbol.com.ec\/radio\/comunidad\/fenomeno-el-nino-2026-onu-alerta-impacto-ecuador-hasta-2027\/#primaryimage"},"thumbnailUrl":"https:\/\/foreverfutbol.com.ec\/radio\/wp-content\/uploads\/2026\/09\/images-73.webp","datePublished":"2026-09-03T19:42:10+00:00","dateModified":"2026-09-03T19:42:11+00:00","description":"La Organizaci\u00f3n Meteorol\u00f3gica Mundial advierte que el Fen\u00f3meno de El Ni\u00f1o 2026 alcanzar\u00e1 una intensidad excepcional y sus efectos podr\u00edan prolongarse hasta febrero de 2027, con riesgos de inundaciones, sequ\u00edas y temperaturas extremas.","breadcrumb":{"@id":"https:\/\/foreverfutbol.com.ec\/radio\/comunidad\/fenomeno-el-nino-2026-onu-alerta-impacto-ecuador-hasta-2027\/#breadcrumb"},"inLanguage":"es","potentialAction":[{"@type":"ReadAction","target":["https:\/\/foreverfutbol.com.ec\/radio\/comunidad\/fenomeno-el-nino-2026-onu-alerta-impacto-ecuador-hasta-2027\/"]}]},{"@type":"ImageObject","inLanguage":"es","@id":"https:\/\/foreverfutbol.com.ec\/radio\/comunidad\/fenomeno-el-nino-2026-onu-alerta-impacto-ecuador-hasta-2027\/#primaryimage","url":"https:\/\/foreverfutbol.com.ec\/radio\/wp-content\/uploads\/2026\/09\/images-73.webp","contentUrl":"https:\/\/foreverfutbol.com.ec\/radio\/wp-content\/uploads\/2026\/09\/images-73.webp","width":640,"height":480,"caption":"fenomeno de ni\u00f1o"},{"@type":"BreadcrumbList","@id":"https:\/\/foreverfutbol.com.ec\/radio\/comunidad\/fenomeno-el-nino-2026-onu-alerta-impacto-ecuador-hasta-2027\/#breadcrumb","itemListElement":[{"@type":"ListItem","position":1,"name":"Portada","item":"https:\/\/foreverfutbol.com.ec\/radio\/"},{"@type":"ListItem","position":2,"name":"El Ni\u00f1o se vuelve \u201cgigantesco\u201d: ONU advierte un fen\u00f3meno clim\u00e1tico extremo que golpear\u00e1 al mundo hasta 2027"}]},{"@type":"WebSite","@id":"https:\/\/foreverfutbol.com.ec\/radio\/#website","url":"https:\/\/foreverfutbol.com.ec\/radio\/","name":"92.5 FOREVER Radio","description":"","publisher":{"@id":"https:\/\/foreverfutbol.com.ec\/radio\/#organization"},"potentialAction":[{"@type":"SearchAction","target":{"@type":"EntryPoint","urlTemplate":"https:\/\/foreverfutbol.com.ec\/radio\/?s={search_term_string}"},"query-input":{"@type":"PropertyValueSpecification","valueRequired":true,"valueName":"search_term_string"}}],"inLanguage":"es"},{"@type":"Organization","@id":"https:\/\/foreverfutbol.com.ec\/radio\/#organization","name":"92.5 FOREVER Radio","url":"https:\/\/foreverfutbol.com.ec\/radio\/","logo":{"@type":"ImageObject","inLanguage":"es","@id":"https:\/\/foreverfutbol.com.ec\/radio\/#\/schema\/logo\/image\/","url":"https:\/\/foreverfutbol.com.ec\/radio\/wp-content\/uploads\/2024\/01\/cropped-logo-forever.png","contentUrl":"https:\/\/foreverfutbol.com.ec\/radio\/wp-content\/uploads\/2024\/01\/cropped-logo-forever.png","width":180,"height":154,"caption":"92.5 FOREVER Radio"},"image":{"@id":"https:\/\/foreverfutbol.com.ec\/radio\/#\/schema\/logo\/image\/"},"sameAs":["https:\/\/www.facebook.com\/profile.php?id=100063550693491","https:\/\/x.com\/925forever","https:\/\/www.instagram.com\/radioforever925\/"]},{"@type":"Person","@id":"https:\/\/foreverfutbol.com.ec\/radio\/#\/schema\/person\/c0757c03685df7a280e9cbe7613a77dc","name":"Carlos Alberto Vergara","image":{"@type":"ImageObject","inLanguage":"es","@id":"https:\/\/secure.gravatar.com\/avatar\/87cee2115792489869e0755f650418b784c3f52f3ea9d58816a0e7dae27a4e7b?s=96&d=mm&r=g","url":"https:\/\/secure.gravatar.com\/avatar\/87cee2115792489869e0755f650418b784c3f52f3ea9d58816a0e7dae27a4e7b?s=96&d=mm&r=g","contentUrl":"https:\/\/secure.gravatar.com\/avatar\/87cee2115792489869e0755f650418b784c3f52f3ea9d58816a0e7dae27a4e7b?s=96&d=mm&r=g","caption":"Carlos Alberto Vergara"},"sameAs":["http:\/\/raizend2702@gmail.com"],"url":"https:\/\/foreverfutbol.com.ec\/radio\/author\/carlos-alberto-vergara\/"}]}},"_links":{"self":[{"href":"https:\/\/foreverfutbol.com.ec\/radio\/wp-json\/wp\/v2\/posts\/31852","targetHints":{"allow":["GET"]}}],"collection":[{"href":"https:\/\/foreverfutbol.com.ec\/radio\/wp-json\/wp\/v2\/posts"}],"about":[{"href":"https:\/\/foreverfutbol.com.ec\/radio\/wp-json\/wp\/v2\/types\/post"}],"author":[{"embeddable":true,"href":"https:\/\/foreverfutbol.com.ec\/radio\/wp-json\/wp\/v2\/users\/2"}],"replies":[{"embeddable":true,"href":"https:\/\/foreverfutbol.com.ec\/radio\/wp-json\/wp\/v2\/comments?post=31852"}],"version-history":[{"count":1,"href":"https:\/\/foreverfutbol.com.ec\/radio\/wp-json\/wp\/v2\/posts\/31852\/revisions"}],"predecessor-version":[{"id":31855,"href":"https:\/\/foreverfutbol.com.ec\/radio\/wp-json\/wp\/v2\/posts\/31852\/revisions\/31855"}],"wp:featuredmedia":[{"embeddable":true,"href":"https:\/\/foreverfutbol.com.ec\/radio\/wp-json\/wp\/v2\/media\/31854"}],"wp:attachment":[{"href":"https:\/\/foreverfutbol.com.ec\/radio\/wp-json\/wp\/v2\/media?parent=31852"}],"wp:term":[{"taxonomy":"category","embeddable":true,"href":"https:\/\/foreverfutbol.com.ec\/radio\/wp-json\/wp\/v2\/categories?post=31852"},{"taxonomy":"post_tag","embeddable":true,"href":"https:\/\/foreverfutbol.com.ec\/radio\/wp-json\/wp\/v2\/tags?post=31852"}],"curies":[{"name":"wp","href":"https:\/\/api.w.org\/{rel}","templated":true}]}}