{"id":31846,"date":"2026-09-03T10:36:02","date_gmt":"2026-09-03T15:36:02","guid":{"rendered":"https:\/\/foreverfutbol.com.ec\/radio\/?p=31846"},"modified":"2026-09-03T10:36:02","modified_gmt":"2026-09-03T15:36:02","slug":"bruselas-cuestiona-a-meta-por-sus-medidas-para-proteger-a-menores-en-facebook-e-instagram","status":"publish","type":"post","link":"https:\/\/foreverfutbol.com.ec\/radio\/internacional\/bruselas-cuestiona-a-meta-por-sus-medidas-para-proteger-a-menores-en-facebook-e-instagram\/","title":{"rendered":"Bruselas cuestiona a Meta por sus medidas para proteger a menores en Facebook e Instagram"},"content":{"rendered":"\n<p class=\"wp-block-paragraph\">La Comisi\u00f3n Europea admiti\u00f3 este jueves que Meta no ha puesto \u201cnada satisfactorio\u201d sobre la mesa para cerrar la investigaci\u00f3n abierta por la Uni\u00f3n Europea (UE) sobre la protecci\u00f3n de menores en Facebook e Instagram, m\u00e1s de una semana despu\u00e9s de que la compa\u00f1\u00eda alcanzara un acuerdo con varios estados de EE.UU. sobre el mismo asunto.<\/p>\n\n\n\n<p class=\"wp-block-paragraph\">\u201cLo que est\u00e1 claro es que no tenemos nada satisfactorio sobre la mesa que nos permita cerrar el caso. Eso es un hecho\u201d, afirm\u00f3 el portavoz comunitario Thomas Regnier en la rueda de prensa diaria del Ejecutivo comunitario.<\/p>\n\n\n\n<p class=\"wp-block-paragraph\">Frente a las cr\u00edticas de lentitud, Regnier defendi\u00f3 los plazos de Bruselas: \u201cEl caso en EE.UU. tard\u00f3 tres a\u00f1os y el acuerdo se aplicar\u00e1 a lo largo de diez a\u00f1os, (as\u00ed que) son trece a\u00f1os\u201d en total, dijo, frente a los \u201cdos a\u00f1os\u201d que ha tardado la Comisi\u00f3n en llegar a conclusiones preliminares similares bajo la Ley de Servicios Digitales (DSA, por sus siglas en ingl\u00e9s).<\/p>\n\n\n\n<p class=\"wp-block-paragraph\">\u201cQueremos ser r\u00e1pidos y eficaces y haremos cumplir nuestra legislaci\u00f3n con firmeza\u201d, remach\u00f3.<\/p>\n\n\n\n<p class=\"wp-block-paragraph\">Adem\u00e1s, el portavoz insisti\u00f3 en que Bruselas no cerrar\u00e1 el caso con medidas parciales: \u201cNo vamos a cerrar el caso con una o dos salvaguardas. No es para eso para lo que se ha construido la DSA\u201d.<\/p>\n\n\n\n<p class=\"wp-block-paragraph\">Una investigaci\u00f3n de la Comisi\u00f3n concluy\u00f3 de forma preliminar el 10 de julio que el dise\u00f1o \u201cadictivo\u201d de Instagram y Facebook incumple la DSA, al no haber evaluado Meta adecuadamente los riesgos que ciertas funciones -como el \u2018scroll\u2019 infinito, la reproducci\u00f3n autom\u00e1tica, las notificaciones \u2018push\u2019 y los sistemas de recomendaci\u00f3n personalizados- representan para el bienestar f\u00edsico y mental de los usuarios, incluidos menores y adultos vulnerables.<\/p>\n\n\n\n<p class=\"wp-block-paragraph\">Meta se enfrenta a una multa de hasta el 6 % de su facturaci\u00f3n mundial anual si se confirman las conclusiones preliminares de julio, lo que podr\u00eda superar los 11.000 millones de euros.<\/p>\n\n\n\n<p class=\"wp-block-paragraph\">Regnier confirm\u00f3 que \u201cMeta est\u00e1 dialogando con la Comisi\u00f3n\u201d de forma continua, pero remarc\u00f3 que la v\u00eda de la DSA no es la \u00fanica y que Bruselas prepara una propuesta espec\u00edfica sobre el uso de redes sociales por menores, que se presentar\u00e1 \u201cun poco m\u00e1s adelante\u201d.<\/p>\n\n\n\n<p class=\"wp-block-paragraph\">La presidenta de la Comisi\u00f3n, Ursula von der Leyen, tiene previsto perfilar las l\u00edneas de esa futura propuesta sobre el acceso de menores a las redes sociales en su discurso sobre el Estado de la Uni\u00f3n, programado para el 16 de septiembre en Estrasburgo (Francia).<\/p>\n\n\n\n<p class=\"wp-block-paragraph\">Asimismo, la Comisi\u00f3n confirm\u00f3 hoy la recepci\u00f3n de una carta fechada el mi\u00e9rcoles y firmada por 51 eurodiputados, liderada por la liberal francesa St\u00e9phanie Yon-Courtin, que reclama al Ejecutivo comunitario actuar \u201csin m\u00e1s demora\u201d contra Meta. (I)<\/p>\n\n\n\n<p class=\"wp-block-paragraph\"><\/p>\n","protected":false},"excerpt":{"rendered":"<p>La Comisi\u00f3n Europea admiti\u00f3 este jueves que Meta no ha puesto \u201cnada satisfactorio\u201d sobre la mesa para cerrar la investigaci\u00f3n abierta por la Uni\u00f3n Europea (UE) sobre la protecci\u00f3n de menores en Facebook e Instagram, m\u00e1s de una semana despu\u00e9s de que la compa\u00f1\u00eda alcanzara un acuerdo con varios estados de EE.UU. sobre el mismo [&hellip;]<\/p>\n","protected":false},"author":1,"featured_media":31847,"comment_status":"open","ping_status":"open","sticky":false,"template":"","format":"standard","meta":{"footnotes":""},"categories":[54],"tags":[],"class_list":["post-31846","post","type-post","status-publish","format-standard","has-post-thumbnail","hentry","category-internacional"],"yoast_head":"<!-- This site is optimized with the Yoast SEO plugin v28.3 - https:\/\/yoast.com\/product\/yoast-seo-wordpress\/ -->\n<title>Bruselas cuestiona a Meta por sus medidas para proteger a menores en Facebook e Instagram - 92.5 FOREVER Radio<\/title>\n<meta name=\"description\" content=\"Bruselas mantiene bajo investigaci\u00f3n a Meta por la protecci\u00f3n de menores en Facebook e Instagram y cuestiona el dise\u00f1o adictivo\" \/>\n<meta name=\"robots\" content=\"index, follow, max-snippet:-1, max-image-preview:large, max-video-preview:-1\" \/>\n<link rel=\"canonical\" href=\"https:\/\/foreverfutbol.com.ec\/radio\/internacional\/bruselas-cuestiona-a-meta-por-sus-medidas-para-proteger-a-menores-en-facebook-e-instagram\/\" \/>\n<meta property=\"og:locale\" content=\"es_ES\" \/>\n<meta property=\"og:type\" content=\"article\" \/>\n<meta property=\"og:title\" content=\"Bruselas cuestiona a Meta por sus medidas para proteger a menores en Facebook e Instagram - 92.5 FOREVER Radio\" \/>\n<meta property=\"og:description\" content=\"Bruselas mantiene bajo investigaci\u00f3n a Meta por la protecci\u00f3n de menores en Facebook e Instagram y cuestiona el dise\u00f1o adictivo\" \/>\n<meta property=\"og:url\" content=\"https:\/\/foreverfutbol.com.ec\/radio\/internacional\/bruselas-cuestiona-a-meta-por-sus-medidas-para-proteger-a-menores-en-facebook-e-instagram\/\" \/>\n<meta property=\"og:site_name\" content=\"92.5 FOREVER Radio\" \/>\n<meta property=\"article:publisher\" content=\"https:\/\/www.facebook.com\/profile.php?id=100063550693491\" \/>\n<meta property=\"article:published_time\" content=\"2026-09-03T15:36:02+00:00\" \/>\n<meta name=\"author\" content=\"Ricardo Rodriguez\" \/>\n<meta name=\"twitter:card\" content=\"summary_large_image\" \/>\n<meta name=\"twitter:creator\" content=\"@925forever\" \/>\n<meta name=\"twitter:site\" content=\"@925forever\" \/>\n<meta name=\"twitter:label1\" content=\"Escrito por\" \/>\n\t<meta name=\"twitter:data1\" content=\"Ricardo Rodriguez\" \/>\n\t<meta name=\"twitter:label2\" content=\"Tiempo de lectura\" \/>\n\t<meta name=\"twitter:data2\" content=\"3 minutos\" \/>\n<script type=\"application\/ld+json\" class=\"yoast-schema-graph\">{\"@context\":\"https:\\\/\\\/schema.org\",\"@graph\":[{\"@type\":\"Article\",\"@id\":\"https:\\\/\\\/foreverfutbol.com.ec\\\/radio\\\/internacional\\\/bruselas-cuestiona-a-meta-por-sus-medidas-para-proteger-a-menores-en-facebook-e-instagram\\\/#article\",\"isPartOf\":{\"@id\":\"https:\\\/\\\/foreverfutbol.com.ec\\\/radio\\\/internacional\\\/bruselas-cuestiona-a-meta-por-sus-medidas-para-proteger-a-menores-en-facebook-e-instagram\\\/\"},\"author\":{\"name\":\"Ricardo Rodriguez\",\"@id\":\"https:\\\/\\\/foreverfutbol.com.ec\\\/radio\\\/#\\\/schema\\\/person\\\/2f679dd16f889ac00df6e7b648062a01\"},\"headline\":\"Bruselas cuestiona a Meta por sus medidas para proteger a menores en Facebook e Instagram\",\"datePublished\":\"2026-09-03T15:36:02+00:00\",\"mainEntityOfPage\":{\"@id\":\"https:\\\/\\\/foreverfutbol.com.ec\\\/radio\\\/internacional\\\/bruselas-cuestiona-a-meta-por-sus-medidas-para-proteger-a-menores-en-facebook-e-instagram\\\/\"},\"wordCount\":486,\"commentCount\":0,\"publisher\":{\"@id\":\"https:\\\/\\\/foreverfutbol.com.ec\\\/radio\\\/#organization\"},\"image\":{\"@id\":\"https:\\\/\\\/foreverfutbol.com.ec\\\/radio\\\/internacional\\\/bruselas-cuestiona-a-meta-por-sus-medidas-para-proteger-a-menores-en-facebook-e-instagram\\\/#primaryimage\"},\"thumbnailUrl\":\"https:\\\/\\\/foreverfutbol.com.ec\\\/radio\\\/wp-content\\\/uploads\\\/2026\\\/09\\\/J23PG2HWCFHKFDMC2NRDDA43GI.avif\",\"articleSection\":[\"Internacional\"],\"inLanguage\":\"es\",\"potentialAction\":[{\"@type\":\"CommentAction\",\"name\":\"Comment\",\"target\":[\"https:\\\/\\\/foreverfutbol.com.ec\\\/radio\\\/internacional\\\/bruselas-cuestiona-a-meta-por-sus-medidas-para-proteger-a-menores-en-facebook-e-instagram\\\/#respond\"]}]},{\"@type\":\"WebPage\",\"@id\":\"https:\\\/\\\/foreverfutbol.com.ec\\\/radio\\\/internacional\\\/bruselas-cuestiona-a-meta-por-sus-medidas-para-proteger-a-menores-en-facebook-e-instagram\\\/\",\"url\":\"https:\\\/\\\/foreverfutbol.com.ec\\\/radio\\\/internacional\\\/bruselas-cuestiona-a-meta-por-sus-medidas-para-proteger-a-menores-en-facebook-e-instagram\\\/\",\"name\":\"Bruselas cuestiona a Meta por sus medidas para proteger a menores en Facebook e Instagram - 92.5 FOREVER Radio\",\"isPartOf\":{\"@id\":\"https:\\\/\\\/foreverfutbol.com.ec\\\/radio\\\/#website\"},\"primaryImageOfPage\":{\"@id\":\"https:\\\/\\\/foreverfutbol.com.ec\\\/radio\\\/internacional\\\/bruselas-cuestiona-a-meta-por-sus-medidas-para-proteger-a-menores-en-facebook-e-instagram\\\/#primaryimage\"},\"image\":{\"@id\":\"https:\\\/\\\/foreverfutbol.com.ec\\\/radio\\\/internacional\\\/bruselas-cuestiona-a-meta-por-sus-medidas-para-proteger-a-menores-en-facebook-e-instagram\\\/#primaryimage\"},\"thumbnailUrl\":\"https:\\\/\\\/foreverfutbol.com.ec\\\/radio\\\/wp-content\\\/uploads\\\/2026\\\/09\\\/J23PG2HWCFHKFDMC2NRDDA43GI.avif\",\"datePublished\":\"2026-09-03T15:36:02+00:00\",\"description\":\"Bruselas mantiene bajo investigaci\u00f3n a Meta por la protecci\u00f3n de menores en Facebook e Instagram y cuestiona el dise\u00f1o adictivo\",\"breadcrumb\":{\"@id\":\"https:\\\/\\\/foreverfutbol.com.ec\\\/radio\\\/internacional\\\/bruselas-cuestiona-a-meta-por-sus-medidas-para-proteger-a-menores-en-facebook-e-instagram\\\/#breadcrumb\"},\"inLanguage\":\"es\",\"potentialAction\":[{\"@type\":\"ReadAction\",\"target\":[\"https:\\\/\\\/foreverfutbol.com.ec\\\/radio\\\/internacional\\\/bruselas-cuestiona-a-meta-por-sus-medidas-para-proteger-a-menores-en-facebook-e-instagram\\\/\"]}]},{\"@type\":\"ImageObject\",\"inLanguage\":\"es\",\"@id\":\"https:\\\/\\\/foreverfutbol.com.ec\\\/radio\\\/internacional\\\/bruselas-cuestiona-a-meta-por-sus-medidas-para-proteger-a-menores-en-facebook-e-instagram\\\/#primaryimage\",\"url\":\"https:\\\/\\\/foreverfutbol.com.ec\\\/radio\\\/wp-content\\\/uploads\\\/2026\\\/09\\\/J23PG2HWCFHKFDMC2NRDDA43GI.avif\",\"contentUrl\":\"https:\\\/\\\/foreverfutbol.com.ec\\\/radio\\\/wp-content\\\/uploads\\\/2026\\\/09\\\/J23PG2HWCFHKFDMC2NRDDA43GI.avif\",\"width\":1005,\"height\":670,\"caption\":\"Bruselas cuestiona a Meta por sus medidas para proteger a menores en Facebook e Instagram\"},{\"@type\":\"BreadcrumbList\",\"@id\":\"https:\\\/\\\/foreverfutbol.com.ec\\\/radio\\\/internacional\\\/bruselas-cuestiona-a-meta-por-sus-medidas-para-proteger-a-menores-en-facebook-e-instagram\\\/#breadcrumb\",\"itemListElement\":[{\"@type\":\"ListItem\",\"position\":1,\"name\":\"Portada\",\"item\":\"https:\\\/\\\/foreverfutbol.com.ec\\\/radio\\\/\"},{\"@type\":\"ListItem\",\"position\":2,\"name\":\"Bruselas cuestiona a Meta por sus medidas para proteger a menores en Facebook e Instagram\"}]},{\"@type\":\"WebSite\",\"@id\":\"https:\\\/\\\/foreverfutbol.com.ec\\\/radio\\\/#website\",\"url\":\"https:\\\/\\\/foreverfutbol.com.ec\\\/radio\\\/\",\"name\":\"92.5 FOREVER Radio\",\"description\":\"\",\"publisher\":{\"@id\":\"https:\\\/\\\/foreverfutbol.com.ec\\\/radio\\\/#organization\"},\"potentialAction\":[{\"@type\":\"SearchAction\",\"target\":{\"@type\":\"EntryPoint\",\"urlTemplate\":\"https:\\\/\\\/foreverfutbol.com.ec\\\/radio\\\/?s={search_term_string}\"},\"query-input\":{\"@type\":\"PropertyValueSpecification\",\"valueRequired\":true,\"valueName\":\"search_term_string\"}}],\"inLanguage\":\"es\"},{\"@type\":\"Organization\",\"@id\":\"https:\\\/\\\/foreverfutbol.com.ec\\\/radio\\\/#organization\",\"name\":\"92.5 FOREVER Radio\",\"url\":\"https:\\\/\\\/foreverfutbol.com.ec\\\/radio\\\/\",\"logo\":{\"@type\":\"ImageObject\",\"inLanguage\":\"es\",\"@id\":\"https:\\\/\\\/foreverfutbol.com.ec\\\/radio\\\/#\\\/schema\\\/logo\\\/image\\\/\",\"url\":\"https:\\\/\\\/foreverfutbol.com.ec\\\/radio\\\/wp-content\\\/uploads\\\/2024\\\/01\\\/cropped-logo-forever.png\",\"contentUrl\":\"https:\\\/\\\/foreverfutbol.com.ec\\\/radio\\\/wp-content\\\/uploads\\\/2024\\\/01\\\/cropped-logo-forever.png\",\"width\":180,\"height\":154,\"caption\":\"92.5 FOREVER Radio\"},\"image\":{\"@id\":\"https:\\\/\\\/foreverfutbol.com.ec\\\/radio\\\/#\\\/schema\\\/logo\\\/image\\\/\"},\"sameAs\":[\"https:\\\/\\\/www.facebook.com\\\/profile.php?id=100063550693491\",\"https:\\\/\\\/x.com\\\/925forever\",\"https:\\\/\\\/www.instagram.com\\\/radioforever925\\\/\"]},{\"@type\":\"Person\",\"@id\":\"https:\\\/\\\/foreverfutbol.com.ec\\\/radio\\\/#\\\/schema\\\/person\\\/2f679dd16f889ac00df6e7b648062a01\",\"name\":\"Ricardo Rodriguez\",\"image\":{\"@type\":\"ImageObject\",\"inLanguage\":\"es\",\"@id\":\"https:\\\/\\\/secure.gravatar.com\\\/avatar\\\/5d9dfb95700bd0c503ed088d29de94822b5cc66a74cb0362774e6fc534823d07?s=96&d=mm&r=g\",\"url\":\"https:\\\/\\\/secure.gravatar.com\\\/avatar\\\/5d9dfb95700bd0c503ed088d29de94822b5cc66a74cb0362774e6fc534823d07?s=96&d=mm&r=g\",\"contentUrl\":\"https:\\\/\\\/secure.gravatar.com\\\/avatar\\\/5d9dfb95700bd0c503ed088d29de94822b5cc66a74cb0362774e6fc534823d07?s=96&d=mm&r=g\",\"caption\":\"Ricardo Rodriguez\"},\"sameAs\":[\"https:\\\/\\\/foreverfutbol.com.ec\\\/radio\"],\"url\":\"https:\\\/\\\/foreverfutbol.com.ec\\\/radio\\\/author\\\/superdmin\\\/\"}]}<\/script>\n<!-- \/ Yoast SEO plugin. -->","yoast_head_json":{"title":"Bruselas cuestiona a Meta por sus medidas para proteger a menores en Facebook e Instagram - 92.5 FOREVER Radio","description":"Bruselas mantiene bajo investigaci\u00f3n a Meta por la protecci\u00f3n de menores en Facebook e Instagram y cuestiona el dise\u00f1o adictivo","robots":{"index":"index","follow":"follow","max-snippet":"max-snippet:-1","max-image-preview":"max-image-preview:large","max-video-preview":"max-video-preview:-1"},"canonical":"https:\/\/foreverfutbol.com.ec\/radio\/internacional\/bruselas-cuestiona-a-meta-por-sus-medidas-para-proteger-a-menores-en-facebook-e-instagram\/","og_locale":"es_ES","og_type":"article","og_title":"Bruselas cuestiona a Meta por sus medidas para proteger a menores en Facebook e Instagram - 92.5 FOREVER Radio","og_description":"Bruselas mantiene bajo investigaci\u00f3n a Meta por la protecci\u00f3n de menores en Facebook e Instagram y cuestiona el dise\u00f1o adictivo","og_url":"https:\/\/foreverfutbol.com.ec\/radio\/internacional\/bruselas-cuestiona-a-meta-por-sus-medidas-para-proteger-a-menores-en-facebook-e-instagram\/","og_site_name":"92.5 FOREVER Radio","article_publisher":"https:\/\/www.facebook.com\/profile.php?id=100063550693491","article_published_time":"2026-09-03T15:36:02+00:00","author":"Ricardo Rodriguez","twitter_card":"summary_large_image","twitter_creator":"@925forever","twitter_site":"@925forever","twitter_misc":{"Escrito por":"Ricardo Rodriguez","Tiempo de lectura":"3 minutos"},"schema":{"@context":"https:\/\/schema.org","@graph":[{"@type":"Article","@id":"https:\/\/foreverfutbol.com.ec\/radio\/internacional\/bruselas-cuestiona-a-meta-por-sus-medidas-para-proteger-a-menores-en-facebook-e-instagram\/#article","isPartOf":{"@id":"https:\/\/foreverfutbol.com.ec\/radio\/internacional\/bruselas-cuestiona-a-meta-por-sus-medidas-para-proteger-a-menores-en-facebook-e-instagram\/"},"author":{"name":"Ricardo Rodriguez","@id":"https:\/\/foreverfutbol.com.ec\/radio\/#\/schema\/person\/2f679dd16f889ac00df6e7b648062a01"},"headline":"Bruselas cuestiona a Meta por sus medidas para proteger a menores en Facebook e Instagram","datePublished":"2026-09-03T15:36:02+00:00","mainEntityOfPage":{"@id":"https:\/\/foreverfutbol.com.ec\/radio\/internacional\/bruselas-cuestiona-a-meta-por-sus-medidas-para-proteger-a-menores-en-facebook-e-instagram\/"},"wordCount":486,"commentCount":0,"publisher":{"@id":"https:\/\/foreverfutbol.com.ec\/radio\/#organization"},"image":{"@id":"https:\/\/foreverfutbol.com.ec\/radio\/internacional\/bruselas-cuestiona-a-meta-por-sus-medidas-para-proteger-a-menores-en-facebook-e-instagram\/#primaryimage"},"thumbnailUrl":"https:\/\/foreverfutbol.com.ec\/radio\/wp-content\/uploads\/2026\/09\/J23PG2HWCFHKFDMC2NRDDA43GI.avif","articleSection":["Internacional"],"inLanguage":"es","potentialAction":[{"@type":"CommentAction","name":"Comment","target":["https:\/\/foreverfutbol.com.ec\/radio\/internacional\/bruselas-cuestiona-a-meta-por-sus-medidas-para-proteger-a-menores-en-facebook-e-instagram\/#respond"]}]},{"@type":"WebPage","@id":"https:\/\/foreverfutbol.com.ec\/radio\/internacional\/bruselas-cuestiona-a-meta-por-sus-medidas-para-proteger-a-menores-en-facebook-e-instagram\/","url":"https:\/\/foreverfutbol.com.ec\/radio\/internacional\/bruselas-cuestiona-a-meta-por-sus-medidas-para-proteger-a-menores-en-facebook-e-instagram\/","name":"Bruselas cuestiona a Meta por sus medidas para proteger a menores en Facebook e Instagram - 92.5 FOREVER Radio","isPartOf":{"@id":"https:\/\/foreverfutbol.com.ec\/radio\/#website"},"primaryImageOfPage":{"@id":"https:\/\/foreverfutbol.com.ec\/radio\/internacional\/bruselas-cuestiona-a-meta-por-sus-medidas-para-proteger-a-menores-en-facebook-e-instagram\/#primaryimage"},"image":{"@id":"https:\/\/foreverfutbol.com.ec\/radio\/internacional\/bruselas-cuestiona-a-meta-por-sus-medidas-para-proteger-a-menores-en-facebook-e-instagram\/#primaryimage"},"thumbnailUrl":"https:\/\/foreverfutbol.com.ec\/radio\/wp-content\/uploads\/2026\/09\/J23PG2HWCFHKFDMC2NRDDA43GI.avif","datePublished":"2026-09-03T15:36:02+00:00","description":"Bruselas mantiene bajo investigaci\u00f3n a Meta por la protecci\u00f3n de menores en Facebook e Instagram y cuestiona el dise\u00f1o adictivo","breadcrumb":{"@id":"https:\/\/foreverfutbol.com.ec\/radio\/internacional\/bruselas-cuestiona-a-meta-por-sus-medidas-para-proteger-a-menores-en-facebook-e-instagram\/#breadcrumb"},"inLanguage":"es","potentialAction":[{"@type":"ReadAction","target":["https:\/\/foreverfutbol.com.ec\/radio\/internacional\/bruselas-cuestiona-a-meta-por-sus-medidas-para-proteger-a-menores-en-facebook-e-instagram\/"]}]},{"@type":"ImageObject","inLanguage":"es","@id":"https:\/\/foreverfutbol.com.ec\/radio\/internacional\/bruselas-cuestiona-a-meta-por-sus-medidas-para-proteger-a-menores-en-facebook-e-instagram\/#primaryimage","url":"https:\/\/foreverfutbol.com.ec\/radio\/wp-content\/uploads\/2026\/09\/J23PG2HWCFHKFDMC2NRDDA43GI.avif","contentUrl":"https:\/\/foreverfutbol.com.ec\/radio\/wp-content\/uploads\/2026\/09\/J23PG2HWCFHKFDMC2NRDDA43GI.avif","width":1005,"height":670,"caption":"Bruselas cuestiona a Meta por sus medidas para proteger a menores en Facebook e Instagram"},{"@type":"BreadcrumbList","@id":"https:\/\/foreverfutbol.com.ec\/radio\/internacional\/bruselas-cuestiona-a-meta-por-sus-medidas-para-proteger-a-menores-en-facebook-e-instagram\/#breadcrumb","itemListElement":[{"@type":"ListItem","position":1,"name":"Portada","item":"https:\/\/foreverfutbol.com.ec\/radio\/"},{"@type":"ListItem","position":2,"name":"Bruselas cuestiona a Meta por sus medidas para proteger a menores en Facebook e Instagram"}]},{"@type":"WebSite","@id":"https:\/\/foreverfutbol.com.ec\/radio\/#website","url":"https:\/\/foreverfutbol.com.ec\/radio\/","name":"92.5 FOREVER Radio","description":"","publisher":{"@id":"https:\/\/foreverfutbol.com.ec\/radio\/#organization"},"potentialAction":[{"@type":"SearchAction","target":{"@type":"EntryPoint","urlTemplate":"https:\/\/foreverfutbol.com.ec\/radio\/?s={search_term_string}"},"query-input":{"@type":"PropertyValueSpecification","valueRequired":true,"valueName":"search_term_string"}}],"inLanguage":"es"},{"@type":"Organization","@id":"https:\/\/foreverfutbol.com.ec\/radio\/#organization","name":"92.5 FOREVER Radio","url":"https:\/\/foreverfutbol.com.ec\/radio\/","logo":{"@type":"ImageObject","inLanguage":"es","@id":"https:\/\/foreverfutbol.com.ec\/radio\/#\/schema\/logo\/image\/","url":"https:\/\/foreverfutbol.com.ec\/radio\/wp-content\/uploads\/2024\/01\/cropped-logo-forever.png","contentUrl":"https:\/\/foreverfutbol.com.ec\/radio\/wp-content\/uploads\/2024\/01\/cropped-logo-forever.png","width":180,"height":154,"caption":"92.5 FOREVER Radio"},"image":{"@id":"https:\/\/foreverfutbol.com.ec\/radio\/#\/schema\/logo\/image\/"},"sameAs":["https:\/\/www.facebook.com\/profile.php?id=100063550693491","https:\/\/x.com\/925forever","https:\/\/www.instagram.com\/radioforever925\/"]},{"@type":"Person","@id":"https:\/\/foreverfutbol.com.ec\/radio\/#\/schema\/person\/2f679dd16f889ac00df6e7b648062a01","name":"Ricardo Rodriguez","image":{"@type":"ImageObject","inLanguage":"es","@id":"https:\/\/secure.gravatar.com\/avatar\/5d9dfb95700bd0c503ed088d29de94822b5cc66a74cb0362774e6fc534823d07?s=96&d=mm&r=g","url":"https:\/\/secure.gravatar.com\/avatar\/5d9dfb95700bd0c503ed088d29de94822b5cc66a74cb0362774e6fc534823d07?s=96&d=mm&r=g","contentUrl":"https:\/\/secure.gravatar.com\/avatar\/5d9dfb95700bd0c503ed088d29de94822b5cc66a74cb0362774e6fc534823d07?s=96&d=mm&r=g","caption":"Ricardo Rodriguez"},"sameAs":["https:\/\/foreverfutbol.com.ec\/radio"],"url":"https:\/\/foreverfutbol.com.ec\/radio\/author\/superdmin\/"}]}},"_links":{"self":[{"href":"https:\/\/foreverfutbol.com.ec\/radio\/wp-json\/wp\/v2\/posts\/31846","targetHints":{"allow":["GET"]}}],"collection":[{"href":"https:\/\/foreverfutbol.com.ec\/radio\/wp-json\/wp\/v2\/posts"}],"about":[{"href":"https:\/\/foreverfutbol.com.ec\/radio\/wp-json\/wp\/v2\/types\/post"}],"author":[{"embeddable":true,"href":"https:\/\/foreverfutbol.com.ec\/radio\/wp-json\/wp\/v2\/users\/1"}],"replies":[{"embeddable":true,"href":"https:\/\/foreverfutbol.com.ec\/radio\/wp-json\/wp\/v2\/comments?post=31846"}],"version-history":[{"count":1,"href":"https:\/\/foreverfutbol.com.ec\/radio\/wp-json\/wp\/v2\/posts\/31846\/revisions"}],"predecessor-version":[{"id":31848,"href":"https:\/\/foreverfutbol.com.ec\/radio\/wp-json\/wp\/v2\/posts\/31846\/revisions\/31848"}],"wp:featuredmedia":[{"embeddable":true,"href":"https:\/\/foreverfutbol.com.ec\/radio\/wp-json\/wp\/v2\/media\/31847"}],"wp:attachment":[{"href":"https:\/\/foreverfutbol.com.ec\/radio\/wp-json\/wp\/v2\/media?parent=31846"}],"wp:term":[{"taxonomy":"category","embeddable":true,"href":"https:\/\/foreverfutbol.com.ec\/radio\/wp-json\/wp\/v2\/categories?post=31846"},{"taxonomy":"post_tag","embeddable":true,"href":"https:\/\/foreverfutbol.com.ec\/radio\/wp-json\/wp\/v2\/tags?post=31846"}],"curies":[{"name":"wp","href":"https:\/\/api.w.org\/{rel}","templated":true}]}}