{"id":31831,"date":"2026-09-02T16:35:09","date_gmt":"2026-09-02T21:35:09","guid":{"rendered":"https:\/\/foreverfutbol.com.ec\/radio\/?p=31831"},"modified":"2026-09-02T16:35:10","modified_gmt":"2026-09-02T21:35:10","slug":"cinco-detenidos-en-el-suroeste-de-guayaquil-por-presunto-robo-de-motocicletas","status":"publish","type":"post","link":"https:\/\/foreverfutbol.com.ec\/radio\/seguridad\/cinco-detenidos-en-el-suroeste-de-guayaquil-por-presunto-robo-de-motocicletas\/","title":{"rendered":"Cinco detenidos en el suroeste de Guayaquil por presunto robo de motocicletas"},"content":{"rendered":"\n<p class=\"wp-block-paragraph\">La <strong>Polic\u00eda Judicial de la Zona 8<\/strong> realiz\u00f3 un operativo en el suroeste de <strong>Guayaquil<\/strong> que dej\u00f3 cinco personas aprehendidas por su presunta vinculaci\u00f3n con el <strong>robo de motocicletas<\/strong>. Entre los detenidos se encuentra una mujer.<\/p>\n\n\n\n<p class=\"wp-block-paragraph\">La intervenci\u00f3n se ejecut\u00f3 el <strong>1 de septiembre<\/strong>, luego de que los agentes recibieran informaci\u00f3n reservada y denuncias ciudadanas relacionadas con posibles actividades delictivas en el sector. Los uniformados realizaron allanamientos en la <strong>calle Antepara y callej\u00f3n Parra<\/strong>, adem\u00e1s de un inmueble ubicado en una zona de la calle Garc\u00eda Moreno.<\/p>\n\n\n\n<h2 class=\"wp-block-heading\"><strong>Tres motocicletas reportadas como robadas fueron recuperadas<\/strong><\/h2>\n\n\n\n<p class=\"wp-block-paragraph\">Durante los procedimientos, los agentes localizaron <strong>tres motocicletas reportadas como robadas<\/strong> dentro de uno de los domicilios intervenidos. El hallazgo permiti\u00f3 fortalecer las investigaciones sobre una posible estructura dedicada a la sustracci\u00f3n y almacenamiento de estos veh\u00edculos.<\/p>\n\n\n\n<p class=\"wp-block-paragraph\">Cristian Mel\u00e9ndez, jefe de la Polic\u00eda Judicial de la Zona 8, se\u00f1al\u00f3 que la actuaci\u00f3n policial se produjo en flagrancia debido a los indicios encontrados durante los allanamientos.<\/p>\n\n\n\n<p class=\"wp-block-paragraph\">En otro domicilio, los uniformados encontraron un <strong>rev\u00f3lver calibre .38 mil\u00edmetros y cinco municiones<\/strong>, elementos que fueron decomisados como parte de las evidencias recopiladas durante el operativo.<\/p>\n\n\n\n<h2 class=\"wp-block-heading\"><strong>Cinco personas fueron aprehendidas<\/strong><\/h2>\n\n\n\n<p class=\"wp-block-paragraph\">Los cinco ciudadanos aprehendidos no registran <strong>antecedentes penales<\/strong>, seg\u00fan la informaci\u00f3n proporcionada por las autoridades. Sin embargo, permanecer\u00e1n vinculados al proceso investigativo mientras se determina su posible responsabilidad en los hechos.<\/p>\n\n\n\n<p class=\"wp-block-paragraph\">La Polic\u00eda busca establecer si los detenidos formar\u00edan parte de una organizaci\u00f3n con mayor participaci\u00f3n en el <strong>robo de motos en Guayaquil<\/strong> y si podr\u00edan estar relacionados con otros delitos cometidos en el sector.<\/p>\n\n\n\n<h2 class=\"wp-block-heading\"><strong>Polic\u00eda investiga posible relaci\u00f3n con otros delitos<\/strong><\/h2>\n\n\n\n<p class=\"wp-block-paragraph\">Las autoridades consideran que combatir el robo de motocicletas es importante debido a que estos veh\u00edculos pueden ser utilizados posteriormente para cometer <strong>robos a personas, asaltos e incluso sicariatos<\/strong>.<\/p>\n\n\n\n<p class=\"wp-block-paragraph\">Por ello, la investigaci\u00f3n continuar\u00e1 para determinar el origen de las motos recuperadas, identificar a sus propietarios y establecer c\u00f3mo llegaron hasta los inmuebles allanados.<\/p>\n\n\n\n<p class=\"wp-block-paragraph\">Mel\u00e9ndez tambi\u00e9n descart\u00f3 que los presuntos responsables hayan solicitado dinero a las v\u00edctimas para devolver las motocicletas. La investigaci\u00f3n permanece abierta para determinar si existen <strong>m\u00e1s personas involucradas<\/strong>.<\/p>\n\n\n\n<h2 class=\"wp-block-heading\"><strong>Informaci\u00f3n ciudadana permiti\u00f3 avanzar en la investigaci\u00f3n<\/strong><\/h2>\n\n\n\n<p class=\"wp-block-paragraph\">La Polic\u00eda destac\u00f3 adem\u00e1s los resultados de la estrategia de <strong>c\u00f3digo QR<\/strong>, mediante la cual los ciudadanos pueden proporcionar informaci\u00f3n sobre posibles actividades delictivas.<\/p>\n\n\n\n<p class=\"wp-block-paragraph\">Las alertas recibidas permiten a los agentes recopilar datos y orientar investigaciones en distintos sectores. En este caso, la informaci\u00f3n reservada y las denuncias ciudadanas contribuyeron a las intervenciones realizadas en el suroeste de Guayaquil.<\/p>\n\n\n\n<p class=\"wp-block-paragraph\"><\/p>\n","protected":false},"excerpt":{"rendered":"<p>La Polic\u00eda Judicial de la Zona 8 realiz\u00f3 un operativo en el suroeste de Guayaquil que dej\u00f3 cinco personas aprehendidas por su presunta vinculaci\u00f3n con el robo de motocicletas. Entre los detenidos se encuentra una mujer. La intervenci\u00f3n se ejecut\u00f3 el 1 de septiembre, luego de que los agentes recibieran informaci\u00f3n reservada y denuncias ciudadanas [&hellip;]<\/p>\n","protected":false},"author":1,"featured_media":31832,"comment_status":"open","ping_status":"open","sticky":false,"template":"","format":"standard","meta":{"footnotes":""},"categories":[143],"tags":[],"class_list":["post-31831","post","type-post","status-publish","format-standard","has-post-thumbnail","hentry","category-seguridad"],"yoast_head":"<!-- This site is optimized with the Yoast SEO plugin v28.3 - https:\/\/yoast.com\/product\/yoast-seo-wordpress\/ -->\n<title>Cinco detenidos en el suroeste de Guayaquil por presunto robo de motocicletas - 92.5 FOREVER Radio<\/title>\n<meta name=\"description\" content=\"Cinco personas fueron detenidas en el suroeste de Guayaquil por presunto robo de motocicletas. La Polic\u00eda recuper\u00f3 tres motos.\" \/>\n<meta name=\"robots\" content=\"index, follow, max-snippet:-1, max-image-preview:large, max-video-preview:-1\" \/>\n<link rel=\"canonical\" href=\"https:\/\/foreverfutbol.com.ec\/radio\/seguridad\/cinco-detenidos-en-el-suroeste-de-guayaquil-por-presunto-robo-de-motocicletas\/\" \/>\n<meta property=\"og:locale\" content=\"es_ES\" \/>\n<meta property=\"og:type\" content=\"article\" \/>\n<meta property=\"og:title\" content=\"Cinco detenidos en el suroeste de Guayaquil por presunto robo de motocicletas - 92.5 FOREVER Radio\" \/>\n<meta property=\"og:description\" content=\"Cinco personas fueron detenidas en el suroeste de Guayaquil por presunto robo de motocicletas. La Polic\u00eda recuper\u00f3 tres motos.\" \/>\n<meta property=\"og:url\" content=\"https:\/\/foreverfutbol.com.ec\/radio\/seguridad\/cinco-detenidos-en-el-suroeste-de-guayaquil-por-presunto-robo-de-motocicletas\/\" \/>\n<meta property=\"og:site_name\" content=\"92.5 FOREVER Radio\" \/>\n<meta property=\"article:publisher\" content=\"https:\/\/www.facebook.com\/profile.php?id=100063550693491\" \/>\n<meta property=\"article:published_time\" content=\"2026-09-02T21:35:09+00:00\" \/>\n<meta property=\"article:modified_time\" content=\"2026-09-02T21:35:10+00:00\" \/>\n<meta name=\"author\" content=\"Ricardo Rodriguez\" \/>\n<meta name=\"twitter:card\" content=\"summary_large_image\" \/>\n<meta name=\"twitter:creator\" content=\"@925forever\" \/>\n<meta name=\"twitter:site\" content=\"@925forever\" \/>\n<meta name=\"twitter:label1\" content=\"Escrito por\" \/>\n\t<meta name=\"twitter:data1\" content=\"Ricardo Rodriguez\" \/>\n\t<meta name=\"twitter:label2\" content=\"Tiempo de lectura\" \/>\n\t<meta name=\"twitter:data2\" content=\"3 minutos\" \/>\n<script type=\"application\/ld+json\" class=\"yoast-schema-graph\">{\"@context\":\"https:\\\/\\\/schema.org\",\"@graph\":[{\"@type\":\"Article\",\"@id\":\"https:\\\/\\\/foreverfutbol.com.ec\\\/radio\\\/seguridad\\\/cinco-detenidos-en-el-suroeste-de-guayaquil-por-presunto-robo-de-motocicletas\\\/#article\",\"isPartOf\":{\"@id\":\"https:\\\/\\\/foreverfutbol.com.ec\\\/radio\\\/seguridad\\\/cinco-detenidos-en-el-suroeste-de-guayaquil-por-presunto-robo-de-motocicletas\\\/\"},\"author\":{\"name\":\"Ricardo Rodriguez\",\"@id\":\"https:\\\/\\\/foreverfutbol.com.ec\\\/radio\\\/#\\\/schema\\\/person\\\/2f679dd16f889ac00df6e7b648062a01\"},\"headline\":\"Cinco detenidos en el suroeste de Guayaquil por presunto robo de motocicletas\",\"datePublished\":\"2026-09-02T21:35:09+00:00\",\"dateModified\":\"2026-09-02T21:35:10+00:00\",\"mainEntityOfPage\":{\"@id\":\"https:\\\/\\\/foreverfutbol.com.ec\\\/radio\\\/seguridad\\\/cinco-detenidos-en-el-suroeste-de-guayaquil-por-presunto-robo-de-motocicletas\\\/\"},\"wordCount\":458,\"commentCount\":0,\"publisher\":{\"@id\":\"https:\\\/\\\/foreverfutbol.com.ec\\\/radio\\\/#organization\"},\"image\":{\"@id\":\"https:\\\/\\\/foreverfutbol.com.ec\\\/radio\\\/seguridad\\\/cinco-detenidos-en-el-suroeste-de-guayaquil-por-presunto-robo-de-motocicletas\\\/#primaryimage\"},\"thumbnailUrl\":\"https:\\\/\\\/foreverfutbol.com.ec\\\/radio\\\/wp-content\\\/uploads\\\/2026\\\/09\\\/64VSPVKKQFCSNG6SVAROUNSXEA.avif\",\"articleSection\":[\"Seguridad\"],\"inLanguage\":\"es\",\"potentialAction\":[{\"@type\":\"CommentAction\",\"name\":\"Comment\",\"target\":[\"https:\\\/\\\/foreverfutbol.com.ec\\\/radio\\\/seguridad\\\/cinco-detenidos-en-el-suroeste-de-guayaquil-por-presunto-robo-de-motocicletas\\\/#respond\"]}]},{\"@type\":\"WebPage\",\"@id\":\"https:\\\/\\\/foreverfutbol.com.ec\\\/radio\\\/seguridad\\\/cinco-detenidos-en-el-suroeste-de-guayaquil-por-presunto-robo-de-motocicletas\\\/\",\"url\":\"https:\\\/\\\/foreverfutbol.com.ec\\\/radio\\\/seguridad\\\/cinco-detenidos-en-el-suroeste-de-guayaquil-por-presunto-robo-de-motocicletas\\\/\",\"name\":\"Cinco detenidos en el suroeste de Guayaquil por presunto robo de motocicletas - 92.5 FOREVER Radio\",\"isPartOf\":{\"@id\":\"https:\\\/\\\/foreverfutbol.com.ec\\\/radio\\\/#website\"},\"primaryImageOfPage\":{\"@id\":\"https:\\\/\\\/foreverfutbol.com.ec\\\/radio\\\/seguridad\\\/cinco-detenidos-en-el-suroeste-de-guayaquil-por-presunto-robo-de-motocicletas\\\/#primaryimage\"},\"image\":{\"@id\":\"https:\\\/\\\/foreverfutbol.com.ec\\\/radio\\\/seguridad\\\/cinco-detenidos-en-el-suroeste-de-guayaquil-por-presunto-robo-de-motocicletas\\\/#primaryimage\"},\"thumbnailUrl\":\"https:\\\/\\\/foreverfutbol.com.ec\\\/radio\\\/wp-content\\\/uploads\\\/2026\\\/09\\\/64VSPVKKQFCSNG6SVAROUNSXEA.avif\",\"datePublished\":\"2026-09-02T21:35:09+00:00\",\"dateModified\":\"2026-09-02T21:35:10+00:00\",\"description\":\"Cinco personas fueron detenidas en el suroeste de Guayaquil por presunto robo de motocicletas. La Polic\u00eda recuper\u00f3 tres motos.\",\"breadcrumb\":{\"@id\":\"https:\\\/\\\/foreverfutbol.com.ec\\\/radio\\\/seguridad\\\/cinco-detenidos-en-el-suroeste-de-guayaquil-por-presunto-robo-de-motocicletas\\\/#breadcrumb\"},\"inLanguage\":\"es\",\"potentialAction\":[{\"@type\":\"ReadAction\",\"target\":[\"https:\\\/\\\/foreverfutbol.com.ec\\\/radio\\\/seguridad\\\/cinco-detenidos-en-el-suroeste-de-guayaquil-por-presunto-robo-de-motocicletas\\\/\"]}]},{\"@type\":\"ImageObject\",\"inLanguage\":\"es\",\"@id\":\"https:\\\/\\\/foreverfutbol.com.ec\\\/radio\\\/seguridad\\\/cinco-detenidos-en-el-suroeste-de-guayaquil-por-presunto-robo-de-motocicletas\\\/#primaryimage\",\"url\":\"https:\\\/\\\/foreverfutbol.com.ec\\\/radio\\\/wp-content\\\/uploads\\\/2026\\\/09\\\/64VSPVKKQFCSNG6SVAROUNSXEA.avif\",\"contentUrl\":\"https:\\\/\\\/foreverfutbol.com.ec\\\/radio\\\/wp-content\\\/uploads\\\/2026\\\/09\\\/64VSPVKKQFCSNG6SVAROUNSXEA.avif\",\"width\":1191,\"height\":670,\"caption\":\"Cinco detenidos en el suroeste de Guayaquil por presunto robo de motocicletas\"},{\"@type\":\"BreadcrumbList\",\"@id\":\"https:\\\/\\\/foreverfutbol.com.ec\\\/radio\\\/seguridad\\\/cinco-detenidos-en-el-suroeste-de-guayaquil-por-presunto-robo-de-motocicletas\\\/#breadcrumb\",\"itemListElement\":[{\"@type\":\"ListItem\",\"position\":1,\"name\":\"Portada\",\"item\":\"https:\\\/\\\/foreverfutbol.com.ec\\\/radio\\\/\"},{\"@type\":\"ListItem\",\"position\":2,\"name\":\"Cinco detenidos en el suroeste de Guayaquil por presunto robo de motocicletas\"}]},{\"@type\":\"WebSite\",\"@id\":\"https:\\\/\\\/foreverfutbol.com.ec\\\/radio\\\/#website\",\"url\":\"https:\\\/\\\/foreverfutbol.com.ec\\\/radio\\\/\",\"name\":\"92.5 FOREVER Radio\",\"description\":\"\",\"publisher\":{\"@id\":\"https:\\\/\\\/foreverfutbol.com.ec\\\/radio\\\/#organization\"},\"potentialAction\":[{\"@type\":\"SearchAction\",\"target\":{\"@type\":\"EntryPoint\",\"urlTemplate\":\"https:\\\/\\\/foreverfutbol.com.ec\\\/radio\\\/?s={search_term_string}\"},\"query-input\":{\"@type\":\"PropertyValueSpecification\",\"valueRequired\":true,\"valueName\":\"search_term_string\"}}],\"inLanguage\":\"es\"},{\"@type\":\"Organization\",\"@id\":\"https:\\\/\\\/foreverfutbol.com.ec\\\/radio\\\/#organization\",\"name\":\"92.5 FOREVER Radio\",\"url\":\"https:\\\/\\\/foreverfutbol.com.ec\\\/radio\\\/\",\"logo\":{\"@type\":\"ImageObject\",\"inLanguage\":\"es\",\"@id\":\"https:\\\/\\\/foreverfutbol.com.ec\\\/radio\\\/#\\\/schema\\\/logo\\\/image\\\/\",\"url\":\"https:\\\/\\\/foreverfutbol.com.ec\\\/radio\\\/wp-content\\\/uploads\\\/2024\\\/01\\\/cropped-logo-forever.png\",\"contentUrl\":\"https:\\\/\\\/foreverfutbol.com.ec\\\/radio\\\/wp-content\\\/uploads\\\/2024\\\/01\\\/cropped-logo-forever.png\",\"width\":180,\"height\":154,\"caption\":\"92.5 FOREVER Radio\"},\"image\":{\"@id\":\"https:\\\/\\\/foreverfutbol.com.ec\\\/radio\\\/#\\\/schema\\\/logo\\\/image\\\/\"},\"sameAs\":[\"https:\\\/\\\/www.facebook.com\\\/profile.php?id=100063550693491\",\"https:\\\/\\\/x.com\\\/925forever\",\"https:\\\/\\\/www.instagram.com\\\/radioforever925\\\/\"]},{\"@type\":\"Person\",\"@id\":\"https:\\\/\\\/foreverfutbol.com.ec\\\/radio\\\/#\\\/schema\\\/person\\\/2f679dd16f889ac00df6e7b648062a01\",\"name\":\"Ricardo Rodriguez\",\"image\":{\"@type\":\"ImageObject\",\"inLanguage\":\"es\",\"@id\":\"https:\\\/\\\/secure.gravatar.com\\\/avatar\\\/5d9dfb95700bd0c503ed088d29de94822b5cc66a74cb0362774e6fc534823d07?s=96&d=mm&r=g\",\"url\":\"https:\\\/\\\/secure.gravatar.com\\\/avatar\\\/5d9dfb95700bd0c503ed088d29de94822b5cc66a74cb0362774e6fc534823d07?s=96&d=mm&r=g\",\"contentUrl\":\"https:\\\/\\\/secure.gravatar.com\\\/avatar\\\/5d9dfb95700bd0c503ed088d29de94822b5cc66a74cb0362774e6fc534823d07?s=96&d=mm&r=g\",\"caption\":\"Ricardo Rodriguez\"},\"sameAs\":[\"https:\\\/\\\/foreverfutbol.com.ec\\\/radio\"],\"url\":\"https:\\\/\\\/foreverfutbol.com.ec\\\/radio\\\/author\\\/superdmin\\\/\"}]}<\/script>\n<!-- \/ Yoast SEO plugin. -->","yoast_head_json":{"title":"Cinco detenidos en el suroeste de Guayaquil por presunto robo de motocicletas - 92.5 FOREVER Radio","description":"Cinco personas fueron detenidas en el suroeste de Guayaquil por presunto robo de motocicletas. La Polic\u00eda recuper\u00f3 tres motos.","robots":{"index":"index","follow":"follow","max-snippet":"max-snippet:-1","max-image-preview":"max-image-preview:large","max-video-preview":"max-video-preview:-1"},"canonical":"https:\/\/foreverfutbol.com.ec\/radio\/seguridad\/cinco-detenidos-en-el-suroeste-de-guayaquil-por-presunto-robo-de-motocicletas\/","og_locale":"es_ES","og_type":"article","og_title":"Cinco detenidos en el suroeste de Guayaquil por presunto robo de motocicletas - 92.5 FOREVER Radio","og_description":"Cinco personas fueron detenidas en el suroeste de Guayaquil por presunto robo de motocicletas. La Polic\u00eda recuper\u00f3 tres motos.","og_url":"https:\/\/foreverfutbol.com.ec\/radio\/seguridad\/cinco-detenidos-en-el-suroeste-de-guayaquil-por-presunto-robo-de-motocicletas\/","og_site_name":"92.5 FOREVER Radio","article_publisher":"https:\/\/www.facebook.com\/profile.php?id=100063550693491","article_published_time":"2026-09-02T21:35:09+00:00","article_modified_time":"2026-09-02T21:35:10+00:00","author":"Ricardo Rodriguez","twitter_card":"summary_large_image","twitter_creator":"@925forever","twitter_site":"@925forever","twitter_misc":{"Escrito por":"Ricardo Rodriguez","Tiempo de lectura":"3 minutos"},"schema":{"@context":"https:\/\/schema.org","@graph":[{"@type":"Article","@id":"https:\/\/foreverfutbol.com.ec\/radio\/seguridad\/cinco-detenidos-en-el-suroeste-de-guayaquil-por-presunto-robo-de-motocicletas\/#article","isPartOf":{"@id":"https:\/\/foreverfutbol.com.ec\/radio\/seguridad\/cinco-detenidos-en-el-suroeste-de-guayaquil-por-presunto-robo-de-motocicletas\/"},"author":{"name":"Ricardo Rodriguez","@id":"https:\/\/foreverfutbol.com.ec\/radio\/#\/schema\/person\/2f679dd16f889ac00df6e7b648062a01"},"headline":"Cinco detenidos en el suroeste de Guayaquil por presunto robo de motocicletas","datePublished":"2026-09-02T21:35:09+00:00","dateModified":"2026-09-02T21:35:10+00:00","mainEntityOfPage":{"@id":"https:\/\/foreverfutbol.com.ec\/radio\/seguridad\/cinco-detenidos-en-el-suroeste-de-guayaquil-por-presunto-robo-de-motocicletas\/"},"wordCount":458,"commentCount":0,"publisher":{"@id":"https:\/\/foreverfutbol.com.ec\/radio\/#organization"},"image":{"@id":"https:\/\/foreverfutbol.com.ec\/radio\/seguridad\/cinco-detenidos-en-el-suroeste-de-guayaquil-por-presunto-robo-de-motocicletas\/#primaryimage"},"thumbnailUrl":"https:\/\/foreverfutbol.com.ec\/radio\/wp-content\/uploads\/2026\/09\/64VSPVKKQFCSNG6SVAROUNSXEA.avif","articleSection":["Seguridad"],"inLanguage":"es","potentialAction":[{"@type":"CommentAction","name":"Comment","target":["https:\/\/foreverfutbol.com.ec\/radio\/seguridad\/cinco-detenidos-en-el-suroeste-de-guayaquil-por-presunto-robo-de-motocicletas\/#respond"]}]},{"@type":"WebPage","@id":"https:\/\/foreverfutbol.com.ec\/radio\/seguridad\/cinco-detenidos-en-el-suroeste-de-guayaquil-por-presunto-robo-de-motocicletas\/","url":"https:\/\/foreverfutbol.com.ec\/radio\/seguridad\/cinco-detenidos-en-el-suroeste-de-guayaquil-por-presunto-robo-de-motocicletas\/","name":"Cinco detenidos en el suroeste de Guayaquil por presunto robo de motocicletas - 92.5 FOREVER Radio","isPartOf":{"@id":"https:\/\/foreverfutbol.com.ec\/radio\/#website"},"primaryImageOfPage":{"@id":"https:\/\/foreverfutbol.com.ec\/radio\/seguridad\/cinco-detenidos-en-el-suroeste-de-guayaquil-por-presunto-robo-de-motocicletas\/#primaryimage"},"image":{"@id":"https:\/\/foreverfutbol.com.ec\/radio\/seguridad\/cinco-detenidos-en-el-suroeste-de-guayaquil-por-presunto-robo-de-motocicletas\/#primaryimage"},"thumbnailUrl":"https:\/\/foreverfutbol.com.ec\/radio\/wp-content\/uploads\/2026\/09\/64VSPVKKQFCSNG6SVAROUNSXEA.avif","datePublished":"2026-09-02T21:35:09+00:00","dateModified":"2026-09-02T21:35:10+00:00","description":"Cinco personas fueron detenidas en el suroeste de Guayaquil por presunto robo de motocicletas. La Polic\u00eda recuper\u00f3 tres motos.","breadcrumb":{"@id":"https:\/\/foreverfutbol.com.ec\/radio\/seguridad\/cinco-detenidos-en-el-suroeste-de-guayaquil-por-presunto-robo-de-motocicletas\/#breadcrumb"},"inLanguage":"es","potentialAction":[{"@type":"ReadAction","target":["https:\/\/foreverfutbol.com.ec\/radio\/seguridad\/cinco-detenidos-en-el-suroeste-de-guayaquil-por-presunto-robo-de-motocicletas\/"]}]},{"@type":"ImageObject","inLanguage":"es","@id":"https:\/\/foreverfutbol.com.ec\/radio\/seguridad\/cinco-detenidos-en-el-suroeste-de-guayaquil-por-presunto-robo-de-motocicletas\/#primaryimage","url":"https:\/\/foreverfutbol.com.ec\/radio\/wp-content\/uploads\/2026\/09\/64VSPVKKQFCSNG6SVAROUNSXEA.avif","contentUrl":"https:\/\/foreverfutbol.com.ec\/radio\/wp-content\/uploads\/2026\/09\/64VSPVKKQFCSNG6SVAROUNSXEA.avif","width":1191,"height":670,"caption":"Cinco detenidos en el suroeste de Guayaquil por presunto robo de motocicletas"},{"@type":"BreadcrumbList","@id":"https:\/\/foreverfutbol.com.ec\/radio\/seguridad\/cinco-detenidos-en-el-suroeste-de-guayaquil-por-presunto-robo-de-motocicletas\/#breadcrumb","itemListElement":[{"@type":"ListItem","position":1,"name":"Portada","item":"https:\/\/foreverfutbol.com.ec\/radio\/"},{"@type":"ListItem","position":2,"name":"Cinco detenidos en el suroeste de Guayaquil por presunto robo de motocicletas"}]},{"@type":"WebSite","@id":"https:\/\/foreverfutbol.com.ec\/radio\/#website","url":"https:\/\/foreverfutbol.com.ec\/radio\/","name":"92.5 FOREVER Radio","description":"","publisher":{"@id":"https:\/\/foreverfutbol.com.ec\/radio\/#organization"},"potentialAction":[{"@type":"SearchAction","target":{"@type":"EntryPoint","urlTemplate":"https:\/\/foreverfutbol.com.ec\/radio\/?s={search_term_string}"},"query-input":{"@type":"PropertyValueSpecification","valueRequired":true,"valueName":"search_term_string"}}],"inLanguage":"es"},{"@type":"Organization","@id":"https:\/\/foreverfutbol.com.ec\/radio\/#organization","name":"92.5 FOREVER Radio","url":"https:\/\/foreverfutbol.com.ec\/radio\/","logo":{"@type":"ImageObject","inLanguage":"es","@id":"https:\/\/foreverfutbol.com.ec\/radio\/#\/schema\/logo\/image\/","url":"https:\/\/foreverfutbol.com.ec\/radio\/wp-content\/uploads\/2024\/01\/cropped-logo-forever.png","contentUrl":"https:\/\/foreverfutbol.com.ec\/radio\/wp-content\/uploads\/2024\/01\/cropped-logo-forever.png","width":180,"height":154,"caption":"92.5 FOREVER Radio"},"image":{"@id":"https:\/\/foreverfutbol.com.ec\/radio\/#\/schema\/logo\/image\/"},"sameAs":["https:\/\/www.facebook.com\/profile.php?id=100063550693491","https:\/\/x.com\/925forever","https:\/\/www.instagram.com\/radioforever925\/"]},{"@type":"Person","@id":"https:\/\/foreverfutbol.com.ec\/radio\/#\/schema\/person\/2f679dd16f889ac00df6e7b648062a01","name":"Ricardo Rodriguez","image":{"@type":"ImageObject","inLanguage":"es","@id":"https:\/\/secure.gravatar.com\/avatar\/5d9dfb95700bd0c503ed088d29de94822b5cc66a74cb0362774e6fc534823d07?s=96&d=mm&r=g","url":"https:\/\/secure.gravatar.com\/avatar\/5d9dfb95700bd0c503ed088d29de94822b5cc66a74cb0362774e6fc534823d07?s=96&d=mm&r=g","contentUrl":"https:\/\/secure.gravatar.com\/avatar\/5d9dfb95700bd0c503ed088d29de94822b5cc66a74cb0362774e6fc534823d07?s=96&d=mm&r=g","caption":"Ricardo Rodriguez"},"sameAs":["https:\/\/foreverfutbol.com.ec\/radio"],"url":"https:\/\/foreverfutbol.com.ec\/radio\/author\/superdmin\/"}]}},"_links":{"self":[{"href":"https:\/\/foreverfutbol.com.ec\/radio\/wp-json\/wp\/v2\/posts\/31831","targetHints":{"allow":["GET"]}}],"collection":[{"href":"https:\/\/foreverfutbol.com.ec\/radio\/wp-json\/wp\/v2\/posts"}],"about":[{"href":"https:\/\/foreverfutbol.com.ec\/radio\/wp-json\/wp\/v2\/types\/post"}],"author":[{"embeddable":true,"href":"https:\/\/foreverfutbol.com.ec\/radio\/wp-json\/wp\/v2\/users\/1"}],"replies":[{"embeddable":true,"href":"https:\/\/foreverfutbol.com.ec\/radio\/wp-json\/wp\/v2\/comments?post=31831"}],"version-history":[{"count":1,"href":"https:\/\/foreverfutbol.com.ec\/radio\/wp-json\/wp\/v2\/posts\/31831\/revisions"}],"predecessor-version":[{"id":31833,"href":"https:\/\/foreverfutbol.com.ec\/radio\/wp-json\/wp\/v2\/posts\/31831\/revisions\/31833"}],"wp:featuredmedia":[{"embeddable":true,"href":"https:\/\/foreverfutbol.com.ec\/radio\/wp-json\/wp\/v2\/media\/31832"}],"wp:attachment":[{"href":"https:\/\/foreverfutbol.com.ec\/radio\/wp-json\/wp\/v2\/media?parent=31831"}],"wp:term":[{"taxonomy":"category","embeddable":true,"href":"https:\/\/foreverfutbol.com.ec\/radio\/wp-json\/wp\/v2\/categories?post=31831"},{"taxonomy":"post_tag","embeddable":true,"href":"https:\/\/foreverfutbol.com.ec\/radio\/wp-json\/wp\/v2\/tags?post=31831"}],"curies":[{"name":"wp","href":"https:\/\/api.w.org\/{rel}","templated":true}]}}