{"id":31822,"date":"2026-09-02T15:01:56","date_gmt":"2026-09-02T20:01:56","guid":{"rendered":"https:\/\/foreverfutbol.com.ec\/radio\/?p=31822"},"modified":"2026-09-02T15:01:57","modified_gmt":"2026-09-02T20:01:57","slug":"nunkui-pelicula-shuar-cine-ecuador-amazonia","status":"publish","type":"post","link":"https:\/\/foreverfutbol.com.ec\/radio\/cultura\/nunkui-pelicula-shuar-cine-ecuador-amazonia\/","title":{"rendered":"\ud83c\udfac\ud83c\udf3f \u2018Nunkui\u2019: la pel\u00edcula protagonizada por ind\u00edgenas shuar que lleva la Amazon\u00eda ecuatoriana a la pantalla grande"},"content":{"rendered":"\n<p class=\"wp-block-paragraph\"><strong>La cultura del pueblo shuar llega a las salas de cine ecuatorianas con \u201cNunkui\u201d, una pel\u00edcula que tiene como protagonistas a integrantes de esta nacionalidad ind\u00edgena y que busca mostrar desde una mirada propia la relaci\u00f3n entre la comunidad amaz\u00f3nica, la naturaleza y sus tradiciones ancestrales.<\/strong><\/p>\n\n\n\n<p class=\"wp-block-paragraph\">La producci\u00f3n representa un nuevo paso para el cine ecuatoriano al colocar en el centro de la historia a personajes ind\u00edgenas interpretados por miembros de la propia comunidad shuar, alej\u00e1ndose de representaciones externas y apostando por una narrativa construida desde el territorio.<\/p>\n\n\n\n<h1 class=\"wp-block-heading\">\ud83c\udf3f Una historia nacida desde la cosmovisi\u00f3n shuar<\/h1>\n\n\n\n<p class=\"wp-block-paragraph\">El t\u00edtulo de la pel\u00edcula hace referencia a <strong>Nunkui<\/strong>, una figura fundamental dentro de la espiritualidad shuar relacionada con la fertilidad de la tierra, la agricultura y la conexi\u00f3n entre los seres humanos y la naturaleza.<\/p>\n\n\n\n<p class=\"wp-block-paragraph\">La pel\u00edcula explora elementos de la identidad amaz\u00f3nica:<\/p>\n\n\n\n<p class=\"wp-block-paragraph\">\ud83c\udf31 la relaci\u00f3n con el territorio;<br>\ud83c\udf3f los conocimientos ancestrales;<br>\ud83d\udd25 la transmisi\u00f3n de historias entre generaciones;<br>\ud83d\udc65 la importancia de la comunidad.<\/p>\n\n\n\n<p class=\"wp-block-paragraph\">La obra busca acercar al p\u00fablico urbano a una realidad cultural que pocas veces aparece como protagonista en el cine comercial.<\/p>\n\n\n\n<h1 class=\"wp-block-heading\">\ud83c\udfad Protagonizada por actores ind\u00edgenas shuar<\/h1>\n\n\n\n<p class=\"wp-block-paragraph\">Uno de los elementos m\u00e1s importantes del proyecto es la participaci\u00f3n de actores pertenecientes al pueblo shuar.<\/p>\n\n\n\n<p class=\"wp-block-paragraph\">La pel\u00edcula incorpora:<\/p>\n\n\n\n<ul class=\"wp-block-list\">\n<li>idioma y expresiones propias de la comunidad;<\/li>\n\n\n\n<li>escenarios naturales amaz\u00f3nicos;<\/li>\n\n\n\n<li>pr\u00e1cticas culturales tradicionales;<\/li>\n\n\n\n<li>una representaci\u00f3n basada en experiencias del territorio.<\/li>\n<\/ul>\n\n\n\n<p class=\"wp-block-paragraph\">Este enfoque convierte a \u201cNunkui\u201d en una propuesta de cine intercultural que busca preservar y difundir parte del patrimonio vivo del Ecuador.<\/p>\n\n\n\n<h1 class=\"wp-block-heading\">\ud83c\udfac Un nuevo cap\u00edtulo para el cine ind\u00edgena ecuatoriano<\/h1>\n\n\n\n<p class=\"wp-block-paragraph\">La llegada de \u201cNunkui\u201d a las salas representa un avance para las producciones que cuentan historias desde pueblos y nacionalidades del pa\u00eds.<\/p>\n\n\n\n<p class=\"wp-block-paragraph\">En los \u00faltimos a\u00f1os, el cine ecuatoriano ha incrementado la presencia de obras relacionadas con:<\/p>\n\n\n\n<ul class=\"wp-block-list\">\n<li>memoria hist\u00f3rica;<\/li>\n\n\n\n<li>identidad cultural;<\/li>\n\n\n\n<li>pueblos originarios;<\/li>\n\n\n\n<li>defensa del territorio.<\/li>\n<\/ul>\n\n\n\n<p class=\"wp-block-paragraph\">\u201cNunkui\u201d se suma a esa corriente con una producci\u00f3n que coloca a la Amazon\u00eda como escenario principal y no solamente como un elemento secundario dentro de la historia.<\/p>\n\n\n\n<h1 class=\"wp-block-heading\">\ud83c\udf0e La Amazon\u00eda ecuatoriana como protagonista<\/h1>\n\n\n\n<p class=\"wp-block-paragraph\">M\u00e1s all\u00e1 de la ficci\u00f3n, la pel\u00edcula funciona tambi\u00e9n como un registro cultural.<\/p>\n\n\n\n<p class=\"wp-block-paragraph\">Los paisajes amaz\u00f3nicos, las tradiciones shuar y la relaci\u00f3n espiritual con la naturaleza forman parte del lenguaje visual de la obra.<\/p>\n\n\n\n<p class=\"wp-block-paragraph\">El proyecto busca que el espectador conozca una forma diferente de entender la vida, donde el territorio no es \u00fanicamente un espacio f\u00edsico, sino parte de la identidad colectiva.<\/p>\n\n\n\n<h1 class=\"wp-block-heading\">\ud83d\udccc Datos clave de \u201cNunkui\u201d<\/h1>\n\n\n\n<p class=\"wp-block-paragraph\">\ud83c\udfac <strong>T\u00edtulo:<\/strong> Nunkui<br>\ud83c\uddea\ud83c\udde8 <strong>Pa\u00eds:<\/strong> Ecuador<br>\ud83c\udf3f <strong>Tema central:<\/strong> cultura y cosmovisi\u00f3n shuar<br>\ud83c\udfad <strong>Protagonistas:<\/strong> actores ind\u00edgenas shuar<br>\ud83c\udfde\ufe0f <strong>Escenario:<\/strong> Amazon\u00eda ecuatoriana<br>\ud83c\udfa5 <strong>G\u00e9nero:<\/strong> cine intercultural \/ drama<\/p>\n\n\n\n<h1 class=\"wp-block-heading\">\ud83d\udd25 Una pel\u00edcula que convierte la identidad en protagonista<\/h1>\n\n\n\n<p class=\"wp-block-paragraph\">\u201cNunkui\u201d no solamente llega a los cines como una pel\u00edcula ecuatoriana m\u00e1s. Su importancia est\u00e1 en qui\u00e9n cuenta la historia y desde d\u00f3nde se cuenta.<\/p>\n\n\n\n<p class=\"wp-block-paragraph\">En un pa\u00eds con 14 nacionalidades ind\u00edgenas reconocidas, la producci\u00f3n representa una oportunidad para que nuevas voces lleguen a la pantalla grande y para que la diversidad cultural del Ecuador tambi\u00e9n tenga espacio en las salas de cine.<\/p>\n","protected":false},"excerpt":{"rendered":"<p>La cultura del pueblo shuar llega a las salas de cine ecuatorianas con \u201cNunkui\u201d, una pel\u00edcula que tiene como protagonistas a integrantes de esta nacionalidad ind\u00edgena y que busca mostrar desde una mirada propia la relaci\u00f3n entre la comunidad amaz\u00f3nica, la naturaleza y sus tradiciones ancestrales. La producci\u00f3n representa un nuevo paso para el cine [&hellip;]<\/p>\n","protected":false},"author":2,"featured_media":31823,"comment_status":"open","ping_status":"open","sticky":false,"template":"","format":"standard","meta":{"footnotes":""},"categories":[173,147],"tags":[],"class_list":["post-31822","post","type-post","status-publish","format-standard","has-post-thumbnail","hentry","category-cultura","category-peliculas"],"yoast_head":"<!-- This site is optimized with the Yoast SEO plugin v28.3 - https:\/\/yoast.com\/product\/yoast-seo-wordpress\/ -->\n<title>Nunkui, la pel\u00edcula shuar que llega a los cines de Ecuador y rescata la memoria amaz\u00f3nica<\/title>\n<meta name=\"description\" content=\"Nunkui llega a las salas de cine de Ecuador con una historia protagonizada por actores ind\u00edgenas shuar que muestra la cosmovisi\u00f3n, identidad y cultura amaz\u00f3nica.\" \/>\n<meta name=\"robots\" content=\"index, follow, max-snippet:-1, max-image-preview:large, max-video-preview:-1\" \/>\n<link rel=\"canonical\" href=\"https:\/\/foreverfutbol.com.ec\/radio\/cultura\/nunkui-pelicula-shuar-cine-ecuador-amazonia\/\" \/>\n<meta property=\"og:locale\" content=\"es_ES\" \/>\n<meta property=\"og:type\" content=\"article\" \/>\n<meta property=\"og:title\" content=\"Nunkui, la pel\u00edcula shuar que llega a los cines de Ecuador y rescata la memoria amaz\u00f3nica\" \/>\n<meta property=\"og:description\" content=\"Nunkui llega a las salas de cine de Ecuador con una historia protagonizada por actores ind\u00edgenas shuar que muestra la cosmovisi\u00f3n, identidad y cultura amaz\u00f3nica.\" \/>\n<meta property=\"og:url\" content=\"https:\/\/foreverfutbol.com.ec\/radio\/cultura\/nunkui-pelicula-shuar-cine-ecuador-amazonia\/\" \/>\n<meta property=\"og:site_name\" content=\"92.5 FOREVER Radio\" \/>\n<meta property=\"article:publisher\" content=\"https:\/\/www.facebook.com\/profile.php?id=100063550693491\" \/>\n<meta property=\"article:published_time\" content=\"2026-09-02T20:01:56+00:00\" \/>\n<meta property=\"article:modified_time\" content=\"2026-09-02T20:01:57+00:00\" \/>\n<meta property=\"og:image\" content=\"https:\/\/foreverfutbol.com.ec\/radio\/wp-content\/uploads\/2026\/09\/Portada-600x324-1.webp\" \/>\n\t<meta property=\"og:image:width\" content=\"600\" \/>\n\t<meta property=\"og:image:height\" content=\"324\" \/>\n\t<meta property=\"og:image:type\" content=\"image\/webp\" \/>\n<meta name=\"author\" content=\"Carlos Alberto Vergara\" \/>\n<meta name=\"twitter:card\" content=\"summary_large_image\" \/>\n<meta name=\"twitter:creator\" content=\"@925forever\" \/>\n<meta name=\"twitter:site\" content=\"@925forever\" \/>\n<meta name=\"twitter:label1\" content=\"Escrito por\" \/>\n\t<meta name=\"twitter:data1\" content=\"Carlos Alberto Vergara\" \/>\n\t<meta name=\"twitter:label2\" content=\"Tiempo de lectura\" \/>\n\t<meta name=\"twitter:data2\" content=\"3 minutos\" \/>\n<script type=\"application\/ld+json\" class=\"yoast-schema-graph\">{\"@context\":\"https:\\\/\\\/schema.org\",\"@graph\":[{\"@type\":\"Article\",\"@id\":\"https:\\\/\\\/foreverfutbol.com.ec\\\/radio\\\/cultura\\\/nunkui-pelicula-shuar-cine-ecuador-amazonia\\\/#article\",\"isPartOf\":{\"@id\":\"https:\\\/\\\/foreverfutbol.com.ec\\\/radio\\\/cultura\\\/nunkui-pelicula-shuar-cine-ecuador-amazonia\\\/\"},\"author\":{\"name\":\"Carlos Alberto Vergara\",\"@id\":\"https:\\\/\\\/foreverfutbol.com.ec\\\/radio\\\/#\\\/schema\\\/person\\\/c0757c03685df7a280e9cbe7613a77dc\"},\"headline\":\"\ud83c\udfac\ud83c\udf3f \u2018Nunkui\u2019: la pel\u00edcula protagonizada por ind\u00edgenas shuar que lleva la Amazon\u00eda ecuatoriana a la pantalla grande\",\"datePublished\":\"2026-09-02T20:01:56+00:00\",\"dateModified\":\"2026-09-02T20:01:57+00:00\",\"mainEntityOfPage\":{\"@id\":\"https:\\\/\\\/foreverfutbol.com.ec\\\/radio\\\/cultura\\\/nunkui-pelicula-shuar-cine-ecuador-amazonia\\\/\"},\"wordCount\":563,\"commentCount\":0,\"publisher\":{\"@id\":\"https:\\\/\\\/foreverfutbol.com.ec\\\/radio\\\/#organization\"},\"image\":{\"@id\":\"https:\\\/\\\/foreverfutbol.com.ec\\\/radio\\\/cultura\\\/nunkui-pelicula-shuar-cine-ecuador-amazonia\\\/#primaryimage\"},\"thumbnailUrl\":\"https:\\\/\\\/foreverfutbol.com.ec\\\/radio\\\/wp-content\\\/uploads\\\/2026\\\/09\\\/Portada-600x324-1.webp\",\"articleSection\":[\"Cultura\",\"Peliculas\"],\"inLanguage\":\"es\",\"potentialAction\":[{\"@type\":\"CommentAction\",\"name\":\"Comment\",\"target\":[\"https:\\\/\\\/foreverfutbol.com.ec\\\/radio\\\/cultura\\\/nunkui-pelicula-shuar-cine-ecuador-amazonia\\\/#respond\"]}]},{\"@type\":\"WebPage\",\"@id\":\"https:\\\/\\\/foreverfutbol.com.ec\\\/radio\\\/cultura\\\/nunkui-pelicula-shuar-cine-ecuador-amazonia\\\/\",\"url\":\"https:\\\/\\\/foreverfutbol.com.ec\\\/radio\\\/cultura\\\/nunkui-pelicula-shuar-cine-ecuador-amazonia\\\/\",\"name\":\"Nunkui, la pel\u00edcula shuar que llega a los cines de Ecuador y rescata la memoria amaz\u00f3nica\",\"isPartOf\":{\"@id\":\"https:\\\/\\\/foreverfutbol.com.ec\\\/radio\\\/#website\"},\"primaryImageOfPage\":{\"@id\":\"https:\\\/\\\/foreverfutbol.com.ec\\\/radio\\\/cultura\\\/nunkui-pelicula-shuar-cine-ecuador-amazonia\\\/#primaryimage\"},\"image\":{\"@id\":\"https:\\\/\\\/foreverfutbol.com.ec\\\/radio\\\/cultura\\\/nunkui-pelicula-shuar-cine-ecuador-amazonia\\\/#primaryimage\"},\"thumbnailUrl\":\"https:\\\/\\\/foreverfutbol.com.ec\\\/radio\\\/wp-content\\\/uploads\\\/2026\\\/09\\\/Portada-600x324-1.webp\",\"datePublished\":\"2026-09-02T20:01:56+00:00\",\"dateModified\":\"2026-09-02T20:01:57+00:00\",\"description\":\"Nunkui llega a las salas de cine de Ecuador con una historia protagonizada por actores ind\u00edgenas shuar que muestra la cosmovisi\u00f3n, identidad y cultura amaz\u00f3nica.\",\"breadcrumb\":{\"@id\":\"https:\\\/\\\/foreverfutbol.com.ec\\\/radio\\\/cultura\\\/nunkui-pelicula-shuar-cine-ecuador-amazonia\\\/#breadcrumb\"},\"inLanguage\":\"es\",\"potentialAction\":[{\"@type\":\"ReadAction\",\"target\":[\"https:\\\/\\\/foreverfutbol.com.ec\\\/radio\\\/cultura\\\/nunkui-pelicula-shuar-cine-ecuador-amazonia\\\/\"]}]},{\"@type\":\"ImageObject\",\"inLanguage\":\"es\",\"@id\":\"https:\\\/\\\/foreverfutbol.com.ec\\\/radio\\\/cultura\\\/nunkui-pelicula-shuar-cine-ecuador-amazonia\\\/#primaryimage\",\"url\":\"https:\\\/\\\/foreverfutbol.com.ec\\\/radio\\\/wp-content\\\/uploads\\\/2026\\\/09\\\/Portada-600x324-1.webp\",\"contentUrl\":\"https:\\\/\\\/foreverfutbol.com.ec\\\/radio\\\/wp-content\\\/uploads\\\/2026\\\/09\\\/Portada-600x324-1.webp\",\"width\":600,\"height\":324,\"caption\":\"nunkui pelicula ecuatoriana\"},{\"@type\":\"BreadcrumbList\",\"@id\":\"https:\\\/\\\/foreverfutbol.com.ec\\\/radio\\\/cultura\\\/nunkui-pelicula-shuar-cine-ecuador-amazonia\\\/#breadcrumb\",\"itemListElement\":[{\"@type\":\"ListItem\",\"position\":1,\"name\":\"Portada\",\"item\":\"https:\\\/\\\/foreverfutbol.com.ec\\\/radio\\\/\"},{\"@type\":\"ListItem\",\"position\":2,\"name\":\"\ud83c\udfac\ud83c\udf3f \u2018Nunkui\u2019: la pel\u00edcula protagonizada por ind\u00edgenas shuar que lleva la Amazon\u00eda ecuatoriana a la pantalla grande\"}]},{\"@type\":\"WebSite\",\"@id\":\"https:\\\/\\\/foreverfutbol.com.ec\\\/radio\\\/#website\",\"url\":\"https:\\\/\\\/foreverfutbol.com.ec\\\/radio\\\/\",\"name\":\"92.5 FOREVER Radio\",\"description\":\"\",\"publisher\":{\"@id\":\"https:\\\/\\\/foreverfutbol.com.ec\\\/radio\\\/#organization\"},\"potentialAction\":[{\"@type\":\"SearchAction\",\"target\":{\"@type\":\"EntryPoint\",\"urlTemplate\":\"https:\\\/\\\/foreverfutbol.com.ec\\\/radio\\\/?s={search_term_string}\"},\"query-input\":{\"@type\":\"PropertyValueSpecification\",\"valueRequired\":true,\"valueName\":\"search_term_string\"}}],\"inLanguage\":\"es\"},{\"@type\":\"Organization\",\"@id\":\"https:\\\/\\\/foreverfutbol.com.ec\\\/radio\\\/#organization\",\"name\":\"92.5 FOREVER Radio\",\"url\":\"https:\\\/\\\/foreverfutbol.com.ec\\\/radio\\\/\",\"logo\":{\"@type\":\"ImageObject\",\"inLanguage\":\"es\",\"@id\":\"https:\\\/\\\/foreverfutbol.com.ec\\\/radio\\\/#\\\/schema\\\/logo\\\/image\\\/\",\"url\":\"https:\\\/\\\/foreverfutbol.com.ec\\\/radio\\\/wp-content\\\/uploads\\\/2024\\\/01\\\/cropped-logo-forever.png\",\"contentUrl\":\"https:\\\/\\\/foreverfutbol.com.ec\\\/radio\\\/wp-content\\\/uploads\\\/2024\\\/01\\\/cropped-logo-forever.png\",\"width\":180,\"height\":154,\"caption\":\"92.5 FOREVER Radio\"},\"image\":{\"@id\":\"https:\\\/\\\/foreverfutbol.com.ec\\\/radio\\\/#\\\/schema\\\/logo\\\/image\\\/\"},\"sameAs\":[\"https:\\\/\\\/www.facebook.com\\\/profile.php?id=100063550693491\",\"https:\\\/\\\/x.com\\\/925forever\",\"https:\\\/\\\/www.instagram.com\\\/radioforever925\\\/\"]},{\"@type\":\"Person\",\"@id\":\"https:\\\/\\\/foreverfutbol.com.ec\\\/radio\\\/#\\\/schema\\\/person\\\/c0757c03685df7a280e9cbe7613a77dc\",\"name\":\"Carlos Alberto Vergara\",\"image\":{\"@type\":\"ImageObject\",\"inLanguage\":\"es\",\"@id\":\"https:\\\/\\\/secure.gravatar.com\\\/avatar\\\/87cee2115792489869e0755f650418b784c3f52f3ea9d58816a0e7dae27a4e7b?s=96&d=mm&r=g\",\"url\":\"https:\\\/\\\/secure.gravatar.com\\\/avatar\\\/87cee2115792489869e0755f650418b784c3f52f3ea9d58816a0e7dae27a4e7b?s=96&d=mm&r=g\",\"contentUrl\":\"https:\\\/\\\/secure.gravatar.com\\\/avatar\\\/87cee2115792489869e0755f650418b784c3f52f3ea9d58816a0e7dae27a4e7b?s=96&d=mm&r=g\",\"caption\":\"Carlos Alberto Vergara\"},\"sameAs\":[\"http:\\\/\\\/raizend2702@gmail.com\"],\"url\":\"https:\\\/\\\/foreverfutbol.com.ec\\\/radio\\\/author\\\/carlos-alberto-vergara\\\/\"}]}<\/script>\n<!-- \/ Yoast SEO plugin. -->","yoast_head_json":{"title":"Nunkui, la pel\u00edcula shuar que llega a los cines de Ecuador y rescata la memoria amaz\u00f3nica","description":"Nunkui llega a las salas de cine de Ecuador con una historia protagonizada por actores ind\u00edgenas shuar que muestra la cosmovisi\u00f3n, identidad y cultura amaz\u00f3nica.","robots":{"index":"index","follow":"follow","max-snippet":"max-snippet:-1","max-image-preview":"max-image-preview:large","max-video-preview":"max-video-preview:-1"},"canonical":"https:\/\/foreverfutbol.com.ec\/radio\/cultura\/nunkui-pelicula-shuar-cine-ecuador-amazonia\/","og_locale":"es_ES","og_type":"article","og_title":"Nunkui, la pel\u00edcula shuar que llega a los cines de Ecuador y rescata la memoria amaz\u00f3nica","og_description":"Nunkui llega a las salas de cine de Ecuador con una historia protagonizada por actores ind\u00edgenas shuar que muestra la cosmovisi\u00f3n, identidad y cultura amaz\u00f3nica.","og_url":"https:\/\/foreverfutbol.com.ec\/radio\/cultura\/nunkui-pelicula-shuar-cine-ecuador-amazonia\/","og_site_name":"92.5 FOREVER Radio","article_publisher":"https:\/\/www.facebook.com\/profile.php?id=100063550693491","article_published_time":"2026-09-02T20:01:56+00:00","article_modified_time":"2026-09-02T20:01:57+00:00","og_image":[{"width":600,"height":324,"url":"https:\/\/foreverfutbol.com.ec\/radio\/wp-content\/uploads\/2026\/09\/Portada-600x324-1.webp","type":"image\/webp"}],"author":"Carlos Alberto Vergara","twitter_card":"summary_large_image","twitter_creator":"@925forever","twitter_site":"@925forever","twitter_misc":{"Escrito por":"Carlos Alberto Vergara","Tiempo de lectura":"3 minutos"},"schema":{"@context":"https:\/\/schema.org","@graph":[{"@type":"Article","@id":"https:\/\/foreverfutbol.com.ec\/radio\/cultura\/nunkui-pelicula-shuar-cine-ecuador-amazonia\/#article","isPartOf":{"@id":"https:\/\/foreverfutbol.com.ec\/radio\/cultura\/nunkui-pelicula-shuar-cine-ecuador-amazonia\/"},"author":{"name":"Carlos Alberto Vergara","@id":"https:\/\/foreverfutbol.com.ec\/radio\/#\/schema\/person\/c0757c03685df7a280e9cbe7613a77dc"},"headline":"\ud83c\udfac\ud83c\udf3f \u2018Nunkui\u2019: la pel\u00edcula protagonizada por ind\u00edgenas shuar que lleva la Amazon\u00eda ecuatoriana a la pantalla grande","datePublished":"2026-09-02T20:01:56+00:00","dateModified":"2026-09-02T20:01:57+00:00","mainEntityOfPage":{"@id":"https:\/\/foreverfutbol.com.ec\/radio\/cultura\/nunkui-pelicula-shuar-cine-ecuador-amazonia\/"},"wordCount":563,"commentCount":0,"publisher":{"@id":"https:\/\/foreverfutbol.com.ec\/radio\/#organization"},"image":{"@id":"https:\/\/foreverfutbol.com.ec\/radio\/cultura\/nunkui-pelicula-shuar-cine-ecuador-amazonia\/#primaryimage"},"thumbnailUrl":"https:\/\/foreverfutbol.com.ec\/radio\/wp-content\/uploads\/2026\/09\/Portada-600x324-1.webp","articleSection":["Cultura","Peliculas"],"inLanguage":"es","potentialAction":[{"@type":"CommentAction","name":"Comment","target":["https:\/\/foreverfutbol.com.ec\/radio\/cultura\/nunkui-pelicula-shuar-cine-ecuador-amazonia\/#respond"]}]},{"@type":"WebPage","@id":"https:\/\/foreverfutbol.com.ec\/radio\/cultura\/nunkui-pelicula-shuar-cine-ecuador-amazonia\/","url":"https:\/\/foreverfutbol.com.ec\/radio\/cultura\/nunkui-pelicula-shuar-cine-ecuador-amazonia\/","name":"Nunkui, la pel\u00edcula shuar que llega a los cines de Ecuador y rescata la memoria amaz\u00f3nica","isPartOf":{"@id":"https:\/\/foreverfutbol.com.ec\/radio\/#website"},"primaryImageOfPage":{"@id":"https:\/\/foreverfutbol.com.ec\/radio\/cultura\/nunkui-pelicula-shuar-cine-ecuador-amazonia\/#primaryimage"},"image":{"@id":"https:\/\/foreverfutbol.com.ec\/radio\/cultura\/nunkui-pelicula-shuar-cine-ecuador-amazonia\/#primaryimage"},"thumbnailUrl":"https:\/\/foreverfutbol.com.ec\/radio\/wp-content\/uploads\/2026\/09\/Portada-600x324-1.webp","datePublished":"2026-09-02T20:01:56+00:00","dateModified":"2026-09-02T20:01:57+00:00","description":"Nunkui llega a las salas de cine de Ecuador con una historia protagonizada por actores ind\u00edgenas shuar que muestra la cosmovisi\u00f3n, identidad y cultura amaz\u00f3nica.","breadcrumb":{"@id":"https:\/\/foreverfutbol.com.ec\/radio\/cultura\/nunkui-pelicula-shuar-cine-ecuador-amazonia\/#breadcrumb"},"inLanguage":"es","potentialAction":[{"@type":"ReadAction","target":["https:\/\/foreverfutbol.com.ec\/radio\/cultura\/nunkui-pelicula-shuar-cine-ecuador-amazonia\/"]}]},{"@type":"ImageObject","inLanguage":"es","@id":"https:\/\/foreverfutbol.com.ec\/radio\/cultura\/nunkui-pelicula-shuar-cine-ecuador-amazonia\/#primaryimage","url":"https:\/\/foreverfutbol.com.ec\/radio\/wp-content\/uploads\/2026\/09\/Portada-600x324-1.webp","contentUrl":"https:\/\/foreverfutbol.com.ec\/radio\/wp-content\/uploads\/2026\/09\/Portada-600x324-1.webp","width":600,"height":324,"caption":"nunkui pelicula ecuatoriana"},{"@type":"BreadcrumbList","@id":"https:\/\/foreverfutbol.com.ec\/radio\/cultura\/nunkui-pelicula-shuar-cine-ecuador-amazonia\/#breadcrumb","itemListElement":[{"@type":"ListItem","position":1,"name":"Portada","item":"https:\/\/foreverfutbol.com.ec\/radio\/"},{"@type":"ListItem","position":2,"name":"\ud83c\udfac\ud83c\udf3f \u2018Nunkui\u2019: la pel\u00edcula protagonizada por ind\u00edgenas shuar que lleva la Amazon\u00eda ecuatoriana a la pantalla grande"}]},{"@type":"WebSite","@id":"https:\/\/foreverfutbol.com.ec\/radio\/#website","url":"https:\/\/foreverfutbol.com.ec\/radio\/","name":"92.5 FOREVER Radio","description":"","publisher":{"@id":"https:\/\/foreverfutbol.com.ec\/radio\/#organization"},"potentialAction":[{"@type":"SearchAction","target":{"@type":"EntryPoint","urlTemplate":"https:\/\/foreverfutbol.com.ec\/radio\/?s={search_term_string}"},"query-input":{"@type":"PropertyValueSpecification","valueRequired":true,"valueName":"search_term_string"}}],"inLanguage":"es"},{"@type":"Organization","@id":"https:\/\/foreverfutbol.com.ec\/radio\/#organization","name":"92.5 FOREVER Radio","url":"https:\/\/foreverfutbol.com.ec\/radio\/","logo":{"@type":"ImageObject","inLanguage":"es","@id":"https:\/\/foreverfutbol.com.ec\/radio\/#\/schema\/logo\/image\/","url":"https:\/\/foreverfutbol.com.ec\/radio\/wp-content\/uploads\/2024\/01\/cropped-logo-forever.png","contentUrl":"https:\/\/foreverfutbol.com.ec\/radio\/wp-content\/uploads\/2024\/01\/cropped-logo-forever.png","width":180,"height":154,"caption":"92.5 FOREVER Radio"},"image":{"@id":"https:\/\/foreverfutbol.com.ec\/radio\/#\/schema\/logo\/image\/"},"sameAs":["https:\/\/www.facebook.com\/profile.php?id=100063550693491","https:\/\/x.com\/925forever","https:\/\/www.instagram.com\/radioforever925\/"]},{"@type":"Person","@id":"https:\/\/foreverfutbol.com.ec\/radio\/#\/schema\/person\/c0757c03685df7a280e9cbe7613a77dc","name":"Carlos Alberto Vergara","image":{"@type":"ImageObject","inLanguage":"es","@id":"https:\/\/secure.gravatar.com\/avatar\/87cee2115792489869e0755f650418b784c3f52f3ea9d58816a0e7dae27a4e7b?s=96&d=mm&r=g","url":"https:\/\/secure.gravatar.com\/avatar\/87cee2115792489869e0755f650418b784c3f52f3ea9d58816a0e7dae27a4e7b?s=96&d=mm&r=g","contentUrl":"https:\/\/secure.gravatar.com\/avatar\/87cee2115792489869e0755f650418b784c3f52f3ea9d58816a0e7dae27a4e7b?s=96&d=mm&r=g","caption":"Carlos Alberto Vergara"},"sameAs":["http:\/\/raizend2702@gmail.com"],"url":"https:\/\/foreverfutbol.com.ec\/radio\/author\/carlos-alberto-vergara\/"}]}},"_links":{"self":[{"href":"https:\/\/foreverfutbol.com.ec\/radio\/wp-json\/wp\/v2\/posts\/31822","targetHints":{"allow":["GET"]}}],"collection":[{"href":"https:\/\/foreverfutbol.com.ec\/radio\/wp-json\/wp\/v2\/posts"}],"about":[{"href":"https:\/\/foreverfutbol.com.ec\/radio\/wp-json\/wp\/v2\/types\/post"}],"author":[{"embeddable":true,"href":"https:\/\/foreverfutbol.com.ec\/radio\/wp-json\/wp\/v2\/users\/2"}],"replies":[{"embeddable":true,"href":"https:\/\/foreverfutbol.com.ec\/radio\/wp-json\/wp\/v2\/comments?post=31822"}],"version-history":[{"count":1,"href":"https:\/\/foreverfutbol.com.ec\/radio\/wp-json\/wp\/v2\/posts\/31822\/revisions"}],"predecessor-version":[{"id":31824,"href":"https:\/\/foreverfutbol.com.ec\/radio\/wp-json\/wp\/v2\/posts\/31822\/revisions\/31824"}],"wp:featuredmedia":[{"embeddable":true,"href":"https:\/\/foreverfutbol.com.ec\/radio\/wp-json\/wp\/v2\/media\/31823"}],"wp:attachment":[{"href":"https:\/\/foreverfutbol.com.ec\/radio\/wp-json\/wp\/v2\/media?parent=31822"}],"wp:term":[{"taxonomy":"category","embeddable":true,"href":"https:\/\/foreverfutbol.com.ec\/radio\/wp-json\/wp\/v2\/categories?post=31822"},{"taxonomy":"post_tag","embeddable":true,"href":"https:\/\/foreverfutbol.com.ec\/radio\/wp-json\/wp\/v2\/tags?post=31822"}],"curies":[{"name":"wp","href":"https:\/\/api.w.org\/{rel}","templated":true}]}}