{"id":31816,"date":"2026-09-02T14:49:58","date_gmt":"2026-09-02T19:49:58","guid":{"rendered":"https:\/\/foreverfutbol.com.ec\/radio\/?p=31816"},"modified":"2026-09-02T14:49:59","modified_gmt":"2026-09-02T19:49:59","slug":"coyote-vs-acme-pelicula-cancelada-regreso","status":"publish","type":"post","link":"https:\/\/foreverfutbol.com.ec\/radio\/entretenimiento\/coyote-vs-acme-pelicula-cancelada-regreso\/","title":{"rendered":"\ud83c\udfac\ud83d\udc3a \u201cCoyote vs. Acme\u201d: la pel\u00edcula que Warner quiso borrar y que termin\u00f3 resucitando como un fen\u00f3meno inesperado"},"content":{"rendered":"\n<p class=\"wp-block-paragraph\"><strong>Durante casi tres a\u00f1os, \u201cCoyote vs. Acme\u201d parec\u00eda destinada a convertirse en uno de los casos m\u00e1s pol\u00e9micos de Hollywood. La pel\u00edcula, basada en el cl\u00e1sico personaje de Looney Tunes, fue terminada pero Warner Bros. decidi\u00f3 cancelarla y buscar una deducci\u00f3n fiscal antes de su estreno. Sin embargo, el proyecto encontr\u00f3 una segunda oportunidad y ahora protagoniza una de las historias m\u00e1s sorprendentes de la industria del cine.<\/strong><\/p>\n\n\n\n<p class=\"wp-block-paragraph\">La cinta pas\u00f3 de estar pr\u00e1cticamente archivada a convertirse en un lanzamiento que llam\u00f3 la atenci\u00f3n del p\u00fablico y logr\u00f3 superar en taquilla a una de las grandes apuestas cinematogr\u00e1ficas del momento: <strong>\u201cLa Odisea\u201d<\/strong>.<\/p>\n\n\n\n<h1 class=\"wp-block-heading\">\ud83d\udc3a El origen del conflicto: una pel\u00edcula terminada que nunca iba a llegar al p\u00fablico<\/h1>\n\n\n\n<p class=\"wp-block-paragraph\">\u201cCoyote vs. Acme\u201d fue producida por Warner Bros. Discovery con un presupuesto aproximado de <strong>m\u00e1s de 70 millones de d\u00f3lares<\/strong>.<\/p>\n\n\n\n<p class=\"wp-block-paragraph\">La historia planteaba una nueva versi\u00f3n del cl\u00e1sico enfrentamiento entre:<\/p>\n\n\n\n<p class=\"wp-block-paragraph\">\ud83d\udc3a <strong>Wile E. Coyote<\/strong>, el personaje que durante d\u00e9cadas intent\u00f3 atrapar al Correcaminos.<br>\ud83c\udfed <strong>Acme Corporation<\/strong>, la empresa ficticia cuyos productos siempre terminaban fallando.<\/p>\n\n\n\n<p class=\"wp-block-paragraph\">El argumento mezclaba comedia, acci\u00f3n y elementos de juicio legal, con Coyote demandando a Acme por los productos defectuosos que marcaron su vida.<\/p>\n\n\n\n<p class=\"wp-block-paragraph\">El reparto inclu\u00eda nombres como:<\/p>\n\n\n\n<ul class=\"wp-block-list\">\n<li>John Cena.<\/li>\n\n\n\n<li>Will Forte.<\/li>\n\n\n\n<li>Lana Condor.<\/li>\n<\/ul>\n\n\n\n<h1 class=\"wp-block-heading\">\ud83d\udea8 Warner Bros. tom\u00f3 una decisi\u00f3n inesperada: cancelar el estreno<\/h1>\n\n\n\n<p class=\"wp-block-paragraph\">En 2023, Warner Bros. Discovery decidi\u00f3 no estrenar la pel\u00edcula pese a que ya estaba finalizada.<\/p>\n\n\n\n<p class=\"wp-block-paragraph\">La compa\u00f1\u00eda buscaba aplicar una estrategia similar a la utilizada con otros proyectos cancelados: convertir la producci\u00f3n en una p\u00e9rdida contable para obtener beneficios fiscales.<\/p>\n\n\n\n<p class=\"wp-block-paragraph\">La decisi\u00f3n gener\u00f3 una fuerte reacci\u00f3n en Hollywood.<\/p>\n\n\n\n<p class=\"wp-block-paragraph\">Directores, actores y miembros del equipo criticaron que una pel\u00edcula terminada pudiera desaparecer sin llegar a los espectadores.<\/p>\n\n\n\n<p class=\"wp-block-paragraph\">El caso record\u00f3 la pol\u00e9mica generada por la cancelaci\u00f3n de <strong>\u201cBatgirl\u201d<\/strong>, otro proyecto de Warner que fue archivado antes de su lanzamiento.<\/p>\n\n\n\n<h1 class=\"wp-block-heading\">\ud83d\udd25 La presi\u00f3n de Hollywood cambi\u00f3 la historia<\/h1>\n\n\n\n<p class=\"wp-block-paragraph\">Despu\u00e9s de la pol\u00e9mica, Warner permiti\u00f3 que otros estudios evaluaran la posibilidad de adquirir los derechos de distribuci\u00f3n.<\/p>\n\n\n\n<p class=\"wp-block-paragraph\">La pel\u00edcula finalmente encontr\u00f3 una nueva vida y lleg\u00f3 al p\u00fablico despu\u00e9s de a\u00f1os de incertidumbre.<\/p>\n\n\n\n<p class=\"wp-block-paragraph\">El caso se convirti\u00f3 en un ejemplo de c\u00f3mo una producci\u00f3n considerada perdida puede regresar cuando existe inter\u00e9s del p\u00fablico y del mercado.<\/p>\n\n\n\n<h1 class=\"wp-block-heading\">\ud83c\udfac El fen\u00f3meno tras su estreno: una pel\u00edcula que super\u00f3 las expectativas<\/h1>\n\n\n\n<p class=\"wp-block-paragraph\">Tras su llegada a los cines, \u201cCoyote vs. Acme\u201d sorprendi\u00f3 por la respuesta del p\u00fablico.<\/p>\n\n\n\n<p class=\"wp-block-paragraph\">La pel\u00edcula consigui\u00f3 superar en determinados mercados a <strong>\u201cLa Odisea\u201d<\/strong>, una de las grandes producciones cinematogr\u00e1ficas del a\u00f1o, algo inesperado considerando que comenz\u00f3 como un proyecto que Warner hab\u00eda descartado.<\/p>\n\n\n\n<p class=\"wp-block-paragraph\">El inter\u00e9s alrededor de la historia de su cancelaci\u00f3n ayud\u00f3 a generar curiosidad entre espectadores que inicialmente no ten\u00edan la pel\u00edcula entre sus prioridades.<\/p>\n\n\n\n<h1 class=\"wp-block-heading\">\ud83d\udcca \u00bfPor qu\u00e9 llam\u00f3 tanto la atenci\u00f3n?<\/h1>\n\n\n\n<p class=\"wp-block-paragraph\">El fen\u00f3meno de \u201cCoyote vs. Acme\u201d se explica por varios factores:<\/p>\n\n\n\n<h2 class=\"wp-block-heading\">\ud83d\udfe1 Nostalgia de Looney Tunes<\/h2>\n\n\n\n<p class=\"wp-block-paragraph\">Wile E. Coyote es uno de los personajes animados m\u00e1s reconocidos del mundo.<\/p>\n\n\n\n<p class=\"wp-block-paragraph\">El p\u00fablico adulto que creci\u00f3 con los cortos cl\u00e1sicos encontr\u00f3 una conexi\u00f3n emocional con la pel\u00edcula.<\/p>\n\n\n\n<h2 class=\"wp-block-heading\">\ud83c\udfad Una historia diferente dentro de la comedia<\/h2>\n\n\n\n<p class=\"wp-block-paragraph\">La pel\u00edcula no se limit\u00f3 a repetir la f\u00f3rmula de dibujos animados.<\/p>\n\n\n\n<p class=\"wp-block-paragraph\">Su propuesta combin\u00f3:<\/p>\n\n\n\n<ul class=\"wp-block-list\">\n<li>humor cl\u00e1sico;<\/li>\n\n\n\n<li>personajes reales;<\/li>\n\n\n\n<li>cr\u00edtica empresarial;<\/li>\n\n\n\n<li>una historia de justicia y reivindicaci\u00f3n.<\/li>\n<\/ul>\n\n\n\n<h2 class=\"wp-block-heading\">\ud83d\udea8 El efecto \u201cpel\u00edcula prohibida\u201d<\/h2>\n\n\n\n<p class=\"wp-block-paragraph\">La cancelaci\u00f3n inicial convirti\u00f3 la cinta en un caso especial.<\/p>\n\n\n\n<p class=\"wp-block-paragraph\">Muchos espectadores llegaron al estreno por una pregunta:<\/p>\n\n\n\n<p class=\"wp-block-paragraph\"><strong>\u00bfPor qu\u00e9 Warner quiso ocultar una pel\u00edcula terminada?<\/strong><\/p>\n\n\n\n<h1 class=\"wp-block-heading\">\ud83c\udf0e El caso que abri\u00f3 un debate en Hollywood<\/h1>\n\n\n\n<p class=\"wp-block-paragraph\">\u201cCoyote vs. Acme\u201d volvi\u00f3 a poner sobre la mesa una discusi\u00f3n importante en la industria:<\/p>\n\n\n\n<p class=\"wp-block-paragraph\">\u00bfQu\u00e9 ocurre cuando un estudio decide no lanzar una pel\u00edcula ya terminada?<\/p>\n\n\n\n<p class=\"wp-block-paragraph\">El caso gener\u00f3 debate sobre:<\/p>\n\n\n\n<ul class=\"wp-block-list\">\n<li>decisiones financieras frente al valor creativo;<\/li>\n\n\n\n<li>derechos de los creadores;<\/li>\n\n\n\n<li>relaci\u00f3n entre estudios y p\u00fablico.<\/li>\n<\/ul>\n\n\n\n<h1 class=\"wp-block-heading\">\ud83d\udccc Datos clave de \u201cCoyote vs. Acme\u201d<\/h1>\n\n\n\n<p class=\"wp-block-paragraph\">\ud83c\udfac T\u00edtulo: <em>Coyote vs. Acme<\/em><br>\ud83c\udfe2 Producci\u00f3n: Warner Bros.<br>\ud83d\udcb0 Presupuesto estimado: +70 millones de d\u00f3lares<br>\ud83d\udc3a Personaje principal: Wile E. Coyote<br>\ud83d\udcc5 Terminada: 2022<br>\ud83d\udea8 Cancelaci\u00f3n inicial: 2023<br>\ud83c\udfad G\u00e9nero: comedia \/ aventura<br>\u2b50 Reparto: John Cena, Will Forte y Lana Condor<\/p>\n\n\n\n<h1 class=\"wp-block-heading\">\ud83d\udd25 De fracaso anunciado a historia de supervivencia<\/h1>\n\n\n\n<p class=\"wp-block-paragraph\">\u201cCoyote vs. Acme\u201d termin\u00f3 convirti\u00e9ndose en una de las historias m\u00e1s curiosas del cine reciente.<\/p>\n\n\n\n<p class=\"wp-block-paragraph\">Una pel\u00edcula que parec\u00eda condenada a desaparecer termin\u00f3 encontrando una segunda oportunidad y demostrando que, en Hollywood, algunas producciones pueden tener una vida mucho m\u00e1s larga de lo que sus propios estudios imaginan.<\/p>\n","protected":false},"excerpt":{"rendered":"<p>Durante casi tres a\u00f1os, \u201cCoyote vs. Acme\u201d parec\u00eda destinada a convertirse en uno de los casos m\u00e1s pol\u00e9micos de Hollywood. La pel\u00edcula, basada en el cl\u00e1sico personaje de Looney Tunes, fue terminada pero Warner Bros. decidi\u00f3 cancelarla y buscar una deducci\u00f3n fiscal antes de su estreno. Sin embargo, el proyecto encontr\u00f3 una segunda oportunidad y [&hellip;]<\/p>\n","protected":false},"author":2,"featured_media":31820,"comment_status":"open","ping_status":"open","sticky":false,"template":"","format":"standard","meta":{"footnotes":""},"categories":[146,147],"tags":[],"class_list":["post-31816","post","type-post","status-publish","format-standard","has-post-thumbnail","hentry","category-entretenimiento","category-peliculas"],"yoast_head":"<!-- This site is optimized with the Yoast SEO plugin v28.3 - https:\/\/yoast.com\/product\/yoast-seo-wordpress\/ -->\n<title>Coyote vs. Acme: la pel\u00edcula cancelada por Warner que volvi\u00f3 y sorprendi\u00f3 al superar a La Odisea<\/title>\n<meta name=\"description\" content=\"Coyote vs. Acme pas\u00f3 de ser archivada por Warner Bros. a convertirse en una de las grandes sorpresas cinematogr\u00e1ficas. Conoce la historia detr\u00e1s de su regreso.\" \/>\n<meta name=\"robots\" content=\"index, follow, max-snippet:-1, max-image-preview:large, max-video-preview:-1\" \/>\n<link rel=\"canonical\" href=\"https:\/\/foreverfutbol.com.ec\/radio\/entretenimiento\/coyote-vs-acme-pelicula-cancelada-regreso\/\" \/>\n<meta property=\"og:locale\" content=\"es_ES\" \/>\n<meta property=\"og:type\" content=\"article\" \/>\n<meta property=\"og:title\" content=\"Coyote vs. Acme: la pel\u00edcula cancelada por Warner que volvi\u00f3 y sorprendi\u00f3 al superar a La Odisea\" \/>\n<meta property=\"og:description\" content=\"Coyote vs. Acme pas\u00f3 de ser archivada por Warner Bros. a convertirse en una de las grandes sorpresas cinematogr\u00e1ficas. Conoce la historia detr\u00e1s de su regreso.\" \/>\n<meta property=\"og:url\" content=\"https:\/\/foreverfutbol.com.ec\/radio\/entretenimiento\/coyote-vs-acme-pelicula-cancelada-regreso\/\" \/>\n<meta property=\"og:site_name\" content=\"92.5 FOREVER Radio\" \/>\n<meta property=\"article:publisher\" content=\"https:\/\/www.facebook.com\/profile.php?id=100063550693491\" \/>\n<meta property=\"article:published_time\" content=\"2026-09-02T19:49:58+00:00\" \/>\n<meta property=\"article:modified_time\" content=\"2026-09-02T19:49:59+00:00\" \/>\n<meta property=\"og:image\" content=\"https:\/\/foreverfutbol.com.ec\/radio\/wp-content\/uploads\/2026\/09\/coyotevsacmetrailer-ign-blogroll-1784820630811-1.webp\" \/>\n\t<meta property=\"og:image:width\" content=\"1280\" \/>\n\t<meta property=\"og:image:height\" content=\"720\" \/>\n\t<meta property=\"og:image:type\" content=\"image\/webp\" \/>\n<meta name=\"author\" content=\"Carlos Alberto Vergara\" \/>\n<meta name=\"twitter:card\" content=\"summary_large_image\" \/>\n<meta name=\"twitter:creator\" content=\"@925forever\" \/>\n<meta name=\"twitter:site\" content=\"@925forever\" \/>\n<meta name=\"twitter:label1\" content=\"Escrito por\" \/>\n\t<meta name=\"twitter:data1\" content=\"Carlos Alberto Vergara\" \/>\n\t<meta name=\"twitter:label2\" content=\"Tiempo de lectura\" \/>\n\t<meta name=\"twitter:data2\" content=\"4 minutos\" \/>\n<script type=\"application\/ld+json\" class=\"yoast-schema-graph\">{\"@context\":\"https:\\\/\\\/schema.org\",\"@graph\":[{\"@type\":\"Article\",\"@id\":\"https:\\\/\\\/foreverfutbol.com.ec\\\/radio\\\/entretenimiento\\\/coyote-vs-acme-pelicula-cancelada-regreso\\\/#article\",\"isPartOf\":{\"@id\":\"https:\\\/\\\/foreverfutbol.com.ec\\\/radio\\\/entretenimiento\\\/coyote-vs-acme-pelicula-cancelada-regreso\\\/\"},\"author\":{\"name\":\"Carlos Alberto Vergara\",\"@id\":\"https:\\\/\\\/foreverfutbol.com.ec\\\/radio\\\/#\\\/schema\\\/person\\\/c0757c03685df7a280e9cbe7613a77dc\"},\"headline\":\"\ud83c\udfac\ud83d\udc3a \u201cCoyote vs. Acme\u201d: la pel\u00edcula que Warner quiso borrar y que termin\u00f3 resucitando como un fen\u00f3meno inesperado\",\"datePublished\":\"2026-09-02T19:49:58+00:00\",\"dateModified\":\"2026-09-02T19:49:59+00:00\",\"mainEntityOfPage\":{\"@id\":\"https:\\\/\\\/foreverfutbol.com.ec\\\/radio\\\/entretenimiento\\\/coyote-vs-acme-pelicula-cancelada-regreso\\\/\"},\"wordCount\":805,\"commentCount\":0,\"publisher\":{\"@id\":\"https:\\\/\\\/foreverfutbol.com.ec\\\/radio\\\/#organization\"},\"image\":{\"@id\":\"https:\\\/\\\/foreverfutbol.com.ec\\\/radio\\\/entretenimiento\\\/coyote-vs-acme-pelicula-cancelada-regreso\\\/#primaryimage\"},\"thumbnailUrl\":\"https:\\\/\\\/foreverfutbol.com.ec\\\/radio\\\/wp-content\\\/uploads\\\/2026\\\/09\\\/coyotevsacmetrailer-ign-blogroll-1784820630811-1.webp\",\"articleSection\":[\"Entretenimiento\",\"Peliculas\"],\"inLanguage\":\"es\",\"potentialAction\":[{\"@type\":\"CommentAction\",\"name\":\"Comment\",\"target\":[\"https:\\\/\\\/foreverfutbol.com.ec\\\/radio\\\/entretenimiento\\\/coyote-vs-acme-pelicula-cancelada-regreso\\\/#respond\"]}]},{\"@type\":\"WebPage\",\"@id\":\"https:\\\/\\\/foreverfutbol.com.ec\\\/radio\\\/entretenimiento\\\/coyote-vs-acme-pelicula-cancelada-regreso\\\/\",\"url\":\"https:\\\/\\\/foreverfutbol.com.ec\\\/radio\\\/entretenimiento\\\/coyote-vs-acme-pelicula-cancelada-regreso\\\/\",\"name\":\"Coyote vs. Acme: la pel\u00edcula cancelada por Warner que volvi\u00f3 y sorprendi\u00f3 al superar a La Odisea\",\"isPartOf\":{\"@id\":\"https:\\\/\\\/foreverfutbol.com.ec\\\/radio\\\/#website\"},\"primaryImageOfPage\":{\"@id\":\"https:\\\/\\\/foreverfutbol.com.ec\\\/radio\\\/entretenimiento\\\/coyote-vs-acme-pelicula-cancelada-regreso\\\/#primaryimage\"},\"image\":{\"@id\":\"https:\\\/\\\/foreverfutbol.com.ec\\\/radio\\\/entretenimiento\\\/coyote-vs-acme-pelicula-cancelada-regreso\\\/#primaryimage\"},\"thumbnailUrl\":\"https:\\\/\\\/foreverfutbol.com.ec\\\/radio\\\/wp-content\\\/uploads\\\/2026\\\/09\\\/coyotevsacmetrailer-ign-blogroll-1784820630811-1.webp\",\"datePublished\":\"2026-09-02T19:49:58+00:00\",\"dateModified\":\"2026-09-02T19:49:59+00:00\",\"description\":\"Coyote vs. Acme pas\u00f3 de ser archivada por Warner Bros. a convertirse en una de las grandes sorpresas cinematogr\u00e1ficas. Conoce la historia detr\u00e1s de su regreso.\",\"breadcrumb\":{\"@id\":\"https:\\\/\\\/foreverfutbol.com.ec\\\/radio\\\/entretenimiento\\\/coyote-vs-acme-pelicula-cancelada-regreso\\\/#breadcrumb\"},\"inLanguage\":\"es\",\"potentialAction\":[{\"@type\":\"ReadAction\",\"target\":[\"https:\\\/\\\/foreverfutbol.com.ec\\\/radio\\\/entretenimiento\\\/coyote-vs-acme-pelicula-cancelada-regreso\\\/\"]}]},{\"@type\":\"ImageObject\",\"inLanguage\":\"es\",\"@id\":\"https:\\\/\\\/foreverfutbol.com.ec\\\/radio\\\/entretenimiento\\\/coyote-vs-acme-pelicula-cancelada-regreso\\\/#primaryimage\",\"url\":\"https:\\\/\\\/foreverfutbol.com.ec\\\/radio\\\/wp-content\\\/uploads\\\/2026\\\/09\\\/coyotevsacmetrailer-ign-blogroll-1784820630811-1.webp\",\"contentUrl\":\"https:\\\/\\\/foreverfutbol.com.ec\\\/radio\\\/wp-content\\\/uploads\\\/2026\\\/09\\\/coyotevsacmetrailer-ign-blogroll-1784820630811-1.webp\",\"width\":1280,\"height\":720,\"caption\":\"coyote va acme\"},{\"@type\":\"BreadcrumbList\",\"@id\":\"https:\\\/\\\/foreverfutbol.com.ec\\\/radio\\\/entretenimiento\\\/coyote-vs-acme-pelicula-cancelada-regreso\\\/#breadcrumb\",\"itemListElement\":[{\"@type\":\"ListItem\",\"position\":1,\"name\":\"Portada\",\"item\":\"https:\\\/\\\/foreverfutbol.com.ec\\\/radio\\\/\"},{\"@type\":\"ListItem\",\"position\":2,\"name\":\"\ud83c\udfac\ud83d\udc3a \u201cCoyote vs. Acme\u201d: la pel\u00edcula que Warner quiso borrar y que termin\u00f3 resucitando como un fen\u00f3meno inesperado\"}]},{\"@type\":\"WebSite\",\"@id\":\"https:\\\/\\\/foreverfutbol.com.ec\\\/radio\\\/#website\",\"url\":\"https:\\\/\\\/foreverfutbol.com.ec\\\/radio\\\/\",\"name\":\"92.5 FOREVER Radio\",\"description\":\"\",\"publisher\":{\"@id\":\"https:\\\/\\\/foreverfutbol.com.ec\\\/radio\\\/#organization\"},\"potentialAction\":[{\"@type\":\"SearchAction\",\"target\":{\"@type\":\"EntryPoint\",\"urlTemplate\":\"https:\\\/\\\/foreverfutbol.com.ec\\\/radio\\\/?s={search_term_string}\"},\"query-input\":{\"@type\":\"PropertyValueSpecification\",\"valueRequired\":true,\"valueName\":\"search_term_string\"}}],\"inLanguage\":\"es\"},{\"@type\":\"Organization\",\"@id\":\"https:\\\/\\\/foreverfutbol.com.ec\\\/radio\\\/#organization\",\"name\":\"92.5 FOREVER Radio\",\"url\":\"https:\\\/\\\/foreverfutbol.com.ec\\\/radio\\\/\",\"logo\":{\"@type\":\"ImageObject\",\"inLanguage\":\"es\",\"@id\":\"https:\\\/\\\/foreverfutbol.com.ec\\\/radio\\\/#\\\/schema\\\/logo\\\/image\\\/\",\"url\":\"https:\\\/\\\/foreverfutbol.com.ec\\\/radio\\\/wp-content\\\/uploads\\\/2024\\\/01\\\/cropped-logo-forever.png\",\"contentUrl\":\"https:\\\/\\\/foreverfutbol.com.ec\\\/radio\\\/wp-content\\\/uploads\\\/2024\\\/01\\\/cropped-logo-forever.png\",\"width\":180,\"height\":154,\"caption\":\"92.5 FOREVER Radio\"},\"image\":{\"@id\":\"https:\\\/\\\/foreverfutbol.com.ec\\\/radio\\\/#\\\/schema\\\/logo\\\/image\\\/\"},\"sameAs\":[\"https:\\\/\\\/www.facebook.com\\\/profile.php?id=100063550693491\",\"https:\\\/\\\/x.com\\\/925forever\",\"https:\\\/\\\/www.instagram.com\\\/radioforever925\\\/\"]},{\"@type\":\"Person\",\"@id\":\"https:\\\/\\\/foreverfutbol.com.ec\\\/radio\\\/#\\\/schema\\\/person\\\/c0757c03685df7a280e9cbe7613a77dc\",\"name\":\"Carlos Alberto Vergara\",\"image\":{\"@type\":\"ImageObject\",\"inLanguage\":\"es\",\"@id\":\"https:\\\/\\\/secure.gravatar.com\\\/avatar\\\/87cee2115792489869e0755f650418b784c3f52f3ea9d58816a0e7dae27a4e7b?s=96&d=mm&r=g\",\"url\":\"https:\\\/\\\/secure.gravatar.com\\\/avatar\\\/87cee2115792489869e0755f650418b784c3f52f3ea9d58816a0e7dae27a4e7b?s=96&d=mm&r=g\",\"contentUrl\":\"https:\\\/\\\/secure.gravatar.com\\\/avatar\\\/87cee2115792489869e0755f650418b784c3f52f3ea9d58816a0e7dae27a4e7b?s=96&d=mm&r=g\",\"caption\":\"Carlos Alberto Vergara\"},\"sameAs\":[\"http:\\\/\\\/raizend2702@gmail.com\"],\"url\":\"https:\\\/\\\/foreverfutbol.com.ec\\\/radio\\\/author\\\/carlos-alberto-vergara\\\/\"}]}<\/script>\n<!-- \/ Yoast SEO plugin. -->","yoast_head_json":{"title":"Coyote vs. Acme: la pel\u00edcula cancelada por Warner que volvi\u00f3 y sorprendi\u00f3 al superar a La Odisea","description":"Coyote vs. Acme pas\u00f3 de ser archivada por Warner Bros. a convertirse en una de las grandes sorpresas cinematogr\u00e1ficas. Conoce la historia detr\u00e1s de su regreso.","robots":{"index":"index","follow":"follow","max-snippet":"max-snippet:-1","max-image-preview":"max-image-preview:large","max-video-preview":"max-video-preview:-1"},"canonical":"https:\/\/foreverfutbol.com.ec\/radio\/entretenimiento\/coyote-vs-acme-pelicula-cancelada-regreso\/","og_locale":"es_ES","og_type":"article","og_title":"Coyote vs. Acme: la pel\u00edcula cancelada por Warner que volvi\u00f3 y sorprendi\u00f3 al superar a La Odisea","og_description":"Coyote vs. Acme pas\u00f3 de ser archivada por Warner Bros. a convertirse en una de las grandes sorpresas cinematogr\u00e1ficas. Conoce la historia detr\u00e1s de su regreso.","og_url":"https:\/\/foreverfutbol.com.ec\/radio\/entretenimiento\/coyote-vs-acme-pelicula-cancelada-regreso\/","og_site_name":"92.5 FOREVER Radio","article_publisher":"https:\/\/www.facebook.com\/profile.php?id=100063550693491","article_published_time":"2026-09-02T19:49:58+00:00","article_modified_time":"2026-09-02T19:49:59+00:00","og_image":[{"width":1280,"height":720,"url":"https:\/\/foreverfutbol.com.ec\/radio\/wp-content\/uploads\/2026\/09\/coyotevsacmetrailer-ign-blogroll-1784820630811-1.webp","type":"image\/webp"}],"author":"Carlos Alberto Vergara","twitter_card":"summary_large_image","twitter_creator":"@925forever","twitter_site":"@925forever","twitter_misc":{"Escrito por":"Carlos Alberto Vergara","Tiempo de lectura":"4 minutos"},"schema":{"@context":"https:\/\/schema.org","@graph":[{"@type":"Article","@id":"https:\/\/foreverfutbol.com.ec\/radio\/entretenimiento\/coyote-vs-acme-pelicula-cancelada-regreso\/#article","isPartOf":{"@id":"https:\/\/foreverfutbol.com.ec\/radio\/entretenimiento\/coyote-vs-acme-pelicula-cancelada-regreso\/"},"author":{"name":"Carlos Alberto Vergara","@id":"https:\/\/foreverfutbol.com.ec\/radio\/#\/schema\/person\/c0757c03685df7a280e9cbe7613a77dc"},"headline":"\ud83c\udfac\ud83d\udc3a \u201cCoyote vs. Acme\u201d: la pel\u00edcula que Warner quiso borrar y que termin\u00f3 resucitando como un fen\u00f3meno inesperado","datePublished":"2026-09-02T19:49:58+00:00","dateModified":"2026-09-02T19:49:59+00:00","mainEntityOfPage":{"@id":"https:\/\/foreverfutbol.com.ec\/radio\/entretenimiento\/coyote-vs-acme-pelicula-cancelada-regreso\/"},"wordCount":805,"commentCount":0,"publisher":{"@id":"https:\/\/foreverfutbol.com.ec\/radio\/#organization"},"image":{"@id":"https:\/\/foreverfutbol.com.ec\/radio\/entretenimiento\/coyote-vs-acme-pelicula-cancelada-regreso\/#primaryimage"},"thumbnailUrl":"https:\/\/foreverfutbol.com.ec\/radio\/wp-content\/uploads\/2026\/09\/coyotevsacmetrailer-ign-blogroll-1784820630811-1.webp","articleSection":["Entretenimiento","Peliculas"],"inLanguage":"es","potentialAction":[{"@type":"CommentAction","name":"Comment","target":["https:\/\/foreverfutbol.com.ec\/radio\/entretenimiento\/coyote-vs-acme-pelicula-cancelada-regreso\/#respond"]}]},{"@type":"WebPage","@id":"https:\/\/foreverfutbol.com.ec\/radio\/entretenimiento\/coyote-vs-acme-pelicula-cancelada-regreso\/","url":"https:\/\/foreverfutbol.com.ec\/radio\/entretenimiento\/coyote-vs-acme-pelicula-cancelada-regreso\/","name":"Coyote vs. Acme: la pel\u00edcula cancelada por Warner que volvi\u00f3 y sorprendi\u00f3 al superar a La Odisea","isPartOf":{"@id":"https:\/\/foreverfutbol.com.ec\/radio\/#website"},"primaryImageOfPage":{"@id":"https:\/\/foreverfutbol.com.ec\/radio\/entretenimiento\/coyote-vs-acme-pelicula-cancelada-regreso\/#primaryimage"},"image":{"@id":"https:\/\/foreverfutbol.com.ec\/radio\/entretenimiento\/coyote-vs-acme-pelicula-cancelada-regreso\/#primaryimage"},"thumbnailUrl":"https:\/\/foreverfutbol.com.ec\/radio\/wp-content\/uploads\/2026\/09\/coyotevsacmetrailer-ign-blogroll-1784820630811-1.webp","datePublished":"2026-09-02T19:49:58+00:00","dateModified":"2026-09-02T19:49:59+00:00","description":"Coyote vs. Acme pas\u00f3 de ser archivada por Warner Bros. a convertirse en una de las grandes sorpresas cinematogr\u00e1ficas. Conoce la historia detr\u00e1s de su regreso.","breadcrumb":{"@id":"https:\/\/foreverfutbol.com.ec\/radio\/entretenimiento\/coyote-vs-acme-pelicula-cancelada-regreso\/#breadcrumb"},"inLanguage":"es","potentialAction":[{"@type":"ReadAction","target":["https:\/\/foreverfutbol.com.ec\/radio\/entretenimiento\/coyote-vs-acme-pelicula-cancelada-regreso\/"]}]},{"@type":"ImageObject","inLanguage":"es","@id":"https:\/\/foreverfutbol.com.ec\/radio\/entretenimiento\/coyote-vs-acme-pelicula-cancelada-regreso\/#primaryimage","url":"https:\/\/foreverfutbol.com.ec\/radio\/wp-content\/uploads\/2026\/09\/coyotevsacmetrailer-ign-blogroll-1784820630811-1.webp","contentUrl":"https:\/\/foreverfutbol.com.ec\/radio\/wp-content\/uploads\/2026\/09\/coyotevsacmetrailer-ign-blogroll-1784820630811-1.webp","width":1280,"height":720,"caption":"coyote va acme"},{"@type":"BreadcrumbList","@id":"https:\/\/foreverfutbol.com.ec\/radio\/entretenimiento\/coyote-vs-acme-pelicula-cancelada-regreso\/#breadcrumb","itemListElement":[{"@type":"ListItem","position":1,"name":"Portada","item":"https:\/\/foreverfutbol.com.ec\/radio\/"},{"@type":"ListItem","position":2,"name":"\ud83c\udfac\ud83d\udc3a \u201cCoyote vs. Acme\u201d: la pel\u00edcula que Warner quiso borrar y que termin\u00f3 resucitando como un fen\u00f3meno inesperado"}]},{"@type":"WebSite","@id":"https:\/\/foreverfutbol.com.ec\/radio\/#website","url":"https:\/\/foreverfutbol.com.ec\/radio\/","name":"92.5 FOREVER Radio","description":"","publisher":{"@id":"https:\/\/foreverfutbol.com.ec\/radio\/#organization"},"potentialAction":[{"@type":"SearchAction","target":{"@type":"EntryPoint","urlTemplate":"https:\/\/foreverfutbol.com.ec\/radio\/?s={search_term_string}"},"query-input":{"@type":"PropertyValueSpecification","valueRequired":true,"valueName":"search_term_string"}}],"inLanguage":"es"},{"@type":"Organization","@id":"https:\/\/foreverfutbol.com.ec\/radio\/#organization","name":"92.5 FOREVER Radio","url":"https:\/\/foreverfutbol.com.ec\/radio\/","logo":{"@type":"ImageObject","inLanguage":"es","@id":"https:\/\/foreverfutbol.com.ec\/radio\/#\/schema\/logo\/image\/","url":"https:\/\/foreverfutbol.com.ec\/radio\/wp-content\/uploads\/2024\/01\/cropped-logo-forever.png","contentUrl":"https:\/\/foreverfutbol.com.ec\/radio\/wp-content\/uploads\/2024\/01\/cropped-logo-forever.png","width":180,"height":154,"caption":"92.5 FOREVER Radio"},"image":{"@id":"https:\/\/foreverfutbol.com.ec\/radio\/#\/schema\/logo\/image\/"},"sameAs":["https:\/\/www.facebook.com\/profile.php?id=100063550693491","https:\/\/x.com\/925forever","https:\/\/www.instagram.com\/radioforever925\/"]},{"@type":"Person","@id":"https:\/\/foreverfutbol.com.ec\/radio\/#\/schema\/person\/c0757c03685df7a280e9cbe7613a77dc","name":"Carlos Alberto Vergara","image":{"@type":"ImageObject","inLanguage":"es","@id":"https:\/\/secure.gravatar.com\/avatar\/87cee2115792489869e0755f650418b784c3f52f3ea9d58816a0e7dae27a4e7b?s=96&d=mm&r=g","url":"https:\/\/secure.gravatar.com\/avatar\/87cee2115792489869e0755f650418b784c3f52f3ea9d58816a0e7dae27a4e7b?s=96&d=mm&r=g","contentUrl":"https:\/\/secure.gravatar.com\/avatar\/87cee2115792489869e0755f650418b784c3f52f3ea9d58816a0e7dae27a4e7b?s=96&d=mm&r=g","caption":"Carlos Alberto Vergara"},"sameAs":["http:\/\/raizend2702@gmail.com"],"url":"https:\/\/foreverfutbol.com.ec\/radio\/author\/carlos-alberto-vergara\/"}]}},"_links":{"self":[{"href":"https:\/\/foreverfutbol.com.ec\/radio\/wp-json\/wp\/v2\/posts\/31816","targetHints":{"allow":["GET"]}}],"collection":[{"href":"https:\/\/foreverfutbol.com.ec\/radio\/wp-json\/wp\/v2\/posts"}],"about":[{"href":"https:\/\/foreverfutbol.com.ec\/radio\/wp-json\/wp\/v2\/types\/post"}],"author":[{"embeddable":true,"href":"https:\/\/foreverfutbol.com.ec\/radio\/wp-json\/wp\/v2\/users\/2"}],"replies":[{"embeddable":true,"href":"https:\/\/foreverfutbol.com.ec\/radio\/wp-json\/wp\/v2\/comments?post=31816"}],"version-history":[{"count":1,"href":"https:\/\/foreverfutbol.com.ec\/radio\/wp-json\/wp\/v2\/posts\/31816\/revisions"}],"predecessor-version":[{"id":31821,"href":"https:\/\/foreverfutbol.com.ec\/radio\/wp-json\/wp\/v2\/posts\/31816\/revisions\/31821"}],"wp:featuredmedia":[{"embeddable":true,"href":"https:\/\/foreverfutbol.com.ec\/radio\/wp-json\/wp\/v2\/media\/31820"}],"wp:attachment":[{"href":"https:\/\/foreverfutbol.com.ec\/radio\/wp-json\/wp\/v2\/media?parent=31816"}],"wp:term":[{"taxonomy":"category","embeddable":true,"href":"https:\/\/foreverfutbol.com.ec\/radio\/wp-json\/wp\/v2\/categories?post=31816"},{"taxonomy":"post_tag","embeddable":true,"href":"https:\/\/foreverfutbol.com.ec\/radio\/wp-json\/wp\/v2\/tags?post=31816"}],"curies":[{"name":"wp","href":"https:\/\/api.w.org\/{rel}","templated":true}]}}