{"id":31811,"date":"2026-09-02T12:57:53","date_gmt":"2026-09-02T17:57:53","guid":{"rendered":"https:\/\/foreverfutbol.com.ec\/radio\/?p=31811"},"modified":"2026-09-02T12:58:29","modified_gmt":"2026-09-02T17:58:29","slug":"jose-julio-neira-denuncia-ataques-informaticos-contra-data-593","status":"publish","type":"post","link":"https:\/\/foreverfutbol.com.ec\/radio\/politica\/jose-julio-neira-denuncia-ataques-informaticos-contra-data-593\/","title":{"rendered":"Jos\u00e9 Julio Neira denuncia ataques inform\u00e1ticos contra Data 593"},"content":{"rendered":"\n<p class=\"wp-block-paragraph\">La aplicaci\u00f3n estatal <strong>Data 593<\/strong> enfrenta sus primeros cuestionamientos de seguridad luego de que el secretario de la Administraci\u00f3n P\u00fablica, <strong>Jos\u00e9 Julio Neira<\/strong>, denunciara m\u00faltiples <strong>ataques inform\u00e1ticos<\/strong> desde su lanzamiento, ocurrido la noche del 1 de septiembre de 2026.<\/p>\n\n\n\n<p class=\"wp-block-paragraph\">A trav\u00e9s de una publicaci\u00f3n en X, Neira asegur\u00f3 que estas acciones buscan afectar al Gobierno, aunque sostuvo que tambi\u00e9n terminan perjudicando una plataforma creada para facilitar el acceso de los ecuatorianos a diferentes servicios p\u00fablicos.<\/p>\n\n\n\n<h2 class=\"wp-block-heading\"><strong>Data 593 concentra servicios p\u00fablicos<\/strong><\/h2>\n\n\n\n<p class=\"wp-block-paragraph\"><strong>Data 593<\/strong> fue presentada como una plataforma digital destinada a integrar informaci\u00f3n y servicios de varias instituciones del Estado en un mismo espacio.<\/p>\n\n\n\n<p class=\"wp-block-paragraph\">Actualmente incorpora servicios relacionados con el <strong>SRI, IESS, Registro Civil, INEC, ANT y CNE<\/strong>, adem\u00e1s de informaci\u00f3n de distintos ministerios.<\/p>\n\n\n\n<p class=\"wp-block-paragraph\">Entre las funciones disponibles se encuentran la <strong>c\u00e9dula de identidad digital<\/strong>, la <strong>licencia de conducir digital<\/strong>, el <strong>certificado de votaci\u00f3n<\/strong>, t\u00edtulos acad\u00e9micos registrados, informaci\u00f3n laboral del IESS y determinados datos tributarios.<\/p>\n\n\n\n<p class=\"wp-block-paragraph\">Neira destac\u00f3 que la aplicaci\u00f3n permite acceder desde un mismo lugar a servicios de <strong>diez instituciones p\u00fablicas<\/strong>, una caracter\u00edstica que busca simplificar los tr\u00e1mites digitales.<\/p>\n\n\n\n<h2 class=\"wp-block-heading\"><strong>Ataques inform\u00e1ticos contra la aplicaci\u00f3n<\/strong><\/h2>\n\n\n\n<p class=\"wp-block-paragraph\">El funcionario afirm\u00f3 que <strong>Data 593 ha recibido m\u00faltiples ataques inform\u00e1ticos<\/strong> desde que fue presentada p\u00fablicamente. Sin embargo, no identific\u00f3 a los responsables ni detall\u00f3 p\u00fablicamente el tipo de ataques registrados.<\/p>\n\n\n\n<p class=\"wp-block-paragraph\">Neira relacion\u00f3 estos incidentes con sectores que, seg\u00fan su criterio, buscan afectar al Gobierno y cuestion\u00f3 las acciones contra una herramienta destinada a los ciudadanos.<\/p>\n\n\n\n<p class=\"wp-block-paragraph\">La seguridad resulta especialmente relevante debido a que la plataforma concentra informaci\u00f3n procedente de diferentes entidades estatales.<\/p>\n\n\n\n<h2 class=\"wp-block-heading\"><strong>Registro y validaci\u00f3n de identidad<\/strong><\/h2>\n\n\n\n<p class=\"wp-block-paragraph\">Para utilizar los servicios de <strong>Data 593<\/strong>, los ciudadanos deben realizar un prerregistro y completar un proceso de <strong>validaci\u00f3n de identidad<\/strong>.<\/p>\n\n\n\n<p class=\"wp-block-paragraph\">Este mecanismo permite verificar al usuario antes de habilitar el acceso a informaci\u00f3n y documentos personales. La autenticaci\u00f3n adquiere especial importancia al tratarse de servicios relacionados con identidad, seguridad social, tr\u00e1nsito, educaci\u00f3n, votaci\u00f3n y tributaci\u00f3n.<\/p>\n\n\n\n<p class=\"wp-block-paragraph\">La implementaci\u00f3n de la aplicaci\u00f3n representa as\u00ed un nuevo paso en la <strong>transformaci\u00f3n digital del Ecuador<\/strong>, mientras las autoridades deber\u00e1n continuar atendiendo los desaf\u00edos relacionados con disponibilidad, protecci\u00f3n de informaci\u00f3n y seguridad inform\u00e1tica.<\/p>\n\n\n\n<blockquote class=\"twitter-tweet\"><p lang=\"es\" dir=\"ltr\">A los de siempre les molesta la transformaci\u00f3n digital del Ecuador.<br><br>Desde su lanzamiento, <a href=\"https:\/\/x.com\/hashtag\/Data593?src=hash&amp;ref_src=twsrc%5Etfw\">#Data593<\/a> ha recibido m\u00faltiples ataques inform\u00e1ticos. Creen que as\u00ed le hacen da\u00f1o al Gobierno, cuando somos los ecuatorianos quienes ahora tenemos a 10 instituciones a un solo clic de\u2026 <a href=\"https:\/\/t.co\/zcooxD2B8V\">pic.twitter.com\/zcooxD2B8V<\/a><\/p>&mdash; Jos\u00e9 Julio Neira (@JoseJulioNeira) <a href=\"https:\/\/x.com\/JoseJulioNeira\/status\/2095158555829522550?ref_src=twsrc%5Etfw\">September 2, 2026<\/a><\/blockquote> <script async src=\"https:\/\/platform.x.com\/widgets.js\" charset=\"utf-8\"><\/script>\n","protected":false},"excerpt":{"rendered":"<p>La aplicaci\u00f3n estatal Data 593 enfrenta sus primeros cuestionamientos de seguridad luego de que el secretario de la Administraci\u00f3n P\u00fablica, Jos\u00e9 Julio Neira, denunciara m\u00faltiples ataques inform\u00e1ticos desde su lanzamiento, ocurrido la noche del 1 de septiembre de 2026. A trav\u00e9s de una publicaci\u00f3n en X, Neira asegur\u00f3 que estas acciones buscan afectar al Gobierno, [&hellip;]<\/p>\n","protected":false},"author":1,"featured_media":31812,"comment_status":"open","ping_status":"open","sticky":false,"template":"","format":"standard","meta":{"footnotes":""},"categories":[52],"tags":[],"class_list":["post-31811","post","type-post","status-publish","format-standard","has-post-thumbnail","hentry","category-politica"],"yoast_head":"<!-- This site is optimized with the Yoast SEO plugin v28.3 - https:\/\/yoast.com\/product\/yoast-seo-wordpress\/ -->\n<title>Jos\u00e9 Julio Neira denuncia ataques inform\u00e1ticos contra Data 593 - 92.5 FOREVER Radio<\/title>\n<meta name=\"description\" content=\"Jos\u00e9 Julio Neira denunci\u00f3 ataques inform\u00e1ticos contra Data 593, la nueva aplicaci\u00f3n estatal que integra servicios del SRI,\" \/>\n<meta name=\"robots\" content=\"index, follow, max-snippet:-1, max-image-preview:large, max-video-preview:-1\" \/>\n<link rel=\"canonical\" href=\"https:\/\/foreverfutbol.com.ec\/radio\/politica\/jose-julio-neira-denuncia-ataques-informaticos-contra-data-593\/\" \/>\n<meta property=\"og:locale\" content=\"es_ES\" \/>\n<meta property=\"og:type\" content=\"article\" \/>\n<meta property=\"og:title\" content=\"Jos\u00e9 Julio Neira denuncia ataques inform\u00e1ticos contra Data 593 - 92.5 FOREVER Radio\" \/>\n<meta property=\"og:description\" content=\"Jos\u00e9 Julio Neira denunci\u00f3 ataques inform\u00e1ticos contra Data 593, la nueva aplicaci\u00f3n estatal que integra servicios del SRI,\" \/>\n<meta property=\"og:url\" content=\"https:\/\/foreverfutbol.com.ec\/radio\/politica\/jose-julio-neira-denuncia-ataques-informaticos-contra-data-593\/\" \/>\n<meta property=\"og:site_name\" content=\"92.5 FOREVER Radio\" \/>\n<meta property=\"article:publisher\" content=\"https:\/\/www.facebook.com\/profile.php?id=100063550693491\" \/>\n<meta property=\"article:published_time\" content=\"2026-09-02T17:57:53+00:00\" \/>\n<meta property=\"article:modified_time\" content=\"2026-09-02T17:58:29+00:00\" \/>\n<meta property=\"og:image\" content=\"https:\/\/foreverfutbol.com.ec\/radio\/wp-content\/uploads\/2026\/09\/image-13-1.webp\" \/>\n\t<meta property=\"og:image:width\" content=\"688\" \/>\n\t<meta property=\"og:image:height\" content=\"408\" \/>\n\t<meta property=\"og:image:type\" content=\"image\/webp\" \/>\n<meta name=\"author\" content=\"Ricardo Rodriguez\" \/>\n<meta name=\"twitter:card\" content=\"summary_large_image\" \/>\n<meta name=\"twitter:creator\" content=\"@925forever\" \/>\n<meta name=\"twitter:site\" content=\"@925forever\" \/>\n<meta name=\"twitter:label1\" content=\"Escrito por\" \/>\n\t<meta name=\"twitter:data1\" content=\"Ricardo Rodriguez\" \/>\n\t<meta name=\"twitter:label2\" content=\"Tiempo de lectura\" \/>\n\t<meta name=\"twitter:data2\" content=\"2 minutos\" \/>\n<script type=\"application\/ld+json\" class=\"yoast-schema-graph\">{\"@context\":\"https:\\\/\\\/schema.org\",\"@graph\":[{\"@type\":\"Article\",\"@id\":\"https:\\\/\\\/foreverfutbol.com.ec\\\/radio\\\/politica\\\/jose-julio-neira-denuncia-ataques-informaticos-contra-data-593\\\/#article\",\"isPartOf\":{\"@id\":\"https:\\\/\\\/foreverfutbol.com.ec\\\/radio\\\/politica\\\/jose-julio-neira-denuncia-ataques-informaticos-contra-data-593\\\/\"},\"author\":{\"name\":\"Ricardo Rodriguez\",\"@id\":\"https:\\\/\\\/foreverfutbol.com.ec\\\/radio\\\/#\\\/schema\\\/person\\\/2f679dd16f889ac00df6e7b648062a01\"},\"headline\":\"Jos\u00e9 Julio Neira denuncia ataques inform\u00e1ticos contra Data 593\",\"datePublished\":\"2026-09-02T17:57:53+00:00\",\"dateModified\":\"2026-09-02T17:58:29+00:00\",\"mainEntityOfPage\":{\"@id\":\"https:\\\/\\\/foreverfutbol.com.ec\\\/radio\\\/politica\\\/jose-julio-neira-denuncia-ataques-informaticos-contra-data-593\\\/\"},\"wordCount\":457,\"commentCount\":0,\"publisher\":{\"@id\":\"https:\\\/\\\/foreverfutbol.com.ec\\\/radio\\\/#organization\"},\"image\":{\"@id\":\"https:\\\/\\\/foreverfutbol.com.ec\\\/radio\\\/politica\\\/jose-julio-neira-denuncia-ataques-informaticos-contra-data-593\\\/#primaryimage\"},\"thumbnailUrl\":\"https:\\\/\\\/foreverfutbol.com.ec\\\/radio\\\/wp-content\\\/uploads\\\/2026\\\/09\\\/image-13-1.webp\",\"articleSection\":[\"Pol\u00edtica\"],\"inLanguage\":\"es\",\"potentialAction\":[{\"@type\":\"CommentAction\",\"name\":\"Comment\",\"target\":[\"https:\\\/\\\/foreverfutbol.com.ec\\\/radio\\\/politica\\\/jose-julio-neira-denuncia-ataques-informaticos-contra-data-593\\\/#respond\"]}]},{\"@type\":\"WebPage\",\"@id\":\"https:\\\/\\\/foreverfutbol.com.ec\\\/radio\\\/politica\\\/jose-julio-neira-denuncia-ataques-informaticos-contra-data-593\\\/\",\"url\":\"https:\\\/\\\/foreverfutbol.com.ec\\\/radio\\\/politica\\\/jose-julio-neira-denuncia-ataques-informaticos-contra-data-593\\\/\",\"name\":\"Jos\u00e9 Julio Neira denuncia ataques inform\u00e1ticos contra Data 593 - 92.5 FOREVER Radio\",\"isPartOf\":{\"@id\":\"https:\\\/\\\/foreverfutbol.com.ec\\\/radio\\\/#website\"},\"primaryImageOfPage\":{\"@id\":\"https:\\\/\\\/foreverfutbol.com.ec\\\/radio\\\/politica\\\/jose-julio-neira-denuncia-ataques-informaticos-contra-data-593\\\/#primaryimage\"},\"image\":{\"@id\":\"https:\\\/\\\/foreverfutbol.com.ec\\\/radio\\\/politica\\\/jose-julio-neira-denuncia-ataques-informaticos-contra-data-593\\\/#primaryimage\"},\"thumbnailUrl\":\"https:\\\/\\\/foreverfutbol.com.ec\\\/radio\\\/wp-content\\\/uploads\\\/2026\\\/09\\\/image-13-1.webp\",\"datePublished\":\"2026-09-02T17:57:53+00:00\",\"dateModified\":\"2026-09-02T17:58:29+00:00\",\"description\":\"Jos\u00e9 Julio Neira denunci\u00f3 ataques inform\u00e1ticos contra Data 593, la nueva aplicaci\u00f3n estatal que integra servicios del SRI,\",\"breadcrumb\":{\"@id\":\"https:\\\/\\\/foreverfutbol.com.ec\\\/radio\\\/politica\\\/jose-julio-neira-denuncia-ataques-informaticos-contra-data-593\\\/#breadcrumb\"},\"inLanguage\":\"es\",\"potentialAction\":[{\"@type\":\"ReadAction\",\"target\":[\"https:\\\/\\\/foreverfutbol.com.ec\\\/radio\\\/politica\\\/jose-julio-neira-denuncia-ataques-informaticos-contra-data-593\\\/\"]}]},{\"@type\":\"ImageObject\",\"inLanguage\":\"es\",\"@id\":\"https:\\\/\\\/foreverfutbol.com.ec\\\/radio\\\/politica\\\/jose-julio-neira-denuncia-ataques-informaticos-contra-data-593\\\/#primaryimage\",\"url\":\"https:\\\/\\\/foreverfutbol.com.ec\\\/radio\\\/wp-content\\\/uploads\\\/2026\\\/09\\\/image-13-1.webp\",\"contentUrl\":\"https:\\\/\\\/foreverfutbol.com.ec\\\/radio\\\/wp-content\\\/uploads\\\/2026\\\/09\\\/image-13-1.webp\",\"width\":688,\"height\":408,\"caption\":\"Jos\u00e9 Julio Neira denuncia ataques inform\u00e1ticos contra Data 593\"},{\"@type\":\"BreadcrumbList\",\"@id\":\"https:\\\/\\\/foreverfutbol.com.ec\\\/radio\\\/politica\\\/jose-julio-neira-denuncia-ataques-informaticos-contra-data-593\\\/#breadcrumb\",\"itemListElement\":[{\"@type\":\"ListItem\",\"position\":1,\"name\":\"Portada\",\"item\":\"https:\\\/\\\/foreverfutbol.com.ec\\\/radio\\\/\"},{\"@type\":\"ListItem\",\"position\":2,\"name\":\"Jos\u00e9 Julio Neira denuncia ataques inform\u00e1ticos contra Data 593\"}]},{\"@type\":\"WebSite\",\"@id\":\"https:\\\/\\\/foreverfutbol.com.ec\\\/radio\\\/#website\",\"url\":\"https:\\\/\\\/foreverfutbol.com.ec\\\/radio\\\/\",\"name\":\"92.5 FOREVER Radio\",\"description\":\"\",\"publisher\":{\"@id\":\"https:\\\/\\\/foreverfutbol.com.ec\\\/radio\\\/#organization\"},\"potentialAction\":[{\"@type\":\"SearchAction\",\"target\":{\"@type\":\"EntryPoint\",\"urlTemplate\":\"https:\\\/\\\/foreverfutbol.com.ec\\\/radio\\\/?s={search_term_string}\"},\"query-input\":{\"@type\":\"PropertyValueSpecification\",\"valueRequired\":true,\"valueName\":\"search_term_string\"}}],\"inLanguage\":\"es\"},{\"@type\":\"Organization\",\"@id\":\"https:\\\/\\\/foreverfutbol.com.ec\\\/radio\\\/#organization\",\"name\":\"92.5 FOREVER Radio\",\"url\":\"https:\\\/\\\/foreverfutbol.com.ec\\\/radio\\\/\",\"logo\":{\"@type\":\"ImageObject\",\"inLanguage\":\"es\",\"@id\":\"https:\\\/\\\/foreverfutbol.com.ec\\\/radio\\\/#\\\/schema\\\/logo\\\/image\\\/\",\"url\":\"https:\\\/\\\/foreverfutbol.com.ec\\\/radio\\\/wp-content\\\/uploads\\\/2024\\\/01\\\/cropped-logo-forever.png\",\"contentUrl\":\"https:\\\/\\\/foreverfutbol.com.ec\\\/radio\\\/wp-content\\\/uploads\\\/2024\\\/01\\\/cropped-logo-forever.png\",\"width\":180,\"height\":154,\"caption\":\"92.5 FOREVER Radio\"},\"image\":{\"@id\":\"https:\\\/\\\/foreverfutbol.com.ec\\\/radio\\\/#\\\/schema\\\/logo\\\/image\\\/\"},\"sameAs\":[\"https:\\\/\\\/www.facebook.com\\\/profile.php?id=100063550693491\",\"https:\\\/\\\/x.com\\\/925forever\",\"https:\\\/\\\/www.instagram.com\\\/radioforever925\\\/\"]},{\"@type\":\"Person\",\"@id\":\"https:\\\/\\\/foreverfutbol.com.ec\\\/radio\\\/#\\\/schema\\\/person\\\/2f679dd16f889ac00df6e7b648062a01\",\"name\":\"Ricardo Rodriguez\",\"image\":{\"@type\":\"ImageObject\",\"inLanguage\":\"es\",\"@id\":\"https:\\\/\\\/secure.gravatar.com\\\/avatar\\\/5d9dfb95700bd0c503ed088d29de94822b5cc66a74cb0362774e6fc534823d07?s=96&d=mm&r=g\",\"url\":\"https:\\\/\\\/secure.gravatar.com\\\/avatar\\\/5d9dfb95700bd0c503ed088d29de94822b5cc66a74cb0362774e6fc534823d07?s=96&d=mm&r=g\",\"contentUrl\":\"https:\\\/\\\/secure.gravatar.com\\\/avatar\\\/5d9dfb95700bd0c503ed088d29de94822b5cc66a74cb0362774e6fc534823d07?s=96&d=mm&r=g\",\"caption\":\"Ricardo Rodriguez\"},\"sameAs\":[\"https:\\\/\\\/foreverfutbol.com.ec\\\/radio\"],\"url\":\"https:\\\/\\\/foreverfutbol.com.ec\\\/radio\\\/author\\\/superdmin\\\/\"}]}<\/script>\n<!-- \/ Yoast SEO plugin. -->","yoast_head_json":{"title":"Jos\u00e9 Julio Neira denuncia ataques inform\u00e1ticos contra Data 593 - 92.5 FOREVER Radio","description":"Jos\u00e9 Julio Neira denunci\u00f3 ataques inform\u00e1ticos contra Data 593, la nueva aplicaci\u00f3n estatal que integra servicios del SRI,","robots":{"index":"index","follow":"follow","max-snippet":"max-snippet:-1","max-image-preview":"max-image-preview:large","max-video-preview":"max-video-preview:-1"},"canonical":"https:\/\/foreverfutbol.com.ec\/radio\/politica\/jose-julio-neira-denuncia-ataques-informaticos-contra-data-593\/","og_locale":"es_ES","og_type":"article","og_title":"Jos\u00e9 Julio Neira denuncia ataques inform\u00e1ticos contra Data 593 - 92.5 FOREVER Radio","og_description":"Jos\u00e9 Julio Neira denunci\u00f3 ataques inform\u00e1ticos contra Data 593, la nueva aplicaci\u00f3n estatal que integra servicios del SRI,","og_url":"https:\/\/foreverfutbol.com.ec\/radio\/politica\/jose-julio-neira-denuncia-ataques-informaticos-contra-data-593\/","og_site_name":"92.5 FOREVER Radio","article_publisher":"https:\/\/www.facebook.com\/profile.php?id=100063550693491","article_published_time":"2026-09-02T17:57:53+00:00","article_modified_time":"2026-09-02T17:58:29+00:00","og_image":[{"width":688,"height":408,"url":"https:\/\/foreverfutbol.com.ec\/radio\/wp-content\/uploads\/2026\/09\/image-13-1.webp","type":"image\/webp"}],"author":"Ricardo Rodriguez","twitter_card":"summary_large_image","twitter_creator":"@925forever","twitter_site":"@925forever","twitter_misc":{"Escrito por":"Ricardo Rodriguez","Tiempo de lectura":"2 minutos"},"schema":{"@context":"https:\/\/schema.org","@graph":[{"@type":"Article","@id":"https:\/\/foreverfutbol.com.ec\/radio\/politica\/jose-julio-neira-denuncia-ataques-informaticos-contra-data-593\/#article","isPartOf":{"@id":"https:\/\/foreverfutbol.com.ec\/radio\/politica\/jose-julio-neira-denuncia-ataques-informaticos-contra-data-593\/"},"author":{"name":"Ricardo Rodriguez","@id":"https:\/\/foreverfutbol.com.ec\/radio\/#\/schema\/person\/2f679dd16f889ac00df6e7b648062a01"},"headline":"Jos\u00e9 Julio Neira denuncia ataques inform\u00e1ticos contra Data 593","datePublished":"2026-09-02T17:57:53+00:00","dateModified":"2026-09-02T17:58:29+00:00","mainEntityOfPage":{"@id":"https:\/\/foreverfutbol.com.ec\/radio\/politica\/jose-julio-neira-denuncia-ataques-informaticos-contra-data-593\/"},"wordCount":457,"commentCount":0,"publisher":{"@id":"https:\/\/foreverfutbol.com.ec\/radio\/#organization"},"image":{"@id":"https:\/\/foreverfutbol.com.ec\/radio\/politica\/jose-julio-neira-denuncia-ataques-informaticos-contra-data-593\/#primaryimage"},"thumbnailUrl":"https:\/\/foreverfutbol.com.ec\/radio\/wp-content\/uploads\/2026\/09\/image-13-1.webp","articleSection":["Pol\u00edtica"],"inLanguage":"es","potentialAction":[{"@type":"CommentAction","name":"Comment","target":["https:\/\/foreverfutbol.com.ec\/radio\/politica\/jose-julio-neira-denuncia-ataques-informaticos-contra-data-593\/#respond"]}]},{"@type":"WebPage","@id":"https:\/\/foreverfutbol.com.ec\/radio\/politica\/jose-julio-neira-denuncia-ataques-informaticos-contra-data-593\/","url":"https:\/\/foreverfutbol.com.ec\/radio\/politica\/jose-julio-neira-denuncia-ataques-informaticos-contra-data-593\/","name":"Jos\u00e9 Julio Neira denuncia ataques inform\u00e1ticos contra Data 593 - 92.5 FOREVER Radio","isPartOf":{"@id":"https:\/\/foreverfutbol.com.ec\/radio\/#website"},"primaryImageOfPage":{"@id":"https:\/\/foreverfutbol.com.ec\/radio\/politica\/jose-julio-neira-denuncia-ataques-informaticos-contra-data-593\/#primaryimage"},"image":{"@id":"https:\/\/foreverfutbol.com.ec\/radio\/politica\/jose-julio-neira-denuncia-ataques-informaticos-contra-data-593\/#primaryimage"},"thumbnailUrl":"https:\/\/foreverfutbol.com.ec\/radio\/wp-content\/uploads\/2026\/09\/image-13-1.webp","datePublished":"2026-09-02T17:57:53+00:00","dateModified":"2026-09-02T17:58:29+00:00","description":"Jos\u00e9 Julio Neira denunci\u00f3 ataques inform\u00e1ticos contra Data 593, la nueva aplicaci\u00f3n estatal que integra servicios del SRI,","breadcrumb":{"@id":"https:\/\/foreverfutbol.com.ec\/radio\/politica\/jose-julio-neira-denuncia-ataques-informaticos-contra-data-593\/#breadcrumb"},"inLanguage":"es","potentialAction":[{"@type":"ReadAction","target":["https:\/\/foreverfutbol.com.ec\/radio\/politica\/jose-julio-neira-denuncia-ataques-informaticos-contra-data-593\/"]}]},{"@type":"ImageObject","inLanguage":"es","@id":"https:\/\/foreverfutbol.com.ec\/radio\/politica\/jose-julio-neira-denuncia-ataques-informaticos-contra-data-593\/#primaryimage","url":"https:\/\/foreverfutbol.com.ec\/radio\/wp-content\/uploads\/2026\/09\/image-13-1.webp","contentUrl":"https:\/\/foreverfutbol.com.ec\/radio\/wp-content\/uploads\/2026\/09\/image-13-1.webp","width":688,"height":408,"caption":"Jos\u00e9 Julio Neira denuncia ataques inform\u00e1ticos contra Data 593"},{"@type":"BreadcrumbList","@id":"https:\/\/foreverfutbol.com.ec\/radio\/politica\/jose-julio-neira-denuncia-ataques-informaticos-contra-data-593\/#breadcrumb","itemListElement":[{"@type":"ListItem","position":1,"name":"Portada","item":"https:\/\/foreverfutbol.com.ec\/radio\/"},{"@type":"ListItem","position":2,"name":"Jos\u00e9 Julio Neira denuncia ataques inform\u00e1ticos contra Data 593"}]},{"@type":"WebSite","@id":"https:\/\/foreverfutbol.com.ec\/radio\/#website","url":"https:\/\/foreverfutbol.com.ec\/radio\/","name":"92.5 FOREVER Radio","description":"","publisher":{"@id":"https:\/\/foreverfutbol.com.ec\/radio\/#organization"},"potentialAction":[{"@type":"SearchAction","target":{"@type":"EntryPoint","urlTemplate":"https:\/\/foreverfutbol.com.ec\/radio\/?s={search_term_string}"},"query-input":{"@type":"PropertyValueSpecification","valueRequired":true,"valueName":"search_term_string"}}],"inLanguage":"es"},{"@type":"Organization","@id":"https:\/\/foreverfutbol.com.ec\/radio\/#organization","name":"92.5 FOREVER Radio","url":"https:\/\/foreverfutbol.com.ec\/radio\/","logo":{"@type":"ImageObject","inLanguage":"es","@id":"https:\/\/foreverfutbol.com.ec\/radio\/#\/schema\/logo\/image\/","url":"https:\/\/foreverfutbol.com.ec\/radio\/wp-content\/uploads\/2024\/01\/cropped-logo-forever.png","contentUrl":"https:\/\/foreverfutbol.com.ec\/radio\/wp-content\/uploads\/2024\/01\/cropped-logo-forever.png","width":180,"height":154,"caption":"92.5 FOREVER Radio"},"image":{"@id":"https:\/\/foreverfutbol.com.ec\/radio\/#\/schema\/logo\/image\/"},"sameAs":["https:\/\/www.facebook.com\/profile.php?id=100063550693491","https:\/\/x.com\/925forever","https:\/\/www.instagram.com\/radioforever925\/"]},{"@type":"Person","@id":"https:\/\/foreverfutbol.com.ec\/radio\/#\/schema\/person\/2f679dd16f889ac00df6e7b648062a01","name":"Ricardo Rodriguez","image":{"@type":"ImageObject","inLanguage":"es","@id":"https:\/\/secure.gravatar.com\/avatar\/5d9dfb95700bd0c503ed088d29de94822b5cc66a74cb0362774e6fc534823d07?s=96&d=mm&r=g","url":"https:\/\/secure.gravatar.com\/avatar\/5d9dfb95700bd0c503ed088d29de94822b5cc66a74cb0362774e6fc534823d07?s=96&d=mm&r=g","contentUrl":"https:\/\/secure.gravatar.com\/avatar\/5d9dfb95700bd0c503ed088d29de94822b5cc66a74cb0362774e6fc534823d07?s=96&d=mm&r=g","caption":"Ricardo Rodriguez"},"sameAs":["https:\/\/foreverfutbol.com.ec\/radio"],"url":"https:\/\/foreverfutbol.com.ec\/radio\/author\/superdmin\/"}]}},"_links":{"self":[{"href":"https:\/\/foreverfutbol.com.ec\/radio\/wp-json\/wp\/v2\/posts\/31811","targetHints":{"allow":["GET"]}}],"collection":[{"href":"https:\/\/foreverfutbol.com.ec\/radio\/wp-json\/wp\/v2\/posts"}],"about":[{"href":"https:\/\/foreverfutbol.com.ec\/radio\/wp-json\/wp\/v2\/types\/post"}],"author":[{"embeddable":true,"href":"https:\/\/foreverfutbol.com.ec\/radio\/wp-json\/wp\/v2\/users\/1"}],"replies":[{"embeddable":true,"href":"https:\/\/foreverfutbol.com.ec\/radio\/wp-json\/wp\/v2\/comments?post=31811"}],"version-history":[{"count":2,"href":"https:\/\/foreverfutbol.com.ec\/radio\/wp-json\/wp\/v2\/posts\/31811\/revisions"}],"predecessor-version":[{"id":31815,"href":"https:\/\/foreverfutbol.com.ec\/radio\/wp-json\/wp\/v2\/posts\/31811\/revisions\/31815"}],"wp:featuredmedia":[{"embeddable":true,"href":"https:\/\/foreverfutbol.com.ec\/radio\/wp-json\/wp\/v2\/media\/31812"}],"wp:attachment":[{"href":"https:\/\/foreverfutbol.com.ec\/radio\/wp-json\/wp\/v2\/media?parent=31811"}],"wp:term":[{"taxonomy":"category","embeddable":true,"href":"https:\/\/foreverfutbol.com.ec\/radio\/wp-json\/wp\/v2\/categories?post=31811"},{"taxonomy":"post_tag","embeddable":true,"href":"https:\/\/foreverfutbol.com.ec\/radio\/wp-json\/wp\/v2\/tags?post=31811"}],"curies":[{"name":"wp","href":"https:\/\/api.w.org\/{rel}","templated":true}]}}