{"id":31805,"date":"2026-09-02T12:15:21","date_gmt":"2026-09-02T17:15:21","guid":{"rendered":"https:\/\/foreverfutbol.com.ec\/radio\/?p=31805"},"modified":"2026-09-02T12:15:22","modified_gmt":"2026-09-02T17:15:22","slug":"iphone-18-pro-max-lanzamiento-caracteristicas-precio","status":"publish","type":"post","link":"https:\/\/foreverfutbol.com.ec\/radio\/entretenimiento\/iphone-18-pro-max-lanzamiento-caracteristicas-precio\/","title":{"rendered":"\ud83c\udf4e El iPhone 18 Pro Max se acerca: Apple prepara una nueva generaci\u00f3n marcada por potencia, inteligencia artificial y fotograf\u00eda"},"content":{"rendered":"\n<p class=\"wp-block-paragraph\"><strong>Apple se prepara para presentar oficialmente el iPhone 18 Pro Max, uno de los dispositivos m\u00e1s esperados del a\u00f1o tecnol\u00f3gico. La compa\u00f1\u00eda realizar\u00e1 su evento especial el pr\u00f3ximo 9 de septiembre de 2026, donde se espera conocer todos los detalles del nuevo modelo premium junto al iPhone 18 Pro y el primer iPhone plegable de la historia de Apple.<\/strong><\/p>\n\n\n\n<p class=\"wp-block-paragraph\">El lanzamiento llega en un momento especial para la compa\u00f1\u00eda, ya que ser\u00e1 una de las primeras grandes presentaciones bajo el liderazgo de <strong>John Ternus<\/strong>, nuevo CEO de Apple tras la salida de Tim Cook.<\/p>\n\n\n\n<h1 class=\"wp-block-heading\">\u26a1 El nuevo cerebro del iPhone: llega el chip A20 Pro<\/h1>\n\n\n\n<p class=\"wp-block-paragraph\">Una de las principales novedades esperadas del iPhone 18 Pro Max ser\u00eda la incorporaci\u00f3n del procesador <strong>A20 Pro<\/strong>, fabricado con tecnolog\u00eda de <strong>2 nan\u00f3metros<\/strong>, un salto destinado a mejorar rendimiento y eficiencia energ\u00e9tica.<\/p>\n\n\n\n<p class=\"wp-block-paragraph\">Este nuevo chip estar\u00eda dise\u00f1ado para potenciar:<\/p>\n\n\n\n<ul class=\"wp-block-list\">\n<li>inteligencia artificial integrada;<\/li>\n\n\n\n<li>procesamiento fotogr\u00e1fico;<\/li>\n\n\n\n<li>videojuegos;<\/li>\n\n\n\n<li>edici\u00f3n de video profesional;<\/li>\n\n\n\n<li>consumo energ\u00e9tico m\u00e1s eficiente.<\/li>\n<\/ul>\n\n\n\n<p class=\"wp-block-paragraph\">La apuesta de Apple es que el tel\u00e9fono no solo sea m\u00e1s r\u00e1pido, sino tambi\u00e9n m\u00e1s inteligente en tareas cotidianas.<\/p>\n\n\n\n<h1 class=\"wp-block-heading\">\ud83d\udcf8 La gran revoluci\u00f3n estar\u00eda en la c\u00e1mara: apertura variable por primera vez<\/h1>\n\n\n\n<p class=\"wp-block-paragraph\">Uno de los cambios m\u00e1s esperados estar\u00eda en el sistema fotogr\u00e1fico.<\/p>\n\n\n\n<p class=\"wp-block-paragraph\">Seg\u00fan filtraciones de medios especializados, el iPhone 18 Pro Max incorporar\u00eda una c\u00e1mara con <strong>apertura variable<\/strong>, una tecnolog\u00eda que permitir\u00eda controlar mejor la entrada de luz y ofrecer mayor flexibilidad para fotograf\u00eda profesional.<\/p>\n\n\n\n<p class=\"wp-block-paragraph\">Esto permitir\u00eda mejorar:<\/p>\n\n\n\n<p class=\"wp-block-paragraph\">\ud83d\udcf7 fotograf\u00edas nocturnas;<br>\ud83d\udcf7 retratos;<br>\ud83d\udcf7 control de profundidad;<br>\ud83d\udcf7 im\u00e1genes con diferentes condiciones de iluminaci\u00f3n.<\/p>\n\n\n\n<p class=\"wp-block-paragraph\">Apple mantendr\u00eda el sistema de tres c\u00e1maras de <strong>48 megap\u00edxeles<\/strong>, aunque con mejoras en procesamiento y control fotogr\u00e1fico.<\/p>\n\n\n\n<h1 class=\"wp-block-heading\">\ud83d\udd0b M\u00e1s bater\u00eda y mayor autonom\u00eda<\/h1>\n\n\n\n<p class=\"wp-block-paragraph\">Otro de los puntos que m\u00e1s expectativa genera es la bater\u00eda.<\/p>\n\n\n\n<p class=\"wp-block-paragraph\">Los reportes apuntan a una capacidad superior respecto al iPhone 17 Pro Max, con estimaciones que hablan de una bater\u00eda cercana a los <strong>5.500 mAh<\/strong>, aunque este dato todav\u00eda no est\u00e1 confirmado oficialmente por Apple.<\/p>\n\n\n\n<p class=\"wp-block-paragraph\">La combinaci\u00f3n entre un chip m\u00e1s eficiente y una bater\u00eda m\u00e1s grande buscar\u00eda solucionar uno de los reclamos hist\u00f3ricos de los usuarios: mayor duraci\u00f3n durante jornadas intensas.<\/p>\n\n\n\n<h1 class=\"wp-block-heading\">\ud83d\udcf1 Pantalla y dise\u00f1o: cambios m\u00e1s peque\u00f1os, pero importantes<\/h1>\n\n\n\n<p class=\"wp-block-paragraph\">El iPhone 18 Pro Max mantendr\u00eda una pantalla cercana a las <strong>6,9 pulgadas<\/strong> con tecnolog\u00eda OLED y tasa de actualizaci\u00f3n de 120 Hz.<\/p>\n\n\n\n<p class=\"wp-block-paragraph\">Entre los cambios esperados aparecen:<\/p>\n\n\n\n<ul class=\"wp-block-list\">\n<li>marcos m\u00e1s reducidos;<\/li>\n\n\n\n<li>posible evoluci\u00f3n del Face ID bajo pantalla;<\/li>\n\n\n\n<li>una Dynamic Island m\u00e1s peque\u00f1a;<\/li>\n\n\n\n<li>nuevos colores premium.<\/li>\n<\/ul>\n\n\n\n<h1 class=\"wp-block-heading\">\ud83e\udd16 Apple apuesta todo por la inteligencia artificial<\/h1>\n\n\n\n<p class=\"wp-block-paragraph\">El nuevo iPhone llegar\u00e1 acompa\u00f1ado de <strong>iOS 27<\/strong>, sistema que incluir\u00eda mejoras importantes en inteligencia artificial y una evoluci\u00f3n de Siri.<\/p>\n\n\n\n<p class=\"wp-block-paragraph\">Apple busca competir con el avance de compa\u00f1\u00edas como Google y Samsung, que han integrado herramientas de IA generativa en sus dispositivos.<\/p>\n\n\n\n<h1 class=\"wp-block-heading\">\ud83d\udcb0 \u00bfCu\u00e1nto costar\u00eda el iPhone 18 Pro Max?<\/h1>\n\n\n\n<p class=\"wp-block-paragraph\">Aunque Apple todav\u00eda no confirma precios oficiales, los analistas esperan que el modelo premium pueda superar el precio inicial de generaciones anteriores debido al aumento de costos de componentes y nuevas tecnolog\u00edas.<\/p>\n\n\n\n<p class=\"wp-block-paragraph\">Las versiones de mayor almacenamiento podr\u00edan convertirse en algunos de los iPhone m\u00e1s caros de la historia.<\/p>\n\n\n\n<h1 class=\"wp-block-heading\">\ud83d\udcc5 Fecha clave del lanzamiento<\/h1>\n\n\n\n<p class=\"wp-block-paragraph\">\ud83d\udcc6 <strong>Presentaci\u00f3n oficial:<\/strong> 9 de septiembre de 2026<br>\ud83c\udfe2 <strong>Evento:<\/strong> Apple Event<br>\ud83d\udcf1 <strong>Modelos esperados:<\/strong><\/p>\n\n\n\n<ul class=\"wp-block-list\">\n<li>iPhone 18 Pro<\/li>\n\n\n\n<li>iPhone 18 Pro Max<\/li>\n\n\n\n<li>Primer iPhone plegable de Apple<\/li>\n<\/ul>\n\n\n\n<h1 class=\"wp-block-heading\">\ud83d\udcca Lo que se espera del iPhone 18 Pro Max<\/h1>\n\n\n\n<figure class=\"wp-block-table\"><table class=\"has-fixed-layout\"><thead><tr><th>Caracter\u00edstica<\/th><th>Informaci\u00f3n esperada<\/th><\/tr><\/thead><tbody><tr><td>Procesador<\/td><td>A20 Pro (2 nm)<\/td><\/tr><tr><td>Pantalla<\/td><td>OLED 6,9 pulgadas<\/td><\/tr><tr><td>C\u00e1maras<\/td><td>Triple c\u00e1mara de 48 MP<\/td><\/tr><tr><td>Bater\u00eda<\/td><td>Mayor capacidad que iPhone 17 Pro Max<\/td><\/tr><tr><td>Sistema<\/td><td>iOS 27<\/td><\/tr><tr><td>IA<\/td><td>Nueva generaci\u00f3n de funciones inteligentes<\/td><\/tr><tr><td>Presentaci\u00f3n<\/td><td>9 de septiembre de 2026<\/td><\/tr><\/tbody><\/table><\/figure>\n\n\n\n<hr class=\"wp-block-separator has-alpha-channel-opacity\"\/>\n\n\n\n<h1 class=\"wp-block-heading\">\ud83d\udd25 Apple prepara un cambio de era<\/h1>\n\n\n\n<p class=\"wp-block-paragraph\">El iPhone 18 Pro Max no solamente ser\u00e1 una actualizaci\u00f3n de hardware. Representa el intento de Apple por responder a una nueva etapa del mercado tecnol\u00f3gico: tel\u00e9fonos con m\u00e1s inteligencia artificial, c\u00e1maras m\u00e1s profesionales y mayor autonom\u00eda.<\/p>\n\n\n\n<p class=\"wp-block-paragraph\">La gran pregunta ser\u00e1 si Apple logra convertir esta generaci\u00f3n en uno de sus lanzamientos m\u00e1s importantes desde el iPhone X.<\/p>\n","protected":false},"excerpt":{"rendered":"<p>Apple se prepara para presentar oficialmente el iPhone 18 Pro Max, uno de los dispositivos m\u00e1s esperados del a\u00f1o tecnol\u00f3gico. La compa\u00f1\u00eda realizar\u00e1 su evento especial el pr\u00f3ximo 9 de septiembre de 2026, donde se espera conocer todos los detalles del nuevo modelo premium junto al iPhone 18 Pro y el primer iPhone plegable de [&hellip;]<\/p>\n","protected":false},"author":2,"featured_media":31807,"comment_status":"open","ping_status":"open","sticky":false,"template":"","format":"standard","meta":{"footnotes":""},"categories":[146,54,55],"tags":[],"class_list":["post-31805","post","type-post","status-publish","format-standard","has-post-thumbnail","hentry","category-entretenimiento","category-internacional","category-social"],"yoast_head":"<!-- This site is optimized with the Yoast SEO plugin v28.3 - https:\/\/yoast.com\/product\/yoast-seo-wordpress\/ -->\n<title>iPhone 18 Pro Max: fecha de lanzamiento, novedades, precio y todo lo que se sabe del nuevo celular de Apple<\/title>\n<meta name=\"description\" content=\"Apple prepara el lanzamiento del iPhone 18 Pro Max con mejoras en c\u00e1mara, bater\u00eda, procesador A20 Pro y nuevas funciones de inteligencia artificial.\" \/>\n<meta name=\"robots\" content=\"index, follow, max-snippet:-1, max-image-preview:large, max-video-preview:-1\" \/>\n<link rel=\"canonical\" href=\"https:\/\/foreverfutbol.com.ec\/radio\/entretenimiento\/iphone-18-pro-max-lanzamiento-caracteristicas-precio\/\" \/>\n<meta property=\"og:locale\" content=\"es_ES\" \/>\n<meta property=\"og:type\" content=\"article\" \/>\n<meta property=\"og:title\" content=\"iPhone 18 Pro Max: fecha de lanzamiento, novedades, precio y todo lo que se sabe del nuevo celular de Apple\" \/>\n<meta property=\"og:description\" content=\"Apple prepara el lanzamiento del iPhone 18 Pro Max con mejoras en c\u00e1mara, bater\u00eda, procesador A20 Pro y nuevas funciones de inteligencia artificial.\" \/>\n<meta property=\"og:url\" content=\"https:\/\/foreverfutbol.com.ec\/radio\/entretenimiento\/iphone-18-pro-max-lanzamiento-caracteristicas-precio\/\" \/>\n<meta property=\"og:site_name\" content=\"92.5 FOREVER Radio\" \/>\n<meta property=\"article:publisher\" content=\"https:\/\/www.facebook.com\/profile.php?id=100063550693491\" \/>\n<meta property=\"article:published_time\" content=\"2026-09-02T17:15:21+00:00\" \/>\n<meta property=\"article:modified_time\" content=\"2026-09-02T17:15:22+00:00\" \/>\n<meta property=\"og:image\" content=\"https:\/\/foreverfutbol.com.ec\/radio\/wp-content\/uploads\/2026\/09\/apple-iphone-18-pro-rendervideo-zeigt-alle-neuheiten-in-drei-farben-2.webp\" \/>\n\t<meta property=\"og:image:width\" content=\"1909\" \/>\n\t<meta property=\"og:image:height\" content=\"1074\" \/>\n\t<meta property=\"og:image:type\" content=\"image\/webp\" \/>\n<meta name=\"author\" content=\"Carlos Alberto Vergara\" \/>\n<meta name=\"twitter:card\" content=\"summary_large_image\" \/>\n<meta name=\"twitter:creator\" content=\"@925forever\" \/>\n<meta name=\"twitter:site\" content=\"@925forever\" \/>\n<meta name=\"twitter:label1\" content=\"Escrito por\" \/>\n\t<meta name=\"twitter:data1\" content=\"Carlos Alberto Vergara\" \/>\n\t<meta name=\"twitter:label2\" content=\"Tiempo de lectura\" \/>\n\t<meta name=\"twitter:data2\" content=\"4 minutos\" \/>\n<script type=\"application\/ld+json\" class=\"yoast-schema-graph\">{\"@context\":\"https:\\\/\\\/schema.org\",\"@graph\":[{\"@type\":\"Article\",\"@id\":\"https:\\\/\\\/foreverfutbol.com.ec\\\/radio\\\/entretenimiento\\\/iphone-18-pro-max-lanzamiento-caracteristicas-precio\\\/#article\",\"isPartOf\":{\"@id\":\"https:\\\/\\\/foreverfutbol.com.ec\\\/radio\\\/entretenimiento\\\/iphone-18-pro-max-lanzamiento-caracteristicas-precio\\\/\"},\"author\":{\"name\":\"Carlos Alberto Vergara\",\"@id\":\"https:\\\/\\\/foreverfutbol.com.ec\\\/radio\\\/#\\\/schema\\\/person\\\/c0757c03685df7a280e9cbe7613a77dc\"},\"headline\":\"\ud83c\udf4e El iPhone 18 Pro Max se acerca: Apple prepara una nueva generaci\u00f3n marcada por potencia, inteligencia artificial y fotograf\u00eda\",\"datePublished\":\"2026-09-02T17:15:21+00:00\",\"dateModified\":\"2026-09-02T17:15:22+00:00\",\"mainEntityOfPage\":{\"@id\":\"https:\\\/\\\/foreverfutbol.com.ec\\\/radio\\\/entretenimiento\\\/iphone-18-pro-max-lanzamiento-caracteristicas-precio\\\/\"},\"wordCount\":732,\"commentCount\":0,\"publisher\":{\"@id\":\"https:\\\/\\\/foreverfutbol.com.ec\\\/radio\\\/#organization\"},\"image\":{\"@id\":\"https:\\\/\\\/foreverfutbol.com.ec\\\/radio\\\/entretenimiento\\\/iphone-18-pro-max-lanzamiento-caracteristicas-precio\\\/#primaryimage\"},\"thumbnailUrl\":\"https:\\\/\\\/foreverfutbol.com.ec\\\/radio\\\/wp-content\\\/uploads\\\/2026\\\/09\\\/apple-iphone-18-pro-rendervideo-zeigt-alle-neuheiten-in-drei-farben-2.webp\",\"articleSection\":[\"Entretenimiento\",\"Internacional\",\"Social\"],\"inLanguage\":\"es\",\"potentialAction\":[{\"@type\":\"CommentAction\",\"name\":\"Comment\",\"target\":[\"https:\\\/\\\/foreverfutbol.com.ec\\\/radio\\\/entretenimiento\\\/iphone-18-pro-max-lanzamiento-caracteristicas-precio\\\/#respond\"]}]},{\"@type\":\"WebPage\",\"@id\":\"https:\\\/\\\/foreverfutbol.com.ec\\\/radio\\\/entretenimiento\\\/iphone-18-pro-max-lanzamiento-caracteristicas-precio\\\/\",\"url\":\"https:\\\/\\\/foreverfutbol.com.ec\\\/radio\\\/entretenimiento\\\/iphone-18-pro-max-lanzamiento-caracteristicas-precio\\\/\",\"name\":\"iPhone 18 Pro Max: fecha de lanzamiento, novedades, precio y todo lo que se sabe del nuevo celular de Apple\",\"isPartOf\":{\"@id\":\"https:\\\/\\\/foreverfutbol.com.ec\\\/radio\\\/#website\"},\"primaryImageOfPage\":{\"@id\":\"https:\\\/\\\/foreverfutbol.com.ec\\\/radio\\\/entretenimiento\\\/iphone-18-pro-max-lanzamiento-caracteristicas-precio\\\/#primaryimage\"},\"image\":{\"@id\":\"https:\\\/\\\/foreverfutbol.com.ec\\\/radio\\\/entretenimiento\\\/iphone-18-pro-max-lanzamiento-caracteristicas-precio\\\/#primaryimage\"},\"thumbnailUrl\":\"https:\\\/\\\/foreverfutbol.com.ec\\\/radio\\\/wp-content\\\/uploads\\\/2026\\\/09\\\/apple-iphone-18-pro-rendervideo-zeigt-alle-neuheiten-in-drei-farben-2.webp\",\"datePublished\":\"2026-09-02T17:15:21+00:00\",\"dateModified\":\"2026-09-02T17:15:22+00:00\",\"description\":\"Apple prepara el lanzamiento del iPhone 18 Pro Max con mejoras en c\u00e1mara, bater\u00eda, procesador A20 Pro y nuevas funciones de inteligencia artificial.\",\"breadcrumb\":{\"@id\":\"https:\\\/\\\/foreverfutbol.com.ec\\\/radio\\\/entretenimiento\\\/iphone-18-pro-max-lanzamiento-caracteristicas-precio\\\/#breadcrumb\"},\"inLanguage\":\"es\",\"potentialAction\":[{\"@type\":\"ReadAction\",\"target\":[\"https:\\\/\\\/foreverfutbol.com.ec\\\/radio\\\/entretenimiento\\\/iphone-18-pro-max-lanzamiento-caracteristicas-precio\\\/\"]}]},{\"@type\":\"ImageObject\",\"inLanguage\":\"es\",\"@id\":\"https:\\\/\\\/foreverfutbol.com.ec\\\/radio\\\/entretenimiento\\\/iphone-18-pro-max-lanzamiento-caracteristicas-precio\\\/#primaryimage\",\"url\":\"https:\\\/\\\/foreverfutbol.com.ec\\\/radio\\\/wp-content\\\/uploads\\\/2026\\\/09\\\/apple-iphone-18-pro-rendervideo-zeigt-alle-neuheiten-in-drei-farben-2.webp\",\"contentUrl\":\"https:\\\/\\\/foreverfutbol.com.ec\\\/radio\\\/wp-content\\\/uploads\\\/2026\\\/09\\\/apple-iphone-18-pro-rendervideo-zeigt-alle-neuheiten-in-drei-farben-2.webp\",\"width\":1909,\"height\":1074},{\"@type\":\"BreadcrumbList\",\"@id\":\"https:\\\/\\\/foreverfutbol.com.ec\\\/radio\\\/entretenimiento\\\/iphone-18-pro-max-lanzamiento-caracteristicas-precio\\\/#breadcrumb\",\"itemListElement\":[{\"@type\":\"ListItem\",\"position\":1,\"name\":\"Portada\",\"item\":\"https:\\\/\\\/foreverfutbol.com.ec\\\/radio\\\/\"},{\"@type\":\"ListItem\",\"position\":2,\"name\":\"\ud83c\udf4e El iPhone 18 Pro Max se acerca: Apple prepara una nueva generaci\u00f3n marcada por potencia, inteligencia artificial y fotograf\u00eda\"}]},{\"@type\":\"WebSite\",\"@id\":\"https:\\\/\\\/foreverfutbol.com.ec\\\/radio\\\/#website\",\"url\":\"https:\\\/\\\/foreverfutbol.com.ec\\\/radio\\\/\",\"name\":\"92.5 FOREVER Radio\",\"description\":\"\",\"publisher\":{\"@id\":\"https:\\\/\\\/foreverfutbol.com.ec\\\/radio\\\/#organization\"},\"potentialAction\":[{\"@type\":\"SearchAction\",\"target\":{\"@type\":\"EntryPoint\",\"urlTemplate\":\"https:\\\/\\\/foreverfutbol.com.ec\\\/radio\\\/?s={search_term_string}\"},\"query-input\":{\"@type\":\"PropertyValueSpecification\",\"valueRequired\":true,\"valueName\":\"search_term_string\"}}],\"inLanguage\":\"es\"},{\"@type\":\"Organization\",\"@id\":\"https:\\\/\\\/foreverfutbol.com.ec\\\/radio\\\/#organization\",\"name\":\"92.5 FOREVER Radio\",\"url\":\"https:\\\/\\\/foreverfutbol.com.ec\\\/radio\\\/\",\"logo\":{\"@type\":\"ImageObject\",\"inLanguage\":\"es\",\"@id\":\"https:\\\/\\\/foreverfutbol.com.ec\\\/radio\\\/#\\\/schema\\\/logo\\\/image\\\/\",\"url\":\"https:\\\/\\\/foreverfutbol.com.ec\\\/radio\\\/wp-content\\\/uploads\\\/2024\\\/01\\\/cropped-logo-forever.png\",\"contentUrl\":\"https:\\\/\\\/foreverfutbol.com.ec\\\/radio\\\/wp-content\\\/uploads\\\/2024\\\/01\\\/cropped-logo-forever.png\",\"width\":180,\"height\":154,\"caption\":\"92.5 FOREVER Radio\"},\"image\":{\"@id\":\"https:\\\/\\\/foreverfutbol.com.ec\\\/radio\\\/#\\\/schema\\\/logo\\\/image\\\/\"},\"sameAs\":[\"https:\\\/\\\/www.facebook.com\\\/profile.php?id=100063550693491\",\"https:\\\/\\\/x.com\\\/925forever\",\"https:\\\/\\\/www.instagram.com\\\/radioforever925\\\/\"]},{\"@type\":\"Person\",\"@id\":\"https:\\\/\\\/foreverfutbol.com.ec\\\/radio\\\/#\\\/schema\\\/person\\\/c0757c03685df7a280e9cbe7613a77dc\",\"name\":\"Carlos Alberto Vergara\",\"image\":{\"@type\":\"ImageObject\",\"inLanguage\":\"es\",\"@id\":\"https:\\\/\\\/secure.gravatar.com\\\/avatar\\\/87cee2115792489869e0755f650418b784c3f52f3ea9d58816a0e7dae27a4e7b?s=96&d=mm&r=g\",\"url\":\"https:\\\/\\\/secure.gravatar.com\\\/avatar\\\/87cee2115792489869e0755f650418b784c3f52f3ea9d58816a0e7dae27a4e7b?s=96&d=mm&r=g\",\"contentUrl\":\"https:\\\/\\\/secure.gravatar.com\\\/avatar\\\/87cee2115792489869e0755f650418b784c3f52f3ea9d58816a0e7dae27a4e7b?s=96&d=mm&r=g\",\"caption\":\"Carlos Alberto Vergara\"},\"sameAs\":[\"http:\\\/\\\/raizend2702@gmail.com\"],\"url\":\"https:\\\/\\\/foreverfutbol.com.ec\\\/radio\\\/author\\\/carlos-alberto-vergara\\\/\"}]}<\/script>\n<!-- \/ Yoast SEO plugin. -->","yoast_head_json":{"title":"iPhone 18 Pro Max: fecha de lanzamiento, novedades, precio y todo lo que se sabe del nuevo celular de Apple","description":"Apple prepara el lanzamiento del iPhone 18 Pro Max con mejoras en c\u00e1mara, bater\u00eda, procesador A20 Pro y nuevas funciones de inteligencia artificial.","robots":{"index":"index","follow":"follow","max-snippet":"max-snippet:-1","max-image-preview":"max-image-preview:large","max-video-preview":"max-video-preview:-1"},"canonical":"https:\/\/foreverfutbol.com.ec\/radio\/entretenimiento\/iphone-18-pro-max-lanzamiento-caracteristicas-precio\/","og_locale":"es_ES","og_type":"article","og_title":"iPhone 18 Pro Max: fecha de lanzamiento, novedades, precio y todo lo que se sabe del nuevo celular de Apple","og_description":"Apple prepara el lanzamiento del iPhone 18 Pro Max con mejoras en c\u00e1mara, bater\u00eda, procesador A20 Pro y nuevas funciones de inteligencia artificial.","og_url":"https:\/\/foreverfutbol.com.ec\/radio\/entretenimiento\/iphone-18-pro-max-lanzamiento-caracteristicas-precio\/","og_site_name":"92.5 FOREVER Radio","article_publisher":"https:\/\/www.facebook.com\/profile.php?id=100063550693491","article_published_time":"2026-09-02T17:15:21+00:00","article_modified_time":"2026-09-02T17:15:22+00:00","og_image":[{"width":1909,"height":1074,"url":"https:\/\/foreverfutbol.com.ec\/radio\/wp-content\/uploads\/2026\/09\/apple-iphone-18-pro-rendervideo-zeigt-alle-neuheiten-in-drei-farben-2.webp","type":"image\/webp"}],"author":"Carlos Alberto Vergara","twitter_card":"summary_large_image","twitter_creator":"@925forever","twitter_site":"@925forever","twitter_misc":{"Escrito por":"Carlos Alberto Vergara","Tiempo de lectura":"4 minutos"},"schema":{"@context":"https:\/\/schema.org","@graph":[{"@type":"Article","@id":"https:\/\/foreverfutbol.com.ec\/radio\/entretenimiento\/iphone-18-pro-max-lanzamiento-caracteristicas-precio\/#article","isPartOf":{"@id":"https:\/\/foreverfutbol.com.ec\/radio\/entretenimiento\/iphone-18-pro-max-lanzamiento-caracteristicas-precio\/"},"author":{"name":"Carlos Alberto Vergara","@id":"https:\/\/foreverfutbol.com.ec\/radio\/#\/schema\/person\/c0757c03685df7a280e9cbe7613a77dc"},"headline":"\ud83c\udf4e El iPhone 18 Pro Max se acerca: Apple prepara una nueva generaci\u00f3n marcada por potencia, inteligencia artificial y fotograf\u00eda","datePublished":"2026-09-02T17:15:21+00:00","dateModified":"2026-09-02T17:15:22+00:00","mainEntityOfPage":{"@id":"https:\/\/foreverfutbol.com.ec\/radio\/entretenimiento\/iphone-18-pro-max-lanzamiento-caracteristicas-precio\/"},"wordCount":732,"commentCount":0,"publisher":{"@id":"https:\/\/foreverfutbol.com.ec\/radio\/#organization"},"image":{"@id":"https:\/\/foreverfutbol.com.ec\/radio\/entretenimiento\/iphone-18-pro-max-lanzamiento-caracteristicas-precio\/#primaryimage"},"thumbnailUrl":"https:\/\/foreverfutbol.com.ec\/radio\/wp-content\/uploads\/2026\/09\/apple-iphone-18-pro-rendervideo-zeigt-alle-neuheiten-in-drei-farben-2.webp","articleSection":["Entretenimiento","Internacional","Social"],"inLanguage":"es","potentialAction":[{"@type":"CommentAction","name":"Comment","target":["https:\/\/foreverfutbol.com.ec\/radio\/entretenimiento\/iphone-18-pro-max-lanzamiento-caracteristicas-precio\/#respond"]}]},{"@type":"WebPage","@id":"https:\/\/foreverfutbol.com.ec\/radio\/entretenimiento\/iphone-18-pro-max-lanzamiento-caracteristicas-precio\/","url":"https:\/\/foreverfutbol.com.ec\/radio\/entretenimiento\/iphone-18-pro-max-lanzamiento-caracteristicas-precio\/","name":"iPhone 18 Pro Max: fecha de lanzamiento, novedades, precio y todo lo que se sabe del nuevo celular de Apple","isPartOf":{"@id":"https:\/\/foreverfutbol.com.ec\/radio\/#website"},"primaryImageOfPage":{"@id":"https:\/\/foreverfutbol.com.ec\/radio\/entretenimiento\/iphone-18-pro-max-lanzamiento-caracteristicas-precio\/#primaryimage"},"image":{"@id":"https:\/\/foreverfutbol.com.ec\/radio\/entretenimiento\/iphone-18-pro-max-lanzamiento-caracteristicas-precio\/#primaryimage"},"thumbnailUrl":"https:\/\/foreverfutbol.com.ec\/radio\/wp-content\/uploads\/2026\/09\/apple-iphone-18-pro-rendervideo-zeigt-alle-neuheiten-in-drei-farben-2.webp","datePublished":"2026-09-02T17:15:21+00:00","dateModified":"2026-09-02T17:15:22+00:00","description":"Apple prepara el lanzamiento del iPhone 18 Pro Max con mejoras en c\u00e1mara, bater\u00eda, procesador A20 Pro y nuevas funciones de inteligencia artificial.","breadcrumb":{"@id":"https:\/\/foreverfutbol.com.ec\/radio\/entretenimiento\/iphone-18-pro-max-lanzamiento-caracteristicas-precio\/#breadcrumb"},"inLanguage":"es","potentialAction":[{"@type":"ReadAction","target":["https:\/\/foreverfutbol.com.ec\/radio\/entretenimiento\/iphone-18-pro-max-lanzamiento-caracteristicas-precio\/"]}]},{"@type":"ImageObject","inLanguage":"es","@id":"https:\/\/foreverfutbol.com.ec\/radio\/entretenimiento\/iphone-18-pro-max-lanzamiento-caracteristicas-precio\/#primaryimage","url":"https:\/\/foreverfutbol.com.ec\/radio\/wp-content\/uploads\/2026\/09\/apple-iphone-18-pro-rendervideo-zeigt-alle-neuheiten-in-drei-farben-2.webp","contentUrl":"https:\/\/foreverfutbol.com.ec\/radio\/wp-content\/uploads\/2026\/09\/apple-iphone-18-pro-rendervideo-zeigt-alle-neuheiten-in-drei-farben-2.webp","width":1909,"height":1074},{"@type":"BreadcrumbList","@id":"https:\/\/foreverfutbol.com.ec\/radio\/entretenimiento\/iphone-18-pro-max-lanzamiento-caracteristicas-precio\/#breadcrumb","itemListElement":[{"@type":"ListItem","position":1,"name":"Portada","item":"https:\/\/foreverfutbol.com.ec\/radio\/"},{"@type":"ListItem","position":2,"name":"\ud83c\udf4e El iPhone 18 Pro Max se acerca: Apple prepara una nueva generaci\u00f3n marcada por potencia, inteligencia artificial y fotograf\u00eda"}]},{"@type":"WebSite","@id":"https:\/\/foreverfutbol.com.ec\/radio\/#website","url":"https:\/\/foreverfutbol.com.ec\/radio\/","name":"92.5 FOREVER Radio","description":"","publisher":{"@id":"https:\/\/foreverfutbol.com.ec\/radio\/#organization"},"potentialAction":[{"@type":"SearchAction","target":{"@type":"EntryPoint","urlTemplate":"https:\/\/foreverfutbol.com.ec\/radio\/?s={search_term_string}"},"query-input":{"@type":"PropertyValueSpecification","valueRequired":true,"valueName":"search_term_string"}}],"inLanguage":"es"},{"@type":"Organization","@id":"https:\/\/foreverfutbol.com.ec\/radio\/#organization","name":"92.5 FOREVER Radio","url":"https:\/\/foreverfutbol.com.ec\/radio\/","logo":{"@type":"ImageObject","inLanguage":"es","@id":"https:\/\/foreverfutbol.com.ec\/radio\/#\/schema\/logo\/image\/","url":"https:\/\/foreverfutbol.com.ec\/radio\/wp-content\/uploads\/2024\/01\/cropped-logo-forever.png","contentUrl":"https:\/\/foreverfutbol.com.ec\/radio\/wp-content\/uploads\/2024\/01\/cropped-logo-forever.png","width":180,"height":154,"caption":"92.5 FOREVER Radio"},"image":{"@id":"https:\/\/foreverfutbol.com.ec\/radio\/#\/schema\/logo\/image\/"},"sameAs":["https:\/\/www.facebook.com\/profile.php?id=100063550693491","https:\/\/x.com\/925forever","https:\/\/www.instagram.com\/radioforever925\/"]},{"@type":"Person","@id":"https:\/\/foreverfutbol.com.ec\/radio\/#\/schema\/person\/c0757c03685df7a280e9cbe7613a77dc","name":"Carlos Alberto Vergara","image":{"@type":"ImageObject","inLanguage":"es","@id":"https:\/\/secure.gravatar.com\/avatar\/87cee2115792489869e0755f650418b784c3f52f3ea9d58816a0e7dae27a4e7b?s=96&d=mm&r=g","url":"https:\/\/secure.gravatar.com\/avatar\/87cee2115792489869e0755f650418b784c3f52f3ea9d58816a0e7dae27a4e7b?s=96&d=mm&r=g","contentUrl":"https:\/\/secure.gravatar.com\/avatar\/87cee2115792489869e0755f650418b784c3f52f3ea9d58816a0e7dae27a4e7b?s=96&d=mm&r=g","caption":"Carlos Alberto Vergara"},"sameAs":["http:\/\/raizend2702@gmail.com"],"url":"https:\/\/foreverfutbol.com.ec\/radio\/author\/carlos-alberto-vergara\/"}]}},"_links":{"self":[{"href":"https:\/\/foreverfutbol.com.ec\/radio\/wp-json\/wp\/v2\/posts\/31805","targetHints":{"allow":["GET"]}}],"collection":[{"href":"https:\/\/foreverfutbol.com.ec\/radio\/wp-json\/wp\/v2\/posts"}],"about":[{"href":"https:\/\/foreverfutbol.com.ec\/radio\/wp-json\/wp\/v2\/types\/post"}],"author":[{"embeddable":true,"href":"https:\/\/foreverfutbol.com.ec\/radio\/wp-json\/wp\/v2\/users\/2"}],"replies":[{"embeddable":true,"href":"https:\/\/foreverfutbol.com.ec\/radio\/wp-json\/wp\/v2\/comments?post=31805"}],"version-history":[{"count":1,"href":"https:\/\/foreverfutbol.com.ec\/radio\/wp-json\/wp\/v2\/posts\/31805\/revisions"}],"predecessor-version":[{"id":31808,"href":"https:\/\/foreverfutbol.com.ec\/radio\/wp-json\/wp\/v2\/posts\/31805\/revisions\/31808"}],"wp:featuredmedia":[{"embeddable":true,"href":"https:\/\/foreverfutbol.com.ec\/radio\/wp-json\/wp\/v2\/media\/31807"}],"wp:attachment":[{"href":"https:\/\/foreverfutbol.com.ec\/radio\/wp-json\/wp\/v2\/media?parent=31805"}],"wp:term":[{"taxonomy":"category","embeddable":true,"href":"https:\/\/foreverfutbol.com.ec\/radio\/wp-json\/wp\/v2\/categories?post=31805"},{"taxonomy":"post_tag","embeddable":true,"href":"https:\/\/foreverfutbol.com.ec\/radio\/wp-json\/wp\/v2\/tags?post=31805"}],"curies":[{"name":"wp","href":"https:\/\/api.w.org\/{rel}","templated":true}]}}