{"id":31797,"date":"2026-09-01T15:12:20","date_gmt":"2026-09-01T20:12:20","guid":{"rendered":"https:\/\/foreverfutbol.com.ec\/radio\/?p=31797"},"modified":"2026-09-01T15:16:28","modified_gmt":"2026-09-01T20:16:28","slug":"el-rey-haakon-viii-jura-la-constitucion-ante-el-parlamento-de-noruega","status":"publish","type":"post","link":"https:\/\/foreverfutbol.com.ec\/radio\/internacional\/el-rey-haakon-viii-jura-la-constitucion-ante-el-parlamento-de-noruega\/","title":{"rendered":"El rey Haakon VIII jura la Constituci\u00f3n ante el Parlamento de Noruega"},"content":{"rendered":"\n<p class=\"wp-block-paragraph\">El <strong>rey Haakon VIII de Noruega<\/strong> jur\u00f3 este martes la Constituci\u00f3n ante el <strong>Storting, el Parlamento noruego<\/strong>, en una ceremonia que marca uno de los primeros actos oficiales de su nuevo reinado, apenas cuatro d\u00edas despu\u00e9s de la muerte de su padre, <strong>Harald V<\/strong>, a los 89 a\u00f1os.<\/p>\n\n\n\n<p class=\"wp-block-paragraph\">Ante los representantes del Parlamento, el nuevo monarca se comprometi\u00f3 a gobernar Noruega respetando la Constituci\u00f3n y las leyes del pa\u00eds. El acto representa una tradici\u00f3n fundamental de la <strong>monarqu\u00eda noruega<\/strong> y refuerza el v\u00ednculo institucional entre la Corona y el Parlamento.<\/p>\n\n\n\n<h2 class=\"wp-block-heading\"><strong>Haakon VIII inicia una nueva etapa para la monarqu\u00eda noruega<\/strong><\/h2>\n\n\n\n<p class=\"wp-block-paragraph\">Durante la ceremonia, <strong>Haakon VIII<\/strong> expres\u00f3 su esperanza de mantener la buena relaci\u00f3n que sus antecesores, Harald V, Olav V y Haakon VII, mantuvieron con el Storting. El nuevo rey tambi\u00e9n destac\u00f3 la importancia de afrontar los desaf\u00edos que tendr\u00e1 Noruega durante los pr\u00f3ximos a\u00f1os.<\/p>\n\n\n\n<p class=\"wp-block-paragraph\">El monarca estuvo acompa\u00f1ado por su hija, la <strong>princesa heredera Ingrid Alexandra<\/strong>, quien ocupa un papel central en la sucesi\u00f3n de la Corona noruega. La princesa tambi\u00e9n deber\u00e1 realizar un juramento constitucional ante el Parlamento, aunque en su caso ser\u00e1 presentado por escrito.<\/p>\n\n\n\n<p class=\"wp-block-paragraph\">La ceremonia cont\u00f3 adem\u00e1s con la presencia de la <strong>reina Sonja<\/strong>, viuda de Harald V, el pr\u00edncipe Sverre Magnus, el primer ministro Jonas Gahr St\u00f8re y numerosos parlamentarios y miembros del Gobierno.<\/p>\n\n\n\n<h2 class=\"wp-block-heading\"><strong>La reina Mette-Marit estuvo ausente<\/strong><\/h2>\n\n\n\n<p class=\"wp-block-paragraph\">La <strong>reina Mette-Marit<\/strong>, esposa de Haakon VIII, no pudo asistir a la ceremonia debido a complicaciones relacionadas con su recuperaci\u00f3n tras un trasplante de pulm\u00f3n realizado en junio. La Casa Real inform\u00f3 que deb\u00eda permanecer bajo observaci\u00f3n m\u00e9dica.<\/p>\n\n\n\n<p class=\"wp-block-paragraph\">La ausencia se produjo en medio de una jornada especialmente significativa para la familia real noruega, que atraviesa el duelo por el fallecimiento de Harald V y el comienzo del nuevo reinado.<\/p>\n\n\n\n<h2 class=\"wp-block-heading\"><strong>Una tradici\u00f3n constitucional de Noruega<\/strong><\/h2>\n\n\n\n<p class=\"wp-block-paragraph\">El juramento del rey ante el Storting forma parte de una tradici\u00f3n establecida por la <strong>Constituci\u00f3n de Noruega<\/strong>. El antecedente m\u00e1s reciente ocurri\u00f3 en 1991, cuando Harald V prest\u00f3 juramento pocos d\u00edas despu\u00e9s de la muerte de su padre, Olav V.<\/p>\n\n\n\n<p class=\"wp-block-paragraph\">Tras la ceremonia, los asistentes entonaron <strong>\u201cKongesangen\u201d, el himno real noruego<\/strong>. El acto tambi\u00e9n estuvo acompa\u00f1ado por homenajes a Harald V, quien permaneci\u00f3 durante 35 a\u00f1os en el trono y fue recordado por el Parlamento como una figura de continuidad, estabilidad y unidad nacional.<\/p>\n\n\n\n<p class=\"wp-block-paragraph\">El nuevo rey lleg\u00f3 al Storting desde el Palacio Real en un <strong>Lincoln Continental descapotable de 1966<\/strong>, veh\u00edculo utilizado anteriormente en importantes acontecimientos de la familia real. Miles de ciudadanos se concentraron en las calles de Oslo para acompa\u00f1ar el recorrido de Haakon VIII durante el inicio de su reinado.<\/p>\n\n\n\n<blockquote class=\"instagram-media\" data-instgrm-captioned data-instgrm-permalink=\"https:\/\/www.instagram.com\/p\/Dcv0JYWCEYQ\/?utm_source=ig_embed&amp;utm_campaign=loading\" data-instgrm-version=\"14\" style=\" background:#FFF; border:0; border-radius:3px; box-shadow:0 0 1px 0 rgba(0,0,0,0.5),0 1px 10px 0 rgba(0,0,0,0.15); margin: 1px; max-width:540px; min-width:326px; padding:0; width:99.375%; width:-webkit-calc(100% - 2px); width:calc(100% - 2px);\"><div style=\"padding:16px;\"> <a href=\"https:\/\/www.instagram.com\/p\/Dcv0JYWCEYQ\/?utm_source=ig_embed&amp;utm_campaign=loading\" style=\" background:#FFFFFF; line-height:0; padding:0 0; text-align:center; text-decoration:none; width:100%;\" target=\"_blank\"> <div style=\" display: flex; flex-direction: row; align-items: center;\"> <div style=\"background-color: #F4F4F4; border-radius: 50%; flex-grow: 0; height: 40px; margin-right: 14px; width: 40px;\"><\/div> <div style=\"display: flex; flex-direction: column; flex-grow: 1; justify-content: center;\"> <div style=\" background-color: #F4F4F4; border-radius: 4px; flex-grow: 0; height: 14px; margin-bottom: 6px; width: 100px;\"><\/div> <div style=\" background-color: #F4F4F4; border-radius: 4px; flex-grow: 0; height: 14px; width: 60px;\"><\/div><\/div><\/div><div style=\"padding: 19% 0;\"><\/div> <div style=\"display:block; height:50px; margin:0 auto 12px; width:50px;\"><svg width=\"50px\" height=\"50px\" viewBox=\"0 0 60 60\" version=\"1.1\" xmlns=\"https:\/\/www.w3.org\/2000\/svg\" xmlns:xlink=\"https:\/\/www.w3.org\/1999\/xlink\"><g stroke=\"none\" stroke-width=\"1\" fill=\"none\" fill-rule=\"evenodd\"><g transform=\"translate(-511.000000, -20.000000)\" fill=\"#000000\"><g><path d=\"M556.869,30.41 C554.814,30.41 553.148,32.076 553.148,34.131 C553.148,36.186 554.814,37.852 556.869,37.852 C558.924,37.852 560.59,36.186 560.59,34.131 C560.59,32.076 558.924,30.41 556.869,30.41 M541,60.657 C535.114,60.657 530.342,55.887 530.342,50 C530.342,44.114 535.114,39.342 541,39.342 C546.887,39.342 551.658,44.114 551.658,50 C551.658,55.887 546.887,60.657 541,60.657 M541,33.886 C532.1,33.886 524.886,41.1 524.886,50 C524.886,58.899 532.1,66.113 541,66.113 C549.9,66.113 557.115,58.899 557.115,50 C557.115,41.1 549.9,33.886 541,33.886 M565.378,62.101 C565.244,65.022 564.756,66.606 564.346,67.663 C563.803,69.06 563.154,70.057 562.106,71.106 C561.058,72.155 560.06,72.803 558.662,73.347 C557.607,73.757 556.021,74.244 553.102,74.378 C549.944,74.521 548.997,74.552 541,74.552 C533.003,74.552 532.056,74.521 528.898,74.378 C525.979,74.244 524.393,73.757 523.338,73.347 C521.94,72.803 520.942,72.155 519.894,71.106 C518.846,70.057 518.197,69.06 517.654,67.663 C517.244,66.606 516.755,65.022 516.623,62.101 C516.479,58.943 516.448,57.996 516.448,50 C516.448,42.003 516.479,41.056 516.623,37.899 C516.755,34.978 517.244,33.391 517.654,32.338 C518.197,30.938 518.846,29.942 519.894,28.894 C520.942,27.846 521.94,27.196 523.338,26.654 C524.393,26.244 525.979,25.756 528.898,25.623 C532.057,25.479 533.004,25.448 541,25.448 C548.997,25.448 549.943,25.479 553.102,25.623 C556.021,25.756 557.607,26.244 558.662,26.654 C560.06,27.196 561.058,27.846 562.106,28.894 C563.154,29.942 563.803,30.938 564.346,32.338 C564.756,33.391 565.244,34.978 565.378,37.899 C565.522,41.056 565.552,42.003 565.552,50 C565.552,57.996 565.522,58.943 565.378,62.101 M570.82,37.631 C570.674,34.438 570.167,32.258 569.425,30.349 C568.659,28.377 567.633,26.702 565.965,25.035 C564.297,23.368 562.623,22.342 560.652,21.575 C558.743,20.834 556.562,20.326 553.369,20.18 C550.169,20.033 549.148,20 541,20 C532.853,20 531.831,20.033 528.631,20.18 C525.438,20.326 523.257,20.834 521.349,21.575 C519.376,22.342 517.703,23.368 516.035,25.035 C514.368,26.702 513.342,28.377 512.574,30.349 C511.834,32.258 511.326,34.438 511.181,37.631 C511.035,40.831 511,41.851 511,50 C511,58.147 511.035,59.17 511.181,62.369 C511.326,65.562 511.834,67.743 512.574,69.651 C513.342,71.625 514.368,73.296 516.035,74.965 C517.703,76.634 519.376,77.658 521.349,78.425 C523.257,79.167 525.438,79.673 528.631,79.82 C531.831,79.965 532.853,80.001 541,80.001 C549.148,80.001 550.169,79.965 553.369,79.82 C556.562,79.673 558.743,79.167 560.652,78.425 C562.623,77.658 564.297,76.634 565.965,74.965 C567.633,73.296 568.659,71.625 569.425,69.651 C570.167,67.743 570.674,65.562 570.82,62.369 C570.966,59.17 571,58.147 571,50 C571,41.851 570.966,40.831 570.82,37.631\"><\/path><\/g><\/g><\/g><\/svg><\/div><div style=\"padding-top: 8px;\"> <div style=\" color:#3897f0; font-family:Arial,sans-serif; font-size:14px; font-style:normal; font-weight:550; line-height:18px;\">Ver esta publicaci\u00f3n en Instagram<\/div><\/div><div style=\"padding: 12.5% 0;\"><\/div> <div style=\"display: flex; flex-direction: row; margin-bottom: 14px; align-items: center;\"><div> <div style=\"background-color: #F4F4F4; border-radius: 50%; height: 12.5px; width: 12.5px; transform: translateX(0px) translateY(7px);\"><\/div> <div style=\"background-color: #F4F4F4; height: 12.5px; transform: rotate(-45deg) translateX(3px) translateY(1px); width: 12.5px; flex-grow: 0; margin-right: 14px; margin-left: 2px;\"><\/div> <div style=\"background-color: #F4F4F4; border-radius: 50%; height: 12.5px; width: 12.5px; transform: translateX(9px) translateY(-18px);\"><\/div><\/div><div style=\"margin-left: 8px;\"> <div style=\" background-color: #F4F4F4; border-radius: 50%; flex-grow: 0; height: 20px; width: 20px;\"><\/div> <div style=\" width: 0; height: 0; border-top: 2px solid transparent; border-left: 6px solid #f4f4f4; border-bottom: 2px solid transparent; transform: translateX(16px) translateY(-4px) rotate(30deg)\"><\/div><\/div><div style=\"margin-left: auto;\"> <div style=\" width: 0px; border-top: 8px solid #F4F4F4; border-right: 8px solid transparent; transform: translateY(16px);\"><\/div> <div style=\" background-color: #F4F4F4; flex-grow: 0; height: 12px; width: 16px; transform: translateY(-4px);\"><\/div> <div style=\" width: 0; height: 0; border-top: 8px solid #F4F4F4; border-left: 8px solid transparent; transform: translateY(-4px) translateX(8px);\"><\/div><\/div><\/div> <div style=\"display: flex; flex-direction: column; flex-grow: 1; justify-content: center; margin-bottom: 24px;\"> <div style=\" background-color: #F4F4F4; border-radius: 4px; flex-grow: 0; height: 14px; margin-bottom: 6px; width: 224px;\"><\/div> <div style=\" background-color: #F4F4F4; border-radius: 4px; flex-grow: 0; height: 14px; width: 144px;\"><\/div><\/div><\/a><p style=\" color:#c9c8cd; font-family:Arial,sans-serif; font-size:14px; line-height:17px; margin-bottom:0; margin-top:8px; overflow:hidden; padding:8px 0 7px; text-align:center; text-overflow:ellipsis; white-space:nowrap;\"><a href=\"https:\/\/www.instagram.com\/p\/Dcv0JYWCEYQ\/?utm_source=ig_embed&amp;utm_campaign=loading\" style=\" color:#c9c8cd; font-family:Arial,sans-serif; font-size:14px; font-style:normal; font-weight:normal; line-height:17px; text-decoration:none;\" target=\"_blank\">Una publicaci\u00f3n compartida por Radio Forever 92.5 FM (@925foreverradio)<\/a><\/p><\/div><\/blockquote>\n<script async src=\"\/\/www.instagram.com\/embed.js\"><\/script>\n","protected":false},"excerpt":{"rendered":"<p>El rey Haakon VIII de Noruega jur\u00f3 este martes la Constituci\u00f3n ante el Storting, el Parlamento noruego, en una ceremonia que marca uno de los primeros actos oficiales de su nuevo reinado, apenas cuatro d\u00edas despu\u00e9s de la muerte de su padre, Harald V, a los 89 a\u00f1os. Ante los representantes del Parlamento, el nuevo [&hellip;]<\/p>\n","protected":false},"author":1,"featured_media":31798,"comment_status":"open","ping_status":"open","sticky":false,"template":"","format":"standard","meta":{"footnotes":""},"categories":[54],"tags":[],"class_list":["post-31797","post","type-post","status-publish","format-standard","has-post-thumbnail","hentry","category-internacional"],"yoast_head":"<!-- This site is optimized with the Yoast SEO plugin v28.3 - https:\/\/yoast.com\/product\/yoast-seo-wordpress\/ -->\n<title>El rey Haakon VIII jura la Constituci\u00f3n ante el Parlamento de Noruega - 92.5 FOREVER Radio<\/title>\n<meta name=\"description\" content=\"Haakon VIII de Noruega jur\u00f3 la Constituci\u00f3n ante el Parlamento tras la muerte de Harald V, iniciando oficialmente una nueva etapa\" \/>\n<meta name=\"robots\" content=\"index, follow, max-snippet:-1, max-image-preview:large, max-video-preview:-1\" \/>\n<link rel=\"canonical\" href=\"https:\/\/foreverfutbol.com.ec\/radio\/internacional\/el-rey-haakon-viii-jura-la-constitucion-ante-el-parlamento-de-noruega\/\" \/>\n<meta property=\"og:locale\" content=\"es_ES\" \/>\n<meta property=\"og:type\" content=\"article\" \/>\n<meta property=\"og:title\" content=\"El rey Haakon VIII jura la Constituci\u00f3n ante el Parlamento de Noruega - 92.5 FOREVER Radio\" \/>\n<meta property=\"og:description\" content=\"Haakon VIII de Noruega jur\u00f3 la Constituci\u00f3n ante el Parlamento tras la muerte de Harald V, iniciando oficialmente una nueva etapa\" \/>\n<meta property=\"og:url\" content=\"https:\/\/foreverfutbol.com.ec\/radio\/internacional\/el-rey-haakon-viii-jura-la-constitucion-ante-el-parlamento-de-noruega\/\" \/>\n<meta property=\"og:site_name\" content=\"92.5 FOREVER Radio\" \/>\n<meta property=\"article:publisher\" content=\"https:\/\/www.facebook.com\/profile.php?id=100063550693491\" \/>\n<meta property=\"article:published_time\" content=\"2026-09-01T20:12:20+00:00\" \/>\n<meta property=\"article:modified_time\" content=\"2026-09-01T20:16:28+00:00\" \/>\n<meta property=\"og:image\" content=\"https:\/\/foreverfutbol.com.ec\/radio\/wp-content\/uploads\/2026\/09\/TCQQLMWMUVEUVLQG4VL7474PPM.webp\" \/>\n\t<meta property=\"og:image:width\" content=\"929\" \/>\n\t<meta property=\"og:image:height\" content=\"670\" \/>\n\t<meta property=\"og:image:type\" content=\"image\/webp\" \/>\n<meta name=\"author\" content=\"Ricardo Rodriguez\" \/>\n<meta name=\"twitter:card\" content=\"summary_large_image\" \/>\n<meta name=\"twitter:creator\" content=\"@925forever\" \/>\n<meta name=\"twitter:site\" content=\"@925forever\" \/>\n<meta name=\"twitter:label1\" content=\"Escrito por\" \/>\n\t<meta name=\"twitter:data1\" content=\"Ricardo Rodriguez\" \/>\n\t<meta name=\"twitter:label2\" content=\"Tiempo de lectura\" \/>\n\t<meta name=\"twitter:data2\" content=\"3 minutos\" \/>\n<script type=\"application\/ld+json\" class=\"yoast-schema-graph\">{\"@context\":\"https:\\\/\\\/schema.org\",\"@graph\":[{\"@type\":\"Article\",\"@id\":\"https:\\\/\\\/foreverfutbol.com.ec\\\/radio\\\/internacional\\\/el-rey-haakon-viii-jura-la-constitucion-ante-el-parlamento-de-noruega\\\/#article\",\"isPartOf\":{\"@id\":\"https:\\\/\\\/foreverfutbol.com.ec\\\/radio\\\/internacional\\\/el-rey-haakon-viii-jura-la-constitucion-ante-el-parlamento-de-noruega\\\/\"},\"author\":{\"name\":\"Ricardo Rodriguez\",\"@id\":\"https:\\\/\\\/foreverfutbol.com.ec\\\/radio\\\/#\\\/schema\\\/person\\\/2f679dd16f889ac00df6e7b648062a01\"},\"headline\":\"El rey Haakon VIII jura la Constituci\u00f3n ante el Parlamento de Noruega\",\"datePublished\":\"2026-09-01T20:12:20+00:00\",\"dateModified\":\"2026-09-01T20:16:28+00:00\",\"mainEntityOfPage\":{\"@id\":\"https:\\\/\\\/foreverfutbol.com.ec\\\/radio\\\/internacional\\\/el-rey-haakon-viii-jura-la-constitucion-ante-el-parlamento-de-noruega\\\/\"},\"wordCount\":496,\"commentCount\":0,\"publisher\":{\"@id\":\"https:\\\/\\\/foreverfutbol.com.ec\\\/radio\\\/#organization\"},\"image\":{\"@id\":\"https:\\\/\\\/foreverfutbol.com.ec\\\/radio\\\/internacional\\\/el-rey-haakon-viii-jura-la-constitucion-ante-el-parlamento-de-noruega\\\/#primaryimage\"},\"thumbnailUrl\":\"https:\\\/\\\/foreverfutbol.com.ec\\\/radio\\\/wp-content\\\/uploads\\\/2026\\\/09\\\/TCQQLMWMUVEUVLQG4VL7474PPM.webp\",\"articleSection\":[\"Internacional\"],\"inLanguage\":\"es\",\"potentialAction\":[{\"@type\":\"CommentAction\",\"name\":\"Comment\",\"target\":[\"https:\\\/\\\/foreverfutbol.com.ec\\\/radio\\\/internacional\\\/el-rey-haakon-viii-jura-la-constitucion-ante-el-parlamento-de-noruega\\\/#respond\"]}]},{\"@type\":\"WebPage\",\"@id\":\"https:\\\/\\\/foreverfutbol.com.ec\\\/radio\\\/internacional\\\/el-rey-haakon-viii-jura-la-constitucion-ante-el-parlamento-de-noruega\\\/\",\"url\":\"https:\\\/\\\/foreverfutbol.com.ec\\\/radio\\\/internacional\\\/el-rey-haakon-viii-jura-la-constitucion-ante-el-parlamento-de-noruega\\\/\",\"name\":\"El rey Haakon VIII jura la Constituci\u00f3n ante el Parlamento de Noruega - 92.5 FOREVER Radio\",\"isPartOf\":{\"@id\":\"https:\\\/\\\/foreverfutbol.com.ec\\\/radio\\\/#website\"},\"primaryImageOfPage\":{\"@id\":\"https:\\\/\\\/foreverfutbol.com.ec\\\/radio\\\/internacional\\\/el-rey-haakon-viii-jura-la-constitucion-ante-el-parlamento-de-noruega\\\/#primaryimage\"},\"image\":{\"@id\":\"https:\\\/\\\/foreverfutbol.com.ec\\\/radio\\\/internacional\\\/el-rey-haakon-viii-jura-la-constitucion-ante-el-parlamento-de-noruega\\\/#primaryimage\"},\"thumbnailUrl\":\"https:\\\/\\\/foreverfutbol.com.ec\\\/radio\\\/wp-content\\\/uploads\\\/2026\\\/09\\\/TCQQLMWMUVEUVLQG4VL7474PPM.webp\",\"datePublished\":\"2026-09-01T20:12:20+00:00\",\"dateModified\":\"2026-09-01T20:16:28+00:00\",\"description\":\"Haakon VIII de Noruega jur\u00f3 la Constituci\u00f3n ante el Parlamento tras la muerte de Harald V, iniciando oficialmente una nueva etapa\",\"breadcrumb\":{\"@id\":\"https:\\\/\\\/foreverfutbol.com.ec\\\/radio\\\/internacional\\\/el-rey-haakon-viii-jura-la-constitucion-ante-el-parlamento-de-noruega\\\/#breadcrumb\"},\"inLanguage\":\"es\",\"potentialAction\":[{\"@type\":\"ReadAction\",\"target\":[\"https:\\\/\\\/foreverfutbol.com.ec\\\/radio\\\/internacional\\\/el-rey-haakon-viii-jura-la-constitucion-ante-el-parlamento-de-noruega\\\/\"]}]},{\"@type\":\"ImageObject\",\"inLanguage\":\"es\",\"@id\":\"https:\\\/\\\/foreverfutbol.com.ec\\\/radio\\\/internacional\\\/el-rey-haakon-viii-jura-la-constitucion-ante-el-parlamento-de-noruega\\\/#primaryimage\",\"url\":\"https:\\\/\\\/foreverfutbol.com.ec\\\/radio\\\/wp-content\\\/uploads\\\/2026\\\/09\\\/TCQQLMWMUVEUVLQG4VL7474PPM.webp\",\"contentUrl\":\"https:\\\/\\\/foreverfutbol.com.ec\\\/radio\\\/wp-content\\\/uploads\\\/2026\\\/09\\\/TCQQLMWMUVEUVLQG4VL7474PPM.webp\",\"width\":929,\"height\":670,\"caption\":\"El rey Haakon VIII jura la Constituci\u00f3n ante el Parlamento de Noruega\"},{\"@type\":\"BreadcrumbList\",\"@id\":\"https:\\\/\\\/foreverfutbol.com.ec\\\/radio\\\/internacional\\\/el-rey-haakon-viii-jura-la-constitucion-ante-el-parlamento-de-noruega\\\/#breadcrumb\",\"itemListElement\":[{\"@type\":\"ListItem\",\"position\":1,\"name\":\"Portada\",\"item\":\"https:\\\/\\\/foreverfutbol.com.ec\\\/radio\\\/\"},{\"@type\":\"ListItem\",\"position\":2,\"name\":\"El rey Haakon VIII jura la Constituci\u00f3n ante el Parlamento de Noruega\"}]},{\"@type\":\"WebSite\",\"@id\":\"https:\\\/\\\/foreverfutbol.com.ec\\\/radio\\\/#website\",\"url\":\"https:\\\/\\\/foreverfutbol.com.ec\\\/radio\\\/\",\"name\":\"92.5 FOREVER Radio\",\"description\":\"\",\"publisher\":{\"@id\":\"https:\\\/\\\/foreverfutbol.com.ec\\\/radio\\\/#organization\"},\"potentialAction\":[{\"@type\":\"SearchAction\",\"target\":{\"@type\":\"EntryPoint\",\"urlTemplate\":\"https:\\\/\\\/foreverfutbol.com.ec\\\/radio\\\/?s={search_term_string}\"},\"query-input\":{\"@type\":\"PropertyValueSpecification\",\"valueRequired\":true,\"valueName\":\"search_term_string\"}}],\"inLanguage\":\"es\"},{\"@type\":\"Organization\",\"@id\":\"https:\\\/\\\/foreverfutbol.com.ec\\\/radio\\\/#organization\",\"name\":\"92.5 FOREVER Radio\",\"url\":\"https:\\\/\\\/foreverfutbol.com.ec\\\/radio\\\/\",\"logo\":{\"@type\":\"ImageObject\",\"inLanguage\":\"es\",\"@id\":\"https:\\\/\\\/foreverfutbol.com.ec\\\/radio\\\/#\\\/schema\\\/logo\\\/image\\\/\",\"url\":\"https:\\\/\\\/foreverfutbol.com.ec\\\/radio\\\/wp-content\\\/uploads\\\/2024\\\/01\\\/cropped-logo-forever.png\",\"contentUrl\":\"https:\\\/\\\/foreverfutbol.com.ec\\\/radio\\\/wp-content\\\/uploads\\\/2024\\\/01\\\/cropped-logo-forever.png\",\"width\":180,\"height\":154,\"caption\":\"92.5 FOREVER Radio\"},\"image\":{\"@id\":\"https:\\\/\\\/foreverfutbol.com.ec\\\/radio\\\/#\\\/schema\\\/logo\\\/image\\\/\"},\"sameAs\":[\"https:\\\/\\\/www.facebook.com\\\/profile.php?id=100063550693491\",\"https:\\\/\\\/x.com\\\/925forever\",\"https:\\\/\\\/www.instagram.com\\\/radioforever925\\\/\"]},{\"@type\":\"Person\",\"@id\":\"https:\\\/\\\/foreverfutbol.com.ec\\\/radio\\\/#\\\/schema\\\/person\\\/2f679dd16f889ac00df6e7b648062a01\",\"name\":\"Ricardo Rodriguez\",\"image\":{\"@type\":\"ImageObject\",\"inLanguage\":\"es\",\"@id\":\"https:\\\/\\\/secure.gravatar.com\\\/avatar\\\/5d9dfb95700bd0c503ed088d29de94822b5cc66a74cb0362774e6fc534823d07?s=96&d=mm&r=g\",\"url\":\"https:\\\/\\\/secure.gravatar.com\\\/avatar\\\/5d9dfb95700bd0c503ed088d29de94822b5cc66a74cb0362774e6fc534823d07?s=96&d=mm&r=g\",\"contentUrl\":\"https:\\\/\\\/secure.gravatar.com\\\/avatar\\\/5d9dfb95700bd0c503ed088d29de94822b5cc66a74cb0362774e6fc534823d07?s=96&d=mm&r=g\",\"caption\":\"Ricardo Rodriguez\"},\"sameAs\":[\"https:\\\/\\\/foreverfutbol.com.ec\\\/radio\"],\"url\":\"https:\\\/\\\/foreverfutbol.com.ec\\\/radio\\\/author\\\/superdmin\\\/\"}]}<\/script>\n<!-- \/ Yoast SEO plugin. -->","yoast_head_json":{"title":"El rey Haakon VIII jura la Constituci\u00f3n ante el Parlamento de Noruega - 92.5 FOREVER Radio","description":"Haakon VIII de Noruega jur\u00f3 la Constituci\u00f3n ante el Parlamento tras la muerte de Harald V, iniciando oficialmente una nueva etapa","robots":{"index":"index","follow":"follow","max-snippet":"max-snippet:-1","max-image-preview":"max-image-preview:large","max-video-preview":"max-video-preview:-1"},"canonical":"https:\/\/foreverfutbol.com.ec\/radio\/internacional\/el-rey-haakon-viii-jura-la-constitucion-ante-el-parlamento-de-noruega\/","og_locale":"es_ES","og_type":"article","og_title":"El rey Haakon VIII jura la Constituci\u00f3n ante el Parlamento de Noruega - 92.5 FOREVER Radio","og_description":"Haakon VIII de Noruega jur\u00f3 la Constituci\u00f3n ante el Parlamento tras la muerte de Harald V, iniciando oficialmente una nueva etapa","og_url":"https:\/\/foreverfutbol.com.ec\/radio\/internacional\/el-rey-haakon-viii-jura-la-constitucion-ante-el-parlamento-de-noruega\/","og_site_name":"92.5 FOREVER Radio","article_publisher":"https:\/\/www.facebook.com\/profile.php?id=100063550693491","article_published_time":"2026-09-01T20:12:20+00:00","article_modified_time":"2026-09-01T20:16:28+00:00","og_image":[{"width":929,"height":670,"url":"https:\/\/foreverfutbol.com.ec\/radio\/wp-content\/uploads\/2026\/09\/TCQQLMWMUVEUVLQG4VL7474PPM.webp","type":"image\/webp"}],"author":"Ricardo Rodriguez","twitter_card":"summary_large_image","twitter_creator":"@925forever","twitter_site":"@925forever","twitter_misc":{"Escrito por":"Ricardo Rodriguez","Tiempo de lectura":"3 minutos"},"schema":{"@context":"https:\/\/schema.org","@graph":[{"@type":"Article","@id":"https:\/\/foreverfutbol.com.ec\/radio\/internacional\/el-rey-haakon-viii-jura-la-constitucion-ante-el-parlamento-de-noruega\/#article","isPartOf":{"@id":"https:\/\/foreverfutbol.com.ec\/radio\/internacional\/el-rey-haakon-viii-jura-la-constitucion-ante-el-parlamento-de-noruega\/"},"author":{"name":"Ricardo Rodriguez","@id":"https:\/\/foreverfutbol.com.ec\/radio\/#\/schema\/person\/2f679dd16f889ac00df6e7b648062a01"},"headline":"El rey Haakon VIII jura la Constituci\u00f3n ante el Parlamento de Noruega","datePublished":"2026-09-01T20:12:20+00:00","dateModified":"2026-09-01T20:16:28+00:00","mainEntityOfPage":{"@id":"https:\/\/foreverfutbol.com.ec\/radio\/internacional\/el-rey-haakon-viii-jura-la-constitucion-ante-el-parlamento-de-noruega\/"},"wordCount":496,"commentCount":0,"publisher":{"@id":"https:\/\/foreverfutbol.com.ec\/radio\/#organization"},"image":{"@id":"https:\/\/foreverfutbol.com.ec\/radio\/internacional\/el-rey-haakon-viii-jura-la-constitucion-ante-el-parlamento-de-noruega\/#primaryimage"},"thumbnailUrl":"https:\/\/foreverfutbol.com.ec\/radio\/wp-content\/uploads\/2026\/09\/TCQQLMWMUVEUVLQG4VL7474PPM.webp","articleSection":["Internacional"],"inLanguage":"es","potentialAction":[{"@type":"CommentAction","name":"Comment","target":["https:\/\/foreverfutbol.com.ec\/radio\/internacional\/el-rey-haakon-viii-jura-la-constitucion-ante-el-parlamento-de-noruega\/#respond"]}]},{"@type":"WebPage","@id":"https:\/\/foreverfutbol.com.ec\/radio\/internacional\/el-rey-haakon-viii-jura-la-constitucion-ante-el-parlamento-de-noruega\/","url":"https:\/\/foreverfutbol.com.ec\/radio\/internacional\/el-rey-haakon-viii-jura-la-constitucion-ante-el-parlamento-de-noruega\/","name":"El rey Haakon VIII jura la Constituci\u00f3n ante el Parlamento de Noruega - 92.5 FOREVER Radio","isPartOf":{"@id":"https:\/\/foreverfutbol.com.ec\/radio\/#website"},"primaryImageOfPage":{"@id":"https:\/\/foreverfutbol.com.ec\/radio\/internacional\/el-rey-haakon-viii-jura-la-constitucion-ante-el-parlamento-de-noruega\/#primaryimage"},"image":{"@id":"https:\/\/foreverfutbol.com.ec\/radio\/internacional\/el-rey-haakon-viii-jura-la-constitucion-ante-el-parlamento-de-noruega\/#primaryimage"},"thumbnailUrl":"https:\/\/foreverfutbol.com.ec\/radio\/wp-content\/uploads\/2026\/09\/TCQQLMWMUVEUVLQG4VL7474PPM.webp","datePublished":"2026-09-01T20:12:20+00:00","dateModified":"2026-09-01T20:16:28+00:00","description":"Haakon VIII de Noruega jur\u00f3 la Constituci\u00f3n ante el Parlamento tras la muerte de Harald V, iniciando oficialmente una nueva etapa","breadcrumb":{"@id":"https:\/\/foreverfutbol.com.ec\/radio\/internacional\/el-rey-haakon-viii-jura-la-constitucion-ante-el-parlamento-de-noruega\/#breadcrumb"},"inLanguage":"es","potentialAction":[{"@type":"ReadAction","target":["https:\/\/foreverfutbol.com.ec\/radio\/internacional\/el-rey-haakon-viii-jura-la-constitucion-ante-el-parlamento-de-noruega\/"]}]},{"@type":"ImageObject","inLanguage":"es","@id":"https:\/\/foreverfutbol.com.ec\/radio\/internacional\/el-rey-haakon-viii-jura-la-constitucion-ante-el-parlamento-de-noruega\/#primaryimage","url":"https:\/\/foreverfutbol.com.ec\/radio\/wp-content\/uploads\/2026\/09\/TCQQLMWMUVEUVLQG4VL7474PPM.webp","contentUrl":"https:\/\/foreverfutbol.com.ec\/radio\/wp-content\/uploads\/2026\/09\/TCQQLMWMUVEUVLQG4VL7474PPM.webp","width":929,"height":670,"caption":"El rey Haakon VIII jura la Constituci\u00f3n ante el Parlamento de Noruega"},{"@type":"BreadcrumbList","@id":"https:\/\/foreverfutbol.com.ec\/radio\/internacional\/el-rey-haakon-viii-jura-la-constitucion-ante-el-parlamento-de-noruega\/#breadcrumb","itemListElement":[{"@type":"ListItem","position":1,"name":"Portada","item":"https:\/\/foreverfutbol.com.ec\/radio\/"},{"@type":"ListItem","position":2,"name":"El rey Haakon VIII jura la Constituci\u00f3n ante el Parlamento de Noruega"}]},{"@type":"WebSite","@id":"https:\/\/foreverfutbol.com.ec\/radio\/#website","url":"https:\/\/foreverfutbol.com.ec\/radio\/","name":"92.5 FOREVER Radio","description":"","publisher":{"@id":"https:\/\/foreverfutbol.com.ec\/radio\/#organization"},"potentialAction":[{"@type":"SearchAction","target":{"@type":"EntryPoint","urlTemplate":"https:\/\/foreverfutbol.com.ec\/radio\/?s={search_term_string}"},"query-input":{"@type":"PropertyValueSpecification","valueRequired":true,"valueName":"search_term_string"}}],"inLanguage":"es"},{"@type":"Organization","@id":"https:\/\/foreverfutbol.com.ec\/radio\/#organization","name":"92.5 FOREVER Radio","url":"https:\/\/foreverfutbol.com.ec\/radio\/","logo":{"@type":"ImageObject","inLanguage":"es","@id":"https:\/\/foreverfutbol.com.ec\/radio\/#\/schema\/logo\/image\/","url":"https:\/\/foreverfutbol.com.ec\/radio\/wp-content\/uploads\/2024\/01\/cropped-logo-forever.png","contentUrl":"https:\/\/foreverfutbol.com.ec\/radio\/wp-content\/uploads\/2024\/01\/cropped-logo-forever.png","width":180,"height":154,"caption":"92.5 FOREVER Radio"},"image":{"@id":"https:\/\/foreverfutbol.com.ec\/radio\/#\/schema\/logo\/image\/"},"sameAs":["https:\/\/www.facebook.com\/profile.php?id=100063550693491","https:\/\/x.com\/925forever","https:\/\/www.instagram.com\/radioforever925\/"]},{"@type":"Person","@id":"https:\/\/foreverfutbol.com.ec\/radio\/#\/schema\/person\/2f679dd16f889ac00df6e7b648062a01","name":"Ricardo Rodriguez","image":{"@type":"ImageObject","inLanguage":"es","@id":"https:\/\/secure.gravatar.com\/avatar\/5d9dfb95700bd0c503ed088d29de94822b5cc66a74cb0362774e6fc534823d07?s=96&d=mm&r=g","url":"https:\/\/secure.gravatar.com\/avatar\/5d9dfb95700bd0c503ed088d29de94822b5cc66a74cb0362774e6fc534823d07?s=96&d=mm&r=g","contentUrl":"https:\/\/secure.gravatar.com\/avatar\/5d9dfb95700bd0c503ed088d29de94822b5cc66a74cb0362774e6fc534823d07?s=96&d=mm&r=g","caption":"Ricardo Rodriguez"},"sameAs":["https:\/\/foreverfutbol.com.ec\/radio"],"url":"https:\/\/foreverfutbol.com.ec\/radio\/author\/superdmin\/"}]}},"_links":{"self":[{"href":"https:\/\/foreverfutbol.com.ec\/radio\/wp-json\/wp\/v2\/posts\/31797","targetHints":{"allow":["GET"]}}],"collection":[{"href":"https:\/\/foreverfutbol.com.ec\/radio\/wp-json\/wp\/v2\/posts"}],"about":[{"href":"https:\/\/foreverfutbol.com.ec\/radio\/wp-json\/wp\/v2\/types\/post"}],"author":[{"embeddable":true,"href":"https:\/\/foreverfutbol.com.ec\/radio\/wp-json\/wp\/v2\/users\/1"}],"replies":[{"embeddable":true,"href":"https:\/\/foreverfutbol.com.ec\/radio\/wp-json\/wp\/v2\/comments?post=31797"}],"version-history":[{"count":2,"href":"https:\/\/foreverfutbol.com.ec\/radio\/wp-json\/wp\/v2\/posts\/31797\/revisions"}],"predecessor-version":[{"id":31801,"href":"https:\/\/foreverfutbol.com.ec\/radio\/wp-json\/wp\/v2\/posts\/31797\/revisions\/31801"}],"wp:featuredmedia":[{"embeddable":true,"href":"https:\/\/foreverfutbol.com.ec\/radio\/wp-json\/wp\/v2\/media\/31798"}],"wp:attachment":[{"href":"https:\/\/foreverfutbol.com.ec\/radio\/wp-json\/wp\/v2\/media?parent=31797"}],"wp:term":[{"taxonomy":"category","embeddable":true,"href":"https:\/\/foreverfutbol.com.ec\/radio\/wp-json\/wp\/v2\/categories?post=31797"},{"taxonomy":"post_tag","embeddable":true,"href":"https:\/\/foreverfutbol.com.ec\/radio\/wp-json\/wp\/v2\/tags?post=31797"}],"curies":[{"name":"wp","href":"https:\/\/api.w.org\/{rel}","templated":true}]}}