{"id":31794,"date":"2026-09-01T15:04:48","date_gmt":"2026-09-01T20:04:48","guid":{"rendered":"https:\/\/foreverfutbol.com.ec\/radio\/?p=31794"},"modified":"2026-09-01T15:04:49","modified_gmt":"2026-09-01T20:04:49","slug":"john-reimberg-sobre-jose-serrano-el-temor-de-muchos-es-si-el-llega-a-querer-hablar","status":"publish","type":"post","link":"https:\/\/foreverfutbol.com.ec\/radio\/seguridad\/john-reimberg-sobre-jose-serrano-el-temor-de-muchos-es-si-el-llega-a-querer-hablar\/","title":{"rendered":"John Reimberg sobre Jos\u00e9 Serrano: \u201cEl temor de muchos es si \u00e9l llega a querer hablar\u201d"},"content":{"rendered":"\n<p class=\"wp-block-paragraph\">El ministro del Interior, John Reimberg, se pronunci\u00f3 sobre el regreso a Ecuador del exministro Jos\u00e9 Serrano, quien permanece recluido en el Centro de Privaci\u00f3n de Libertad El Encuentro, en Santa Elena. Durante una entrevista concedida el 1 de septiembre, el funcionario asegur\u00f3 que Serrano deber\u00e1 responder ante la justicia por las investigaciones que enfrenta.<\/p>\n\n\n\n<p class=\"wp-block-paragraph\">Reimberg sostuvo que toda persona que haya causado da\u00f1o al pa\u00eds deber\u00e1 rendir cuentas y afirm\u00f3 que el exfuncionario volvi\u00f3 al Ecuador para afrontar los procesos judiciales abiertos en su contra. Actualmente, Serrano es procesado dentro del caso Magnicidio FV, investigaci\u00f3n que busca identificar a los presuntos autores intelectuales del asesinato del excandidato presidencial Fernando Villavicencio.<\/p>\n\n\n\n<h2 class=\"wp-block-heading\">Reimberg habla sobre una posible colaboraci\u00f3n con la Fiscal\u00eda<\/h2>\n\n\n\n<p class=\"wp-block-paragraph\">Uno de los momentos m\u00e1s relevantes de la entrevista fue cuando el ministro se refiri\u00f3 a la posibilidad de que Jos\u00e9 Serrano entregue informaci\u00f3n a la Fiscal\u00eda. Seg\u00fan explic\u00f3, esa alternativa existe dentro del marco legal y depender\u00e1 \u00fanicamente de la decisi\u00f3n del exministro.<\/p>\n\n\n\n<p class=\"wp-block-paragraph\">\u201cEl temor de muchos es si \u00e9l llega a querer hablar y coordinar con la Fiscal\u00eda para que hable. Es una opci\u00f3n que \u00e9l tiene\u201d, manifest\u00f3 Reimberg, al sugerir que una eventual cooperaci\u00f3n podr\u00eda aportar datos sobre otras investigaciones de alto impacto.<\/p>\n\n\n\n<p class=\"wp-block-paragraph\">Adem\u00e1s, el ministro cuestion\u00f3 el distanciamiento de varias figuras pol\u00edticas que compartieron funciones con Serrano durante su paso por el Gobierno, asegurando que ahora buscan desconocer su relaci\u00f3n con el exfuncionario.<\/p>\n\n\n\n<h2 class=\"wp-block-heading\">Serrano denuncia temor por su seguridad en prisi\u00f3n<\/h2>\n\n\n\n<p class=\"wp-block-paragraph\">Desde la c\u00e1rcel de m\u00e1xima seguridad El Encuentro, Jos\u00e9 Serrano public\u00f3 un mensaje en redes sociales en el que expres\u00f3 preocupaci\u00f3n por su integridad f\u00edsica. En el texto asegur\u00f3 que teme por su vida mientras permanece bajo custodia del Estado ecuatoriano.<\/p>\n\n\n\n<p class=\"wp-block-paragraph\">Frente a esas declaraciones, Reimberg rechaz\u00f3 que exista un riesgo para el exministro y afirm\u00f3 que el sistema penitenciario garantiza su seguridad. Tambi\u00e9n se\u00f1al\u00f3 que este tipo de pronunciamientos suelen ser utilizados por personas privadas de libertad para desacreditar las c\u00e1rceles ecuatorianas.<\/p>\n\n\n\n<p class=\"wp-block-paragraph\">El ministro confirm\u00f3 adem\u00e1s que las autoridades monitorean posibles intentos de generar tensi\u00f3n dentro de El Encuentro, aunque precis\u00f3 que esa informaci\u00f3n estar\u00eda relacionada con Wilmer Chavarr\u00eda, alias Pipo, cabecilla de Los Lobos, y no directamente con Jos\u00e9 Serrano.<\/p>\n","protected":false},"excerpt":{"rendered":"<p>El ministro del Interior, John Reimberg, se pronunci\u00f3 sobre el regreso a Ecuador del exministro Jos\u00e9 Serrano, quien permanece recluido en el Centro de Privaci\u00f3n de Libertad El Encuentro, en Santa Elena. Durante una entrevista concedida el 1 de septiembre, el funcionario asegur\u00f3 que Serrano deber\u00e1 responder ante la justicia por las investigaciones que enfrenta. [&hellip;]<\/p>\n","protected":false},"author":1,"featured_media":31795,"comment_status":"open","ping_status":"open","sticky":false,"template":"","format":"standard","meta":{"footnotes":""},"categories":[143],"tags":[],"class_list":["post-31794","post","type-post","status-publish","format-standard","has-post-thumbnail","hentry","category-seguridad"],"yoast_head":"<!-- This site is optimized with the Yoast SEO plugin v28.3 - https:\/\/yoast.com\/product\/yoast-seo-wordpress\/ -->\n<title>John Reimberg sobre Jos\u00e9 Serrano: \u201cEl temor de muchos es si \u00e9l llega a querer hablar\u201d - 92.5 FOREVER Radio<\/title>\n<meta name=\"description\" content=\"John Reimberg afirm\u00f3 que Jos\u00e9 Serrano deber\u00e1 responder ante la justicia por el caso Magnicidio FV y se\u00f1al\u00f3 que podr\u00eda colaborar.\" \/>\n<meta name=\"robots\" content=\"index, follow, max-snippet:-1, max-image-preview:large, max-video-preview:-1\" \/>\n<link rel=\"canonical\" href=\"https:\/\/foreverfutbol.com.ec\/radio\/seguridad\/john-reimberg-sobre-jose-serrano-el-temor-de-muchos-es-si-el-llega-a-querer-hablar\/\" \/>\n<meta property=\"og:locale\" content=\"es_ES\" \/>\n<meta property=\"og:type\" content=\"article\" \/>\n<meta property=\"og:title\" content=\"John Reimberg sobre Jos\u00e9 Serrano: \u201cEl temor de muchos es si \u00e9l llega a querer hablar\u201d - 92.5 FOREVER Radio\" \/>\n<meta property=\"og:description\" content=\"John Reimberg afirm\u00f3 que Jos\u00e9 Serrano deber\u00e1 responder ante la justicia por el caso Magnicidio FV y se\u00f1al\u00f3 que podr\u00eda colaborar.\" \/>\n<meta property=\"og:url\" content=\"https:\/\/foreverfutbol.com.ec\/radio\/seguridad\/john-reimberg-sobre-jose-serrano-el-temor-de-muchos-es-si-el-llega-a-querer-hablar\/\" \/>\n<meta property=\"og:site_name\" content=\"92.5 FOREVER Radio\" \/>\n<meta property=\"article:publisher\" content=\"https:\/\/www.facebook.com\/profile.php?id=100063550693491\" \/>\n<meta property=\"article:published_time\" content=\"2026-09-01T20:04:48+00:00\" \/>\n<meta property=\"article:modified_time\" content=\"2026-09-01T20:04:49+00:00\" \/>\n<meta name=\"author\" content=\"Ricardo Rodriguez\" \/>\n<meta name=\"twitter:card\" content=\"summary_large_image\" \/>\n<meta name=\"twitter:creator\" content=\"@925forever\" \/>\n<meta name=\"twitter:site\" content=\"@925forever\" \/>\n<meta name=\"twitter:label1\" content=\"Escrito por\" \/>\n\t<meta name=\"twitter:data1\" content=\"Ricardo Rodriguez\" \/>\n\t<meta name=\"twitter:label2\" content=\"Tiempo de lectura\" \/>\n\t<meta name=\"twitter:data2\" content=\"2 minutos\" \/>\n<script type=\"application\/ld+json\" class=\"yoast-schema-graph\">{\"@context\":\"https:\\\/\\\/schema.org\",\"@graph\":[{\"@type\":\"Article\",\"@id\":\"https:\\\/\\\/foreverfutbol.com.ec\\\/radio\\\/seguridad\\\/john-reimberg-sobre-jose-serrano-el-temor-de-muchos-es-si-el-llega-a-querer-hablar\\\/#article\",\"isPartOf\":{\"@id\":\"https:\\\/\\\/foreverfutbol.com.ec\\\/radio\\\/seguridad\\\/john-reimberg-sobre-jose-serrano-el-temor-de-muchos-es-si-el-llega-a-querer-hablar\\\/\"},\"author\":{\"name\":\"Ricardo Rodriguez\",\"@id\":\"https:\\\/\\\/foreverfutbol.com.ec\\\/radio\\\/#\\\/schema\\\/person\\\/2f679dd16f889ac00df6e7b648062a01\"},\"headline\":\"John Reimberg sobre Jos\u00e9 Serrano: \u201cEl temor de muchos es si \u00e9l llega a querer hablar\u201d\",\"datePublished\":\"2026-09-01T20:04:48+00:00\",\"dateModified\":\"2026-09-01T20:04:49+00:00\",\"mainEntityOfPage\":{\"@id\":\"https:\\\/\\\/foreverfutbol.com.ec\\\/radio\\\/seguridad\\\/john-reimberg-sobre-jose-serrano-el-temor-de-muchos-es-si-el-llega-a-querer-hablar\\\/\"},\"wordCount\":413,\"commentCount\":0,\"publisher\":{\"@id\":\"https:\\\/\\\/foreverfutbol.com.ec\\\/radio\\\/#organization\"},\"image\":{\"@id\":\"https:\\\/\\\/foreverfutbol.com.ec\\\/radio\\\/seguridad\\\/john-reimberg-sobre-jose-serrano-el-temor-de-muchos-es-si-el-llega-a-querer-hablar\\\/#primaryimage\"},\"thumbnailUrl\":\"https:\\\/\\\/foreverfutbol.com.ec\\\/radio\\\/wp-content\\\/uploads\\\/2026\\\/09\\\/ASOI64CBCZB3HORT2YHDCUMOPA.avif\",\"articleSection\":[\"Seguridad\"],\"inLanguage\":\"es\",\"potentialAction\":[{\"@type\":\"CommentAction\",\"name\":\"Comment\",\"target\":[\"https:\\\/\\\/foreverfutbol.com.ec\\\/radio\\\/seguridad\\\/john-reimberg-sobre-jose-serrano-el-temor-de-muchos-es-si-el-llega-a-querer-hablar\\\/#respond\"]}]},{\"@type\":\"WebPage\",\"@id\":\"https:\\\/\\\/foreverfutbol.com.ec\\\/radio\\\/seguridad\\\/john-reimberg-sobre-jose-serrano-el-temor-de-muchos-es-si-el-llega-a-querer-hablar\\\/\",\"url\":\"https:\\\/\\\/foreverfutbol.com.ec\\\/radio\\\/seguridad\\\/john-reimberg-sobre-jose-serrano-el-temor-de-muchos-es-si-el-llega-a-querer-hablar\\\/\",\"name\":\"John Reimberg sobre Jos\u00e9 Serrano: \u201cEl temor de muchos es si \u00e9l llega a querer hablar\u201d - 92.5 FOREVER Radio\",\"isPartOf\":{\"@id\":\"https:\\\/\\\/foreverfutbol.com.ec\\\/radio\\\/#website\"},\"primaryImageOfPage\":{\"@id\":\"https:\\\/\\\/foreverfutbol.com.ec\\\/radio\\\/seguridad\\\/john-reimberg-sobre-jose-serrano-el-temor-de-muchos-es-si-el-llega-a-querer-hablar\\\/#primaryimage\"},\"image\":{\"@id\":\"https:\\\/\\\/foreverfutbol.com.ec\\\/radio\\\/seguridad\\\/john-reimberg-sobre-jose-serrano-el-temor-de-muchos-es-si-el-llega-a-querer-hablar\\\/#primaryimage\"},\"thumbnailUrl\":\"https:\\\/\\\/foreverfutbol.com.ec\\\/radio\\\/wp-content\\\/uploads\\\/2026\\\/09\\\/ASOI64CBCZB3HORT2YHDCUMOPA.avif\",\"datePublished\":\"2026-09-01T20:04:48+00:00\",\"dateModified\":\"2026-09-01T20:04:49+00:00\",\"description\":\"John Reimberg afirm\u00f3 que Jos\u00e9 Serrano deber\u00e1 responder ante la justicia por el caso Magnicidio FV y se\u00f1al\u00f3 que podr\u00eda colaborar.\",\"breadcrumb\":{\"@id\":\"https:\\\/\\\/foreverfutbol.com.ec\\\/radio\\\/seguridad\\\/john-reimberg-sobre-jose-serrano-el-temor-de-muchos-es-si-el-llega-a-querer-hablar\\\/#breadcrumb\"},\"inLanguage\":\"es\",\"potentialAction\":[{\"@type\":\"ReadAction\",\"target\":[\"https:\\\/\\\/foreverfutbol.com.ec\\\/radio\\\/seguridad\\\/john-reimberg-sobre-jose-serrano-el-temor-de-muchos-es-si-el-llega-a-querer-hablar\\\/\"]}]},{\"@type\":\"ImageObject\",\"inLanguage\":\"es\",\"@id\":\"https:\\\/\\\/foreverfutbol.com.ec\\\/radio\\\/seguridad\\\/john-reimberg-sobre-jose-serrano-el-temor-de-muchos-es-si-el-llega-a-querer-hablar\\\/#primaryimage\",\"url\":\"https:\\\/\\\/foreverfutbol.com.ec\\\/radio\\\/wp-content\\\/uploads\\\/2026\\\/09\\\/ASOI64CBCZB3HORT2YHDCUMOPA.avif\",\"contentUrl\":\"https:\\\/\\\/foreverfutbol.com.ec\\\/radio\\\/wp-content\\\/uploads\\\/2026\\\/09\\\/ASOI64CBCZB3HORT2YHDCUMOPA.avif\",\"width\":1005,\"height\":670,\"caption\":\"John Reimberg sobre Jos\u00e9 Serrano: \u201cEl temor de muchos es si \u00e9l llega a querer hablar\u201d\"},{\"@type\":\"BreadcrumbList\",\"@id\":\"https:\\\/\\\/foreverfutbol.com.ec\\\/radio\\\/seguridad\\\/john-reimberg-sobre-jose-serrano-el-temor-de-muchos-es-si-el-llega-a-querer-hablar\\\/#breadcrumb\",\"itemListElement\":[{\"@type\":\"ListItem\",\"position\":1,\"name\":\"Portada\",\"item\":\"https:\\\/\\\/foreverfutbol.com.ec\\\/radio\\\/\"},{\"@type\":\"ListItem\",\"position\":2,\"name\":\"John Reimberg sobre Jos\u00e9 Serrano: \u201cEl temor de muchos es si \u00e9l llega a querer hablar\u201d\"}]},{\"@type\":\"WebSite\",\"@id\":\"https:\\\/\\\/foreverfutbol.com.ec\\\/radio\\\/#website\",\"url\":\"https:\\\/\\\/foreverfutbol.com.ec\\\/radio\\\/\",\"name\":\"92.5 FOREVER Radio\",\"description\":\"\",\"publisher\":{\"@id\":\"https:\\\/\\\/foreverfutbol.com.ec\\\/radio\\\/#organization\"},\"potentialAction\":[{\"@type\":\"SearchAction\",\"target\":{\"@type\":\"EntryPoint\",\"urlTemplate\":\"https:\\\/\\\/foreverfutbol.com.ec\\\/radio\\\/?s={search_term_string}\"},\"query-input\":{\"@type\":\"PropertyValueSpecification\",\"valueRequired\":true,\"valueName\":\"search_term_string\"}}],\"inLanguage\":\"es\"},{\"@type\":\"Organization\",\"@id\":\"https:\\\/\\\/foreverfutbol.com.ec\\\/radio\\\/#organization\",\"name\":\"92.5 FOREVER Radio\",\"url\":\"https:\\\/\\\/foreverfutbol.com.ec\\\/radio\\\/\",\"logo\":{\"@type\":\"ImageObject\",\"inLanguage\":\"es\",\"@id\":\"https:\\\/\\\/foreverfutbol.com.ec\\\/radio\\\/#\\\/schema\\\/logo\\\/image\\\/\",\"url\":\"https:\\\/\\\/foreverfutbol.com.ec\\\/radio\\\/wp-content\\\/uploads\\\/2024\\\/01\\\/cropped-logo-forever.png\",\"contentUrl\":\"https:\\\/\\\/foreverfutbol.com.ec\\\/radio\\\/wp-content\\\/uploads\\\/2024\\\/01\\\/cropped-logo-forever.png\",\"width\":180,\"height\":154,\"caption\":\"92.5 FOREVER Radio\"},\"image\":{\"@id\":\"https:\\\/\\\/foreverfutbol.com.ec\\\/radio\\\/#\\\/schema\\\/logo\\\/image\\\/\"},\"sameAs\":[\"https:\\\/\\\/www.facebook.com\\\/profile.php?id=100063550693491\",\"https:\\\/\\\/x.com\\\/925forever\",\"https:\\\/\\\/www.instagram.com\\\/radioforever925\\\/\"]},{\"@type\":\"Person\",\"@id\":\"https:\\\/\\\/foreverfutbol.com.ec\\\/radio\\\/#\\\/schema\\\/person\\\/2f679dd16f889ac00df6e7b648062a01\",\"name\":\"Ricardo Rodriguez\",\"image\":{\"@type\":\"ImageObject\",\"inLanguage\":\"es\",\"@id\":\"https:\\\/\\\/secure.gravatar.com\\\/avatar\\\/5d9dfb95700bd0c503ed088d29de94822b5cc66a74cb0362774e6fc534823d07?s=96&d=mm&r=g\",\"url\":\"https:\\\/\\\/secure.gravatar.com\\\/avatar\\\/5d9dfb95700bd0c503ed088d29de94822b5cc66a74cb0362774e6fc534823d07?s=96&d=mm&r=g\",\"contentUrl\":\"https:\\\/\\\/secure.gravatar.com\\\/avatar\\\/5d9dfb95700bd0c503ed088d29de94822b5cc66a74cb0362774e6fc534823d07?s=96&d=mm&r=g\",\"caption\":\"Ricardo Rodriguez\"},\"sameAs\":[\"https:\\\/\\\/foreverfutbol.com.ec\\\/radio\"],\"url\":\"https:\\\/\\\/foreverfutbol.com.ec\\\/radio\\\/author\\\/superdmin\\\/\"}]}<\/script>\n<!-- \/ Yoast SEO plugin. -->","yoast_head_json":{"title":"John Reimberg sobre Jos\u00e9 Serrano: \u201cEl temor de muchos es si \u00e9l llega a querer hablar\u201d - 92.5 FOREVER Radio","description":"John Reimberg afirm\u00f3 que Jos\u00e9 Serrano deber\u00e1 responder ante la justicia por el caso Magnicidio FV y se\u00f1al\u00f3 que podr\u00eda colaborar.","robots":{"index":"index","follow":"follow","max-snippet":"max-snippet:-1","max-image-preview":"max-image-preview:large","max-video-preview":"max-video-preview:-1"},"canonical":"https:\/\/foreverfutbol.com.ec\/radio\/seguridad\/john-reimberg-sobre-jose-serrano-el-temor-de-muchos-es-si-el-llega-a-querer-hablar\/","og_locale":"es_ES","og_type":"article","og_title":"John Reimberg sobre Jos\u00e9 Serrano: \u201cEl temor de muchos es si \u00e9l llega a querer hablar\u201d - 92.5 FOREVER Radio","og_description":"John Reimberg afirm\u00f3 que Jos\u00e9 Serrano deber\u00e1 responder ante la justicia por el caso Magnicidio FV y se\u00f1al\u00f3 que podr\u00eda colaborar.","og_url":"https:\/\/foreverfutbol.com.ec\/radio\/seguridad\/john-reimberg-sobre-jose-serrano-el-temor-de-muchos-es-si-el-llega-a-querer-hablar\/","og_site_name":"92.5 FOREVER Radio","article_publisher":"https:\/\/www.facebook.com\/profile.php?id=100063550693491","article_published_time":"2026-09-01T20:04:48+00:00","article_modified_time":"2026-09-01T20:04:49+00:00","author":"Ricardo Rodriguez","twitter_card":"summary_large_image","twitter_creator":"@925forever","twitter_site":"@925forever","twitter_misc":{"Escrito por":"Ricardo Rodriguez","Tiempo de lectura":"2 minutos"},"schema":{"@context":"https:\/\/schema.org","@graph":[{"@type":"Article","@id":"https:\/\/foreverfutbol.com.ec\/radio\/seguridad\/john-reimberg-sobre-jose-serrano-el-temor-de-muchos-es-si-el-llega-a-querer-hablar\/#article","isPartOf":{"@id":"https:\/\/foreverfutbol.com.ec\/radio\/seguridad\/john-reimberg-sobre-jose-serrano-el-temor-de-muchos-es-si-el-llega-a-querer-hablar\/"},"author":{"name":"Ricardo Rodriguez","@id":"https:\/\/foreverfutbol.com.ec\/radio\/#\/schema\/person\/2f679dd16f889ac00df6e7b648062a01"},"headline":"John Reimberg sobre Jos\u00e9 Serrano: \u201cEl temor de muchos es si \u00e9l llega a querer hablar\u201d","datePublished":"2026-09-01T20:04:48+00:00","dateModified":"2026-09-01T20:04:49+00:00","mainEntityOfPage":{"@id":"https:\/\/foreverfutbol.com.ec\/radio\/seguridad\/john-reimberg-sobre-jose-serrano-el-temor-de-muchos-es-si-el-llega-a-querer-hablar\/"},"wordCount":413,"commentCount":0,"publisher":{"@id":"https:\/\/foreverfutbol.com.ec\/radio\/#organization"},"image":{"@id":"https:\/\/foreverfutbol.com.ec\/radio\/seguridad\/john-reimberg-sobre-jose-serrano-el-temor-de-muchos-es-si-el-llega-a-querer-hablar\/#primaryimage"},"thumbnailUrl":"https:\/\/foreverfutbol.com.ec\/radio\/wp-content\/uploads\/2026\/09\/ASOI64CBCZB3HORT2YHDCUMOPA.avif","articleSection":["Seguridad"],"inLanguage":"es","potentialAction":[{"@type":"CommentAction","name":"Comment","target":["https:\/\/foreverfutbol.com.ec\/radio\/seguridad\/john-reimberg-sobre-jose-serrano-el-temor-de-muchos-es-si-el-llega-a-querer-hablar\/#respond"]}]},{"@type":"WebPage","@id":"https:\/\/foreverfutbol.com.ec\/radio\/seguridad\/john-reimberg-sobre-jose-serrano-el-temor-de-muchos-es-si-el-llega-a-querer-hablar\/","url":"https:\/\/foreverfutbol.com.ec\/radio\/seguridad\/john-reimberg-sobre-jose-serrano-el-temor-de-muchos-es-si-el-llega-a-querer-hablar\/","name":"John Reimberg sobre Jos\u00e9 Serrano: \u201cEl temor de muchos es si \u00e9l llega a querer hablar\u201d - 92.5 FOREVER Radio","isPartOf":{"@id":"https:\/\/foreverfutbol.com.ec\/radio\/#website"},"primaryImageOfPage":{"@id":"https:\/\/foreverfutbol.com.ec\/radio\/seguridad\/john-reimberg-sobre-jose-serrano-el-temor-de-muchos-es-si-el-llega-a-querer-hablar\/#primaryimage"},"image":{"@id":"https:\/\/foreverfutbol.com.ec\/radio\/seguridad\/john-reimberg-sobre-jose-serrano-el-temor-de-muchos-es-si-el-llega-a-querer-hablar\/#primaryimage"},"thumbnailUrl":"https:\/\/foreverfutbol.com.ec\/radio\/wp-content\/uploads\/2026\/09\/ASOI64CBCZB3HORT2YHDCUMOPA.avif","datePublished":"2026-09-01T20:04:48+00:00","dateModified":"2026-09-01T20:04:49+00:00","description":"John Reimberg afirm\u00f3 que Jos\u00e9 Serrano deber\u00e1 responder ante la justicia por el caso Magnicidio FV y se\u00f1al\u00f3 que podr\u00eda colaborar.","breadcrumb":{"@id":"https:\/\/foreverfutbol.com.ec\/radio\/seguridad\/john-reimberg-sobre-jose-serrano-el-temor-de-muchos-es-si-el-llega-a-querer-hablar\/#breadcrumb"},"inLanguage":"es","potentialAction":[{"@type":"ReadAction","target":["https:\/\/foreverfutbol.com.ec\/radio\/seguridad\/john-reimberg-sobre-jose-serrano-el-temor-de-muchos-es-si-el-llega-a-querer-hablar\/"]}]},{"@type":"ImageObject","inLanguage":"es","@id":"https:\/\/foreverfutbol.com.ec\/radio\/seguridad\/john-reimberg-sobre-jose-serrano-el-temor-de-muchos-es-si-el-llega-a-querer-hablar\/#primaryimage","url":"https:\/\/foreverfutbol.com.ec\/radio\/wp-content\/uploads\/2026\/09\/ASOI64CBCZB3HORT2YHDCUMOPA.avif","contentUrl":"https:\/\/foreverfutbol.com.ec\/radio\/wp-content\/uploads\/2026\/09\/ASOI64CBCZB3HORT2YHDCUMOPA.avif","width":1005,"height":670,"caption":"John Reimberg sobre Jos\u00e9 Serrano: \u201cEl temor de muchos es si \u00e9l llega a querer hablar\u201d"},{"@type":"BreadcrumbList","@id":"https:\/\/foreverfutbol.com.ec\/radio\/seguridad\/john-reimberg-sobre-jose-serrano-el-temor-de-muchos-es-si-el-llega-a-querer-hablar\/#breadcrumb","itemListElement":[{"@type":"ListItem","position":1,"name":"Portada","item":"https:\/\/foreverfutbol.com.ec\/radio\/"},{"@type":"ListItem","position":2,"name":"John Reimberg sobre Jos\u00e9 Serrano: \u201cEl temor de muchos es si \u00e9l llega a querer hablar\u201d"}]},{"@type":"WebSite","@id":"https:\/\/foreverfutbol.com.ec\/radio\/#website","url":"https:\/\/foreverfutbol.com.ec\/radio\/","name":"92.5 FOREVER Radio","description":"","publisher":{"@id":"https:\/\/foreverfutbol.com.ec\/radio\/#organization"},"potentialAction":[{"@type":"SearchAction","target":{"@type":"EntryPoint","urlTemplate":"https:\/\/foreverfutbol.com.ec\/radio\/?s={search_term_string}"},"query-input":{"@type":"PropertyValueSpecification","valueRequired":true,"valueName":"search_term_string"}}],"inLanguage":"es"},{"@type":"Organization","@id":"https:\/\/foreverfutbol.com.ec\/radio\/#organization","name":"92.5 FOREVER Radio","url":"https:\/\/foreverfutbol.com.ec\/radio\/","logo":{"@type":"ImageObject","inLanguage":"es","@id":"https:\/\/foreverfutbol.com.ec\/radio\/#\/schema\/logo\/image\/","url":"https:\/\/foreverfutbol.com.ec\/radio\/wp-content\/uploads\/2024\/01\/cropped-logo-forever.png","contentUrl":"https:\/\/foreverfutbol.com.ec\/radio\/wp-content\/uploads\/2024\/01\/cropped-logo-forever.png","width":180,"height":154,"caption":"92.5 FOREVER Radio"},"image":{"@id":"https:\/\/foreverfutbol.com.ec\/radio\/#\/schema\/logo\/image\/"},"sameAs":["https:\/\/www.facebook.com\/profile.php?id=100063550693491","https:\/\/x.com\/925forever","https:\/\/www.instagram.com\/radioforever925\/"]},{"@type":"Person","@id":"https:\/\/foreverfutbol.com.ec\/radio\/#\/schema\/person\/2f679dd16f889ac00df6e7b648062a01","name":"Ricardo Rodriguez","image":{"@type":"ImageObject","inLanguage":"es","@id":"https:\/\/secure.gravatar.com\/avatar\/5d9dfb95700bd0c503ed088d29de94822b5cc66a74cb0362774e6fc534823d07?s=96&d=mm&r=g","url":"https:\/\/secure.gravatar.com\/avatar\/5d9dfb95700bd0c503ed088d29de94822b5cc66a74cb0362774e6fc534823d07?s=96&d=mm&r=g","contentUrl":"https:\/\/secure.gravatar.com\/avatar\/5d9dfb95700bd0c503ed088d29de94822b5cc66a74cb0362774e6fc534823d07?s=96&d=mm&r=g","caption":"Ricardo Rodriguez"},"sameAs":["https:\/\/foreverfutbol.com.ec\/radio"],"url":"https:\/\/foreverfutbol.com.ec\/radio\/author\/superdmin\/"}]}},"_links":{"self":[{"href":"https:\/\/foreverfutbol.com.ec\/radio\/wp-json\/wp\/v2\/posts\/31794","targetHints":{"allow":["GET"]}}],"collection":[{"href":"https:\/\/foreverfutbol.com.ec\/radio\/wp-json\/wp\/v2\/posts"}],"about":[{"href":"https:\/\/foreverfutbol.com.ec\/radio\/wp-json\/wp\/v2\/types\/post"}],"author":[{"embeddable":true,"href":"https:\/\/foreverfutbol.com.ec\/radio\/wp-json\/wp\/v2\/users\/1"}],"replies":[{"embeddable":true,"href":"https:\/\/foreverfutbol.com.ec\/radio\/wp-json\/wp\/v2\/comments?post=31794"}],"version-history":[{"count":1,"href":"https:\/\/foreverfutbol.com.ec\/radio\/wp-json\/wp\/v2\/posts\/31794\/revisions"}],"predecessor-version":[{"id":31796,"href":"https:\/\/foreverfutbol.com.ec\/radio\/wp-json\/wp\/v2\/posts\/31794\/revisions\/31796"}],"wp:featuredmedia":[{"embeddable":true,"href":"https:\/\/foreverfutbol.com.ec\/radio\/wp-json\/wp\/v2\/media\/31795"}],"wp:attachment":[{"href":"https:\/\/foreverfutbol.com.ec\/radio\/wp-json\/wp\/v2\/media?parent=31794"}],"wp:term":[{"taxonomy":"category","embeddable":true,"href":"https:\/\/foreverfutbol.com.ec\/radio\/wp-json\/wp\/v2\/categories?post=31794"},{"taxonomy":"post_tag","embeddable":true,"href":"https:\/\/foreverfutbol.com.ec\/radio\/wp-json\/wp\/v2\/tags?post=31794"}],"curies":[{"name":"wp","href":"https:\/\/api.w.org\/{rel}","templated":true}]}}