{"id":31790,"date":"2026-09-01T12:18:39","date_gmt":"2026-09-01T17:18:39","guid":{"rendered":"https:\/\/foreverfutbol.com.ec\/radio\/?p=31790"},"modified":"2026-09-01T12:21:53","modified_gmt":"2026-09-01T17:21:53","slug":"guayaquil-amanecio-con-llovizna-asi-estara-el-clima-este-1-de-septiembre","status":"publish","type":"post","link":"https:\/\/foreverfutbol.com.ec\/radio\/guayaquil\/guayaquil-amanecio-con-llovizna-asi-estara-el-clima-este-1-de-septiembre\/","title":{"rendered":"Guayaquil amaneci\u00f3 con llovizna: as\u00ed estar\u00e1 el clima este 1 de septiembre"},"content":{"rendered":"\n<p class=\"wp-block-paragraph\"><strong>Guayaquil amaneci\u00f3 este martes 1 de septiembre con una ligera llovizna en varios sectores de la ciudad<\/strong>, principalmente durante las primeras horas de la ma\u00f1ana. El cambio en las condiciones atmosf\u00e9ricas se present\u00f3 mientras buena parte de la poblaci\u00f3n iniciaba sus actividades diarias y gener\u00f3 calles h\u00famedas y un cielo mayormente nublado en diferentes zonas.<\/p>\n\n\n\n<p class=\"wp-block-paragraph\">La presencia de precipitaciones fue reportada desde aproximadamente las <strong>06:00<\/strong>, especialmente en sectores del norte de Guayaquil. Entre las zonas donde se registr\u00f3 llovizna estuvieron la <strong>autopista Narcisa de Jes\u00fas, Los Vergeles y parte de la avenida de las Am\u00e9ricas<\/strong>.<\/p>\n\n\n\n<h2 class=\"wp-block-heading\"><strong>Llovizna en Guayaquil durante las primeras horas de la ma\u00f1ana<\/strong><\/h2>\n\n\n\n<p class=\"wp-block-paragraph\">Durante las primeras horas de este martes, la presencia de humedad y nubosidad marc\u00f3 el inicio de la jornada. La <strong>llovizna en Guayaquil<\/strong> fue ligera y se concentr\u00f3 en determinados sectores, por lo que las condiciones no fueron iguales en toda la ciudad.<\/p>\n\n\n\n<p class=\"wp-block-paragraph\">En el norte, conductores y peatones encontraron v\u00edas h\u00famedas desde temprano. Este escenario puede generar cambios en las condiciones de circulaci\u00f3n, especialmente durante las horas de mayor movimiento vehicular.<\/p>\n\n\n\n<p class=\"wp-block-paragraph\">Mientras tanto, cerca de las <strong>07:00<\/strong>, en sectores del centro de Guayaquil predominaba un <strong>cielo nublado<\/strong>, aunque no necesariamente acompa\u00f1ado de precipitaciones. La nubosidad permiti\u00f3 mantener una ma\u00f1ana con menor presencia de sol en comparaci\u00f3n con jornadas completamente despejadas.<\/p>\n\n\n\n<h2 class=\"wp-block-heading\"><strong>\u00bfC\u00f3mo estar\u00e1 el clima en Guayaquil este martes 1 de septiembre?<\/strong><\/h2>\n\n\n\n<p class=\"wp-block-paragraph\">Para este <strong>martes 1 de septiembre<\/strong>, el pron\u00f3stico contempla condiciones variables a lo largo de la jornada. Se prev\u00e9 un <strong>cielo parcialmente nublado con claros<\/strong>, por lo que la nubosidad podr\u00eda alternarse con momentos de mayor presencia de luz solar.<\/p>\n\n\n\n<p class=\"wp-block-paragraph\">Aunque la ma\u00f1ana comenz\u00f3 con llovizna en algunos puntos, la previsi\u00f3n se\u00f1ala una <strong>baja probabilidad de lluvia<\/strong> durante el resto de la jornada. Esto significa que no se espera un episodio generalizado de precipitaciones sobre toda la ciudad.<\/p>\n\n\n\n<p class=\"wp-block-paragraph\">Las condiciones pueden variar entre sectores debido a la din\u00e1mica atmosf\u00e9rica propia de Guayaquil. Por ello, mientras algunas zonas pueden registrar nubosidad, otras podr\u00edan presentar periodos con claros y mayor luminosidad.<\/p>\n\n\n\n<h2 class=\"wp-block-heading\"><strong>Temperatura en Guayaquil: hasta 32 \u00b0C<\/strong><\/h2>\n\n\n\n<p class=\"wp-block-paragraph\">Uno de los aspectos que marcar\u00e1 la jornada ser\u00e1 el incremento de la temperatura conforme avance el d\u00eda. Para este martes, los valores estar\u00e1n aproximadamente entre los <strong>25 \u00b0C y 32 \u00b0C<\/strong>.<\/p>\n\n\n\n<p class=\"wp-block-paragraph\">Las primeras horas mantendr\u00e1n temperaturas m\u00e1s moderadas, en medio de la nubosidad y la humedad. Posteriormente, con la aparici\u00f3n de claros, se espera un aumento progresivo de la sensaci\u00f3n t\u00e9rmica.<\/p>\n\n\n\n<p class=\"wp-block-paragraph\">La temperatura m\u00e1xima prevista, cercana a los <strong>32 \u00b0C<\/strong>, har\u00e1 que el ambiente pueda sentirse caluroso durante las horas centrales y de la tarde, especialmente cuando disminuya la cobertura nubosa.<\/p>\n\n\n\n<h2 class=\"wp-block-heading\"><strong>Sectores de Guayaquil donde se registr\u00f3 lluvia<\/strong><\/h2>\n\n\n\n<p class=\"wp-block-paragraph\">La <strong>llovizna registrada en Guayaquil<\/strong> durante la ma\u00f1ana no se present\u00f3 de manera uniforme. Entre los sectores reportados se encuentran:<\/p>\n\n\n\n<ul class=\"wp-block-list\">\n<li><strong>Autopista Narcisa de Jes\u00fas<\/strong><\/li>\n\n\n\n<li><strong>Los Vergeles<\/strong><\/li>\n\n\n\n<li><strong>Avenida de las Am\u00e9ricas<\/strong><\/li>\n\n\n\n<li>Diferentes sectores del <strong>norte de Guayaquil<\/strong><\/li>\n<\/ul>\n\n\n\n<p class=\"wp-block-paragraph\">En el centro de la ciudad, alrededor de las 07:00, predominaba un panorama <strong>nublado<\/strong>, con condiciones diferentes a las observadas en algunos puntos del norte.<\/p>\n\n\n\n<p class=\"wp-block-paragraph\">Esta variaci\u00f3n demuestra que las precipitaciones pueden concentrarse en determinadas zonas y no necesariamente extenderse de manera simult\u00e1nea a toda Guayaquil.<\/p>\n\n\n\n<h2 class=\"wp-block-heading\"><strong>\u00bfHabr\u00e1 m\u00e1s lluvias durante este 1 de septiembre?<\/strong><\/h2>\n\n\n\n<p class=\"wp-block-paragraph\">Aunque Guayaquil comenz\u00f3 el d\u00eda con llovizna en algunos sectores, el pron\u00f3stico meteorol\u00f3gico contempla una <strong>baja probabilidad de lluvia<\/strong> para esta jornada.<\/p>\n\n\n\n<p class=\"wp-block-paragraph\">Por esta raz\u00f3n, no se espera que las precipitaciones sean el fen\u00f3meno predominante durante todo el martes. La tendencia apunta a una transici\u00f3n hacia condiciones de <strong>cielo parcialmente nublado con claros<\/strong>, acompa\u00f1ada de temperaturas que podr\u00edan alcanzar los 32 \u00b0C.<\/p>\n\n\n\n<p class=\"wp-block-paragraph\">Aun as\u00ed, quienes se movilicen durante las primeras horas deben considerar que algunas calles pueden permanecer h\u00famedas despu\u00e9s de la llovizna matutina.<\/p>\n\n\n\n<h2 class=\"wp-block-heading\"><strong>Clima de Guayaquil durante la jornada<\/strong><\/h2>\n\n\n\n<p class=\"wp-block-paragraph\">La combinaci\u00f3n de nubosidad, humedad y temperaturas elevadas ser\u00e1 caracter\u00edstica de este <strong>1 de septiembre en Guayaquil<\/strong>. El comportamiento del tiempo podr\u00eda cambiar conforme avance el d\u00eda, pasando de una ma\u00f1ana m\u00e1s cubierta a periodos con claros.<\/p>\n\n\n\n<p class=\"wp-block-paragraph\">Para quienes tienen actividades al aire libre, desplazamientos por la ciudad o jornadas laborales que comienzan temprano, resulta importante tomar en cuenta las condiciones registradas durante las primeras horas.<\/p>\n\n\n\n<p class=\"wp-block-paragraph\">Con una <strong>temperatura m\u00ednima cercana a los 25 \u00b0C y una m\u00e1xima de hasta 32 \u00b0C<\/strong>, la jornada mantendr\u00e1 un ambiente c\u00e1lido pese al inicio nublado y a la ligera lluvia registrada en determinados sectores.<\/p>\n\n\n\n<h2 class=\"wp-block-heading\"><strong>Pron\u00f3stico del tiempo en Guayaquil para este martes<\/strong><\/h2>\n\n\n\n<p class=\"wp-block-paragraph\">El panorama previsto para Guayaquil este martes 1 de septiembre puede resumirse en tres caracter\u00edsticas principales: <strong>ma\u00f1ana con presencia de nubosidad, baja probabilidad de lluvia y temperaturas de hasta 32 \u00b0C<\/strong>.<\/p>\n\n\n\n<p class=\"wp-block-paragraph\">La llovizna observada temprano forma parte de las condiciones variables que pueden presentarse en la ciudad, mientras que el pron\u00f3stico general apunta a una jornada con intervalos de nubosidad y claros.<\/p>\n\n\n\n<p class=\"wp-block-paragraph\">Los habitantes de Guayaquil deber\u00e1n considerar especialmente el comportamiento del clima durante las primeras horas, cuando se registraron precipitaciones ligeras en sectores del norte, y durante la tarde, cuando las temperaturas podr\u00edan acercarse a su valor m\u00e1ximo previsto.<\/p>\n\n\n\n<h3 class=\"wp-block-heading\"><strong>Datos principales del clima en Guayaquil este 1 de septiembre<\/strong><\/h3>\n\n\n\n<p class=\"wp-block-paragraph\"><strong>Temperatura m\u00e1xima:<\/strong> 32 \u00b0C aproximadamente.<strong>Guayaquil amaneci\u00f3 este martes 1 de septiembre con una ligera llovizna en varios sectores de la ciudad<\/strong>, principalmente durante las primeras horas de la ma\u00f1ana. El cambio en las condiciones atmosf\u00e9ricas se present\u00f3 mientras buena parte de la poblaci\u00f3n iniciaba sus actividades diarias y gener\u00f3 calles h\u00famedas y un cielo mayormente nublado en diferentes zonas.<\/p>\n\n\n\n<p class=\"wp-block-paragraph\">La presencia de precipitaciones fue reportada desde aproximadamente las <strong>06:00<\/strong>, especialmente en sectores del norte de Guayaquil. Entre las zonas donde se registr\u00f3 llovizna estuvieron la <strong>autopista Narcisa de Jes\u00fas, Los Vergeles y parte de la avenida de las Am\u00e9ricas<\/strong>.<\/p>\n\n\n\n<h2 class=\"wp-block-heading\"><strong>Llovizna en Guayaquil durante las primeras horas de la ma\u00f1ana<\/strong><\/h2>\n\n\n\n<p class=\"wp-block-paragraph\">Durante las primeras horas de este martes, la presencia de humedad y nubosidad marc\u00f3 el inicio de la jornada. La <strong>llovizna en Guayaquil<\/strong> fue ligera y se concentr\u00f3 en determinados sectores, por lo que las condiciones no fueron iguales en toda la ciudad.<\/p>\n\n\n\n<p class=\"wp-block-paragraph\">En el norte, conductores y peatones encontraron v\u00edas h\u00famedas desde temprano. Este escenario puede generar cambios en las condiciones de circulaci\u00f3n, especialmente durante las horas de mayor movimiento vehicular.<\/p>\n\n\n\n<p class=\"wp-block-paragraph\">Mientras tanto, cerca de las <strong>07:00<\/strong>, en sectores del centro de Guayaquil predominaba un <strong>cielo nublado<\/strong>, aunque no necesariamente acompa\u00f1ado de precipitaciones. La nubosidad permiti\u00f3 mantener una ma\u00f1ana con menor presencia de sol en comparaci\u00f3n con jornadas completamente despejadas.<\/p>\n\n\n\n<h2 class=\"wp-block-heading\"><strong>\u00bfC\u00f3mo estar\u00e1 el clima en Guayaquil este martes 1 de septiembre?<\/strong><\/h2>\n\n\n\n<p class=\"wp-block-paragraph\">Para este <strong>martes 1 de septiembre<\/strong>, el pron\u00f3stico contempla condiciones variables a lo largo de la jornada. Se prev\u00e9 un <strong>cielo parcialmente nublado con claros<\/strong>, por lo que la nubosidad podr\u00eda alternarse con momentos de mayor presencia de luz solar.<\/p>\n\n\n\n<p class=\"wp-block-paragraph\">Aunque la ma\u00f1ana comenz\u00f3 con llovizna en algunos puntos, la previsi\u00f3n se\u00f1ala una <strong>baja probabilidad de lluvia<\/strong> durante el resto de la jornada. Esto significa que no se espera un episodio generalizado de precipitaciones sobre toda la ciudad.<\/p>\n\n\n\n<p class=\"wp-block-paragraph\">Las condiciones pueden variar entre sectores debido a la din\u00e1mica atmosf\u00e9rica propia de Guayaquil. Por ello, mientras algunas zonas pueden registrar nubosidad, otras podr\u00edan presentar periodos con claros y mayor luminosidad.<\/p>\n\n\n\n<h2 class=\"wp-block-heading\"><strong>Temperatura en Guayaquil: hasta 32 \u00b0C<\/strong><\/h2>\n\n\n\n<p class=\"wp-block-paragraph\">Uno de los aspectos que marcar\u00e1 la jornada ser\u00e1 el incremento de la temperatura conforme avance el d\u00eda. Para este martes, los valores estar\u00e1n aproximadamente entre los <strong>25 \u00b0C y 32 \u00b0C<\/strong>.<\/p>\n\n\n\n<p class=\"wp-block-paragraph\">Las primeras horas mantendr\u00e1n temperaturas m\u00e1s moderadas, en medio de la nubosidad y la humedad. Posteriormente, con la aparici\u00f3n de claros, se espera un aumento progresivo de la sensaci\u00f3n t\u00e9rmica.<\/p>\n\n\n\n<p class=\"wp-block-paragraph\">La temperatura m\u00e1xima prevista, cercana a los <strong>32 \u00b0C<\/strong>, har\u00e1 que el ambiente pueda sentirse caluroso durante las horas centrales y de la tarde, especialmente cuando disminuya la cobertura nubosa.<\/p>\n\n\n\n<h2 class=\"wp-block-heading\"><strong>Sectores de Guayaquil donde se registr\u00f3 lluvia<\/strong><\/h2>\n\n\n\n<p class=\"wp-block-paragraph\">La <strong>llovizna registrada en Guayaquil<\/strong> durante la ma\u00f1ana no se present\u00f3 de manera uniforme. Entre los sectores reportados se encuentran:<\/p>\n\n\n\n<ul class=\"wp-block-list\">\n<li><strong>Autopista Narcisa de Jes\u00fas<\/strong><\/li>\n\n\n\n<li><strong>Los Vergeles<\/strong><\/li>\n\n\n\n<li><strong>Avenida de las Am\u00e9ricas<\/strong><\/li>\n\n\n\n<li>Diferentes sectores del <strong>norte de Guayaquil<\/strong><\/li>\n<\/ul>\n\n\n\n<p class=\"wp-block-paragraph\">En el centro de la ciudad, alrededor de las 07:00, predominaba un panorama <strong>nublado<\/strong>, con condiciones diferentes a las observadas en algunos puntos del norte.<\/p>\n\n\n\n<p class=\"wp-block-paragraph\">Esta variaci\u00f3n demuestra que las precipitaciones pueden concentrarse en determinadas zonas y no necesariamente extenderse de manera simult\u00e1nea a toda Guayaquil.<\/p>\n\n\n\n<h2 class=\"wp-block-heading\"><strong>\u00bfHabr\u00e1 m\u00e1s lluvias durante este 1 de septiembre?<\/strong><\/h2>\n\n\n\n<p class=\"wp-block-paragraph\">Aunque Guayaquil comenz\u00f3 el d\u00eda con llovizna en algunos sectores, el pron\u00f3stico meteorol\u00f3gico contempla una <strong>baja probabilidad de lluvia<\/strong> para esta jornada.<\/p>\n\n\n\n<p class=\"wp-block-paragraph\">Por esta raz\u00f3n, no se espera que las precipitaciones sean el fen\u00f3meno predominante durante todo el martes. La tendencia apunta a una transici\u00f3n hacia condiciones de <strong>cielo parcialmente nublado con claros<\/strong>, acompa\u00f1ada de temperaturas que podr\u00edan alcanzar los 32 \u00b0C.<\/p>\n\n\n\n<p class=\"wp-block-paragraph\">Aun as\u00ed, quienes se movilicen durante las primeras horas deben considerar que algunas calles pueden permanecer h\u00famedas despu\u00e9s de la llovizna matutina.<\/p>\n\n\n\n<h2 class=\"wp-block-heading\"><strong>Clima de Guayaquil durante la jornada<\/strong><\/h2>\n\n\n\n<p class=\"wp-block-paragraph\">La combinaci\u00f3n de nubosidad, humedad y temperaturas elevadas ser\u00e1 caracter\u00edstica de este <strong>1 de septiembre en Guayaquil<\/strong>. El comportamiento del tiempo podr\u00eda cambiar conforme avance el d\u00eda, pasando de una ma\u00f1ana m\u00e1s cubierta a periodos con claros.<\/p>\n\n\n\n<p class=\"wp-block-paragraph\">Para quienes tienen actividades al aire libre, desplazamientos por la ciudad o jornadas laborales que comienzan temprano, resulta importante tomar en cuenta las condiciones registradas durante las primeras horas.<\/p>\n\n\n\n<p class=\"wp-block-paragraph\">Con una <strong>temperatura m\u00ednima cercana a los 25 \u00b0C y una m\u00e1xima de hasta 32 \u00b0C<\/strong>, la jornada mantendr\u00e1 un ambiente c\u00e1lido pese al inicio nublado y a la ligera lluvia registrada en determinados sectores.<\/p>\n\n\n\n<h2 class=\"wp-block-heading\"><strong>Pron\u00f3stico del tiempo en Guayaquil para este martes<\/strong><\/h2>\n\n\n\n<p class=\"wp-block-paragraph\">El panorama previsto para Guayaquil este martes 1 de septiembre puede resumirse en tres caracter\u00edsticas principales: <strong>ma\u00f1ana con presencia de nubosidad, baja probabilidad de lluvia y temperaturas de hasta 32 \u00b0C<\/strong>.<\/p>\n\n\n\n<p class=\"wp-block-paragraph\">La llovizna observada temprano forma parte de las condiciones variables que pueden presentarse en la ciudad, mientras que el pron\u00f3stico general apunta a una jornada con intervalos de nubosidad y claros.<\/p>\n\n\n\n<p class=\"wp-block-paragraph\">Los habitantes de Guayaquil deber\u00e1n considerar especialmente el comportamiento del clima durante las primeras horas, cuando se registraron precipitaciones ligeras en sectores del norte, y durante la tarde, cuando las temperaturas podr\u00edan acercarse a su valor m\u00e1ximo previsto.<\/p>\n\n\n\n<h3 class=\"wp-block-heading\"><strong>Datos principales del clima en Guayaquil este 1 de septiembre<\/strong><\/h3>\n\n\n\n<p class=\"wp-block-paragraph\"><strong>Temperatura m\u00e1xima:<\/strong> 32 \u00b0C aproximadamente.<\/p>\n\n\n\n<p class=\"wp-block-paragraph\"><strong>Fecha:<\/strong> martes 1 de septiembre.<\/p>\n\n\n\n<p class=\"wp-block-paragraph\"><strong>Condici\u00f3n inicial:<\/strong> llovizna ligera en algunos sectores.<\/p>\n\n\n\n<p class=\"wp-block-paragraph\"><strong>Sectores con lluvia:<\/strong> autopista Narcisa de Jes\u00fas, Los Vergeles y parte de la avenida de las Am\u00e9ricas.<\/p>\n\n\n\n<p class=\"wp-block-paragraph\"><strong>Centro de Guayaquil:<\/strong> cielo nublado durante las primeras horas.<\/p>\n\n\n\n<p class=\"wp-block-paragraph\"><strong>Pron\u00f3stico general:<\/strong> cielo parcialmente nublado con claros.<\/p>\n\n\n\n<p class=\"wp-block-paragraph\"><strong>Probabilidad de lluvia:<\/strong> baja.<\/p>\n\n\n\n<p class=\"wp-block-paragraph\"><strong>Temperatura m\u00ednima:<\/strong> 25 \u00b0C aproximadamente.<\/p>\n\n\n\n<p class=\"wp-block-paragraph\"><strong>Fecha:<\/strong> martes 1 de septiembre.<\/p>\n\n\n\n<p class=\"wp-block-paragraph\"><strong>Condici\u00f3n inicial:<\/strong> llovizna ligera en algunos sectores.<\/p>\n\n\n\n<p class=\"wp-block-paragraph\"><strong>Sectores con lluvia:<\/strong> autopista Narcisa de Jes\u00fas, Los Vergeles y parte de la avenida de las Am\u00e9ricas.<\/p>\n\n\n\n<p class=\"wp-block-paragraph\"><strong>Centro de Guayaquil:<\/strong> cielo nublado durante las primeras horas.<\/p>\n\n\n\n<p class=\"wp-block-paragraph\"><strong>Pron\u00f3stico general:<\/strong> cielo parcialmente nublado con claros.<\/p>\n\n\n\n<p class=\"wp-block-paragraph\"><strong>Probabilidad de lluvia:<\/strong> baja.<\/p>\n\n\n\n<p class=\"wp-block-paragraph\"><strong>Temperatura m\u00ednima:<\/strong> 25 \u00b0C aproximadamente.<\/p>\n\n\n\n<p class=\"wp-block-paragraph\"><\/p>\n","protected":false},"excerpt":{"rendered":"<p>Guayaquil amaneci\u00f3 este martes 1 de septiembre con una ligera llovizna en varios sectores de la ciudad, principalmente durante las primeras horas de la ma\u00f1ana. El cambio en las condiciones atmosf\u00e9ricas se present\u00f3 mientras buena parte de la poblaci\u00f3n iniciaba sus actividades diarias y gener\u00f3 calles h\u00famedas y un cielo mayormente nublado en diferentes zonas. [&hellip;]<\/p>\n","protected":false},"author":1,"featured_media":31791,"comment_status":"open","ping_status":"open","sticky":false,"template":"","format":"standard","meta":{"footnotes":""},"categories":[179,51],"tags":[],"class_list":["post-31790","post","type-post","status-publish","format-standard","has-post-thumbnail","hentry","category-guayaquil","category-sucesos"],"yoast_head":"<!-- This site is optimized with the Yoast SEO plugin v28.3 - https:\/\/yoast.com\/product\/yoast-seo-wordpress\/ -->\n<title>Guayaquil amaneci\u00f3 con llovizna: as\u00ed estar\u00e1 el clima este 1 de septiembre - 92.5 FOREVER Radio<\/title>\n<meta name=\"description\" content=\"Guayaquil amaneci\u00f3 con llovizna este 1 de septiembre. Conoce el pron\u00f3stico del tiempo, la probabilidad de lluvia y las temperaturas\" \/>\n<meta name=\"robots\" content=\"index, follow, max-snippet:-1, max-image-preview:large, max-video-preview:-1\" \/>\n<link rel=\"canonical\" href=\"https:\/\/foreverfutbol.com.ec\/radio\/guayaquil\/guayaquil-amanecio-con-llovizna-asi-estara-el-clima-este-1-de-septiembre\/\" \/>\n<meta property=\"og:locale\" content=\"es_ES\" \/>\n<meta property=\"og:type\" content=\"article\" \/>\n<meta property=\"og:title\" content=\"Guayaquil amaneci\u00f3 con llovizna: as\u00ed estar\u00e1 el clima este 1 de septiembre - 92.5 FOREVER Radio\" \/>\n<meta property=\"og:description\" content=\"Guayaquil amaneci\u00f3 con llovizna este 1 de septiembre. Conoce el pron\u00f3stico del tiempo, la probabilidad de lluvia y las temperaturas\" \/>\n<meta property=\"og:url\" content=\"https:\/\/foreverfutbol.com.ec\/radio\/guayaquil\/guayaquil-amanecio-con-llovizna-asi-estara-el-clima-este-1-de-septiembre\/\" \/>\n<meta property=\"og:site_name\" content=\"92.5 FOREVER Radio\" \/>\n<meta property=\"article:publisher\" content=\"https:\/\/www.facebook.com\/profile.php?id=100063550693491\" \/>\n<meta property=\"article:published_time\" content=\"2026-09-01T17:18:39+00:00\" \/>\n<meta property=\"article:modified_time\" content=\"2026-09-01T17:21:53+00:00\" \/>\n<meta name=\"author\" content=\"Ricardo Rodriguez\" \/>\n<meta name=\"twitter:card\" content=\"summary_large_image\" \/>\n<meta name=\"twitter:creator\" content=\"@925forever\" \/>\n<meta name=\"twitter:site\" content=\"@925forever\" \/>\n<meta name=\"twitter:label1\" content=\"Escrito por\" \/>\n\t<meta name=\"twitter:data1\" content=\"Ricardo Rodriguez\" \/>\n\t<meta name=\"twitter:label2\" content=\"Tiempo de lectura\" \/>\n\t<meta name=\"twitter:data2\" content=\"9 minutos\" \/>\n<script type=\"application\/ld+json\" class=\"yoast-schema-graph\">{\"@context\":\"https:\\\/\\\/schema.org\",\"@graph\":[{\"@type\":\"Article\",\"@id\":\"https:\\\/\\\/foreverfutbol.com.ec\\\/radio\\\/guayaquil\\\/guayaquil-amanecio-con-llovizna-asi-estara-el-clima-este-1-de-septiembre\\\/#article\",\"isPartOf\":{\"@id\":\"https:\\\/\\\/foreverfutbol.com.ec\\\/radio\\\/guayaquil\\\/guayaquil-amanecio-con-llovizna-asi-estara-el-clima-este-1-de-septiembre\\\/\"},\"author\":{\"name\":\"Ricardo Rodriguez\",\"@id\":\"https:\\\/\\\/foreverfutbol.com.ec\\\/radio\\\/#\\\/schema\\\/person\\\/2f679dd16f889ac00df6e7b648062a01\"},\"headline\":\"Guayaquil amaneci\u00f3 con llovizna: as\u00ed estar\u00e1 el clima este 1 de septiembre\",\"datePublished\":\"2026-09-01T17:18:39+00:00\",\"dateModified\":\"2026-09-01T17:21:53+00:00\",\"mainEntityOfPage\":{\"@id\":\"https:\\\/\\\/foreverfutbol.com.ec\\\/radio\\\/guayaquil\\\/guayaquil-amanecio-con-llovizna-asi-estara-el-clima-este-1-de-septiembre\\\/\"},\"wordCount\":1903,\"commentCount\":0,\"publisher\":{\"@id\":\"https:\\\/\\\/foreverfutbol.com.ec\\\/radio\\\/#organization\"},\"image\":{\"@id\":\"https:\\\/\\\/foreverfutbol.com.ec\\\/radio\\\/guayaquil\\\/guayaquil-amanecio-con-llovizna-asi-estara-el-clima-este-1-de-septiembre\\\/#primaryimage\"},\"thumbnailUrl\":\"https:\\\/\\\/foreverfutbol.com.ec\\\/radio\\\/wp-content\\\/uploads\\\/2026\\\/09\\\/CA4UQ43IO5GUVE3Y4ELHSSF3RQ.avif\",\"articleSection\":[\"Guayaquil\",\"Sucesos\"],\"inLanguage\":\"es\",\"potentialAction\":[{\"@type\":\"CommentAction\",\"name\":\"Comment\",\"target\":[\"https:\\\/\\\/foreverfutbol.com.ec\\\/radio\\\/guayaquil\\\/guayaquil-amanecio-con-llovizna-asi-estara-el-clima-este-1-de-septiembre\\\/#respond\"]}]},{\"@type\":\"WebPage\",\"@id\":\"https:\\\/\\\/foreverfutbol.com.ec\\\/radio\\\/guayaquil\\\/guayaquil-amanecio-con-llovizna-asi-estara-el-clima-este-1-de-septiembre\\\/\",\"url\":\"https:\\\/\\\/foreverfutbol.com.ec\\\/radio\\\/guayaquil\\\/guayaquil-amanecio-con-llovizna-asi-estara-el-clima-este-1-de-septiembre\\\/\",\"name\":\"Guayaquil amaneci\u00f3 con llovizna: as\u00ed estar\u00e1 el clima este 1 de septiembre - 92.5 FOREVER Radio\",\"isPartOf\":{\"@id\":\"https:\\\/\\\/foreverfutbol.com.ec\\\/radio\\\/#website\"},\"primaryImageOfPage\":{\"@id\":\"https:\\\/\\\/foreverfutbol.com.ec\\\/radio\\\/guayaquil\\\/guayaquil-amanecio-con-llovizna-asi-estara-el-clima-este-1-de-septiembre\\\/#primaryimage\"},\"image\":{\"@id\":\"https:\\\/\\\/foreverfutbol.com.ec\\\/radio\\\/guayaquil\\\/guayaquil-amanecio-con-llovizna-asi-estara-el-clima-este-1-de-septiembre\\\/#primaryimage\"},\"thumbnailUrl\":\"https:\\\/\\\/foreverfutbol.com.ec\\\/radio\\\/wp-content\\\/uploads\\\/2026\\\/09\\\/CA4UQ43IO5GUVE3Y4ELHSSF3RQ.avif\",\"datePublished\":\"2026-09-01T17:18:39+00:00\",\"dateModified\":\"2026-09-01T17:21:53+00:00\",\"description\":\"Guayaquil amaneci\u00f3 con llovizna este 1 de septiembre. Conoce el pron\u00f3stico del tiempo, la probabilidad de lluvia y las temperaturas\",\"breadcrumb\":{\"@id\":\"https:\\\/\\\/foreverfutbol.com.ec\\\/radio\\\/guayaquil\\\/guayaquil-amanecio-con-llovizna-asi-estara-el-clima-este-1-de-septiembre\\\/#breadcrumb\"},\"inLanguage\":\"es\",\"potentialAction\":[{\"@type\":\"ReadAction\",\"target\":[\"https:\\\/\\\/foreverfutbol.com.ec\\\/radio\\\/guayaquil\\\/guayaquil-amanecio-con-llovizna-asi-estara-el-clima-este-1-de-septiembre\\\/\"]}]},{\"@type\":\"ImageObject\",\"inLanguage\":\"es\",\"@id\":\"https:\\\/\\\/foreverfutbol.com.ec\\\/radio\\\/guayaquil\\\/guayaquil-amanecio-con-llovizna-asi-estara-el-clima-este-1-de-septiembre\\\/#primaryimage\",\"url\":\"https:\\\/\\\/foreverfutbol.com.ec\\\/radio\\\/wp-content\\\/uploads\\\/2026\\\/09\\\/CA4UQ43IO5GUVE3Y4ELHSSF3RQ.avif\",\"contentUrl\":\"https:\\\/\\\/foreverfutbol.com.ec\\\/radio\\\/wp-content\\\/uploads\\\/2026\\\/09\\\/CA4UQ43IO5GUVE3Y4ELHSSF3RQ.avif\",\"width\":1192,\"height\":670,\"caption\":\"Guayaquil amaneci\u00f3 con llovizna: as\u00ed estar\u00e1 el clima este 1 de septiembre\"},{\"@type\":\"BreadcrumbList\",\"@id\":\"https:\\\/\\\/foreverfutbol.com.ec\\\/radio\\\/guayaquil\\\/guayaquil-amanecio-con-llovizna-asi-estara-el-clima-este-1-de-septiembre\\\/#breadcrumb\",\"itemListElement\":[{\"@type\":\"ListItem\",\"position\":1,\"name\":\"Portada\",\"item\":\"https:\\\/\\\/foreverfutbol.com.ec\\\/radio\\\/\"},{\"@type\":\"ListItem\",\"position\":2,\"name\":\"Guayaquil amaneci\u00f3 con llovizna: as\u00ed estar\u00e1 el clima este 1 de septiembre\"}]},{\"@type\":\"WebSite\",\"@id\":\"https:\\\/\\\/foreverfutbol.com.ec\\\/radio\\\/#website\",\"url\":\"https:\\\/\\\/foreverfutbol.com.ec\\\/radio\\\/\",\"name\":\"92.5 FOREVER Radio\",\"description\":\"\",\"publisher\":{\"@id\":\"https:\\\/\\\/foreverfutbol.com.ec\\\/radio\\\/#organization\"},\"potentialAction\":[{\"@type\":\"SearchAction\",\"target\":{\"@type\":\"EntryPoint\",\"urlTemplate\":\"https:\\\/\\\/foreverfutbol.com.ec\\\/radio\\\/?s={search_term_string}\"},\"query-input\":{\"@type\":\"PropertyValueSpecification\",\"valueRequired\":true,\"valueName\":\"search_term_string\"}}],\"inLanguage\":\"es\"},{\"@type\":\"Organization\",\"@id\":\"https:\\\/\\\/foreverfutbol.com.ec\\\/radio\\\/#organization\",\"name\":\"92.5 FOREVER Radio\",\"url\":\"https:\\\/\\\/foreverfutbol.com.ec\\\/radio\\\/\",\"logo\":{\"@type\":\"ImageObject\",\"inLanguage\":\"es\",\"@id\":\"https:\\\/\\\/foreverfutbol.com.ec\\\/radio\\\/#\\\/schema\\\/logo\\\/image\\\/\",\"url\":\"https:\\\/\\\/foreverfutbol.com.ec\\\/radio\\\/wp-content\\\/uploads\\\/2024\\\/01\\\/cropped-logo-forever.png\",\"contentUrl\":\"https:\\\/\\\/foreverfutbol.com.ec\\\/radio\\\/wp-content\\\/uploads\\\/2024\\\/01\\\/cropped-logo-forever.png\",\"width\":180,\"height\":154,\"caption\":\"92.5 FOREVER Radio\"},\"image\":{\"@id\":\"https:\\\/\\\/foreverfutbol.com.ec\\\/radio\\\/#\\\/schema\\\/logo\\\/image\\\/\"},\"sameAs\":[\"https:\\\/\\\/www.facebook.com\\\/profile.php?id=100063550693491\",\"https:\\\/\\\/x.com\\\/925forever\",\"https:\\\/\\\/www.instagram.com\\\/radioforever925\\\/\"]},{\"@type\":\"Person\",\"@id\":\"https:\\\/\\\/foreverfutbol.com.ec\\\/radio\\\/#\\\/schema\\\/person\\\/2f679dd16f889ac00df6e7b648062a01\",\"name\":\"Ricardo Rodriguez\",\"image\":{\"@type\":\"ImageObject\",\"inLanguage\":\"es\",\"@id\":\"https:\\\/\\\/secure.gravatar.com\\\/avatar\\\/5d9dfb95700bd0c503ed088d29de94822b5cc66a74cb0362774e6fc534823d07?s=96&d=mm&r=g\",\"url\":\"https:\\\/\\\/secure.gravatar.com\\\/avatar\\\/5d9dfb95700bd0c503ed088d29de94822b5cc66a74cb0362774e6fc534823d07?s=96&d=mm&r=g\",\"contentUrl\":\"https:\\\/\\\/secure.gravatar.com\\\/avatar\\\/5d9dfb95700bd0c503ed088d29de94822b5cc66a74cb0362774e6fc534823d07?s=96&d=mm&r=g\",\"caption\":\"Ricardo Rodriguez\"},\"sameAs\":[\"https:\\\/\\\/foreverfutbol.com.ec\\\/radio\"],\"url\":\"https:\\\/\\\/foreverfutbol.com.ec\\\/radio\\\/author\\\/superdmin\\\/\"}]}<\/script>\n<!-- \/ Yoast SEO plugin. -->","yoast_head_json":{"title":"Guayaquil amaneci\u00f3 con llovizna: as\u00ed estar\u00e1 el clima este 1 de septiembre - 92.5 FOREVER Radio","description":"Guayaquil amaneci\u00f3 con llovizna este 1 de septiembre. Conoce el pron\u00f3stico del tiempo, la probabilidad de lluvia y las temperaturas","robots":{"index":"index","follow":"follow","max-snippet":"max-snippet:-1","max-image-preview":"max-image-preview:large","max-video-preview":"max-video-preview:-1"},"canonical":"https:\/\/foreverfutbol.com.ec\/radio\/guayaquil\/guayaquil-amanecio-con-llovizna-asi-estara-el-clima-este-1-de-septiembre\/","og_locale":"es_ES","og_type":"article","og_title":"Guayaquil amaneci\u00f3 con llovizna: as\u00ed estar\u00e1 el clima este 1 de septiembre - 92.5 FOREVER Radio","og_description":"Guayaquil amaneci\u00f3 con llovizna este 1 de septiembre. Conoce el pron\u00f3stico del tiempo, la probabilidad de lluvia y las temperaturas","og_url":"https:\/\/foreverfutbol.com.ec\/radio\/guayaquil\/guayaquil-amanecio-con-llovizna-asi-estara-el-clima-este-1-de-septiembre\/","og_site_name":"92.5 FOREVER Radio","article_publisher":"https:\/\/www.facebook.com\/profile.php?id=100063550693491","article_published_time":"2026-09-01T17:18:39+00:00","article_modified_time":"2026-09-01T17:21:53+00:00","author":"Ricardo Rodriguez","twitter_card":"summary_large_image","twitter_creator":"@925forever","twitter_site":"@925forever","twitter_misc":{"Escrito por":"Ricardo Rodriguez","Tiempo de lectura":"9 minutos"},"schema":{"@context":"https:\/\/schema.org","@graph":[{"@type":"Article","@id":"https:\/\/foreverfutbol.com.ec\/radio\/guayaquil\/guayaquil-amanecio-con-llovizna-asi-estara-el-clima-este-1-de-septiembre\/#article","isPartOf":{"@id":"https:\/\/foreverfutbol.com.ec\/radio\/guayaquil\/guayaquil-amanecio-con-llovizna-asi-estara-el-clima-este-1-de-septiembre\/"},"author":{"name":"Ricardo Rodriguez","@id":"https:\/\/foreverfutbol.com.ec\/radio\/#\/schema\/person\/2f679dd16f889ac00df6e7b648062a01"},"headline":"Guayaquil amaneci\u00f3 con llovizna: as\u00ed estar\u00e1 el clima este 1 de septiembre","datePublished":"2026-09-01T17:18:39+00:00","dateModified":"2026-09-01T17:21:53+00:00","mainEntityOfPage":{"@id":"https:\/\/foreverfutbol.com.ec\/radio\/guayaquil\/guayaquil-amanecio-con-llovizna-asi-estara-el-clima-este-1-de-septiembre\/"},"wordCount":1903,"commentCount":0,"publisher":{"@id":"https:\/\/foreverfutbol.com.ec\/radio\/#organization"},"image":{"@id":"https:\/\/foreverfutbol.com.ec\/radio\/guayaquil\/guayaquil-amanecio-con-llovizna-asi-estara-el-clima-este-1-de-septiembre\/#primaryimage"},"thumbnailUrl":"https:\/\/foreverfutbol.com.ec\/radio\/wp-content\/uploads\/2026\/09\/CA4UQ43IO5GUVE3Y4ELHSSF3RQ.avif","articleSection":["Guayaquil","Sucesos"],"inLanguage":"es","potentialAction":[{"@type":"CommentAction","name":"Comment","target":["https:\/\/foreverfutbol.com.ec\/radio\/guayaquil\/guayaquil-amanecio-con-llovizna-asi-estara-el-clima-este-1-de-septiembre\/#respond"]}]},{"@type":"WebPage","@id":"https:\/\/foreverfutbol.com.ec\/radio\/guayaquil\/guayaquil-amanecio-con-llovizna-asi-estara-el-clima-este-1-de-septiembre\/","url":"https:\/\/foreverfutbol.com.ec\/radio\/guayaquil\/guayaquil-amanecio-con-llovizna-asi-estara-el-clima-este-1-de-septiembre\/","name":"Guayaquil amaneci\u00f3 con llovizna: as\u00ed estar\u00e1 el clima este 1 de septiembre - 92.5 FOREVER Radio","isPartOf":{"@id":"https:\/\/foreverfutbol.com.ec\/radio\/#website"},"primaryImageOfPage":{"@id":"https:\/\/foreverfutbol.com.ec\/radio\/guayaquil\/guayaquil-amanecio-con-llovizna-asi-estara-el-clima-este-1-de-septiembre\/#primaryimage"},"image":{"@id":"https:\/\/foreverfutbol.com.ec\/radio\/guayaquil\/guayaquil-amanecio-con-llovizna-asi-estara-el-clima-este-1-de-septiembre\/#primaryimage"},"thumbnailUrl":"https:\/\/foreverfutbol.com.ec\/radio\/wp-content\/uploads\/2026\/09\/CA4UQ43IO5GUVE3Y4ELHSSF3RQ.avif","datePublished":"2026-09-01T17:18:39+00:00","dateModified":"2026-09-01T17:21:53+00:00","description":"Guayaquil amaneci\u00f3 con llovizna este 1 de septiembre. Conoce el pron\u00f3stico del tiempo, la probabilidad de lluvia y las temperaturas","breadcrumb":{"@id":"https:\/\/foreverfutbol.com.ec\/radio\/guayaquil\/guayaquil-amanecio-con-llovizna-asi-estara-el-clima-este-1-de-septiembre\/#breadcrumb"},"inLanguage":"es","potentialAction":[{"@type":"ReadAction","target":["https:\/\/foreverfutbol.com.ec\/radio\/guayaquil\/guayaquil-amanecio-con-llovizna-asi-estara-el-clima-este-1-de-septiembre\/"]}]},{"@type":"ImageObject","inLanguage":"es","@id":"https:\/\/foreverfutbol.com.ec\/radio\/guayaquil\/guayaquil-amanecio-con-llovizna-asi-estara-el-clima-este-1-de-septiembre\/#primaryimage","url":"https:\/\/foreverfutbol.com.ec\/radio\/wp-content\/uploads\/2026\/09\/CA4UQ43IO5GUVE3Y4ELHSSF3RQ.avif","contentUrl":"https:\/\/foreverfutbol.com.ec\/radio\/wp-content\/uploads\/2026\/09\/CA4UQ43IO5GUVE3Y4ELHSSF3RQ.avif","width":1192,"height":670,"caption":"Guayaquil amaneci\u00f3 con llovizna: as\u00ed estar\u00e1 el clima este 1 de septiembre"},{"@type":"BreadcrumbList","@id":"https:\/\/foreverfutbol.com.ec\/radio\/guayaquil\/guayaquil-amanecio-con-llovizna-asi-estara-el-clima-este-1-de-septiembre\/#breadcrumb","itemListElement":[{"@type":"ListItem","position":1,"name":"Portada","item":"https:\/\/foreverfutbol.com.ec\/radio\/"},{"@type":"ListItem","position":2,"name":"Guayaquil amaneci\u00f3 con llovizna: as\u00ed estar\u00e1 el clima este 1 de septiembre"}]},{"@type":"WebSite","@id":"https:\/\/foreverfutbol.com.ec\/radio\/#website","url":"https:\/\/foreverfutbol.com.ec\/radio\/","name":"92.5 FOREVER Radio","description":"","publisher":{"@id":"https:\/\/foreverfutbol.com.ec\/radio\/#organization"},"potentialAction":[{"@type":"SearchAction","target":{"@type":"EntryPoint","urlTemplate":"https:\/\/foreverfutbol.com.ec\/radio\/?s={search_term_string}"},"query-input":{"@type":"PropertyValueSpecification","valueRequired":true,"valueName":"search_term_string"}}],"inLanguage":"es"},{"@type":"Organization","@id":"https:\/\/foreverfutbol.com.ec\/radio\/#organization","name":"92.5 FOREVER Radio","url":"https:\/\/foreverfutbol.com.ec\/radio\/","logo":{"@type":"ImageObject","inLanguage":"es","@id":"https:\/\/foreverfutbol.com.ec\/radio\/#\/schema\/logo\/image\/","url":"https:\/\/foreverfutbol.com.ec\/radio\/wp-content\/uploads\/2024\/01\/cropped-logo-forever.png","contentUrl":"https:\/\/foreverfutbol.com.ec\/radio\/wp-content\/uploads\/2024\/01\/cropped-logo-forever.png","width":180,"height":154,"caption":"92.5 FOREVER Radio"},"image":{"@id":"https:\/\/foreverfutbol.com.ec\/radio\/#\/schema\/logo\/image\/"},"sameAs":["https:\/\/www.facebook.com\/profile.php?id=100063550693491","https:\/\/x.com\/925forever","https:\/\/www.instagram.com\/radioforever925\/"]},{"@type":"Person","@id":"https:\/\/foreverfutbol.com.ec\/radio\/#\/schema\/person\/2f679dd16f889ac00df6e7b648062a01","name":"Ricardo Rodriguez","image":{"@type":"ImageObject","inLanguage":"es","@id":"https:\/\/secure.gravatar.com\/avatar\/5d9dfb95700bd0c503ed088d29de94822b5cc66a74cb0362774e6fc534823d07?s=96&d=mm&r=g","url":"https:\/\/secure.gravatar.com\/avatar\/5d9dfb95700bd0c503ed088d29de94822b5cc66a74cb0362774e6fc534823d07?s=96&d=mm&r=g","contentUrl":"https:\/\/secure.gravatar.com\/avatar\/5d9dfb95700bd0c503ed088d29de94822b5cc66a74cb0362774e6fc534823d07?s=96&d=mm&r=g","caption":"Ricardo Rodriguez"},"sameAs":["https:\/\/foreverfutbol.com.ec\/radio"],"url":"https:\/\/foreverfutbol.com.ec\/radio\/author\/superdmin\/"}]}},"_links":{"self":[{"href":"https:\/\/foreverfutbol.com.ec\/radio\/wp-json\/wp\/v2\/posts\/31790","targetHints":{"allow":["GET"]}}],"collection":[{"href":"https:\/\/foreverfutbol.com.ec\/radio\/wp-json\/wp\/v2\/posts"}],"about":[{"href":"https:\/\/foreverfutbol.com.ec\/radio\/wp-json\/wp\/v2\/types\/post"}],"author":[{"embeddable":true,"href":"https:\/\/foreverfutbol.com.ec\/radio\/wp-json\/wp\/v2\/users\/1"}],"replies":[{"embeddable":true,"href":"https:\/\/foreverfutbol.com.ec\/radio\/wp-json\/wp\/v2\/comments?post=31790"}],"version-history":[{"count":2,"href":"https:\/\/foreverfutbol.com.ec\/radio\/wp-json\/wp\/v2\/posts\/31790\/revisions"}],"predecessor-version":[{"id":31793,"href":"https:\/\/foreverfutbol.com.ec\/radio\/wp-json\/wp\/v2\/posts\/31790\/revisions\/31793"}],"wp:featuredmedia":[{"embeddable":true,"href":"https:\/\/foreverfutbol.com.ec\/radio\/wp-json\/wp\/v2\/media\/31791"}],"wp:attachment":[{"href":"https:\/\/foreverfutbol.com.ec\/radio\/wp-json\/wp\/v2\/media?parent=31790"}],"wp:term":[{"taxonomy":"category","embeddable":true,"href":"https:\/\/foreverfutbol.com.ec\/radio\/wp-json\/wp\/v2\/categories?post=31790"},{"taxonomy":"post_tag","embeddable":true,"href":"https:\/\/foreverfutbol.com.ec\/radio\/wp-json\/wp\/v2\/tags?post=31790"}],"curies":[{"name":"wp","href":"https:\/\/api.w.org\/{rel}","templated":true}]}}