{"id":31779,"date":"2026-08-31T16:36:12","date_gmt":"2026-08-31T21:36:12","guid":{"rendered":"https:\/\/foreverfutbol.com.ec\/radio\/?p=31779"},"modified":"2026-08-31T16:37:02","modified_gmt":"2026-08-31T21:37:02","slug":"bocca-presenta-su-nuevo-aire-con-una-experiencia-que-reune-gastronomia-arte-y-espacios-renovados","status":"publish","type":"post","link":"https:\/\/foreverfutbol.com.ec\/radio\/entretenimiento\/bocca-presenta-su-nuevo-aire-con-una-experiencia-que-reune-gastronomia-arte-y-espacios-renovados\/","title":{"rendered":"Bocca presenta su nuevo aire con una experiencia que re\u00fane gastronom\u00eda, arte y espacios renovados"},"content":{"rendered":"\n<p class=\"wp-block-paragraph\">Guayaquil, agosto de 2026. Paseo Bocca present\u00f3 su nuevo aire a trav\u00e9s de una velada que invit\u00f3 a redescubrir uno de los espacios gastron\u00f3micos y de encuentro m\u00e1s representativos de Samborond\u00f3n. La jornada permiti\u00f3 a los asistentes conocer las renovaciones del paseo y vivir una experiencia que combin\u00f3 gastronom\u00eda, arte, entretenimiento y comunidad.<\/p>\n\n\n\n<p class=\"wp-block-paragraph\">Durante el recorrido, los invitados descubrieron los nuevos espacios de Terraza El Olivo, concebida como un ambiente renovado para disfrutar de encuentros al aire libre, as\u00ed como el Edificio C, que se consolida como un nuevo punto de encuentro para el arte y la cultura con la inauguraci\u00f3n de la galer\u00eda El Atrio. La apertura estuvo acompa\u00f1ada por una exposici\u00f3n de la artista Natasha Demtchenko, primera muestra de un espacio que contar\u00e1 con la curadur\u00eda y gesti\u00f3n de expositores de Fundaci\u00f3n ProArte para sus futuras exhibiciones. El parque infantil tambi\u00e9n form\u00f3 parte de la experiencia, reafirmando el car\u00e1cter familiar que distingue a Bocca.<\/p>\n\n\n\n<p class=\"wp-block-paragraph\">Las renovaciones contaron con la participaci\u00f3n de destacados profesionales: el \u00e1rea de juegos infantiles fue dise\u00f1ada por ALM\u00cb; Terraza El Olivo fue una colaboraci\u00f3n entre Intemperie Studio y ALM\u00cb; y el Edificio C, una colaboraci\u00f3n entre la arquitecta Diana Wolsey y la ingeniera Emma Morales, de ALM\u00cb.<\/p>\n\n\n\n<p class=\"wp-block-paragraph\">Como parte de la celebraci\u00f3n, los asistentes disfrutaron de una muestra gastron\u00f3mica preparada por cinco de los restaurantes que forman parte del paseo, reflejando la diversidad culinaria que caracteriza a Bocca. La velada culmin\u00f3 con un brindis y unas palabras de Roberto Fern\u00e1ndez, quien comparti\u00f3 la visi\u00f3n detr\u00e1s de esta nueva etapa y el compromiso de continuar fortaleciendo a Bocca como un espacio donde convergen la gastronom\u00eda, la cultura y el entretenimiento.<\/p>\n\n\n\n<p class=\"wp-block-paragraph\">M\u00e1s que una renovaci\u00f3n de sus espacios, esta nueva etapa represent\u00f3 la evoluci\u00f3n de Bocca como un destino pensado para crear experiencias, promover el encuentro y ofrecer una propuesta integral para sus visitantes.<\/p>\n\n\n\n<p class=\"wp-block-paragraph\">Las novedades de esta nueva etapa pueden conocerse a trav\u00e9s de @paseobocca.<\/p>\n\n\n\n<p class=\"wp-block-paragraph\">Contacto de prensa: Diego Fuentes N. M: <a href=\"mailto:diego.fuentes@parachute.com.ec\">diego.fuentes@parachute.com.ec<\/a> T: 0994701196<\/p>\n","protected":false},"excerpt":{"rendered":"<p>Guayaquil, agosto de 2026. Paseo Bocca present\u00f3 su nuevo aire a trav\u00e9s de una velada que invit\u00f3 a redescubrir uno de los espacios gastron\u00f3micos y de encuentro m\u00e1s representativos de Samborond\u00f3n. La jornada permiti\u00f3 a los asistentes conocer las renovaciones del paseo y vivir una experiencia que combin\u00f3 gastronom\u00eda, arte, entretenimiento y comunidad. Durante el [&hellip;]<\/p>\n","protected":false},"author":1,"featured_media":31780,"comment_status":"open","ping_status":"open","sticky":false,"template":"","format":"standard","meta":{"footnotes":""},"categories":[146],"tags":[],"class_list":["post-31779","post","type-post","status-publish","format-standard","has-post-thumbnail","hentry","category-entretenimiento"],"yoast_head":"<!-- This site is optimized with the Yoast SEO plugin v28.3 - https:\/\/yoast.com\/product\/yoast-seo-wordpress\/ -->\n<title>Bocca presenta su nuevo aire con una experiencia que re\u00fane gastronom\u00eda, arte y espacios renovados - 92.5 FOREVER Radio<\/title>\n<meta name=\"robots\" content=\"index, follow, max-snippet:-1, max-image-preview:large, max-video-preview:-1\" \/>\n<link rel=\"canonical\" href=\"https:\/\/foreverfutbol.com.ec\/radio\/entretenimiento\/bocca-presenta-su-nuevo-aire-con-una-experiencia-que-reune-gastronomia-arte-y-espacios-renovados\/\" \/>\n<meta property=\"og:locale\" content=\"es_ES\" \/>\n<meta property=\"og:type\" content=\"article\" \/>\n<meta property=\"og:title\" content=\"Bocca presenta su nuevo aire con una experiencia que re\u00fane gastronom\u00eda, arte y espacios renovados - 92.5 FOREVER Radio\" \/>\n<meta property=\"og:description\" content=\"Guayaquil, agosto de 2026. Paseo Bocca present\u00f3 su nuevo aire a trav\u00e9s de una velada que invit\u00f3 a redescubrir uno de los espacios gastron\u00f3micos y de encuentro m\u00e1s representativos de Samborond\u00f3n. La jornada permiti\u00f3 a los asistentes conocer las renovaciones del paseo y vivir una experiencia que combin\u00f3 gastronom\u00eda, arte, entretenimiento y comunidad. Durante el [&hellip;]\" \/>\n<meta property=\"og:url\" content=\"https:\/\/foreverfutbol.com.ec\/radio\/entretenimiento\/bocca-presenta-su-nuevo-aire-con-una-experiencia-que-reune-gastronomia-arte-y-espacios-renovados\/\" \/>\n<meta property=\"og:site_name\" content=\"92.5 FOREVER Radio\" \/>\n<meta property=\"article:publisher\" content=\"https:\/\/www.facebook.com\/profile.php?id=100063550693491\" \/>\n<meta property=\"article:published_time\" content=\"2026-08-31T21:36:12+00:00\" \/>\n<meta property=\"article:modified_time\" content=\"2026-08-31T21:37:02+00:00\" \/>\n<meta property=\"og:image\" content=\"https:\/\/foreverfutbol.com.ec\/radio\/wp-content\/uploads\/2026\/08\/IMG_9108.JPG-1-scaled.jpeg\" \/>\n\t<meta property=\"og:image:width\" content=\"2560\" \/>\n\t<meta property=\"og:image:height\" content=\"1440\" \/>\n\t<meta property=\"og:image:type\" content=\"image\/jpeg\" \/>\n<meta name=\"author\" content=\"Ricardo Rodriguez\" \/>\n<meta name=\"twitter:card\" content=\"summary_large_image\" \/>\n<meta name=\"twitter:creator\" content=\"@925forever\" \/>\n<meta name=\"twitter:site\" content=\"@925forever\" \/>\n<meta name=\"twitter:label1\" content=\"Escrito por\" \/>\n\t<meta name=\"twitter:data1\" content=\"Ricardo Rodriguez\" \/>\n\t<meta name=\"twitter:label2\" content=\"Tiempo de lectura\" \/>\n\t<meta name=\"twitter:data2\" content=\"2 minutos\" \/>\n<script type=\"application\/ld+json\" class=\"yoast-schema-graph\">{\"@context\":\"https:\\\/\\\/schema.org\",\"@graph\":[{\"@type\":\"Article\",\"@id\":\"https:\\\/\\\/foreverfutbol.com.ec\\\/radio\\\/entretenimiento\\\/bocca-presenta-su-nuevo-aire-con-una-experiencia-que-reune-gastronomia-arte-y-espacios-renovados\\\/#article\",\"isPartOf\":{\"@id\":\"https:\\\/\\\/foreverfutbol.com.ec\\\/radio\\\/entretenimiento\\\/bocca-presenta-su-nuevo-aire-con-una-experiencia-que-reune-gastronomia-arte-y-espacios-renovados\\\/\"},\"author\":{\"name\":\"Ricardo Rodriguez\",\"@id\":\"https:\\\/\\\/foreverfutbol.com.ec\\\/radio\\\/#\\\/schema\\\/person\\\/2f679dd16f889ac00df6e7b648062a01\"},\"headline\":\"Bocca presenta su nuevo aire con una experiencia que re\u00fane gastronom\u00eda, arte y espacios renovados\",\"datePublished\":\"2026-08-31T21:36:12+00:00\",\"dateModified\":\"2026-08-31T21:37:02+00:00\",\"mainEntityOfPage\":{\"@id\":\"https:\\\/\\\/foreverfutbol.com.ec\\\/radio\\\/entretenimiento\\\/bocca-presenta-su-nuevo-aire-con-una-experiencia-que-reune-gastronomia-arte-y-espacios-renovados\\\/\"},\"wordCount\":377,\"commentCount\":0,\"publisher\":{\"@id\":\"https:\\\/\\\/foreverfutbol.com.ec\\\/radio\\\/#organization\"},\"image\":{\"@id\":\"https:\\\/\\\/foreverfutbol.com.ec\\\/radio\\\/entretenimiento\\\/bocca-presenta-su-nuevo-aire-con-una-experiencia-que-reune-gastronomia-arte-y-espacios-renovados\\\/#primaryimage\"},\"thumbnailUrl\":\"https:\\\/\\\/foreverfutbol.com.ec\\\/radio\\\/wp-content\\\/uploads\\\/2026\\\/08\\\/IMG_9108.JPG-1-scaled.jpeg\",\"articleSection\":[\"Entretenimiento\"],\"inLanguage\":\"es\",\"potentialAction\":[{\"@type\":\"CommentAction\",\"name\":\"Comment\",\"target\":[\"https:\\\/\\\/foreverfutbol.com.ec\\\/radio\\\/entretenimiento\\\/bocca-presenta-su-nuevo-aire-con-una-experiencia-que-reune-gastronomia-arte-y-espacios-renovados\\\/#respond\"]}]},{\"@type\":\"WebPage\",\"@id\":\"https:\\\/\\\/foreverfutbol.com.ec\\\/radio\\\/entretenimiento\\\/bocca-presenta-su-nuevo-aire-con-una-experiencia-que-reune-gastronomia-arte-y-espacios-renovados\\\/\",\"url\":\"https:\\\/\\\/foreverfutbol.com.ec\\\/radio\\\/entretenimiento\\\/bocca-presenta-su-nuevo-aire-con-una-experiencia-que-reune-gastronomia-arte-y-espacios-renovados\\\/\",\"name\":\"Bocca presenta su nuevo aire con una experiencia que re\u00fane gastronom\u00eda, arte y espacios renovados - 92.5 FOREVER Radio\",\"isPartOf\":{\"@id\":\"https:\\\/\\\/foreverfutbol.com.ec\\\/radio\\\/#website\"},\"primaryImageOfPage\":{\"@id\":\"https:\\\/\\\/foreverfutbol.com.ec\\\/radio\\\/entretenimiento\\\/bocca-presenta-su-nuevo-aire-con-una-experiencia-que-reune-gastronomia-arte-y-espacios-renovados\\\/#primaryimage\"},\"image\":{\"@id\":\"https:\\\/\\\/foreverfutbol.com.ec\\\/radio\\\/entretenimiento\\\/bocca-presenta-su-nuevo-aire-con-una-experiencia-que-reune-gastronomia-arte-y-espacios-renovados\\\/#primaryimage\"},\"thumbnailUrl\":\"https:\\\/\\\/foreverfutbol.com.ec\\\/radio\\\/wp-content\\\/uploads\\\/2026\\\/08\\\/IMG_9108.JPG-1-scaled.jpeg\",\"datePublished\":\"2026-08-31T21:36:12+00:00\",\"dateModified\":\"2026-08-31T21:37:02+00:00\",\"breadcrumb\":{\"@id\":\"https:\\\/\\\/foreverfutbol.com.ec\\\/radio\\\/entretenimiento\\\/bocca-presenta-su-nuevo-aire-con-una-experiencia-que-reune-gastronomia-arte-y-espacios-renovados\\\/#breadcrumb\"},\"inLanguage\":\"es\",\"potentialAction\":[{\"@type\":\"ReadAction\",\"target\":[\"https:\\\/\\\/foreverfutbol.com.ec\\\/radio\\\/entretenimiento\\\/bocca-presenta-su-nuevo-aire-con-una-experiencia-que-reune-gastronomia-arte-y-espacios-renovados\\\/\"]}]},{\"@type\":\"ImageObject\",\"inLanguage\":\"es\",\"@id\":\"https:\\\/\\\/foreverfutbol.com.ec\\\/radio\\\/entretenimiento\\\/bocca-presenta-su-nuevo-aire-con-una-experiencia-que-reune-gastronomia-arte-y-espacios-renovados\\\/#primaryimage\",\"url\":\"https:\\\/\\\/foreverfutbol.com.ec\\\/radio\\\/wp-content\\\/uploads\\\/2026\\\/08\\\/IMG_9108.JPG-1-scaled.jpeg\",\"contentUrl\":\"https:\\\/\\\/foreverfutbol.com.ec\\\/radio\\\/wp-content\\\/uploads\\\/2026\\\/08\\\/IMG_9108.JPG-1-scaled.jpeg\",\"width\":2560,\"height\":1440,\"caption\":\"Bocca presenta su nuevo aire con una experiencia que re\u00fane gastronom\u00eda, arte y espacios renovados\"},{\"@type\":\"BreadcrumbList\",\"@id\":\"https:\\\/\\\/foreverfutbol.com.ec\\\/radio\\\/entretenimiento\\\/bocca-presenta-su-nuevo-aire-con-una-experiencia-que-reune-gastronomia-arte-y-espacios-renovados\\\/#breadcrumb\",\"itemListElement\":[{\"@type\":\"ListItem\",\"position\":1,\"name\":\"Portada\",\"item\":\"https:\\\/\\\/foreverfutbol.com.ec\\\/radio\\\/\"},{\"@type\":\"ListItem\",\"position\":2,\"name\":\"Bocca presenta su nuevo aire con una experiencia que re\u00fane gastronom\u00eda, arte y espacios renovados\"}]},{\"@type\":\"WebSite\",\"@id\":\"https:\\\/\\\/foreverfutbol.com.ec\\\/radio\\\/#website\",\"url\":\"https:\\\/\\\/foreverfutbol.com.ec\\\/radio\\\/\",\"name\":\"92.5 FOREVER Radio\",\"description\":\"\",\"publisher\":{\"@id\":\"https:\\\/\\\/foreverfutbol.com.ec\\\/radio\\\/#organization\"},\"potentialAction\":[{\"@type\":\"SearchAction\",\"target\":{\"@type\":\"EntryPoint\",\"urlTemplate\":\"https:\\\/\\\/foreverfutbol.com.ec\\\/radio\\\/?s={search_term_string}\"},\"query-input\":{\"@type\":\"PropertyValueSpecification\",\"valueRequired\":true,\"valueName\":\"search_term_string\"}}],\"inLanguage\":\"es\"},{\"@type\":\"Organization\",\"@id\":\"https:\\\/\\\/foreverfutbol.com.ec\\\/radio\\\/#organization\",\"name\":\"92.5 FOREVER Radio\",\"url\":\"https:\\\/\\\/foreverfutbol.com.ec\\\/radio\\\/\",\"logo\":{\"@type\":\"ImageObject\",\"inLanguage\":\"es\",\"@id\":\"https:\\\/\\\/foreverfutbol.com.ec\\\/radio\\\/#\\\/schema\\\/logo\\\/image\\\/\",\"url\":\"https:\\\/\\\/foreverfutbol.com.ec\\\/radio\\\/wp-content\\\/uploads\\\/2024\\\/01\\\/cropped-logo-forever.png\",\"contentUrl\":\"https:\\\/\\\/foreverfutbol.com.ec\\\/radio\\\/wp-content\\\/uploads\\\/2024\\\/01\\\/cropped-logo-forever.png\",\"width\":180,\"height\":154,\"caption\":\"92.5 FOREVER Radio\"},\"image\":{\"@id\":\"https:\\\/\\\/foreverfutbol.com.ec\\\/radio\\\/#\\\/schema\\\/logo\\\/image\\\/\"},\"sameAs\":[\"https:\\\/\\\/www.facebook.com\\\/profile.php?id=100063550693491\",\"https:\\\/\\\/x.com\\\/925forever\",\"https:\\\/\\\/www.instagram.com\\\/radioforever925\\\/\"]},{\"@type\":\"Person\",\"@id\":\"https:\\\/\\\/foreverfutbol.com.ec\\\/radio\\\/#\\\/schema\\\/person\\\/2f679dd16f889ac00df6e7b648062a01\",\"name\":\"Ricardo Rodriguez\",\"image\":{\"@type\":\"ImageObject\",\"inLanguage\":\"es\",\"@id\":\"https:\\\/\\\/secure.gravatar.com\\\/avatar\\\/5d9dfb95700bd0c503ed088d29de94822b5cc66a74cb0362774e6fc534823d07?s=96&d=mm&r=g\",\"url\":\"https:\\\/\\\/secure.gravatar.com\\\/avatar\\\/5d9dfb95700bd0c503ed088d29de94822b5cc66a74cb0362774e6fc534823d07?s=96&d=mm&r=g\",\"contentUrl\":\"https:\\\/\\\/secure.gravatar.com\\\/avatar\\\/5d9dfb95700bd0c503ed088d29de94822b5cc66a74cb0362774e6fc534823d07?s=96&d=mm&r=g\",\"caption\":\"Ricardo Rodriguez\"},\"sameAs\":[\"https:\\\/\\\/foreverfutbol.com.ec\\\/radio\"],\"url\":\"https:\\\/\\\/foreverfutbol.com.ec\\\/radio\\\/author\\\/superdmin\\\/\"}]}<\/script>\n<!-- \/ Yoast SEO plugin. -->","yoast_head_json":{"title":"Bocca presenta su nuevo aire con una experiencia que re\u00fane gastronom\u00eda, arte y espacios renovados - 92.5 FOREVER Radio","robots":{"index":"index","follow":"follow","max-snippet":"max-snippet:-1","max-image-preview":"max-image-preview:large","max-video-preview":"max-video-preview:-1"},"canonical":"https:\/\/foreverfutbol.com.ec\/radio\/entretenimiento\/bocca-presenta-su-nuevo-aire-con-una-experiencia-que-reune-gastronomia-arte-y-espacios-renovados\/","og_locale":"es_ES","og_type":"article","og_title":"Bocca presenta su nuevo aire con una experiencia que re\u00fane gastronom\u00eda, arte y espacios renovados - 92.5 FOREVER Radio","og_description":"Guayaquil, agosto de 2026. Paseo Bocca present\u00f3 su nuevo aire a trav\u00e9s de una velada que invit\u00f3 a redescubrir uno de los espacios gastron\u00f3micos y de encuentro m\u00e1s representativos de Samborond\u00f3n. La jornada permiti\u00f3 a los asistentes conocer las renovaciones del paseo y vivir una experiencia que combin\u00f3 gastronom\u00eda, arte, entretenimiento y comunidad. Durante el [&hellip;]","og_url":"https:\/\/foreverfutbol.com.ec\/radio\/entretenimiento\/bocca-presenta-su-nuevo-aire-con-una-experiencia-que-reune-gastronomia-arte-y-espacios-renovados\/","og_site_name":"92.5 FOREVER Radio","article_publisher":"https:\/\/www.facebook.com\/profile.php?id=100063550693491","article_published_time":"2026-08-31T21:36:12+00:00","article_modified_time":"2026-08-31T21:37:02+00:00","og_image":[{"width":2560,"height":1440,"url":"https:\/\/foreverfutbol.com.ec\/radio\/wp-content\/uploads\/2026\/08\/IMG_9108.JPG-1-scaled.jpeg","type":"image\/jpeg"}],"author":"Ricardo Rodriguez","twitter_card":"summary_large_image","twitter_creator":"@925forever","twitter_site":"@925forever","twitter_misc":{"Escrito por":"Ricardo Rodriguez","Tiempo de lectura":"2 minutos"},"schema":{"@context":"https:\/\/schema.org","@graph":[{"@type":"Article","@id":"https:\/\/foreverfutbol.com.ec\/radio\/entretenimiento\/bocca-presenta-su-nuevo-aire-con-una-experiencia-que-reune-gastronomia-arte-y-espacios-renovados\/#article","isPartOf":{"@id":"https:\/\/foreverfutbol.com.ec\/radio\/entretenimiento\/bocca-presenta-su-nuevo-aire-con-una-experiencia-que-reune-gastronomia-arte-y-espacios-renovados\/"},"author":{"name":"Ricardo Rodriguez","@id":"https:\/\/foreverfutbol.com.ec\/radio\/#\/schema\/person\/2f679dd16f889ac00df6e7b648062a01"},"headline":"Bocca presenta su nuevo aire con una experiencia que re\u00fane gastronom\u00eda, arte y espacios renovados","datePublished":"2026-08-31T21:36:12+00:00","dateModified":"2026-08-31T21:37:02+00:00","mainEntityOfPage":{"@id":"https:\/\/foreverfutbol.com.ec\/radio\/entretenimiento\/bocca-presenta-su-nuevo-aire-con-una-experiencia-que-reune-gastronomia-arte-y-espacios-renovados\/"},"wordCount":377,"commentCount":0,"publisher":{"@id":"https:\/\/foreverfutbol.com.ec\/radio\/#organization"},"image":{"@id":"https:\/\/foreverfutbol.com.ec\/radio\/entretenimiento\/bocca-presenta-su-nuevo-aire-con-una-experiencia-que-reune-gastronomia-arte-y-espacios-renovados\/#primaryimage"},"thumbnailUrl":"https:\/\/foreverfutbol.com.ec\/radio\/wp-content\/uploads\/2026\/08\/IMG_9108.JPG-1-scaled.jpeg","articleSection":["Entretenimiento"],"inLanguage":"es","potentialAction":[{"@type":"CommentAction","name":"Comment","target":["https:\/\/foreverfutbol.com.ec\/radio\/entretenimiento\/bocca-presenta-su-nuevo-aire-con-una-experiencia-que-reune-gastronomia-arte-y-espacios-renovados\/#respond"]}]},{"@type":"WebPage","@id":"https:\/\/foreverfutbol.com.ec\/radio\/entretenimiento\/bocca-presenta-su-nuevo-aire-con-una-experiencia-que-reune-gastronomia-arte-y-espacios-renovados\/","url":"https:\/\/foreverfutbol.com.ec\/radio\/entretenimiento\/bocca-presenta-su-nuevo-aire-con-una-experiencia-que-reune-gastronomia-arte-y-espacios-renovados\/","name":"Bocca presenta su nuevo aire con una experiencia que re\u00fane gastronom\u00eda, arte y espacios renovados - 92.5 FOREVER Radio","isPartOf":{"@id":"https:\/\/foreverfutbol.com.ec\/radio\/#website"},"primaryImageOfPage":{"@id":"https:\/\/foreverfutbol.com.ec\/radio\/entretenimiento\/bocca-presenta-su-nuevo-aire-con-una-experiencia-que-reune-gastronomia-arte-y-espacios-renovados\/#primaryimage"},"image":{"@id":"https:\/\/foreverfutbol.com.ec\/radio\/entretenimiento\/bocca-presenta-su-nuevo-aire-con-una-experiencia-que-reune-gastronomia-arte-y-espacios-renovados\/#primaryimage"},"thumbnailUrl":"https:\/\/foreverfutbol.com.ec\/radio\/wp-content\/uploads\/2026\/08\/IMG_9108.JPG-1-scaled.jpeg","datePublished":"2026-08-31T21:36:12+00:00","dateModified":"2026-08-31T21:37:02+00:00","breadcrumb":{"@id":"https:\/\/foreverfutbol.com.ec\/radio\/entretenimiento\/bocca-presenta-su-nuevo-aire-con-una-experiencia-que-reune-gastronomia-arte-y-espacios-renovados\/#breadcrumb"},"inLanguage":"es","potentialAction":[{"@type":"ReadAction","target":["https:\/\/foreverfutbol.com.ec\/radio\/entretenimiento\/bocca-presenta-su-nuevo-aire-con-una-experiencia-que-reune-gastronomia-arte-y-espacios-renovados\/"]}]},{"@type":"ImageObject","inLanguage":"es","@id":"https:\/\/foreverfutbol.com.ec\/radio\/entretenimiento\/bocca-presenta-su-nuevo-aire-con-una-experiencia-que-reune-gastronomia-arte-y-espacios-renovados\/#primaryimage","url":"https:\/\/foreverfutbol.com.ec\/radio\/wp-content\/uploads\/2026\/08\/IMG_9108.JPG-1-scaled.jpeg","contentUrl":"https:\/\/foreverfutbol.com.ec\/radio\/wp-content\/uploads\/2026\/08\/IMG_9108.JPG-1-scaled.jpeg","width":2560,"height":1440,"caption":"Bocca presenta su nuevo aire con una experiencia que re\u00fane gastronom\u00eda, arte y espacios renovados"},{"@type":"BreadcrumbList","@id":"https:\/\/foreverfutbol.com.ec\/radio\/entretenimiento\/bocca-presenta-su-nuevo-aire-con-una-experiencia-que-reune-gastronomia-arte-y-espacios-renovados\/#breadcrumb","itemListElement":[{"@type":"ListItem","position":1,"name":"Portada","item":"https:\/\/foreverfutbol.com.ec\/radio\/"},{"@type":"ListItem","position":2,"name":"Bocca presenta su nuevo aire con una experiencia que re\u00fane gastronom\u00eda, arte y espacios renovados"}]},{"@type":"WebSite","@id":"https:\/\/foreverfutbol.com.ec\/radio\/#website","url":"https:\/\/foreverfutbol.com.ec\/radio\/","name":"92.5 FOREVER Radio","description":"","publisher":{"@id":"https:\/\/foreverfutbol.com.ec\/radio\/#organization"},"potentialAction":[{"@type":"SearchAction","target":{"@type":"EntryPoint","urlTemplate":"https:\/\/foreverfutbol.com.ec\/radio\/?s={search_term_string}"},"query-input":{"@type":"PropertyValueSpecification","valueRequired":true,"valueName":"search_term_string"}}],"inLanguage":"es"},{"@type":"Organization","@id":"https:\/\/foreverfutbol.com.ec\/radio\/#organization","name":"92.5 FOREVER Radio","url":"https:\/\/foreverfutbol.com.ec\/radio\/","logo":{"@type":"ImageObject","inLanguage":"es","@id":"https:\/\/foreverfutbol.com.ec\/radio\/#\/schema\/logo\/image\/","url":"https:\/\/foreverfutbol.com.ec\/radio\/wp-content\/uploads\/2024\/01\/cropped-logo-forever.png","contentUrl":"https:\/\/foreverfutbol.com.ec\/radio\/wp-content\/uploads\/2024\/01\/cropped-logo-forever.png","width":180,"height":154,"caption":"92.5 FOREVER Radio"},"image":{"@id":"https:\/\/foreverfutbol.com.ec\/radio\/#\/schema\/logo\/image\/"},"sameAs":["https:\/\/www.facebook.com\/profile.php?id=100063550693491","https:\/\/x.com\/925forever","https:\/\/www.instagram.com\/radioforever925\/"]},{"@type":"Person","@id":"https:\/\/foreverfutbol.com.ec\/radio\/#\/schema\/person\/2f679dd16f889ac00df6e7b648062a01","name":"Ricardo Rodriguez","image":{"@type":"ImageObject","inLanguage":"es","@id":"https:\/\/secure.gravatar.com\/avatar\/5d9dfb95700bd0c503ed088d29de94822b5cc66a74cb0362774e6fc534823d07?s=96&d=mm&r=g","url":"https:\/\/secure.gravatar.com\/avatar\/5d9dfb95700bd0c503ed088d29de94822b5cc66a74cb0362774e6fc534823d07?s=96&d=mm&r=g","contentUrl":"https:\/\/secure.gravatar.com\/avatar\/5d9dfb95700bd0c503ed088d29de94822b5cc66a74cb0362774e6fc534823d07?s=96&d=mm&r=g","caption":"Ricardo Rodriguez"},"sameAs":["https:\/\/foreverfutbol.com.ec\/radio"],"url":"https:\/\/foreverfutbol.com.ec\/radio\/author\/superdmin\/"}]}},"_links":{"self":[{"href":"https:\/\/foreverfutbol.com.ec\/radio\/wp-json\/wp\/v2\/posts\/31779","targetHints":{"allow":["GET"]}}],"collection":[{"href":"https:\/\/foreverfutbol.com.ec\/radio\/wp-json\/wp\/v2\/posts"}],"about":[{"href":"https:\/\/foreverfutbol.com.ec\/radio\/wp-json\/wp\/v2\/types\/post"}],"author":[{"embeddable":true,"href":"https:\/\/foreverfutbol.com.ec\/radio\/wp-json\/wp\/v2\/users\/1"}],"replies":[{"embeddable":true,"href":"https:\/\/foreverfutbol.com.ec\/radio\/wp-json\/wp\/v2\/comments?post=31779"}],"version-history":[{"count":1,"href":"https:\/\/foreverfutbol.com.ec\/radio\/wp-json\/wp\/v2\/posts\/31779\/revisions"}],"predecessor-version":[{"id":31781,"href":"https:\/\/foreverfutbol.com.ec\/radio\/wp-json\/wp\/v2\/posts\/31779\/revisions\/31781"}],"wp:featuredmedia":[{"embeddable":true,"href":"https:\/\/foreverfutbol.com.ec\/radio\/wp-json\/wp\/v2\/media\/31780"}],"wp:attachment":[{"href":"https:\/\/foreverfutbol.com.ec\/radio\/wp-json\/wp\/v2\/media?parent=31779"}],"wp:term":[{"taxonomy":"category","embeddable":true,"href":"https:\/\/foreverfutbol.com.ec\/radio\/wp-json\/wp\/v2\/categories?post=31779"},{"taxonomy":"post_tag","embeddable":true,"href":"https:\/\/foreverfutbol.com.ec\/radio\/wp-json\/wp\/v2\/tags?post=31779"}],"curies":[{"name":"wp","href":"https:\/\/api.w.org\/{rel}","templated":true}]}}