{"id":31775,"date":"2026-08-31T12:52:40","date_gmt":"2026-08-31T17:52:40","guid":{"rendered":"https:\/\/foreverfutbol.com.ec\/radio\/?p=31775"},"modified":"2026-08-31T12:52:42","modified_gmt":"2026-08-31T17:52:42","slug":"ley-de-inteligencia-artificial-comision-recomienda-archivar-el-proyecto","status":"publish","type":"post","link":"https:\/\/foreverfutbol.com.ec\/radio\/politica\/ley-de-inteligencia-artificial-comision-recomienda-archivar-el-proyecto\/","title":{"rendered":"Ley de Inteligencia Artificial: Comisi\u00f3n recomienda archivar el proyecto"},"content":{"rendered":"\n<p class=\"wp-block-paragraph\">La Comisi\u00f3n de Educaci\u00f3n, Cultura, Ciencia, Tecnolog\u00eda e Innovaci\u00f3n de la Asamblea Nacional recomend\u00f3 al Pleno el archivo del proyecto de Ley Org\u00e1nica de Regulaci\u00f3n y Promoci\u00f3n de la Inteligencia Artificial, tras aprobar una moci\u00f3n con siete votos a favor. El informe sostiene que la propuesta presenta vac\u00edos t\u00e9cnicos, podr\u00eda generar gasto p\u00fablico y no ofrece un marco adecuado para impulsar el desarrollo tecnol\u00f3gico del pa\u00eds.<\/p>\n\n\n\n<p class=\"wp-block-paragraph\">La moci\u00f3n fue presentada por la presidenta de la Comisi\u00f3n, Cecilia Baltazar (Pachakutik), quien expuso once argumentos para justificar el archivo. Entre ellos destac\u00f3 la falta de coordinaci\u00f3n institucional entre la Secretar\u00eda de Protecci\u00f3n de Datos y el actual Ministerio de Infraestructura y Desarrollo Tecnol\u00f3gico, adem\u00e1s de la ausencia de mecanismos claros de gobernanza para la inteligencia artificial.<\/p>\n\n\n\n<p class=\"wp-block-paragraph\">Uno de los principales cuestionamientos del informe es que el proyecto implica nuevas obligaciones para el Estado, como la contrataci\u00f3n de personal especializado, infraestructura tecnol\u00f3gica, sistemas de informaci\u00f3n, capacitaci\u00f3n permanente y procesos de fiscalizaci\u00f3n. Seg\u00fan la Comisi\u00f3n, estas disposiciones contravienen el art\u00edculo 135 de la Constituci\u00f3n, que limita la creaci\u00f3n de gasto p\u00fablico desde la Asamblea Nacional.<\/p>\n\n\n\n<p class=\"wp-block-paragraph\">La legisladora Mar\u00eda Bel\u00e9n Yela (Revoluci\u00f3n Ciudadana) fue la \u00fanica integrante que rechaz\u00f3 la recomendaci\u00f3n de archivo, junto con Ana Mar\u00eda Raffo y Patricio Ch\u00e1vez. Yela cuestion\u00f3 que, despu\u00e9s de dos a\u00f1os de debate, la Comisi\u00f3n decida archivar la iniciativa argumentando que el texto est\u00e1 incompleto, cuando el propio Legislativo tiene la facultad de perfeccionar las leyes durante su tr\u00e1mite.<\/p>\n\n\n\n<p class=\"wp-block-paragraph\">El informe tambi\u00e9n advierte sobre el riesgo de una sobrerregulaci\u00f3n temprana. Los comisionados consideran que la inteligencia artificial evoluciona con rapidez y que una normativa r\u00edgida podr\u00eda convertirse en una barrera para la innovaci\u00f3n, especialmente para emprendimientos y micro, peque\u00f1as y medianas empresas que desarrollan soluciones tecnol\u00f3gicas.<\/p>\n\n\n\n<p class=\"wp-block-paragraph\">Adem\u00e1s, la Comisi\u00f3n se\u00f1ala que el proyecto no incorpora herramientas fundamentales como est\u00e1ndares de transparencia, evaluaciones de impacto para sistemas de alto riesgo, reglamentos sectoriales y c\u00f3digos de conducta, ni recoge plenamente los principios del Convenio Marco sobre Inteligencia Artificial, Derechos Humanos, Democracia y Estado de Derecho, considerado el primer tratado internacional vinculante sobre esta materia.<\/p>\n\n\n\n<p class=\"wp-block-paragraph\">La recomendaci\u00f3n ser\u00e1 remitida al Pleno de la Asamblea Nacional, que tendr\u00e1 la decisi\u00f3n final sobre el futuro del proyecto de ley.<\/p>\n\n\n\n<p class=\"wp-block-paragraph\"><\/p>\n","protected":false},"excerpt":{"rendered":"<p>La Comisi\u00f3n de Educaci\u00f3n, Cultura, Ciencia, Tecnolog\u00eda e Innovaci\u00f3n de la Asamblea Nacional recomend\u00f3 al Pleno el archivo del proyecto de Ley Org\u00e1nica de Regulaci\u00f3n y Promoci\u00f3n de la Inteligencia Artificial, tras aprobar una moci\u00f3n con siete votos a favor. El informe sostiene que la propuesta presenta vac\u00edos t\u00e9cnicos, podr\u00eda generar gasto p\u00fablico y no [&hellip;]<\/p>\n","protected":false},"author":1,"featured_media":31776,"comment_status":"open","ping_status":"open","sticky":false,"template":"","format":"standard","meta":{"footnotes":""},"categories":[52],"tags":[],"class_list":["post-31775","post","type-post","status-publish","format-standard","has-post-thumbnail","hentry","category-politica"],"yoast_head":"<!-- This site is optimized with the Yoast SEO plugin v28.3 - https:\/\/yoast.com\/product\/yoast-seo-wordpress\/ -->\n<title>Ley de Inteligencia Artificial: Comisi\u00f3n recomienda archivar el proyecto - 92.5 FOREVER Radio<\/title>\n<meta name=\"description\" content=\"La Comisi\u00f3n de Educaci\u00f3n recomend\u00f3 archivar la Ley de Inteligencia Artificial por siete votos, al se\u00f1alar riesgos jur\u00eddicos, t\u00e9cnicos\" \/>\n<meta name=\"robots\" content=\"index, follow, max-snippet:-1, max-image-preview:large, max-video-preview:-1\" \/>\n<link rel=\"canonical\" href=\"https:\/\/foreverfutbol.com.ec\/radio\/politica\/ley-de-inteligencia-artificial-comision-recomienda-archivar-el-proyecto\/\" \/>\n<meta property=\"og:locale\" content=\"es_ES\" \/>\n<meta property=\"og:type\" content=\"article\" \/>\n<meta property=\"og:title\" content=\"Ley de Inteligencia Artificial: Comisi\u00f3n recomienda archivar el proyecto - 92.5 FOREVER Radio\" \/>\n<meta property=\"og:description\" content=\"La Comisi\u00f3n de Educaci\u00f3n recomend\u00f3 archivar la Ley de Inteligencia Artificial por siete votos, al se\u00f1alar riesgos jur\u00eddicos, t\u00e9cnicos\" \/>\n<meta property=\"og:url\" content=\"https:\/\/foreverfutbol.com.ec\/radio\/politica\/ley-de-inteligencia-artificial-comision-recomienda-archivar-el-proyecto\/\" \/>\n<meta property=\"og:site_name\" content=\"92.5 FOREVER Radio\" \/>\n<meta property=\"article:publisher\" content=\"https:\/\/www.facebook.com\/profile.php?id=100063550693491\" \/>\n<meta property=\"article:published_time\" content=\"2026-08-31T17:52:40+00:00\" \/>\n<meta property=\"article:modified_time\" content=\"2026-08-31T17:52:42+00:00\" \/>\n<meta name=\"author\" content=\"Ricardo Rodriguez\" \/>\n<meta name=\"twitter:card\" content=\"summary_large_image\" \/>\n<meta name=\"twitter:creator\" content=\"@925forever\" \/>\n<meta name=\"twitter:site\" content=\"@925forever\" \/>\n<meta name=\"twitter:label1\" content=\"Escrito por\" \/>\n\t<meta name=\"twitter:data1\" content=\"Ricardo Rodriguez\" \/>\n\t<meta name=\"twitter:label2\" content=\"Tiempo de lectura\" \/>\n\t<meta name=\"twitter:data2\" content=\"2 minutos\" \/>\n<script type=\"application\/ld+json\" class=\"yoast-schema-graph\">{\"@context\":\"https:\\\/\\\/schema.org\",\"@graph\":[{\"@type\":\"Article\",\"@id\":\"https:\\\/\\\/foreverfutbol.com.ec\\\/radio\\\/politica\\\/ley-de-inteligencia-artificial-comision-recomienda-archivar-el-proyecto\\\/#article\",\"isPartOf\":{\"@id\":\"https:\\\/\\\/foreverfutbol.com.ec\\\/radio\\\/politica\\\/ley-de-inteligencia-artificial-comision-recomienda-archivar-el-proyecto\\\/\"},\"author\":{\"name\":\"Ricardo Rodriguez\",\"@id\":\"https:\\\/\\\/foreverfutbol.com.ec\\\/radio\\\/#\\\/schema\\\/person\\\/2f679dd16f889ac00df6e7b648062a01\"},\"headline\":\"Ley de Inteligencia Artificial: Comisi\u00f3n recomienda archivar el proyecto\",\"datePublished\":\"2026-08-31T17:52:40+00:00\",\"dateModified\":\"2026-08-31T17:52:42+00:00\",\"mainEntityOfPage\":{\"@id\":\"https:\\\/\\\/foreverfutbol.com.ec\\\/radio\\\/politica\\\/ley-de-inteligencia-artificial-comision-recomienda-archivar-el-proyecto\\\/\"},\"wordCount\":431,\"commentCount\":0,\"publisher\":{\"@id\":\"https:\\\/\\\/foreverfutbol.com.ec\\\/radio\\\/#organization\"},\"image\":{\"@id\":\"https:\\\/\\\/foreverfutbol.com.ec\\\/radio\\\/politica\\\/ley-de-inteligencia-artificial-comision-recomienda-archivar-el-proyecto\\\/#primaryimage\"},\"thumbnailUrl\":\"https:\\\/\\\/foreverfutbol.com.ec\\\/radio\\\/wp-content\\\/uploads\\\/2026\\\/08\\\/TYSZPWMSSZCW7BAAJMXXISNX4U.avif\",\"articleSection\":[\"Pol\u00edtica\"],\"inLanguage\":\"es\",\"potentialAction\":[{\"@type\":\"CommentAction\",\"name\":\"Comment\",\"target\":[\"https:\\\/\\\/foreverfutbol.com.ec\\\/radio\\\/politica\\\/ley-de-inteligencia-artificial-comision-recomienda-archivar-el-proyecto\\\/#respond\"]}]},{\"@type\":\"WebPage\",\"@id\":\"https:\\\/\\\/foreverfutbol.com.ec\\\/radio\\\/politica\\\/ley-de-inteligencia-artificial-comision-recomienda-archivar-el-proyecto\\\/\",\"url\":\"https:\\\/\\\/foreverfutbol.com.ec\\\/radio\\\/politica\\\/ley-de-inteligencia-artificial-comision-recomienda-archivar-el-proyecto\\\/\",\"name\":\"Ley de Inteligencia Artificial: Comisi\u00f3n recomienda archivar el proyecto - 92.5 FOREVER Radio\",\"isPartOf\":{\"@id\":\"https:\\\/\\\/foreverfutbol.com.ec\\\/radio\\\/#website\"},\"primaryImageOfPage\":{\"@id\":\"https:\\\/\\\/foreverfutbol.com.ec\\\/radio\\\/politica\\\/ley-de-inteligencia-artificial-comision-recomienda-archivar-el-proyecto\\\/#primaryimage\"},\"image\":{\"@id\":\"https:\\\/\\\/foreverfutbol.com.ec\\\/radio\\\/politica\\\/ley-de-inteligencia-artificial-comision-recomienda-archivar-el-proyecto\\\/#primaryimage\"},\"thumbnailUrl\":\"https:\\\/\\\/foreverfutbol.com.ec\\\/radio\\\/wp-content\\\/uploads\\\/2026\\\/08\\\/TYSZPWMSSZCW7BAAJMXXISNX4U.avif\",\"datePublished\":\"2026-08-31T17:52:40+00:00\",\"dateModified\":\"2026-08-31T17:52:42+00:00\",\"description\":\"La Comisi\u00f3n de Educaci\u00f3n recomend\u00f3 archivar la Ley de Inteligencia Artificial por siete votos, al se\u00f1alar riesgos jur\u00eddicos, t\u00e9cnicos\",\"breadcrumb\":{\"@id\":\"https:\\\/\\\/foreverfutbol.com.ec\\\/radio\\\/politica\\\/ley-de-inteligencia-artificial-comision-recomienda-archivar-el-proyecto\\\/#breadcrumb\"},\"inLanguage\":\"es\",\"potentialAction\":[{\"@type\":\"ReadAction\",\"target\":[\"https:\\\/\\\/foreverfutbol.com.ec\\\/radio\\\/politica\\\/ley-de-inteligencia-artificial-comision-recomienda-archivar-el-proyecto\\\/\"]}]},{\"@type\":\"ImageObject\",\"inLanguage\":\"es\",\"@id\":\"https:\\\/\\\/foreverfutbol.com.ec\\\/radio\\\/politica\\\/ley-de-inteligencia-artificial-comision-recomienda-archivar-el-proyecto\\\/#primaryimage\",\"url\":\"https:\\\/\\\/foreverfutbol.com.ec\\\/radio\\\/wp-content\\\/uploads\\\/2026\\\/08\\\/TYSZPWMSSZCW7BAAJMXXISNX4U.avif\",\"contentUrl\":\"https:\\\/\\\/foreverfutbol.com.ec\\\/radio\\\/wp-content\\\/uploads\\\/2026\\\/08\\\/TYSZPWMSSZCW7BAAJMXXISNX4U.avif\",\"width\":1032,\"height\":670,\"caption\":\"La Comisi\u00f3n de Educaci\u00f3n recomend\u00f3 archivar la Ley de Inteligencia Artificial por siete votos, al se\u00f1alar riesgos jur\u00eddicos, t\u00e9cnicos y fiscales.\"},{\"@type\":\"BreadcrumbList\",\"@id\":\"https:\\\/\\\/foreverfutbol.com.ec\\\/radio\\\/politica\\\/ley-de-inteligencia-artificial-comision-recomienda-archivar-el-proyecto\\\/#breadcrumb\",\"itemListElement\":[{\"@type\":\"ListItem\",\"position\":1,\"name\":\"Portada\",\"item\":\"https:\\\/\\\/foreverfutbol.com.ec\\\/radio\\\/\"},{\"@type\":\"ListItem\",\"position\":2,\"name\":\"Ley de Inteligencia Artificial: Comisi\u00f3n recomienda archivar el proyecto\"}]},{\"@type\":\"WebSite\",\"@id\":\"https:\\\/\\\/foreverfutbol.com.ec\\\/radio\\\/#website\",\"url\":\"https:\\\/\\\/foreverfutbol.com.ec\\\/radio\\\/\",\"name\":\"92.5 FOREVER Radio\",\"description\":\"\",\"publisher\":{\"@id\":\"https:\\\/\\\/foreverfutbol.com.ec\\\/radio\\\/#organization\"},\"potentialAction\":[{\"@type\":\"SearchAction\",\"target\":{\"@type\":\"EntryPoint\",\"urlTemplate\":\"https:\\\/\\\/foreverfutbol.com.ec\\\/radio\\\/?s={search_term_string}\"},\"query-input\":{\"@type\":\"PropertyValueSpecification\",\"valueRequired\":true,\"valueName\":\"search_term_string\"}}],\"inLanguage\":\"es\"},{\"@type\":\"Organization\",\"@id\":\"https:\\\/\\\/foreverfutbol.com.ec\\\/radio\\\/#organization\",\"name\":\"92.5 FOREVER Radio\",\"url\":\"https:\\\/\\\/foreverfutbol.com.ec\\\/radio\\\/\",\"logo\":{\"@type\":\"ImageObject\",\"inLanguage\":\"es\",\"@id\":\"https:\\\/\\\/foreverfutbol.com.ec\\\/radio\\\/#\\\/schema\\\/logo\\\/image\\\/\",\"url\":\"https:\\\/\\\/foreverfutbol.com.ec\\\/radio\\\/wp-content\\\/uploads\\\/2024\\\/01\\\/cropped-logo-forever.png\",\"contentUrl\":\"https:\\\/\\\/foreverfutbol.com.ec\\\/radio\\\/wp-content\\\/uploads\\\/2024\\\/01\\\/cropped-logo-forever.png\",\"width\":180,\"height\":154,\"caption\":\"92.5 FOREVER Radio\"},\"image\":{\"@id\":\"https:\\\/\\\/foreverfutbol.com.ec\\\/radio\\\/#\\\/schema\\\/logo\\\/image\\\/\"},\"sameAs\":[\"https:\\\/\\\/www.facebook.com\\\/profile.php?id=100063550693491\",\"https:\\\/\\\/x.com\\\/925forever\",\"https:\\\/\\\/www.instagram.com\\\/radioforever925\\\/\"]},{\"@type\":\"Person\",\"@id\":\"https:\\\/\\\/foreverfutbol.com.ec\\\/radio\\\/#\\\/schema\\\/person\\\/2f679dd16f889ac00df6e7b648062a01\",\"name\":\"Ricardo Rodriguez\",\"image\":{\"@type\":\"ImageObject\",\"inLanguage\":\"es\",\"@id\":\"https:\\\/\\\/secure.gravatar.com\\\/avatar\\\/5d9dfb95700bd0c503ed088d29de94822b5cc66a74cb0362774e6fc534823d07?s=96&d=mm&r=g\",\"url\":\"https:\\\/\\\/secure.gravatar.com\\\/avatar\\\/5d9dfb95700bd0c503ed088d29de94822b5cc66a74cb0362774e6fc534823d07?s=96&d=mm&r=g\",\"contentUrl\":\"https:\\\/\\\/secure.gravatar.com\\\/avatar\\\/5d9dfb95700bd0c503ed088d29de94822b5cc66a74cb0362774e6fc534823d07?s=96&d=mm&r=g\",\"caption\":\"Ricardo Rodriguez\"},\"sameAs\":[\"https:\\\/\\\/foreverfutbol.com.ec\\\/radio\"],\"url\":\"https:\\\/\\\/foreverfutbol.com.ec\\\/radio\\\/author\\\/superdmin\\\/\"}]}<\/script>\n<!-- \/ Yoast SEO plugin. -->","yoast_head_json":{"title":"Ley de Inteligencia Artificial: Comisi\u00f3n recomienda archivar el proyecto - 92.5 FOREVER Radio","description":"La Comisi\u00f3n de Educaci\u00f3n recomend\u00f3 archivar la Ley de Inteligencia Artificial por siete votos, al se\u00f1alar riesgos jur\u00eddicos, t\u00e9cnicos","robots":{"index":"index","follow":"follow","max-snippet":"max-snippet:-1","max-image-preview":"max-image-preview:large","max-video-preview":"max-video-preview:-1"},"canonical":"https:\/\/foreverfutbol.com.ec\/radio\/politica\/ley-de-inteligencia-artificial-comision-recomienda-archivar-el-proyecto\/","og_locale":"es_ES","og_type":"article","og_title":"Ley de Inteligencia Artificial: Comisi\u00f3n recomienda archivar el proyecto - 92.5 FOREVER Radio","og_description":"La Comisi\u00f3n de Educaci\u00f3n recomend\u00f3 archivar la Ley de Inteligencia Artificial por siete votos, al se\u00f1alar riesgos jur\u00eddicos, t\u00e9cnicos","og_url":"https:\/\/foreverfutbol.com.ec\/radio\/politica\/ley-de-inteligencia-artificial-comision-recomienda-archivar-el-proyecto\/","og_site_name":"92.5 FOREVER Radio","article_publisher":"https:\/\/www.facebook.com\/profile.php?id=100063550693491","article_published_time":"2026-08-31T17:52:40+00:00","article_modified_time":"2026-08-31T17:52:42+00:00","author":"Ricardo Rodriguez","twitter_card":"summary_large_image","twitter_creator":"@925forever","twitter_site":"@925forever","twitter_misc":{"Escrito por":"Ricardo Rodriguez","Tiempo de lectura":"2 minutos"},"schema":{"@context":"https:\/\/schema.org","@graph":[{"@type":"Article","@id":"https:\/\/foreverfutbol.com.ec\/radio\/politica\/ley-de-inteligencia-artificial-comision-recomienda-archivar-el-proyecto\/#article","isPartOf":{"@id":"https:\/\/foreverfutbol.com.ec\/radio\/politica\/ley-de-inteligencia-artificial-comision-recomienda-archivar-el-proyecto\/"},"author":{"name":"Ricardo Rodriguez","@id":"https:\/\/foreverfutbol.com.ec\/radio\/#\/schema\/person\/2f679dd16f889ac00df6e7b648062a01"},"headline":"Ley de Inteligencia Artificial: Comisi\u00f3n recomienda archivar el proyecto","datePublished":"2026-08-31T17:52:40+00:00","dateModified":"2026-08-31T17:52:42+00:00","mainEntityOfPage":{"@id":"https:\/\/foreverfutbol.com.ec\/radio\/politica\/ley-de-inteligencia-artificial-comision-recomienda-archivar-el-proyecto\/"},"wordCount":431,"commentCount":0,"publisher":{"@id":"https:\/\/foreverfutbol.com.ec\/radio\/#organization"},"image":{"@id":"https:\/\/foreverfutbol.com.ec\/radio\/politica\/ley-de-inteligencia-artificial-comision-recomienda-archivar-el-proyecto\/#primaryimage"},"thumbnailUrl":"https:\/\/foreverfutbol.com.ec\/radio\/wp-content\/uploads\/2026\/08\/TYSZPWMSSZCW7BAAJMXXISNX4U.avif","articleSection":["Pol\u00edtica"],"inLanguage":"es","potentialAction":[{"@type":"CommentAction","name":"Comment","target":["https:\/\/foreverfutbol.com.ec\/radio\/politica\/ley-de-inteligencia-artificial-comision-recomienda-archivar-el-proyecto\/#respond"]}]},{"@type":"WebPage","@id":"https:\/\/foreverfutbol.com.ec\/radio\/politica\/ley-de-inteligencia-artificial-comision-recomienda-archivar-el-proyecto\/","url":"https:\/\/foreverfutbol.com.ec\/radio\/politica\/ley-de-inteligencia-artificial-comision-recomienda-archivar-el-proyecto\/","name":"Ley de Inteligencia Artificial: Comisi\u00f3n recomienda archivar el proyecto - 92.5 FOREVER Radio","isPartOf":{"@id":"https:\/\/foreverfutbol.com.ec\/radio\/#website"},"primaryImageOfPage":{"@id":"https:\/\/foreverfutbol.com.ec\/radio\/politica\/ley-de-inteligencia-artificial-comision-recomienda-archivar-el-proyecto\/#primaryimage"},"image":{"@id":"https:\/\/foreverfutbol.com.ec\/radio\/politica\/ley-de-inteligencia-artificial-comision-recomienda-archivar-el-proyecto\/#primaryimage"},"thumbnailUrl":"https:\/\/foreverfutbol.com.ec\/radio\/wp-content\/uploads\/2026\/08\/TYSZPWMSSZCW7BAAJMXXISNX4U.avif","datePublished":"2026-08-31T17:52:40+00:00","dateModified":"2026-08-31T17:52:42+00:00","description":"La Comisi\u00f3n de Educaci\u00f3n recomend\u00f3 archivar la Ley de Inteligencia Artificial por siete votos, al se\u00f1alar riesgos jur\u00eddicos, t\u00e9cnicos","breadcrumb":{"@id":"https:\/\/foreverfutbol.com.ec\/radio\/politica\/ley-de-inteligencia-artificial-comision-recomienda-archivar-el-proyecto\/#breadcrumb"},"inLanguage":"es","potentialAction":[{"@type":"ReadAction","target":["https:\/\/foreverfutbol.com.ec\/radio\/politica\/ley-de-inteligencia-artificial-comision-recomienda-archivar-el-proyecto\/"]}]},{"@type":"ImageObject","inLanguage":"es","@id":"https:\/\/foreverfutbol.com.ec\/radio\/politica\/ley-de-inteligencia-artificial-comision-recomienda-archivar-el-proyecto\/#primaryimage","url":"https:\/\/foreverfutbol.com.ec\/radio\/wp-content\/uploads\/2026\/08\/TYSZPWMSSZCW7BAAJMXXISNX4U.avif","contentUrl":"https:\/\/foreverfutbol.com.ec\/radio\/wp-content\/uploads\/2026\/08\/TYSZPWMSSZCW7BAAJMXXISNX4U.avif","width":1032,"height":670,"caption":"La Comisi\u00f3n de Educaci\u00f3n recomend\u00f3 archivar la Ley de Inteligencia Artificial por siete votos, al se\u00f1alar riesgos jur\u00eddicos, t\u00e9cnicos y fiscales."},{"@type":"BreadcrumbList","@id":"https:\/\/foreverfutbol.com.ec\/radio\/politica\/ley-de-inteligencia-artificial-comision-recomienda-archivar-el-proyecto\/#breadcrumb","itemListElement":[{"@type":"ListItem","position":1,"name":"Portada","item":"https:\/\/foreverfutbol.com.ec\/radio\/"},{"@type":"ListItem","position":2,"name":"Ley de Inteligencia Artificial: Comisi\u00f3n recomienda archivar el proyecto"}]},{"@type":"WebSite","@id":"https:\/\/foreverfutbol.com.ec\/radio\/#website","url":"https:\/\/foreverfutbol.com.ec\/radio\/","name":"92.5 FOREVER Radio","description":"","publisher":{"@id":"https:\/\/foreverfutbol.com.ec\/radio\/#organization"},"potentialAction":[{"@type":"SearchAction","target":{"@type":"EntryPoint","urlTemplate":"https:\/\/foreverfutbol.com.ec\/radio\/?s={search_term_string}"},"query-input":{"@type":"PropertyValueSpecification","valueRequired":true,"valueName":"search_term_string"}}],"inLanguage":"es"},{"@type":"Organization","@id":"https:\/\/foreverfutbol.com.ec\/radio\/#organization","name":"92.5 FOREVER Radio","url":"https:\/\/foreverfutbol.com.ec\/radio\/","logo":{"@type":"ImageObject","inLanguage":"es","@id":"https:\/\/foreverfutbol.com.ec\/radio\/#\/schema\/logo\/image\/","url":"https:\/\/foreverfutbol.com.ec\/radio\/wp-content\/uploads\/2024\/01\/cropped-logo-forever.png","contentUrl":"https:\/\/foreverfutbol.com.ec\/radio\/wp-content\/uploads\/2024\/01\/cropped-logo-forever.png","width":180,"height":154,"caption":"92.5 FOREVER Radio"},"image":{"@id":"https:\/\/foreverfutbol.com.ec\/radio\/#\/schema\/logo\/image\/"},"sameAs":["https:\/\/www.facebook.com\/profile.php?id=100063550693491","https:\/\/x.com\/925forever","https:\/\/www.instagram.com\/radioforever925\/"]},{"@type":"Person","@id":"https:\/\/foreverfutbol.com.ec\/radio\/#\/schema\/person\/2f679dd16f889ac00df6e7b648062a01","name":"Ricardo Rodriguez","image":{"@type":"ImageObject","inLanguage":"es","@id":"https:\/\/secure.gravatar.com\/avatar\/5d9dfb95700bd0c503ed088d29de94822b5cc66a74cb0362774e6fc534823d07?s=96&d=mm&r=g","url":"https:\/\/secure.gravatar.com\/avatar\/5d9dfb95700bd0c503ed088d29de94822b5cc66a74cb0362774e6fc534823d07?s=96&d=mm&r=g","contentUrl":"https:\/\/secure.gravatar.com\/avatar\/5d9dfb95700bd0c503ed088d29de94822b5cc66a74cb0362774e6fc534823d07?s=96&d=mm&r=g","caption":"Ricardo Rodriguez"},"sameAs":["https:\/\/foreverfutbol.com.ec\/radio"],"url":"https:\/\/foreverfutbol.com.ec\/radio\/author\/superdmin\/"}]}},"_links":{"self":[{"href":"https:\/\/foreverfutbol.com.ec\/radio\/wp-json\/wp\/v2\/posts\/31775","targetHints":{"allow":["GET"]}}],"collection":[{"href":"https:\/\/foreverfutbol.com.ec\/radio\/wp-json\/wp\/v2\/posts"}],"about":[{"href":"https:\/\/foreverfutbol.com.ec\/radio\/wp-json\/wp\/v2\/types\/post"}],"author":[{"embeddable":true,"href":"https:\/\/foreverfutbol.com.ec\/radio\/wp-json\/wp\/v2\/users\/1"}],"replies":[{"embeddable":true,"href":"https:\/\/foreverfutbol.com.ec\/radio\/wp-json\/wp\/v2\/comments?post=31775"}],"version-history":[{"count":1,"href":"https:\/\/foreverfutbol.com.ec\/radio\/wp-json\/wp\/v2\/posts\/31775\/revisions"}],"predecessor-version":[{"id":31777,"href":"https:\/\/foreverfutbol.com.ec\/radio\/wp-json\/wp\/v2\/posts\/31775\/revisions\/31777"}],"wp:featuredmedia":[{"embeddable":true,"href":"https:\/\/foreverfutbol.com.ec\/radio\/wp-json\/wp\/v2\/media\/31776"}],"wp:attachment":[{"href":"https:\/\/foreverfutbol.com.ec\/radio\/wp-json\/wp\/v2\/media?parent=31775"}],"wp:term":[{"taxonomy":"category","embeddable":true,"href":"https:\/\/foreverfutbol.com.ec\/radio\/wp-json\/wp\/v2\/categories?post=31775"},{"taxonomy":"post_tag","embeddable":true,"href":"https:\/\/foreverfutbol.com.ec\/radio\/wp-json\/wp\/v2\/tags?post=31775"}],"curies":[{"name":"wp","href":"https:\/\/api.w.org\/{rel}","templated":true}]}}