{"id":31764,"date":"2026-08-31T12:28:55","date_gmt":"2026-08-31T17:28:55","guid":{"rendered":"https:\/\/foreverfutbol.com.ec\/radio\/?p=31764"},"modified":"2026-08-31T12:28:55","modified_gmt":"2026-08-31T17:28:55","slug":"apple-cambia-de-ceo-antes-del-evento-del-iphone-18","status":"publish","type":"post","link":"https:\/\/foreverfutbol.com.ec\/radio\/entretenimiento\/apple-cambia-de-ceo-antes-del-evento-del-iphone-18\/","title":{"rendered":"Apple cambia de CEO antes del evento del iPhone 18"},"content":{"rendered":"\n<p class=\"wp-block-paragraph\"><strong>Apple prepara un hist\u00f3rico cambio de liderazgo<\/strong> justo antes de uno de los eventos m\u00e1s esperados del a\u00f1o. John Ternus asumir\u00e1 como nuevo director ejecutivo de la compa\u00f1\u00eda, poniendo fin a los 15 a\u00f1os de Tim Cook al frente del gigante tecnol\u00f3gico.<\/p>\n\n\n\n<p class=\"wp-block-paragraph\">El relevo se produce en un momento clave para <strong>Apple<\/strong>, que mantiene una posici\u00f3n dominante en el mercado de smartphones, pero enfrenta importantes desaf\u00edos en inteligencia artificial, producci\u00f3n y relaciones comerciales internacionales.<\/p>\n\n\n\n<h2 class=\"wp-block-heading\">John Ternus ser\u00e1 el nuevo CEO de Apple<\/h2>\n\n\n\n<p class=\"wp-block-paragraph\">John Ternus llega a la direcci\u00f3n de Apple despu\u00e9s de m\u00e1s de dos d\u00e9cadas dentro de la empresa. El ingeniero se incorpor\u00f3 a la compa\u00f1\u00eda en 2001 y fue ascendiendo hasta convertirse en vicepresidente s\u00e9nior de ingenier\u00eda de hardware.<\/p>\n\n\n\n<p class=\"wp-block-paragraph\">Su experiencia est\u00e1 directamente relacionada con algunos de los productos m\u00e1s importantes de Apple. Durante su trayectoria estuvo al frente de equipos responsables del desarrollo del <strong>iPhone, iPad y Mac<\/strong>, entre otros dispositivos.<\/p>\n\n\n\n<p class=\"wp-block-paragraph\">La llegada de Ternus supone un cambio respecto al perfil de Tim Cook. Mientras Cook destac\u00f3 principalmente por su gesti\u00f3n operativa y por la construcci\u00f3n de una enorme cadena global de suministro, el nuevo CEO tiene una trayectoria estrechamente vinculada con el dise\u00f1o y la ingenier\u00eda de productos.<\/p>\n\n\n\n<h2 class=\"wp-block-heading\">El iPhone 18 ser\u00e1 su primera gran prueba<\/h2>\n\n\n\n<p class=\"wp-block-paragraph\">Ternus tendr\u00e1 muy poco tiempo para instalarse en el cargo antes de enfrentarse a uno de los momentos m\u00e1s importantes del calendario de Apple.<\/p>\n\n\n\n<p class=\"wp-block-paragraph\">La compa\u00f1\u00eda tiene previsto celebrar su tradicional evento del iPhone el <strong>9 de septiembre<\/strong>, donde se esperan importantes novedades relacionadas con la pr\u00f3xima generaci\u00f3n de tel\u00e9fonos.<\/p>\n\n\n\n<p class=\"wp-block-paragraph\">Entre las principales expectativas figura la presentaci\u00f3n de un posible <strong>iPhone plegable<\/strong>, un producto que representar\u00eda uno de los cambios de dise\u00f1o m\u00e1s relevantes en la historia reciente de la familia iPhone.<\/p>\n\n\n\n<p class=\"wp-block-paragraph\">Para el nuevo CEO, el evento tendr\u00e1 una importancia especial porque ser\u00e1 una de sus primeras apariciones p\u00fablicas como m\u00e1ximo responsable de Apple. La presentaci\u00f3n permitir\u00e1 conocer c\u00f3mo Ternus pretende comunicar la nueva etapa de la empresa y cu\u00e1les ser\u00e1n sus prioridades.<\/p>\n\n\n\n<h2 class=\"wp-block-heading\">La inteligencia artificial ser\u00e1 uno de los grandes retos<\/h2>\n\n\n\n<p class=\"wp-block-paragraph\">Uno de los principales desaf\u00edos que heredar\u00e1 Ternus ser\u00e1 acelerar la estrategia de <strong>inteligencia artificial de Apple<\/strong>.<\/p>\n\n\n\n<p class=\"wp-block-paragraph\">En los \u00faltimos a\u00f1os, compa\u00f1\u00edas tecnol\u00f3gicas rivales han avanzado r\u00e1pidamente en asistentes digitales, modelos generativos y herramientas basadas en inteligencia artificial. Apple, aunque ha incorporado funciones de IA a sus dispositivos y sistemas operativos, necesita demostrar que puede competir al mismo nivel.<\/p>\n\n\n\n<p class=\"wp-block-paragraph\">El nuevo CEO tendr\u00e1 que decidir c\u00f3mo integrar esta tecnolog\u00eda dentro del ecosistema de Apple sin perder la importancia que tradicionalmente ha tenido el hardware.<\/p>\n\n\n\n<p class=\"wp-block-paragraph\">El iPhone podr\u00eda convertirse en el principal veh\u00edculo para esa estrategia. Una combinaci\u00f3n de nuevos procesadores, mejores c\u00e1maras, software actualizado y funciones de inteligencia artificial podr\u00eda definir la evoluci\u00f3n de las pr\u00f3ximas generaciones.<\/p>\n\n\n\n<h2 class=\"wp-block-heading\">Tim Cook deja el cargo despu\u00e9s de 15 a\u00f1os<\/h2>\n\n\n\n<p class=\"wp-block-paragraph\">El cambio de direcci\u00f3n pone fin a una etapa de <strong>15 a\u00f1os de Tim Cook como CEO de Apple<\/strong>.<\/p>\n\n\n\n<p class=\"wp-block-paragraph\">Cook asumi\u00f3 el cargo en 2011 y durante su gesti\u00f3n la compa\u00f1\u00eda ampli\u00f3 considerablemente sus operaciones internacionales. Uno de sus principales aportes fue la consolidaci\u00f3n de una cadena de suministro capaz de fabricar y distribuir millones de dispositivos en todo el mundo.<\/p>\n\n\n\n<p class=\"wp-block-paragraph\">Aunque dejar\u00e1 de ser director ejecutivo, Cook continuar\u00e1 vinculado a Apple como presidente ejecutivo del consejo de administraci\u00f3n. Desde esa posici\u00f3n podr\u00e1 mantener un papel importante en asuntos estrat\u00e9gicos y relaciones institucionales.<\/p>\n\n\n\n<p class=\"wp-block-paragraph\">Su permanencia tambi\u00e9n puede facilitar la transici\u00f3n para Ternus, quien tendr\u00e1 que asumir responsabilidades que van mucho m\u00e1s all\u00e1 de la ingenier\u00eda de productos.<\/p>\n\n\n\n<h2 class=\"wp-block-heading\">China representa un desaf\u00edo estrat\u00e9gico<\/h2>\n\n\n\n<p class=\"wp-block-paragraph\">La relaci\u00f3n de Apple con <strong>China<\/strong> ser\u00e1 otro de los grandes asuntos que deber\u00e1 gestionar el nuevo CEO.<\/p>\n\n\n\n<p class=\"wp-block-paragraph\">Durante d\u00e9cadas, la compa\u00f1\u00eda desarroll\u00f3 en territorio chino una extensa red de proveedores y centros de fabricaci\u00f3n. Esa infraestructura permiti\u00f3 a Apple construir una cadena de suministro altamente eficiente.<\/p>\n\n\n\n<p class=\"wp-block-paragraph\">Sin embargo, las tensiones comerciales entre Estados Unidos y China han obligado a la empresa a buscar alternativas.<\/p>\n\n\n\n<p class=\"wp-block-paragraph\">Apple ha incrementado progresivamente determinadas operaciones en <strong>India y Vietnam<\/strong>, con el objetivo de diversificar su producci\u00f3n y reducir su dependencia de un \u00fanico mercado.<\/p>\n\n\n\n<p class=\"wp-block-paragraph\">Aun as\u00ed, China contin\u00faa teniendo una importancia fundamental tanto para la fabricaci\u00f3n como para las ventas de Apple. Gestionar esa relaci\u00f3n ser\u00e1 una tarea especialmente compleja para Ternus.<\/p>\n\n\n\n<h2 class=\"wp-block-heading\">Presi\u00f3n para fabricar m\u00e1s iPhone en Estados Unidos<\/h2>\n\n\n\n<p class=\"wp-block-paragraph\">El nuevo director ejecutivo tambi\u00e9n tendr\u00e1 que afrontar las exigencias de Washington.<\/p>\n\n\n\n<p class=\"wp-block-paragraph\">Donald Trump ha presionado a Apple para que aumente la fabricaci\u00f3n de <strong>iPhone en Estados Unidos<\/strong>, mientras las pol\u00edticas comerciales estadounidenses pueden incrementar los costes de determinados productos fabricados en el extranjero.<\/p>\n\n\n\n<p class=\"wp-block-paragraph\">Trasladar una parte importante de la producci\u00f3n a Estados Unidos no ser\u00eda una tarea sencilla. La fabricaci\u00f3n del iPhone depende de una extensa red internacional de proveedores especializados, componentes y centros de ensamblaje.<\/p>\n\n\n\n<p class=\"wp-block-paragraph\">Por ello, Apple deber\u00e1 encontrar un equilibrio entre la diversificaci\u00f3n de su producci\u00f3n, sus costes operativos y las exigencias de la pol\u00edtica comercial estadounidense.<\/p>\n\n\n\n<h2 class=\"wp-block-heading\">Un ingeniero al frente de Apple<\/h2>\n\n\n\n<p class=\"wp-block-paragraph\">La elecci\u00f3n de Ternus destaca tambi\u00e9n por su perfil t\u00e9cnico.<\/p>\n\n\n\n<p class=\"wp-block-paragraph\">El nuevo CEO estudi\u00f3 <strong>ingenier\u00eda mec\u00e1nica en la Universidad de Pensilvania<\/strong> y posteriormente trabaj\u00f3 como ingeniero antes de incorporarse a Apple.<\/p>\n\n\n\n<p class=\"wp-block-paragraph\">Dentro de la compa\u00f1\u00eda desarroll\u00f3 una amplia experiencia en productos y procesos de ingenier\u00eda. Su trayectoria estuvo relacionada con iniciativas destinadas a mejorar la durabilidad, resistencia y fiabilidad de los dispositivos.<\/p>\n\n\n\n<p class=\"wp-block-paragraph\">Ese conocimiento puede convertirse en una ventaja para Apple en un mercado donde el dise\u00f1o y la innovaci\u00f3n de hardware siguen siendo elementos fundamentales para diferenciar los productos.<\/p>\n\n\n\n<h2 class=\"wp-block-heading\">El futuro de Apple comienza con una nueva etapa<\/h2>\n\n\n\n<p class=\"wp-block-paragraph\">La llegada de John Ternus representa uno de los cambios de liderazgo m\u00e1s importantes de Apple en los \u00faltimos a\u00f1os. El nuevo CEO deber\u00e1 mantener el crecimiento del iPhone mientras impulsa la estrategia de inteligencia artificial y gestiona una cadena de suministro sometida a fuertes presiones internacionales.<\/p>\n\n\n\n<p class=\"wp-block-paragraph\">El <strong>evento del iPhone 18<\/strong> ser\u00e1 uno de sus primeros grandes desaf\u00edos p\u00fablicos. Las novedades que presente Apple permitir\u00e1n observar hasta qu\u00e9 punto la compa\u00f1\u00eda pretende continuar con la estrategia desarrollada durante la etapa de Cook o comenzar a marcar una nueva direcci\u00f3n bajo Ternus.<\/p>\n\n\n\n<p class=\"wp-block-paragraph\"><\/p>\n","protected":false},"excerpt":{"rendered":"<p>Apple prepara un hist\u00f3rico cambio de liderazgo justo antes de uno de los eventos m\u00e1s esperados del a\u00f1o. John Ternus asumir\u00e1 como nuevo director ejecutivo de la compa\u00f1\u00eda, poniendo fin a los 15 a\u00f1os de Tim Cook al frente del gigante tecnol\u00f3gico. El relevo se produce en un momento clave para Apple, que mantiene una [&hellip;]<\/p>\n","protected":false},"author":1,"featured_media":31765,"comment_status":"open","ping_status":"open","sticky":false,"template":"","format":"standard","meta":{"footnotes":""},"categories":[146],"tags":[],"class_list":["post-31764","post","type-post","status-publish","format-standard","has-post-thumbnail","hentry","category-entretenimiento"],"yoast_head":"<!-- This site is optimized with the Yoast SEO plugin v28.3 - https:\/\/yoast.com\/product\/yoast-seo-wordpress\/ -->\n<title>Apple cambia de CEO antes del evento del iPhone 18 - 92.5 FOREVER Radio<\/title>\n<meta name=\"description\" content=\"Apple cambia de CEO: John Ternus reemplazar\u00e1 a Tim Cook antes del evento del iPhone 18, con grandes retos en IA, hardware y China.\" \/>\n<meta name=\"robots\" content=\"index, follow, max-snippet:-1, max-image-preview:large, max-video-preview:-1\" \/>\n<link rel=\"canonical\" href=\"https:\/\/foreverfutbol.com.ec\/radio\/entretenimiento\/apple-cambia-de-ceo-antes-del-evento-del-iphone-18\/\" \/>\n<meta property=\"og:locale\" content=\"es_ES\" \/>\n<meta property=\"og:type\" content=\"article\" \/>\n<meta property=\"og:title\" content=\"Apple cambia de CEO antes del evento del iPhone 18 - 92.5 FOREVER Radio\" \/>\n<meta property=\"og:description\" content=\"Apple cambia de CEO: John Ternus reemplazar\u00e1 a Tim Cook antes del evento del iPhone 18, con grandes retos en IA, hardware y China.\" \/>\n<meta property=\"og:url\" content=\"https:\/\/foreverfutbol.com.ec\/radio\/entretenimiento\/apple-cambia-de-ceo-antes-del-evento-del-iphone-18\/\" \/>\n<meta property=\"og:site_name\" content=\"92.5 FOREVER Radio\" \/>\n<meta property=\"article:publisher\" content=\"https:\/\/www.facebook.com\/profile.php?id=100063550693491\" \/>\n<meta property=\"article:published_time\" content=\"2026-08-31T17:28:55+00:00\" \/>\n<meta name=\"author\" content=\"Ricardo Rodriguez\" \/>\n<meta name=\"twitter:card\" content=\"summary_large_image\" \/>\n<meta name=\"twitter:creator\" content=\"@925forever\" \/>\n<meta name=\"twitter:site\" content=\"@925forever\" \/>\n<meta name=\"twitter:label1\" content=\"Escrito por\" \/>\n\t<meta name=\"twitter:data1\" content=\"Ricardo Rodriguez\" \/>\n\t<meta name=\"twitter:label2\" content=\"Tiempo de lectura\" \/>\n\t<meta name=\"twitter:data2\" content=\"5 minutos\" \/>\n<script type=\"application\/ld+json\" class=\"yoast-schema-graph\">{\"@context\":\"https:\\\/\\\/schema.org\",\"@graph\":[{\"@type\":\"Article\",\"@id\":\"https:\\\/\\\/foreverfutbol.com.ec\\\/radio\\\/entretenimiento\\\/apple-cambia-de-ceo-antes-del-evento-del-iphone-18\\\/#article\",\"isPartOf\":{\"@id\":\"https:\\\/\\\/foreverfutbol.com.ec\\\/radio\\\/entretenimiento\\\/apple-cambia-de-ceo-antes-del-evento-del-iphone-18\\\/\"},\"author\":{\"name\":\"Ricardo Rodriguez\",\"@id\":\"https:\\\/\\\/foreverfutbol.com.ec\\\/radio\\\/#\\\/schema\\\/person\\\/2f679dd16f889ac00df6e7b648062a01\"},\"headline\":\"Apple cambia de CEO antes del evento del iPhone 18\",\"datePublished\":\"2026-08-31T17:28:55+00:00\",\"mainEntityOfPage\":{\"@id\":\"https:\\\/\\\/foreverfutbol.com.ec\\\/radio\\\/entretenimiento\\\/apple-cambia-de-ceo-antes-del-evento-del-iphone-18\\\/\"},\"wordCount\":1117,\"commentCount\":0,\"publisher\":{\"@id\":\"https:\\\/\\\/foreverfutbol.com.ec\\\/radio\\\/#organization\"},\"image\":{\"@id\":\"https:\\\/\\\/foreverfutbol.com.ec\\\/radio\\\/entretenimiento\\\/apple-cambia-de-ceo-antes-del-evento-del-iphone-18\\\/#primaryimage\"},\"thumbnailUrl\":\"https:\\\/\\\/foreverfutbol.com.ec\\\/radio\\\/wp-content\\\/uploads\\\/2026\\\/08\\\/DNJVK5JMSVCZHP3N5BX36XD4GE.avif\",\"articleSection\":[\"Entretenimiento\"],\"inLanguage\":\"es\",\"potentialAction\":[{\"@type\":\"CommentAction\",\"name\":\"Comment\",\"target\":[\"https:\\\/\\\/foreverfutbol.com.ec\\\/radio\\\/entretenimiento\\\/apple-cambia-de-ceo-antes-del-evento-del-iphone-18\\\/#respond\"]}]},{\"@type\":\"WebPage\",\"@id\":\"https:\\\/\\\/foreverfutbol.com.ec\\\/radio\\\/entretenimiento\\\/apple-cambia-de-ceo-antes-del-evento-del-iphone-18\\\/\",\"url\":\"https:\\\/\\\/foreverfutbol.com.ec\\\/radio\\\/entretenimiento\\\/apple-cambia-de-ceo-antes-del-evento-del-iphone-18\\\/\",\"name\":\"Apple cambia de CEO antes del evento del iPhone 18 - 92.5 FOREVER Radio\",\"isPartOf\":{\"@id\":\"https:\\\/\\\/foreverfutbol.com.ec\\\/radio\\\/#website\"},\"primaryImageOfPage\":{\"@id\":\"https:\\\/\\\/foreverfutbol.com.ec\\\/radio\\\/entretenimiento\\\/apple-cambia-de-ceo-antes-del-evento-del-iphone-18\\\/#primaryimage\"},\"image\":{\"@id\":\"https:\\\/\\\/foreverfutbol.com.ec\\\/radio\\\/entretenimiento\\\/apple-cambia-de-ceo-antes-del-evento-del-iphone-18\\\/#primaryimage\"},\"thumbnailUrl\":\"https:\\\/\\\/foreverfutbol.com.ec\\\/radio\\\/wp-content\\\/uploads\\\/2026\\\/08\\\/DNJVK5JMSVCZHP3N5BX36XD4GE.avif\",\"datePublished\":\"2026-08-31T17:28:55+00:00\",\"description\":\"Apple cambia de CEO: John Ternus reemplazar\u00e1 a Tim Cook antes del evento del iPhone 18, con grandes retos en IA, hardware y China.\",\"breadcrumb\":{\"@id\":\"https:\\\/\\\/foreverfutbol.com.ec\\\/radio\\\/entretenimiento\\\/apple-cambia-de-ceo-antes-del-evento-del-iphone-18\\\/#breadcrumb\"},\"inLanguage\":\"es\",\"potentialAction\":[{\"@type\":\"ReadAction\",\"target\":[\"https:\\\/\\\/foreverfutbol.com.ec\\\/radio\\\/entretenimiento\\\/apple-cambia-de-ceo-antes-del-evento-del-iphone-18\\\/\"]}]},{\"@type\":\"ImageObject\",\"inLanguage\":\"es\",\"@id\":\"https:\\\/\\\/foreverfutbol.com.ec\\\/radio\\\/entretenimiento\\\/apple-cambia-de-ceo-antes-del-evento-del-iphone-18\\\/#primaryimage\",\"url\":\"https:\\\/\\\/foreverfutbol.com.ec\\\/radio\\\/wp-content\\\/uploads\\\/2026\\\/08\\\/DNJVK5JMSVCZHP3N5BX36XD4GE.avif\",\"contentUrl\":\"https:\\\/\\\/foreverfutbol.com.ec\\\/radio\\\/wp-content\\\/uploads\\\/2026\\\/08\\\/DNJVK5JMSVCZHP3N5BX36XD4GE.avif\",\"width\":1190,\"height\":670,\"caption\":\"Apple cambia de CEO antes del evento del iPhone 18\"},{\"@type\":\"BreadcrumbList\",\"@id\":\"https:\\\/\\\/foreverfutbol.com.ec\\\/radio\\\/entretenimiento\\\/apple-cambia-de-ceo-antes-del-evento-del-iphone-18\\\/#breadcrumb\",\"itemListElement\":[{\"@type\":\"ListItem\",\"position\":1,\"name\":\"Portada\",\"item\":\"https:\\\/\\\/foreverfutbol.com.ec\\\/radio\\\/\"},{\"@type\":\"ListItem\",\"position\":2,\"name\":\"Apple cambia de CEO antes del evento del iPhone 18\"}]},{\"@type\":\"WebSite\",\"@id\":\"https:\\\/\\\/foreverfutbol.com.ec\\\/radio\\\/#website\",\"url\":\"https:\\\/\\\/foreverfutbol.com.ec\\\/radio\\\/\",\"name\":\"92.5 FOREVER Radio\",\"description\":\"\",\"publisher\":{\"@id\":\"https:\\\/\\\/foreverfutbol.com.ec\\\/radio\\\/#organization\"},\"potentialAction\":[{\"@type\":\"SearchAction\",\"target\":{\"@type\":\"EntryPoint\",\"urlTemplate\":\"https:\\\/\\\/foreverfutbol.com.ec\\\/radio\\\/?s={search_term_string}\"},\"query-input\":{\"@type\":\"PropertyValueSpecification\",\"valueRequired\":true,\"valueName\":\"search_term_string\"}}],\"inLanguage\":\"es\"},{\"@type\":\"Organization\",\"@id\":\"https:\\\/\\\/foreverfutbol.com.ec\\\/radio\\\/#organization\",\"name\":\"92.5 FOREVER Radio\",\"url\":\"https:\\\/\\\/foreverfutbol.com.ec\\\/radio\\\/\",\"logo\":{\"@type\":\"ImageObject\",\"inLanguage\":\"es\",\"@id\":\"https:\\\/\\\/foreverfutbol.com.ec\\\/radio\\\/#\\\/schema\\\/logo\\\/image\\\/\",\"url\":\"https:\\\/\\\/foreverfutbol.com.ec\\\/radio\\\/wp-content\\\/uploads\\\/2024\\\/01\\\/cropped-logo-forever.png\",\"contentUrl\":\"https:\\\/\\\/foreverfutbol.com.ec\\\/radio\\\/wp-content\\\/uploads\\\/2024\\\/01\\\/cropped-logo-forever.png\",\"width\":180,\"height\":154,\"caption\":\"92.5 FOREVER Radio\"},\"image\":{\"@id\":\"https:\\\/\\\/foreverfutbol.com.ec\\\/radio\\\/#\\\/schema\\\/logo\\\/image\\\/\"},\"sameAs\":[\"https:\\\/\\\/www.facebook.com\\\/profile.php?id=100063550693491\",\"https:\\\/\\\/x.com\\\/925forever\",\"https:\\\/\\\/www.instagram.com\\\/radioforever925\\\/\"]},{\"@type\":\"Person\",\"@id\":\"https:\\\/\\\/foreverfutbol.com.ec\\\/radio\\\/#\\\/schema\\\/person\\\/2f679dd16f889ac00df6e7b648062a01\",\"name\":\"Ricardo Rodriguez\",\"image\":{\"@type\":\"ImageObject\",\"inLanguage\":\"es\",\"@id\":\"https:\\\/\\\/secure.gravatar.com\\\/avatar\\\/5d9dfb95700bd0c503ed088d29de94822b5cc66a74cb0362774e6fc534823d07?s=96&d=mm&r=g\",\"url\":\"https:\\\/\\\/secure.gravatar.com\\\/avatar\\\/5d9dfb95700bd0c503ed088d29de94822b5cc66a74cb0362774e6fc534823d07?s=96&d=mm&r=g\",\"contentUrl\":\"https:\\\/\\\/secure.gravatar.com\\\/avatar\\\/5d9dfb95700bd0c503ed088d29de94822b5cc66a74cb0362774e6fc534823d07?s=96&d=mm&r=g\",\"caption\":\"Ricardo Rodriguez\"},\"sameAs\":[\"https:\\\/\\\/foreverfutbol.com.ec\\\/radio\"],\"url\":\"https:\\\/\\\/foreverfutbol.com.ec\\\/radio\\\/author\\\/superdmin\\\/\"}]}<\/script>\n<!-- \/ Yoast SEO plugin. -->","yoast_head_json":{"title":"Apple cambia de CEO antes del evento del iPhone 18 - 92.5 FOREVER Radio","description":"Apple cambia de CEO: John Ternus reemplazar\u00e1 a Tim Cook antes del evento del iPhone 18, con grandes retos en IA, hardware y China.","robots":{"index":"index","follow":"follow","max-snippet":"max-snippet:-1","max-image-preview":"max-image-preview:large","max-video-preview":"max-video-preview:-1"},"canonical":"https:\/\/foreverfutbol.com.ec\/radio\/entretenimiento\/apple-cambia-de-ceo-antes-del-evento-del-iphone-18\/","og_locale":"es_ES","og_type":"article","og_title":"Apple cambia de CEO antes del evento del iPhone 18 - 92.5 FOREVER Radio","og_description":"Apple cambia de CEO: John Ternus reemplazar\u00e1 a Tim Cook antes del evento del iPhone 18, con grandes retos en IA, hardware y China.","og_url":"https:\/\/foreverfutbol.com.ec\/radio\/entretenimiento\/apple-cambia-de-ceo-antes-del-evento-del-iphone-18\/","og_site_name":"92.5 FOREVER Radio","article_publisher":"https:\/\/www.facebook.com\/profile.php?id=100063550693491","article_published_time":"2026-08-31T17:28:55+00:00","author":"Ricardo Rodriguez","twitter_card":"summary_large_image","twitter_creator":"@925forever","twitter_site":"@925forever","twitter_misc":{"Escrito por":"Ricardo Rodriguez","Tiempo de lectura":"5 minutos"},"schema":{"@context":"https:\/\/schema.org","@graph":[{"@type":"Article","@id":"https:\/\/foreverfutbol.com.ec\/radio\/entretenimiento\/apple-cambia-de-ceo-antes-del-evento-del-iphone-18\/#article","isPartOf":{"@id":"https:\/\/foreverfutbol.com.ec\/radio\/entretenimiento\/apple-cambia-de-ceo-antes-del-evento-del-iphone-18\/"},"author":{"name":"Ricardo Rodriguez","@id":"https:\/\/foreverfutbol.com.ec\/radio\/#\/schema\/person\/2f679dd16f889ac00df6e7b648062a01"},"headline":"Apple cambia de CEO antes del evento del iPhone 18","datePublished":"2026-08-31T17:28:55+00:00","mainEntityOfPage":{"@id":"https:\/\/foreverfutbol.com.ec\/radio\/entretenimiento\/apple-cambia-de-ceo-antes-del-evento-del-iphone-18\/"},"wordCount":1117,"commentCount":0,"publisher":{"@id":"https:\/\/foreverfutbol.com.ec\/radio\/#organization"},"image":{"@id":"https:\/\/foreverfutbol.com.ec\/radio\/entretenimiento\/apple-cambia-de-ceo-antes-del-evento-del-iphone-18\/#primaryimage"},"thumbnailUrl":"https:\/\/foreverfutbol.com.ec\/radio\/wp-content\/uploads\/2026\/08\/DNJVK5JMSVCZHP3N5BX36XD4GE.avif","articleSection":["Entretenimiento"],"inLanguage":"es","potentialAction":[{"@type":"CommentAction","name":"Comment","target":["https:\/\/foreverfutbol.com.ec\/radio\/entretenimiento\/apple-cambia-de-ceo-antes-del-evento-del-iphone-18\/#respond"]}]},{"@type":"WebPage","@id":"https:\/\/foreverfutbol.com.ec\/radio\/entretenimiento\/apple-cambia-de-ceo-antes-del-evento-del-iphone-18\/","url":"https:\/\/foreverfutbol.com.ec\/radio\/entretenimiento\/apple-cambia-de-ceo-antes-del-evento-del-iphone-18\/","name":"Apple cambia de CEO antes del evento del iPhone 18 - 92.5 FOREVER Radio","isPartOf":{"@id":"https:\/\/foreverfutbol.com.ec\/radio\/#website"},"primaryImageOfPage":{"@id":"https:\/\/foreverfutbol.com.ec\/radio\/entretenimiento\/apple-cambia-de-ceo-antes-del-evento-del-iphone-18\/#primaryimage"},"image":{"@id":"https:\/\/foreverfutbol.com.ec\/radio\/entretenimiento\/apple-cambia-de-ceo-antes-del-evento-del-iphone-18\/#primaryimage"},"thumbnailUrl":"https:\/\/foreverfutbol.com.ec\/radio\/wp-content\/uploads\/2026\/08\/DNJVK5JMSVCZHP3N5BX36XD4GE.avif","datePublished":"2026-08-31T17:28:55+00:00","description":"Apple cambia de CEO: John Ternus reemplazar\u00e1 a Tim Cook antes del evento del iPhone 18, con grandes retos en IA, hardware y China.","breadcrumb":{"@id":"https:\/\/foreverfutbol.com.ec\/radio\/entretenimiento\/apple-cambia-de-ceo-antes-del-evento-del-iphone-18\/#breadcrumb"},"inLanguage":"es","potentialAction":[{"@type":"ReadAction","target":["https:\/\/foreverfutbol.com.ec\/radio\/entretenimiento\/apple-cambia-de-ceo-antes-del-evento-del-iphone-18\/"]}]},{"@type":"ImageObject","inLanguage":"es","@id":"https:\/\/foreverfutbol.com.ec\/radio\/entretenimiento\/apple-cambia-de-ceo-antes-del-evento-del-iphone-18\/#primaryimage","url":"https:\/\/foreverfutbol.com.ec\/radio\/wp-content\/uploads\/2026\/08\/DNJVK5JMSVCZHP3N5BX36XD4GE.avif","contentUrl":"https:\/\/foreverfutbol.com.ec\/radio\/wp-content\/uploads\/2026\/08\/DNJVK5JMSVCZHP3N5BX36XD4GE.avif","width":1190,"height":670,"caption":"Apple cambia de CEO antes del evento del iPhone 18"},{"@type":"BreadcrumbList","@id":"https:\/\/foreverfutbol.com.ec\/radio\/entretenimiento\/apple-cambia-de-ceo-antes-del-evento-del-iphone-18\/#breadcrumb","itemListElement":[{"@type":"ListItem","position":1,"name":"Portada","item":"https:\/\/foreverfutbol.com.ec\/radio\/"},{"@type":"ListItem","position":2,"name":"Apple cambia de CEO antes del evento del iPhone 18"}]},{"@type":"WebSite","@id":"https:\/\/foreverfutbol.com.ec\/radio\/#website","url":"https:\/\/foreverfutbol.com.ec\/radio\/","name":"92.5 FOREVER Radio","description":"","publisher":{"@id":"https:\/\/foreverfutbol.com.ec\/radio\/#organization"},"potentialAction":[{"@type":"SearchAction","target":{"@type":"EntryPoint","urlTemplate":"https:\/\/foreverfutbol.com.ec\/radio\/?s={search_term_string}"},"query-input":{"@type":"PropertyValueSpecification","valueRequired":true,"valueName":"search_term_string"}}],"inLanguage":"es"},{"@type":"Organization","@id":"https:\/\/foreverfutbol.com.ec\/radio\/#organization","name":"92.5 FOREVER Radio","url":"https:\/\/foreverfutbol.com.ec\/radio\/","logo":{"@type":"ImageObject","inLanguage":"es","@id":"https:\/\/foreverfutbol.com.ec\/radio\/#\/schema\/logo\/image\/","url":"https:\/\/foreverfutbol.com.ec\/radio\/wp-content\/uploads\/2024\/01\/cropped-logo-forever.png","contentUrl":"https:\/\/foreverfutbol.com.ec\/radio\/wp-content\/uploads\/2024\/01\/cropped-logo-forever.png","width":180,"height":154,"caption":"92.5 FOREVER Radio"},"image":{"@id":"https:\/\/foreverfutbol.com.ec\/radio\/#\/schema\/logo\/image\/"},"sameAs":["https:\/\/www.facebook.com\/profile.php?id=100063550693491","https:\/\/x.com\/925forever","https:\/\/www.instagram.com\/radioforever925\/"]},{"@type":"Person","@id":"https:\/\/foreverfutbol.com.ec\/radio\/#\/schema\/person\/2f679dd16f889ac00df6e7b648062a01","name":"Ricardo Rodriguez","image":{"@type":"ImageObject","inLanguage":"es","@id":"https:\/\/secure.gravatar.com\/avatar\/5d9dfb95700bd0c503ed088d29de94822b5cc66a74cb0362774e6fc534823d07?s=96&d=mm&r=g","url":"https:\/\/secure.gravatar.com\/avatar\/5d9dfb95700bd0c503ed088d29de94822b5cc66a74cb0362774e6fc534823d07?s=96&d=mm&r=g","contentUrl":"https:\/\/secure.gravatar.com\/avatar\/5d9dfb95700bd0c503ed088d29de94822b5cc66a74cb0362774e6fc534823d07?s=96&d=mm&r=g","caption":"Ricardo Rodriguez"},"sameAs":["https:\/\/foreverfutbol.com.ec\/radio"],"url":"https:\/\/foreverfutbol.com.ec\/radio\/author\/superdmin\/"}]}},"_links":{"self":[{"href":"https:\/\/foreverfutbol.com.ec\/radio\/wp-json\/wp\/v2\/posts\/31764","targetHints":{"allow":["GET"]}}],"collection":[{"href":"https:\/\/foreverfutbol.com.ec\/radio\/wp-json\/wp\/v2\/posts"}],"about":[{"href":"https:\/\/foreverfutbol.com.ec\/radio\/wp-json\/wp\/v2\/types\/post"}],"author":[{"embeddable":true,"href":"https:\/\/foreverfutbol.com.ec\/radio\/wp-json\/wp\/v2\/users\/1"}],"replies":[{"embeddable":true,"href":"https:\/\/foreverfutbol.com.ec\/radio\/wp-json\/wp\/v2\/comments?post=31764"}],"version-history":[{"count":1,"href":"https:\/\/foreverfutbol.com.ec\/radio\/wp-json\/wp\/v2\/posts\/31764\/revisions"}],"predecessor-version":[{"id":31766,"href":"https:\/\/foreverfutbol.com.ec\/radio\/wp-json\/wp\/v2\/posts\/31764\/revisions\/31766"}],"wp:featuredmedia":[{"embeddable":true,"href":"https:\/\/foreverfutbol.com.ec\/radio\/wp-json\/wp\/v2\/media\/31765"}],"wp:attachment":[{"href":"https:\/\/foreverfutbol.com.ec\/radio\/wp-json\/wp\/v2\/media?parent=31764"}],"wp:term":[{"taxonomy":"category","embeddable":true,"href":"https:\/\/foreverfutbol.com.ec\/radio\/wp-json\/wp\/v2\/categories?post=31764"},{"taxonomy":"post_tag","embeddable":true,"href":"https:\/\/foreverfutbol.com.ec\/radio\/wp-json\/wp\/v2\/tags?post=31764"}],"curies":[{"name":"wp","href":"https:\/\/api.w.org\/{rel}","templated":true}]}}