{"id":31761,"date":"2026-08-31T12:16:53","date_gmt":"2026-08-31T17:16:53","guid":{"rendered":"https:\/\/foreverfutbol.com.ec\/radio\/?p=31761"},"modified":"2026-08-31T12:16:54","modified_gmt":"2026-08-31T17:16:54","slug":"guayaquil-tendra-temperaturas-superiores-a-los-32-c-y-radiacion-uv-muy-alta-este-lunes-31-de-agosto","status":"publish","type":"post","link":"https:\/\/foreverfutbol.com.ec\/radio\/guayaquil\/guayaquil-tendra-temperaturas-superiores-a-los-32-c-y-radiacion-uv-muy-alta-este-lunes-31-de-agosto\/","title":{"rendered":"Guayaquil tendr\u00e1 temperaturas superiores a los 32 \u00b0C y radiaci\u00f3n UV muy alta este lunes 31 de agosto"},"content":{"rendered":"\n<p class=\"wp-block-paragraph\"><strong>Guayaquil<\/strong> tendr\u00e1 este lunes <strong>31 de agosto de 2026<\/strong> una jornada con temperaturas elevadas y <strong>radiaci\u00f3n ultravioleta muy alta<\/strong>. El pron\u00f3stico se\u00f1ala que la temperatura m\u00e1xima llegar\u00e1 a <strong>32,5 \u00b0C<\/strong>, mientras que la m\u00ednima ser\u00e1 de 25 \u00b0C.<\/p>\n\n\n\n<p class=\"wp-block-paragraph\">Las condiciones meteorol\u00f3gicas estar\u00e1n acompa\u00f1adas por una <strong>humedad relativa del 79 %<\/strong>, un factor que puede aumentar la sensaci\u00f3n de calor durante las horas m\u00e1s c\u00e1lidas del d\u00eda.<\/p>\n\n\n\n<h2 class=\"wp-block-heading\">\u00bfC\u00f3mo estar\u00e1 el clima en Guayaquil este lunes?<\/h2>\n\n\n\n<p class=\"wp-block-paragraph\">Durante la <strong>ma\u00f1ana<\/strong>, el cielo permanecer\u00e1 parcialmente nublado, aunque se prev\u00e9n algunos claros. En la tarde se espera un panorama nublado con claros, mientras que durante la noche podr\u00edan registrarse <strong>lloviznas aisladas<\/strong> en diferentes sectores de la ciudad.<\/p>\n\n\n\n<p class=\"wp-block-paragraph\">El pron\u00f3stico contempla una <strong>precipitaci\u00f3n acumulada de 9,65 mil\u00edmetros<\/strong> para toda la jornada. Estas lluvias podr\u00edan presentarse de manera localizada, por lo que no necesariamente afectar\u00e1n a todos los sectores de Guayaquil por igual.<\/p>\n\n\n\n<p class=\"wp-block-paragraph\">El viento alcanzar\u00e1 una velocidad estimada de <strong>6 metros por segundo<\/strong>, condici\u00f3n que acompa\u00f1ar\u00e1 el comportamiento atmosf\u00e9rico durante el d\u00eda.<\/p>\n\n\n\n<h2 class=\"wp-block-heading\">Radiaci\u00f3n UV muy alta en Guayaquil<\/h2>\n\n\n\n<p class=\"wp-block-paragraph\">Uno de los principales factores que marcar\u00e1 el clima este lunes ser\u00e1 el <strong>\u00edndice de radiaci\u00f3n ultravioleta<\/strong>, que llegar\u00e1 a <strong>8<\/strong>, considerado un nivel muy alto.<\/p>\n\n\n\n<p class=\"wp-block-paragraph\">Con estas condiciones, ser\u00e1 importante reducir la exposici\u00f3n prolongada al sol, especialmente durante las horas de mayor intensidad. El uso de <strong>protector solar, gafas de sol, sombrero y ropa adecuada<\/strong> puede ayudar a disminuir la exposici\u00f3n directa a la radiaci\u00f3n.<\/p>\n\n\n\n<p class=\"wp-block-paragraph\">La presencia de nubes tampoco significa que desaparezca la radiaci\u00f3n UV, por lo que se recomienda mantener las medidas de protecci\u00f3n incluso durante periodos parcialmente nublados.<\/p>\n\n\n\n<h2 class=\"wp-block-heading\">Temperaturas de hasta 32,5 \u00b0C<\/h2>\n\n\n\n<p class=\"wp-block-paragraph\">La <strong>temperatura m\u00e1xima de 32,5 \u00b0C<\/strong> se registrar\u00e1 durante una jornada caracterizada por un ambiente c\u00e1lido y h\u00famedo. La m\u00ednima, en cambio, se ubicar\u00e1 en <strong>25 \u00b0C<\/strong>.<\/p>\n\n\n\n<p class=\"wp-block-paragraph\">La combinaci\u00f3n de altas temperaturas y una humedad relativa del 79 % puede generar una sensaci\u00f3n t\u00e9rmica mayor, especialmente para quienes permanezcan durante varias horas al aire libre.<\/p>\n\n\n\n<p class=\"wp-block-paragraph\">Mantener una buena hidrataci\u00f3n y evitar esfuerzos f\u00edsicos prolongados bajo el sol ser\u00e1n medidas importantes para afrontar las condiciones meteorol\u00f3gicas previstas para Guayaquil.<\/p>\n\n\n\n<h2 class=\"wp-block-heading\">Marea alta y baja en Guayaquil<\/h2>\n\n\n\n<p class=\"wp-block-paragraph\">El reporte meteorol\u00f3gico tambi\u00e9n incluye las condiciones de marea para el puerto de Guayaquil. La <strong>marea alta ser\u00e1 de 4,56 metros a las 08:57<\/strong> de este lunes.<\/p>\n\n\n\n<p class=\"wp-block-paragraph\">Posteriormente, el nivel del mar descender\u00e1 hasta alcanzar una <strong>marea baja de 0,75 metros a las 16:26<\/strong>.<\/p>\n\n\n\n<p class=\"wp-block-paragraph\">Estos horarios son especialmente relevantes para las personas vinculadas a actividades mar\u00edtimas, portuarias o relacionadas con sectores cercanos al estuario.<\/p>\n\n\n\n<p class=\"wp-block-paragraph\">Durante la noche, la posibilidad de <strong>lloviznas aisladas<\/strong> completar\u00e1 el panorama meteorol\u00f3gico previsto para la ciudad.<\/p>\n\n\n\n<h2 class=\"wp-block-heading\">Pron\u00f3stico del tiempo para Guayaquil<\/h2>\n\n\n\n<p class=\"wp-block-paragraph\">El clima de Guayaquil este lunes estar\u00e1 marcado por <strong>temperaturas superiores a los 32 \u00b0C, humedad elevada y radiaci\u00f3n UV muy alta<\/strong>. La jornada comenzar\u00e1 con nubosidad parcial y claros, mientras que por la tarde continuar\u00e1 un cielo nublado con intervalos despejados.<\/p>\n\n\n\n<p class=\"wp-block-paragraph\">La noche tendr\u00e1 condiciones diferentes, con posibilidad de lloviznas aisladas y una precipitaci\u00f3n acumulada estimada de <strong>9,65 mil\u00edmetros<\/strong>.<\/p>\n\n\n\n<p class=\"wp-block-paragraph\">Ante este escenario, ser\u00e1 importante considerar las condiciones de temperatura, humedad, radiaci\u00f3n solar y posibles lluvias al momento de planificar actividades durante este <strong>31 de agosto de 2026<\/strong>.<\/p>\n\n\n\n<blockquote class=\"twitter-tweet\"><p lang=\"es\" dir=\"ltr\">PRON\u00d3STICO DEL TIEMPO PARA GUAYAQUIL<br>\ud83d\uddd3 31\/8\/2026<br><br>\ud83c\udf21 Temperatura de 25\u00b0C a 32.5\u00b0C<br>\ud83c\udf24\ufe0f Condiciones: Parcialmente nublado con claros<br>\ud83c\udf27 Precipitaciones: Existe probabilidad de llovizna aislada.<br>\ud83c\udf1e UV: 8 Muy Alto <a href=\"https:\/\/t.co\/3BSrFa41ZK\">pic.twitter.com\/3BSrFa41ZK<\/a><\/p>&mdash; Segura EP &#8211; C5GYE (@segura_ep) <a href=\"https:\/\/x.com\/segura_ep\/status\/2094385921684545785?ref_src=twsrc%5Etfw\">August 31, 2026<\/a><\/blockquote> <script async src=\"https:\/\/platform.x.com\/widgets.js\" charset=\"utf-8\"><\/script>\n","protected":false},"excerpt":{"rendered":"<p>Guayaquil tendr\u00e1 este lunes 31 de agosto de 2026 una jornada con temperaturas elevadas y radiaci\u00f3n ultravioleta muy alta. El pron\u00f3stico se\u00f1ala que la temperatura m\u00e1xima llegar\u00e1 a 32,5 \u00b0C, mientras que la m\u00ednima ser\u00e1 de 25 \u00b0C. Las condiciones meteorol\u00f3gicas estar\u00e1n acompa\u00f1adas por una humedad relativa del 79 %, un factor que puede aumentar [&hellip;]<\/p>\n","protected":false},"author":1,"featured_media":31762,"comment_status":"open","ping_status":"open","sticky":false,"template":"","format":"standard","meta":{"footnotes":""},"categories":[179,51],"tags":[],"class_list":["post-31761","post","type-post","status-publish","format-standard","has-post-thumbnail","hentry","category-guayaquil","category-sucesos"],"yoast_head":"<!-- This site is optimized with the Yoast SEO plugin v28.3 - https:\/\/yoast.com\/product\/yoast-seo-wordpress\/ -->\n<title>Guayaquil tendr\u00e1 temperaturas superiores a los 32 \u00b0C y radiaci\u00f3n UV muy alta este lunes 31 de agosto - 92.5 FOREVER Radio<\/title>\n<meta name=\"description\" content=\"Guayaquil tendr\u00e1 este lunes 31 de agosto una m\u00e1xima de 32,5 \u00b0C, radiaci\u00f3n UV muy alta, humedad del 79 % y posibles lloviznas nocturnas.\" \/>\n<meta name=\"robots\" content=\"index, follow, max-snippet:-1, max-image-preview:large, max-video-preview:-1\" \/>\n<link rel=\"canonical\" href=\"https:\/\/foreverfutbol.com.ec\/radio\/guayaquil\/guayaquil-tendra-temperaturas-superiores-a-los-32-c-y-radiacion-uv-muy-alta-este-lunes-31-de-agosto\/\" \/>\n<meta property=\"og:locale\" content=\"es_ES\" \/>\n<meta property=\"og:type\" content=\"article\" \/>\n<meta property=\"og:title\" content=\"Guayaquil tendr\u00e1 temperaturas superiores a los 32 \u00b0C y radiaci\u00f3n UV muy alta este lunes 31 de agosto - 92.5 FOREVER Radio\" \/>\n<meta property=\"og:description\" content=\"Guayaquil tendr\u00e1 este lunes 31 de agosto una m\u00e1xima de 32,5 \u00b0C, radiaci\u00f3n UV muy alta, humedad del 79 % y posibles lloviznas nocturnas.\" \/>\n<meta property=\"og:url\" content=\"https:\/\/foreverfutbol.com.ec\/radio\/guayaquil\/guayaquil-tendra-temperaturas-superiores-a-los-32-c-y-radiacion-uv-muy-alta-este-lunes-31-de-agosto\/\" \/>\n<meta property=\"og:site_name\" content=\"92.5 FOREVER Radio\" \/>\n<meta property=\"article:publisher\" content=\"https:\/\/www.facebook.com\/profile.php?id=100063550693491\" \/>\n<meta property=\"article:published_time\" content=\"2026-08-31T17:16:53+00:00\" \/>\n<meta property=\"article:modified_time\" content=\"2026-08-31T17:16:54+00:00\" \/>\n<meta name=\"author\" content=\"Ricardo Rodriguez\" \/>\n<meta name=\"twitter:card\" content=\"summary_large_image\" \/>\n<meta name=\"twitter:creator\" content=\"@925forever\" \/>\n<meta name=\"twitter:site\" content=\"@925forever\" \/>\n<meta name=\"twitter:label1\" content=\"Escrito por\" \/>\n\t<meta name=\"twitter:data1\" content=\"Ricardo Rodriguez\" \/>\n\t<meta name=\"twitter:label2\" content=\"Tiempo de lectura\" \/>\n\t<meta name=\"twitter:data2\" content=\"3 minutos\" \/>\n<script type=\"application\/ld+json\" class=\"yoast-schema-graph\">{\"@context\":\"https:\\\/\\\/schema.org\",\"@graph\":[{\"@type\":\"Article\",\"@id\":\"https:\\\/\\\/foreverfutbol.com.ec\\\/radio\\\/guayaquil\\\/guayaquil-tendra-temperaturas-superiores-a-los-32-c-y-radiacion-uv-muy-alta-este-lunes-31-de-agosto\\\/#article\",\"isPartOf\":{\"@id\":\"https:\\\/\\\/foreverfutbol.com.ec\\\/radio\\\/guayaquil\\\/guayaquil-tendra-temperaturas-superiores-a-los-32-c-y-radiacion-uv-muy-alta-este-lunes-31-de-agosto\\\/\"},\"author\":{\"name\":\"Ricardo Rodriguez\",\"@id\":\"https:\\\/\\\/foreverfutbol.com.ec\\\/radio\\\/#\\\/schema\\\/person\\\/2f679dd16f889ac00df6e7b648062a01\"},\"headline\":\"Guayaquil tendr\u00e1 temperaturas superiores a los 32 \u00b0C y radiaci\u00f3n UV muy alta este lunes 31 de agosto\",\"datePublished\":\"2026-08-31T17:16:53+00:00\",\"dateModified\":\"2026-08-31T17:16:54+00:00\",\"mainEntityOfPage\":{\"@id\":\"https:\\\/\\\/foreverfutbol.com.ec\\\/radio\\\/guayaquil\\\/guayaquil-tendra-temperaturas-superiores-a-los-32-c-y-radiacion-uv-muy-alta-este-lunes-31-de-agosto\\\/\"},\"wordCount\":612,\"commentCount\":0,\"publisher\":{\"@id\":\"https:\\\/\\\/foreverfutbol.com.ec\\\/radio\\\/#organization\"},\"image\":{\"@id\":\"https:\\\/\\\/foreverfutbol.com.ec\\\/radio\\\/guayaquil\\\/guayaquil-tendra-temperaturas-superiores-a-los-32-c-y-radiacion-uv-muy-alta-este-lunes-31-de-agosto\\\/#primaryimage\"},\"thumbnailUrl\":\"https:\\\/\\\/foreverfutbol.com.ec\\\/radio\\\/wp-content\\\/uploads\\\/2026\\\/08\\\/AVCWARF2T5CIJMDEINU55QM7GI.avif\",\"articleSection\":[\"Guayaquil\",\"Sucesos\"],\"inLanguage\":\"es\",\"potentialAction\":[{\"@type\":\"CommentAction\",\"name\":\"Comment\",\"target\":[\"https:\\\/\\\/foreverfutbol.com.ec\\\/radio\\\/guayaquil\\\/guayaquil-tendra-temperaturas-superiores-a-los-32-c-y-radiacion-uv-muy-alta-este-lunes-31-de-agosto\\\/#respond\"]}]},{\"@type\":\"WebPage\",\"@id\":\"https:\\\/\\\/foreverfutbol.com.ec\\\/radio\\\/guayaquil\\\/guayaquil-tendra-temperaturas-superiores-a-los-32-c-y-radiacion-uv-muy-alta-este-lunes-31-de-agosto\\\/\",\"url\":\"https:\\\/\\\/foreverfutbol.com.ec\\\/radio\\\/guayaquil\\\/guayaquil-tendra-temperaturas-superiores-a-los-32-c-y-radiacion-uv-muy-alta-este-lunes-31-de-agosto\\\/\",\"name\":\"Guayaquil tendr\u00e1 temperaturas superiores a los 32 \u00b0C y radiaci\u00f3n UV muy alta este lunes 31 de agosto - 92.5 FOREVER Radio\",\"isPartOf\":{\"@id\":\"https:\\\/\\\/foreverfutbol.com.ec\\\/radio\\\/#website\"},\"primaryImageOfPage\":{\"@id\":\"https:\\\/\\\/foreverfutbol.com.ec\\\/radio\\\/guayaquil\\\/guayaquil-tendra-temperaturas-superiores-a-los-32-c-y-radiacion-uv-muy-alta-este-lunes-31-de-agosto\\\/#primaryimage\"},\"image\":{\"@id\":\"https:\\\/\\\/foreverfutbol.com.ec\\\/radio\\\/guayaquil\\\/guayaquil-tendra-temperaturas-superiores-a-los-32-c-y-radiacion-uv-muy-alta-este-lunes-31-de-agosto\\\/#primaryimage\"},\"thumbnailUrl\":\"https:\\\/\\\/foreverfutbol.com.ec\\\/radio\\\/wp-content\\\/uploads\\\/2026\\\/08\\\/AVCWARF2T5CIJMDEINU55QM7GI.avif\",\"datePublished\":\"2026-08-31T17:16:53+00:00\",\"dateModified\":\"2026-08-31T17:16:54+00:00\",\"description\":\"Guayaquil tendr\u00e1 este lunes 31 de agosto una m\u00e1xima de 32,5 \u00b0C, radiaci\u00f3n UV muy alta, humedad del 79 % y posibles lloviznas nocturnas.\",\"breadcrumb\":{\"@id\":\"https:\\\/\\\/foreverfutbol.com.ec\\\/radio\\\/guayaquil\\\/guayaquil-tendra-temperaturas-superiores-a-los-32-c-y-radiacion-uv-muy-alta-este-lunes-31-de-agosto\\\/#breadcrumb\"},\"inLanguage\":\"es\",\"potentialAction\":[{\"@type\":\"ReadAction\",\"target\":[\"https:\\\/\\\/foreverfutbol.com.ec\\\/radio\\\/guayaquil\\\/guayaquil-tendra-temperaturas-superiores-a-los-32-c-y-radiacion-uv-muy-alta-este-lunes-31-de-agosto\\\/\"]}]},{\"@type\":\"ImageObject\",\"inLanguage\":\"es\",\"@id\":\"https:\\\/\\\/foreverfutbol.com.ec\\\/radio\\\/guayaquil\\\/guayaquil-tendra-temperaturas-superiores-a-los-32-c-y-radiacion-uv-muy-alta-este-lunes-31-de-agosto\\\/#primaryimage\",\"url\":\"https:\\\/\\\/foreverfutbol.com.ec\\\/radio\\\/wp-content\\\/uploads\\\/2026\\\/08\\\/AVCWARF2T5CIJMDEINU55QM7GI.avif\",\"contentUrl\":\"https:\\\/\\\/foreverfutbol.com.ec\\\/radio\\\/wp-content\\\/uploads\\\/2026\\\/08\\\/AVCWARF2T5CIJMDEINU55QM7GI.avif\",\"width\":893,\"height\":670,\"caption\":\"Guayaquil tendr\u00e1 temperaturas superiores a los 32 \u00b0C y radiaci\u00f3n UV muy alta este lunes 31 de agosto\"},{\"@type\":\"BreadcrumbList\",\"@id\":\"https:\\\/\\\/foreverfutbol.com.ec\\\/radio\\\/guayaquil\\\/guayaquil-tendra-temperaturas-superiores-a-los-32-c-y-radiacion-uv-muy-alta-este-lunes-31-de-agosto\\\/#breadcrumb\",\"itemListElement\":[{\"@type\":\"ListItem\",\"position\":1,\"name\":\"Portada\",\"item\":\"https:\\\/\\\/foreverfutbol.com.ec\\\/radio\\\/\"},{\"@type\":\"ListItem\",\"position\":2,\"name\":\"Guayaquil tendr\u00e1 temperaturas superiores a los 32 \u00b0C y radiaci\u00f3n UV muy alta este lunes 31 de agosto\"}]},{\"@type\":\"WebSite\",\"@id\":\"https:\\\/\\\/foreverfutbol.com.ec\\\/radio\\\/#website\",\"url\":\"https:\\\/\\\/foreverfutbol.com.ec\\\/radio\\\/\",\"name\":\"92.5 FOREVER Radio\",\"description\":\"\",\"publisher\":{\"@id\":\"https:\\\/\\\/foreverfutbol.com.ec\\\/radio\\\/#organization\"},\"potentialAction\":[{\"@type\":\"SearchAction\",\"target\":{\"@type\":\"EntryPoint\",\"urlTemplate\":\"https:\\\/\\\/foreverfutbol.com.ec\\\/radio\\\/?s={search_term_string}\"},\"query-input\":{\"@type\":\"PropertyValueSpecification\",\"valueRequired\":true,\"valueName\":\"search_term_string\"}}],\"inLanguage\":\"es\"},{\"@type\":\"Organization\",\"@id\":\"https:\\\/\\\/foreverfutbol.com.ec\\\/radio\\\/#organization\",\"name\":\"92.5 FOREVER Radio\",\"url\":\"https:\\\/\\\/foreverfutbol.com.ec\\\/radio\\\/\",\"logo\":{\"@type\":\"ImageObject\",\"inLanguage\":\"es\",\"@id\":\"https:\\\/\\\/foreverfutbol.com.ec\\\/radio\\\/#\\\/schema\\\/logo\\\/image\\\/\",\"url\":\"https:\\\/\\\/foreverfutbol.com.ec\\\/radio\\\/wp-content\\\/uploads\\\/2024\\\/01\\\/cropped-logo-forever.png\",\"contentUrl\":\"https:\\\/\\\/foreverfutbol.com.ec\\\/radio\\\/wp-content\\\/uploads\\\/2024\\\/01\\\/cropped-logo-forever.png\",\"width\":180,\"height\":154,\"caption\":\"92.5 FOREVER Radio\"},\"image\":{\"@id\":\"https:\\\/\\\/foreverfutbol.com.ec\\\/radio\\\/#\\\/schema\\\/logo\\\/image\\\/\"},\"sameAs\":[\"https:\\\/\\\/www.facebook.com\\\/profile.php?id=100063550693491\",\"https:\\\/\\\/x.com\\\/925forever\",\"https:\\\/\\\/www.instagram.com\\\/radioforever925\\\/\"]},{\"@type\":\"Person\",\"@id\":\"https:\\\/\\\/foreverfutbol.com.ec\\\/radio\\\/#\\\/schema\\\/person\\\/2f679dd16f889ac00df6e7b648062a01\",\"name\":\"Ricardo Rodriguez\",\"image\":{\"@type\":\"ImageObject\",\"inLanguage\":\"es\",\"@id\":\"https:\\\/\\\/secure.gravatar.com\\\/avatar\\\/5d9dfb95700bd0c503ed088d29de94822b5cc66a74cb0362774e6fc534823d07?s=96&d=mm&r=g\",\"url\":\"https:\\\/\\\/secure.gravatar.com\\\/avatar\\\/5d9dfb95700bd0c503ed088d29de94822b5cc66a74cb0362774e6fc534823d07?s=96&d=mm&r=g\",\"contentUrl\":\"https:\\\/\\\/secure.gravatar.com\\\/avatar\\\/5d9dfb95700bd0c503ed088d29de94822b5cc66a74cb0362774e6fc534823d07?s=96&d=mm&r=g\",\"caption\":\"Ricardo Rodriguez\"},\"sameAs\":[\"https:\\\/\\\/foreverfutbol.com.ec\\\/radio\"],\"url\":\"https:\\\/\\\/foreverfutbol.com.ec\\\/radio\\\/author\\\/superdmin\\\/\"}]}<\/script>\n<!-- \/ Yoast SEO plugin. -->","yoast_head_json":{"title":"Guayaquil tendr\u00e1 temperaturas superiores a los 32 \u00b0C y radiaci\u00f3n UV muy alta este lunes 31 de agosto - 92.5 FOREVER Radio","description":"Guayaquil tendr\u00e1 este lunes 31 de agosto una m\u00e1xima de 32,5 \u00b0C, radiaci\u00f3n UV muy alta, humedad del 79 % y posibles lloviznas nocturnas.","robots":{"index":"index","follow":"follow","max-snippet":"max-snippet:-1","max-image-preview":"max-image-preview:large","max-video-preview":"max-video-preview:-1"},"canonical":"https:\/\/foreverfutbol.com.ec\/radio\/guayaquil\/guayaquil-tendra-temperaturas-superiores-a-los-32-c-y-radiacion-uv-muy-alta-este-lunes-31-de-agosto\/","og_locale":"es_ES","og_type":"article","og_title":"Guayaquil tendr\u00e1 temperaturas superiores a los 32 \u00b0C y radiaci\u00f3n UV muy alta este lunes 31 de agosto - 92.5 FOREVER Radio","og_description":"Guayaquil tendr\u00e1 este lunes 31 de agosto una m\u00e1xima de 32,5 \u00b0C, radiaci\u00f3n UV muy alta, humedad del 79 % y posibles lloviznas nocturnas.","og_url":"https:\/\/foreverfutbol.com.ec\/radio\/guayaquil\/guayaquil-tendra-temperaturas-superiores-a-los-32-c-y-radiacion-uv-muy-alta-este-lunes-31-de-agosto\/","og_site_name":"92.5 FOREVER Radio","article_publisher":"https:\/\/www.facebook.com\/profile.php?id=100063550693491","article_published_time":"2026-08-31T17:16:53+00:00","article_modified_time":"2026-08-31T17:16:54+00:00","author":"Ricardo Rodriguez","twitter_card":"summary_large_image","twitter_creator":"@925forever","twitter_site":"@925forever","twitter_misc":{"Escrito por":"Ricardo Rodriguez","Tiempo de lectura":"3 minutos"},"schema":{"@context":"https:\/\/schema.org","@graph":[{"@type":"Article","@id":"https:\/\/foreverfutbol.com.ec\/radio\/guayaquil\/guayaquil-tendra-temperaturas-superiores-a-los-32-c-y-radiacion-uv-muy-alta-este-lunes-31-de-agosto\/#article","isPartOf":{"@id":"https:\/\/foreverfutbol.com.ec\/radio\/guayaquil\/guayaquil-tendra-temperaturas-superiores-a-los-32-c-y-radiacion-uv-muy-alta-este-lunes-31-de-agosto\/"},"author":{"name":"Ricardo Rodriguez","@id":"https:\/\/foreverfutbol.com.ec\/radio\/#\/schema\/person\/2f679dd16f889ac00df6e7b648062a01"},"headline":"Guayaquil tendr\u00e1 temperaturas superiores a los 32 \u00b0C y radiaci\u00f3n UV muy alta este lunes 31 de agosto","datePublished":"2026-08-31T17:16:53+00:00","dateModified":"2026-08-31T17:16:54+00:00","mainEntityOfPage":{"@id":"https:\/\/foreverfutbol.com.ec\/radio\/guayaquil\/guayaquil-tendra-temperaturas-superiores-a-los-32-c-y-radiacion-uv-muy-alta-este-lunes-31-de-agosto\/"},"wordCount":612,"commentCount":0,"publisher":{"@id":"https:\/\/foreverfutbol.com.ec\/radio\/#organization"},"image":{"@id":"https:\/\/foreverfutbol.com.ec\/radio\/guayaquil\/guayaquil-tendra-temperaturas-superiores-a-los-32-c-y-radiacion-uv-muy-alta-este-lunes-31-de-agosto\/#primaryimage"},"thumbnailUrl":"https:\/\/foreverfutbol.com.ec\/radio\/wp-content\/uploads\/2026\/08\/AVCWARF2T5CIJMDEINU55QM7GI.avif","articleSection":["Guayaquil","Sucesos"],"inLanguage":"es","potentialAction":[{"@type":"CommentAction","name":"Comment","target":["https:\/\/foreverfutbol.com.ec\/radio\/guayaquil\/guayaquil-tendra-temperaturas-superiores-a-los-32-c-y-radiacion-uv-muy-alta-este-lunes-31-de-agosto\/#respond"]}]},{"@type":"WebPage","@id":"https:\/\/foreverfutbol.com.ec\/radio\/guayaquil\/guayaquil-tendra-temperaturas-superiores-a-los-32-c-y-radiacion-uv-muy-alta-este-lunes-31-de-agosto\/","url":"https:\/\/foreverfutbol.com.ec\/radio\/guayaquil\/guayaquil-tendra-temperaturas-superiores-a-los-32-c-y-radiacion-uv-muy-alta-este-lunes-31-de-agosto\/","name":"Guayaquil tendr\u00e1 temperaturas superiores a los 32 \u00b0C y radiaci\u00f3n UV muy alta este lunes 31 de agosto - 92.5 FOREVER Radio","isPartOf":{"@id":"https:\/\/foreverfutbol.com.ec\/radio\/#website"},"primaryImageOfPage":{"@id":"https:\/\/foreverfutbol.com.ec\/radio\/guayaquil\/guayaquil-tendra-temperaturas-superiores-a-los-32-c-y-radiacion-uv-muy-alta-este-lunes-31-de-agosto\/#primaryimage"},"image":{"@id":"https:\/\/foreverfutbol.com.ec\/radio\/guayaquil\/guayaquil-tendra-temperaturas-superiores-a-los-32-c-y-radiacion-uv-muy-alta-este-lunes-31-de-agosto\/#primaryimage"},"thumbnailUrl":"https:\/\/foreverfutbol.com.ec\/radio\/wp-content\/uploads\/2026\/08\/AVCWARF2T5CIJMDEINU55QM7GI.avif","datePublished":"2026-08-31T17:16:53+00:00","dateModified":"2026-08-31T17:16:54+00:00","description":"Guayaquil tendr\u00e1 este lunes 31 de agosto una m\u00e1xima de 32,5 \u00b0C, radiaci\u00f3n UV muy alta, humedad del 79 % y posibles lloviznas nocturnas.","breadcrumb":{"@id":"https:\/\/foreverfutbol.com.ec\/radio\/guayaquil\/guayaquil-tendra-temperaturas-superiores-a-los-32-c-y-radiacion-uv-muy-alta-este-lunes-31-de-agosto\/#breadcrumb"},"inLanguage":"es","potentialAction":[{"@type":"ReadAction","target":["https:\/\/foreverfutbol.com.ec\/radio\/guayaquil\/guayaquil-tendra-temperaturas-superiores-a-los-32-c-y-radiacion-uv-muy-alta-este-lunes-31-de-agosto\/"]}]},{"@type":"ImageObject","inLanguage":"es","@id":"https:\/\/foreverfutbol.com.ec\/radio\/guayaquil\/guayaquil-tendra-temperaturas-superiores-a-los-32-c-y-radiacion-uv-muy-alta-este-lunes-31-de-agosto\/#primaryimage","url":"https:\/\/foreverfutbol.com.ec\/radio\/wp-content\/uploads\/2026\/08\/AVCWARF2T5CIJMDEINU55QM7GI.avif","contentUrl":"https:\/\/foreverfutbol.com.ec\/radio\/wp-content\/uploads\/2026\/08\/AVCWARF2T5CIJMDEINU55QM7GI.avif","width":893,"height":670,"caption":"Guayaquil tendr\u00e1 temperaturas superiores a los 32 \u00b0C y radiaci\u00f3n UV muy alta este lunes 31 de agosto"},{"@type":"BreadcrumbList","@id":"https:\/\/foreverfutbol.com.ec\/radio\/guayaquil\/guayaquil-tendra-temperaturas-superiores-a-los-32-c-y-radiacion-uv-muy-alta-este-lunes-31-de-agosto\/#breadcrumb","itemListElement":[{"@type":"ListItem","position":1,"name":"Portada","item":"https:\/\/foreverfutbol.com.ec\/radio\/"},{"@type":"ListItem","position":2,"name":"Guayaquil tendr\u00e1 temperaturas superiores a los 32 \u00b0C y radiaci\u00f3n UV muy alta este lunes 31 de agosto"}]},{"@type":"WebSite","@id":"https:\/\/foreverfutbol.com.ec\/radio\/#website","url":"https:\/\/foreverfutbol.com.ec\/radio\/","name":"92.5 FOREVER Radio","description":"","publisher":{"@id":"https:\/\/foreverfutbol.com.ec\/radio\/#organization"},"potentialAction":[{"@type":"SearchAction","target":{"@type":"EntryPoint","urlTemplate":"https:\/\/foreverfutbol.com.ec\/radio\/?s={search_term_string}"},"query-input":{"@type":"PropertyValueSpecification","valueRequired":true,"valueName":"search_term_string"}}],"inLanguage":"es"},{"@type":"Organization","@id":"https:\/\/foreverfutbol.com.ec\/radio\/#organization","name":"92.5 FOREVER Radio","url":"https:\/\/foreverfutbol.com.ec\/radio\/","logo":{"@type":"ImageObject","inLanguage":"es","@id":"https:\/\/foreverfutbol.com.ec\/radio\/#\/schema\/logo\/image\/","url":"https:\/\/foreverfutbol.com.ec\/radio\/wp-content\/uploads\/2024\/01\/cropped-logo-forever.png","contentUrl":"https:\/\/foreverfutbol.com.ec\/radio\/wp-content\/uploads\/2024\/01\/cropped-logo-forever.png","width":180,"height":154,"caption":"92.5 FOREVER Radio"},"image":{"@id":"https:\/\/foreverfutbol.com.ec\/radio\/#\/schema\/logo\/image\/"},"sameAs":["https:\/\/www.facebook.com\/profile.php?id=100063550693491","https:\/\/x.com\/925forever","https:\/\/www.instagram.com\/radioforever925\/"]},{"@type":"Person","@id":"https:\/\/foreverfutbol.com.ec\/radio\/#\/schema\/person\/2f679dd16f889ac00df6e7b648062a01","name":"Ricardo Rodriguez","image":{"@type":"ImageObject","inLanguage":"es","@id":"https:\/\/secure.gravatar.com\/avatar\/5d9dfb95700bd0c503ed088d29de94822b5cc66a74cb0362774e6fc534823d07?s=96&d=mm&r=g","url":"https:\/\/secure.gravatar.com\/avatar\/5d9dfb95700bd0c503ed088d29de94822b5cc66a74cb0362774e6fc534823d07?s=96&d=mm&r=g","contentUrl":"https:\/\/secure.gravatar.com\/avatar\/5d9dfb95700bd0c503ed088d29de94822b5cc66a74cb0362774e6fc534823d07?s=96&d=mm&r=g","caption":"Ricardo Rodriguez"},"sameAs":["https:\/\/foreverfutbol.com.ec\/radio"],"url":"https:\/\/foreverfutbol.com.ec\/radio\/author\/superdmin\/"}]}},"_links":{"self":[{"href":"https:\/\/foreverfutbol.com.ec\/radio\/wp-json\/wp\/v2\/posts\/31761","targetHints":{"allow":["GET"]}}],"collection":[{"href":"https:\/\/foreverfutbol.com.ec\/radio\/wp-json\/wp\/v2\/posts"}],"about":[{"href":"https:\/\/foreverfutbol.com.ec\/radio\/wp-json\/wp\/v2\/types\/post"}],"author":[{"embeddable":true,"href":"https:\/\/foreverfutbol.com.ec\/radio\/wp-json\/wp\/v2\/users\/1"}],"replies":[{"embeddable":true,"href":"https:\/\/foreverfutbol.com.ec\/radio\/wp-json\/wp\/v2\/comments?post=31761"}],"version-history":[{"count":1,"href":"https:\/\/foreverfutbol.com.ec\/radio\/wp-json\/wp\/v2\/posts\/31761\/revisions"}],"predecessor-version":[{"id":31763,"href":"https:\/\/foreverfutbol.com.ec\/radio\/wp-json\/wp\/v2\/posts\/31761\/revisions\/31763"}],"wp:featuredmedia":[{"embeddable":true,"href":"https:\/\/foreverfutbol.com.ec\/radio\/wp-json\/wp\/v2\/media\/31762"}],"wp:attachment":[{"href":"https:\/\/foreverfutbol.com.ec\/radio\/wp-json\/wp\/v2\/media?parent=31761"}],"wp:term":[{"taxonomy":"category","embeddable":true,"href":"https:\/\/foreverfutbol.com.ec\/radio\/wp-json\/wp\/v2\/categories?post=31761"},{"taxonomy":"post_tag","embeddable":true,"href":"https:\/\/foreverfutbol.com.ec\/radio\/wp-json\/wp\/v2\/tags?post=31761"}],"curies":[{"name":"wp","href":"https:\/\/api.w.org\/{rel}","templated":true}]}}