{"id":31755,"date":"2026-08-31T11:54:46","date_gmt":"2026-08-31T16:54:46","guid":{"rendered":"https:\/\/foreverfutbol.com.ec\/radio\/?p=31755"},"modified":"2026-08-31T11:54:47","modified_gmt":"2026-08-31T16:54:47","slug":"la-destruccion-de-jarg-el-polemico-video-que-compartio-donald-trump","status":"publish","type":"post","link":"https:\/\/foreverfutbol.com.ec\/radio\/internacional\/la-destruccion-de-jarg-el-polemico-video-que-compartio-donald-trump\/","title":{"rendered":"La destrucci\u00f3n de Jarg: el pol\u00e9mico video que comparti\u00f3 Donald Trump"},"content":{"rendered":"\n<p class=\"wp-block-paragraph\">El presidente de Estados Unidos, <strong>Donald Trump<\/strong>, volvi\u00f3 a generar controversia tras compartir en Truth Social un <strong>video creado con inteligencia artificial<\/strong> que representa la destrucci\u00f3n de la isla iran\u00ed de <strong>Jarg<\/strong>, uno de los principales puntos de exportaci\u00f3n petrolera de Ir\u00e1n.<\/p>\n\n\n\n<p class=\"wp-block-paragraph\">En las im\u00e1genes se simula un ataque a\u00e9reo contra instalaciones estrat\u00e9gicas. Un tanque de almacenamiento y un petrolero aparecen envueltos en explosiones, mientras el mensaje publicado por Trump se\u00f1ala: <strong>\u201c\u00a1La isla de Jarg siendo hecha a\u00f1icos!!! Presidente DJT\u201d<\/strong>.<\/p>\n\n\n\n<p class=\"wp-block-paragraph\">La publicaci\u00f3n fue difundida despu\u00e9s de un nuevo ataque estadounidense contra objetivos iran\u00edes, aumentando la tensi\u00f3n en una regi\u00f3n considerada clave para el <strong>transporte mundial de petr\u00f3leo<\/strong>.<\/p>\n\n\n\n<h2 class=\"wp-block-heading\"><strong>Ataque estadounidense contra la isla de Larak<\/strong><\/h2>\n\n\n\n<p class=\"wp-block-paragraph\">El video apareci\u00f3 horas despu\u00e9s de una operaci\u00f3n estadounidense contra la isla iran\u00ed de <strong>Larak<\/strong>, ubicada cerca del estrat\u00e9gico estrecho de Ormuz.<\/p>\n\n\n\n<p class=\"wp-block-paragraph\">Seg\u00fan el <strong>Comando Central de Estados Unidos (CENTCOM)<\/strong>, el ataque tuvo como objetivo destruir cohetes cargados con minas marinas que la Guardia Revolucionaria iran\u00ed pretend\u00eda utilizar en el estrecho.<\/p>\n\n\n\n<p class=\"wp-block-paragraph\">Washington afirm\u00f3 que la operaci\u00f3n buscaba proteger a los <strong>marinos civiles, el transporte comercial y el libre flujo del comercio internacional<\/strong>.<\/p>\n\n\n\n<p class=\"wp-block-paragraph\">El estrecho de Ormuz es una de las principales rutas energ\u00e9ticas del planeta, por lo que cualquier amenaza contra la navegaci\u00f3n puede tener consecuencias sobre los mercados internacionales.<\/p>\n\n\n\n<h2 class=\"wp-block-heading\"><strong>Ir\u00e1n responde con misiles y drones<\/strong><\/h2>\n\n\n\n<p class=\"wp-block-paragraph\">Tras la operaci\u00f3n estadounidense, la <strong>Guardia Revolucionaria iran\u00ed<\/strong> asegur\u00f3 haber atacado con misiles y drones las bases de Al Azraq y Rey Hussein, en Jordania.<\/p>\n\n\n\n<p class=\"wp-block-paragraph\">El Ej\u00e9rcito jordano inform\u00f3 posteriormente que sus sistemas de defensa interceptaron los <strong>ocho misiles lanzados<\/strong>, sin que se registraran da\u00f1os ni v\u00edctimas.<\/p>\n\n\n\n<p class=\"wp-block-paragraph\">El episodio refleja el riesgo de una ampliaci\u00f3n regional del conflicto, especialmente por la participaci\u00f3n directa o indirecta de pa\u00edses aliados de Washington.<\/p>\n\n\n\n<h2 class=\"wp-block-heading\"><strong>Por qu\u00e9 Jarg es un objetivo estrat\u00e9gico<\/strong><\/h2>\n\n\n\n<p class=\"wp-block-paragraph\">La isla de <strong>Jarg<\/strong> tiene una importancia fundamental para Ir\u00e1n debido a sus instalaciones petroleras. All\u00ed se concentra una parte importante de las exportaciones de crudo iran\u00ed, convirtiendo al territorio en un objetivo de alto valor econ\u00f3mico y estrat\u00e9gico.<\/p>\n\n\n\n<p class=\"wp-block-paragraph\">Cualquier ataque contra sus terminales podr\u00eda afectar la capacidad de Teher\u00e1n para exportar petr\u00f3leo y generar nuevas tensiones en los mercados energ\u00e9ticos.<\/p>\n\n\n\n<p class=\"wp-block-paragraph\">La isla ya hab\u00eda sido se\u00f1alada anteriormente por Trump durante la escalada militar entre Estados Unidos, Israel e Ir\u00e1n. En julio, un bombardeo estadounidense alcanz\u00f3 instalaciones de Jarg y dej\u00f3, seg\u00fan los datos difundidos entonces, <strong>al menos ocho militares iran\u00edes muertos<\/strong>.<\/p>\n\n\n\n<p class=\"wp-block-paragraph\">Trump justific\u00f3 aquella operaci\u00f3n argumentando que Ir\u00e1n representaba una amenaza para la <strong>libertad de navegaci\u00f3n en el estrecho de Ormuz<\/strong>.<\/p>\n\n\n\n<h2 class=\"wp-block-heading\"><strong>Un video generado con inteligencia artificial<\/strong><\/h2>\n\n\n\n<p class=\"wp-block-paragraph\">La publicaci\u00f3n tambi\u00e9n destaca por el uso de <strong>inteligencia artificial para representar un ataque militar<\/strong>. Las im\u00e1genes no muestran una operaci\u00f3n real, sino una recreaci\u00f3n digital de la destrucci\u00f3n de instalaciones petroleras.<\/p>\n\n\n\n<p class=\"wp-block-paragraph\">El uso de este tipo de contenido en medio de un conflicto genera especial controversia, ya que las im\u00e1genes pueden resultar visualmente similares a grabaciones reales.<\/p>\n\n\n\n<p class=\"wp-block-paragraph\">El caso de Jarg demuestra adem\u00e1s el creciente papel de la inteligencia artificial en la comunicaci\u00f3n pol\u00edtica y militar. Las herramientas digitales permiten recrear escenarios de guerra y transmitir mensajes de gran impacto a millones de personas a trav\u00e9s de las redes sociales.<\/p>\n\n\n\n<p class=\"wp-block-paragraph\">La publicaci\u00f3n de Trump combina as\u00ed <strong>presi\u00f3n militar, infraestructura petrolera e inteligencia artificial<\/strong>, en un momento de m\u00e1xima tensi\u00f3n alrededor de Ir\u00e1n y el estrecho de Ormuz<\/p>\n\n\n\n<blockquote class=\"twitter-tweet\"><p lang=\"en\" dir=\"ltr\">Trump posts AI slop with the caption, \u201cKharg Island being blown to smithereens!!!\u201d <a href=\"https:\/\/t.co\/HVTF9xFC6B\">pic.twitter.com\/HVTF9xFC6B<\/a><\/p>&mdash; Aaron Rupar (@atrupar) <a href=\"https:\/\/x.com\/atrupar\/status\/2094249462906446263?ref_src=twsrc%5Etfw\">August 31, 2026<\/a><\/blockquote> <script async src=\"https:\/\/platform.x.com\/widgets.js\" charset=\"utf-8\"><\/script>\n","protected":false},"excerpt":{"rendered":"<p>El presidente de Estados Unidos, Donald Trump, volvi\u00f3 a generar controversia tras compartir en Truth Social un video creado con inteligencia artificial que representa la destrucci\u00f3n de la isla iran\u00ed de Jarg, uno de los principales puntos de exportaci\u00f3n petrolera de Ir\u00e1n. En las im\u00e1genes se simula un ataque a\u00e9reo contra instalaciones estrat\u00e9gicas. Un tanque [&hellip;]<\/p>\n","protected":false},"author":1,"featured_media":31756,"comment_status":"open","ping_status":"open","sticky":false,"template":"","format":"standard","meta":{"footnotes":""},"categories":[54],"tags":[],"class_list":["post-31755","post","type-post","status-publish","format-standard","has-post-thumbnail","hentry","category-internacional"],"yoast_head":"<!-- This site is optimized with the Yoast SEO plugin v28.3 - https:\/\/yoast.com\/product\/yoast-seo-wordpress\/ -->\n<title>La destrucci\u00f3n de Jarg: el pol\u00e9mico video que comparti\u00f3 Donald Trump - 92.5 FOREVER Radio<\/title>\n<meta name=\"description\" content=\"Donald Trump comparti\u00f3 un pol\u00e9mico video generado con inteligencia artificial que representa la destrucci\u00f3n de Jarg,\" \/>\n<meta name=\"robots\" content=\"index, follow, max-snippet:-1, max-image-preview:large, max-video-preview:-1\" \/>\n<link rel=\"canonical\" href=\"https:\/\/foreverfutbol.com.ec\/radio\/internacional\/la-destruccion-de-jarg-el-polemico-video-que-compartio-donald-trump\/\" \/>\n<meta property=\"og:locale\" content=\"es_ES\" \/>\n<meta property=\"og:type\" content=\"article\" \/>\n<meta property=\"og:title\" content=\"La destrucci\u00f3n de Jarg: el pol\u00e9mico video que comparti\u00f3 Donald Trump - 92.5 FOREVER Radio\" \/>\n<meta property=\"og:description\" content=\"Donald Trump comparti\u00f3 un pol\u00e9mico video generado con inteligencia artificial que representa la destrucci\u00f3n de Jarg,\" \/>\n<meta property=\"og:url\" content=\"https:\/\/foreverfutbol.com.ec\/radio\/internacional\/la-destruccion-de-jarg-el-polemico-video-que-compartio-donald-trump\/\" \/>\n<meta property=\"og:site_name\" content=\"92.5 FOREVER Radio\" \/>\n<meta property=\"article:publisher\" content=\"https:\/\/www.facebook.com\/profile.php?id=100063550693491\" \/>\n<meta property=\"article:published_time\" content=\"2026-08-31T16:54:46+00:00\" \/>\n<meta property=\"article:modified_time\" content=\"2026-08-31T16:54:47+00:00\" \/>\n<meta name=\"author\" content=\"Ricardo Rodriguez\" \/>\n<meta name=\"twitter:card\" content=\"summary_large_image\" \/>\n<meta name=\"twitter:creator\" content=\"@925forever\" \/>\n<meta name=\"twitter:site\" content=\"@925forever\" \/>\n<meta name=\"twitter:label1\" content=\"Escrito por\" \/>\n\t<meta name=\"twitter:data1\" content=\"Ricardo Rodriguez\" \/>\n\t<meta name=\"twitter:label2\" content=\"Tiempo de lectura\" \/>\n\t<meta name=\"twitter:data2\" content=\"3 minutos\" \/>\n<script type=\"application\/ld+json\" class=\"yoast-schema-graph\">{\"@context\":\"https:\\\/\\\/schema.org\",\"@graph\":[{\"@type\":\"Article\",\"@id\":\"https:\\\/\\\/foreverfutbol.com.ec\\\/radio\\\/internacional\\\/la-destruccion-de-jarg-el-polemico-video-que-compartio-donald-trump\\\/#article\",\"isPartOf\":{\"@id\":\"https:\\\/\\\/foreverfutbol.com.ec\\\/radio\\\/internacional\\\/la-destruccion-de-jarg-el-polemico-video-que-compartio-donald-trump\\\/\"},\"author\":{\"name\":\"Ricardo Rodriguez\",\"@id\":\"https:\\\/\\\/foreverfutbol.com.ec\\\/radio\\\/#\\\/schema\\\/person\\\/2f679dd16f889ac00df6e7b648062a01\"},\"headline\":\"La destrucci\u00f3n de Jarg: el pol\u00e9mico video que comparti\u00f3 Donald Trump\",\"datePublished\":\"2026-08-31T16:54:46+00:00\",\"dateModified\":\"2026-08-31T16:54:47+00:00\",\"mainEntityOfPage\":{\"@id\":\"https:\\\/\\\/foreverfutbol.com.ec\\\/radio\\\/internacional\\\/la-destruccion-de-jarg-el-polemico-video-que-compartio-donald-trump\\\/\"},\"wordCount\":652,\"commentCount\":0,\"publisher\":{\"@id\":\"https:\\\/\\\/foreverfutbol.com.ec\\\/radio\\\/#organization\"},\"image\":{\"@id\":\"https:\\\/\\\/foreverfutbol.com.ec\\\/radio\\\/internacional\\\/la-destruccion-de-jarg-el-polemico-video-que-compartio-donald-trump\\\/#primaryimage\"},\"thumbnailUrl\":\"https:\\\/\\\/foreverfutbol.com.ec\\\/radio\\\/wp-content\\\/uploads\\\/2026\\\/08\\\/CTM3LBEGHNHP5F2T4GPHO6CVMA.avif\",\"articleSection\":[\"Internacional\"],\"inLanguage\":\"es\",\"potentialAction\":[{\"@type\":\"CommentAction\",\"name\":\"Comment\",\"target\":[\"https:\\\/\\\/foreverfutbol.com.ec\\\/radio\\\/internacional\\\/la-destruccion-de-jarg-el-polemico-video-que-compartio-donald-trump\\\/#respond\"]}]},{\"@type\":\"WebPage\",\"@id\":\"https:\\\/\\\/foreverfutbol.com.ec\\\/radio\\\/internacional\\\/la-destruccion-de-jarg-el-polemico-video-que-compartio-donald-trump\\\/\",\"url\":\"https:\\\/\\\/foreverfutbol.com.ec\\\/radio\\\/internacional\\\/la-destruccion-de-jarg-el-polemico-video-que-compartio-donald-trump\\\/\",\"name\":\"La destrucci\u00f3n de Jarg: el pol\u00e9mico video que comparti\u00f3 Donald Trump - 92.5 FOREVER Radio\",\"isPartOf\":{\"@id\":\"https:\\\/\\\/foreverfutbol.com.ec\\\/radio\\\/#website\"},\"primaryImageOfPage\":{\"@id\":\"https:\\\/\\\/foreverfutbol.com.ec\\\/radio\\\/internacional\\\/la-destruccion-de-jarg-el-polemico-video-que-compartio-donald-trump\\\/#primaryimage\"},\"image\":{\"@id\":\"https:\\\/\\\/foreverfutbol.com.ec\\\/radio\\\/internacional\\\/la-destruccion-de-jarg-el-polemico-video-que-compartio-donald-trump\\\/#primaryimage\"},\"thumbnailUrl\":\"https:\\\/\\\/foreverfutbol.com.ec\\\/radio\\\/wp-content\\\/uploads\\\/2026\\\/08\\\/CTM3LBEGHNHP5F2T4GPHO6CVMA.avif\",\"datePublished\":\"2026-08-31T16:54:46+00:00\",\"dateModified\":\"2026-08-31T16:54:47+00:00\",\"description\":\"Donald Trump comparti\u00f3 un pol\u00e9mico video generado con inteligencia artificial que representa la destrucci\u00f3n de Jarg,\",\"breadcrumb\":{\"@id\":\"https:\\\/\\\/foreverfutbol.com.ec\\\/radio\\\/internacional\\\/la-destruccion-de-jarg-el-polemico-video-que-compartio-donald-trump\\\/#breadcrumb\"},\"inLanguage\":\"es\",\"potentialAction\":[{\"@type\":\"ReadAction\",\"target\":[\"https:\\\/\\\/foreverfutbol.com.ec\\\/radio\\\/internacional\\\/la-destruccion-de-jarg-el-polemico-video-que-compartio-donald-trump\\\/\"]}]},{\"@type\":\"ImageObject\",\"inLanguage\":\"es\",\"@id\":\"https:\\\/\\\/foreverfutbol.com.ec\\\/radio\\\/internacional\\\/la-destruccion-de-jarg-el-polemico-video-que-compartio-donald-trump\\\/#primaryimage\",\"url\":\"https:\\\/\\\/foreverfutbol.com.ec\\\/radio\\\/wp-content\\\/uploads\\\/2026\\\/08\\\/CTM3LBEGHNHP5F2T4GPHO6CVMA.avif\",\"contentUrl\":\"https:\\\/\\\/foreverfutbol.com.ec\\\/radio\\\/wp-content\\\/uploads\\\/2026\\\/08\\\/CTM3LBEGHNHP5F2T4GPHO6CVMA.avif\",\"width\":1275,\"height\":659},{\"@type\":\"BreadcrumbList\",\"@id\":\"https:\\\/\\\/foreverfutbol.com.ec\\\/radio\\\/internacional\\\/la-destruccion-de-jarg-el-polemico-video-que-compartio-donald-trump\\\/#breadcrumb\",\"itemListElement\":[{\"@type\":\"ListItem\",\"position\":1,\"name\":\"Portada\",\"item\":\"https:\\\/\\\/foreverfutbol.com.ec\\\/radio\\\/\"},{\"@type\":\"ListItem\",\"position\":2,\"name\":\"La destrucci\u00f3n de Jarg: el pol\u00e9mico video que comparti\u00f3 Donald Trump\"}]},{\"@type\":\"WebSite\",\"@id\":\"https:\\\/\\\/foreverfutbol.com.ec\\\/radio\\\/#website\",\"url\":\"https:\\\/\\\/foreverfutbol.com.ec\\\/radio\\\/\",\"name\":\"92.5 FOREVER Radio\",\"description\":\"\",\"publisher\":{\"@id\":\"https:\\\/\\\/foreverfutbol.com.ec\\\/radio\\\/#organization\"},\"potentialAction\":[{\"@type\":\"SearchAction\",\"target\":{\"@type\":\"EntryPoint\",\"urlTemplate\":\"https:\\\/\\\/foreverfutbol.com.ec\\\/radio\\\/?s={search_term_string}\"},\"query-input\":{\"@type\":\"PropertyValueSpecification\",\"valueRequired\":true,\"valueName\":\"search_term_string\"}}],\"inLanguage\":\"es\"},{\"@type\":\"Organization\",\"@id\":\"https:\\\/\\\/foreverfutbol.com.ec\\\/radio\\\/#organization\",\"name\":\"92.5 FOREVER Radio\",\"url\":\"https:\\\/\\\/foreverfutbol.com.ec\\\/radio\\\/\",\"logo\":{\"@type\":\"ImageObject\",\"inLanguage\":\"es\",\"@id\":\"https:\\\/\\\/foreverfutbol.com.ec\\\/radio\\\/#\\\/schema\\\/logo\\\/image\\\/\",\"url\":\"https:\\\/\\\/foreverfutbol.com.ec\\\/radio\\\/wp-content\\\/uploads\\\/2024\\\/01\\\/cropped-logo-forever.png\",\"contentUrl\":\"https:\\\/\\\/foreverfutbol.com.ec\\\/radio\\\/wp-content\\\/uploads\\\/2024\\\/01\\\/cropped-logo-forever.png\",\"width\":180,\"height\":154,\"caption\":\"92.5 FOREVER Radio\"},\"image\":{\"@id\":\"https:\\\/\\\/foreverfutbol.com.ec\\\/radio\\\/#\\\/schema\\\/logo\\\/image\\\/\"},\"sameAs\":[\"https:\\\/\\\/www.facebook.com\\\/profile.php?id=100063550693491\",\"https:\\\/\\\/x.com\\\/925forever\",\"https:\\\/\\\/www.instagram.com\\\/radioforever925\\\/\"]},{\"@type\":\"Person\",\"@id\":\"https:\\\/\\\/foreverfutbol.com.ec\\\/radio\\\/#\\\/schema\\\/person\\\/2f679dd16f889ac00df6e7b648062a01\",\"name\":\"Ricardo Rodriguez\",\"image\":{\"@type\":\"ImageObject\",\"inLanguage\":\"es\",\"@id\":\"https:\\\/\\\/secure.gravatar.com\\\/avatar\\\/5d9dfb95700bd0c503ed088d29de94822b5cc66a74cb0362774e6fc534823d07?s=96&d=mm&r=g\",\"url\":\"https:\\\/\\\/secure.gravatar.com\\\/avatar\\\/5d9dfb95700bd0c503ed088d29de94822b5cc66a74cb0362774e6fc534823d07?s=96&d=mm&r=g\",\"contentUrl\":\"https:\\\/\\\/secure.gravatar.com\\\/avatar\\\/5d9dfb95700bd0c503ed088d29de94822b5cc66a74cb0362774e6fc534823d07?s=96&d=mm&r=g\",\"caption\":\"Ricardo Rodriguez\"},\"sameAs\":[\"https:\\\/\\\/foreverfutbol.com.ec\\\/radio\"],\"url\":\"https:\\\/\\\/foreverfutbol.com.ec\\\/radio\\\/author\\\/superdmin\\\/\"}]}<\/script>\n<!-- \/ Yoast SEO plugin. -->","yoast_head_json":{"title":"La destrucci\u00f3n de Jarg: el pol\u00e9mico video que comparti\u00f3 Donald Trump - 92.5 FOREVER Radio","description":"Donald Trump comparti\u00f3 un pol\u00e9mico video generado con inteligencia artificial que representa la destrucci\u00f3n de Jarg,","robots":{"index":"index","follow":"follow","max-snippet":"max-snippet:-1","max-image-preview":"max-image-preview:large","max-video-preview":"max-video-preview:-1"},"canonical":"https:\/\/foreverfutbol.com.ec\/radio\/internacional\/la-destruccion-de-jarg-el-polemico-video-que-compartio-donald-trump\/","og_locale":"es_ES","og_type":"article","og_title":"La destrucci\u00f3n de Jarg: el pol\u00e9mico video que comparti\u00f3 Donald Trump - 92.5 FOREVER Radio","og_description":"Donald Trump comparti\u00f3 un pol\u00e9mico video generado con inteligencia artificial que representa la destrucci\u00f3n de Jarg,","og_url":"https:\/\/foreverfutbol.com.ec\/radio\/internacional\/la-destruccion-de-jarg-el-polemico-video-que-compartio-donald-trump\/","og_site_name":"92.5 FOREVER Radio","article_publisher":"https:\/\/www.facebook.com\/profile.php?id=100063550693491","article_published_time":"2026-08-31T16:54:46+00:00","article_modified_time":"2026-08-31T16:54:47+00:00","author":"Ricardo Rodriguez","twitter_card":"summary_large_image","twitter_creator":"@925forever","twitter_site":"@925forever","twitter_misc":{"Escrito por":"Ricardo Rodriguez","Tiempo de lectura":"3 minutos"},"schema":{"@context":"https:\/\/schema.org","@graph":[{"@type":"Article","@id":"https:\/\/foreverfutbol.com.ec\/radio\/internacional\/la-destruccion-de-jarg-el-polemico-video-que-compartio-donald-trump\/#article","isPartOf":{"@id":"https:\/\/foreverfutbol.com.ec\/radio\/internacional\/la-destruccion-de-jarg-el-polemico-video-que-compartio-donald-trump\/"},"author":{"name":"Ricardo Rodriguez","@id":"https:\/\/foreverfutbol.com.ec\/radio\/#\/schema\/person\/2f679dd16f889ac00df6e7b648062a01"},"headline":"La destrucci\u00f3n de Jarg: el pol\u00e9mico video que comparti\u00f3 Donald Trump","datePublished":"2026-08-31T16:54:46+00:00","dateModified":"2026-08-31T16:54:47+00:00","mainEntityOfPage":{"@id":"https:\/\/foreverfutbol.com.ec\/radio\/internacional\/la-destruccion-de-jarg-el-polemico-video-que-compartio-donald-trump\/"},"wordCount":652,"commentCount":0,"publisher":{"@id":"https:\/\/foreverfutbol.com.ec\/radio\/#organization"},"image":{"@id":"https:\/\/foreverfutbol.com.ec\/radio\/internacional\/la-destruccion-de-jarg-el-polemico-video-que-compartio-donald-trump\/#primaryimage"},"thumbnailUrl":"https:\/\/foreverfutbol.com.ec\/radio\/wp-content\/uploads\/2026\/08\/CTM3LBEGHNHP5F2T4GPHO6CVMA.avif","articleSection":["Internacional"],"inLanguage":"es","potentialAction":[{"@type":"CommentAction","name":"Comment","target":["https:\/\/foreverfutbol.com.ec\/radio\/internacional\/la-destruccion-de-jarg-el-polemico-video-que-compartio-donald-trump\/#respond"]}]},{"@type":"WebPage","@id":"https:\/\/foreverfutbol.com.ec\/radio\/internacional\/la-destruccion-de-jarg-el-polemico-video-que-compartio-donald-trump\/","url":"https:\/\/foreverfutbol.com.ec\/radio\/internacional\/la-destruccion-de-jarg-el-polemico-video-que-compartio-donald-trump\/","name":"La destrucci\u00f3n de Jarg: el pol\u00e9mico video que comparti\u00f3 Donald Trump - 92.5 FOREVER Radio","isPartOf":{"@id":"https:\/\/foreverfutbol.com.ec\/radio\/#website"},"primaryImageOfPage":{"@id":"https:\/\/foreverfutbol.com.ec\/radio\/internacional\/la-destruccion-de-jarg-el-polemico-video-que-compartio-donald-trump\/#primaryimage"},"image":{"@id":"https:\/\/foreverfutbol.com.ec\/radio\/internacional\/la-destruccion-de-jarg-el-polemico-video-que-compartio-donald-trump\/#primaryimage"},"thumbnailUrl":"https:\/\/foreverfutbol.com.ec\/radio\/wp-content\/uploads\/2026\/08\/CTM3LBEGHNHP5F2T4GPHO6CVMA.avif","datePublished":"2026-08-31T16:54:46+00:00","dateModified":"2026-08-31T16:54:47+00:00","description":"Donald Trump comparti\u00f3 un pol\u00e9mico video generado con inteligencia artificial que representa la destrucci\u00f3n de Jarg,","breadcrumb":{"@id":"https:\/\/foreverfutbol.com.ec\/radio\/internacional\/la-destruccion-de-jarg-el-polemico-video-que-compartio-donald-trump\/#breadcrumb"},"inLanguage":"es","potentialAction":[{"@type":"ReadAction","target":["https:\/\/foreverfutbol.com.ec\/radio\/internacional\/la-destruccion-de-jarg-el-polemico-video-que-compartio-donald-trump\/"]}]},{"@type":"ImageObject","inLanguage":"es","@id":"https:\/\/foreverfutbol.com.ec\/radio\/internacional\/la-destruccion-de-jarg-el-polemico-video-que-compartio-donald-trump\/#primaryimage","url":"https:\/\/foreverfutbol.com.ec\/radio\/wp-content\/uploads\/2026\/08\/CTM3LBEGHNHP5F2T4GPHO6CVMA.avif","contentUrl":"https:\/\/foreverfutbol.com.ec\/radio\/wp-content\/uploads\/2026\/08\/CTM3LBEGHNHP5F2T4GPHO6CVMA.avif","width":1275,"height":659},{"@type":"BreadcrumbList","@id":"https:\/\/foreverfutbol.com.ec\/radio\/internacional\/la-destruccion-de-jarg-el-polemico-video-que-compartio-donald-trump\/#breadcrumb","itemListElement":[{"@type":"ListItem","position":1,"name":"Portada","item":"https:\/\/foreverfutbol.com.ec\/radio\/"},{"@type":"ListItem","position":2,"name":"La destrucci\u00f3n de Jarg: el pol\u00e9mico video que comparti\u00f3 Donald Trump"}]},{"@type":"WebSite","@id":"https:\/\/foreverfutbol.com.ec\/radio\/#website","url":"https:\/\/foreverfutbol.com.ec\/radio\/","name":"92.5 FOREVER Radio","description":"","publisher":{"@id":"https:\/\/foreverfutbol.com.ec\/radio\/#organization"},"potentialAction":[{"@type":"SearchAction","target":{"@type":"EntryPoint","urlTemplate":"https:\/\/foreverfutbol.com.ec\/radio\/?s={search_term_string}"},"query-input":{"@type":"PropertyValueSpecification","valueRequired":true,"valueName":"search_term_string"}}],"inLanguage":"es"},{"@type":"Organization","@id":"https:\/\/foreverfutbol.com.ec\/radio\/#organization","name":"92.5 FOREVER Radio","url":"https:\/\/foreverfutbol.com.ec\/radio\/","logo":{"@type":"ImageObject","inLanguage":"es","@id":"https:\/\/foreverfutbol.com.ec\/radio\/#\/schema\/logo\/image\/","url":"https:\/\/foreverfutbol.com.ec\/radio\/wp-content\/uploads\/2024\/01\/cropped-logo-forever.png","contentUrl":"https:\/\/foreverfutbol.com.ec\/radio\/wp-content\/uploads\/2024\/01\/cropped-logo-forever.png","width":180,"height":154,"caption":"92.5 FOREVER Radio"},"image":{"@id":"https:\/\/foreverfutbol.com.ec\/radio\/#\/schema\/logo\/image\/"},"sameAs":["https:\/\/www.facebook.com\/profile.php?id=100063550693491","https:\/\/x.com\/925forever","https:\/\/www.instagram.com\/radioforever925\/"]},{"@type":"Person","@id":"https:\/\/foreverfutbol.com.ec\/radio\/#\/schema\/person\/2f679dd16f889ac00df6e7b648062a01","name":"Ricardo Rodriguez","image":{"@type":"ImageObject","inLanguage":"es","@id":"https:\/\/secure.gravatar.com\/avatar\/5d9dfb95700bd0c503ed088d29de94822b5cc66a74cb0362774e6fc534823d07?s=96&d=mm&r=g","url":"https:\/\/secure.gravatar.com\/avatar\/5d9dfb95700bd0c503ed088d29de94822b5cc66a74cb0362774e6fc534823d07?s=96&d=mm&r=g","contentUrl":"https:\/\/secure.gravatar.com\/avatar\/5d9dfb95700bd0c503ed088d29de94822b5cc66a74cb0362774e6fc534823d07?s=96&d=mm&r=g","caption":"Ricardo Rodriguez"},"sameAs":["https:\/\/foreverfutbol.com.ec\/radio"],"url":"https:\/\/foreverfutbol.com.ec\/radio\/author\/superdmin\/"}]}},"_links":{"self":[{"href":"https:\/\/foreverfutbol.com.ec\/radio\/wp-json\/wp\/v2\/posts\/31755","targetHints":{"allow":["GET"]}}],"collection":[{"href":"https:\/\/foreverfutbol.com.ec\/radio\/wp-json\/wp\/v2\/posts"}],"about":[{"href":"https:\/\/foreverfutbol.com.ec\/radio\/wp-json\/wp\/v2\/types\/post"}],"author":[{"embeddable":true,"href":"https:\/\/foreverfutbol.com.ec\/radio\/wp-json\/wp\/v2\/users\/1"}],"replies":[{"embeddable":true,"href":"https:\/\/foreverfutbol.com.ec\/radio\/wp-json\/wp\/v2\/comments?post=31755"}],"version-history":[{"count":1,"href":"https:\/\/foreverfutbol.com.ec\/radio\/wp-json\/wp\/v2\/posts\/31755\/revisions"}],"predecessor-version":[{"id":31757,"href":"https:\/\/foreverfutbol.com.ec\/radio\/wp-json\/wp\/v2\/posts\/31755\/revisions\/31757"}],"wp:featuredmedia":[{"embeddable":true,"href":"https:\/\/foreverfutbol.com.ec\/radio\/wp-json\/wp\/v2\/media\/31756"}],"wp:attachment":[{"href":"https:\/\/foreverfutbol.com.ec\/radio\/wp-json\/wp\/v2\/media?parent=31755"}],"wp:term":[{"taxonomy":"category","embeddable":true,"href":"https:\/\/foreverfutbol.com.ec\/radio\/wp-json\/wp\/v2\/categories?post=31755"},{"taxonomy":"post_tag","embeddable":true,"href":"https:\/\/foreverfutbol.com.ec\/radio\/wp-json\/wp\/v2\/tags?post=31755"}],"curies":[{"name":"wp","href":"https:\/\/api.w.org\/{rel}","templated":true}]}}