{"id":31752,"date":"2026-08-31T11:39:46","date_gmt":"2026-08-31T16:39:46","guid":{"rendered":"https:\/\/foreverfutbol.com.ec\/radio\/?p=31752"},"modified":"2026-08-31T11:39:47","modified_gmt":"2026-08-31T16:39:47","slug":"ecuador-aumenta-sus-exportaciones-de-banano-ante-menor-produccion-internacional","status":"publish","type":"post","link":"https:\/\/foreverfutbol.com.ec\/radio\/politica\/ecuador-aumenta-sus-exportaciones-de-banano-ante-menor-produccion-internacional\/","title":{"rendered":"Ecuador aumenta sus exportaciones de banano ante menor producci\u00f3n internacional"},"content":{"rendered":"\n<p class=\"wp-block-paragraph\">Las <strong>exportaciones de banano de Ecuador<\/strong> registraron un importante crecimiento durante los primeros siete meses de 2026. Entre enero y julio, el pa\u00eds comercializ\u00f3 <strong>247,08 millones de cajas<\/strong>, un aumento del <strong>8,36 %<\/strong> frente al mismo periodo de 2025, de acuerdo con cifras de Acorbanec.<\/p>\n\n\n\n<p class=\"wp-block-paragraph\">Este desempe\u00f1o se produce mientras varios pa\u00edses productores de <strong>Centroam\u00e9rica y Asia<\/strong> enfrentan dificultades clim\u00e1ticas y fitosanitarias que han reducido su oferta disponible. Costa Rica, Guatemala, Colombia, Panam\u00e1, Filipinas, Camboya y Vietnam han registrado afectaciones relacionadas con lluvias, inundaciones, vientos, sequ\u00edas o enfermedades agr\u00edcolas.<\/p>\n\n\n\n<h2 class=\"wp-block-heading\"><strong>Uni\u00f3n Europea lidera la demanda de banano ecuatoriano<\/strong><\/h2>\n\n\n\n<p class=\"wp-block-paragraph\">La <strong>Uni\u00f3n Europea<\/strong> contin\u00faa como el principal destino del banano ecuatoriano, concentrando el <strong>32,78 %<\/strong> de las exportaciones. Los env\u00edos hacia este mercado crecieron 14,78 % durante el periodo analizado.<\/p>\n\n\n\n<p class=\"wp-block-paragraph\">Rusia ocupa el segundo lugar, con una participaci\u00f3n de <strong>19,86 %<\/strong> y un incremento de 11,96 %. Medio Oriente representa el 15,40 %, mientras Estados Unidos concentra el 11,45 % de las ventas internacionales.<\/p>\n\n\n\n<p class=\"wp-block-paragraph\">En el Cono Sur tambi\u00e9n se registr\u00f3 un comportamiento favorable, especialmente por el aumento de las exportaciones hacia <strong>Argentina y Chile<\/strong>.<\/p>\n\n\n\n<h2 class=\"wp-block-heading\"><strong>China incrementa sus compras de banano ecuatoriano<\/strong><\/h2>\n\n\n\n<p class=\"wp-block-paragraph\">El mercado chino tambi\u00e9n adquiri\u00f3 mayor relevancia para Ecuador. Las exportaciones hacia China aumentaron <strong>7,04 %<\/strong>, alcanzando 10,61 millones de cajas.<\/p>\n\n\n\n<p class=\"wp-block-paragraph\">La reducci\u00f3n de la producci\u00f3n local y de otros proveedores asi\u00e1ticos favoreci\u00f3 esta expansi\u00f3n. Adem\u00e1s, el acuerdo comercial entre Ecuador y China permiti\u00f3 reducir el arancel aplicado al banano hasta el <strong>7 % en 2026<\/strong>, frente al 10 % inicial.<\/p>\n\n\n\n<p class=\"wp-block-paragraph\">La disponibilidad de una ruta mar\u00edtima directa entre <strong>Guayaquil y Shangh\u00e1i<\/strong>, con un tiempo aproximado de 27 d\u00edas, tambi\u00e9n contribuye a mejorar la conexi\u00f3n comercial.<\/p>\n\n\n\n<h2 class=\"wp-block-heading\"><strong>Conflicto en Medio Oriente afecta la log\u00edstica bananera<\/strong><\/h2>\n\n\n\n<p class=\"wp-block-paragraph\">Aunque las exportaciones hacia Medio Oriente crecieron 16,93 %, llegando a 38,04 millones de cajas, el sector enfrent\u00f3 importantes dificultades log\u00edsticas.<\/p>\n\n\n\n<p class=\"wp-block-paragraph\">El aumento de los costos de transporte mar\u00edtimo y seguros elev\u00f3 el valor de los fletes entre <strong>300 y 600 d\u00f3lares por contenedor<\/strong>, mientras algunos destinos registraron incrementos mucho mayores. Arabia Saudita lleg\u00f3 a presentar aumentos de hasta 3.000 d\u00f3lares por contenedor.<\/p>\n\n\n\n<p class=\"wp-block-paragraph\">A pesar de estas dificultades, Turqu\u00eda y Arabia Saudita incrementaron sus compras de banano ecuatoriano, con aumentos de <strong>63,16 % y 31,72 %<\/strong>, respectivamente.<\/p>\n\n\n\n<h2 class=\"wp-block-heading\"><strong>Producci\u00f3n ecuatoriana se mantiene bajo vigilancia<\/strong><\/h2>\n\n\n\n<p class=\"wp-block-paragraph\">El crecimiento de las exportaciones tambi\u00e9n estuvo relacionado con un mayor enfunde, mejores rendimientos de los racimos y la incorporaci\u00f3n de \u00e1reas resembradas y nuevas hect\u00e1reas productivas.<\/p>\n\n\n\n<p class=\"wp-block-paragraph\">Sin embargo, el sector bananero mantiene atenci\u00f3n sobre las condiciones clim\u00e1ticas previstas para los pr\u00f3ximos meses. El aumento de las lluvias y la humedad puede favorecer enfermedades como la <strong>sigatoka negra<\/strong>, adem\u00e1s de generar problemas en drenajes, infraestructura y sistemas radiculares de las plantaciones.<\/p>\n\n\n\n<p class=\"wp-block-paragraph\"><\/p>\n","protected":false},"excerpt":{"rendered":"<p>Las exportaciones de banano de Ecuador registraron un importante crecimiento durante los primeros siete meses de 2026. Entre enero y julio, el pa\u00eds comercializ\u00f3 247,08 millones de cajas, un aumento del 8,36 % frente al mismo periodo de 2025, de acuerdo con cifras de Acorbanec. Este desempe\u00f1o se produce mientras varios pa\u00edses productores de Centroam\u00e9rica [&hellip;]<\/p>\n","protected":false},"author":1,"featured_media":31753,"comment_status":"open","ping_status":"open","sticky":false,"template":"","format":"standard","meta":{"footnotes":""},"categories":[53,52],"tags":[],"class_list":["post-31752","post","type-post","status-publish","format-standard","has-post-thumbnail","hentry","category-economia","category-politica"],"yoast_head":"<!-- This site is optimized with the Yoast SEO plugin v28.3 - https:\/\/yoast.com\/product\/yoast-seo-wordpress\/ -->\n<title>Ecuador aumenta sus exportaciones de banano ante menor producci\u00f3n internacional - 92.5 FOREVER Radio<\/title>\n<meta name=\"description\" content=\"Ecuador export\u00f3 247,08 millones de cajas de banano hasta julio de 2026, un 8,36 % m\u00e1s, favorecido por la menor producci\u00f3n de competidores.\" \/>\n<meta name=\"robots\" content=\"index, follow, max-snippet:-1, max-image-preview:large, max-video-preview:-1\" \/>\n<link rel=\"canonical\" href=\"https:\/\/foreverfutbol.com.ec\/radio\/politica\/ecuador-aumenta-sus-exportaciones-de-banano-ante-menor-produccion-internacional\/\" \/>\n<meta property=\"og:locale\" content=\"es_ES\" \/>\n<meta property=\"og:type\" content=\"article\" \/>\n<meta property=\"og:title\" content=\"Ecuador aumenta sus exportaciones de banano ante menor producci\u00f3n internacional - 92.5 FOREVER Radio\" \/>\n<meta property=\"og:description\" content=\"Ecuador export\u00f3 247,08 millones de cajas de banano hasta julio de 2026, un 8,36 % m\u00e1s, favorecido por la menor producci\u00f3n de competidores.\" \/>\n<meta property=\"og:url\" content=\"https:\/\/foreverfutbol.com.ec\/radio\/politica\/ecuador-aumenta-sus-exportaciones-de-banano-ante-menor-produccion-internacional\/\" \/>\n<meta property=\"og:site_name\" content=\"92.5 FOREVER Radio\" \/>\n<meta property=\"article:publisher\" content=\"https:\/\/www.facebook.com\/profile.php?id=100063550693491\" \/>\n<meta property=\"article:published_time\" content=\"2026-08-31T16:39:46+00:00\" \/>\n<meta property=\"article:modified_time\" content=\"2026-08-31T16:39:47+00:00\" \/>\n<meta name=\"author\" content=\"Ricardo Rodriguez\" \/>\n<meta name=\"twitter:card\" content=\"summary_large_image\" \/>\n<meta name=\"twitter:creator\" content=\"@925forever\" \/>\n<meta name=\"twitter:site\" content=\"@925forever\" \/>\n<meta name=\"twitter:label1\" content=\"Escrito por\" \/>\n\t<meta name=\"twitter:data1\" content=\"Ricardo Rodriguez\" \/>\n\t<meta name=\"twitter:label2\" content=\"Tiempo de lectura\" \/>\n\t<meta name=\"twitter:data2\" content=\"3 minutos\" \/>\n<script type=\"application\/ld+json\" class=\"yoast-schema-graph\">{\"@context\":\"https:\\\/\\\/schema.org\",\"@graph\":[{\"@type\":\"Article\",\"@id\":\"https:\\\/\\\/foreverfutbol.com.ec\\\/radio\\\/politica\\\/ecuador-aumenta-sus-exportaciones-de-banano-ante-menor-produccion-internacional\\\/#article\",\"isPartOf\":{\"@id\":\"https:\\\/\\\/foreverfutbol.com.ec\\\/radio\\\/politica\\\/ecuador-aumenta-sus-exportaciones-de-banano-ante-menor-produccion-internacional\\\/\"},\"author\":{\"name\":\"Ricardo Rodriguez\",\"@id\":\"https:\\\/\\\/foreverfutbol.com.ec\\\/radio\\\/#\\\/schema\\\/person\\\/2f679dd16f889ac00df6e7b648062a01\"},\"headline\":\"Ecuador aumenta sus exportaciones de banano ante menor producci\u00f3n internacional\",\"datePublished\":\"2026-08-31T16:39:46+00:00\",\"dateModified\":\"2026-08-31T16:39:47+00:00\",\"mainEntityOfPage\":{\"@id\":\"https:\\\/\\\/foreverfutbol.com.ec\\\/radio\\\/politica\\\/ecuador-aumenta-sus-exportaciones-de-banano-ante-menor-produccion-internacional\\\/\"},\"wordCount\":460,\"commentCount\":0,\"publisher\":{\"@id\":\"https:\\\/\\\/foreverfutbol.com.ec\\\/radio\\\/#organization\"},\"image\":{\"@id\":\"https:\\\/\\\/foreverfutbol.com.ec\\\/radio\\\/politica\\\/ecuador-aumenta-sus-exportaciones-de-banano-ante-menor-produccion-internacional\\\/#primaryimage\"},\"thumbnailUrl\":\"https:\\\/\\\/foreverfutbol.com.ec\\\/radio\\\/wp-content\\\/uploads\\\/2026\\\/08\\\/P2OR6C243NBB3FBYJVSMA5T35Q.avif\",\"articleSection\":[\"Econom\u00eda\",\"Pol\u00edtica\"],\"inLanguage\":\"es\",\"potentialAction\":[{\"@type\":\"CommentAction\",\"name\":\"Comment\",\"target\":[\"https:\\\/\\\/foreverfutbol.com.ec\\\/radio\\\/politica\\\/ecuador-aumenta-sus-exportaciones-de-banano-ante-menor-produccion-internacional\\\/#respond\"]}]},{\"@type\":\"WebPage\",\"@id\":\"https:\\\/\\\/foreverfutbol.com.ec\\\/radio\\\/politica\\\/ecuador-aumenta-sus-exportaciones-de-banano-ante-menor-produccion-internacional\\\/\",\"url\":\"https:\\\/\\\/foreverfutbol.com.ec\\\/radio\\\/politica\\\/ecuador-aumenta-sus-exportaciones-de-banano-ante-menor-produccion-internacional\\\/\",\"name\":\"Ecuador aumenta sus exportaciones de banano ante menor producci\u00f3n internacional - 92.5 FOREVER Radio\",\"isPartOf\":{\"@id\":\"https:\\\/\\\/foreverfutbol.com.ec\\\/radio\\\/#website\"},\"primaryImageOfPage\":{\"@id\":\"https:\\\/\\\/foreverfutbol.com.ec\\\/radio\\\/politica\\\/ecuador-aumenta-sus-exportaciones-de-banano-ante-menor-produccion-internacional\\\/#primaryimage\"},\"image\":{\"@id\":\"https:\\\/\\\/foreverfutbol.com.ec\\\/radio\\\/politica\\\/ecuador-aumenta-sus-exportaciones-de-banano-ante-menor-produccion-internacional\\\/#primaryimage\"},\"thumbnailUrl\":\"https:\\\/\\\/foreverfutbol.com.ec\\\/radio\\\/wp-content\\\/uploads\\\/2026\\\/08\\\/P2OR6C243NBB3FBYJVSMA5T35Q.avif\",\"datePublished\":\"2026-08-31T16:39:46+00:00\",\"dateModified\":\"2026-08-31T16:39:47+00:00\",\"description\":\"Ecuador export\u00f3 247,08 millones de cajas de banano hasta julio de 2026, un 8,36 % m\u00e1s, favorecido por la menor producci\u00f3n de competidores.\",\"breadcrumb\":{\"@id\":\"https:\\\/\\\/foreverfutbol.com.ec\\\/radio\\\/politica\\\/ecuador-aumenta-sus-exportaciones-de-banano-ante-menor-produccion-internacional\\\/#breadcrumb\"},\"inLanguage\":\"es\",\"potentialAction\":[{\"@type\":\"ReadAction\",\"target\":[\"https:\\\/\\\/foreverfutbol.com.ec\\\/radio\\\/politica\\\/ecuador-aumenta-sus-exportaciones-de-banano-ante-menor-produccion-internacional\\\/\"]}]},{\"@type\":\"ImageObject\",\"inLanguage\":\"es\",\"@id\":\"https:\\\/\\\/foreverfutbol.com.ec\\\/radio\\\/politica\\\/ecuador-aumenta-sus-exportaciones-de-banano-ante-menor-produccion-internacional\\\/#primaryimage\",\"url\":\"https:\\\/\\\/foreverfutbol.com.ec\\\/radio\\\/wp-content\\\/uploads\\\/2026\\\/08\\\/P2OR6C243NBB3FBYJVSMA5T35Q.avif\",\"contentUrl\":\"https:\\\/\\\/foreverfutbol.com.ec\\\/radio\\\/wp-content\\\/uploads\\\/2026\\\/08\\\/P2OR6C243NBB3FBYJVSMA5T35Q.avif\",\"width\":1005,\"height\":670,\"caption\":\"Ecuador export\u00f3 247,08 millones de cajas de banano hasta julio de 2026, un 8,36 % m\u00e1s, favorecido por la menor producci\u00f3n de competidores.\"},{\"@type\":\"BreadcrumbList\",\"@id\":\"https:\\\/\\\/foreverfutbol.com.ec\\\/radio\\\/politica\\\/ecuador-aumenta-sus-exportaciones-de-banano-ante-menor-produccion-internacional\\\/#breadcrumb\",\"itemListElement\":[{\"@type\":\"ListItem\",\"position\":1,\"name\":\"Portada\",\"item\":\"https:\\\/\\\/foreverfutbol.com.ec\\\/radio\\\/\"},{\"@type\":\"ListItem\",\"position\":2,\"name\":\"Ecuador aumenta sus exportaciones de banano ante menor producci\u00f3n internacional\"}]},{\"@type\":\"WebSite\",\"@id\":\"https:\\\/\\\/foreverfutbol.com.ec\\\/radio\\\/#website\",\"url\":\"https:\\\/\\\/foreverfutbol.com.ec\\\/radio\\\/\",\"name\":\"92.5 FOREVER Radio\",\"description\":\"\",\"publisher\":{\"@id\":\"https:\\\/\\\/foreverfutbol.com.ec\\\/radio\\\/#organization\"},\"potentialAction\":[{\"@type\":\"SearchAction\",\"target\":{\"@type\":\"EntryPoint\",\"urlTemplate\":\"https:\\\/\\\/foreverfutbol.com.ec\\\/radio\\\/?s={search_term_string}\"},\"query-input\":{\"@type\":\"PropertyValueSpecification\",\"valueRequired\":true,\"valueName\":\"search_term_string\"}}],\"inLanguage\":\"es\"},{\"@type\":\"Organization\",\"@id\":\"https:\\\/\\\/foreverfutbol.com.ec\\\/radio\\\/#organization\",\"name\":\"92.5 FOREVER Radio\",\"url\":\"https:\\\/\\\/foreverfutbol.com.ec\\\/radio\\\/\",\"logo\":{\"@type\":\"ImageObject\",\"inLanguage\":\"es\",\"@id\":\"https:\\\/\\\/foreverfutbol.com.ec\\\/radio\\\/#\\\/schema\\\/logo\\\/image\\\/\",\"url\":\"https:\\\/\\\/foreverfutbol.com.ec\\\/radio\\\/wp-content\\\/uploads\\\/2024\\\/01\\\/cropped-logo-forever.png\",\"contentUrl\":\"https:\\\/\\\/foreverfutbol.com.ec\\\/radio\\\/wp-content\\\/uploads\\\/2024\\\/01\\\/cropped-logo-forever.png\",\"width\":180,\"height\":154,\"caption\":\"92.5 FOREVER Radio\"},\"image\":{\"@id\":\"https:\\\/\\\/foreverfutbol.com.ec\\\/radio\\\/#\\\/schema\\\/logo\\\/image\\\/\"},\"sameAs\":[\"https:\\\/\\\/www.facebook.com\\\/profile.php?id=100063550693491\",\"https:\\\/\\\/x.com\\\/925forever\",\"https:\\\/\\\/www.instagram.com\\\/radioforever925\\\/\"]},{\"@type\":\"Person\",\"@id\":\"https:\\\/\\\/foreverfutbol.com.ec\\\/radio\\\/#\\\/schema\\\/person\\\/2f679dd16f889ac00df6e7b648062a01\",\"name\":\"Ricardo Rodriguez\",\"image\":{\"@type\":\"ImageObject\",\"inLanguage\":\"es\",\"@id\":\"https:\\\/\\\/secure.gravatar.com\\\/avatar\\\/5d9dfb95700bd0c503ed088d29de94822b5cc66a74cb0362774e6fc534823d07?s=96&d=mm&r=g\",\"url\":\"https:\\\/\\\/secure.gravatar.com\\\/avatar\\\/5d9dfb95700bd0c503ed088d29de94822b5cc66a74cb0362774e6fc534823d07?s=96&d=mm&r=g\",\"contentUrl\":\"https:\\\/\\\/secure.gravatar.com\\\/avatar\\\/5d9dfb95700bd0c503ed088d29de94822b5cc66a74cb0362774e6fc534823d07?s=96&d=mm&r=g\",\"caption\":\"Ricardo Rodriguez\"},\"sameAs\":[\"https:\\\/\\\/foreverfutbol.com.ec\\\/radio\"],\"url\":\"https:\\\/\\\/foreverfutbol.com.ec\\\/radio\\\/author\\\/superdmin\\\/\"}]}<\/script>\n<!-- \/ Yoast SEO plugin. -->","yoast_head_json":{"title":"Ecuador aumenta sus exportaciones de banano ante menor producci\u00f3n internacional - 92.5 FOREVER Radio","description":"Ecuador export\u00f3 247,08 millones de cajas de banano hasta julio de 2026, un 8,36 % m\u00e1s, favorecido por la menor producci\u00f3n de competidores.","robots":{"index":"index","follow":"follow","max-snippet":"max-snippet:-1","max-image-preview":"max-image-preview:large","max-video-preview":"max-video-preview:-1"},"canonical":"https:\/\/foreverfutbol.com.ec\/radio\/politica\/ecuador-aumenta-sus-exportaciones-de-banano-ante-menor-produccion-internacional\/","og_locale":"es_ES","og_type":"article","og_title":"Ecuador aumenta sus exportaciones de banano ante menor producci\u00f3n internacional - 92.5 FOREVER Radio","og_description":"Ecuador export\u00f3 247,08 millones de cajas de banano hasta julio de 2026, un 8,36 % m\u00e1s, favorecido por la menor producci\u00f3n de competidores.","og_url":"https:\/\/foreverfutbol.com.ec\/radio\/politica\/ecuador-aumenta-sus-exportaciones-de-banano-ante-menor-produccion-internacional\/","og_site_name":"92.5 FOREVER Radio","article_publisher":"https:\/\/www.facebook.com\/profile.php?id=100063550693491","article_published_time":"2026-08-31T16:39:46+00:00","article_modified_time":"2026-08-31T16:39:47+00:00","author":"Ricardo Rodriguez","twitter_card":"summary_large_image","twitter_creator":"@925forever","twitter_site":"@925forever","twitter_misc":{"Escrito por":"Ricardo Rodriguez","Tiempo de lectura":"3 minutos"},"schema":{"@context":"https:\/\/schema.org","@graph":[{"@type":"Article","@id":"https:\/\/foreverfutbol.com.ec\/radio\/politica\/ecuador-aumenta-sus-exportaciones-de-banano-ante-menor-produccion-internacional\/#article","isPartOf":{"@id":"https:\/\/foreverfutbol.com.ec\/radio\/politica\/ecuador-aumenta-sus-exportaciones-de-banano-ante-menor-produccion-internacional\/"},"author":{"name":"Ricardo Rodriguez","@id":"https:\/\/foreverfutbol.com.ec\/radio\/#\/schema\/person\/2f679dd16f889ac00df6e7b648062a01"},"headline":"Ecuador aumenta sus exportaciones de banano ante menor producci\u00f3n internacional","datePublished":"2026-08-31T16:39:46+00:00","dateModified":"2026-08-31T16:39:47+00:00","mainEntityOfPage":{"@id":"https:\/\/foreverfutbol.com.ec\/radio\/politica\/ecuador-aumenta-sus-exportaciones-de-banano-ante-menor-produccion-internacional\/"},"wordCount":460,"commentCount":0,"publisher":{"@id":"https:\/\/foreverfutbol.com.ec\/radio\/#organization"},"image":{"@id":"https:\/\/foreverfutbol.com.ec\/radio\/politica\/ecuador-aumenta-sus-exportaciones-de-banano-ante-menor-produccion-internacional\/#primaryimage"},"thumbnailUrl":"https:\/\/foreverfutbol.com.ec\/radio\/wp-content\/uploads\/2026\/08\/P2OR6C243NBB3FBYJVSMA5T35Q.avif","articleSection":["Econom\u00eda","Pol\u00edtica"],"inLanguage":"es","potentialAction":[{"@type":"CommentAction","name":"Comment","target":["https:\/\/foreverfutbol.com.ec\/radio\/politica\/ecuador-aumenta-sus-exportaciones-de-banano-ante-menor-produccion-internacional\/#respond"]}]},{"@type":"WebPage","@id":"https:\/\/foreverfutbol.com.ec\/radio\/politica\/ecuador-aumenta-sus-exportaciones-de-banano-ante-menor-produccion-internacional\/","url":"https:\/\/foreverfutbol.com.ec\/radio\/politica\/ecuador-aumenta-sus-exportaciones-de-banano-ante-menor-produccion-internacional\/","name":"Ecuador aumenta sus exportaciones de banano ante menor producci\u00f3n internacional - 92.5 FOREVER Radio","isPartOf":{"@id":"https:\/\/foreverfutbol.com.ec\/radio\/#website"},"primaryImageOfPage":{"@id":"https:\/\/foreverfutbol.com.ec\/radio\/politica\/ecuador-aumenta-sus-exportaciones-de-banano-ante-menor-produccion-internacional\/#primaryimage"},"image":{"@id":"https:\/\/foreverfutbol.com.ec\/radio\/politica\/ecuador-aumenta-sus-exportaciones-de-banano-ante-menor-produccion-internacional\/#primaryimage"},"thumbnailUrl":"https:\/\/foreverfutbol.com.ec\/radio\/wp-content\/uploads\/2026\/08\/P2OR6C243NBB3FBYJVSMA5T35Q.avif","datePublished":"2026-08-31T16:39:46+00:00","dateModified":"2026-08-31T16:39:47+00:00","description":"Ecuador export\u00f3 247,08 millones de cajas de banano hasta julio de 2026, un 8,36 % m\u00e1s, favorecido por la menor producci\u00f3n de competidores.","breadcrumb":{"@id":"https:\/\/foreverfutbol.com.ec\/radio\/politica\/ecuador-aumenta-sus-exportaciones-de-banano-ante-menor-produccion-internacional\/#breadcrumb"},"inLanguage":"es","potentialAction":[{"@type":"ReadAction","target":["https:\/\/foreverfutbol.com.ec\/radio\/politica\/ecuador-aumenta-sus-exportaciones-de-banano-ante-menor-produccion-internacional\/"]}]},{"@type":"ImageObject","inLanguage":"es","@id":"https:\/\/foreverfutbol.com.ec\/radio\/politica\/ecuador-aumenta-sus-exportaciones-de-banano-ante-menor-produccion-internacional\/#primaryimage","url":"https:\/\/foreverfutbol.com.ec\/radio\/wp-content\/uploads\/2026\/08\/P2OR6C243NBB3FBYJVSMA5T35Q.avif","contentUrl":"https:\/\/foreverfutbol.com.ec\/radio\/wp-content\/uploads\/2026\/08\/P2OR6C243NBB3FBYJVSMA5T35Q.avif","width":1005,"height":670,"caption":"Ecuador export\u00f3 247,08 millones de cajas de banano hasta julio de 2026, un 8,36 % m\u00e1s, favorecido por la menor producci\u00f3n de competidores."},{"@type":"BreadcrumbList","@id":"https:\/\/foreverfutbol.com.ec\/radio\/politica\/ecuador-aumenta-sus-exportaciones-de-banano-ante-menor-produccion-internacional\/#breadcrumb","itemListElement":[{"@type":"ListItem","position":1,"name":"Portada","item":"https:\/\/foreverfutbol.com.ec\/radio\/"},{"@type":"ListItem","position":2,"name":"Ecuador aumenta sus exportaciones de banano ante menor producci\u00f3n internacional"}]},{"@type":"WebSite","@id":"https:\/\/foreverfutbol.com.ec\/radio\/#website","url":"https:\/\/foreverfutbol.com.ec\/radio\/","name":"92.5 FOREVER Radio","description":"","publisher":{"@id":"https:\/\/foreverfutbol.com.ec\/radio\/#organization"},"potentialAction":[{"@type":"SearchAction","target":{"@type":"EntryPoint","urlTemplate":"https:\/\/foreverfutbol.com.ec\/radio\/?s={search_term_string}"},"query-input":{"@type":"PropertyValueSpecification","valueRequired":true,"valueName":"search_term_string"}}],"inLanguage":"es"},{"@type":"Organization","@id":"https:\/\/foreverfutbol.com.ec\/radio\/#organization","name":"92.5 FOREVER Radio","url":"https:\/\/foreverfutbol.com.ec\/radio\/","logo":{"@type":"ImageObject","inLanguage":"es","@id":"https:\/\/foreverfutbol.com.ec\/radio\/#\/schema\/logo\/image\/","url":"https:\/\/foreverfutbol.com.ec\/radio\/wp-content\/uploads\/2024\/01\/cropped-logo-forever.png","contentUrl":"https:\/\/foreverfutbol.com.ec\/radio\/wp-content\/uploads\/2024\/01\/cropped-logo-forever.png","width":180,"height":154,"caption":"92.5 FOREVER Radio"},"image":{"@id":"https:\/\/foreverfutbol.com.ec\/radio\/#\/schema\/logo\/image\/"},"sameAs":["https:\/\/www.facebook.com\/profile.php?id=100063550693491","https:\/\/x.com\/925forever","https:\/\/www.instagram.com\/radioforever925\/"]},{"@type":"Person","@id":"https:\/\/foreverfutbol.com.ec\/radio\/#\/schema\/person\/2f679dd16f889ac00df6e7b648062a01","name":"Ricardo Rodriguez","image":{"@type":"ImageObject","inLanguage":"es","@id":"https:\/\/secure.gravatar.com\/avatar\/5d9dfb95700bd0c503ed088d29de94822b5cc66a74cb0362774e6fc534823d07?s=96&d=mm&r=g","url":"https:\/\/secure.gravatar.com\/avatar\/5d9dfb95700bd0c503ed088d29de94822b5cc66a74cb0362774e6fc534823d07?s=96&d=mm&r=g","contentUrl":"https:\/\/secure.gravatar.com\/avatar\/5d9dfb95700bd0c503ed088d29de94822b5cc66a74cb0362774e6fc534823d07?s=96&d=mm&r=g","caption":"Ricardo Rodriguez"},"sameAs":["https:\/\/foreverfutbol.com.ec\/radio"],"url":"https:\/\/foreverfutbol.com.ec\/radio\/author\/superdmin\/"}]}},"_links":{"self":[{"href":"https:\/\/foreverfutbol.com.ec\/radio\/wp-json\/wp\/v2\/posts\/31752","targetHints":{"allow":["GET"]}}],"collection":[{"href":"https:\/\/foreverfutbol.com.ec\/radio\/wp-json\/wp\/v2\/posts"}],"about":[{"href":"https:\/\/foreverfutbol.com.ec\/radio\/wp-json\/wp\/v2\/types\/post"}],"author":[{"embeddable":true,"href":"https:\/\/foreverfutbol.com.ec\/radio\/wp-json\/wp\/v2\/users\/1"}],"replies":[{"embeddable":true,"href":"https:\/\/foreverfutbol.com.ec\/radio\/wp-json\/wp\/v2\/comments?post=31752"}],"version-history":[{"count":1,"href":"https:\/\/foreverfutbol.com.ec\/radio\/wp-json\/wp\/v2\/posts\/31752\/revisions"}],"predecessor-version":[{"id":31754,"href":"https:\/\/foreverfutbol.com.ec\/radio\/wp-json\/wp\/v2\/posts\/31752\/revisions\/31754"}],"wp:featuredmedia":[{"embeddable":true,"href":"https:\/\/foreverfutbol.com.ec\/radio\/wp-json\/wp\/v2\/media\/31753"}],"wp:attachment":[{"href":"https:\/\/foreverfutbol.com.ec\/radio\/wp-json\/wp\/v2\/media?parent=31752"}],"wp:term":[{"taxonomy":"category","embeddable":true,"href":"https:\/\/foreverfutbol.com.ec\/radio\/wp-json\/wp\/v2\/categories?post=31752"},{"taxonomy":"post_tag","embeddable":true,"href":"https:\/\/foreverfutbol.com.ec\/radio\/wp-json\/wp\/v2\/tags?post=31752"}],"curies":[{"name":"wp","href":"https:\/\/api.w.org\/{rel}","templated":true}]}}