{"id":31746,"date":"2026-08-31T11:22:21","date_gmt":"2026-08-31T16:22:21","guid":{"rendered":"https:\/\/foreverfutbol.com.ec\/radio\/?p=31746"},"modified":"2026-08-31T11:22:50","modified_gmt":"2026-08-31T16:22:50","slug":"detienen-a-11-presuntos-integrantes-de-la-banda-freddy-krueger-en-guayaquil","status":"publish","type":"post","link":"https:\/\/foreverfutbol.com.ec\/radio\/seguridad\/detienen-a-11-presuntos-integrantes-de-la-banda-freddy-krueger-en-guayaquil\/","title":{"rendered":"Detienen a 11 presuntos integrantes de la banda Freddy Krueger en Guayaquil"},"content":{"rendered":"\n<p class=\"wp-block-paragraph\"><strong>Once personas fueron aprehendidas este lunes 31 de agosto en el sector Reina del Quinche, al sur de Guayaquil<\/strong>, durante un operativo ejecutado por la Polic\u00eda Nacional tras labores de inteligencia y seguimiento.<\/p>\n\n\n\n<p class=\"wp-block-paragraph\">La intervenci\u00f3n se realiz\u00f3 en un predio donde, seg\u00fan las investigaciones, se reun\u00edan personas presuntamente vinculadas con la <strong>banda Freddy Krueger<\/strong>, organizaci\u00f3n delictiva que tendr\u00eda presencia en sectores del sur de la ciudad.<\/p>\n\n\n\n<h2 class=\"wp-block-heading\">Polic\u00eda intervino un predio en Reina del Quinche<\/h2>\n\n\n\n<p class=\"wp-block-paragraph\">El operativo se desarroll\u00f3 durante la madrugada, luego de que los agentes obtuvieran informaci\u00f3n sobre una reuni\u00f3n que se preparaba en el inmueble. De acuerdo con la Polic\u00eda, en el lugar se esperaba la presencia de <strong>m\u00e1s de medio centenar de personas<\/strong>.<\/p>\n\n\n\n<p class=\"wp-block-paragraph\">Los uniformados ingresaron al predio y realizaron controles a quienes se encontraban en el sitio. Como resultado, <strong>diez hombres y una mujer fueron aprehendidos<\/strong> por sus presuntos v\u00ednculos con la estructura delictiva.<\/p>\n\n\n\n<p class=\"wp-block-paragraph\">El comandante subrogante de la Zona 8, Juan Carlos Soria, se\u00f1al\u00f3 que ocho de los hombres registran antecedentes relacionados con <strong>tenencia de armas de fuego, asociaci\u00f3n il\u00edcita, robo y porte ilegal de sustancias sujetas a fiscalizaci\u00f3n<\/strong>.<\/p>\n\n\n\n<h2 class=\"wp-block-heading\">Decomisan tres armas de fuego<\/h2>\n\n\n\n<p class=\"wp-block-paragraph\">Durante la operaci\u00f3n, los agentes encontraron <strong>tres armas de fuego<\/strong>, entre ellas dos pistolas y un rev\u00f3lver calibre .38 mil\u00edmetros.<\/p>\n\n\n\n<p class=\"wp-block-paragraph\">Tambi\u00e9n fueron decomisadas <strong>seis municiones y una alimentadora<\/strong>, evidencias que fueron trasladadas junto con los detenidos para continuar con las diligencias correspondientes.<\/p>\n\n\n\n<p class=\"wp-block-paragraph\">La Polic\u00eda realizar\u00e1 pericias sobre las armas para establecer su posible relaci\u00f3n con otros hechos violentos registrados en <strong>Guayaquil y diferentes zonas del Ecuador<\/strong>.<\/p>\n\n\n\n<h2 class=\"wp-block-heading\">Investigaci\u00f3n apunta a la banda Freddy Krueger<\/h2>\n\n\n\n<p class=\"wp-block-paragraph\">Las autoridades investigan ahora el papel que habr\u00edan desempe\u00f1ado los once aprehendidos dentro de la organizaci\u00f3n. La Polic\u00eda busca determinar si manten\u00edan funciones espec\u00edficas o conexiones con otros integrantes de la estructura.<\/p>\n\n\n\n<p class=\"wp-block-paragraph\">La <strong>banda Freddy Krueger<\/strong> es se\u00f1alada por las autoridades como una organizaci\u00f3n con influencia en sectores del sur de Guayaquil, especialmente en zonas correspondientes al distrito Portete, que incluye \u00e1reas del suburbio y suroeste de la ciudad.<\/p>\n\n\n\n<p class=\"wp-block-paragraph\">Soria tambi\u00e9n destac\u00f3 la importancia de los <strong>c\u00f3digos QR utilizados para recibir informaci\u00f3n ciudadana<\/strong>, cuyos reportes son analizados por equipos policiales y pueden contribuir a identificar actividades relacionadas con organizaciones delictivas.<\/p>\n\n\n\n<p class=\"wp-block-paragraph\">Los detenidos fueron trasladados al <strong>Cuartel Modelo<\/strong>, donde quedaron a disposici\u00f3n de las autoridades judiciales para las diligencias correspondientes. La mujer aprehendida, por su parte, deb\u00eda completar previamente los ex\u00e1menes m\u00e9dicos para continuar con el procedimiento.<\/p>\n\n\n\n<p class=\"wp-block-paragraph\"><\/p>\n","protected":false},"excerpt":{"rendered":"<p>Once personas fueron aprehendidas este lunes 31 de agosto en el sector Reina del Quinche, al sur de Guayaquil, durante un operativo ejecutado por la Polic\u00eda Nacional tras labores de inteligencia y seguimiento. La intervenci\u00f3n se realiz\u00f3 en un predio donde, seg\u00fan las investigaciones, se reun\u00edan personas presuntamente vinculadas con la banda Freddy Krueger, organizaci\u00f3n [&hellip;]<\/p>\n","protected":false},"author":1,"featured_media":31747,"comment_status":"open","ping_status":"open","sticky":false,"template":"","format":"standard","meta":{"footnotes":""},"categories":[143],"tags":[],"class_list":["post-31746","post","type-post","status-publish","format-standard","has-post-thumbnail","hentry","category-seguridad"],"yoast_head":"<!-- This site is optimized with the Yoast SEO plugin v28.3 - https:\/\/yoast.com\/product\/yoast-seo-wordpress\/ -->\n<title>Detienen a 11 presuntos integrantes de la banda Freddy Krueger en Guayaquil - 92.5 FOREVER Radio<\/title>\n<meta name=\"description\" content=\"Once presuntos integrantes de la banda Freddy Krueger fueron detenidos en Guayaquil. La Polic\u00eda decomis\u00f3 tres armas de fuego\" \/>\n<meta name=\"robots\" content=\"index, follow, max-snippet:-1, max-image-preview:large, max-video-preview:-1\" \/>\n<link rel=\"canonical\" href=\"https:\/\/foreverfutbol.com.ec\/radio\/seguridad\/detienen-a-11-presuntos-integrantes-de-la-banda-freddy-krueger-en-guayaquil\/\" \/>\n<meta property=\"og:locale\" content=\"es_ES\" \/>\n<meta property=\"og:type\" content=\"article\" \/>\n<meta property=\"og:title\" content=\"Detienen a 11 presuntos integrantes de la banda Freddy Krueger en Guayaquil - 92.5 FOREVER Radio\" \/>\n<meta property=\"og:description\" content=\"Once presuntos integrantes de la banda Freddy Krueger fueron detenidos en Guayaquil. La Polic\u00eda decomis\u00f3 tres armas de fuego\" \/>\n<meta property=\"og:url\" content=\"https:\/\/foreverfutbol.com.ec\/radio\/seguridad\/detienen-a-11-presuntos-integrantes-de-la-banda-freddy-krueger-en-guayaquil\/\" \/>\n<meta property=\"og:site_name\" content=\"92.5 FOREVER Radio\" \/>\n<meta property=\"article:publisher\" content=\"https:\/\/www.facebook.com\/profile.php?id=100063550693491\" \/>\n<meta property=\"article:published_time\" content=\"2026-08-31T16:22:21+00:00\" \/>\n<meta property=\"article:modified_time\" content=\"2026-08-31T16:22:50+00:00\" \/>\n<meta name=\"author\" content=\"Ricardo Rodriguez\" \/>\n<meta name=\"twitter:card\" content=\"summary_large_image\" \/>\n<meta name=\"twitter:creator\" content=\"@925forever\" \/>\n<meta name=\"twitter:site\" content=\"@925forever\" \/>\n<meta name=\"twitter:label1\" content=\"Escrito por\" \/>\n\t<meta name=\"twitter:data1\" content=\"Ricardo Rodriguez\" \/>\n\t<meta name=\"twitter:label2\" content=\"Tiempo de lectura\" \/>\n\t<meta name=\"twitter:data2\" content=\"3 minutos\" \/>\n<script type=\"application\/ld+json\" class=\"yoast-schema-graph\">{\"@context\":\"https:\\\/\\\/schema.org\",\"@graph\":[{\"@type\":\"Article\",\"@id\":\"https:\\\/\\\/foreverfutbol.com.ec\\\/radio\\\/seguridad\\\/detienen-a-11-presuntos-integrantes-de-la-banda-freddy-krueger-en-guayaquil\\\/#article\",\"isPartOf\":{\"@id\":\"https:\\\/\\\/foreverfutbol.com.ec\\\/radio\\\/seguridad\\\/detienen-a-11-presuntos-integrantes-de-la-banda-freddy-krueger-en-guayaquil\\\/\"},\"author\":{\"name\":\"Ricardo Rodriguez\",\"@id\":\"https:\\\/\\\/foreverfutbol.com.ec\\\/radio\\\/#\\\/schema\\\/person\\\/2f679dd16f889ac00df6e7b648062a01\"},\"headline\":\"Detienen a 11 presuntos integrantes de la banda Freddy Krueger en Guayaquil\",\"datePublished\":\"2026-08-31T16:22:21+00:00\",\"dateModified\":\"2026-08-31T16:22:50+00:00\",\"mainEntityOfPage\":{\"@id\":\"https:\\\/\\\/foreverfutbol.com.ec\\\/radio\\\/seguridad\\\/detienen-a-11-presuntos-integrantes-de-la-banda-freddy-krueger-en-guayaquil\\\/\"},\"wordCount\":444,\"commentCount\":0,\"publisher\":{\"@id\":\"https:\\\/\\\/foreverfutbol.com.ec\\\/radio\\\/#organization\"},\"image\":{\"@id\":\"https:\\\/\\\/foreverfutbol.com.ec\\\/radio\\\/seguridad\\\/detienen-a-11-presuntos-integrantes-de-la-banda-freddy-krueger-en-guayaquil\\\/#primaryimage\"},\"thumbnailUrl\":\"https:\\\/\\\/foreverfutbol.com.ec\\\/radio\\\/wp-content\\\/uploads\\\/2026\\\/08\\\/3GDTEAE7R5GUFA4ISCIQMZKHJ4-1.avif\",\"articleSection\":[\"Seguridad\"],\"inLanguage\":\"es\",\"potentialAction\":[{\"@type\":\"CommentAction\",\"name\":\"Comment\",\"target\":[\"https:\\\/\\\/foreverfutbol.com.ec\\\/radio\\\/seguridad\\\/detienen-a-11-presuntos-integrantes-de-la-banda-freddy-krueger-en-guayaquil\\\/#respond\"]}]},{\"@type\":\"WebPage\",\"@id\":\"https:\\\/\\\/foreverfutbol.com.ec\\\/radio\\\/seguridad\\\/detienen-a-11-presuntos-integrantes-de-la-banda-freddy-krueger-en-guayaquil\\\/\",\"url\":\"https:\\\/\\\/foreverfutbol.com.ec\\\/radio\\\/seguridad\\\/detienen-a-11-presuntos-integrantes-de-la-banda-freddy-krueger-en-guayaquil\\\/\",\"name\":\"Detienen a 11 presuntos integrantes de la banda Freddy Krueger en Guayaquil - 92.5 FOREVER Radio\",\"isPartOf\":{\"@id\":\"https:\\\/\\\/foreverfutbol.com.ec\\\/radio\\\/#website\"},\"primaryImageOfPage\":{\"@id\":\"https:\\\/\\\/foreverfutbol.com.ec\\\/radio\\\/seguridad\\\/detienen-a-11-presuntos-integrantes-de-la-banda-freddy-krueger-en-guayaquil\\\/#primaryimage\"},\"image\":{\"@id\":\"https:\\\/\\\/foreverfutbol.com.ec\\\/radio\\\/seguridad\\\/detienen-a-11-presuntos-integrantes-de-la-banda-freddy-krueger-en-guayaquil\\\/#primaryimage\"},\"thumbnailUrl\":\"https:\\\/\\\/foreverfutbol.com.ec\\\/radio\\\/wp-content\\\/uploads\\\/2026\\\/08\\\/3GDTEAE7R5GUFA4ISCIQMZKHJ4-1.avif\",\"datePublished\":\"2026-08-31T16:22:21+00:00\",\"dateModified\":\"2026-08-31T16:22:50+00:00\",\"description\":\"Once presuntos integrantes de la banda Freddy Krueger fueron detenidos en Guayaquil. La Polic\u00eda decomis\u00f3 tres armas de fuego\",\"breadcrumb\":{\"@id\":\"https:\\\/\\\/foreverfutbol.com.ec\\\/radio\\\/seguridad\\\/detienen-a-11-presuntos-integrantes-de-la-banda-freddy-krueger-en-guayaquil\\\/#breadcrumb\"},\"inLanguage\":\"es\",\"potentialAction\":[{\"@type\":\"ReadAction\",\"target\":[\"https:\\\/\\\/foreverfutbol.com.ec\\\/radio\\\/seguridad\\\/detienen-a-11-presuntos-integrantes-de-la-banda-freddy-krueger-en-guayaquil\\\/\"]}]},{\"@type\":\"ImageObject\",\"inLanguage\":\"es\",\"@id\":\"https:\\\/\\\/foreverfutbol.com.ec\\\/radio\\\/seguridad\\\/detienen-a-11-presuntos-integrantes-de-la-banda-freddy-krueger-en-guayaquil\\\/#primaryimage\",\"url\":\"https:\\\/\\\/foreverfutbol.com.ec\\\/radio\\\/wp-content\\\/uploads\\\/2026\\\/08\\\/3GDTEAE7R5GUFA4ISCIQMZKHJ4-1.avif\",\"contentUrl\":\"https:\\\/\\\/foreverfutbol.com.ec\\\/radio\\\/wp-content\\\/uploads\\\/2026\\\/08\\\/3GDTEAE7R5GUFA4ISCIQMZKHJ4-1.avif\",\"width\":1190,\"height\":670,\"caption\":\"Detienen a 11 presuntos integrantes de la banda Freddy Krueger en Guayaquil\"},{\"@type\":\"BreadcrumbList\",\"@id\":\"https:\\\/\\\/foreverfutbol.com.ec\\\/radio\\\/seguridad\\\/detienen-a-11-presuntos-integrantes-de-la-banda-freddy-krueger-en-guayaquil\\\/#breadcrumb\",\"itemListElement\":[{\"@type\":\"ListItem\",\"position\":1,\"name\":\"Portada\",\"item\":\"https:\\\/\\\/foreverfutbol.com.ec\\\/radio\\\/\"},{\"@type\":\"ListItem\",\"position\":2,\"name\":\"Detienen a 11 presuntos integrantes de la banda Freddy Krueger en Guayaquil\"}]},{\"@type\":\"WebSite\",\"@id\":\"https:\\\/\\\/foreverfutbol.com.ec\\\/radio\\\/#website\",\"url\":\"https:\\\/\\\/foreverfutbol.com.ec\\\/radio\\\/\",\"name\":\"92.5 FOREVER Radio\",\"description\":\"\",\"publisher\":{\"@id\":\"https:\\\/\\\/foreverfutbol.com.ec\\\/radio\\\/#organization\"},\"potentialAction\":[{\"@type\":\"SearchAction\",\"target\":{\"@type\":\"EntryPoint\",\"urlTemplate\":\"https:\\\/\\\/foreverfutbol.com.ec\\\/radio\\\/?s={search_term_string}\"},\"query-input\":{\"@type\":\"PropertyValueSpecification\",\"valueRequired\":true,\"valueName\":\"search_term_string\"}}],\"inLanguage\":\"es\"},{\"@type\":\"Organization\",\"@id\":\"https:\\\/\\\/foreverfutbol.com.ec\\\/radio\\\/#organization\",\"name\":\"92.5 FOREVER Radio\",\"url\":\"https:\\\/\\\/foreverfutbol.com.ec\\\/radio\\\/\",\"logo\":{\"@type\":\"ImageObject\",\"inLanguage\":\"es\",\"@id\":\"https:\\\/\\\/foreverfutbol.com.ec\\\/radio\\\/#\\\/schema\\\/logo\\\/image\\\/\",\"url\":\"https:\\\/\\\/foreverfutbol.com.ec\\\/radio\\\/wp-content\\\/uploads\\\/2024\\\/01\\\/cropped-logo-forever.png\",\"contentUrl\":\"https:\\\/\\\/foreverfutbol.com.ec\\\/radio\\\/wp-content\\\/uploads\\\/2024\\\/01\\\/cropped-logo-forever.png\",\"width\":180,\"height\":154,\"caption\":\"92.5 FOREVER Radio\"},\"image\":{\"@id\":\"https:\\\/\\\/foreverfutbol.com.ec\\\/radio\\\/#\\\/schema\\\/logo\\\/image\\\/\"},\"sameAs\":[\"https:\\\/\\\/www.facebook.com\\\/profile.php?id=100063550693491\",\"https:\\\/\\\/x.com\\\/925forever\",\"https:\\\/\\\/www.instagram.com\\\/radioforever925\\\/\"]},{\"@type\":\"Person\",\"@id\":\"https:\\\/\\\/foreverfutbol.com.ec\\\/radio\\\/#\\\/schema\\\/person\\\/2f679dd16f889ac00df6e7b648062a01\",\"name\":\"Ricardo Rodriguez\",\"image\":{\"@type\":\"ImageObject\",\"inLanguage\":\"es\",\"@id\":\"https:\\\/\\\/secure.gravatar.com\\\/avatar\\\/5d9dfb95700bd0c503ed088d29de94822b5cc66a74cb0362774e6fc534823d07?s=96&d=mm&r=g\",\"url\":\"https:\\\/\\\/secure.gravatar.com\\\/avatar\\\/5d9dfb95700bd0c503ed088d29de94822b5cc66a74cb0362774e6fc534823d07?s=96&d=mm&r=g\",\"contentUrl\":\"https:\\\/\\\/secure.gravatar.com\\\/avatar\\\/5d9dfb95700bd0c503ed088d29de94822b5cc66a74cb0362774e6fc534823d07?s=96&d=mm&r=g\",\"caption\":\"Ricardo Rodriguez\"},\"sameAs\":[\"https:\\\/\\\/foreverfutbol.com.ec\\\/radio\"],\"url\":\"https:\\\/\\\/foreverfutbol.com.ec\\\/radio\\\/author\\\/superdmin\\\/\"}]}<\/script>\n<!-- \/ Yoast SEO plugin. -->","yoast_head_json":{"title":"Detienen a 11 presuntos integrantes de la banda Freddy Krueger en Guayaquil - 92.5 FOREVER Radio","description":"Once presuntos integrantes de la banda Freddy Krueger fueron detenidos en Guayaquil. La Polic\u00eda decomis\u00f3 tres armas de fuego","robots":{"index":"index","follow":"follow","max-snippet":"max-snippet:-1","max-image-preview":"max-image-preview:large","max-video-preview":"max-video-preview:-1"},"canonical":"https:\/\/foreverfutbol.com.ec\/radio\/seguridad\/detienen-a-11-presuntos-integrantes-de-la-banda-freddy-krueger-en-guayaquil\/","og_locale":"es_ES","og_type":"article","og_title":"Detienen a 11 presuntos integrantes de la banda Freddy Krueger en Guayaquil - 92.5 FOREVER Radio","og_description":"Once presuntos integrantes de la banda Freddy Krueger fueron detenidos en Guayaquil. La Polic\u00eda decomis\u00f3 tres armas de fuego","og_url":"https:\/\/foreverfutbol.com.ec\/radio\/seguridad\/detienen-a-11-presuntos-integrantes-de-la-banda-freddy-krueger-en-guayaquil\/","og_site_name":"92.5 FOREVER Radio","article_publisher":"https:\/\/www.facebook.com\/profile.php?id=100063550693491","article_published_time":"2026-08-31T16:22:21+00:00","article_modified_time":"2026-08-31T16:22:50+00:00","author":"Ricardo Rodriguez","twitter_card":"summary_large_image","twitter_creator":"@925forever","twitter_site":"@925forever","twitter_misc":{"Escrito por":"Ricardo Rodriguez","Tiempo de lectura":"3 minutos"},"schema":{"@context":"https:\/\/schema.org","@graph":[{"@type":"Article","@id":"https:\/\/foreverfutbol.com.ec\/radio\/seguridad\/detienen-a-11-presuntos-integrantes-de-la-banda-freddy-krueger-en-guayaquil\/#article","isPartOf":{"@id":"https:\/\/foreverfutbol.com.ec\/radio\/seguridad\/detienen-a-11-presuntos-integrantes-de-la-banda-freddy-krueger-en-guayaquil\/"},"author":{"name":"Ricardo Rodriguez","@id":"https:\/\/foreverfutbol.com.ec\/radio\/#\/schema\/person\/2f679dd16f889ac00df6e7b648062a01"},"headline":"Detienen a 11 presuntos integrantes de la banda Freddy Krueger en Guayaquil","datePublished":"2026-08-31T16:22:21+00:00","dateModified":"2026-08-31T16:22:50+00:00","mainEntityOfPage":{"@id":"https:\/\/foreverfutbol.com.ec\/radio\/seguridad\/detienen-a-11-presuntos-integrantes-de-la-banda-freddy-krueger-en-guayaquil\/"},"wordCount":444,"commentCount":0,"publisher":{"@id":"https:\/\/foreverfutbol.com.ec\/radio\/#organization"},"image":{"@id":"https:\/\/foreverfutbol.com.ec\/radio\/seguridad\/detienen-a-11-presuntos-integrantes-de-la-banda-freddy-krueger-en-guayaquil\/#primaryimage"},"thumbnailUrl":"https:\/\/foreverfutbol.com.ec\/radio\/wp-content\/uploads\/2026\/08\/3GDTEAE7R5GUFA4ISCIQMZKHJ4-1.avif","articleSection":["Seguridad"],"inLanguage":"es","potentialAction":[{"@type":"CommentAction","name":"Comment","target":["https:\/\/foreverfutbol.com.ec\/radio\/seguridad\/detienen-a-11-presuntos-integrantes-de-la-banda-freddy-krueger-en-guayaquil\/#respond"]}]},{"@type":"WebPage","@id":"https:\/\/foreverfutbol.com.ec\/radio\/seguridad\/detienen-a-11-presuntos-integrantes-de-la-banda-freddy-krueger-en-guayaquil\/","url":"https:\/\/foreverfutbol.com.ec\/radio\/seguridad\/detienen-a-11-presuntos-integrantes-de-la-banda-freddy-krueger-en-guayaquil\/","name":"Detienen a 11 presuntos integrantes de la banda Freddy Krueger en Guayaquil - 92.5 FOREVER Radio","isPartOf":{"@id":"https:\/\/foreverfutbol.com.ec\/radio\/#website"},"primaryImageOfPage":{"@id":"https:\/\/foreverfutbol.com.ec\/radio\/seguridad\/detienen-a-11-presuntos-integrantes-de-la-banda-freddy-krueger-en-guayaquil\/#primaryimage"},"image":{"@id":"https:\/\/foreverfutbol.com.ec\/radio\/seguridad\/detienen-a-11-presuntos-integrantes-de-la-banda-freddy-krueger-en-guayaquil\/#primaryimage"},"thumbnailUrl":"https:\/\/foreverfutbol.com.ec\/radio\/wp-content\/uploads\/2026\/08\/3GDTEAE7R5GUFA4ISCIQMZKHJ4-1.avif","datePublished":"2026-08-31T16:22:21+00:00","dateModified":"2026-08-31T16:22:50+00:00","description":"Once presuntos integrantes de la banda Freddy Krueger fueron detenidos en Guayaquil. La Polic\u00eda decomis\u00f3 tres armas de fuego","breadcrumb":{"@id":"https:\/\/foreverfutbol.com.ec\/radio\/seguridad\/detienen-a-11-presuntos-integrantes-de-la-banda-freddy-krueger-en-guayaquil\/#breadcrumb"},"inLanguage":"es","potentialAction":[{"@type":"ReadAction","target":["https:\/\/foreverfutbol.com.ec\/radio\/seguridad\/detienen-a-11-presuntos-integrantes-de-la-banda-freddy-krueger-en-guayaquil\/"]}]},{"@type":"ImageObject","inLanguage":"es","@id":"https:\/\/foreverfutbol.com.ec\/radio\/seguridad\/detienen-a-11-presuntos-integrantes-de-la-banda-freddy-krueger-en-guayaquil\/#primaryimage","url":"https:\/\/foreverfutbol.com.ec\/radio\/wp-content\/uploads\/2026\/08\/3GDTEAE7R5GUFA4ISCIQMZKHJ4-1.avif","contentUrl":"https:\/\/foreverfutbol.com.ec\/radio\/wp-content\/uploads\/2026\/08\/3GDTEAE7R5GUFA4ISCIQMZKHJ4-1.avif","width":1190,"height":670,"caption":"Detienen a 11 presuntos integrantes de la banda Freddy Krueger en Guayaquil"},{"@type":"BreadcrumbList","@id":"https:\/\/foreverfutbol.com.ec\/radio\/seguridad\/detienen-a-11-presuntos-integrantes-de-la-banda-freddy-krueger-en-guayaquil\/#breadcrumb","itemListElement":[{"@type":"ListItem","position":1,"name":"Portada","item":"https:\/\/foreverfutbol.com.ec\/radio\/"},{"@type":"ListItem","position":2,"name":"Detienen a 11 presuntos integrantes de la banda Freddy Krueger en Guayaquil"}]},{"@type":"WebSite","@id":"https:\/\/foreverfutbol.com.ec\/radio\/#website","url":"https:\/\/foreverfutbol.com.ec\/radio\/","name":"92.5 FOREVER Radio","description":"","publisher":{"@id":"https:\/\/foreverfutbol.com.ec\/radio\/#organization"},"potentialAction":[{"@type":"SearchAction","target":{"@type":"EntryPoint","urlTemplate":"https:\/\/foreverfutbol.com.ec\/radio\/?s={search_term_string}"},"query-input":{"@type":"PropertyValueSpecification","valueRequired":true,"valueName":"search_term_string"}}],"inLanguage":"es"},{"@type":"Organization","@id":"https:\/\/foreverfutbol.com.ec\/radio\/#organization","name":"92.5 FOREVER Radio","url":"https:\/\/foreverfutbol.com.ec\/radio\/","logo":{"@type":"ImageObject","inLanguage":"es","@id":"https:\/\/foreverfutbol.com.ec\/radio\/#\/schema\/logo\/image\/","url":"https:\/\/foreverfutbol.com.ec\/radio\/wp-content\/uploads\/2024\/01\/cropped-logo-forever.png","contentUrl":"https:\/\/foreverfutbol.com.ec\/radio\/wp-content\/uploads\/2024\/01\/cropped-logo-forever.png","width":180,"height":154,"caption":"92.5 FOREVER Radio"},"image":{"@id":"https:\/\/foreverfutbol.com.ec\/radio\/#\/schema\/logo\/image\/"},"sameAs":["https:\/\/www.facebook.com\/profile.php?id=100063550693491","https:\/\/x.com\/925forever","https:\/\/www.instagram.com\/radioforever925\/"]},{"@type":"Person","@id":"https:\/\/foreverfutbol.com.ec\/radio\/#\/schema\/person\/2f679dd16f889ac00df6e7b648062a01","name":"Ricardo Rodriguez","image":{"@type":"ImageObject","inLanguage":"es","@id":"https:\/\/secure.gravatar.com\/avatar\/5d9dfb95700bd0c503ed088d29de94822b5cc66a74cb0362774e6fc534823d07?s=96&d=mm&r=g","url":"https:\/\/secure.gravatar.com\/avatar\/5d9dfb95700bd0c503ed088d29de94822b5cc66a74cb0362774e6fc534823d07?s=96&d=mm&r=g","contentUrl":"https:\/\/secure.gravatar.com\/avatar\/5d9dfb95700bd0c503ed088d29de94822b5cc66a74cb0362774e6fc534823d07?s=96&d=mm&r=g","caption":"Ricardo Rodriguez"},"sameAs":["https:\/\/foreverfutbol.com.ec\/radio"],"url":"https:\/\/foreverfutbol.com.ec\/radio\/author\/superdmin\/"}]}},"_links":{"self":[{"href":"https:\/\/foreverfutbol.com.ec\/radio\/wp-json\/wp\/v2\/posts\/31746","targetHints":{"allow":["GET"]}}],"collection":[{"href":"https:\/\/foreverfutbol.com.ec\/radio\/wp-json\/wp\/v2\/posts"}],"about":[{"href":"https:\/\/foreverfutbol.com.ec\/radio\/wp-json\/wp\/v2\/types\/post"}],"author":[{"embeddable":true,"href":"https:\/\/foreverfutbol.com.ec\/radio\/wp-json\/wp\/v2\/users\/1"}],"replies":[{"embeddable":true,"href":"https:\/\/foreverfutbol.com.ec\/radio\/wp-json\/wp\/v2\/comments?post=31746"}],"version-history":[{"count":1,"href":"https:\/\/foreverfutbol.com.ec\/radio\/wp-json\/wp\/v2\/posts\/31746\/revisions"}],"predecessor-version":[{"id":31748,"href":"https:\/\/foreverfutbol.com.ec\/radio\/wp-json\/wp\/v2\/posts\/31746\/revisions\/31748"}],"wp:featuredmedia":[{"embeddable":true,"href":"https:\/\/foreverfutbol.com.ec\/radio\/wp-json\/wp\/v2\/media\/31747"}],"wp:attachment":[{"href":"https:\/\/foreverfutbol.com.ec\/radio\/wp-json\/wp\/v2\/media?parent=31746"}],"wp:term":[{"taxonomy":"category","embeddable":true,"href":"https:\/\/foreverfutbol.com.ec\/radio\/wp-json\/wp\/v2\/categories?post=31746"},{"taxonomy":"post_tag","embeddable":true,"href":"https:\/\/foreverfutbol.com.ec\/radio\/wp-json\/wp\/v2\/tags?post=31746"}],"curies":[{"name":"wp","href":"https:\/\/api.w.org\/{rel}","templated":true}]}}