{"id":29365,"date":"2026-05-12T10:41:59","date_gmt":"2026-05-12T15:41:59","guid":{"rendered":"https:\/\/foreverfutbol.com.ec\/radio\/?p=29365"},"modified":"2026-05-12T10:44:44","modified_gmt":"2026-05-12T15:44:44","slug":"hantavirus-y-la-cuarentena-de-42-dias-en-el-mv-hondius-explicacion-sanitaria","status":"publish","type":"post","link":"https:\/\/foreverfutbol.com.ec\/radio\/salud\/hantavirus-y-la-cuarentena-de-42-dias-en-el-mv-hondius-explicacion-sanitaria\/","title":{"rendered":"Hantavirus y la cuarentena de 42 d\u00edas en el MV Hondius: explicaci\u00f3n sanitaria"},"content":{"rendered":"\n<p class=\"wp-block-paragraph\">El establecimiento de una <strong>cuarentena de 42 d\u00edas<\/strong> para las personas que estuvieron a bordo del barco <strong>MV Hondius<\/strong> ha generado atenci\u00f3n internacional debido al brote de <strong>hantavirus<\/strong>, una enfermedad poco frecuente pero de alta peligrosidad. Esta medida sanitaria responde a criterios epidemiol\u00f3gicos estrictos basados en el comportamiento del virus y su periodo de incubaci\u00f3n.<\/p>\n\n\n\n<p class=\"wp-block-paragraph\">El hantavirus, especialmente en su variante Andes, presenta una caracter\u00edstica clave que lo diferencia de otros virus respiratorios: su <strong>periodo de incubaci\u00f3n puede variar entre una y seis semanas<\/strong>. Esto significa que una persona infectada puede no mostrar s\u00edntomas durante un tiempo prolongado, lo que dificulta su detecci\u00f3n temprana y aumenta el riesgo de transmisi\u00f3n sin control.<\/p>\n\n\n\n<p class=\"wp-block-paragraph\">A diferencia de enfermedades como el COVID-19 o el SARS, donde los periodos de cuarentena suelen ser m\u00e1s cortos, el hantavirus exige un seguimiento m\u00e1s extenso debido a la aparici\u00f3n tard\u00eda de los s\u00edntomas. Durante este tiempo, los infectados pueden desarrollar fiebre, dolores musculares, fatiga y, en casos graves, complicaciones respiratorias severas.<\/p>\n\n\n\n<p class=\"wp-block-paragraph\">Los expertos se\u00f1alan que el contagio del hantavirus no ocurre de forma casual. Se requiere un <strong>contacto estrecho y prolongado<\/strong>, como compartir espacios cerrados, atender a un enfermo sin protecci\u00f3n adecuada o manipular objetos contaminados con fluidos. No se transmite por encuentros breves ni por contacto superficial, lo que reduce su capacidad de propagaci\u00f3n masiva.<\/p>\n\n\n\n<p class=\"wp-block-paragraph\">El caso del MV Hondius llev\u00f3 a las autoridades sanitarias a activar protocolos internacionales de emergencia. Los pasajeros fueron repatriados y sometidos a vigilancia m\u00e9dica estricta, mientras se realizan pruebas para detectar posibles infecciones. Algunos ya han presentado s\u00edntomas dentro del periodo de observaci\u00f3n, lo que confirma la necesidad del aislamiento prolongado.<\/p>\n\n\n\n<p class=\"wp-block-paragraph\">El objetivo principal de la cuarentena es evitar la propagaci\u00f3n silenciosa del virus en personas que a\u00fan no desarrollan s\u00edntomas. Los especialistas advierten que interrumpir el monitoreo antes de tiempo podr\u00eda permitir nuevos brotes en diferentes pa\u00edses.<\/p>\n\n\n\n<p class=\"wp-block-paragraph\">Adem\u00e1s, los epidemi\u00f3logos insisten en la importancia de mantener controles estrictos sobre todos los contactos identificados, ya que cualquier fallo en la vigilancia podr\u00eda facilitar la expansi\u00f3n del virus hacia nuevas cadenas de transmisi\u00f3n.<\/p>\n","protected":false},"excerpt":{"rendered":"<p>El establecimiento de una cuarentena de 42 d\u00edas para las personas que estuvieron a bordo del barco MV Hondius ha generado atenci\u00f3n internacional debido al brote de hantavirus, una enfermedad poco frecuente pero de alta peligrosidad. Esta medida sanitaria responde a criterios epidemiol\u00f3gicos estrictos basados en el comportamiento del virus y su periodo de incubaci\u00f3n. [&hellip;]<\/p>\n","protected":false},"author":1,"featured_media":29366,"comment_status":"open","ping_status":"open","sticky":false,"template":"","format":"standard","meta":{"footnotes":""},"categories":[178,165],"tags":[],"class_list":["post-29365","post","type-post","status-publish","format-standard","has-post-thumbnail","hentry","category-hantavirus","category-salud"],"yoast_head":"<!-- This site is optimized with the Yoast SEO plugin v28.3 - https:\/\/yoast.com\/product\/yoast-seo-wordpress\/ -->\n<title>Hantavirus y la cuarentena de 42 d\u00edas en el MV Hondius: explicaci\u00f3n sanitaria - 92.5 FOREVER Radio<\/title>\n<meta name=\"description\" content=\"Cuarentena de 42 d\u00edas por hantavirus en el MV Hondius: explicaci\u00f3n del periodo de incubaci\u00f3n, contagio, riesgos y medidas sanitarias\" \/>\n<meta name=\"robots\" content=\"index, follow, max-snippet:-1, max-image-preview:large, max-video-preview:-1\" \/>\n<link rel=\"canonical\" href=\"https:\/\/foreverfutbol.com.ec\/radio\/salud\/hantavirus-y-la-cuarentena-de-42-dias-en-el-mv-hondius-explicacion-sanitaria\/\" \/>\n<meta property=\"og:locale\" content=\"es_ES\" \/>\n<meta property=\"og:type\" content=\"article\" \/>\n<meta property=\"og:title\" content=\"Hantavirus y la cuarentena de 42 d\u00edas en el MV Hondius: explicaci\u00f3n sanitaria - 92.5 FOREVER Radio\" \/>\n<meta property=\"og:description\" content=\"Cuarentena de 42 d\u00edas por hantavirus en el MV Hondius: explicaci\u00f3n del periodo de incubaci\u00f3n, contagio, riesgos y medidas sanitarias\" \/>\n<meta property=\"og:url\" content=\"https:\/\/foreverfutbol.com.ec\/radio\/salud\/hantavirus-y-la-cuarentena-de-42-dias-en-el-mv-hondius-explicacion-sanitaria\/\" \/>\n<meta property=\"og:site_name\" content=\"92.5 FOREVER Radio\" \/>\n<meta property=\"article:publisher\" content=\"https:\/\/www.facebook.com\/profile.php?id=100063550693491\" \/>\n<meta property=\"article:published_time\" content=\"2026-05-12T15:41:59+00:00\" \/>\n<meta property=\"article:modified_time\" content=\"2026-05-12T15:44:44+00:00\" \/>\n<meta property=\"og:image\" content=\"https:\/\/foreverfutbol.com.ec\/radio\/wp-content\/uploads\/2026\/05\/image-42-5.webp\" \/>\n\t<meta property=\"og:image:width\" content=\"1004\" \/>\n\t<meta property=\"og:image:height\" content=\"670\" \/>\n\t<meta property=\"og:image:type\" content=\"image\/webp\" \/>\n<meta name=\"author\" content=\"Ricardo Rodriguez\" \/>\n<meta name=\"twitter:card\" content=\"summary_large_image\" \/>\n<meta name=\"twitter:creator\" content=\"@925forever\" \/>\n<meta name=\"twitter:site\" content=\"@925forever\" \/>\n<meta name=\"twitter:label1\" content=\"Escrito por\" \/>\n\t<meta name=\"twitter:data1\" content=\"Ricardo Rodriguez\" \/>\n\t<meta name=\"twitter:label2\" content=\"Tiempo de lectura\" \/>\n\t<meta name=\"twitter:data2\" content=\"2 minutos\" \/>\n<script type=\"application\/ld+json\" class=\"yoast-schema-graph\">{\"@context\":\"https:\\\/\\\/schema.org\",\"@graph\":[{\"@type\":\"Article\",\"@id\":\"https:\\\/\\\/foreverfutbol.com.ec\\\/radio\\\/salud\\\/hantavirus-y-la-cuarentena-de-42-dias-en-el-mv-hondius-explicacion-sanitaria\\\/#article\",\"isPartOf\":{\"@id\":\"https:\\\/\\\/foreverfutbol.com.ec\\\/radio\\\/salud\\\/hantavirus-y-la-cuarentena-de-42-dias-en-el-mv-hondius-explicacion-sanitaria\\\/\"},\"author\":{\"name\":\"Ricardo Rodriguez\",\"@id\":\"https:\\\/\\\/foreverfutbol.com.ec\\\/radio\\\/#\\\/schema\\\/person\\\/2f679dd16f889ac00df6e7b648062a01\"},\"headline\":\"Hantavirus y la cuarentena de 42 d\u00edas en el MV Hondius: explicaci\u00f3n sanitaria\",\"datePublished\":\"2026-05-12T15:41:59+00:00\",\"dateModified\":\"2026-05-12T15:44:44+00:00\",\"mainEntityOfPage\":{\"@id\":\"https:\\\/\\\/foreverfutbol.com.ec\\\/radio\\\/salud\\\/hantavirus-y-la-cuarentena-de-42-dias-en-el-mv-hondius-explicacion-sanitaria\\\/\"},\"wordCount\":385,\"commentCount\":0,\"publisher\":{\"@id\":\"https:\\\/\\\/foreverfutbol.com.ec\\\/radio\\\/#organization\"},\"image\":{\"@id\":\"https:\\\/\\\/foreverfutbol.com.ec\\\/radio\\\/salud\\\/hantavirus-y-la-cuarentena-de-42-dias-en-el-mv-hondius-explicacion-sanitaria\\\/#primaryimage\"},\"thumbnailUrl\":\"https:\\\/\\\/foreverfutbol.com.ec\\\/radio\\\/wp-content\\\/uploads\\\/2026\\\/05\\\/image-42-5.webp\",\"articleSection\":[\"hantavirus\",\"salud\"],\"inLanguage\":\"es\",\"potentialAction\":[{\"@type\":\"CommentAction\",\"name\":\"Comment\",\"target\":[\"https:\\\/\\\/foreverfutbol.com.ec\\\/radio\\\/salud\\\/hantavirus-y-la-cuarentena-de-42-dias-en-el-mv-hondius-explicacion-sanitaria\\\/#respond\"]}]},{\"@type\":\"WebPage\",\"@id\":\"https:\\\/\\\/foreverfutbol.com.ec\\\/radio\\\/salud\\\/hantavirus-y-la-cuarentena-de-42-dias-en-el-mv-hondius-explicacion-sanitaria\\\/\",\"url\":\"https:\\\/\\\/foreverfutbol.com.ec\\\/radio\\\/salud\\\/hantavirus-y-la-cuarentena-de-42-dias-en-el-mv-hondius-explicacion-sanitaria\\\/\",\"name\":\"Hantavirus y la cuarentena de 42 d\u00edas en el MV Hondius: explicaci\u00f3n sanitaria - 92.5 FOREVER Radio\",\"isPartOf\":{\"@id\":\"https:\\\/\\\/foreverfutbol.com.ec\\\/radio\\\/#website\"},\"primaryImageOfPage\":{\"@id\":\"https:\\\/\\\/foreverfutbol.com.ec\\\/radio\\\/salud\\\/hantavirus-y-la-cuarentena-de-42-dias-en-el-mv-hondius-explicacion-sanitaria\\\/#primaryimage\"},\"image\":{\"@id\":\"https:\\\/\\\/foreverfutbol.com.ec\\\/radio\\\/salud\\\/hantavirus-y-la-cuarentena-de-42-dias-en-el-mv-hondius-explicacion-sanitaria\\\/#primaryimage\"},\"thumbnailUrl\":\"https:\\\/\\\/foreverfutbol.com.ec\\\/radio\\\/wp-content\\\/uploads\\\/2026\\\/05\\\/image-42-5.webp\",\"datePublished\":\"2026-05-12T15:41:59+00:00\",\"dateModified\":\"2026-05-12T15:44:44+00:00\",\"description\":\"Cuarentena de 42 d\u00edas por hantavirus en el MV Hondius: explicaci\u00f3n del periodo de incubaci\u00f3n, contagio, riesgos y medidas sanitarias\",\"breadcrumb\":{\"@id\":\"https:\\\/\\\/foreverfutbol.com.ec\\\/radio\\\/salud\\\/hantavirus-y-la-cuarentena-de-42-dias-en-el-mv-hondius-explicacion-sanitaria\\\/#breadcrumb\"},\"inLanguage\":\"es\",\"potentialAction\":[{\"@type\":\"ReadAction\",\"target\":[\"https:\\\/\\\/foreverfutbol.com.ec\\\/radio\\\/salud\\\/hantavirus-y-la-cuarentena-de-42-dias-en-el-mv-hondius-explicacion-sanitaria\\\/\"]}]},{\"@type\":\"ImageObject\",\"inLanguage\":\"es\",\"@id\":\"https:\\\/\\\/foreverfutbol.com.ec\\\/radio\\\/salud\\\/hantavirus-y-la-cuarentena-de-42-dias-en-el-mv-hondius-explicacion-sanitaria\\\/#primaryimage\",\"url\":\"https:\\\/\\\/foreverfutbol.com.ec\\\/radio\\\/wp-content\\\/uploads\\\/2026\\\/05\\\/image-42-5.webp\",\"contentUrl\":\"https:\\\/\\\/foreverfutbol.com.ec\\\/radio\\\/wp-content\\\/uploads\\\/2026\\\/05\\\/image-42-5.webp\",\"width\":1004,\"height\":670,\"caption\":\"Hantavirus y la cuarentena de 42 d\u00edas en el MV Hondius: explicaci\u00f3n sanitaria\"},{\"@type\":\"BreadcrumbList\",\"@id\":\"https:\\\/\\\/foreverfutbol.com.ec\\\/radio\\\/salud\\\/hantavirus-y-la-cuarentena-de-42-dias-en-el-mv-hondius-explicacion-sanitaria\\\/#breadcrumb\",\"itemListElement\":[{\"@type\":\"ListItem\",\"position\":1,\"name\":\"Portada\",\"item\":\"https:\\\/\\\/foreverfutbol.com.ec\\\/radio\\\/\"},{\"@type\":\"ListItem\",\"position\":2,\"name\":\"Hantavirus y la cuarentena de 42 d\u00edas en el MV Hondius: explicaci\u00f3n sanitaria\"}]},{\"@type\":\"WebSite\",\"@id\":\"https:\\\/\\\/foreverfutbol.com.ec\\\/radio\\\/#website\",\"url\":\"https:\\\/\\\/foreverfutbol.com.ec\\\/radio\\\/\",\"name\":\"92.5 FOREVER Radio\",\"description\":\"\",\"publisher\":{\"@id\":\"https:\\\/\\\/foreverfutbol.com.ec\\\/radio\\\/#organization\"},\"potentialAction\":[{\"@type\":\"SearchAction\",\"target\":{\"@type\":\"EntryPoint\",\"urlTemplate\":\"https:\\\/\\\/foreverfutbol.com.ec\\\/radio\\\/?s={search_term_string}\"},\"query-input\":{\"@type\":\"PropertyValueSpecification\",\"valueRequired\":true,\"valueName\":\"search_term_string\"}}],\"inLanguage\":\"es\"},{\"@type\":\"Organization\",\"@id\":\"https:\\\/\\\/foreverfutbol.com.ec\\\/radio\\\/#organization\",\"name\":\"92.5 FOREVER Radio\",\"url\":\"https:\\\/\\\/foreverfutbol.com.ec\\\/radio\\\/\",\"logo\":{\"@type\":\"ImageObject\",\"inLanguage\":\"es\",\"@id\":\"https:\\\/\\\/foreverfutbol.com.ec\\\/radio\\\/#\\\/schema\\\/logo\\\/image\\\/\",\"url\":\"https:\\\/\\\/foreverfutbol.com.ec\\\/radio\\\/wp-content\\\/uploads\\\/2024\\\/01\\\/cropped-logo-forever.png\",\"contentUrl\":\"https:\\\/\\\/foreverfutbol.com.ec\\\/radio\\\/wp-content\\\/uploads\\\/2024\\\/01\\\/cropped-logo-forever.png\",\"width\":180,\"height\":154,\"caption\":\"92.5 FOREVER Radio\"},\"image\":{\"@id\":\"https:\\\/\\\/foreverfutbol.com.ec\\\/radio\\\/#\\\/schema\\\/logo\\\/image\\\/\"},\"sameAs\":[\"https:\\\/\\\/www.facebook.com\\\/profile.php?id=100063550693491\",\"https:\\\/\\\/x.com\\\/925forever\",\"https:\\\/\\\/www.instagram.com\\\/radioforever925\\\/\"]},{\"@type\":\"Person\",\"@id\":\"https:\\\/\\\/foreverfutbol.com.ec\\\/radio\\\/#\\\/schema\\\/person\\\/2f679dd16f889ac00df6e7b648062a01\",\"name\":\"Ricardo Rodriguez\",\"image\":{\"@type\":\"ImageObject\",\"inLanguage\":\"es\",\"@id\":\"https:\\\/\\\/secure.gravatar.com\\\/avatar\\\/5d9dfb95700bd0c503ed088d29de94822b5cc66a74cb0362774e6fc534823d07?s=96&d=mm&r=g\",\"url\":\"https:\\\/\\\/secure.gravatar.com\\\/avatar\\\/5d9dfb95700bd0c503ed088d29de94822b5cc66a74cb0362774e6fc534823d07?s=96&d=mm&r=g\",\"contentUrl\":\"https:\\\/\\\/secure.gravatar.com\\\/avatar\\\/5d9dfb95700bd0c503ed088d29de94822b5cc66a74cb0362774e6fc534823d07?s=96&d=mm&r=g\",\"caption\":\"Ricardo Rodriguez\"},\"sameAs\":[\"https:\\\/\\\/foreverfutbol.com.ec\\\/radio\"],\"url\":\"https:\\\/\\\/foreverfutbol.com.ec\\\/radio\\\/author\\\/superdmin\\\/\"}]}<\/script>\n<!-- \/ Yoast SEO plugin. -->","yoast_head_json":{"title":"Hantavirus y la cuarentena de 42 d\u00edas en el MV Hondius: explicaci\u00f3n sanitaria - 92.5 FOREVER Radio","description":"Cuarentena de 42 d\u00edas por hantavirus en el MV Hondius: explicaci\u00f3n del periodo de incubaci\u00f3n, contagio, riesgos y medidas sanitarias","robots":{"index":"index","follow":"follow","max-snippet":"max-snippet:-1","max-image-preview":"max-image-preview:large","max-video-preview":"max-video-preview:-1"},"canonical":"https:\/\/foreverfutbol.com.ec\/radio\/salud\/hantavirus-y-la-cuarentena-de-42-dias-en-el-mv-hondius-explicacion-sanitaria\/","og_locale":"es_ES","og_type":"article","og_title":"Hantavirus y la cuarentena de 42 d\u00edas en el MV Hondius: explicaci\u00f3n sanitaria - 92.5 FOREVER Radio","og_description":"Cuarentena de 42 d\u00edas por hantavirus en el MV Hondius: explicaci\u00f3n del periodo de incubaci\u00f3n, contagio, riesgos y medidas sanitarias","og_url":"https:\/\/foreverfutbol.com.ec\/radio\/salud\/hantavirus-y-la-cuarentena-de-42-dias-en-el-mv-hondius-explicacion-sanitaria\/","og_site_name":"92.5 FOREVER Radio","article_publisher":"https:\/\/www.facebook.com\/profile.php?id=100063550693491","article_published_time":"2026-05-12T15:41:59+00:00","article_modified_time":"2026-05-12T15:44:44+00:00","og_image":[{"width":1004,"height":670,"url":"https:\/\/foreverfutbol.com.ec\/radio\/wp-content\/uploads\/2026\/05\/image-42-5.webp","type":"image\/webp"}],"author":"Ricardo Rodriguez","twitter_card":"summary_large_image","twitter_creator":"@925forever","twitter_site":"@925forever","twitter_misc":{"Escrito por":"Ricardo Rodriguez","Tiempo de lectura":"2 minutos"},"schema":{"@context":"https:\/\/schema.org","@graph":[{"@type":"Article","@id":"https:\/\/foreverfutbol.com.ec\/radio\/salud\/hantavirus-y-la-cuarentena-de-42-dias-en-el-mv-hondius-explicacion-sanitaria\/#article","isPartOf":{"@id":"https:\/\/foreverfutbol.com.ec\/radio\/salud\/hantavirus-y-la-cuarentena-de-42-dias-en-el-mv-hondius-explicacion-sanitaria\/"},"author":{"name":"Ricardo Rodriguez","@id":"https:\/\/foreverfutbol.com.ec\/radio\/#\/schema\/person\/2f679dd16f889ac00df6e7b648062a01"},"headline":"Hantavirus y la cuarentena de 42 d\u00edas en el MV Hondius: explicaci\u00f3n sanitaria","datePublished":"2026-05-12T15:41:59+00:00","dateModified":"2026-05-12T15:44:44+00:00","mainEntityOfPage":{"@id":"https:\/\/foreverfutbol.com.ec\/radio\/salud\/hantavirus-y-la-cuarentena-de-42-dias-en-el-mv-hondius-explicacion-sanitaria\/"},"wordCount":385,"commentCount":0,"publisher":{"@id":"https:\/\/foreverfutbol.com.ec\/radio\/#organization"},"image":{"@id":"https:\/\/foreverfutbol.com.ec\/radio\/salud\/hantavirus-y-la-cuarentena-de-42-dias-en-el-mv-hondius-explicacion-sanitaria\/#primaryimage"},"thumbnailUrl":"https:\/\/foreverfutbol.com.ec\/radio\/wp-content\/uploads\/2026\/05\/image-42-5.webp","articleSection":["hantavirus","salud"],"inLanguage":"es","potentialAction":[{"@type":"CommentAction","name":"Comment","target":["https:\/\/foreverfutbol.com.ec\/radio\/salud\/hantavirus-y-la-cuarentena-de-42-dias-en-el-mv-hondius-explicacion-sanitaria\/#respond"]}]},{"@type":"WebPage","@id":"https:\/\/foreverfutbol.com.ec\/radio\/salud\/hantavirus-y-la-cuarentena-de-42-dias-en-el-mv-hondius-explicacion-sanitaria\/","url":"https:\/\/foreverfutbol.com.ec\/radio\/salud\/hantavirus-y-la-cuarentena-de-42-dias-en-el-mv-hondius-explicacion-sanitaria\/","name":"Hantavirus y la cuarentena de 42 d\u00edas en el MV Hondius: explicaci\u00f3n sanitaria - 92.5 FOREVER Radio","isPartOf":{"@id":"https:\/\/foreverfutbol.com.ec\/radio\/#website"},"primaryImageOfPage":{"@id":"https:\/\/foreverfutbol.com.ec\/radio\/salud\/hantavirus-y-la-cuarentena-de-42-dias-en-el-mv-hondius-explicacion-sanitaria\/#primaryimage"},"image":{"@id":"https:\/\/foreverfutbol.com.ec\/radio\/salud\/hantavirus-y-la-cuarentena-de-42-dias-en-el-mv-hondius-explicacion-sanitaria\/#primaryimage"},"thumbnailUrl":"https:\/\/foreverfutbol.com.ec\/radio\/wp-content\/uploads\/2026\/05\/image-42-5.webp","datePublished":"2026-05-12T15:41:59+00:00","dateModified":"2026-05-12T15:44:44+00:00","description":"Cuarentena de 42 d\u00edas por hantavirus en el MV Hondius: explicaci\u00f3n del periodo de incubaci\u00f3n, contagio, riesgos y medidas sanitarias","breadcrumb":{"@id":"https:\/\/foreverfutbol.com.ec\/radio\/salud\/hantavirus-y-la-cuarentena-de-42-dias-en-el-mv-hondius-explicacion-sanitaria\/#breadcrumb"},"inLanguage":"es","potentialAction":[{"@type":"ReadAction","target":["https:\/\/foreverfutbol.com.ec\/radio\/salud\/hantavirus-y-la-cuarentena-de-42-dias-en-el-mv-hondius-explicacion-sanitaria\/"]}]},{"@type":"ImageObject","inLanguage":"es","@id":"https:\/\/foreverfutbol.com.ec\/radio\/salud\/hantavirus-y-la-cuarentena-de-42-dias-en-el-mv-hondius-explicacion-sanitaria\/#primaryimage","url":"https:\/\/foreverfutbol.com.ec\/radio\/wp-content\/uploads\/2026\/05\/image-42-5.webp","contentUrl":"https:\/\/foreverfutbol.com.ec\/radio\/wp-content\/uploads\/2026\/05\/image-42-5.webp","width":1004,"height":670,"caption":"Hantavirus y la cuarentena de 42 d\u00edas en el MV Hondius: explicaci\u00f3n sanitaria"},{"@type":"BreadcrumbList","@id":"https:\/\/foreverfutbol.com.ec\/radio\/salud\/hantavirus-y-la-cuarentena-de-42-dias-en-el-mv-hondius-explicacion-sanitaria\/#breadcrumb","itemListElement":[{"@type":"ListItem","position":1,"name":"Portada","item":"https:\/\/foreverfutbol.com.ec\/radio\/"},{"@type":"ListItem","position":2,"name":"Hantavirus y la cuarentena de 42 d\u00edas en el MV Hondius: explicaci\u00f3n sanitaria"}]},{"@type":"WebSite","@id":"https:\/\/foreverfutbol.com.ec\/radio\/#website","url":"https:\/\/foreverfutbol.com.ec\/radio\/","name":"92.5 FOREVER Radio","description":"","publisher":{"@id":"https:\/\/foreverfutbol.com.ec\/radio\/#organization"},"potentialAction":[{"@type":"SearchAction","target":{"@type":"EntryPoint","urlTemplate":"https:\/\/foreverfutbol.com.ec\/radio\/?s={search_term_string}"},"query-input":{"@type":"PropertyValueSpecification","valueRequired":true,"valueName":"search_term_string"}}],"inLanguage":"es"},{"@type":"Organization","@id":"https:\/\/foreverfutbol.com.ec\/radio\/#organization","name":"92.5 FOREVER Radio","url":"https:\/\/foreverfutbol.com.ec\/radio\/","logo":{"@type":"ImageObject","inLanguage":"es","@id":"https:\/\/foreverfutbol.com.ec\/radio\/#\/schema\/logo\/image\/","url":"https:\/\/foreverfutbol.com.ec\/radio\/wp-content\/uploads\/2024\/01\/cropped-logo-forever.png","contentUrl":"https:\/\/foreverfutbol.com.ec\/radio\/wp-content\/uploads\/2024\/01\/cropped-logo-forever.png","width":180,"height":154,"caption":"92.5 FOREVER Radio"},"image":{"@id":"https:\/\/foreverfutbol.com.ec\/radio\/#\/schema\/logo\/image\/"},"sameAs":["https:\/\/www.facebook.com\/profile.php?id=100063550693491","https:\/\/x.com\/925forever","https:\/\/www.instagram.com\/radioforever925\/"]},{"@type":"Person","@id":"https:\/\/foreverfutbol.com.ec\/radio\/#\/schema\/person\/2f679dd16f889ac00df6e7b648062a01","name":"Ricardo Rodriguez","image":{"@type":"ImageObject","inLanguage":"es","@id":"https:\/\/secure.gravatar.com\/avatar\/5d9dfb95700bd0c503ed088d29de94822b5cc66a74cb0362774e6fc534823d07?s=96&d=mm&r=g","url":"https:\/\/secure.gravatar.com\/avatar\/5d9dfb95700bd0c503ed088d29de94822b5cc66a74cb0362774e6fc534823d07?s=96&d=mm&r=g","contentUrl":"https:\/\/secure.gravatar.com\/avatar\/5d9dfb95700bd0c503ed088d29de94822b5cc66a74cb0362774e6fc534823d07?s=96&d=mm&r=g","caption":"Ricardo Rodriguez"},"sameAs":["https:\/\/foreverfutbol.com.ec\/radio"],"url":"https:\/\/foreverfutbol.com.ec\/radio\/author\/superdmin\/"}]}},"_links":{"self":[{"href":"https:\/\/foreverfutbol.com.ec\/radio\/wp-json\/wp\/v2\/posts\/29365","targetHints":{"allow":["GET"]}}],"collection":[{"href":"https:\/\/foreverfutbol.com.ec\/radio\/wp-json\/wp\/v2\/posts"}],"about":[{"href":"https:\/\/foreverfutbol.com.ec\/radio\/wp-json\/wp\/v2\/types\/post"}],"author":[{"embeddable":true,"href":"https:\/\/foreverfutbol.com.ec\/radio\/wp-json\/wp\/v2\/users\/1"}],"replies":[{"embeddable":true,"href":"https:\/\/foreverfutbol.com.ec\/radio\/wp-json\/wp\/v2\/comments?post=29365"}],"version-history":[{"count":1,"href":"https:\/\/foreverfutbol.com.ec\/radio\/wp-json\/wp\/v2\/posts\/29365\/revisions"}],"predecessor-version":[{"id":29367,"href":"https:\/\/foreverfutbol.com.ec\/radio\/wp-json\/wp\/v2\/posts\/29365\/revisions\/29367"}],"wp:featuredmedia":[{"embeddable":true,"href":"https:\/\/foreverfutbol.com.ec\/radio\/wp-json\/wp\/v2\/media\/29366"}],"wp:attachment":[{"href":"https:\/\/foreverfutbol.com.ec\/radio\/wp-json\/wp\/v2\/media?parent=29365"}],"wp:term":[{"taxonomy":"category","embeddable":true,"href":"https:\/\/foreverfutbol.com.ec\/radio\/wp-json\/wp\/v2\/categories?post=29365"},{"taxonomy":"post_tag","embeddable":true,"href":"https:\/\/foreverfutbol.com.ec\/radio\/wp-json\/wp\/v2\/tags?post=29365"}],"curies":[{"name":"wp","href":"https:\/\/api.w.org\/{rel}","templated":true}]}}