{"id":29304,"date":"2026-05-08T17:23:48","date_gmt":"2026-05-08T22:23:48","guid":{"rendered":"https:\/\/foreverfutbol.com.ec\/radio\/?p=29304"},"modified":"2026-05-11T17:19:00","modified_gmt":"2026-05-11T22:19:00","slug":"daniel-noboa-entrego-motos-y-radios-a-la-policia-en-los-rios-y-destaco-reduccion-de-la-violencia","status":"publish","type":"post","link":"https:\/\/foreverfutbol.com.ec\/radio\/politica\/daniel-noboa-entrego-motos-y-radios-a-la-policia-en-los-rios-y-destaco-reduccion-de-la-violencia\/","title":{"rendered":"Daniel Noboa entreg\u00f3 motos y radios a la Polic\u00eda en Los R\u00edos y destac\u00f3 reducci\u00f3n de la violencia"},"content":{"rendered":"\n<p class=\"wp-block-paragraph\">El presidente de la Rep\u00fablica, Daniel Noboa, cumpli\u00f3 una agenda oficial en la provincia de Los R\u00edos, donde realiz\u00f3 actividades en los cantones Babahoyo, Mocache y Quevedo. Durante su recorrido, el mandatario reforz\u00f3 su mensaje de seguridad y asegur\u00f3 que los \u00edndices de violencia han disminuido un 15 % a nivel nacional y un 20 % en la provincia rioense.<\/p>\n\n\n\n<p class=\"wp-block-paragraph\">La actividad principal se desarroll\u00f3 en Mocache junto al ministro del Interior, John Reimberg. En la cancha San Antonio, el Gobierno entreg\u00f3 <strong>150 motocicletas<\/strong> y <strong>544 radios de comunicaci\u00f3n<\/strong> para fortalecer las operaciones de la Polic\u00eda Nacional y mejorar la respuesta ante delitos y emergencias.<\/p>\n\n\n\n<p class=\"wp-block-paragraph\">Seg\u00fan las autoridades, esta inversi\u00f3n permitir\u00e1 combatir con mayor eficacia a las organizaciones criminales y reforzar los patrullajes en carreteras y zonas urbanas. Adem\u00e1s, el ministro Reimberg confirm\u00f3 el regreso de los escuadrones de carreteras despu\u00e9s de casi 17 a\u00f1os, una medida enfocada en reforzar la seguridad vial y enfrentar delitos en las rutas que conectan la Costa y la Sierra.<\/p>\n\n\n\n<p class=\"wp-block-paragraph\">Durante su intervenci\u00f3n, Daniel Noboa destac\u00f3 que el Gobierno mantiene una lucha directa contra extorsionadores y grupos criminales. El presidente asegur\u00f3 que las fuerzas de seguridad continuar\u00e1n actuando con firmeza para recuperar la tranquilidad en las provincias m\u00e1s afectadas por la violencia.<\/p>\n\n\n\n<p class=\"wp-block-paragraph\">La agenda presidencial inici\u00f3 en Babahoyo con la entrega de cr\u00e9ditos del programa <strong>Emprende Violeta<\/strong>, dirigido a mujeres emprendedoras de la provincia. El objetivo de esta iniciativa es impulsar peque\u00f1os negocios y fortalecer la econom\u00eda familiar mediante financiamiento productivo.<\/p>\n\n\n\n<p class=\"wp-block-paragraph\">Asimismo, el mandatario mencion\u00f3 la entrega de m\u00e1s de <strong>14.000 becas y ayudas econ\u00f3micas<\/strong> para j\u00f3venes de Los R\u00edos, con el prop\u00f3sito de brindar oportunidades de estudio y empleo, evitando que sean captados por organizaciones delictivas.<\/p>\n\n\n\n<p class=\"wp-block-paragraph\">La visita culmin\u00f3 en Quevedo, donde el presidente particip\u00f3 en un evento organizado por el Distrito de Educaci\u00f3n con motivo del D\u00eda de las Madres, acompa\u00f1ado de estudiantes, docentes y familias de la provincia.<\/p>\n","protected":false},"excerpt":{"rendered":"<p>El presidente de la Rep\u00fablica, Daniel Noboa, cumpli\u00f3 una agenda oficial en la provincia de Los R\u00edos, donde realiz\u00f3 actividades en los cantones Babahoyo, Mocache y Quevedo. Durante su recorrido, el mandatario reforz\u00f3 su mensaje de seguridad y asegur\u00f3 que los \u00edndices de violencia han disminuido un 15 % a nivel nacional y un 20 [&hellip;]<\/p>\n","protected":false},"author":1,"featured_media":29305,"comment_status":"open","ping_status":"open","sticky":false,"template":"","format":"standard","meta":{"footnotes":""},"categories":[159,189,52],"tags":[],"class_list":["post-29304","post","type-post","status-publish","format-standard","has-post-thumbnail","hentry","category-daniel-noboa","category-john-reimberg","category-politica"],"yoast_head":"<!-- This site is optimized with the Yoast SEO plugin v28.3 - https:\/\/yoast.com\/product\/yoast-seo-wordpress\/ -->\n<title>Daniel Noboa entreg\u00f3 motos y radios a la Polic\u00eda en Los R\u00edos y destac\u00f3 reducci\u00f3n de la violencia - 92.5 FOREVER Radio<\/title>\n<meta name=\"description\" content=\"Daniel Noboa entreg\u00f3 motos y radios a la Polic\u00eda en Los R\u00edos y asegur\u00f3 que la violencia disminuy\u00f3 un 15 %. El presidente tambi\u00e9n anunci\u00f3 becas\" \/>\n<meta name=\"robots\" content=\"index, follow, max-snippet:-1, max-image-preview:large, max-video-preview:-1\" \/>\n<link rel=\"canonical\" href=\"https:\/\/foreverfutbol.com.ec\/radio\/politica\/daniel-noboa-entrego-motos-y-radios-a-la-policia-en-los-rios-y-destaco-reduccion-de-la-violencia\/\" \/>\n<meta property=\"og:locale\" content=\"es_ES\" \/>\n<meta property=\"og:type\" content=\"article\" \/>\n<meta property=\"og:title\" content=\"Daniel Noboa entreg\u00f3 motos y radios a la Polic\u00eda en Los R\u00edos y destac\u00f3 reducci\u00f3n de la violencia - 92.5 FOREVER Radio\" \/>\n<meta property=\"og:description\" content=\"Daniel Noboa entreg\u00f3 motos y radios a la Polic\u00eda en Los R\u00edos y asegur\u00f3 que la violencia disminuy\u00f3 un 15 %. El presidente tambi\u00e9n anunci\u00f3 becas\" \/>\n<meta property=\"og:url\" content=\"https:\/\/foreverfutbol.com.ec\/radio\/politica\/daniel-noboa-entrego-motos-y-radios-a-la-policia-en-los-rios-y-destaco-reduccion-de-la-violencia\/\" \/>\n<meta property=\"og:site_name\" content=\"92.5 FOREVER Radio\" \/>\n<meta property=\"article:publisher\" content=\"https:\/\/www.facebook.com\/profile.php?id=100063550693491\" \/>\n<meta property=\"article:published_time\" content=\"2026-05-08T22:23:48+00:00\" \/>\n<meta property=\"article:modified_time\" content=\"2026-05-11T22:19:00+00:00\" \/>\n<meta property=\"og:image\" content=\"https:\/\/foreverfutbol.com.ec\/radio\/wp-content\/uploads\/2026\/05\/image-53-_3_.webp\" \/>\n\t<meta property=\"og:image:width\" content=\"1191\" \/>\n\t<meta property=\"og:image:height\" content=\"670\" \/>\n\t<meta property=\"og:image:type\" content=\"image\/webp\" \/>\n<meta name=\"author\" content=\"Ricardo Rodriguez\" \/>\n<meta name=\"twitter:card\" content=\"summary_large_image\" \/>\n<meta name=\"twitter:creator\" content=\"@925forever\" \/>\n<meta name=\"twitter:site\" content=\"@925forever\" \/>\n<meta name=\"twitter:label1\" content=\"Escrito por\" \/>\n\t<meta name=\"twitter:data1\" content=\"Ricardo Rodriguez\" \/>\n\t<meta name=\"twitter:label2\" content=\"Tiempo de lectura\" \/>\n\t<meta name=\"twitter:data2\" content=\"2 minutos\" \/>\n<script type=\"application\/ld+json\" class=\"yoast-schema-graph\">{\"@context\":\"https:\\\/\\\/schema.org\",\"@graph\":[{\"@type\":\"Article\",\"@id\":\"https:\\\/\\\/foreverfutbol.com.ec\\\/radio\\\/politica\\\/daniel-noboa-entrego-motos-y-radios-a-la-policia-en-los-rios-y-destaco-reduccion-de-la-violencia\\\/#article\",\"isPartOf\":{\"@id\":\"https:\\\/\\\/foreverfutbol.com.ec\\\/radio\\\/politica\\\/daniel-noboa-entrego-motos-y-radios-a-la-policia-en-los-rios-y-destaco-reduccion-de-la-violencia\\\/\"},\"author\":{\"name\":\"Ricardo Rodriguez\",\"@id\":\"https:\\\/\\\/foreverfutbol.com.ec\\\/radio\\\/#\\\/schema\\\/person\\\/2f679dd16f889ac00df6e7b648062a01\"},\"headline\":\"Daniel Noboa entreg\u00f3 motos y radios a la Polic\u00eda en Los R\u00edos y destac\u00f3 reducci\u00f3n de la violencia\",\"datePublished\":\"2026-05-08T22:23:48+00:00\",\"dateModified\":\"2026-05-11T22:19:00+00:00\",\"mainEntityOfPage\":{\"@id\":\"https:\\\/\\\/foreverfutbol.com.ec\\\/radio\\\/politica\\\/daniel-noboa-entrego-motos-y-radios-a-la-policia-en-los-rios-y-destaco-reduccion-de-la-violencia\\\/\"},\"wordCount\":353,\"commentCount\":0,\"publisher\":{\"@id\":\"https:\\\/\\\/foreverfutbol.com.ec\\\/radio\\\/#organization\"},\"image\":{\"@id\":\"https:\\\/\\\/foreverfutbol.com.ec\\\/radio\\\/politica\\\/daniel-noboa-entrego-motos-y-radios-a-la-policia-en-los-rios-y-destaco-reduccion-de-la-violencia\\\/#primaryimage\"},\"thumbnailUrl\":\"https:\\\/\\\/foreverfutbol.com.ec\\\/radio\\\/wp-content\\\/uploads\\\/2026\\\/05\\\/image-53-_3_.webp\",\"articleSection\":[\"Daniel Noboa\",\"John Reimberg\",\"Pol\u00edtica\"],\"inLanguage\":\"es\",\"potentialAction\":[{\"@type\":\"CommentAction\",\"name\":\"Comment\",\"target\":[\"https:\\\/\\\/foreverfutbol.com.ec\\\/radio\\\/politica\\\/daniel-noboa-entrego-motos-y-radios-a-la-policia-en-los-rios-y-destaco-reduccion-de-la-violencia\\\/#respond\"]}]},{\"@type\":\"WebPage\",\"@id\":\"https:\\\/\\\/foreverfutbol.com.ec\\\/radio\\\/politica\\\/daniel-noboa-entrego-motos-y-radios-a-la-policia-en-los-rios-y-destaco-reduccion-de-la-violencia\\\/\",\"url\":\"https:\\\/\\\/foreverfutbol.com.ec\\\/radio\\\/politica\\\/daniel-noboa-entrego-motos-y-radios-a-la-policia-en-los-rios-y-destaco-reduccion-de-la-violencia\\\/\",\"name\":\"Daniel Noboa entreg\u00f3 motos y radios a la Polic\u00eda en Los R\u00edos y destac\u00f3 reducci\u00f3n de la violencia - 92.5 FOREVER Radio\",\"isPartOf\":{\"@id\":\"https:\\\/\\\/foreverfutbol.com.ec\\\/radio\\\/#website\"},\"primaryImageOfPage\":{\"@id\":\"https:\\\/\\\/foreverfutbol.com.ec\\\/radio\\\/politica\\\/daniel-noboa-entrego-motos-y-radios-a-la-policia-en-los-rios-y-destaco-reduccion-de-la-violencia\\\/#primaryimage\"},\"image\":{\"@id\":\"https:\\\/\\\/foreverfutbol.com.ec\\\/radio\\\/politica\\\/daniel-noboa-entrego-motos-y-radios-a-la-policia-en-los-rios-y-destaco-reduccion-de-la-violencia\\\/#primaryimage\"},\"thumbnailUrl\":\"https:\\\/\\\/foreverfutbol.com.ec\\\/radio\\\/wp-content\\\/uploads\\\/2026\\\/05\\\/image-53-_3_.webp\",\"datePublished\":\"2026-05-08T22:23:48+00:00\",\"dateModified\":\"2026-05-11T22:19:00+00:00\",\"description\":\"Daniel Noboa entreg\u00f3 motos y radios a la Polic\u00eda en Los R\u00edos y asegur\u00f3 que la violencia disminuy\u00f3 un 15 %. El presidente tambi\u00e9n anunci\u00f3 becas\",\"breadcrumb\":{\"@id\":\"https:\\\/\\\/foreverfutbol.com.ec\\\/radio\\\/politica\\\/daniel-noboa-entrego-motos-y-radios-a-la-policia-en-los-rios-y-destaco-reduccion-de-la-violencia\\\/#breadcrumb\"},\"inLanguage\":\"es\",\"potentialAction\":[{\"@type\":\"ReadAction\",\"target\":[\"https:\\\/\\\/foreverfutbol.com.ec\\\/radio\\\/politica\\\/daniel-noboa-entrego-motos-y-radios-a-la-policia-en-los-rios-y-destaco-reduccion-de-la-violencia\\\/\"]}]},{\"@type\":\"ImageObject\",\"inLanguage\":\"es\",\"@id\":\"https:\\\/\\\/foreverfutbol.com.ec\\\/radio\\\/politica\\\/daniel-noboa-entrego-motos-y-radios-a-la-policia-en-los-rios-y-destaco-reduccion-de-la-violencia\\\/#primaryimage\",\"url\":\"https:\\\/\\\/foreverfutbol.com.ec\\\/radio\\\/wp-content\\\/uploads\\\/2026\\\/05\\\/image-53-_3_.webp\",\"contentUrl\":\"https:\\\/\\\/foreverfutbol.com.ec\\\/radio\\\/wp-content\\\/uploads\\\/2026\\\/05\\\/image-53-_3_.webp\",\"width\":1191,\"height\":670,\"caption\":\"Daniel Noboa entreg\u00f3 motos y radios a la Polic\u00eda en Los R\u00edos y destac\u00f3 reducci\u00f3n de la violencia\"},{\"@type\":\"BreadcrumbList\",\"@id\":\"https:\\\/\\\/foreverfutbol.com.ec\\\/radio\\\/politica\\\/daniel-noboa-entrego-motos-y-radios-a-la-policia-en-los-rios-y-destaco-reduccion-de-la-violencia\\\/#breadcrumb\",\"itemListElement\":[{\"@type\":\"ListItem\",\"position\":1,\"name\":\"Portada\",\"item\":\"https:\\\/\\\/foreverfutbol.com.ec\\\/radio\\\/\"},{\"@type\":\"ListItem\",\"position\":2,\"name\":\"Daniel Noboa entreg\u00f3 motos y radios a la Polic\u00eda en Los R\u00edos y destac\u00f3 reducci\u00f3n de la violencia\"}]},{\"@type\":\"WebSite\",\"@id\":\"https:\\\/\\\/foreverfutbol.com.ec\\\/radio\\\/#website\",\"url\":\"https:\\\/\\\/foreverfutbol.com.ec\\\/radio\\\/\",\"name\":\"92.5 FOREVER Radio\",\"description\":\"\",\"publisher\":{\"@id\":\"https:\\\/\\\/foreverfutbol.com.ec\\\/radio\\\/#organization\"},\"potentialAction\":[{\"@type\":\"SearchAction\",\"target\":{\"@type\":\"EntryPoint\",\"urlTemplate\":\"https:\\\/\\\/foreverfutbol.com.ec\\\/radio\\\/?s={search_term_string}\"},\"query-input\":{\"@type\":\"PropertyValueSpecification\",\"valueRequired\":true,\"valueName\":\"search_term_string\"}}],\"inLanguage\":\"es\"},{\"@type\":\"Organization\",\"@id\":\"https:\\\/\\\/foreverfutbol.com.ec\\\/radio\\\/#organization\",\"name\":\"92.5 FOREVER Radio\",\"url\":\"https:\\\/\\\/foreverfutbol.com.ec\\\/radio\\\/\",\"logo\":{\"@type\":\"ImageObject\",\"inLanguage\":\"es\",\"@id\":\"https:\\\/\\\/foreverfutbol.com.ec\\\/radio\\\/#\\\/schema\\\/logo\\\/image\\\/\",\"url\":\"https:\\\/\\\/foreverfutbol.com.ec\\\/radio\\\/wp-content\\\/uploads\\\/2024\\\/01\\\/cropped-logo-forever.png\",\"contentUrl\":\"https:\\\/\\\/foreverfutbol.com.ec\\\/radio\\\/wp-content\\\/uploads\\\/2024\\\/01\\\/cropped-logo-forever.png\",\"width\":180,\"height\":154,\"caption\":\"92.5 FOREVER Radio\"},\"image\":{\"@id\":\"https:\\\/\\\/foreverfutbol.com.ec\\\/radio\\\/#\\\/schema\\\/logo\\\/image\\\/\"},\"sameAs\":[\"https:\\\/\\\/www.facebook.com\\\/profile.php?id=100063550693491\",\"https:\\\/\\\/x.com\\\/925forever\",\"https:\\\/\\\/www.instagram.com\\\/radioforever925\\\/\"]},{\"@type\":\"Person\",\"@id\":\"https:\\\/\\\/foreverfutbol.com.ec\\\/radio\\\/#\\\/schema\\\/person\\\/2f679dd16f889ac00df6e7b648062a01\",\"name\":\"Ricardo Rodriguez\",\"image\":{\"@type\":\"ImageObject\",\"inLanguage\":\"es\",\"@id\":\"https:\\\/\\\/secure.gravatar.com\\\/avatar\\\/5d9dfb95700bd0c503ed088d29de94822b5cc66a74cb0362774e6fc534823d07?s=96&d=mm&r=g\",\"url\":\"https:\\\/\\\/secure.gravatar.com\\\/avatar\\\/5d9dfb95700bd0c503ed088d29de94822b5cc66a74cb0362774e6fc534823d07?s=96&d=mm&r=g\",\"contentUrl\":\"https:\\\/\\\/secure.gravatar.com\\\/avatar\\\/5d9dfb95700bd0c503ed088d29de94822b5cc66a74cb0362774e6fc534823d07?s=96&d=mm&r=g\",\"caption\":\"Ricardo Rodriguez\"},\"sameAs\":[\"https:\\\/\\\/foreverfutbol.com.ec\\\/radio\"],\"url\":\"https:\\\/\\\/foreverfutbol.com.ec\\\/radio\\\/author\\\/superdmin\\\/\"}]}<\/script>\n<!-- \/ Yoast SEO plugin. -->","yoast_head_json":{"title":"Daniel Noboa entreg\u00f3 motos y radios a la Polic\u00eda en Los R\u00edos y destac\u00f3 reducci\u00f3n de la violencia - 92.5 FOREVER Radio","description":"Daniel Noboa entreg\u00f3 motos y radios a la Polic\u00eda en Los R\u00edos y asegur\u00f3 que la violencia disminuy\u00f3 un 15 %. El presidente tambi\u00e9n anunci\u00f3 becas","robots":{"index":"index","follow":"follow","max-snippet":"max-snippet:-1","max-image-preview":"max-image-preview:large","max-video-preview":"max-video-preview:-1"},"canonical":"https:\/\/foreverfutbol.com.ec\/radio\/politica\/daniel-noboa-entrego-motos-y-radios-a-la-policia-en-los-rios-y-destaco-reduccion-de-la-violencia\/","og_locale":"es_ES","og_type":"article","og_title":"Daniel Noboa entreg\u00f3 motos y radios a la Polic\u00eda en Los R\u00edos y destac\u00f3 reducci\u00f3n de la violencia - 92.5 FOREVER Radio","og_description":"Daniel Noboa entreg\u00f3 motos y radios a la Polic\u00eda en Los R\u00edos y asegur\u00f3 que la violencia disminuy\u00f3 un 15 %. El presidente tambi\u00e9n anunci\u00f3 becas","og_url":"https:\/\/foreverfutbol.com.ec\/radio\/politica\/daniel-noboa-entrego-motos-y-radios-a-la-policia-en-los-rios-y-destaco-reduccion-de-la-violencia\/","og_site_name":"92.5 FOREVER Radio","article_publisher":"https:\/\/www.facebook.com\/profile.php?id=100063550693491","article_published_time":"2026-05-08T22:23:48+00:00","article_modified_time":"2026-05-11T22:19:00+00:00","og_image":[{"width":1191,"height":670,"url":"https:\/\/foreverfutbol.com.ec\/radio\/wp-content\/uploads\/2026\/05\/image-53-_3_.webp","type":"image\/webp"}],"author":"Ricardo Rodriguez","twitter_card":"summary_large_image","twitter_creator":"@925forever","twitter_site":"@925forever","twitter_misc":{"Escrito por":"Ricardo Rodriguez","Tiempo de lectura":"2 minutos"},"schema":{"@context":"https:\/\/schema.org","@graph":[{"@type":"Article","@id":"https:\/\/foreverfutbol.com.ec\/radio\/politica\/daniel-noboa-entrego-motos-y-radios-a-la-policia-en-los-rios-y-destaco-reduccion-de-la-violencia\/#article","isPartOf":{"@id":"https:\/\/foreverfutbol.com.ec\/radio\/politica\/daniel-noboa-entrego-motos-y-radios-a-la-policia-en-los-rios-y-destaco-reduccion-de-la-violencia\/"},"author":{"name":"Ricardo Rodriguez","@id":"https:\/\/foreverfutbol.com.ec\/radio\/#\/schema\/person\/2f679dd16f889ac00df6e7b648062a01"},"headline":"Daniel Noboa entreg\u00f3 motos y radios a la Polic\u00eda en Los R\u00edos y destac\u00f3 reducci\u00f3n de la violencia","datePublished":"2026-05-08T22:23:48+00:00","dateModified":"2026-05-11T22:19:00+00:00","mainEntityOfPage":{"@id":"https:\/\/foreverfutbol.com.ec\/radio\/politica\/daniel-noboa-entrego-motos-y-radios-a-la-policia-en-los-rios-y-destaco-reduccion-de-la-violencia\/"},"wordCount":353,"commentCount":0,"publisher":{"@id":"https:\/\/foreverfutbol.com.ec\/radio\/#organization"},"image":{"@id":"https:\/\/foreverfutbol.com.ec\/radio\/politica\/daniel-noboa-entrego-motos-y-radios-a-la-policia-en-los-rios-y-destaco-reduccion-de-la-violencia\/#primaryimage"},"thumbnailUrl":"https:\/\/foreverfutbol.com.ec\/radio\/wp-content\/uploads\/2026\/05\/image-53-_3_.webp","articleSection":["Daniel Noboa","John Reimberg","Pol\u00edtica"],"inLanguage":"es","potentialAction":[{"@type":"CommentAction","name":"Comment","target":["https:\/\/foreverfutbol.com.ec\/radio\/politica\/daniel-noboa-entrego-motos-y-radios-a-la-policia-en-los-rios-y-destaco-reduccion-de-la-violencia\/#respond"]}]},{"@type":"WebPage","@id":"https:\/\/foreverfutbol.com.ec\/radio\/politica\/daniel-noboa-entrego-motos-y-radios-a-la-policia-en-los-rios-y-destaco-reduccion-de-la-violencia\/","url":"https:\/\/foreverfutbol.com.ec\/radio\/politica\/daniel-noboa-entrego-motos-y-radios-a-la-policia-en-los-rios-y-destaco-reduccion-de-la-violencia\/","name":"Daniel Noboa entreg\u00f3 motos y radios a la Polic\u00eda en Los R\u00edos y destac\u00f3 reducci\u00f3n de la violencia - 92.5 FOREVER Radio","isPartOf":{"@id":"https:\/\/foreverfutbol.com.ec\/radio\/#website"},"primaryImageOfPage":{"@id":"https:\/\/foreverfutbol.com.ec\/radio\/politica\/daniel-noboa-entrego-motos-y-radios-a-la-policia-en-los-rios-y-destaco-reduccion-de-la-violencia\/#primaryimage"},"image":{"@id":"https:\/\/foreverfutbol.com.ec\/radio\/politica\/daniel-noboa-entrego-motos-y-radios-a-la-policia-en-los-rios-y-destaco-reduccion-de-la-violencia\/#primaryimage"},"thumbnailUrl":"https:\/\/foreverfutbol.com.ec\/radio\/wp-content\/uploads\/2026\/05\/image-53-_3_.webp","datePublished":"2026-05-08T22:23:48+00:00","dateModified":"2026-05-11T22:19:00+00:00","description":"Daniel Noboa entreg\u00f3 motos y radios a la Polic\u00eda en Los R\u00edos y asegur\u00f3 que la violencia disminuy\u00f3 un 15 %. El presidente tambi\u00e9n anunci\u00f3 becas","breadcrumb":{"@id":"https:\/\/foreverfutbol.com.ec\/radio\/politica\/daniel-noboa-entrego-motos-y-radios-a-la-policia-en-los-rios-y-destaco-reduccion-de-la-violencia\/#breadcrumb"},"inLanguage":"es","potentialAction":[{"@type":"ReadAction","target":["https:\/\/foreverfutbol.com.ec\/radio\/politica\/daniel-noboa-entrego-motos-y-radios-a-la-policia-en-los-rios-y-destaco-reduccion-de-la-violencia\/"]}]},{"@type":"ImageObject","inLanguage":"es","@id":"https:\/\/foreverfutbol.com.ec\/radio\/politica\/daniel-noboa-entrego-motos-y-radios-a-la-policia-en-los-rios-y-destaco-reduccion-de-la-violencia\/#primaryimage","url":"https:\/\/foreverfutbol.com.ec\/radio\/wp-content\/uploads\/2026\/05\/image-53-_3_.webp","contentUrl":"https:\/\/foreverfutbol.com.ec\/radio\/wp-content\/uploads\/2026\/05\/image-53-_3_.webp","width":1191,"height":670,"caption":"Daniel Noboa entreg\u00f3 motos y radios a la Polic\u00eda en Los R\u00edos y destac\u00f3 reducci\u00f3n de la violencia"},{"@type":"BreadcrumbList","@id":"https:\/\/foreverfutbol.com.ec\/radio\/politica\/daniel-noboa-entrego-motos-y-radios-a-la-policia-en-los-rios-y-destaco-reduccion-de-la-violencia\/#breadcrumb","itemListElement":[{"@type":"ListItem","position":1,"name":"Portada","item":"https:\/\/foreverfutbol.com.ec\/radio\/"},{"@type":"ListItem","position":2,"name":"Daniel Noboa entreg\u00f3 motos y radios a la Polic\u00eda en Los R\u00edos y destac\u00f3 reducci\u00f3n de la violencia"}]},{"@type":"WebSite","@id":"https:\/\/foreverfutbol.com.ec\/radio\/#website","url":"https:\/\/foreverfutbol.com.ec\/radio\/","name":"92.5 FOREVER Radio","description":"","publisher":{"@id":"https:\/\/foreverfutbol.com.ec\/radio\/#organization"},"potentialAction":[{"@type":"SearchAction","target":{"@type":"EntryPoint","urlTemplate":"https:\/\/foreverfutbol.com.ec\/radio\/?s={search_term_string}"},"query-input":{"@type":"PropertyValueSpecification","valueRequired":true,"valueName":"search_term_string"}}],"inLanguage":"es"},{"@type":"Organization","@id":"https:\/\/foreverfutbol.com.ec\/radio\/#organization","name":"92.5 FOREVER Radio","url":"https:\/\/foreverfutbol.com.ec\/radio\/","logo":{"@type":"ImageObject","inLanguage":"es","@id":"https:\/\/foreverfutbol.com.ec\/radio\/#\/schema\/logo\/image\/","url":"https:\/\/foreverfutbol.com.ec\/radio\/wp-content\/uploads\/2024\/01\/cropped-logo-forever.png","contentUrl":"https:\/\/foreverfutbol.com.ec\/radio\/wp-content\/uploads\/2024\/01\/cropped-logo-forever.png","width":180,"height":154,"caption":"92.5 FOREVER Radio"},"image":{"@id":"https:\/\/foreverfutbol.com.ec\/radio\/#\/schema\/logo\/image\/"},"sameAs":["https:\/\/www.facebook.com\/profile.php?id=100063550693491","https:\/\/x.com\/925forever","https:\/\/www.instagram.com\/radioforever925\/"]},{"@type":"Person","@id":"https:\/\/foreverfutbol.com.ec\/radio\/#\/schema\/person\/2f679dd16f889ac00df6e7b648062a01","name":"Ricardo Rodriguez","image":{"@type":"ImageObject","inLanguage":"es","@id":"https:\/\/secure.gravatar.com\/avatar\/5d9dfb95700bd0c503ed088d29de94822b5cc66a74cb0362774e6fc534823d07?s=96&d=mm&r=g","url":"https:\/\/secure.gravatar.com\/avatar\/5d9dfb95700bd0c503ed088d29de94822b5cc66a74cb0362774e6fc534823d07?s=96&d=mm&r=g","contentUrl":"https:\/\/secure.gravatar.com\/avatar\/5d9dfb95700bd0c503ed088d29de94822b5cc66a74cb0362774e6fc534823d07?s=96&d=mm&r=g","caption":"Ricardo Rodriguez"},"sameAs":["https:\/\/foreverfutbol.com.ec\/radio"],"url":"https:\/\/foreverfutbol.com.ec\/radio\/author\/superdmin\/"}]}},"_links":{"self":[{"href":"https:\/\/foreverfutbol.com.ec\/radio\/wp-json\/wp\/v2\/posts\/29304","targetHints":{"allow":["GET"]}}],"collection":[{"href":"https:\/\/foreverfutbol.com.ec\/radio\/wp-json\/wp\/v2\/posts"}],"about":[{"href":"https:\/\/foreverfutbol.com.ec\/radio\/wp-json\/wp\/v2\/types\/post"}],"author":[{"embeddable":true,"href":"https:\/\/foreverfutbol.com.ec\/radio\/wp-json\/wp\/v2\/users\/1"}],"replies":[{"embeddable":true,"href":"https:\/\/foreverfutbol.com.ec\/radio\/wp-json\/wp\/v2\/comments?post=29304"}],"version-history":[{"count":1,"href":"https:\/\/foreverfutbol.com.ec\/radio\/wp-json\/wp\/v2\/posts\/29304\/revisions"}],"predecessor-version":[{"id":29306,"href":"https:\/\/foreverfutbol.com.ec\/radio\/wp-json\/wp\/v2\/posts\/29304\/revisions\/29306"}],"wp:featuredmedia":[{"embeddable":true,"href":"https:\/\/foreverfutbol.com.ec\/radio\/wp-json\/wp\/v2\/media\/29305"}],"wp:attachment":[{"href":"https:\/\/foreverfutbol.com.ec\/radio\/wp-json\/wp\/v2\/media?parent=29304"}],"wp:term":[{"taxonomy":"category","embeddable":true,"href":"https:\/\/foreverfutbol.com.ec\/radio\/wp-json\/wp\/v2\/categories?post=29304"},{"taxonomy":"post_tag","embeddable":true,"href":"https:\/\/foreverfutbol.com.ec\/radio\/wp-json\/wp\/v2\/tags?post=29304"}],"curies":[{"name":"wp","href":"https:\/\/api.w.org\/{rel}","templated":true}]}}